{"id":146486,"date":"2021-09-01T09:00:53","date_gmt":"2021-09-01T07:00:53","guid":{"rendered":"https:\/\/tuzlainfo.ba\/?p=146486"},"modified":"2021-09-01T08:32:46","modified_gmt":"2021-09-01T06:32:46","slug":"u-federaciji-prvom-dozom-vakcinisano-1746-posto-stanovnistva","status":"publish","type":"post","link":"https:\/\/tuzlainfo.ba\/index.php\/bosna-i-hercegovina\/item\/146486-u-federaciji-prvom-dozom-vakcinisano-1746-posto-stanovnistva\/","title":{"rendered":"U Federaciji prvom dozom vakcinisano 17,46 posto stanovni\u0161tva"},"content":{"rendered":"<p>\u010cinjenica da se pove\u0107ava broj zara\u017eenih koronavirusom kao i broj hospitalizirani pokazuje da se moraju unaprijediti mjere i u\u010diniti da se vakcini\u0161e \u0161to vi\u0161e stanovni\u0161tva \u2013 kazao je danas vr\u0161ilac du\u017enosti direktora Zavoda za javno zdravstvo Federacije Bosne i Hercegovine Sini\u0161a Sko\u010dibu\u0161i\u0107.<\/p>\n<p>On je danas prisustvovao sastanku s premijerom Federacije BiH Fadilom Novali\u0107em, zamjenicima premijera FBiH, federalnim ministrom zdravstva, premijerima i ministrima zdravstva deset kantona te direktorima kantonalnih zavoda za javno zdravstvo.<\/p>\n<p>Sastanak je u zgradi Vlade Federacije BiH organiziran s ciljem definiranja zajedni\u010dkih aktivnosti i mjera u vezi s epidemiolo\u0161kom situacijom i pove\u0107anjem broja zara\u017eenih.<\/p>\n<p>Sko\u010dibu\u0161i\u0107 ka\u017ee da je u Federaciji vakcinisan odre\u0111en broj ljudi, isti\u010du\u0107i da se kasni s tim procesom zbog \u010dega je potrebno motivirati \u0161to je mogu\u0107e ve\u0107i broj ljudi jer je to jedini na\u010din kako se vratiti na staro normalno budu\u0107i da svi \u017eele raditi bez restrikcija.<\/p>\n<p>\u2013 U Federaciji BiH nismo izolirani otok i moramo pratiti kako se drugi pona\u0161aju u Evropi gdje su mjere restriktivnije od onih koje mi primjenjujemo. Najbolja fleksibilnost koju Vlada FBiH \u017eeli promovirati je na\u010din funkcioniranja u javnom sistemu. To zna\u010di kako \u0107e funkcionirati kafi\u0107i, restorani, prozori\u0161ta i kina te uop\u0107e mjesta gdje se ljudi okupljaju \u2013 dodao je Sko\u010dibu\u0161i\u0107.<\/p>\n<p>Naglasio je da postoji dovoljan broj vakcina koje se redovno distribuiraju, a u protekla dva mjeseca udvostru\u010dio se broj vakcinisanih, ali predstoji jo\u0161 mnogo toga da se radi kako bi se jo\u0161 vi\u0161e ljudi vakcinisalo.<\/p>\n<p>Trenutno je prvom dozom vakcinisano 17,46 posto stanovni\u0161tva, dok je obje doze vakcine primilo ne\u0161to vi\u0161e od 10 posto, a u pitanju su oni koji su se vakcinisali unutar zdravstvenog sistema FBiH.<\/p>\n<p>Iznio je podatak da je trenutno 10 posto hospitaliziranih primilo dvije doze, dok 90 posto hospitaliziranih nije vakcinisano.<\/p>\n<p>Kada su u pitanju druge zemlje koje ubla\u017eavaju mjere, Sko\u010dibu\u0161i\u0107 ka\u017ee da se radi o zemljama koje imaju vi\u0161e od 90 posto vakcinisanog stanovni\u0161tva., prenosi Fena.<\/p>\n","protected":false},"excerpt":{"rendered":"<p>\u010cinjenica da se pove\u0107ava broj zara\u017eenih koronavirusom kao i broj hospitalizirani pokazuje da se moraju&hellip;<\/p>\n","protected":false},"author":4,"featured_media":136288,"comment_status":"open","ping_status":"closed","sticky":false,"template":"","format":"standard","meta":{"_acf_changed":false,"footnotes":""},"categories":[291,304],"tags":[2015,366],"acf":[],"yoast_head":"<!-- This site is optimized with the Yoast SEO plugin v23.5 - https:\/\/yoast.com\/wordpress\/plugins\/seo\/ -->\n<title>U Federaciji prvom dozom vakcinisano 17,46 posto stanovni\u0161tva - TuzlaInfo.ba<\/title>\n<meta name=\"robots\" content=\"index, follow, max-snippet:-1, max-image-preview:large, max-video-preview:-1\" \/>\n<link rel=\"canonical\" href=\"https:\/\/tuzlainfo.ba\/index.php\/bosna-i-hercegovina\/item\/146486-u-federaciji-prvom-dozom-vakcinisano-1746-posto-stanovnistva\/\" \/>\n<meta property=\"og:locale\" content=\"bs_BA\" \/>\n<meta property=\"og:type\" content=\"article\" \/>\n<meta property=\"og:title\" content=\"U Federaciji prvom dozom vakcinisano 17,46 posto stanovni\u0161tva - TuzlaInfo.ba\" \/>\n<meta property=\"og:description\" content=\"\u010cinjenica da se pove\u0107ava broj zara\u017eenih koronavirusom kao i broj hospitalizirani pokazuje da se moraju&hellip;\" \/>\n<meta property=\"og:url\" content=\"https:\/\/tuzlainfo.ba\/index.php\/bosna-i-hercegovina\/item\/146486-u-federaciji-prvom-dozom-vakcinisano-1746-posto-stanovnistva\/\" \/>\n<meta property=\"og:site_name\" content=\"TuzlaInfo.ba\" \/>\n<meta property=\"article:publisher\" content=\"https:\/\/www.facebook.com\/tuzlainfo.ba\/\" \/>\n<meta property=\"article:published_time\" content=\"2021-09-01T07:00:53+00:00\" \/>\n<meta property=\"article:modified_time\" content=\"2021-09-01T06:32:46+00:00\" \/>\n<meta property=\"og:image\" content=\"https:\/\/tuzlainfo.ba\/wp-content\/uploads\/2021\/04\/2604_vakcinacija.jpg\" \/>\n\t<meta property=\"og:image:width\" content=\"780\" \/>\n\t<meta property=\"og:image:height\" content=\"490\" \/>\n\t<meta property=\"og:image:type\" content=\"image\/jpeg\" \/>\n<meta name=\"author\" content=\"Tuzla Info\" \/>\n<meta name=\"twitter:card\" content=\"summary_large_image\" \/>\n<meta name=\"twitter:label1\" content=\"Written by\" \/>\n\t<meta name=\"twitter:data1\" content=\"Tuzla Info\" \/>\n\t<meta name=\"twitter:label2\" content=\"Est. reading time\" \/>\n\t<meta name=\"twitter:data2\" content=\"2 minute\" \/>\n<script type=\"application\/ld+json\" class=\"yoast-schema-graph\">{\"@context\":\"https:\/\/schema.org\",\"@graph\":[{\"@type\":\"Article\",\"@id\":\"https:\/\/tuzlainfo.ba\/index.php\/bosna-i-hercegovina\/item\/146486-u-federaciji-prvom-dozom-vakcinisano-1746-posto-stanovnistva\/#article\",\"isPartOf\":{\"@id\":\"https:\/\/tuzlainfo.ba\/index.php\/bosna-i-hercegovina\/item\/146486-u-federaciji-prvom-dozom-vakcinisano-1746-posto-stanovnistva\/\"},\"author\":{\"name\":\"Tuzla Info\",\"@id\":\"https:\/\/tuzlainfo.ba\/#\/schema\/person\/46cad4c57790cbc50781edd14870825a\"},\"headline\":\"U Federaciji prvom dozom vakcinisano 17,46 posto stanovni\u0161tva\",\"datePublished\":\"2021-09-01T07:00:53+00:00\",\"dateModified\":\"2021-09-01T06:32:46+00:00\",\"mainEntityOfPage\":{\"@id\":\"https:\/\/tuzlainfo.ba\/index.php\/bosna-i-hercegovina\/item\/146486-u-federaciji-prvom-dozom-vakcinisano-1746-posto-stanovnistva\/\"},\"wordCount\":357,\"commentCount\":0,\"publisher\":{\"@id\":\"https:\/\/tuzlainfo.ba\/#organization\"},\"image\":{\"@id\":\"https:\/\/tuzlainfo.ba\/index.php\/bosna-i-hercegovina\/item\/146486-u-federaciji-prvom-dozom-vakcinisano-1746-posto-stanovnistva\/#primaryimage\"},\"thumbnailUrl\":\"https:\/\/tuzlainfo.ba\/wp-content\/uploads\/2021\/04\/2604_vakcinacija.jpg\",\"keywords\":[\"federacija\",\"vakcinacija\"],\"articleSection\":[\"Bosna i Hercegovina\",\"Istaknuto\"],\"inLanguage\":\"bs-BA\"},{\"@type\":\"WebPage\",\"@id\":\"https:\/\/tuzlainfo.ba\/index.php\/bosna-i-hercegovina\/item\/146486-u-federaciji-prvom-dozom-vakcinisano-1746-posto-stanovnistva\/\",\"url\":\"https:\/\/tuzlainfo.ba\/index.php\/bosna-i-hercegovina\/item\/146486-u-federaciji-prvom-dozom-vakcinisano-1746-posto-stanovnistva\/\",\"name\":\"U Federaciji prvom dozom vakcinisano 17,46 posto stanovni\u0161tva - TuzlaInfo.ba\",\"isPartOf\":{\"@id\":\"https:\/\/tuzlainfo.ba\/#website\"},\"primaryImageOfPage\":{\"@id\":\"https:\/\/tuzlainfo.ba\/index.php\/bosna-i-hercegovina\/item\/146486-u-federaciji-prvom-dozom-vakcinisano-1746-posto-stanovnistva\/#primaryimage\"},\"image\":{\"@id\":\"https:\/\/tuzlainfo.ba\/index.php\/bosna-i-hercegovina\/item\/146486-u-federaciji-prvom-dozom-vakcinisano-1746-posto-stanovnistva\/#primaryimage\"},\"thumbnailUrl\":\"https:\/\/tuzlainfo.ba\/wp-content\/uploads\/2021\/04\/2604_vakcinacija.jpg\",\"datePublished\":\"2021-09-01T07:00:53+00:00\",\"dateModified\":\"2021-09-01T06:32:46+00:00\",\"breadcrumb\":{\"@id\":\"https:\/\/tuzlainfo.ba\/index.php\/bosna-i-hercegovina\/item\/146486-u-federaciji-prvom-dozom-vakcinisano-1746-posto-stanovnistva\/#breadcrumb\"},\"inLanguage\":\"bs-BA\",\"potentialAction\":[{\"@type\":\"ReadAction\",\"target\":[\"https:\/\/tuzlainfo.ba\/index.php\/bosna-i-hercegovina\/item\/146486-u-federaciji-prvom-dozom-vakcinisano-1746-posto-stanovnistva\/\"]}]},{\"@type\":\"ImageObject\",\"inLanguage\":\"bs-BA\",\"@id\":\"https:\/\/tuzlainfo.ba\/index.php\/bosna-i-hercegovina\/item\/146486-u-federaciji-prvom-dozom-vakcinisano-1746-posto-stanovnistva\/#primaryimage\",\"url\":\"https:\/\/tuzlainfo.ba\/wp-content\/uploads\/2021\/04\/2604_vakcinacija.jpg\",\"contentUrl\":\"https:\/\/tuzlainfo.ba\/wp-content\/uploads\/2021\/04\/2604_vakcinacija.jpg\",\"width\":780,\"height\":490},{\"@type\":\"BreadcrumbList\",\"@id\":\"https:\/\/tuzlainfo.ba\/index.php\/bosna-i-hercegovina\/item\/146486-u-federaciji-prvom-dozom-vakcinisano-1746-posto-stanovnistva\/#breadcrumb\",\"itemListElement\":[{\"@type\":\"ListItem\",\"position\":1,\"name\":\"Home\",\"item\":\"https:\/\/tuzlainfo.ba\/\"},{\"@type\":\"ListItem\",\"position\":2,\"name\":\"U Federaciji prvom dozom vakcinisano 17,46 posto stanovni\u0161tva\"}]},{\"@type\":\"WebSite\",\"@id\":\"https:\/\/tuzlainfo.ba\/#website\",\"url\":\"https:\/\/tuzlainfo.ba\/\",\"name\":\"TuzlaInfo.ba\",\"description\":\"Tuzla info, gradski informator - Tuzla na dlanu\",\"publisher\":{\"@id\":\"https:\/\/tuzlainfo.ba\/#organization\"},\"potentialAction\":[{\"@type\":\"SearchAction\",\"target\":{\"@type\":\"EntryPoint\",\"urlTemplate\":\"https:\/\/tuzlainfo.ba\/?s={search_term_string}\"},\"query-input\":{\"@type\":\"PropertyValueSpecification\",\"valueRequired\":true,\"valueName\":\"search_term_string\"}}],\"inLanguage\":\"bs-BA\"},{\"@type\":\"Organization\",\"@id\":\"https:\/\/tuzlainfo.ba\/#organization\",\"name\":\"TuzlaInfo.ba\",\"url\":\"https:\/\/tuzlainfo.ba\/\",\"logo\":{\"@type\":\"ImageObject\",\"inLanguage\":\"bs-BA\",\"@id\":\"https:\/\/tuzlainfo.ba\/#\/schema\/logo\/image\/\",\"url\":\"https:\/\/tuzlainfo.ba\/wp-content\/uploads\/2021\/03\/logo-ver-3-1.png\",\"contentUrl\":\"https:\/\/tuzlainfo.ba\/wp-content\/uploads\/2021\/03\/logo-ver-3-1.png\",\"width\":350,\"height\":95,\"caption\":\"TuzlaInfo.ba\"},\"image\":{\"@id\":\"https:\/\/tuzlainfo.ba\/#\/schema\/logo\/image\/\"},\"sameAs\":[\"https:\/\/www.facebook.com\/tuzlainfo.ba\/\"]},{\"@type\":\"Person\",\"@id\":\"https:\/\/tuzlainfo.ba\/#\/schema\/person\/46cad4c57790cbc50781edd14870825a\",\"name\":\"Tuzla Info\",\"image\":{\"@type\":\"ImageObject\",\"inLanguage\":\"bs-BA\",\"@id\":\"https:\/\/tuzlainfo.ba\/#\/schema\/person\/image\/\",\"url\":\"https:\/\/tuzlainfo.ba\/wp-content\/litespeed\/avatar\/b6c453a6c38e3654f2e4416c643fc25c.jpg?ver=1777051911\",\"contentUrl\":\"https:\/\/tuzlainfo.ba\/wp-content\/litespeed\/avatar\/b6c453a6c38e3654f2e4416c643fc25c.jpg?ver=1777051911\",\"caption\":\"Tuzla Info\"}}]}<\/script>\n<!-- \/ Yoast SEO plugin. -->","yoast_head_json":{"title":"U Federaciji prvom dozom vakcinisano 17,46 posto stanovni\u0161tva - TuzlaInfo.ba","robots":{"index":"index","follow":"follow","max-snippet":"max-snippet:-1","max-image-preview":"max-image-preview:large","max-video-preview":"max-video-preview:-1"},"canonical":"https:\/\/tuzlainfo.ba\/index.php\/bosna-i-hercegovina\/item\/146486-u-federaciji-prvom-dozom-vakcinisano-1746-posto-stanovnistva\/","og_locale":"bs_BA","og_type":"article","og_title":"U Federaciji prvom dozom vakcinisano 17,46 posto stanovni\u0161tva - TuzlaInfo.ba","og_description":"\u010cinjenica da se pove\u0107ava broj zara\u017eenih koronavirusom kao i broj hospitalizirani pokazuje da se moraju&hellip;","og_url":"https:\/\/tuzlainfo.ba\/index.php\/bosna-i-hercegovina\/item\/146486-u-federaciji-prvom-dozom-vakcinisano-1746-posto-stanovnistva\/","og_site_name":"TuzlaInfo.ba","article_publisher":"https:\/\/www.facebook.com\/tuzlainfo.ba\/","article_published_time":"2021-09-01T07:00:53+00:00","article_modified_time":"2021-09-01T06:32:46+00:00","og_image":[{"width":780,"height":490,"url":"https:\/\/tuzlainfo.ba\/wp-content\/uploads\/2021\/04\/2604_vakcinacija.jpg","type":"image\/jpeg"}],"author":"Tuzla Info","twitter_card":"summary_large_image","twitter_misc":{"Written by":"Tuzla Info","Est. reading time":"2 minute"},"schema":{"@context":"https:\/\/schema.org","@graph":[{"@type":"Article","@id":"https:\/\/tuzlainfo.ba\/index.php\/bosna-i-hercegovina\/item\/146486-u-federaciji-prvom-dozom-vakcinisano-1746-posto-stanovnistva\/#article","isPartOf":{"@id":"https:\/\/tuzlainfo.ba\/index.php\/bosna-i-hercegovina\/item\/146486-u-federaciji-prvom-dozom-vakcinisano-1746-posto-stanovnistva\/"},"author":{"name":"Tuzla Info","@id":"https:\/\/tuzlainfo.ba\/#\/schema\/person\/46cad4c57790cbc50781edd14870825a"},"headline":"U Federaciji prvom dozom vakcinisano 17,46 posto stanovni\u0161tva","datePublished":"2021-09-01T07:00:53+00:00","dateModified":"2021-09-01T06:32:46+00:00","mainEntityOfPage":{"@id":"https:\/\/tuzlainfo.ba\/index.php\/bosna-i-hercegovina\/item\/146486-u-federaciji-prvom-dozom-vakcinisano-1746-posto-stanovnistva\/"},"wordCount":357,"commentCount":0,"publisher":{"@id":"https:\/\/tuzlainfo.ba\/#organization"},"image":{"@id":"https:\/\/tuzlainfo.ba\/index.php\/bosna-i-hercegovina\/item\/146486-u-federaciji-prvom-dozom-vakcinisano-1746-posto-stanovnistva\/#primaryimage"},"thumbnailUrl":"https:\/\/tuzlainfo.ba\/wp-content\/uploads\/2021\/04\/2604_vakcinacija.jpg","keywords":["federacija","vakcinacija"],"articleSection":["Bosna i Hercegovina","Istaknuto"],"inLanguage":"bs-BA"},{"@type":"WebPage","@id":"https:\/\/tuzlainfo.ba\/index.php\/bosna-i-hercegovina\/item\/146486-u-federaciji-prvom-dozom-vakcinisano-1746-posto-stanovnistva\/","url":"https:\/\/tuzlainfo.ba\/index.php\/bosna-i-hercegovina\/item\/146486-u-federaciji-prvom-dozom-vakcinisano-1746-posto-stanovnistva\/","name":"U Federaciji prvom dozom vakcinisano 17,46 posto stanovni\u0161tva - TuzlaInfo.ba","isPartOf":{"@id":"https:\/\/tuzlainfo.ba\/#website"},"primaryImageOfPage":{"@id":"https:\/\/tuzlainfo.ba\/index.php\/bosna-i-hercegovina\/item\/146486-u-federaciji-prvom-dozom-vakcinisano-1746-posto-stanovnistva\/#primaryimage"},"image":{"@id":"https:\/\/tuzlainfo.ba\/index.php\/bosna-i-hercegovina\/item\/146486-u-federaciji-prvom-dozom-vakcinisano-1746-posto-stanovnistva\/#primaryimage"},"thumbnailUrl":"https:\/\/tuzlainfo.ba\/wp-content\/uploads\/2021\/04\/2604_vakcinacija.jpg","datePublished":"2021-09-01T07:00:53+00:00","dateModified":"2021-09-01T06:32:46+00:00","breadcrumb":{"@id":"https:\/\/tuzlainfo.ba\/index.php\/bosna-i-hercegovina\/item\/146486-u-federaciji-prvom-dozom-vakcinisano-1746-posto-stanovnistva\/#breadcrumb"},"inLanguage":"bs-BA","potentialAction":[{"@type":"ReadAction","target":["https:\/\/tuzlainfo.ba\/index.php\/bosna-i-hercegovina\/item\/146486-u-federaciji-prvom-dozom-vakcinisano-1746-posto-stanovnistva\/"]}]},{"@type":"ImageObject","inLanguage":"bs-BA","@id":"https:\/\/tuzlainfo.ba\/index.php\/bosna-i-hercegovina\/item\/146486-u-federaciji-prvom-dozom-vakcinisano-1746-posto-stanovnistva\/#primaryimage","url":"https:\/\/tuzlainfo.ba\/wp-content\/uploads\/2021\/04\/2604_vakcinacija.jpg","contentUrl":"https:\/\/tuzlainfo.ba\/wp-content\/uploads\/2021\/04\/2604_vakcinacija.jpg","width":780,"height":490},{"@type":"BreadcrumbList","@id":"https:\/\/tuzlainfo.ba\/index.php\/bosna-i-hercegovina\/item\/146486-u-federaciji-prvom-dozom-vakcinisano-1746-posto-stanovnistva\/#breadcrumb","itemListElement":[{"@type":"ListItem","position":1,"name":"Home","item":"https:\/\/tuzlainfo.ba\/"},{"@type":"ListItem","position":2,"name":"U Federaciji prvom dozom vakcinisano 17,46 posto stanovni\u0161tva"}]},{"@type":"WebSite","@id":"https:\/\/tuzlainfo.ba\/#website","url":"https:\/\/tuzlainfo.ba\/","name":"TuzlaInfo.ba","description":"Tuzla info, gradski informator - Tuzla na dlanu","publisher":{"@id":"https:\/\/tuzlainfo.ba\/#organization"},"potentialAction":[{"@type":"SearchAction","target":{"@type":"EntryPoint","urlTemplate":"https:\/\/tuzlainfo.ba\/?s={search_term_string}"},"query-input":{"@type":"PropertyValueSpecification","valueRequired":true,"valueName":"search_term_string"}}],"inLanguage":"bs-BA"},{"@type":"Organization","@id":"https:\/\/tuzlainfo.ba\/#organization","name":"TuzlaInfo.ba","url":"https:\/\/tuzlainfo.ba\/","logo":{"@type":"ImageObject","inLanguage":"bs-BA","@id":"https:\/\/tuzlainfo.ba\/#\/schema\/logo\/image\/","url":"https:\/\/tuzlainfo.ba\/wp-content\/uploads\/2021\/03\/logo-ver-3-1.png","contentUrl":"https:\/\/tuzlainfo.ba\/wp-content\/uploads\/2021\/03\/logo-ver-3-1.png","width":350,"height":95,"caption":"TuzlaInfo.ba"},"image":{"@id":"https:\/\/tuzlainfo.ba\/#\/schema\/logo\/image\/"},"sameAs":["https:\/\/www.facebook.com\/tuzlainfo.ba\/"]},{"@type":"Person","@id":"https:\/\/tuzlainfo.ba\/#\/schema\/person\/46cad4c57790cbc50781edd14870825a","name":"Tuzla Info","image":{"@type":"ImageObject","inLanguage":"bs-BA","@id":"https:\/\/tuzlainfo.ba\/#\/schema\/person\/image\/","url":"https:\/\/tuzlainfo.ba\/wp-content\/litespeed\/avatar\/b6c453a6c38e3654f2e4416c643fc25c.jpg?ver=1777051911","contentUrl":"https:\/\/tuzlainfo.ba\/wp-content\/litespeed\/avatar\/b6c453a6c38e3654f2e4416c643fc25c.jpg?ver=1777051911","caption":"Tuzla Info"}}]}},"_links":{"self":[{"href":"https:\/\/tuzlainfo.ba\/index.php\/wp-json\/wp\/v2\/posts\/146486"}],"collection":[{"href":"https:\/\/tuzlainfo.ba\/index.php\/wp-json\/wp\/v2\/posts"}],"about":[{"href":"https:\/\/tuzlainfo.ba\/index.php\/wp-json\/wp\/v2\/types\/post"}],"author":[{"embeddable":true,"href":"https:\/\/tuzlainfo.ba\/index.php\/wp-json\/wp\/v2\/users\/4"}],"replies":[{"embeddable":true,"href":"https:\/\/tuzlainfo.ba\/index.php\/wp-json\/wp\/v2\/comments?post=146486"}],"version-history":[{"count":0,"href":"https:\/\/tuzlainfo.ba\/index.php\/wp-json\/wp\/v2\/posts\/146486\/revisions"}],"wp:featuredmedia":[{"embeddable":true,"href":"https:\/\/tuzlainfo.ba\/index.php\/wp-json\/wp\/v2\/media\/136288"}],"wp:attachment":[{"href":"https:\/\/tuzlainfo.ba\/index.php\/wp-json\/wp\/v2\/media?parent=146486"}],"wp:term":[{"taxonomy":"category","embeddable":true,"href":"https:\/\/tuzlainfo.ba\/index.php\/wp-json\/wp\/v2\/categories?post=146486"},{"taxonomy":"post_tag","embeddable":true,"href":"https:\/\/tuzlainfo.ba\/index.php\/wp-json\/wp\/v2\/tags?post=146486"}],"curies":[{"name":"wp","href":"https:\/\/api.w.org\/{rel}","templated":true}]}}