{"id":146306,"date":"2021-08-30T10:53:06","date_gmt":"2021-08-30T08:53:06","guid":{"rendered":"https:\/\/tuzlainfo.ba\/?p=146306"},"modified":"2021-08-30T10:34:02","modified_gmt":"2021-08-30T08:34:02","slug":"elektrodistribucija-tuzla-u-cetvrtak-02-septembra-bez-struje-skoro-100-ulica-i-naselja","status":"publish","type":"post","link":"https:\/\/tuzlainfo.ba\/index.php\/novosti\/item\/146306-elektrodistribucija-tuzla-u-cetvrtak-02-septembra-bez-struje-skoro-100-ulica-i-naselja\/","title":{"rendered":"Elektrodistribucija Tuzla: U \u010detvrtak 02. septembra bez struje skoro 100 ulica i naselja"},"content":{"rendered":"<p>Zbog planiranih radova na elektrodistributivnoj mre\u017ei do\u0107i \u0107e do prekida u snabdijevanju elektri\u010dnom energijom dana 02.09.2021. godine (petak) na podru\u010dju:<\/p>\n<ul>\n<li>grada Tuzla u periodu od 09 do 16 sati u ulicama i naseljima:<\/li>\n<\/ul>\n<table class=\"table iskljucenja_tabela\">\n<tbody>\n<tr class=\"item\" data-ed=\"edtz\" data-opcina=\"tuzla\">\n<td>Tuzla<\/td>\n<td class=\"ulica\">Dragunja Donja<\/td>\n<td>02.09.2021<\/td>\n<td>09:00-16:00<\/td>\n<\/tr>\n<tr class=\"item\" data-ed=\"edtz\" data-opcina=\"tuzla\">\n<td>Tuzla<\/td>\n<td class=\"ulica\">Martinovi\u0107i<\/td>\n<td>02.09.2021<\/td>\n<td>09:00-16:00<\/td>\n<\/tr>\n<tr class=\"item\" data-ed=\"edtz\" data-opcina=\"tuzla\">\n<td>Tuzla<\/td>\n<td class=\"ulica\">Kosci<\/td>\n<td>02.09.2021<\/td>\n<td>09:00-16:00<\/td>\n<\/tr>\n<tr class=\"item\" data-ed=\"edtz\" data-opcina=\"tuzla\">\n<td>Tuzla<\/td>\n<td class=\"ulica\">Kosci Tetima<\/td>\n<td>02.09.2021<\/td>\n<td>09:00-16:00<\/td>\n<\/tr>\n<tr class=\"item\" data-ed=\"edtz\" data-opcina=\"tuzla\">\n<td>Tuzla<\/td>\n<td class=\"ulica\">Tetima<\/td>\n<td>02.09.2021<\/td>\n<td>09:00-16:00<\/td>\n<\/tr>\n<tr class=\"item\" data-ed=\"edtz\" data-opcina=\"tuzla\">\n<td>Tuzla<\/td>\n<td class=\"ulica\">11.juna<\/td>\n<td>02.09.2021<\/td>\n<td>09:00-16:00<\/td>\n<\/tr>\n<tr class=\"item\" data-ed=\"edtz\" data-opcina=\"tuzla\">\n<td>Tuzla<\/td>\n<td class=\"ulica\">Avdiba\u0161i\u0107i<\/td>\n<td>02.09.2021<\/td>\n<td>09:00-16:00<\/td>\n<\/tr>\n<tr class=\"item\" data-ed=\"edtz\" data-opcina=\"tuzla\">\n<td>Tuzla<\/td>\n<td class=\"ulica\">Berbi\u0107i<\/td>\n<td>02.09.2021<\/td>\n<td>09:00-16:00<\/td>\n<\/tr>\n<tr class=\"item\" data-ed=\"edtz\" data-opcina=\"tuzla\">\n<td>Tuzla<\/td>\n<td class=\"ulica\">Cerik<\/td>\n<td>02.09.2021<\/td>\n<td>09:00-16:00<\/td>\n<\/tr>\n<tr class=\"item\" data-ed=\"edtz\" data-opcina=\"tuzla\">\n<td>Tuzla<\/td>\n<td class=\"ulica\">Donja Obodnica<\/td>\n<td>02.09.2021<\/td>\n<td>09:00-16:00<\/td>\n<\/tr>\n<tr class=\"item\" data-ed=\"edtz\" data-opcina=\"tuzla\">\n<td>Tuzla<\/td>\n<td class=\"ulica\">Donja Obodnica,17.maja<\/td>\n<td>02.09.2021<\/td>\n<td>09:00-16:00<\/td>\n<\/tr>\n<tr class=\"item\" data-ed=\"edtz\" data-opcina=\"tuzla\">\n<td>Tuzla<\/td>\n<td class=\"ulica\">Donja Obodnica,d\u017eafi\u0107i<\/td>\n<td>02.09.2021<\/td>\n<td>09:00-16:00<\/td>\n<\/tr>\n<tr class=\"item\" data-ed=\"edtz\" data-opcina=\"tuzla\">\n<td>Tuzla<\/td>\n<td class=\"ulica\">Donji Dvor<\/td>\n<td>02.09.2021<\/td>\n<td>09:00-16:00<\/td>\n<\/tr>\n<tr class=\"item\" data-ed=\"edtz\" data-opcina=\"tuzla\">\n<td>Tuzla<\/td>\n<td class=\"ulica\">Dvor<\/td>\n<td>02.09.2021<\/td>\n<td>09:00-16:00<\/td>\n<\/tr>\n<tr class=\"item\" data-ed=\"edtz\" data-opcina=\"tuzla\">\n<td>Tuzla<\/td>\n<td class=\"ulica\">Gornja Obodnica<\/td>\n<td>02.09.2021<\/td>\n<td>09:00-16:00<\/td>\n<\/tr>\n<tr class=\"item\" data-ed=\"edtz\" data-opcina=\"tuzla\">\n<td>Tuzla<\/td>\n<td class=\"ulica\">Gornji Dvor<\/td>\n<td>02.09.2021<\/td>\n<td>09:00-16:00<\/td>\n<\/tr>\n<tr class=\"item\" data-ed=\"edtz\" data-opcina=\"tuzla\">\n<td>Tuzla<\/td>\n<td class=\"ulica\">Kamenja\u0161i<\/td>\n<td>02.09.2021<\/td>\n<td>09:00-16:00<\/td>\n<\/tr>\n<tr class=\"item\" data-ed=\"edtz\" data-opcina=\"tuzla\">\n<td>Tuzla<\/td>\n<td class=\"ulica\">Lame\u0161i<\/td>\n<td>02.09.2021<\/td>\n<td>09:00-16:00<\/td>\n<\/tr>\n<tr class=\"item\" data-ed=\"edtz\" data-opcina=\"tuzla\">\n<td>Tuzla<\/td>\n<td class=\"ulica\">Lipe<\/td>\n<td>02.09.2021<\/td>\n<td>09:00-16:00<\/td>\n<\/tr>\n<tr class=\"item\" data-ed=\"edtz\" data-opcina=\"tuzla\">\n<td>Tuzla<\/td>\n<td class=\"ulica\">Marinovi\u0107i<\/td>\n<td>02.09.2021<\/td>\n<td>09:00-16:00<\/td>\n<\/tr>\n<tr class=\"item\" data-ed=\"edtz\" data-opcina=\"tuzla\">\n<td>Tuzla<\/td>\n<td class=\"ulica\">Palih Boraca<\/td>\n<td>02.09.2021<\/td>\n<td>09:00-16:00<\/td>\n<\/tr>\n<tr class=\"item\" data-ed=\"edtz\" data-opcina=\"tuzla\">\n<td>Tuzla<\/td>\n<td class=\"ulica\">Pavi\u0107i<\/td>\n<td>02.09.2021<\/td>\n<td>09:00-16:00<\/td>\n<\/tr>\n<tr class=\"item\" data-ed=\"edtz\" data-opcina=\"tuzla\">\n<td>Tuzla<\/td>\n<td class=\"ulica\">Repu\u0161evac<\/td>\n<td>02.09.2021<\/td>\n<td>09:00-16:00<\/td>\n<\/tr>\n<tr class=\"item\" data-ed=\"edtz\" data-opcina=\"tuzla\">\n<td>Tuzla<\/td>\n<td class=\"ulica\">Saletovi\u0107i<\/td>\n<td>02.09.2021<\/td>\n<td>09:00-16:00<\/td>\n<\/tr>\n<tr class=\"item\" data-ed=\"edtz\" data-opcina=\"tuzla\">\n<td>Tuzla<\/td>\n<td class=\"ulica\">Zeleni Kamen<\/td>\n<td>02.09.2021<\/td>\n<td>09:00-16:00<\/td>\n<\/tr>\n<tr class=\"item\" data-ed=\"edtz\" data-opcina=\"tuzla\">\n<td>Tuzla<\/td>\n<td class=\"ulica\">\u0160kolska<\/td>\n<td>02.09.2021<\/td>\n<td>09:00-16:00<\/td>\n<\/tr>\n<tr class=\"item\" data-ed=\"edtz\" data-opcina=\"tuzla\">\n<td>Tuzla<\/td>\n<td class=\"ulica\">17.maja<\/td>\n<td>02.09.2021<\/td>\n<td>09:00-16:00<\/td>\n<\/tr>\n<tr class=\"item\" data-ed=\"edtz\" data-opcina=\"tuzla\">\n<td>Tuzla<\/td>\n<td class=\"ulica\">Bakalu\u0161e<\/td>\n<td>02.09.2021<\/td>\n<td>09:00-16:00<\/td>\n<\/tr>\n<tr class=\"item\" data-ed=\"edtz\" data-opcina=\"tuzla\">\n<td>Tuzla<\/td>\n<td class=\"ulica\">Bre\u0161ke<\/td>\n<td>02.09.2021<\/td>\n<td>09:00-16:00<\/td>\n<\/tr>\n<tr class=\"item\" data-ed=\"edtz\" data-opcina=\"tuzla\">\n<td>Tuzla<\/td>\n<td class=\"ulica\">Bre\u0161ke Zaseok Stajac<\/td>\n<td>02.09.2021<\/td>\n<td>09:00-16:00<\/td>\n<\/tr>\n<tr class=\"item\" data-ed=\"edtz\" data-opcina=\"tuzla\">\n<td>Tuzla<\/td>\n<td class=\"ulica\">Brkani<\/td>\n<td>02.09.2021<\/td>\n<td>09:00-16:00<\/td>\n<\/tr>\n<tr class=\"item\" data-ed=\"edtz\" data-opcina=\"tuzla\">\n<td>Tuzla<\/td>\n<td class=\"ulica\">Br\u0111ani<\/td>\n<td>02.09.2021<\/td>\n<td>09:00-16:00<\/td>\n<\/tr>\n<tr class=\"item\" data-ed=\"edtz\" data-opcina=\"tuzla\">\n<td>Tuzla<\/td>\n<td class=\"ulica\">Br\u0111ani Donji<\/td>\n<td>02.09.2021<\/td>\n<td>09:00-16:00<\/td>\n<\/tr>\n<tr class=\"item\" data-ed=\"edtz\" data-opcina=\"tuzla\">\n<td>Tuzla<\/td>\n<td class=\"ulica\">Br\u0111ani Hasi\u0107i<\/td>\n<td>02.09.2021<\/td>\n<td>09:00-16:00<\/td>\n<\/tr>\n<tr class=\"item\" data-ed=\"edtz\" data-opcina=\"tuzla\">\n<td>Tuzla<\/td>\n<td class=\"ulica\">Crno Blato<\/td>\n<td>02.09.2021<\/td>\n<td>09:00-16:00<\/td>\n<\/tr>\n<tr class=\"item\" data-ed=\"edtz\" data-opcina=\"tuzla\">\n<td>Tuzla<\/td>\n<td class=\"ulica\">Dokanj<\/td>\n<td>02.09.2021<\/td>\n<td>09:00-16:00<\/td>\n<\/tr>\n<tr class=\"item\" data-ed=\"edtz\" data-opcina=\"tuzla\">\n<td>Tuzla<\/td>\n<td class=\"ulica\">Dokanj Bare<\/td>\n<td>02.09.2021<\/td>\n<td>09:00-16:00<\/td>\n<\/tr>\n<tr class=\"item\" data-ed=\"edtz\" data-opcina=\"tuzla\">\n<td>Tuzla<\/td>\n<td class=\"ulica\">Dokanj Brkani<\/td>\n<td>02.09.2021<\/td>\n<td>09:00-16:00<\/td>\n<\/tr>\n<tr class=\"item\" data-ed=\"edtz\" data-opcina=\"tuzla\">\n<td>Tuzla<\/td>\n<td class=\"ulica\">Dokanj Dragojevi\u0107i<\/td>\n<td>02.09.2021<\/td>\n<td>09:00-16:00<\/td>\n<\/tr>\n<tr class=\"item\" data-ed=\"edtz\" data-opcina=\"tuzla\">\n<td>Tuzla<\/td>\n<td class=\"ulica\">Dokanj Drago\u0161evi\u0107i<\/td>\n<td>02.09.2021<\/td>\n<td>09:00-16:00<\/td>\n<\/tr>\n<tr class=\"item\" data-ed=\"edtz\" data-opcina=\"tuzla\">\n<td>Tuzla<\/td>\n<td class=\"ulica\">Dokanj Jari\u0107i<\/td>\n<td>02.09.2021<\/td>\n<td>09:00-16:00<\/td>\n<\/tr>\n<tr class=\"item\" data-ed=\"edtz\" data-opcina=\"tuzla\">\n<td>Tuzla<\/td>\n<td class=\"ulica\">Dokanj Kaldrma<\/td>\n<td>02.09.2021<\/td>\n<td>09:00-16:00<\/td>\n<\/tr>\n<tr class=\"item\" data-ed=\"edtz\" data-opcina=\"tuzla\">\n<td>Tuzla<\/td>\n<td class=\"ulica\">Dokanj Kosci<\/td>\n<td>02.09.2021<\/td>\n<td>09:00-16:00<\/td>\n<\/tr>\n<tr class=\"item\" data-ed=\"edtz\" data-opcina=\"tuzla\">\n<td>Tuzla<\/td>\n<td class=\"ulica\">Dokanj Markovi\u0107i<\/td>\n<td>02.09.2021<\/td>\n<td>09:00-16:00<\/td>\n<\/tr>\n<tr class=\"item\" data-ed=\"edtz\" data-opcina=\"tuzla\">\n<td>Tuzla<\/td>\n<td class=\"ulica\">Dokanj Martinovi\u0107i<\/td>\n<td>02.09.2021<\/td>\n<td>09:00-16:00<\/td>\n<\/tr>\n<tr class=\"item\" data-ed=\"edtz\" data-opcina=\"tuzla\">\n<td>Tuzla<\/td>\n<td class=\"ulica\">Dokanj Peji\u0107i<\/td>\n<td>02.09.2021<\/td>\n<td>09:00-16:00<\/td>\n<\/tr>\n<tr class=\"item\" data-ed=\"edtz\" data-opcina=\"tuzla\">\n<td>Tuzla<\/td>\n<td class=\"ulica\">Dokanj Polje<\/td>\n<td>02.09.2021<\/td>\n<td>09:00-16:00<\/td>\n<\/tr>\n<tr class=\"item\" data-ed=\"edtz\" data-opcina=\"tuzla\">\n<td>Tuzla<\/td>\n<td class=\"ulica\">Dokanj Rijeka<\/td>\n<td>02.09.2021<\/td>\n<td>09:00-16:00<\/td>\n<\/tr>\n<tr class=\"item\" data-ed=\"edtz\" data-opcina=\"tuzla\">\n<td>Tuzla<\/td>\n<td class=\"ulica\">Dokanj \u0110ulabi\u0107i<\/td>\n<td>02.09.2021<\/td>\n<td>09:00-16:00<\/td>\n<\/tr>\n<tr class=\"item\" data-ed=\"edtz\" data-opcina=\"tuzla\">\n<td>Tuzla<\/td>\n<td class=\"ulica\">Dolovi<\/td>\n<td>02.09.2021<\/td>\n<td>09:00-16:00<\/td>\n<\/tr>\n<tr class=\"item\" data-ed=\"edtz\" data-opcina=\"tuzla\">\n<td>Tuzla<\/td>\n<td class=\"ulica\">Dolovi Kozlovac<\/td>\n<td>02.09.2021<\/td>\n<td>09:00-16:00<\/td>\n<\/tr>\n<tr class=\"item\" data-ed=\"edtz\" data-opcina=\"tuzla\">\n<td>Tuzla<\/td>\n<td class=\"ulica\">Dolovi Musta\u0107i<\/td>\n<td>02.09.2021<\/td>\n<td>09:00-16:00<\/td>\n<\/tr>\n<tr class=\"item\" data-ed=\"edtz\" data-opcina=\"tuzla\">\n<td>Tuzla<\/td>\n<td class=\"ulica\">Dom Bre\u0161ke<\/td>\n<td>02.09.2021<\/td>\n<td>09:00-16:00<\/td>\n<\/tr>\n<tr class=\"item\" data-ed=\"edtz\" data-opcina=\"tuzla\">\n<td>Tuzla<\/td>\n<td class=\"ulica\">Donja Grabovica<\/td>\n<td>02.09.2021<\/td>\n<td>09:00-16:00<\/td>\n<\/tr>\n<tr class=\"item\" data-ed=\"edtz\" data-opcina=\"tuzla\">\n<td>Tuzla<\/td>\n<td class=\"ulica\">Donje Bre\u0161ke<\/td>\n<td>02.09.2021<\/td>\n<td>09:00-16:00<\/td>\n<\/tr>\n<tr class=\"item\" data-ed=\"edtz\" data-opcina=\"tuzla\">\n<td>Tuzla<\/td>\n<td class=\"ulica\">Donji Br\u0111ani<\/td>\n<td>02.09.2021<\/td>\n<td>09:00-16:00<\/td>\n<\/tr>\n<tr class=\"item\" data-ed=\"edtz\" data-opcina=\"tuzla\">\n<td>Tuzla<\/td>\n<td class=\"ulica\">Donji Dolovi<\/td>\n<td>02.09.2021<\/td>\n<td>09:00-16:00<\/td>\n<\/tr>\n<tr class=\"item\" data-ed=\"edtz\" data-opcina=\"tuzla\">\n<td>Tuzla<\/td>\n<td class=\"ulica\">Donji Petrovi\u0107i<\/td>\n<td>02.09.2021<\/td>\n<td>09:00-16:00<\/td>\n<\/tr>\n<tr class=\"item\" data-ed=\"edtz\" data-opcina=\"tuzla\">\n<td>Tuzla<\/td>\n<td class=\"ulica\">Dragojevi\u0107i<\/td>\n<td>02.09.2021<\/td>\n<td>09:00-16:00<\/td>\n<\/tr>\n<tr class=\"item\" data-ed=\"edtz\" data-opcina=\"tuzla\">\n<td>Tuzla<\/td>\n<td class=\"ulica\">Drenovik<\/td>\n<td>02.09.2021<\/td>\n<td>09:00-16:00<\/td>\n<\/tr>\n<tr class=\"item\" data-ed=\"edtz\" data-opcina=\"tuzla\">\n<td>Tuzla<\/td>\n<td class=\"ulica\">D\u017eafer Mahala<\/td>\n<td>02.09.2021<\/td>\n<td>09:00-16:00<\/td>\n<\/tr>\n<tr class=\"item\" data-ed=\"edtz\" data-opcina=\"tuzla\">\n<td>Tuzla<\/td>\n<td class=\"ulica\">D\u017eafi\u0107i<\/td>\n<td>02.09.2021<\/td>\n<td>09:00-16:00<\/td>\n<\/tr>\n<tr class=\"item\" data-ed=\"edtz\" data-opcina=\"tuzla\">\n<td>Tuzla<\/td>\n<td class=\"ulica\">Fo\u010danska<\/td>\n<td>02.09.2021<\/td>\n<td>09:00-16:00<\/td>\n<\/tr>\n<tr class=\"item\" data-ed=\"edtz\" data-opcina=\"tuzla\">\n<td>Tuzla<\/td>\n<td class=\"ulica\">Gologlavo<\/td>\n<td>02.09.2021<\/td>\n<td>09:00-16:00<\/td>\n<\/tr>\n<tr class=\"item\" data-ed=\"edtz\" data-opcina=\"tuzla\">\n<td>Tuzla<\/td>\n<td class=\"ulica\">Gornja Grabovica<\/td>\n<td>02.09.2021<\/td>\n<td>09:00-16:00<\/td>\n<\/tr>\n<tr class=\"item\" data-ed=\"edtz\" data-opcina=\"tuzla\">\n<td>Tuzla<\/td>\n<td class=\"ulica\">Gornje Bre\u0161ke<\/td>\n<td>02.09.2021<\/td>\n<td>09:00-16:00<\/td>\n<\/tr>\n<tr class=\"item\" data-ed=\"edtz\" data-opcina=\"tuzla\">\n<td>Tuzla<\/td>\n<td class=\"ulica\">Gornji Dolovi<\/td>\n<td>02.09.2021<\/td>\n<td>09:00-16:00<\/td>\n<\/tr>\n<tr class=\"item\" data-ed=\"edtz\" data-opcina=\"tuzla\">\n<td>Tuzla<\/td>\n<td class=\"ulica\">Gornji Gaji\u0107i<\/td>\n<td>02.09.2021<\/td>\n<td>09:00-16:00<\/td>\n<\/tr>\n<tr class=\"item\" data-ed=\"edtz\" data-opcina=\"tuzla\">\n<td>Tuzla<\/td>\n<td class=\"ulica\">Grabovica<\/td>\n<td>02.09.2021<\/td>\n<td>09:00-16:00<\/td>\n<\/tr>\n<tr class=\"item\" data-ed=\"edtz\" data-opcina=\"tuzla\">\n<td>Tuzla<\/td>\n<td class=\"ulica\">Grabovica B.polje<\/td>\n<td>02.09.2021<\/td>\n<td>09:00-16:00<\/td>\n<\/tr>\n<tr class=\"item\" data-ed=\"edtz\" data-opcina=\"tuzla\">\n<td>Tuzla<\/td>\n<td class=\"ulica\">Grabovica Grebenak<\/td>\n<td>02.09.2021<\/td>\n<td>09:00-16:00<\/td>\n<\/tr>\n<tr class=\"item\" data-ed=\"edtz\" data-opcina=\"tuzla\">\n<td>Tuzla<\/td>\n<td class=\"ulica\">Grabovica Iverine<\/td>\n<td>02.09.2021<\/td>\n<td>09:00-16:00<\/td>\n<\/tr>\n<tr class=\"item\" data-ed=\"edtz\" data-opcina=\"tuzla\">\n<td>Tuzla<\/td>\n<td class=\"ulica\">Gradovr\u0161ka Ulica<\/td>\n<td>02.09.2021<\/td>\n<td>09:00-16:00<\/td>\n<\/tr>\n<tr class=\"item\" data-ed=\"edtz\" data-opcina=\"tuzla\">\n<td>Tuzla<\/td>\n<td class=\"ulica\">Hidani<\/td>\n<td>02.09.2021<\/td>\n<td>09:00-16:00<\/td>\n<\/tr>\n<tr class=\"item\" data-ed=\"edtz\" data-opcina=\"tuzla\">\n<td>Tuzla<\/td>\n<td class=\"ulica\">Kolovrat<\/td>\n<td>02.09.2021<\/td>\n<td>09:00-16:00<\/td>\n<\/tr>\n<tr class=\"item\" data-ed=\"edtz\" data-opcina=\"tuzla\">\n<td>Tuzla<\/td>\n<td class=\"ulica\">Mala Solina<\/td>\n<td>02.09.2021<\/td>\n<td>09:00-16:00<\/td>\n<\/tr>\n<tr class=\"item\" data-ed=\"edtz\" data-opcina=\"tuzla\">\n<td>Tuzla<\/td>\n<td class=\"ulica\">Mlake<\/td>\n<td>02.09.2021<\/td>\n<td>09:00-16:00<\/td>\n<\/tr>\n<tr class=\"item\" data-ed=\"edtz\" data-opcina=\"tuzla\">\n<td>Tuzla<\/td>\n<td class=\"ulica\">Naselje Br\u0111ani<\/td>\n<td>02.09.2021<\/td>\n<td>09:00-16:00<\/td>\n<\/tr>\n<tr class=\"item\" data-ed=\"edtz\" data-opcina=\"tuzla\">\n<td>Tuzla<\/td>\n<td class=\"ulica\">Naselje Gornje Bre\u0161ke<\/td>\n<td>02.09.2021<\/td>\n<td>09:00-16:00<\/td>\n<\/tr>\n<tr class=\"item\" data-ed=\"edtz\" data-opcina=\"tuzla\">\n<td>Tuzla<\/td>\n<td class=\"ulica\">Naselje Zadublja-Katu\u0161i\u0107i,dokanj<\/td>\n<td>02.09.2021<\/td>\n<td>09:00-16:00<\/td>\n<\/tr>\n<tr class=\"item\" data-ed=\"edtz\" data-opcina=\"tuzla\">\n<td>Tuzla<\/td>\n<td class=\"ulica\">Nikoli\u0107i<\/td>\n<td>02.09.2021<\/td>\n<td>09:00-16:00<\/td>\n<\/tr>\n<tr class=\"item\" data-ed=\"edtz\" data-opcina=\"tuzla\">\n<td>Tuzla<\/td>\n<td class=\"ulica\">Peji\u0107i<\/td>\n<td>02.09.2021<\/td>\n<td>09:00-16:00<\/td>\n<\/tr>\n<tr class=\"item\" data-ed=\"edtz\" data-opcina=\"tuzla\">\n<td>Tuzla<\/td>\n<td class=\"ulica\">Pekmezije Solina<\/td>\n<td>02.09.2021<\/td>\n<td>09:00-16:00<\/td>\n<\/tr>\n<tr class=\"item\" data-ed=\"edtz\" data-opcina=\"tuzla\">\n<td>Tuzla<\/td>\n<td class=\"ulica\">Petrovi\u0107i<\/td>\n<td>02.09.2021<\/td>\n<td>09:00-16:00<\/td>\n<\/tr>\n<tr class=\"item\" data-ed=\"edtz\" data-opcina=\"tuzla\">\n<td>Tuzla<\/td>\n<td class=\"ulica\">Put Kosci<\/td>\n<td>02.09.2021<\/td>\n<td>09:00-16:00<\/td>\n<\/tr>\n<tr class=\"item\" data-ed=\"edtz\" data-opcina=\"tuzla\">\n<td>Tuzla<\/td>\n<td class=\"ulica\">Sekin<\/td>\n<td>02.09.2021<\/td>\n<td>09:00-16:00<\/td>\n<\/tr>\n<tr class=\"item\" data-ed=\"edtz\" data-opcina=\"tuzla\">\n<td>Tuzla<\/td>\n<td class=\"ulica\">Solina Most<\/td>\n<td>02.09.2021<\/td>\n<td>09:00-16:00<\/td>\n<\/tr>\n<tr class=\"item\" data-ed=\"edtz\" data-opcina=\"tuzla\">\n<td>Tuzla<\/td>\n<td class=\"ulica\">Solina Stadion<\/td>\n<td>02.09.2021<\/td>\n<td>09:00-16:00<\/td>\n<\/tr>\n<tr class=\"item\" data-ed=\"edtz\" data-opcina=\"tuzla\">\n<td>Tuzla<\/td>\n<td class=\"ulica\">Srednja Grabovica<\/td>\n<td>02.09.2021<\/td>\n<td>09:00-16:00<\/td>\n<\/tr>\n<tr class=\"item\" data-ed=\"edtz\" data-opcina=\"tuzla\">\n<td>Tuzla<\/td>\n<td class=\"ulica\">Stara Majevica<\/td>\n<td>02.09.2021<\/td>\n<td>09:00-16:00<\/td>\n<\/tr>\n<tr class=\"item\" data-ed=\"edtz\" data-opcina=\"tuzla\">\n<td>Tuzla<\/td>\n<td class=\"ulica\">Stojaci<\/td>\n<td>02.09.2021<\/td>\n<td>09:00-16:00<\/td>\n<\/tr>\n<tr class=\"item\" data-ed=\"edtz\" data-opcina=\"tuzla\">\n<td>Tuzla<\/td>\n<td class=\"ulica\">Svojtina<\/td>\n<td>02.09.2021<\/td>\n<td>09:00-16:00<\/td>\n<\/tr>\n<tr class=\"item\" data-ed=\"edtz\" data-opcina=\"tuzla\">\n<td>Tuzla<\/td>\n<td class=\"ulica\">Ulica Palih Boraca<\/td>\n<td>02.09.2021<\/td>\n<td>09:00-16:00<\/td>\n<\/tr>\n<tr class=\"item\" data-ed=\"edtz\" data-opcina=\"tuzla\">\n<td>Tuzla<\/td>\n<td class=\"ulica\">Veljka Luki\u0107a<\/td>\n<td>02.09.2021<\/td>\n<td>09:00-16:00<\/td>\n<\/tr>\n<tr class=\"item\" data-ed=\"edtz\" data-opcina=\"tuzla\">\n<td>Tuzla<\/td>\n<td class=\"ulica\">Veljka Luki\u0107a Kurjaka<\/td>\n<td>02.09.2021<\/td>\n<td>09:00-16:00<\/td>\n<\/tr>\n<tr class=\"item\" data-ed=\"edtz\" data-opcina=\"tuzla\">\n<td>Tuzla<\/td>\n<td class=\"ulica\">\u0160abani<\/td>\n<td>02.09.2021<\/td>\n<td>09:00-16:00<\/td>\n<\/tr>\n<tr class=\"item\" data-ed=\"edtz\" data-opcina=\"tuzla\">\n<td>Tuzla<\/td>\n<td class=\"ulica\">\u0160kolska Ulica<\/td>\n<td>02.09.2021<\/td>\n<td>09:00-16:00<\/td>\n<\/tr>\n<\/tbody>\n<\/table>\n","protected":false},"excerpt":{"rendered":"<p>Zbog planiranih radova na elektrodistributivnoj mre\u017ei do\u0107i \u0107e do prekida u snabdijevanju elektri\u010dnom energijom dana&hellip;<\/p>\n","protected":false},"author":4,"featured_media":85517,"comment_status":"open","ping_status":"closed","sticky":false,"template":"","format":"standard","meta":{"_acf_changed":false,"footnotes":""},"categories":[304,12],"tags":[2148,355],"acf":[],"yoast_head":"<!-- This site is optimized with the Yoast SEO plugin v23.5 - https:\/\/yoast.com\/wordpress\/plugins\/seo\/ -->\n<title>Elektrodistribucija Tuzla: U \u010detvrtak 02. septembra bez struje skoro 100 ulica i naselja - TuzlaInfo.ba<\/title>\n<meta name=\"robots\" content=\"index, follow, max-snippet:-1, max-image-preview:large, max-video-preview:-1\" \/>\n<link rel=\"canonical\" href=\"https:\/\/tuzlainfo.ba\/index.php\/novosti\/item\/146306-elektrodistribucija-tuzla-u-cetvrtak-02-septembra-bez-struje-skoro-100-ulica-i-naselja\/\" \/>\n<meta property=\"og:locale\" content=\"bs_BA\" \/>\n<meta property=\"og:type\" content=\"article\" \/>\n<meta property=\"og:title\" content=\"Elektrodistribucija Tuzla: U \u010detvrtak 02. septembra bez struje skoro 100 ulica i naselja - TuzlaInfo.ba\" \/>\n<meta property=\"og:description\" content=\"Zbog planiranih radova na elektrodistributivnoj mre\u017ei do\u0107i \u0107e do prekida u snabdijevanju elektri\u010dnom energijom dana&hellip;\" \/>\n<meta property=\"og:url\" content=\"https:\/\/tuzlainfo.ba\/index.php\/novosti\/item\/146306-elektrodistribucija-tuzla-u-cetvrtak-02-septembra-bez-struje-skoro-100-ulica-i-naselja\/\" \/>\n<meta property=\"og:site_name\" content=\"TuzlaInfo.ba\" \/>\n<meta property=\"article:publisher\" content=\"https:\/\/www.facebook.com\/tuzlainfo.ba\/\" \/>\n<meta property=\"article:published_time\" content=\"2021-08-30T08:53:06+00:00\" \/>\n<meta property=\"article:modified_time\" content=\"2021-08-30T08:34:02+00:00\" \/>\n<meta property=\"og:image\" content=\"https:\/\/tuzlainfo.ba\/wp-content\/uploads\/2021\/01\/sadrzaj_2021_20210101_01012021_elektro.jpg\" \/>\n\t<meta property=\"og:image:width\" content=\"770\" \/>\n\t<meta property=\"og:image:height\" content=\"577\" \/>\n\t<meta property=\"og:image:type\" content=\"image\/jpeg\" \/>\n<meta name=\"author\" content=\"Tuzla Info\" \/>\n<meta name=\"twitter:card\" content=\"summary_large_image\" \/>\n<meta name=\"twitter:label1\" content=\"Written by\" \/>\n\t<meta name=\"twitter:data1\" content=\"Tuzla Info\" \/>\n\t<meta name=\"twitter:label2\" content=\"Est. reading time\" \/>\n\t<meta name=\"twitter:data2\" content=\"2 minute\" \/>\n<script type=\"application\/ld+json\" class=\"yoast-schema-graph\">{\"@context\":\"https:\/\/schema.org\",\"@graph\":[{\"@type\":\"Article\",\"@id\":\"https:\/\/tuzlainfo.ba\/index.php\/novosti\/item\/146306-elektrodistribucija-tuzla-u-cetvrtak-02-septembra-bez-struje-skoro-100-ulica-i-naselja\/#article\",\"isPartOf\":{\"@id\":\"https:\/\/tuzlainfo.ba\/index.php\/novosti\/item\/146306-elektrodistribucija-tuzla-u-cetvrtak-02-septembra-bez-struje-skoro-100-ulica-i-naselja\/\"},\"author\":{\"name\":\"Tuzla Info\",\"@id\":\"https:\/\/tuzlainfo.ba\/#\/schema\/person\/46cad4c57790cbc50781edd14870825a\"},\"headline\":\"Elektrodistribucija Tuzla: U \u010detvrtak 02. septembra bez struje skoro 100 ulica i naselja\",\"datePublished\":\"2021-08-30T08:53:06+00:00\",\"dateModified\":\"2021-08-30T08:34:02+00:00\",\"mainEntityOfPage\":{\"@id\":\"https:\/\/tuzlainfo.ba\/index.php\/novosti\/item\/146306-elektrodistribucija-tuzla-u-cetvrtak-02-septembra-bez-struje-skoro-100-ulica-i-naselja\/\"},\"wordCount\":451,\"commentCount\":0,\"publisher\":{\"@id\":\"https:\/\/tuzlainfo.ba\/#organization\"},\"image\":{\"@id\":\"https:\/\/tuzlainfo.ba\/index.php\/novosti\/item\/146306-elektrodistribucija-tuzla-u-cetvrtak-02-septembra-bez-struje-skoro-100-ulica-i-naselja\/#primaryimage\"},\"thumbnailUrl\":\"https:\/\/tuzlainfo.ba\/wp-content\/uploads\/2021\/01\/sadrzaj_2021_20210101_01012021_elektro.jpg\",\"keywords\":[\"elektri\u010dna energija\",\"Elektrodistribucija Tuzla\"],\"articleSection\":[\"Istaknuto\",\"Novosti\"],\"inLanguage\":\"bs-BA\"},{\"@type\":\"WebPage\",\"@id\":\"https:\/\/tuzlainfo.ba\/index.php\/novosti\/item\/146306-elektrodistribucija-tuzla-u-cetvrtak-02-septembra-bez-struje-skoro-100-ulica-i-naselja\/\",\"url\":\"https:\/\/tuzlainfo.ba\/index.php\/novosti\/item\/146306-elektrodistribucija-tuzla-u-cetvrtak-02-septembra-bez-struje-skoro-100-ulica-i-naselja\/\",\"name\":\"Elektrodistribucija Tuzla: U \u010detvrtak 02. septembra bez struje skoro 100 ulica i naselja - TuzlaInfo.ba\",\"isPartOf\":{\"@id\":\"https:\/\/tuzlainfo.ba\/#website\"},\"primaryImageOfPage\":{\"@id\":\"https:\/\/tuzlainfo.ba\/index.php\/novosti\/item\/146306-elektrodistribucija-tuzla-u-cetvrtak-02-septembra-bez-struje-skoro-100-ulica-i-naselja\/#primaryimage\"},\"image\":{\"@id\":\"https:\/\/tuzlainfo.ba\/index.php\/novosti\/item\/146306-elektrodistribucija-tuzla-u-cetvrtak-02-septembra-bez-struje-skoro-100-ulica-i-naselja\/#primaryimage\"},\"thumbnailUrl\":\"https:\/\/tuzlainfo.ba\/wp-content\/uploads\/2021\/01\/sadrzaj_2021_20210101_01012021_elektro.jpg\",\"datePublished\":\"2021-08-30T08:53:06+00:00\",\"dateModified\":\"2021-08-30T08:34:02+00:00\",\"breadcrumb\":{\"@id\":\"https:\/\/tuzlainfo.ba\/index.php\/novosti\/item\/146306-elektrodistribucija-tuzla-u-cetvrtak-02-septembra-bez-struje-skoro-100-ulica-i-naselja\/#breadcrumb\"},\"inLanguage\":\"bs-BA\",\"potentialAction\":[{\"@type\":\"ReadAction\",\"target\":[\"https:\/\/tuzlainfo.ba\/index.php\/novosti\/item\/146306-elektrodistribucija-tuzla-u-cetvrtak-02-septembra-bez-struje-skoro-100-ulica-i-naselja\/\"]}]},{\"@type\":\"ImageObject\",\"inLanguage\":\"bs-BA\",\"@id\":\"https:\/\/tuzlainfo.ba\/index.php\/novosti\/item\/146306-elektrodistribucija-tuzla-u-cetvrtak-02-septembra-bez-struje-skoro-100-ulica-i-naselja\/#primaryimage\",\"url\":\"https:\/\/tuzlainfo.ba\/wp-content\/uploads\/2021\/01\/sadrzaj_2021_20210101_01012021_elektro.jpg\",\"contentUrl\":\"https:\/\/tuzlainfo.ba\/wp-content\/uploads\/2021\/01\/sadrzaj_2021_20210101_01012021_elektro.jpg\",\"width\":770,\"height\":577,\"caption\":\"01012021 elektro\"},{\"@type\":\"BreadcrumbList\",\"@id\":\"https:\/\/tuzlainfo.ba\/index.php\/novosti\/item\/146306-elektrodistribucija-tuzla-u-cetvrtak-02-septembra-bez-struje-skoro-100-ulica-i-naselja\/#breadcrumb\",\"itemListElement\":[{\"@type\":\"ListItem\",\"position\":1,\"name\":\"Home\",\"item\":\"https:\/\/tuzlainfo.ba\/\"},{\"@type\":\"ListItem\",\"position\":2,\"name\":\"Elektrodistribucija Tuzla: U \u010detvrtak 02. septembra bez struje skoro 100 ulica i naselja\"}]},{\"@type\":\"WebSite\",\"@id\":\"https:\/\/tuzlainfo.ba\/#website\",\"url\":\"https:\/\/tuzlainfo.ba\/\",\"name\":\"TuzlaInfo.ba\",\"description\":\"Tuzla info, gradski informator - Tuzla na dlanu\",\"publisher\":{\"@id\":\"https:\/\/tuzlainfo.ba\/#organization\"},\"potentialAction\":[{\"@type\":\"SearchAction\",\"target\":{\"@type\":\"EntryPoint\",\"urlTemplate\":\"https:\/\/tuzlainfo.ba\/?s={search_term_string}\"},\"query-input\":{\"@type\":\"PropertyValueSpecification\",\"valueRequired\":true,\"valueName\":\"search_term_string\"}}],\"inLanguage\":\"bs-BA\"},{\"@type\":\"Organization\",\"@id\":\"https:\/\/tuzlainfo.ba\/#organization\",\"name\":\"TuzlaInfo.ba\",\"url\":\"https:\/\/tuzlainfo.ba\/\",\"logo\":{\"@type\":\"ImageObject\",\"inLanguage\":\"bs-BA\",\"@id\":\"https:\/\/tuzlainfo.ba\/#\/schema\/logo\/image\/\",\"url\":\"https:\/\/tuzlainfo.ba\/wp-content\/uploads\/2021\/03\/logo-ver-3-1.png\",\"contentUrl\":\"https:\/\/tuzlainfo.ba\/wp-content\/uploads\/2021\/03\/logo-ver-3-1.png\",\"width\":350,\"height\":95,\"caption\":\"TuzlaInfo.ba\"},\"image\":{\"@id\":\"https:\/\/tuzlainfo.ba\/#\/schema\/logo\/image\/\"},\"sameAs\":[\"https:\/\/www.facebook.com\/tuzlainfo.ba\/\"]},{\"@type\":\"Person\",\"@id\":\"https:\/\/tuzlainfo.ba\/#\/schema\/person\/46cad4c57790cbc50781edd14870825a\",\"name\":\"Tuzla Info\",\"image\":{\"@type\":\"ImageObject\",\"inLanguage\":\"bs-BA\",\"@id\":\"https:\/\/tuzlainfo.ba\/#\/schema\/person\/image\/\",\"url\":\"https:\/\/tuzlainfo.ba\/wp-content\/litespeed\/avatar\/b6c453a6c38e3654f2e4416c643fc25c.jpg?ver=1777051911\",\"contentUrl\":\"https:\/\/tuzlainfo.ba\/wp-content\/litespeed\/avatar\/b6c453a6c38e3654f2e4416c643fc25c.jpg?ver=1777051911\",\"caption\":\"Tuzla Info\"}}]}<\/script>\n<!-- \/ Yoast SEO plugin. -->","yoast_head_json":{"title":"Elektrodistribucija Tuzla: U \u010detvrtak 02. septembra bez struje skoro 100 ulica i naselja - TuzlaInfo.ba","robots":{"index":"index","follow":"follow","max-snippet":"max-snippet:-1","max-image-preview":"max-image-preview:large","max-video-preview":"max-video-preview:-1"},"canonical":"https:\/\/tuzlainfo.ba\/index.php\/novosti\/item\/146306-elektrodistribucija-tuzla-u-cetvrtak-02-septembra-bez-struje-skoro-100-ulica-i-naselja\/","og_locale":"bs_BA","og_type":"article","og_title":"Elektrodistribucija Tuzla: U \u010detvrtak 02. septembra bez struje skoro 100 ulica i naselja - TuzlaInfo.ba","og_description":"Zbog planiranih radova na elektrodistributivnoj mre\u017ei do\u0107i \u0107e do prekida u snabdijevanju elektri\u010dnom energijom dana&hellip;","og_url":"https:\/\/tuzlainfo.ba\/index.php\/novosti\/item\/146306-elektrodistribucija-tuzla-u-cetvrtak-02-septembra-bez-struje-skoro-100-ulica-i-naselja\/","og_site_name":"TuzlaInfo.ba","article_publisher":"https:\/\/www.facebook.com\/tuzlainfo.ba\/","article_published_time":"2021-08-30T08:53:06+00:00","article_modified_time":"2021-08-30T08:34:02+00:00","og_image":[{"width":770,"height":577,"url":"https:\/\/tuzlainfo.ba\/wp-content\/uploads\/2021\/01\/sadrzaj_2021_20210101_01012021_elektro.jpg","type":"image\/jpeg"}],"author":"Tuzla Info","twitter_card":"summary_large_image","twitter_misc":{"Written by":"Tuzla Info","Est. reading time":"2 minute"},"schema":{"@context":"https:\/\/schema.org","@graph":[{"@type":"Article","@id":"https:\/\/tuzlainfo.ba\/index.php\/novosti\/item\/146306-elektrodistribucija-tuzla-u-cetvrtak-02-septembra-bez-struje-skoro-100-ulica-i-naselja\/#article","isPartOf":{"@id":"https:\/\/tuzlainfo.ba\/index.php\/novosti\/item\/146306-elektrodistribucija-tuzla-u-cetvrtak-02-septembra-bez-struje-skoro-100-ulica-i-naselja\/"},"author":{"name":"Tuzla Info","@id":"https:\/\/tuzlainfo.ba\/#\/schema\/person\/46cad4c57790cbc50781edd14870825a"},"headline":"Elektrodistribucija Tuzla: U \u010detvrtak 02. septembra bez struje skoro 100 ulica i naselja","datePublished":"2021-08-30T08:53:06+00:00","dateModified":"2021-08-30T08:34:02+00:00","mainEntityOfPage":{"@id":"https:\/\/tuzlainfo.ba\/index.php\/novosti\/item\/146306-elektrodistribucija-tuzla-u-cetvrtak-02-septembra-bez-struje-skoro-100-ulica-i-naselja\/"},"wordCount":451,"commentCount":0,"publisher":{"@id":"https:\/\/tuzlainfo.ba\/#organization"},"image":{"@id":"https:\/\/tuzlainfo.ba\/index.php\/novosti\/item\/146306-elektrodistribucija-tuzla-u-cetvrtak-02-septembra-bez-struje-skoro-100-ulica-i-naselja\/#primaryimage"},"thumbnailUrl":"https:\/\/tuzlainfo.ba\/wp-content\/uploads\/2021\/01\/sadrzaj_2021_20210101_01012021_elektro.jpg","keywords":["elektri\u010dna energija","Elektrodistribucija Tuzla"],"articleSection":["Istaknuto","Novosti"],"inLanguage":"bs-BA"},{"@type":"WebPage","@id":"https:\/\/tuzlainfo.ba\/index.php\/novosti\/item\/146306-elektrodistribucija-tuzla-u-cetvrtak-02-septembra-bez-struje-skoro-100-ulica-i-naselja\/","url":"https:\/\/tuzlainfo.ba\/index.php\/novosti\/item\/146306-elektrodistribucija-tuzla-u-cetvrtak-02-septembra-bez-struje-skoro-100-ulica-i-naselja\/","name":"Elektrodistribucija Tuzla: U \u010detvrtak 02. septembra bez struje skoro 100 ulica i naselja - TuzlaInfo.ba","isPartOf":{"@id":"https:\/\/tuzlainfo.ba\/#website"},"primaryImageOfPage":{"@id":"https:\/\/tuzlainfo.ba\/index.php\/novosti\/item\/146306-elektrodistribucija-tuzla-u-cetvrtak-02-septembra-bez-struje-skoro-100-ulica-i-naselja\/#primaryimage"},"image":{"@id":"https:\/\/tuzlainfo.ba\/index.php\/novosti\/item\/146306-elektrodistribucija-tuzla-u-cetvrtak-02-septembra-bez-struje-skoro-100-ulica-i-naselja\/#primaryimage"},"thumbnailUrl":"https:\/\/tuzlainfo.ba\/wp-content\/uploads\/2021\/01\/sadrzaj_2021_20210101_01012021_elektro.jpg","datePublished":"2021-08-30T08:53:06+00:00","dateModified":"2021-08-30T08:34:02+00:00","breadcrumb":{"@id":"https:\/\/tuzlainfo.ba\/index.php\/novosti\/item\/146306-elektrodistribucija-tuzla-u-cetvrtak-02-septembra-bez-struje-skoro-100-ulica-i-naselja\/#breadcrumb"},"inLanguage":"bs-BA","potentialAction":[{"@type":"ReadAction","target":["https:\/\/tuzlainfo.ba\/index.php\/novosti\/item\/146306-elektrodistribucija-tuzla-u-cetvrtak-02-septembra-bez-struje-skoro-100-ulica-i-naselja\/"]}]},{"@type":"ImageObject","inLanguage":"bs-BA","@id":"https:\/\/tuzlainfo.ba\/index.php\/novosti\/item\/146306-elektrodistribucija-tuzla-u-cetvrtak-02-septembra-bez-struje-skoro-100-ulica-i-naselja\/#primaryimage","url":"https:\/\/tuzlainfo.ba\/wp-content\/uploads\/2021\/01\/sadrzaj_2021_20210101_01012021_elektro.jpg","contentUrl":"https:\/\/tuzlainfo.ba\/wp-content\/uploads\/2021\/01\/sadrzaj_2021_20210101_01012021_elektro.jpg","width":770,"height":577,"caption":"01012021 elektro"},{"@type":"BreadcrumbList","@id":"https:\/\/tuzlainfo.ba\/index.php\/novosti\/item\/146306-elektrodistribucija-tuzla-u-cetvrtak-02-septembra-bez-struje-skoro-100-ulica-i-naselja\/#breadcrumb","itemListElement":[{"@type":"ListItem","position":1,"name":"Home","item":"https:\/\/tuzlainfo.ba\/"},{"@type":"ListItem","position":2,"name":"Elektrodistribucija Tuzla: U \u010detvrtak 02. septembra bez struje skoro 100 ulica i naselja"}]},{"@type":"WebSite","@id":"https:\/\/tuzlainfo.ba\/#website","url":"https:\/\/tuzlainfo.ba\/","name":"TuzlaInfo.ba","description":"Tuzla info, gradski informator - Tuzla na dlanu","publisher":{"@id":"https:\/\/tuzlainfo.ba\/#organization"},"potentialAction":[{"@type":"SearchAction","target":{"@type":"EntryPoint","urlTemplate":"https:\/\/tuzlainfo.ba\/?s={search_term_string}"},"query-input":{"@type":"PropertyValueSpecification","valueRequired":true,"valueName":"search_term_string"}}],"inLanguage":"bs-BA"},{"@type":"Organization","@id":"https:\/\/tuzlainfo.ba\/#organization","name":"TuzlaInfo.ba","url":"https:\/\/tuzlainfo.ba\/","logo":{"@type":"ImageObject","inLanguage":"bs-BA","@id":"https:\/\/tuzlainfo.ba\/#\/schema\/logo\/image\/","url":"https:\/\/tuzlainfo.ba\/wp-content\/uploads\/2021\/03\/logo-ver-3-1.png","contentUrl":"https:\/\/tuzlainfo.ba\/wp-content\/uploads\/2021\/03\/logo-ver-3-1.png","width":350,"height":95,"caption":"TuzlaInfo.ba"},"image":{"@id":"https:\/\/tuzlainfo.ba\/#\/schema\/logo\/image\/"},"sameAs":["https:\/\/www.facebook.com\/tuzlainfo.ba\/"]},{"@type":"Person","@id":"https:\/\/tuzlainfo.ba\/#\/schema\/person\/46cad4c57790cbc50781edd14870825a","name":"Tuzla Info","image":{"@type":"ImageObject","inLanguage":"bs-BA","@id":"https:\/\/tuzlainfo.ba\/#\/schema\/person\/image\/","url":"https:\/\/tuzlainfo.ba\/wp-content\/litespeed\/avatar\/b6c453a6c38e3654f2e4416c643fc25c.jpg?ver=1777051911","contentUrl":"https:\/\/tuzlainfo.ba\/wp-content\/litespeed\/avatar\/b6c453a6c38e3654f2e4416c643fc25c.jpg?ver=1777051911","caption":"Tuzla Info"}}]}},"_links":{"self":[{"href":"https:\/\/tuzlainfo.ba\/index.php\/wp-json\/wp\/v2\/posts\/146306"}],"collection":[{"href":"https:\/\/tuzlainfo.ba\/index.php\/wp-json\/wp\/v2\/posts"}],"about":[{"href":"https:\/\/tuzlainfo.ba\/index.php\/wp-json\/wp\/v2\/types\/post"}],"author":[{"embeddable":true,"href":"https:\/\/tuzlainfo.ba\/index.php\/wp-json\/wp\/v2\/users\/4"}],"replies":[{"embeddable":true,"href":"https:\/\/tuzlainfo.ba\/index.php\/wp-json\/wp\/v2\/comments?post=146306"}],"version-history":[{"count":0,"href":"https:\/\/tuzlainfo.ba\/index.php\/wp-json\/wp\/v2\/posts\/146306\/revisions"}],"wp:featuredmedia":[{"embeddable":true,"href":"https:\/\/tuzlainfo.ba\/index.php\/wp-json\/wp\/v2\/media\/85517"}],"wp:attachment":[{"href":"https:\/\/tuzlainfo.ba\/index.php\/wp-json\/wp\/v2\/media?parent=146306"}],"wp:term":[{"taxonomy":"category","embeddable":true,"href":"https:\/\/tuzlainfo.ba\/index.php\/wp-json\/wp\/v2\/categories?post=146306"},{"taxonomy":"post_tag","embeddable":true,"href":"https:\/\/tuzlainfo.ba\/index.php\/wp-json\/wp\/v2\/tags?post=146306"}],"curies":[{"name":"wp","href":"https:\/\/api.w.org\/{rel}","templated":true}]}}