{"id":146229,"date":"2021-08-29T08:59:29","date_gmt":"2021-08-29T06:59:29","guid":{"rendered":"https:\/\/tuzlainfo.ba\/?p=146229"},"modified":"2021-08-29T08:59:29","modified_gmt":"2021-08-29T06:59:29","slug":"biden-ocekuje-nove-napade-na-aerodrom-u-kabulu-najavio-lov-na-teroriste","status":"publish","type":"post","link":"https:\/\/tuzlainfo.ba\/index.php\/clanci\/sa-svih-strana\/item\/146229-biden-ocekuje-nove-napade-na-aerodrom-u-kabulu-najavio-lov-na-teroriste\/","title":{"rendered":"Biden o\u010dekuje nove napade na aerodrom u Kabulu, najavio lov na teroriste"},"content":{"rendered":"<p>Ameri\u010dki predsjednik Joe Biden je u priop\u0107enju za javnost koje je sino\u0107 poslano medijima komentirao napad dronom na militante ISIS-a te poru\u010dio da je situacija u Kabulu &#8220;ekstremno opasna&#8221;.<\/p>\n<p>&#8220;Rekao sam da \u0107emo krenuti na skupinu odgovornu za napad na na\u0161e vojnike i nevine civile u Kabulu i to smo i napravili&#8221;, poru\u010dio je Biden.<\/p>\n<p>&#8220;Ovaj napad dronom nije posljednji. Nastavit \u0107emo lov na sve one koji su bili uklju\u010deni u taj podmukli napad, platit \u0107e&#8221;,<\/p>\n<p>Biden je u priop\u0107enju 13 pripadnika ameri\u010dkih snaga koji su ubijeni u napadu kod aerodroma nazvao &#8220;herojima&#8221;, pi\u0161e\u00a0<a href=\"https:\/\/www.index.hr\/vijesti\/clanak\/biden-kaze-da-je-novi-napad-na-aerodrom-vrlo-vjerojatan-rekao-i-kad-ga-ocekuje\/2300197.aspx?index_tid=141954\">Index.hr.<\/a><\/p>\n<p>&#8220;13 pripadnika na\u0161ih snaga bez kojih smo ostali bili su heroji. Podnijeli su najve\u0107u \u017ertvu u slu\u017ebi najvi\u0161ih ameri\u010dkih ideala, dok su spa\u0161avali \u017eivote drugih. Njihova hrabrost i nesebi\u010dnost omogu\u0107ila je da vi\u0161e od 117.000 ugro\u017eenih ljudi zavr\u0161i na sigurnom&#8221;, poru\u010dio je Biden.<\/p>\n<p>&#8220;Situacija na terenu nastavlja biti ekstremno opasna, a prijetnja teroristi\u010dkog napada na aerodrom ostaje visoka. Na\u0161i zapovjednici su me obavijestili da je napad vrlo vjerojatan u narednih 24-36 sati. Zapovjedio sam da poduzmu svaku mogu\u0107u mjeru kako bi prioritet bio na za\u0161titi na\u0161ih snaga. Osigurao sam da imaju sve \u0161to im je potrebno kako bi za\u0161titili na\u0161e ljude na terenu&#8221;, stoji u Bidenovu priop\u0107enju.<\/p>\n","protected":false},"excerpt":{"rendered":"<p>Ameri\u010dki predsjednik Joe Biden je u priop\u0107enju za javnost koje je sino\u0107 poslano medijima komentirao&hellip;<\/p>\n","protected":false},"author":2,"featured_media":139286,"comment_status":"open","ping_status":"closed","sticky":false,"template":"","format":"standard","meta":{"_acf_changed":false,"footnotes":""},"categories":[16],"tags":[1533],"acf":[],"yoast_head":"<!-- This site is optimized with the Yoast SEO plugin v23.5 - https:\/\/yoast.com\/wordpress\/plugins\/seo\/ -->\n<title>Biden o\u010dekuje nove napade na aerodrom u Kabulu, najavio lov na teroriste - TuzlaInfo.ba<\/title>\n<meta name=\"robots\" content=\"index, follow, max-snippet:-1, max-image-preview:large, max-video-preview:-1\" \/>\n<link rel=\"canonical\" href=\"https:\/\/tuzlainfo.ba\/index.php\/clanci\/sa-svih-strana\/item\/146229-biden-ocekuje-nove-napade-na-aerodrom-u-kabulu-najavio-lov-na-teroriste\/\" \/>\n<meta property=\"og:locale\" content=\"bs_BA\" \/>\n<meta property=\"og:type\" content=\"article\" \/>\n<meta property=\"og:title\" content=\"Biden o\u010dekuje nove napade na aerodrom u Kabulu, najavio lov na teroriste - TuzlaInfo.ba\" \/>\n<meta property=\"og:description\" content=\"Ameri\u010dki predsjednik Joe Biden je u priop\u0107enju za javnost koje je sino\u0107 poslano medijima komentirao&hellip;\" \/>\n<meta property=\"og:url\" content=\"https:\/\/tuzlainfo.ba\/index.php\/clanci\/sa-svih-strana\/item\/146229-biden-ocekuje-nove-napade-na-aerodrom-u-kabulu-najavio-lov-na-teroriste\/\" \/>\n<meta property=\"og:site_name\" content=\"TuzlaInfo.ba\" \/>\n<meta property=\"article:publisher\" content=\"https:\/\/www.facebook.com\/tuzlainfo.ba\/\" \/>\n<meta property=\"article:published_time\" content=\"2021-08-29T06:59:29+00:00\" \/>\n<meta property=\"og:image\" content=\"https:\/\/tuzlainfo.ba\/wp-content\/uploads\/2021\/06\/1006_joe_biden.jpg\" \/>\n\t<meta property=\"og:image:width\" content=\"1229\" \/>\n\t<meta property=\"og:image:height\" content=\"881\" \/>\n\t<meta property=\"og:image:type\" content=\"image\/jpeg\" \/>\n<meta name=\"author\" content=\"nedim\" \/>\n<meta name=\"twitter:card\" content=\"summary_large_image\" \/>\n<meta name=\"twitter:label1\" content=\"Written by\" \/>\n\t<meta name=\"twitter:data1\" content=\"nedim\" \/>\n\t<meta name=\"twitter:label2\" content=\"Est. reading time\" \/>\n\t<meta name=\"twitter:data2\" content=\"1 minuta\" \/>\n<script type=\"application\/ld+json\" class=\"yoast-schema-graph\">{\"@context\":\"https:\/\/schema.org\",\"@graph\":[{\"@type\":\"Article\",\"@id\":\"https:\/\/tuzlainfo.ba\/index.php\/clanci\/sa-svih-strana\/item\/146229-biden-ocekuje-nove-napade-na-aerodrom-u-kabulu-najavio-lov-na-teroriste\/#article\",\"isPartOf\":{\"@id\":\"https:\/\/tuzlainfo.ba\/index.php\/clanci\/sa-svih-strana\/item\/146229-biden-ocekuje-nove-napade-na-aerodrom-u-kabulu-najavio-lov-na-teroriste\/\"},\"author\":{\"name\":\"nedim\",\"@id\":\"https:\/\/tuzlainfo.ba\/#\/schema\/person\/f434e20dc27ea133923aab08451b7f7f\"},\"headline\":\"Biden o\u010dekuje nove napade na aerodrom u Kabulu, najavio lov na teroriste\",\"datePublished\":\"2021-08-29T06:59:29+00:00\",\"dateModified\":\"2021-08-29T06:59:29+00:00\",\"mainEntityOfPage\":{\"@id\":\"https:\/\/tuzlainfo.ba\/index.php\/clanci\/sa-svih-strana\/item\/146229-biden-ocekuje-nove-napade-na-aerodrom-u-kabulu-najavio-lov-na-teroriste\/\"},\"wordCount\":242,\"commentCount\":0,\"publisher\":{\"@id\":\"https:\/\/tuzlainfo.ba\/#organization\"},\"image\":{\"@id\":\"https:\/\/tuzlainfo.ba\/index.php\/clanci\/sa-svih-strana\/item\/146229-biden-ocekuje-nove-napade-na-aerodrom-u-kabulu-najavio-lov-na-teroriste\/#primaryimage\"},\"thumbnailUrl\":\"https:\/\/tuzlainfo.ba\/wp-content\/uploads\/2021\/06\/1006_joe_biden.jpg\",\"keywords\":[\"joe biden\"],\"articleSection\":[\"Sa svih strana\"],\"inLanguage\":\"bs-BA\"},{\"@type\":\"WebPage\",\"@id\":\"https:\/\/tuzlainfo.ba\/index.php\/clanci\/sa-svih-strana\/item\/146229-biden-ocekuje-nove-napade-na-aerodrom-u-kabulu-najavio-lov-na-teroriste\/\",\"url\":\"https:\/\/tuzlainfo.ba\/index.php\/clanci\/sa-svih-strana\/item\/146229-biden-ocekuje-nove-napade-na-aerodrom-u-kabulu-najavio-lov-na-teroriste\/\",\"name\":\"Biden o\u010dekuje nove napade na aerodrom u Kabulu, najavio lov na teroriste - TuzlaInfo.ba\",\"isPartOf\":{\"@id\":\"https:\/\/tuzlainfo.ba\/#website\"},\"primaryImageOfPage\":{\"@id\":\"https:\/\/tuzlainfo.ba\/index.php\/clanci\/sa-svih-strana\/item\/146229-biden-ocekuje-nove-napade-na-aerodrom-u-kabulu-najavio-lov-na-teroriste\/#primaryimage\"},\"image\":{\"@id\":\"https:\/\/tuzlainfo.ba\/index.php\/clanci\/sa-svih-strana\/item\/146229-biden-ocekuje-nove-napade-na-aerodrom-u-kabulu-najavio-lov-na-teroriste\/#primaryimage\"},\"thumbnailUrl\":\"https:\/\/tuzlainfo.ba\/wp-content\/uploads\/2021\/06\/1006_joe_biden.jpg\",\"datePublished\":\"2021-08-29T06:59:29+00:00\",\"dateModified\":\"2021-08-29T06:59:29+00:00\",\"breadcrumb\":{\"@id\":\"https:\/\/tuzlainfo.ba\/index.php\/clanci\/sa-svih-strana\/item\/146229-biden-ocekuje-nove-napade-na-aerodrom-u-kabulu-najavio-lov-na-teroriste\/#breadcrumb\"},\"inLanguage\":\"bs-BA\",\"potentialAction\":[{\"@type\":\"ReadAction\",\"target\":[\"https:\/\/tuzlainfo.ba\/index.php\/clanci\/sa-svih-strana\/item\/146229-biden-ocekuje-nove-napade-na-aerodrom-u-kabulu-najavio-lov-na-teroriste\/\"]}]},{\"@type\":\"ImageObject\",\"inLanguage\":\"bs-BA\",\"@id\":\"https:\/\/tuzlainfo.ba\/index.php\/clanci\/sa-svih-strana\/item\/146229-biden-ocekuje-nove-napade-na-aerodrom-u-kabulu-najavio-lov-na-teroriste\/#primaryimage\",\"url\":\"https:\/\/tuzlainfo.ba\/wp-content\/uploads\/2021\/06\/1006_joe_biden.jpg\",\"contentUrl\":\"https:\/\/tuzlainfo.ba\/wp-content\/uploads\/2021\/06\/1006_joe_biden.jpg\",\"width\":1229,\"height\":881},{\"@type\":\"BreadcrumbList\",\"@id\":\"https:\/\/tuzlainfo.ba\/index.php\/clanci\/sa-svih-strana\/item\/146229-biden-ocekuje-nove-napade-na-aerodrom-u-kabulu-najavio-lov-na-teroriste\/#breadcrumb\",\"itemListElement\":[{\"@type\":\"ListItem\",\"position\":1,\"name\":\"Home\",\"item\":\"https:\/\/tuzlainfo.ba\/\"},{\"@type\":\"ListItem\",\"position\":2,\"name\":\"Biden o\u010dekuje nove napade na aerodrom u Kabulu, najavio lov na teroriste\"}]},{\"@type\":\"WebSite\",\"@id\":\"https:\/\/tuzlainfo.ba\/#website\",\"url\":\"https:\/\/tuzlainfo.ba\/\",\"name\":\"TuzlaInfo.ba\",\"description\":\"Tuzla info, gradski informator - Tuzla na dlanu\",\"publisher\":{\"@id\":\"https:\/\/tuzlainfo.ba\/#organization\"},\"potentialAction\":[{\"@type\":\"SearchAction\",\"target\":{\"@type\":\"EntryPoint\",\"urlTemplate\":\"https:\/\/tuzlainfo.ba\/?s={search_term_string}\"},\"query-input\":{\"@type\":\"PropertyValueSpecification\",\"valueRequired\":true,\"valueName\":\"search_term_string\"}}],\"inLanguage\":\"bs-BA\"},{\"@type\":\"Organization\",\"@id\":\"https:\/\/tuzlainfo.ba\/#organization\",\"name\":\"TuzlaInfo.ba\",\"url\":\"https:\/\/tuzlainfo.ba\/\",\"logo\":{\"@type\":\"ImageObject\",\"inLanguage\":\"bs-BA\",\"@id\":\"https:\/\/tuzlainfo.ba\/#\/schema\/logo\/image\/\",\"url\":\"https:\/\/tuzlainfo.ba\/wp-content\/uploads\/2021\/03\/logo-ver-3-1.png\",\"contentUrl\":\"https:\/\/tuzlainfo.ba\/wp-content\/uploads\/2021\/03\/logo-ver-3-1.png\",\"width\":350,\"height\":95,\"caption\":\"TuzlaInfo.ba\"},\"image\":{\"@id\":\"https:\/\/tuzlainfo.ba\/#\/schema\/logo\/image\/\"},\"sameAs\":[\"https:\/\/www.facebook.com\/tuzlainfo.ba\/\"]},{\"@type\":\"Person\",\"@id\":\"https:\/\/tuzlainfo.ba\/#\/schema\/person\/f434e20dc27ea133923aab08451b7f7f\",\"name\":\"nedim\",\"image\":{\"@type\":\"ImageObject\",\"inLanguage\":\"bs-BA\",\"@id\":\"https:\/\/tuzlainfo.ba\/#\/schema\/person\/image\/\",\"url\":\"https:\/\/tuzlainfo.ba\/wp-content\/litespeed\/avatar\/aabad687af24844af817603ac1cbdc4f.jpg?ver=1777306975\",\"contentUrl\":\"https:\/\/tuzlainfo.ba\/wp-content\/litespeed\/avatar\/aabad687af24844af817603ac1cbdc4f.jpg?ver=1777306975\",\"caption\":\"nedim\"},\"description\":\"Tuzlainfo.ba pratite na dru\u0161tvenim mre\u017eama: Facebook, Instagram i Youtube. Svoje pri\u010de, upite i fotografije \u0161aljite na na\u0161u e-mail adresu.\"}]}<\/script>\n<!-- \/ Yoast SEO plugin. -->","yoast_head_json":{"title":"Biden o\u010dekuje nove napade na aerodrom u Kabulu, najavio lov na teroriste - TuzlaInfo.ba","robots":{"index":"index","follow":"follow","max-snippet":"max-snippet:-1","max-image-preview":"max-image-preview:large","max-video-preview":"max-video-preview:-1"},"canonical":"https:\/\/tuzlainfo.ba\/index.php\/clanci\/sa-svih-strana\/item\/146229-biden-ocekuje-nove-napade-na-aerodrom-u-kabulu-najavio-lov-na-teroriste\/","og_locale":"bs_BA","og_type":"article","og_title":"Biden o\u010dekuje nove napade na aerodrom u Kabulu, najavio lov na teroriste - TuzlaInfo.ba","og_description":"Ameri\u010dki predsjednik Joe Biden je u priop\u0107enju za javnost koje je sino\u0107 poslano medijima komentirao&hellip;","og_url":"https:\/\/tuzlainfo.ba\/index.php\/clanci\/sa-svih-strana\/item\/146229-biden-ocekuje-nove-napade-na-aerodrom-u-kabulu-najavio-lov-na-teroriste\/","og_site_name":"TuzlaInfo.ba","article_publisher":"https:\/\/www.facebook.com\/tuzlainfo.ba\/","article_published_time":"2021-08-29T06:59:29+00:00","og_image":[{"width":1229,"height":881,"url":"https:\/\/tuzlainfo.ba\/wp-content\/uploads\/2021\/06\/1006_joe_biden.jpg","type":"image\/jpeg"}],"author":"nedim","twitter_card":"summary_large_image","twitter_misc":{"Written by":"nedim","Est. reading time":"1 minuta"},"schema":{"@context":"https:\/\/schema.org","@graph":[{"@type":"Article","@id":"https:\/\/tuzlainfo.ba\/index.php\/clanci\/sa-svih-strana\/item\/146229-biden-ocekuje-nove-napade-na-aerodrom-u-kabulu-najavio-lov-na-teroriste\/#article","isPartOf":{"@id":"https:\/\/tuzlainfo.ba\/index.php\/clanci\/sa-svih-strana\/item\/146229-biden-ocekuje-nove-napade-na-aerodrom-u-kabulu-najavio-lov-na-teroriste\/"},"author":{"name":"nedim","@id":"https:\/\/tuzlainfo.ba\/#\/schema\/person\/f434e20dc27ea133923aab08451b7f7f"},"headline":"Biden o\u010dekuje nove napade na aerodrom u Kabulu, najavio lov na teroriste","datePublished":"2021-08-29T06:59:29+00:00","dateModified":"2021-08-29T06:59:29+00:00","mainEntityOfPage":{"@id":"https:\/\/tuzlainfo.ba\/index.php\/clanci\/sa-svih-strana\/item\/146229-biden-ocekuje-nove-napade-na-aerodrom-u-kabulu-najavio-lov-na-teroriste\/"},"wordCount":242,"commentCount":0,"publisher":{"@id":"https:\/\/tuzlainfo.ba\/#organization"},"image":{"@id":"https:\/\/tuzlainfo.ba\/index.php\/clanci\/sa-svih-strana\/item\/146229-biden-ocekuje-nove-napade-na-aerodrom-u-kabulu-najavio-lov-na-teroriste\/#primaryimage"},"thumbnailUrl":"https:\/\/tuzlainfo.ba\/wp-content\/uploads\/2021\/06\/1006_joe_biden.jpg","keywords":["joe biden"],"articleSection":["Sa svih strana"],"inLanguage":"bs-BA"},{"@type":"WebPage","@id":"https:\/\/tuzlainfo.ba\/index.php\/clanci\/sa-svih-strana\/item\/146229-biden-ocekuje-nove-napade-na-aerodrom-u-kabulu-najavio-lov-na-teroriste\/","url":"https:\/\/tuzlainfo.ba\/index.php\/clanci\/sa-svih-strana\/item\/146229-biden-ocekuje-nove-napade-na-aerodrom-u-kabulu-najavio-lov-na-teroriste\/","name":"Biden o\u010dekuje nove napade na aerodrom u Kabulu, najavio lov na teroriste - TuzlaInfo.ba","isPartOf":{"@id":"https:\/\/tuzlainfo.ba\/#website"},"primaryImageOfPage":{"@id":"https:\/\/tuzlainfo.ba\/index.php\/clanci\/sa-svih-strana\/item\/146229-biden-ocekuje-nove-napade-na-aerodrom-u-kabulu-najavio-lov-na-teroriste\/#primaryimage"},"image":{"@id":"https:\/\/tuzlainfo.ba\/index.php\/clanci\/sa-svih-strana\/item\/146229-biden-ocekuje-nove-napade-na-aerodrom-u-kabulu-najavio-lov-na-teroriste\/#primaryimage"},"thumbnailUrl":"https:\/\/tuzlainfo.ba\/wp-content\/uploads\/2021\/06\/1006_joe_biden.jpg","datePublished":"2021-08-29T06:59:29+00:00","dateModified":"2021-08-29T06:59:29+00:00","breadcrumb":{"@id":"https:\/\/tuzlainfo.ba\/index.php\/clanci\/sa-svih-strana\/item\/146229-biden-ocekuje-nove-napade-na-aerodrom-u-kabulu-najavio-lov-na-teroriste\/#breadcrumb"},"inLanguage":"bs-BA","potentialAction":[{"@type":"ReadAction","target":["https:\/\/tuzlainfo.ba\/index.php\/clanci\/sa-svih-strana\/item\/146229-biden-ocekuje-nove-napade-na-aerodrom-u-kabulu-najavio-lov-na-teroriste\/"]}]},{"@type":"ImageObject","inLanguage":"bs-BA","@id":"https:\/\/tuzlainfo.ba\/index.php\/clanci\/sa-svih-strana\/item\/146229-biden-ocekuje-nove-napade-na-aerodrom-u-kabulu-najavio-lov-na-teroriste\/#primaryimage","url":"https:\/\/tuzlainfo.ba\/wp-content\/uploads\/2021\/06\/1006_joe_biden.jpg","contentUrl":"https:\/\/tuzlainfo.ba\/wp-content\/uploads\/2021\/06\/1006_joe_biden.jpg","width":1229,"height":881},{"@type":"BreadcrumbList","@id":"https:\/\/tuzlainfo.ba\/index.php\/clanci\/sa-svih-strana\/item\/146229-biden-ocekuje-nove-napade-na-aerodrom-u-kabulu-najavio-lov-na-teroriste\/#breadcrumb","itemListElement":[{"@type":"ListItem","position":1,"name":"Home","item":"https:\/\/tuzlainfo.ba\/"},{"@type":"ListItem","position":2,"name":"Biden o\u010dekuje nove napade na aerodrom u Kabulu, najavio lov na teroriste"}]},{"@type":"WebSite","@id":"https:\/\/tuzlainfo.ba\/#website","url":"https:\/\/tuzlainfo.ba\/","name":"TuzlaInfo.ba","description":"Tuzla info, gradski informator - Tuzla na dlanu","publisher":{"@id":"https:\/\/tuzlainfo.ba\/#organization"},"potentialAction":[{"@type":"SearchAction","target":{"@type":"EntryPoint","urlTemplate":"https:\/\/tuzlainfo.ba\/?s={search_term_string}"},"query-input":{"@type":"PropertyValueSpecification","valueRequired":true,"valueName":"search_term_string"}}],"inLanguage":"bs-BA"},{"@type":"Organization","@id":"https:\/\/tuzlainfo.ba\/#organization","name":"TuzlaInfo.ba","url":"https:\/\/tuzlainfo.ba\/","logo":{"@type":"ImageObject","inLanguage":"bs-BA","@id":"https:\/\/tuzlainfo.ba\/#\/schema\/logo\/image\/","url":"https:\/\/tuzlainfo.ba\/wp-content\/uploads\/2021\/03\/logo-ver-3-1.png","contentUrl":"https:\/\/tuzlainfo.ba\/wp-content\/uploads\/2021\/03\/logo-ver-3-1.png","width":350,"height":95,"caption":"TuzlaInfo.ba"},"image":{"@id":"https:\/\/tuzlainfo.ba\/#\/schema\/logo\/image\/"},"sameAs":["https:\/\/www.facebook.com\/tuzlainfo.ba\/"]},{"@type":"Person","@id":"https:\/\/tuzlainfo.ba\/#\/schema\/person\/f434e20dc27ea133923aab08451b7f7f","name":"nedim","image":{"@type":"ImageObject","inLanguage":"bs-BA","@id":"https:\/\/tuzlainfo.ba\/#\/schema\/person\/image\/","url":"https:\/\/tuzlainfo.ba\/wp-content\/litespeed\/avatar\/aabad687af24844af817603ac1cbdc4f.jpg?ver=1777306975","contentUrl":"https:\/\/tuzlainfo.ba\/wp-content\/litespeed\/avatar\/aabad687af24844af817603ac1cbdc4f.jpg?ver=1777306975","caption":"nedim"},"description":"Tuzlainfo.ba pratite na dru\u0161tvenim mre\u017eama: Facebook, Instagram i Youtube. Svoje pri\u010de, upite i fotografije \u0161aljite na na\u0161u e-mail adresu."}]}},"_links":{"self":[{"href":"https:\/\/tuzlainfo.ba\/index.php\/wp-json\/wp\/v2\/posts\/146229"}],"collection":[{"href":"https:\/\/tuzlainfo.ba\/index.php\/wp-json\/wp\/v2\/posts"}],"about":[{"href":"https:\/\/tuzlainfo.ba\/index.php\/wp-json\/wp\/v2\/types\/post"}],"author":[{"embeddable":true,"href":"https:\/\/tuzlainfo.ba\/index.php\/wp-json\/wp\/v2\/users\/2"}],"replies":[{"embeddable":true,"href":"https:\/\/tuzlainfo.ba\/index.php\/wp-json\/wp\/v2\/comments?post=146229"}],"version-history":[{"count":0,"href":"https:\/\/tuzlainfo.ba\/index.php\/wp-json\/wp\/v2\/posts\/146229\/revisions"}],"wp:featuredmedia":[{"embeddable":true,"href":"https:\/\/tuzlainfo.ba\/index.php\/wp-json\/wp\/v2\/media\/139286"}],"wp:attachment":[{"href":"https:\/\/tuzlainfo.ba\/index.php\/wp-json\/wp\/v2\/media?parent=146229"}],"wp:term":[{"taxonomy":"category","embeddable":true,"href":"https:\/\/tuzlainfo.ba\/index.php\/wp-json\/wp\/v2\/categories?post=146229"},{"taxonomy":"post_tag","embeddable":true,"href":"https:\/\/tuzlainfo.ba\/index.php\/wp-json\/wp\/v2\/tags?post=146229"}],"curies":[{"name":"wp","href":"https:\/\/api.w.org\/{rel}","templated":true}]}}