{"id":146107,"date":"2021-08-27T19:00:18","date_gmt":"2021-08-27T17:00:18","guid":{"rendered":"https:\/\/tuzlainfo.ba\/?p=146107"},"modified":"2021-08-27T13:57:53","modified_gmt":"2021-08-27T11:57:53","slug":"imamovic-u-posjeti-vanjskotrgovinskoj-komori-razgovarano-o-podrsci-privrednicima-i-jacanju-saradnje","status":"publish","type":"post","link":"https:\/\/tuzlainfo.ba\/index.php\/novosti\/item\/146107-imamovic-u-posjeti-vanjskotrgovinskoj-komori-razgovarano-o-podrsci-privrednicima-i-jacanju-saradnje\/","title":{"rendered":"Imamovi\u0107 u posjeti Vanjskotrgovinskoj komori: Razgovarano o podr\u0161ci privrednicima i ja\u010danju saradnje"},"content":{"rendered":"<p>Gradona\u010delnik Tuzle Jasmin Imamovi\u0107 posjetio je Vanjskotrgovu komoru Bosne i Hercegovine i tom prilikom sa predsjednikom Egrli\u0107em razgovarao o mogu\u0107nostima unapre\u0111enja saradnje Komore i Grada Tuzla, kao i mogu\u0107nostima podr\u0161ke bosanskohercegova\u010dkim privrednicima Tuzlanskog kantona.<\/p>\n<p>Sastanku je prisustvovao i Zijad Lukovi\u0107, pomo\u0107nik gradona\u010delnika za Slu\u017ebu za ekonomski razvoj, preduzetni\u0161tvo i poljoprivredu.<\/p>\n<p>Predsjednik Egrli\u0107 istakao je ovom prilikom zna\u010daj zajedni\u010dkog djelovanja svih aktera kojima je cilj pobolj\u0161anje ekonomskih prilika ali i obezbe\u0111enje povoljnijeg poslovnog okru\u017eenja za bosanskohercegova\u010dke kompanije u cilju njihovog kvalitetnog poslovanja i predstavljanja kako u zemlji tako i u inostranstvu. S tim u vezi, predsjednik je posebno naglasio da je Tuzlanski kanton izuzetno va\u017ean obzirom da upravo u njemu posluje veliki broj renomiranih kompanija iz razli\u010ditih privrednih oblasti, a koje uprkos nezahvalnim uslovima poslovanja ostvaruju odli\u010dne rezultate. Tako\u0111e je ukazao i na \u010dinjenicu da, na\u017ealost, veliki broj kompanija u Bosni Hercegovini nije upoznat sa svim aktivnostima i uslugama koje Vanjskotrgvinska komora Bosne i Hercegovine pru\u017ea svojim \u010dlanicama slijedom \u010dega je predlo\u017eio organizaciju prezentacije Vanjskotrgovinske komore za predstavnike vlasti i kompanije u Tuzlanskom kantonu.<\/p>\n<p>Gradona\u010delnik Imamovi\u0107 se zahvalio predsjedniku Egrli\u0107u na uprili\u010denom sastanku, te je podr\u017eao ideju organizacije navedene prezentacije za koju smatra da je odli\u010dna prilika za razmjenu informacije kako o samoj Komori, tako i o potencijalima Tuzlanskog kantona. Tako\u0111e je naglasio zna\u010daj aktivnog djelovanja relevantnih institucija vlasti Tuzlanskog kantona u realizaciji navedenog doga\u0111aja ali i daljeg zajedni\u010dkog djelovanja na unapre\u0111enju i ja\u010danju privrede ove regije. S tim u vezi, gradona\u010denik je izrazio spremnost Op\u0161tine da pru\u017ei punu podr\u0161ku i aktivan anga\u017eman u realizaciji planiranih aktivnosti. Kako je zaklju\u010deno, ja\u010danje me\u0111usobne saradnje je od zajedni\u010dog interesa i posebno u korist kompanija.<\/p>\n<p>Pored navedenog, na sastanku je najavljena i mogu\u0107nost otvaranja Ureda Vanjskotrgovinske komore u Tuzli, \u010dime bi Komora bila pristupa\u010dnija i na usluzi svojim \u010dlanicama.<\/p>\n","protected":false},"excerpt":{"rendered":"<p>Gradona\u010delnik Tuzle Jasmin Imamovi\u0107 posjetio je Vanjskotrgovu komoru Bosne i Hercegovine i tom prilikom sa&hellip;<\/p>\n","protected":false},"author":4,"featured_media":146108,"comment_status":"open","ping_status":"closed","sticky":false,"template":"","format":"standard","meta":{"_acf_changed":false,"footnotes":""},"categories":[12],"tags":[531,2382],"acf":[],"yoast_head":"<!-- This site is optimized with the Yoast SEO plugin v23.5 - https:\/\/yoast.com\/wordpress\/plugins\/seo\/ -->\n<title>Imamovi\u0107 u posjeti Vanjskotrgovinskoj komori: Razgovarano o podr\u0161ci privrednicima i ja\u010danju saradnje - TuzlaInfo.ba<\/title>\n<meta name=\"robots\" content=\"index, follow, max-snippet:-1, max-image-preview:large, max-video-preview:-1\" \/>\n<link rel=\"canonical\" href=\"https:\/\/tuzlainfo.ba\/index.php\/novosti\/item\/146107-imamovic-u-posjeti-vanjskotrgovinskoj-komori-razgovarano-o-podrsci-privrednicima-i-jacanju-saradnje\/\" \/>\n<meta property=\"og:locale\" content=\"bs_BA\" \/>\n<meta property=\"og:type\" content=\"article\" \/>\n<meta property=\"og:title\" content=\"Imamovi\u0107 u posjeti Vanjskotrgovinskoj komori: Razgovarano o podr\u0161ci privrednicima i ja\u010danju saradnje - TuzlaInfo.ba\" \/>\n<meta property=\"og:description\" content=\"Gradona\u010delnik Tuzle Jasmin Imamovi\u0107 posjetio je Vanjskotrgovu komoru Bosne i Hercegovine i tom prilikom sa&hellip;\" \/>\n<meta property=\"og:url\" content=\"https:\/\/tuzlainfo.ba\/index.php\/novosti\/item\/146107-imamovic-u-posjeti-vanjskotrgovinskoj-komori-razgovarano-o-podrsci-privrednicima-i-jacanju-saradnje\/\" \/>\n<meta property=\"og:site_name\" content=\"TuzlaInfo.ba\" \/>\n<meta property=\"article:publisher\" content=\"https:\/\/www.facebook.com\/tuzlainfo.ba\/\" \/>\n<meta property=\"article:published_time\" content=\"2021-08-27T17:00:18+00:00\" \/>\n<meta property=\"article:modified_time\" content=\"2021-08-27T11:57:53+00:00\" \/>\n<meta property=\"og:image\" content=\"https:\/\/tuzlainfo.ba\/wp-content\/uploads\/2021\/08\/2708_imamovic-egrlic1.jpg\" \/>\n\t<meta property=\"og:image:width\" content=\"800\" \/>\n\t<meta property=\"og:image:height\" content=\"425\" \/>\n\t<meta property=\"og:image:type\" content=\"image\/jpeg\" \/>\n<meta name=\"author\" content=\"Tuzla Info\" \/>\n<meta name=\"twitter:card\" content=\"summary_large_image\" \/>\n<meta name=\"twitter:label1\" content=\"Written by\" \/>\n\t<meta name=\"twitter:data1\" content=\"Tuzla Info\" \/>\n\t<meta name=\"twitter:label2\" content=\"Est. reading time\" \/>\n\t<meta name=\"twitter:data2\" content=\"2 minute\" \/>\n<script type=\"application\/ld+json\" class=\"yoast-schema-graph\">{\"@context\":\"https:\/\/schema.org\",\"@graph\":[{\"@type\":\"Article\",\"@id\":\"https:\/\/tuzlainfo.ba\/index.php\/novosti\/item\/146107-imamovic-u-posjeti-vanjskotrgovinskoj-komori-razgovarano-o-podrsci-privrednicima-i-jacanju-saradnje\/#article\",\"isPartOf\":{\"@id\":\"https:\/\/tuzlainfo.ba\/index.php\/novosti\/item\/146107-imamovic-u-posjeti-vanjskotrgovinskoj-komori-razgovarano-o-podrsci-privrednicima-i-jacanju-saradnje\/\"},\"author\":{\"name\":\"Tuzla Info\",\"@id\":\"https:\/\/tuzlainfo.ba\/#\/schema\/person\/46cad4c57790cbc50781edd14870825a\"},\"headline\":\"Imamovi\u0107 u posjeti Vanjskotrgovinskoj komori: Razgovarano o podr\u0161ci privrednicima i ja\u010danju saradnje\",\"datePublished\":\"2021-08-27T17:00:18+00:00\",\"dateModified\":\"2021-08-27T11:57:53+00:00\",\"mainEntityOfPage\":{\"@id\":\"https:\/\/tuzlainfo.ba\/index.php\/novosti\/item\/146107-imamovic-u-posjeti-vanjskotrgovinskoj-komori-razgovarano-o-podrsci-privrednicima-i-jacanju-saradnje\/\"},\"wordCount\":355,\"commentCount\":0,\"publisher\":{\"@id\":\"https:\/\/tuzlainfo.ba\/#organization\"},\"image\":{\"@id\":\"https:\/\/tuzlainfo.ba\/index.php\/novosti\/item\/146107-imamovic-u-posjeti-vanjskotrgovinskoj-komori-razgovarano-o-podrsci-privrednicima-i-jacanju-saradnje\/#primaryimage\"},\"thumbnailUrl\":\"https:\/\/tuzlainfo.ba\/wp-content\/uploads\/2021\/08\/2708_imamovic-egrlic1.jpg\",\"keywords\":[\"jasmin imamovi\u0107\",\"vanjskotrgovinska komora\"],\"articleSection\":[\"Novosti\"],\"inLanguage\":\"bs-BA\"},{\"@type\":\"WebPage\",\"@id\":\"https:\/\/tuzlainfo.ba\/index.php\/novosti\/item\/146107-imamovic-u-posjeti-vanjskotrgovinskoj-komori-razgovarano-o-podrsci-privrednicima-i-jacanju-saradnje\/\",\"url\":\"https:\/\/tuzlainfo.ba\/index.php\/novosti\/item\/146107-imamovic-u-posjeti-vanjskotrgovinskoj-komori-razgovarano-o-podrsci-privrednicima-i-jacanju-saradnje\/\",\"name\":\"Imamovi\u0107 u posjeti Vanjskotrgovinskoj komori: Razgovarano o podr\u0161ci privrednicima i ja\u010danju saradnje - TuzlaInfo.ba\",\"isPartOf\":{\"@id\":\"https:\/\/tuzlainfo.ba\/#website\"},\"primaryImageOfPage\":{\"@id\":\"https:\/\/tuzlainfo.ba\/index.php\/novosti\/item\/146107-imamovic-u-posjeti-vanjskotrgovinskoj-komori-razgovarano-o-podrsci-privrednicima-i-jacanju-saradnje\/#primaryimage\"},\"image\":{\"@id\":\"https:\/\/tuzlainfo.ba\/index.php\/novosti\/item\/146107-imamovic-u-posjeti-vanjskotrgovinskoj-komori-razgovarano-o-podrsci-privrednicima-i-jacanju-saradnje\/#primaryimage\"},\"thumbnailUrl\":\"https:\/\/tuzlainfo.ba\/wp-content\/uploads\/2021\/08\/2708_imamovic-egrlic1.jpg\",\"datePublished\":\"2021-08-27T17:00:18+00:00\",\"dateModified\":\"2021-08-27T11:57:53+00:00\",\"breadcrumb\":{\"@id\":\"https:\/\/tuzlainfo.ba\/index.php\/novosti\/item\/146107-imamovic-u-posjeti-vanjskotrgovinskoj-komori-razgovarano-o-podrsci-privrednicima-i-jacanju-saradnje\/#breadcrumb\"},\"inLanguage\":\"bs-BA\",\"potentialAction\":[{\"@type\":\"ReadAction\",\"target\":[\"https:\/\/tuzlainfo.ba\/index.php\/novosti\/item\/146107-imamovic-u-posjeti-vanjskotrgovinskoj-komori-razgovarano-o-podrsci-privrednicima-i-jacanju-saradnje\/\"]}]},{\"@type\":\"ImageObject\",\"inLanguage\":\"bs-BA\",\"@id\":\"https:\/\/tuzlainfo.ba\/index.php\/novosti\/item\/146107-imamovic-u-posjeti-vanjskotrgovinskoj-komori-razgovarano-o-podrsci-privrednicima-i-jacanju-saradnje\/#primaryimage\",\"url\":\"https:\/\/tuzlainfo.ba\/wp-content\/uploads\/2021\/08\/2708_imamovic-egrlic1.jpg\",\"contentUrl\":\"https:\/\/tuzlainfo.ba\/wp-content\/uploads\/2021\/08\/2708_imamovic-egrlic1.jpg\",\"width\":800,\"height\":425},{\"@type\":\"BreadcrumbList\",\"@id\":\"https:\/\/tuzlainfo.ba\/index.php\/novosti\/item\/146107-imamovic-u-posjeti-vanjskotrgovinskoj-komori-razgovarano-o-podrsci-privrednicima-i-jacanju-saradnje\/#breadcrumb\",\"itemListElement\":[{\"@type\":\"ListItem\",\"position\":1,\"name\":\"Home\",\"item\":\"https:\/\/tuzlainfo.ba\/\"},{\"@type\":\"ListItem\",\"position\":2,\"name\":\"Imamovi\u0107 u posjeti Vanjskotrgovinskoj komori: Razgovarano o podr\u0161ci privrednicima i ja\u010danju saradnje\"}]},{\"@type\":\"WebSite\",\"@id\":\"https:\/\/tuzlainfo.ba\/#website\",\"url\":\"https:\/\/tuzlainfo.ba\/\",\"name\":\"TuzlaInfo.ba\",\"description\":\"Tuzla info, gradski informator - Tuzla na dlanu\",\"publisher\":{\"@id\":\"https:\/\/tuzlainfo.ba\/#organization\"},\"potentialAction\":[{\"@type\":\"SearchAction\",\"target\":{\"@type\":\"EntryPoint\",\"urlTemplate\":\"https:\/\/tuzlainfo.ba\/?s={search_term_string}\"},\"query-input\":{\"@type\":\"PropertyValueSpecification\",\"valueRequired\":true,\"valueName\":\"search_term_string\"}}],\"inLanguage\":\"bs-BA\"},{\"@type\":\"Organization\",\"@id\":\"https:\/\/tuzlainfo.ba\/#organization\",\"name\":\"TuzlaInfo.ba\",\"url\":\"https:\/\/tuzlainfo.ba\/\",\"logo\":{\"@type\":\"ImageObject\",\"inLanguage\":\"bs-BA\",\"@id\":\"https:\/\/tuzlainfo.ba\/#\/schema\/logo\/image\/\",\"url\":\"https:\/\/tuzlainfo.ba\/wp-content\/uploads\/2021\/03\/logo-ver-3-1.png\",\"contentUrl\":\"https:\/\/tuzlainfo.ba\/wp-content\/uploads\/2021\/03\/logo-ver-3-1.png\",\"width\":350,\"height\":95,\"caption\":\"TuzlaInfo.ba\"},\"image\":{\"@id\":\"https:\/\/tuzlainfo.ba\/#\/schema\/logo\/image\/\"},\"sameAs\":[\"https:\/\/www.facebook.com\/tuzlainfo.ba\/\"]},{\"@type\":\"Person\",\"@id\":\"https:\/\/tuzlainfo.ba\/#\/schema\/person\/46cad4c57790cbc50781edd14870825a\",\"name\":\"Tuzla Info\",\"image\":{\"@type\":\"ImageObject\",\"inLanguage\":\"bs-BA\",\"@id\":\"https:\/\/tuzlainfo.ba\/#\/schema\/person\/image\/\",\"url\":\"https:\/\/tuzlainfo.ba\/wp-content\/litespeed\/avatar\/b6c453a6c38e3654f2e4416c643fc25c.jpg?ver=1777051911\",\"contentUrl\":\"https:\/\/tuzlainfo.ba\/wp-content\/litespeed\/avatar\/b6c453a6c38e3654f2e4416c643fc25c.jpg?ver=1777051911\",\"caption\":\"Tuzla Info\"}}]}<\/script>\n<!-- \/ Yoast SEO plugin. -->","yoast_head_json":{"title":"Imamovi\u0107 u posjeti Vanjskotrgovinskoj komori: Razgovarano o podr\u0161ci privrednicima i ja\u010danju saradnje - TuzlaInfo.ba","robots":{"index":"index","follow":"follow","max-snippet":"max-snippet:-1","max-image-preview":"max-image-preview:large","max-video-preview":"max-video-preview:-1"},"canonical":"https:\/\/tuzlainfo.ba\/index.php\/novosti\/item\/146107-imamovic-u-posjeti-vanjskotrgovinskoj-komori-razgovarano-o-podrsci-privrednicima-i-jacanju-saradnje\/","og_locale":"bs_BA","og_type":"article","og_title":"Imamovi\u0107 u posjeti Vanjskotrgovinskoj komori: Razgovarano o podr\u0161ci privrednicima i ja\u010danju saradnje - TuzlaInfo.ba","og_description":"Gradona\u010delnik Tuzle Jasmin Imamovi\u0107 posjetio je Vanjskotrgovu komoru Bosne i Hercegovine i tom prilikom sa&hellip;","og_url":"https:\/\/tuzlainfo.ba\/index.php\/novosti\/item\/146107-imamovic-u-posjeti-vanjskotrgovinskoj-komori-razgovarano-o-podrsci-privrednicima-i-jacanju-saradnje\/","og_site_name":"TuzlaInfo.ba","article_publisher":"https:\/\/www.facebook.com\/tuzlainfo.ba\/","article_published_time":"2021-08-27T17:00:18+00:00","article_modified_time":"2021-08-27T11:57:53+00:00","og_image":[{"width":800,"height":425,"url":"https:\/\/tuzlainfo.ba\/wp-content\/uploads\/2021\/08\/2708_imamovic-egrlic1.jpg","type":"image\/jpeg"}],"author":"Tuzla Info","twitter_card":"summary_large_image","twitter_misc":{"Written by":"Tuzla Info","Est. reading time":"2 minute"},"schema":{"@context":"https:\/\/schema.org","@graph":[{"@type":"Article","@id":"https:\/\/tuzlainfo.ba\/index.php\/novosti\/item\/146107-imamovic-u-posjeti-vanjskotrgovinskoj-komori-razgovarano-o-podrsci-privrednicima-i-jacanju-saradnje\/#article","isPartOf":{"@id":"https:\/\/tuzlainfo.ba\/index.php\/novosti\/item\/146107-imamovic-u-posjeti-vanjskotrgovinskoj-komori-razgovarano-o-podrsci-privrednicima-i-jacanju-saradnje\/"},"author":{"name":"Tuzla Info","@id":"https:\/\/tuzlainfo.ba\/#\/schema\/person\/46cad4c57790cbc50781edd14870825a"},"headline":"Imamovi\u0107 u posjeti Vanjskotrgovinskoj komori: Razgovarano o podr\u0161ci privrednicima i ja\u010danju saradnje","datePublished":"2021-08-27T17:00:18+00:00","dateModified":"2021-08-27T11:57:53+00:00","mainEntityOfPage":{"@id":"https:\/\/tuzlainfo.ba\/index.php\/novosti\/item\/146107-imamovic-u-posjeti-vanjskotrgovinskoj-komori-razgovarano-o-podrsci-privrednicima-i-jacanju-saradnje\/"},"wordCount":355,"commentCount":0,"publisher":{"@id":"https:\/\/tuzlainfo.ba\/#organization"},"image":{"@id":"https:\/\/tuzlainfo.ba\/index.php\/novosti\/item\/146107-imamovic-u-posjeti-vanjskotrgovinskoj-komori-razgovarano-o-podrsci-privrednicima-i-jacanju-saradnje\/#primaryimage"},"thumbnailUrl":"https:\/\/tuzlainfo.ba\/wp-content\/uploads\/2021\/08\/2708_imamovic-egrlic1.jpg","keywords":["jasmin imamovi\u0107","vanjskotrgovinska komora"],"articleSection":["Novosti"],"inLanguage":"bs-BA"},{"@type":"WebPage","@id":"https:\/\/tuzlainfo.ba\/index.php\/novosti\/item\/146107-imamovic-u-posjeti-vanjskotrgovinskoj-komori-razgovarano-o-podrsci-privrednicima-i-jacanju-saradnje\/","url":"https:\/\/tuzlainfo.ba\/index.php\/novosti\/item\/146107-imamovic-u-posjeti-vanjskotrgovinskoj-komori-razgovarano-o-podrsci-privrednicima-i-jacanju-saradnje\/","name":"Imamovi\u0107 u posjeti Vanjskotrgovinskoj komori: Razgovarano o podr\u0161ci privrednicima i ja\u010danju saradnje - TuzlaInfo.ba","isPartOf":{"@id":"https:\/\/tuzlainfo.ba\/#website"},"primaryImageOfPage":{"@id":"https:\/\/tuzlainfo.ba\/index.php\/novosti\/item\/146107-imamovic-u-posjeti-vanjskotrgovinskoj-komori-razgovarano-o-podrsci-privrednicima-i-jacanju-saradnje\/#primaryimage"},"image":{"@id":"https:\/\/tuzlainfo.ba\/index.php\/novosti\/item\/146107-imamovic-u-posjeti-vanjskotrgovinskoj-komori-razgovarano-o-podrsci-privrednicima-i-jacanju-saradnje\/#primaryimage"},"thumbnailUrl":"https:\/\/tuzlainfo.ba\/wp-content\/uploads\/2021\/08\/2708_imamovic-egrlic1.jpg","datePublished":"2021-08-27T17:00:18+00:00","dateModified":"2021-08-27T11:57:53+00:00","breadcrumb":{"@id":"https:\/\/tuzlainfo.ba\/index.php\/novosti\/item\/146107-imamovic-u-posjeti-vanjskotrgovinskoj-komori-razgovarano-o-podrsci-privrednicima-i-jacanju-saradnje\/#breadcrumb"},"inLanguage":"bs-BA","potentialAction":[{"@type":"ReadAction","target":["https:\/\/tuzlainfo.ba\/index.php\/novosti\/item\/146107-imamovic-u-posjeti-vanjskotrgovinskoj-komori-razgovarano-o-podrsci-privrednicima-i-jacanju-saradnje\/"]}]},{"@type":"ImageObject","inLanguage":"bs-BA","@id":"https:\/\/tuzlainfo.ba\/index.php\/novosti\/item\/146107-imamovic-u-posjeti-vanjskotrgovinskoj-komori-razgovarano-o-podrsci-privrednicima-i-jacanju-saradnje\/#primaryimage","url":"https:\/\/tuzlainfo.ba\/wp-content\/uploads\/2021\/08\/2708_imamovic-egrlic1.jpg","contentUrl":"https:\/\/tuzlainfo.ba\/wp-content\/uploads\/2021\/08\/2708_imamovic-egrlic1.jpg","width":800,"height":425},{"@type":"BreadcrumbList","@id":"https:\/\/tuzlainfo.ba\/index.php\/novosti\/item\/146107-imamovic-u-posjeti-vanjskotrgovinskoj-komori-razgovarano-o-podrsci-privrednicima-i-jacanju-saradnje\/#breadcrumb","itemListElement":[{"@type":"ListItem","position":1,"name":"Home","item":"https:\/\/tuzlainfo.ba\/"},{"@type":"ListItem","position":2,"name":"Imamovi\u0107 u posjeti Vanjskotrgovinskoj komori: Razgovarano o podr\u0161ci privrednicima i ja\u010danju saradnje"}]},{"@type":"WebSite","@id":"https:\/\/tuzlainfo.ba\/#website","url":"https:\/\/tuzlainfo.ba\/","name":"TuzlaInfo.ba","description":"Tuzla info, gradski informator - Tuzla na dlanu","publisher":{"@id":"https:\/\/tuzlainfo.ba\/#organization"},"potentialAction":[{"@type":"SearchAction","target":{"@type":"EntryPoint","urlTemplate":"https:\/\/tuzlainfo.ba\/?s={search_term_string}"},"query-input":{"@type":"PropertyValueSpecification","valueRequired":true,"valueName":"search_term_string"}}],"inLanguage":"bs-BA"},{"@type":"Organization","@id":"https:\/\/tuzlainfo.ba\/#organization","name":"TuzlaInfo.ba","url":"https:\/\/tuzlainfo.ba\/","logo":{"@type":"ImageObject","inLanguage":"bs-BA","@id":"https:\/\/tuzlainfo.ba\/#\/schema\/logo\/image\/","url":"https:\/\/tuzlainfo.ba\/wp-content\/uploads\/2021\/03\/logo-ver-3-1.png","contentUrl":"https:\/\/tuzlainfo.ba\/wp-content\/uploads\/2021\/03\/logo-ver-3-1.png","width":350,"height":95,"caption":"TuzlaInfo.ba"},"image":{"@id":"https:\/\/tuzlainfo.ba\/#\/schema\/logo\/image\/"},"sameAs":["https:\/\/www.facebook.com\/tuzlainfo.ba\/"]},{"@type":"Person","@id":"https:\/\/tuzlainfo.ba\/#\/schema\/person\/46cad4c57790cbc50781edd14870825a","name":"Tuzla Info","image":{"@type":"ImageObject","inLanguage":"bs-BA","@id":"https:\/\/tuzlainfo.ba\/#\/schema\/person\/image\/","url":"https:\/\/tuzlainfo.ba\/wp-content\/litespeed\/avatar\/b6c453a6c38e3654f2e4416c643fc25c.jpg?ver=1777051911","contentUrl":"https:\/\/tuzlainfo.ba\/wp-content\/litespeed\/avatar\/b6c453a6c38e3654f2e4416c643fc25c.jpg?ver=1777051911","caption":"Tuzla Info"}}]}},"_links":{"self":[{"href":"https:\/\/tuzlainfo.ba\/index.php\/wp-json\/wp\/v2\/posts\/146107"}],"collection":[{"href":"https:\/\/tuzlainfo.ba\/index.php\/wp-json\/wp\/v2\/posts"}],"about":[{"href":"https:\/\/tuzlainfo.ba\/index.php\/wp-json\/wp\/v2\/types\/post"}],"author":[{"embeddable":true,"href":"https:\/\/tuzlainfo.ba\/index.php\/wp-json\/wp\/v2\/users\/4"}],"replies":[{"embeddable":true,"href":"https:\/\/tuzlainfo.ba\/index.php\/wp-json\/wp\/v2\/comments?post=146107"}],"version-history":[{"count":0,"href":"https:\/\/tuzlainfo.ba\/index.php\/wp-json\/wp\/v2\/posts\/146107\/revisions"}],"wp:featuredmedia":[{"embeddable":true,"href":"https:\/\/tuzlainfo.ba\/index.php\/wp-json\/wp\/v2\/media\/146108"}],"wp:attachment":[{"href":"https:\/\/tuzlainfo.ba\/index.php\/wp-json\/wp\/v2\/media?parent=146107"}],"wp:term":[{"taxonomy":"category","embeddable":true,"href":"https:\/\/tuzlainfo.ba\/index.php\/wp-json\/wp\/v2\/categories?post=146107"},{"taxonomy":"post_tag","embeddable":true,"href":"https:\/\/tuzlainfo.ba\/index.php\/wp-json\/wp\/v2\/tags?post=146107"}],"curies":[{"name":"wp","href":"https:\/\/api.w.org\/{rel}","templated":true}]}}