{"id":145801,"date":"2021-08-24T22:00:02","date_gmt":"2021-08-24T20:00:02","guid":{"rendered":"https:\/\/tuzlainfo.ba\/?p=145801"},"modified":"2021-08-24T15:16:45","modified_gmt":"2021-08-24T13:16:45","slug":"tuzla-planska-iskljucenja-el-energije-za-srijedu-i-cetvrtak","status":"publish","type":"post","link":"https:\/\/tuzlainfo.ba\/index.php\/novosti\/item\/145801-tuzla-planska-iskljucenja-el-energije-za-srijedu-i-cetvrtak\/","title":{"rendered":"Tuzla: Planska isklju\u010denja el. energije za srijedu i \u010detvrtak"},"content":{"rendered":"<p>Iz Elektrodistribucije Tuzla su za srijedu 25. august i \u010detvrtak 26. august 2021. godine najavili planske prekide isporuke elektri\u010dne energije u vi\u0161e tuzlanskih ulica i naselja.<\/p>\n<p><strong>Planska isklju\u010denja el. energije za 25.08. 2021.:<\/strong><\/p>\n<p><strong>Od 08.30 do 12 sati u ulicama i naseljima:<\/strong><\/p>\n<p>Be\u0107arevac, Donja Grabovica, Gornja Grabovica, Grabovica, Grabovica Donja, Srednja Grabovica<\/p>\n<p><strong>Planska isklju\u010denja el. energije za 26.08. 2021.:<\/strong><\/p>\n<p><strong>Od 08:30 do 11.30 sati u ulicama i naseljima:\u00a0<\/strong><\/p>\n<p>Bosne Srebrene,\u00a0 Mustafe Huki\u0107a, Univerzitetska<\/p>\n<p><strong>Od 12 do 15 sati u ulicama i naseljima:\u00a0<\/strong><\/p>\n<p>26. Augusta, 38.divizije, Arifa Red\u017ei\u0107a, Mari\u0107i, Miralema Junuzovi\u0107a, Mramor, Mramor Naselje, Mramorska, Rudarska<\/p>\n<p>Prekidi ili ograni\u010denja isporuke elektri\u010dne energije se vr\u0161e zbog planiranih isklju\u010denja, odnosno ograni\u010denja radi odr\u017eavanja, remonta, priklju\u010denja novih kupaca, kao i drugih investicijskih radova.<\/p>\n","protected":false},"excerpt":{"rendered":"<p>Iz Elektrodistribucije Tuzla su za srijedu 25. august i \u010detvrtak 26. august 2021. godine najavili&hellip;<\/p>\n","protected":false},"author":4,"featured_media":85517,"comment_status":"open","ping_status":"closed","sticky":false,"template":"","format":"standard","meta":{"_acf_changed":false,"footnotes":""},"categories":[304,12],"tags":[2148,453],"acf":[],"yoast_head":"<!-- This site is optimized with the Yoast SEO plugin v23.5 - https:\/\/yoast.com\/wordpress\/plugins\/seo\/ -->\n<title>Tuzla: Planska isklju\u010denja el. energije za srijedu i \u010detvrtak - TuzlaInfo.ba<\/title>\n<meta name=\"robots\" content=\"index, follow, max-snippet:-1, max-image-preview:large, max-video-preview:-1\" \/>\n<link rel=\"canonical\" href=\"https:\/\/tuzlainfo.ba\/index.php\/novosti\/item\/145801-tuzla-planska-iskljucenja-el-energije-za-srijedu-i-cetvrtak\/\" \/>\n<meta property=\"og:locale\" content=\"bs_BA\" \/>\n<meta property=\"og:type\" content=\"article\" \/>\n<meta property=\"og:title\" content=\"Tuzla: Planska isklju\u010denja el. energije za srijedu i \u010detvrtak - TuzlaInfo.ba\" \/>\n<meta property=\"og:description\" content=\"Iz Elektrodistribucije Tuzla su za srijedu 25. august i \u010detvrtak 26. august 2021. godine najavili&hellip;\" \/>\n<meta property=\"og:url\" content=\"https:\/\/tuzlainfo.ba\/index.php\/novosti\/item\/145801-tuzla-planska-iskljucenja-el-energije-za-srijedu-i-cetvrtak\/\" \/>\n<meta property=\"og:site_name\" content=\"TuzlaInfo.ba\" \/>\n<meta property=\"article:publisher\" content=\"https:\/\/www.facebook.com\/tuzlainfo.ba\/\" \/>\n<meta property=\"article:published_time\" content=\"2021-08-24T20:00:02+00:00\" \/>\n<meta property=\"article:modified_time\" content=\"2021-08-24T13:16:45+00:00\" \/>\n<meta property=\"og:image\" content=\"https:\/\/tuzlainfo.ba\/wp-content\/uploads\/2021\/01\/sadrzaj_2021_20210101_01012021_elektro.jpg\" \/>\n\t<meta property=\"og:image:width\" content=\"770\" \/>\n\t<meta property=\"og:image:height\" content=\"577\" \/>\n\t<meta property=\"og:image:type\" content=\"image\/jpeg\" \/>\n<meta name=\"author\" content=\"Tuzla Info\" \/>\n<meta name=\"twitter:card\" content=\"summary_large_image\" \/>\n<meta name=\"twitter:label1\" content=\"Written by\" \/>\n\t<meta name=\"twitter:data1\" content=\"Tuzla Info\" \/>\n\t<meta name=\"twitter:label2\" content=\"Est. reading time\" \/>\n\t<meta name=\"twitter:data2\" content=\"1 minuta\" \/>\n<script type=\"application\/ld+json\" class=\"yoast-schema-graph\">{\"@context\":\"https:\/\/schema.org\",\"@graph\":[{\"@type\":\"Article\",\"@id\":\"https:\/\/tuzlainfo.ba\/index.php\/novosti\/item\/145801-tuzla-planska-iskljucenja-el-energije-za-srijedu-i-cetvrtak\/#article\",\"isPartOf\":{\"@id\":\"https:\/\/tuzlainfo.ba\/index.php\/novosti\/item\/145801-tuzla-planska-iskljucenja-el-energije-za-srijedu-i-cetvrtak\/\"},\"author\":{\"name\":\"Tuzla Info\",\"@id\":\"https:\/\/tuzlainfo.ba\/#\/schema\/person\/46cad4c57790cbc50781edd14870825a\"},\"headline\":\"Tuzla: Planska isklju\u010denja el. energije za srijedu i \u010detvrtak\",\"datePublished\":\"2021-08-24T20:00:02+00:00\",\"dateModified\":\"2021-08-24T13:16:45+00:00\",\"mainEntityOfPage\":{\"@id\":\"https:\/\/tuzlainfo.ba\/index.php\/novosti\/item\/145801-tuzla-planska-iskljucenja-el-energije-za-srijedu-i-cetvrtak\/\"},\"wordCount\":132,\"commentCount\":0,\"publisher\":{\"@id\":\"https:\/\/tuzlainfo.ba\/#organization\"},\"image\":{\"@id\":\"https:\/\/tuzlainfo.ba\/index.php\/novosti\/item\/145801-tuzla-planska-iskljucenja-el-energije-za-srijedu-i-cetvrtak\/#primaryimage\"},\"thumbnailUrl\":\"https:\/\/tuzlainfo.ba\/wp-content\/uploads\/2021\/01\/sadrzaj_2021_20210101_01012021_elektro.jpg\",\"keywords\":[\"elektri\u010dna energija\",\"Planska isklju\u010denja\"],\"articleSection\":[\"Istaknuto\",\"Novosti\"],\"inLanguage\":\"bs-BA\"},{\"@type\":\"WebPage\",\"@id\":\"https:\/\/tuzlainfo.ba\/index.php\/novosti\/item\/145801-tuzla-planska-iskljucenja-el-energije-za-srijedu-i-cetvrtak\/\",\"url\":\"https:\/\/tuzlainfo.ba\/index.php\/novosti\/item\/145801-tuzla-planska-iskljucenja-el-energije-za-srijedu-i-cetvrtak\/\",\"name\":\"Tuzla: Planska isklju\u010denja el. energije za srijedu i \u010detvrtak - TuzlaInfo.ba\",\"isPartOf\":{\"@id\":\"https:\/\/tuzlainfo.ba\/#website\"},\"primaryImageOfPage\":{\"@id\":\"https:\/\/tuzlainfo.ba\/index.php\/novosti\/item\/145801-tuzla-planska-iskljucenja-el-energije-za-srijedu-i-cetvrtak\/#primaryimage\"},\"image\":{\"@id\":\"https:\/\/tuzlainfo.ba\/index.php\/novosti\/item\/145801-tuzla-planska-iskljucenja-el-energije-za-srijedu-i-cetvrtak\/#primaryimage\"},\"thumbnailUrl\":\"https:\/\/tuzlainfo.ba\/wp-content\/uploads\/2021\/01\/sadrzaj_2021_20210101_01012021_elektro.jpg\",\"datePublished\":\"2021-08-24T20:00:02+00:00\",\"dateModified\":\"2021-08-24T13:16:45+00:00\",\"breadcrumb\":{\"@id\":\"https:\/\/tuzlainfo.ba\/index.php\/novosti\/item\/145801-tuzla-planska-iskljucenja-el-energije-za-srijedu-i-cetvrtak\/#breadcrumb\"},\"inLanguage\":\"bs-BA\",\"potentialAction\":[{\"@type\":\"ReadAction\",\"target\":[\"https:\/\/tuzlainfo.ba\/index.php\/novosti\/item\/145801-tuzla-planska-iskljucenja-el-energije-za-srijedu-i-cetvrtak\/\"]}]},{\"@type\":\"ImageObject\",\"inLanguage\":\"bs-BA\",\"@id\":\"https:\/\/tuzlainfo.ba\/index.php\/novosti\/item\/145801-tuzla-planska-iskljucenja-el-energije-za-srijedu-i-cetvrtak\/#primaryimage\",\"url\":\"https:\/\/tuzlainfo.ba\/wp-content\/uploads\/2021\/01\/sadrzaj_2021_20210101_01012021_elektro.jpg\",\"contentUrl\":\"https:\/\/tuzlainfo.ba\/wp-content\/uploads\/2021\/01\/sadrzaj_2021_20210101_01012021_elektro.jpg\",\"width\":770,\"height\":577,\"caption\":\"01012021 elektro\"},{\"@type\":\"BreadcrumbList\",\"@id\":\"https:\/\/tuzlainfo.ba\/index.php\/novosti\/item\/145801-tuzla-planska-iskljucenja-el-energije-za-srijedu-i-cetvrtak\/#breadcrumb\",\"itemListElement\":[{\"@type\":\"ListItem\",\"position\":1,\"name\":\"Home\",\"item\":\"https:\/\/tuzlainfo.ba\/\"},{\"@type\":\"ListItem\",\"position\":2,\"name\":\"Tuzla: Planska isklju\u010denja el. energije za srijedu i \u010detvrtak\"}]},{\"@type\":\"WebSite\",\"@id\":\"https:\/\/tuzlainfo.ba\/#website\",\"url\":\"https:\/\/tuzlainfo.ba\/\",\"name\":\"TuzlaInfo.ba\",\"description\":\"Tuzla info, gradski informator - Tuzla na dlanu\",\"publisher\":{\"@id\":\"https:\/\/tuzlainfo.ba\/#organization\"},\"potentialAction\":[{\"@type\":\"SearchAction\",\"target\":{\"@type\":\"EntryPoint\",\"urlTemplate\":\"https:\/\/tuzlainfo.ba\/?s={search_term_string}\"},\"query-input\":{\"@type\":\"PropertyValueSpecification\",\"valueRequired\":true,\"valueName\":\"search_term_string\"}}],\"inLanguage\":\"bs-BA\"},{\"@type\":\"Organization\",\"@id\":\"https:\/\/tuzlainfo.ba\/#organization\",\"name\":\"TuzlaInfo.ba\",\"url\":\"https:\/\/tuzlainfo.ba\/\",\"logo\":{\"@type\":\"ImageObject\",\"inLanguage\":\"bs-BA\",\"@id\":\"https:\/\/tuzlainfo.ba\/#\/schema\/logo\/image\/\",\"url\":\"https:\/\/tuzlainfo.ba\/wp-content\/uploads\/2021\/03\/logo-ver-3-1.png\",\"contentUrl\":\"https:\/\/tuzlainfo.ba\/wp-content\/uploads\/2021\/03\/logo-ver-3-1.png\",\"width\":350,\"height\":95,\"caption\":\"TuzlaInfo.ba\"},\"image\":{\"@id\":\"https:\/\/tuzlainfo.ba\/#\/schema\/logo\/image\/\"},\"sameAs\":[\"https:\/\/www.facebook.com\/tuzlainfo.ba\/\"]},{\"@type\":\"Person\",\"@id\":\"https:\/\/tuzlainfo.ba\/#\/schema\/person\/46cad4c57790cbc50781edd14870825a\",\"name\":\"Tuzla Info\",\"image\":{\"@type\":\"ImageObject\",\"inLanguage\":\"bs-BA\",\"@id\":\"https:\/\/tuzlainfo.ba\/#\/schema\/person\/image\/\",\"url\":\"https:\/\/tuzlainfo.ba\/wp-content\/litespeed\/avatar\/b6c453a6c38e3654f2e4416c643fc25c.jpg?ver=1777051911\",\"contentUrl\":\"https:\/\/tuzlainfo.ba\/wp-content\/litespeed\/avatar\/b6c453a6c38e3654f2e4416c643fc25c.jpg?ver=1777051911\",\"caption\":\"Tuzla Info\"}}]}<\/script>\n<!-- \/ Yoast SEO plugin. -->","yoast_head_json":{"title":"Tuzla: Planska isklju\u010denja el. energije za srijedu i \u010detvrtak - TuzlaInfo.ba","robots":{"index":"index","follow":"follow","max-snippet":"max-snippet:-1","max-image-preview":"max-image-preview:large","max-video-preview":"max-video-preview:-1"},"canonical":"https:\/\/tuzlainfo.ba\/index.php\/novosti\/item\/145801-tuzla-planska-iskljucenja-el-energije-za-srijedu-i-cetvrtak\/","og_locale":"bs_BA","og_type":"article","og_title":"Tuzla: Planska isklju\u010denja el. energije za srijedu i \u010detvrtak - TuzlaInfo.ba","og_description":"Iz Elektrodistribucije Tuzla su za srijedu 25. august i \u010detvrtak 26. august 2021. godine najavili&hellip;","og_url":"https:\/\/tuzlainfo.ba\/index.php\/novosti\/item\/145801-tuzla-planska-iskljucenja-el-energije-za-srijedu-i-cetvrtak\/","og_site_name":"TuzlaInfo.ba","article_publisher":"https:\/\/www.facebook.com\/tuzlainfo.ba\/","article_published_time":"2021-08-24T20:00:02+00:00","article_modified_time":"2021-08-24T13:16:45+00:00","og_image":[{"width":770,"height":577,"url":"https:\/\/tuzlainfo.ba\/wp-content\/uploads\/2021\/01\/sadrzaj_2021_20210101_01012021_elektro.jpg","type":"image\/jpeg"}],"author":"Tuzla Info","twitter_card":"summary_large_image","twitter_misc":{"Written by":"Tuzla Info","Est. reading time":"1 minuta"},"schema":{"@context":"https:\/\/schema.org","@graph":[{"@type":"Article","@id":"https:\/\/tuzlainfo.ba\/index.php\/novosti\/item\/145801-tuzla-planska-iskljucenja-el-energije-za-srijedu-i-cetvrtak\/#article","isPartOf":{"@id":"https:\/\/tuzlainfo.ba\/index.php\/novosti\/item\/145801-tuzla-planska-iskljucenja-el-energije-za-srijedu-i-cetvrtak\/"},"author":{"name":"Tuzla Info","@id":"https:\/\/tuzlainfo.ba\/#\/schema\/person\/46cad4c57790cbc50781edd14870825a"},"headline":"Tuzla: Planska isklju\u010denja el. energije za srijedu i \u010detvrtak","datePublished":"2021-08-24T20:00:02+00:00","dateModified":"2021-08-24T13:16:45+00:00","mainEntityOfPage":{"@id":"https:\/\/tuzlainfo.ba\/index.php\/novosti\/item\/145801-tuzla-planska-iskljucenja-el-energije-za-srijedu-i-cetvrtak\/"},"wordCount":132,"commentCount":0,"publisher":{"@id":"https:\/\/tuzlainfo.ba\/#organization"},"image":{"@id":"https:\/\/tuzlainfo.ba\/index.php\/novosti\/item\/145801-tuzla-planska-iskljucenja-el-energije-za-srijedu-i-cetvrtak\/#primaryimage"},"thumbnailUrl":"https:\/\/tuzlainfo.ba\/wp-content\/uploads\/2021\/01\/sadrzaj_2021_20210101_01012021_elektro.jpg","keywords":["elektri\u010dna energija","Planska isklju\u010denja"],"articleSection":["Istaknuto","Novosti"],"inLanguage":"bs-BA"},{"@type":"WebPage","@id":"https:\/\/tuzlainfo.ba\/index.php\/novosti\/item\/145801-tuzla-planska-iskljucenja-el-energije-za-srijedu-i-cetvrtak\/","url":"https:\/\/tuzlainfo.ba\/index.php\/novosti\/item\/145801-tuzla-planska-iskljucenja-el-energije-za-srijedu-i-cetvrtak\/","name":"Tuzla: Planska isklju\u010denja el. energije za srijedu i \u010detvrtak - TuzlaInfo.ba","isPartOf":{"@id":"https:\/\/tuzlainfo.ba\/#website"},"primaryImageOfPage":{"@id":"https:\/\/tuzlainfo.ba\/index.php\/novosti\/item\/145801-tuzla-planska-iskljucenja-el-energije-za-srijedu-i-cetvrtak\/#primaryimage"},"image":{"@id":"https:\/\/tuzlainfo.ba\/index.php\/novosti\/item\/145801-tuzla-planska-iskljucenja-el-energije-za-srijedu-i-cetvrtak\/#primaryimage"},"thumbnailUrl":"https:\/\/tuzlainfo.ba\/wp-content\/uploads\/2021\/01\/sadrzaj_2021_20210101_01012021_elektro.jpg","datePublished":"2021-08-24T20:00:02+00:00","dateModified":"2021-08-24T13:16:45+00:00","breadcrumb":{"@id":"https:\/\/tuzlainfo.ba\/index.php\/novosti\/item\/145801-tuzla-planska-iskljucenja-el-energije-za-srijedu-i-cetvrtak\/#breadcrumb"},"inLanguage":"bs-BA","potentialAction":[{"@type":"ReadAction","target":["https:\/\/tuzlainfo.ba\/index.php\/novosti\/item\/145801-tuzla-planska-iskljucenja-el-energije-za-srijedu-i-cetvrtak\/"]}]},{"@type":"ImageObject","inLanguage":"bs-BA","@id":"https:\/\/tuzlainfo.ba\/index.php\/novosti\/item\/145801-tuzla-planska-iskljucenja-el-energije-za-srijedu-i-cetvrtak\/#primaryimage","url":"https:\/\/tuzlainfo.ba\/wp-content\/uploads\/2021\/01\/sadrzaj_2021_20210101_01012021_elektro.jpg","contentUrl":"https:\/\/tuzlainfo.ba\/wp-content\/uploads\/2021\/01\/sadrzaj_2021_20210101_01012021_elektro.jpg","width":770,"height":577,"caption":"01012021 elektro"},{"@type":"BreadcrumbList","@id":"https:\/\/tuzlainfo.ba\/index.php\/novosti\/item\/145801-tuzla-planska-iskljucenja-el-energije-za-srijedu-i-cetvrtak\/#breadcrumb","itemListElement":[{"@type":"ListItem","position":1,"name":"Home","item":"https:\/\/tuzlainfo.ba\/"},{"@type":"ListItem","position":2,"name":"Tuzla: Planska isklju\u010denja el. energije za srijedu i \u010detvrtak"}]},{"@type":"WebSite","@id":"https:\/\/tuzlainfo.ba\/#website","url":"https:\/\/tuzlainfo.ba\/","name":"TuzlaInfo.ba","description":"Tuzla info, gradski informator - Tuzla na dlanu","publisher":{"@id":"https:\/\/tuzlainfo.ba\/#organization"},"potentialAction":[{"@type":"SearchAction","target":{"@type":"EntryPoint","urlTemplate":"https:\/\/tuzlainfo.ba\/?s={search_term_string}"},"query-input":{"@type":"PropertyValueSpecification","valueRequired":true,"valueName":"search_term_string"}}],"inLanguage":"bs-BA"},{"@type":"Organization","@id":"https:\/\/tuzlainfo.ba\/#organization","name":"TuzlaInfo.ba","url":"https:\/\/tuzlainfo.ba\/","logo":{"@type":"ImageObject","inLanguage":"bs-BA","@id":"https:\/\/tuzlainfo.ba\/#\/schema\/logo\/image\/","url":"https:\/\/tuzlainfo.ba\/wp-content\/uploads\/2021\/03\/logo-ver-3-1.png","contentUrl":"https:\/\/tuzlainfo.ba\/wp-content\/uploads\/2021\/03\/logo-ver-3-1.png","width":350,"height":95,"caption":"TuzlaInfo.ba"},"image":{"@id":"https:\/\/tuzlainfo.ba\/#\/schema\/logo\/image\/"},"sameAs":["https:\/\/www.facebook.com\/tuzlainfo.ba\/"]},{"@type":"Person","@id":"https:\/\/tuzlainfo.ba\/#\/schema\/person\/46cad4c57790cbc50781edd14870825a","name":"Tuzla Info","image":{"@type":"ImageObject","inLanguage":"bs-BA","@id":"https:\/\/tuzlainfo.ba\/#\/schema\/person\/image\/","url":"https:\/\/tuzlainfo.ba\/wp-content\/litespeed\/avatar\/b6c453a6c38e3654f2e4416c643fc25c.jpg?ver=1777051911","contentUrl":"https:\/\/tuzlainfo.ba\/wp-content\/litespeed\/avatar\/b6c453a6c38e3654f2e4416c643fc25c.jpg?ver=1777051911","caption":"Tuzla Info"}}]}},"_links":{"self":[{"href":"https:\/\/tuzlainfo.ba\/index.php\/wp-json\/wp\/v2\/posts\/145801"}],"collection":[{"href":"https:\/\/tuzlainfo.ba\/index.php\/wp-json\/wp\/v2\/posts"}],"about":[{"href":"https:\/\/tuzlainfo.ba\/index.php\/wp-json\/wp\/v2\/types\/post"}],"author":[{"embeddable":true,"href":"https:\/\/tuzlainfo.ba\/index.php\/wp-json\/wp\/v2\/users\/4"}],"replies":[{"embeddable":true,"href":"https:\/\/tuzlainfo.ba\/index.php\/wp-json\/wp\/v2\/comments?post=145801"}],"version-history":[{"count":0,"href":"https:\/\/tuzlainfo.ba\/index.php\/wp-json\/wp\/v2\/posts\/145801\/revisions"}],"wp:featuredmedia":[{"embeddable":true,"href":"https:\/\/tuzlainfo.ba\/index.php\/wp-json\/wp\/v2\/media\/85517"}],"wp:attachment":[{"href":"https:\/\/tuzlainfo.ba\/index.php\/wp-json\/wp\/v2\/media?parent=145801"}],"wp:term":[{"taxonomy":"category","embeddable":true,"href":"https:\/\/tuzlainfo.ba\/index.php\/wp-json\/wp\/v2\/categories?post=145801"},{"taxonomy":"post_tag","embeddable":true,"href":"https:\/\/tuzlainfo.ba\/index.php\/wp-json\/wp\/v2\/tags?post=145801"}],"curies":[{"name":"wp","href":"https:\/\/api.w.org\/{rel}","templated":true}]}}