{"id":145702,"date":"2021-08-24T07:00:47","date_gmt":"2021-08-24T05:00:47","guid":{"rendered":"https:\/\/tuzlainfo.ba\/?p=145702"},"modified":"2021-08-23T19:45:36","modified_gmt":"2021-08-23T17:45:36","slug":"premijer-tk-kadrija-hodzic-uprilicio-prijem-za-istaknutog-novinara-saliha-brkica","status":"publish","type":"post","link":"https:\/\/tuzlainfo.ba\/index.php\/novosti\/item\/145702-premijer-tk-kadrija-hodzic-uprilicio-prijem-za-istaknutog-novinara-saliha-brkica\/","title":{"rendered":"Premijer TK Kadrija Hod\u017ei\u0107 uprili\u010dio prijem za istaknutog novinara Saliha Brki\u0107a"},"content":{"rendered":"<p>Premijer Tuzlanskog kantona, Kadrija Hod\u017ei\u0107 uprili\u010dio je danas prijem za istaknutog bh. novinara Saliha Brki\u0107a, povodom nedavne projekcije njegovog dokumentarnog filma o heroini Hatid\u017ei Mehmedovi\u0107. Sastanku je prisustvovao ministar za kulturu, sport i mlade TK Zlatan Muratovi\u0107 i savjetnica premijera TK Fatima Mehmedovi\u0107.<\/p>\n<p>Premijer Hod\u017ei\u0107 ovom prilikom je istaknuo da je Salih Brki\u0107 medijski doajen, koji je odavno prerastao granice Tuzlanskog kantona, ali i dr\u017eave BiH u svom novinarskom djelovanju.<\/p>\n<p>\u201eLjudi poput novinara Brki\u0107a su svetionici, koji osvjetljavaju istinu o najte\u017eim vremenima i izvje\u0161tavaju s najbolnijih mjesta i tu baklju neukaljano pronose \u0161irom svijeta, kazao je premijer Hod\u017ei\u0107. Govore\u0107i o zna\u010daju njegovanja kulture sje\u0107anja na genocid po\u010dinjen u Srebrenici i stradanja nevinih \u017ertava premijer Hod\u017ei\u0107 zahvalio se Brki\u0107u na vi\u0161edecenijskom izvje\u0161tavanju o istini i pravdi.<\/p>\n<p>Film Majka Hatid\u017ea \u0107e trajno o\u010duvati sje\u0107anje na njenu istrajnu borbu za istinu i pravdu, istaknuto je ovom prilikom.<\/p>\n<p>\u201eSalih je kroz film o Hatid\u017ei donio dokumentovanu storiju o svim \u017eenama koje su pretrpile bol tokom rata, to je bol svih nas, sretni smo \u0161to imamo takvog novinara koji nosi kulturu sje\u0107anja\u201c, naglasio je premijer Hod\u017ei\u0107.<\/p>\n<p>Novinar Salih Brki\u0107 zahvalio se premijeru Hod\u017ei\u0107u i resornom ministru, Zlatanu Muratovi\u0107u na prijemu, isti\u010du\u0107i da je premijer Hod\u017ei\u0107 jedini i prvi kantonalni premijer, koji ga je pozvao na prijem i koji je na taj na\u010din prepoznao njegov rad i djelovanje.<\/p>\n<p>Brki\u0107 je premijera Hod\u017ei\u0107a upoznao s detaljima vi\u0161edecenijskog izvje\u0161tavanja iz Podrinja i pojedinostima tokom tog perioda.<\/p>\n<p>\u201eMoj \u017eivotni i novinarski kredo je: perom, kamerom i mikrofonom treba dodirnuti ranu i biti tamo gdje je najte\u017ee. I to radim evo ve\u0107 nekoliko decenija\u201c, kazao je Brki\u0107.<\/p>\n<p>Na sastanku je bilo rije\u010di o digitalizaciji video arhive Saliha Brki\u0107a u okviru koje \u0107e biti jedna cjelina posve\u0107ena Tuzlanskom kantonu, gdje \u0107e biti prikazano sve ono \u0161to je karakteristi\u010dno za Tuzlu, Kapiju, Br\u010dansku Maltu, dolazak izbjeglica iz Podrinja i druga de\u0161avanja tokom i nakon posjednjeg rata u BiH.<\/p>\n<p>Tokom novinarskog rada Salih Brki\u0107 je pisao i izvje\u0161tavao o ratu i poslije njega, o stradanju Bo\u0161njaka u Podrinju i \u0161ire. Autor je brojnih dokumentarnih filmova. Dobitnik je na desetine novinarskih nagrada, od kojih je i Povelja Hasan Kaimija za \u017eivotno djelo.<\/p>\n","protected":false},"excerpt":{"rendered":"<p>Premijer Tuzlanskog kantona, Kadrija Hod\u017ei\u0107 uprili\u010dio je danas prijem za istaknutog bh. novinara Saliha Brki\u0107a,&hellip;<\/p>\n","protected":false},"author":4,"featured_media":145703,"comment_status":"open","ping_status":"closed","sticky":false,"template":"","format":"standard","meta":{"_acf_changed":false,"footnotes":""},"categories":[12],"tags":[768,430,2325],"acf":[],"yoast_head":"<!-- This site is optimized with the Yoast SEO plugin v23.5 - https:\/\/yoast.com\/wordpress\/plugins\/seo\/ -->\n<title>Premijer TK Kadrija Hod\u017ei\u0107 uprili\u010dio prijem za istaknutog novinara Saliha Brki\u0107a - TuzlaInfo.ba<\/title>\n<meta name=\"robots\" content=\"index, follow, max-snippet:-1, max-image-preview:large, max-video-preview:-1\" \/>\n<link rel=\"canonical\" href=\"https:\/\/tuzlainfo.ba\/index.php\/novosti\/item\/145702-premijer-tk-kadrija-hodzic-uprilicio-prijem-za-istaknutog-novinara-saliha-brkica\/\" \/>\n<meta property=\"og:locale\" content=\"bs_BA\" \/>\n<meta property=\"og:type\" content=\"article\" \/>\n<meta property=\"og:title\" content=\"Premijer TK Kadrija Hod\u017ei\u0107 uprili\u010dio prijem za istaknutog novinara Saliha Brki\u0107a - TuzlaInfo.ba\" \/>\n<meta property=\"og:description\" content=\"Premijer Tuzlanskog kantona, Kadrija Hod\u017ei\u0107 uprili\u010dio je danas prijem za istaknutog bh. novinara Saliha Brki\u0107a,&hellip;\" \/>\n<meta property=\"og:url\" content=\"https:\/\/tuzlainfo.ba\/index.php\/novosti\/item\/145702-premijer-tk-kadrija-hodzic-uprilicio-prijem-za-istaknutog-novinara-saliha-brkica\/\" \/>\n<meta property=\"og:site_name\" content=\"TuzlaInfo.ba\" \/>\n<meta property=\"article:publisher\" content=\"https:\/\/www.facebook.com\/tuzlainfo.ba\/\" \/>\n<meta property=\"article:published_time\" content=\"2021-08-24T05:00:47+00:00\" \/>\n<meta property=\"article:modified_time\" content=\"2021-08-23T17:45:36+00:00\" \/>\n<meta property=\"og:image\" content=\"https:\/\/tuzlainfo.ba\/wp-content\/uploads\/2021\/08\/2308__premijer-hodzic-ministar-muratovic-salih-brkic.jpg\" \/>\n\t<meta property=\"og:image:width\" content=\"1280\" \/>\n\t<meta property=\"og:image:height\" content=\"720\" \/>\n\t<meta property=\"og:image:type\" content=\"image\/jpeg\" \/>\n<meta name=\"author\" content=\"Tuzla Info\" \/>\n<meta name=\"twitter:card\" content=\"summary_large_image\" \/>\n<meta name=\"twitter:label1\" content=\"Written by\" \/>\n\t<meta name=\"twitter:data1\" content=\"Tuzla Info\" \/>\n\t<meta name=\"twitter:label2\" content=\"Est. reading time\" \/>\n\t<meta name=\"twitter:data2\" content=\"2 minute\" \/>\n<script type=\"application\/ld+json\" class=\"yoast-schema-graph\">{\"@context\":\"https:\/\/schema.org\",\"@graph\":[{\"@type\":\"Article\",\"@id\":\"https:\/\/tuzlainfo.ba\/index.php\/novosti\/item\/145702-premijer-tk-kadrija-hodzic-uprilicio-prijem-za-istaknutog-novinara-saliha-brkica\/#article\",\"isPartOf\":{\"@id\":\"https:\/\/tuzlainfo.ba\/index.php\/novosti\/item\/145702-premijer-tk-kadrija-hodzic-uprilicio-prijem-za-istaknutog-novinara-saliha-brkica\/\"},\"author\":{\"name\":\"Tuzla Info\",\"@id\":\"https:\/\/tuzlainfo.ba\/#\/schema\/person\/46cad4c57790cbc50781edd14870825a\"},\"headline\":\"Premijer TK Kadrija Hod\u017ei\u0107 uprili\u010dio prijem za istaknutog novinara Saliha Brki\u0107a\",\"datePublished\":\"2021-08-24T05:00:47+00:00\",\"dateModified\":\"2021-08-23T17:45:36+00:00\",\"mainEntityOfPage\":{\"@id\":\"https:\/\/tuzlainfo.ba\/index.php\/novosti\/item\/145702-premijer-tk-kadrija-hodzic-uprilicio-prijem-za-istaknutog-novinara-saliha-brkica\/\"},\"wordCount\":416,\"commentCount\":0,\"publisher\":{\"@id\":\"https:\/\/tuzlainfo.ba\/#organization\"},\"image\":{\"@id\":\"https:\/\/tuzlainfo.ba\/index.php\/novosti\/item\/145702-premijer-tk-kadrija-hodzic-uprilicio-prijem-za-istaknutog-novinara-saliha-brkica\/#primaryimage\"},\"thumbnailUrl\":\"https:\/\/tuzlainfo.ba\/wp-content\/uploads\/2021\/08\/2308__premijer-hodzic-ministar-muratovic-salih-brkic.jpg\",\"keywords\":[\"premijer tk\",\"prijem\",\"salih brki\u0107\"],\"articleSection\":[\"Novosti\"],\"inLanguage\":\"bs-BA\"},{\"@type\":\"WebPage\",\"@id\":\"https:\/\/tuzlainfo.ba\/index.php\/novosti\/item\/145702-premijer-tk-kadrija-hodzic-uprilicio-prijem-za-istaknutog-novinara-saliha-brkica\/\",\"url\":\"https:\/\/tuzlainfo.ba\/index.php\/novosti\/item\/145702-premijer-tk-kadrija-hodzic-uprilicio-prijem-za-istaknutog-novinara-saliha-brkica\/\",\"name\":\"Premijer TK Kadrija Hod\u017ei\u0107 uprili\u010dio prijem za istaknutog novinara Saliha Brki\u0107a - TuzlaInfo.ba\",\"isPartOf\":{\"@id\":\"https:\/\/tuzlainfo.ba\/#website\"},\"primaryImageOfPage\":{\"@id\":\"https:\/\/tuzlainfo.ba\/index.php\/novosti\/item\/145702-premijer-tk-kadrija-hodzic-uprilicio-prijem-za-istaknutog-novinara-saliha-brkica\/#primaryimage\"},\"image\":{\"@id\":\"https:\/\/tuzlainfo.ba\/index.php\/novosti\/item\/145702-premijer-tk-kadrija-hodzic-uprilicio-prijem-za-istaknutog-novinara-saliha-brkica\/#primaryimage\"},\"thumbnailUrl\":\"https:\/\/tuzlainfo.ba\/wp-content\/uploads\/2021\/08\/2308__premijer-hodzic-ministar-muratovic-salih-brkic.jpg\",\"datePublished\":\"2021-08-24T05:00:47+00:00\",\"dateModified\":\"2021-08-23T17:45:36+00:00\",\"breadcrumb\":{\"@id\":\"https:\/\/tuzlainfo.ba\/index.php\/novosti\/item\/145702-premijer-tk-kadrija-hodzic-uprilicio-prijem-za-istaknutog-novinara-saliha-brkica\/#breadcrumb\"},\"inLanguage\":\"bs-BA\",\"potentialAction\":[{\"@type\":\"ReadAction\",\"target\":[\"https:\/\/tuzlainfo.ba\/index.php\/novosti\/item\/145702-premijer-tk-kadrija-hodzic-uprilicio-prijem-za-istaknutog-novinara-saliha-brkica\/\"]}]},{\"@type\":\"ImageObject\",\"inLanguage\":\"bs-BA\",\"@id\":\"https:\/\/tuzlainfo.ba\/index.php\/novosti\/item\/145702-premijer-tk-kadrija-hodzic-uprilicio-prijem-za-istaknutog-novinara-saliha-brkica\/#primaryimage\",\"url\":\"https:\/\/tuzlainfo.ba\/wp-content\/uploads\/2021\/08\/2308__premijer-hodzic-ministar-muratovic-salih-brkic.jpg\",\"contentUrl\":\"https:\/\/tuzlainfo.ba\/wp-content\/uploads\/2021\/08\/2308__premijer-hodzic-ministar-muratovic-salih-brkic.jpg\",\"width\":1280,\"height\":720},{\"@type\":\"BreadcrumbList\",\"@id\":\"https:\/\/tuzlainfo.ba\/index.php\/novosti\/item\/145702-premijer-tk-kadrija-hodzic-uprilicio-prijem-za-istaknutog-novinara-saliha-brkica\/#breadcrumb\",\"itemListElement\":[{\"@type\":\"ListItem\",\"position\":1,\"name\":\"Home\",\"item\":\"https:\/\/tuzlainfo.ba\/\"},{\"@type\":\"ListItem\",\"position\":2,\"name\":\"Premijer TK Kadrija Hod\u017ei\u0107 uprili\u010dio prijem za istaknutog novinara Saliha Brki\u0107a\"}]},{\"@type\":\"WebSite\",\"@id\":\"https:\/\/tuzlainfo.ba\/#website\",\"url\":\"https:\/\/tuzlainfo.ba\/\",\"name\":\"TuzlaInfo.ba\",\"description\":\"Tuzla info, gradski informator - Tuzla na dlanu\",\"publisher\":{\"@id\":\"https:\/\/tuzlainfo.ba\/#organization\"},\"potentialAction\":[{\"@type\":\"SearchAction\",\"target\":{\"@type\":\"EntryPoint\",\"urlTemplate\":\"https:\/\/tuzlainfo.ba\/?s={search_term_string}\"},\"query-input\":{\"@type\":\"PropertyValueSpecification\",\"valueRequired\":true,\"valueName\":\"search_term_string\"}}],\"inLanguage\":\"bs-BA\"},{\"@type\":\"Organization\",\"@id\":\"https:\/\/tuzlainfo.ba\/#organization\",\"name\":\"TuzlaInfo.ba\",\"url\":\"https:\/\/tuzlainfo.ba\/\",\"logo\":{\"@type\":\"ImageObject\",\"inLanguage\":\"bs-BA\",\"@id\":\"https:\/\/tuzlainfo.ba\/#\/schema\/logo\/image\/\",\"url\":\"https:\/\/tuzlainfo.ba\/wp-content\/uploads\/2021\/03\/logo-ver-3-1.png\",\"contentUrl\":\"https:\/\/tuzlainfo.ba\/wp-content\/uploads\/2021\/03\/logo-ver-3-1.png\",\"width\":350,\"height\":95,\"caption\":\"TuzlaInfo.ba\"},\"image\":{\"@id\":\"https:\/\/tuzlainfo.ba\/#\/schema\/logo\/image\/\"},\"sameAs\":[\"https:\/\/www.facebook.com\/tuzlainfo.ba\/\"]},{\"@type\":\"Person\",\"@id\":\"https:\/\/tuzlainfo.ba\/#\/schema\/person\/46cad4c57790cbc50781edd14870825a\",\"name\":\"Tuzla Info\",\"image\":{\"@type\":\"ImageObject\",\"inLanguage\":\"bs-BA\",\"@id\":\"https:\/\/tuzlainfo.ba\/#\/schema\/person\/image\/\",\"url\":\"https:\/\/tuzlainfo.ba\/wp-content\/litespeed\/avatar\/b6c453a6c38e3654f2e4416c643fc25c.jpg?ver=1777051911\",\"contentUrl\":\"https:\/\/tuzlainfo.ba\/wp-content\/litespeed\/avatar\/b6c453a6c38e3654f2e4416c643fc25c.jpg?ver=1777051911\",\"caption\":\"Tuzla Info\"}}]}<\/script>\n<!-- \/ Yoast SEO plugin. -->","yoast_head_json":{"title":"Premijer TK Kadrija Hod\u017ei\u0107 uprili\u010dio prijem za istaknutog novinara Saliha Brki\u0107a - TuzlaInfo.ba","robots":{"index":"index","follow":"follow","max-snippet":"max-snippet:-1","max-image-preview":"max-image-preview:large","max-video-preview":"max-video-preview:-1"},"canonical":"https:\/\/tuzlainfo.ba\/index.php\/novosti\/item\/145702-premijer-tk-kadrija-hodzic-uprilicio-prijem-za-istaknutog-novinara-saliha-brkica\/","og_locale":"bs_BA","og_type":"article","og_title":"Premijer TK Kadrija Hod\u017ei\u0107 uprili\u010dio prijem za istaknutog novinara Saliha Brki\u0107a - TuzlaInfo.ba","og_description":"Premijer Tuzlanskog kantona, Kadrija Hod\u017ei\u0107 uprili\u010dio je danas prijem za istaknutog bh. novinara Saliha Brki\u0107a,&hellip;","og_url":"https:\/\/tuzlainfo.ba\/index.php\/novosti\/item\/145702-premijer-tk-kadrija-hodzic-uprilicio-prijem-za-istaknutog-novinara-saliha-brkica\/","og_site_name":"TuzlaInfo.ba","article_publisher":"https:\/\/www.facebook.com\/tuzlainfo.ba\/","article_published_time":"2021-08-24T05:00:47+00:00","article_modified_time":"2021-08-23T17:45:36+00:00","og_image":[{"width":1280,"height":720,"url":"https:\/\/tuzlainfo.ba\/wp-content\/uploads\/2021\/08\/2308__premijer-hodzic-ministar-muratovic-salih-brkic.jpg","type":"image\/jpeg"}],"author":"Tuzla Info","twitter_card":"summary_large_image","twitter_misc":{"Written by":"Tuzla Info","Est. reading time":"2 minute"},"schema":{"@context":"https:\/\/schema.org","@graph":[{"@type":"Article","@id":"https:\/\/tuzlainfo.ba\/index.php\/novosti\/item\/145702-premijer-tk-kadrija-hodzic-uprilicio-prijem-za-istaknutog-novinara-saliha-brkica\/#article","isPartOf":{"@id":"https:\/\/tuzlainfo.ba\/index.php\/novosti\/item\/145702-premijer-tk-kadrija-hodzic-uprilicio-prijem-za-istaknutog-novinara-saliha-brkica\/"},"author":{"name":"Tuzla Info","@id":"https:\/\/tuzlainfo.ba\/#\/schema\/person\/46cad4c57790cbc50781edd14870825a"},"headline":"Premijer TK Kadrija Hod\u017ei\u0107 uprili\u010dio prijem za istaknutog novinara Saliha Brki\u0107a","datePublished":"2021-08-24T05:00:47+00:00","dateModified":"2021-08-23T17:45:36+00:00","mainEntityOfPage":{"@id":"https:\/\/tuzlainfo.ba\/index.php\/novosti\/item\/145702-premijer-tk-kadrija-hodzic-uprilicio-prijem-za-istaknutog-novinara-saliha-brkica\/"},"wordCount":416,"commentCount":0,"publisher":{"@id":"https:\/\/tuzlainfo.ba\/#organization"},"image":{"@id":"https:\/\/tuzlainfo.ba\/index.php\/novosti\/item\/145702-premijer-tk-kadrija-hodzic-uprilicio-prijem-za-istaknutog-novinara-saliha-brkica\/#primaryimage"},"thumbnailUrl":"https:\/\/tuzlainfo.ba\/wp-content\/uploads\/2021\/08\/2308__premijer-hodzic-ministar-muratovic-salih-brkic.jpg","keywords":["premijer tk","prijem","salih brki\u0107"],"articleSection":["Novosti"],"inLanguage":"bs-BA"},{"@type":"WebPage","@id":"https:\/\/tuzlainfo.ba\/index.php\/novosti\/item\/145702-premijer-tk-kadrija-hodzic-uprilicio-prijem-za-istaknutog-novinara-saliha-brkica\/","url":"https:\/\/tuzlainfo.ba\/index.php\/novosti\/item\/145702-premijer-tk-kadrija-hodzic-uprilicio-prijem-za-istaknutog-novinara-saliha-brkica\/","name":"Premijer TK Kadrija Hod\u017ei\u0107 uprili\u010dio prijem za istaknutog novinara Saliha Brki\u0107a - TuzlaInfo.ba","isPartOf":{"@id":"https:\/\/tuzlainfo.ba\/#website"},"primaryImageOfPage":{"@id":"https:\/\/tuzlainfo.ba\/index.php\/novosti\/item\/145702-premijer-tk-kadrija-hodzic-uprilicio-prijem-za-istaknutog-novinara-saliha-brkica\/#primaryimage"},"image":{"@id":"https:\/\/tuzlainfo.ba\/index.php\/novosti\/item\/145702-premijer-tk-kadrija-hodzic-uprilicio-prijem-za-istaknutog-novinara-saliha-brkica\/#primaryimage"},"thumbnailUrl":"https:\/\/tuzlainfo.ba\/wp-content\/uploads\/2021\/08\/2308__premijer-hodzic-ministar-muratovic-salih-brkic.jpg","datePublished":"2021-08-24T05:00:47+00:00","dateModified":"2021-08-23T17:45:36+00:00","breadcrumb":{"@id":"https:\/\/tuzlainfo.ba\/index.php\/novosti\/item\/145702-premijer-tk-kadrija-hodzic-uprilicio-prijem-za-istaknutog-novinara-saliha-brkica\/#breadcrumb"},"inLanguage":"bs-BA","potentialAction":[{"@type":"ReadAction","target":["https:\/\/tuzlainfo.ba\/index.php\/novosti\/item\/145702-premijer-tk-kadrija-hodzic-uprilicio-prijem-za-istaknutog-novinara-saliha-brkica\/"]}]},{"@type":"ImageObject","inLanguage":"bs-BA","@id":"https:\/\/tuzlainfo.ba\/index.php\/novosti\/item\/145702-premijer-tk-kadrija-hodzic-uprilicio-prijem-za-istaknutog-novinara-saliha-brkica\/#primaryimage","url":"https:\/\/tuzlainfo.ba\/wp-content\/uploads\/2021\/08\/2308__premijer-hodzic-ministar-muratovic-salih-brkic.jpg","contentUrl":"https:\/\/tuzlainfo.ba\/wp-content\/uploads\/2021\/08\/2308__premijer-hodzic-ministar-muratovic-salih-brkic.jpg","width":1280,"height":720},{"@type":"BreadcrumbList","@id":"https:\/\/tuzlainfo.ba\/index.php\/novosti\/item\/145702-premijer-tk-kadrija-hodzic-uprilicio-prijem-za-istaknutog-novinara-saliha-brkica\/#breadcrumb","itemListElement":[{"@type":"ListItem","position":1,"name":"Home","item":"https:\/\/tuzlainfo.ba\/"},{"@type":"ListItem","position":2,"name":"Premijer TK Kadrija Hod\u017ei\u0107 uprili\u010dio prijem za istaknutog novinara Saliha Brki\u0107a"}]},{"@type":"WebSite","@id":"https:\/\/tuzlainfo.ba\/#website","url":"https:\/\/tuzlainfo.ba\/","name":"TuzlaInfo.ba","description":"Tuzla info, gradski informator - Tuzla na dlanu","publisher":{"@id":"https:\/\/tuzlainfo.ba\/#organization"},"potentialAction":[{"@type":"SearchAction","target":{"@type":"EntryPoint","urlTemplate":"https:\/\/tuzlainfo.ba\/?s={search_term_string}"},"query-input":{"@type":"PropertyValueSpecification","valueRequired":true,"valueName":"search_term_string"}}],"inLanguage":"bs-BA"},{"@type":"Organization","@id":"https:\/\/tuzlainfo.ba\/#organization","name":"TuzlaInfo.ba","url":"https:\/\/tuzlainfo.ba\/","logo":{"@type":"ImageObject","inLanguage":"bs-BA","@id":"https:\/\/tuzlainfo.ba\/#\/schema\/logo\/image\/","url":"https:\/\/tuzlainfo.ba\/wp-content\/uploads\/2021\/03\/logo-ver-3-1.png","contentUrl":"https:\/\/tuzlainfo.ba\/wp-content\/uploads\/2021\/03\/logo-ver-3-1.png","width":350,"height":95,"caption":"TuzlaInfo.ba"},"image":{"@id":"https:\/\/tuzlainfo.ba\/#\/schema\/logo\/image\/"},"sameAs":["https:\/\/www.facebook.com\/tuzlainfo.ba\/"]},{"@type":"Person","@id":"https:\/\/tuzlainfo.ba\/#\/schema\/person\/46cad4c57790cbc50781edd14870825a","name":"Tuzla Info","image":{"@type":"ImageObject","inLanguage":"bs-BA","@id":"https:\/\/tuzlainfo.ba\/#\/schema\/person\/image\/","url":"https:\/\/tuzlainfo.ba\/wp-content\/litespeed\/avatar\/b6c453a6c38e3654f2e4416c643fc25c.jpg?ver=1777051911","contentUrl":"https:\/\/tuzlainfo.ba\/wp-content\/litespeed\/avatar\/b6c453a6c38e3654f2e4416c643fc25c.jpg?ver=1777051911","caption":"Tuzla Info"}}]}},"_links":{"self":[{"href":"https:\/\/tuzlainfo.ba\/index.php\/wp-json\/wp\/v2\/posts\/145702"}],"collection":[{"href":"https:\/\/tuzlainfo.ba\/index.php\/wp-json\/wp\/v2\/posts"}],"about":[{"href":"https:\/\/tuzlainfo.ba\/index.php\/wp-json\/wp\/v2\/types\/post"}],"author":[{"embeddable":true,"href":"https:\/\/tuzlainfo.ba\/index.php\/wp-json\/wp\/v2\/users\/4"}],"replies":[{"embeddable":true,"href":"https:\/\/tuzlainfo.ba\/index.php\/wp-json\/wp\/v2\/comments?post=145702"}],"version-history":[{"count":0,"href":"https:\/\/tuzlainfo.ba\/index.php\/wp-json\/wp\/v2\/posts\/145702\/revisions"}],"wp:featuredmedia":[{"embeddable":true,"href":"https:\/\/tuzlainfo.ba\/index.php\/wp-json\/wp\/v2\/media\/145703"}],"wp:attachment":[{"href":"https:\/\/tuzlainfo.ba\/index.php\/wp-json\/wp\/v2\/media?parent=145702"}],"wp:term":[{"taxonomy":"category","embeddable":true,"href":"https:\/\/tuzlainfo.ba\/index.php\/wp-json\/wp\/v2\/categories?post=145702"},{"taxonomy":"post_tag","embeddable":true,"href":"https:\/\/tuzlainfo.ba\/index.php\/wp-json\/wp\/v2\/tags?post=145702"}],"curies":[{"name":"wp","href":"https:\/\/api.w.org\/{rel}","templated":true}]}}