{"id":145684,"date":"2021-08-23T17:00:16","date_gmt":"2021-08-23T15:00:16","guid":{"rendered":"https:\/\/tuzlainfo.ba\/?p=145684"},"modified":"2021-08-23T15:21:29","modified_gmt":"2021-08-23T13:21:29","slug":"plesnom-veceri-na-trgu-slobode-svecano-otvoren-prvi-festival-mladih-2021","status":"publish","type":"post","link":"https:\/\/tuzlainfo.ba\/index.php\/novosti\/item\/145684-plesnom-veceri-na-trgu-slobode-svecano-otvoren-prvi-festival-mladih-2021\/","title":{"rendered":"Plesnom ve\u010deri na Trgu slobode sve\u010dano otvoren prvi Festival mladih 2021."},"content":{"rendered":"<p>Tuzlanski kanton postao je centar talentovanih, vrijednih, inovativnih i uspje\u0161nih mladih ljudi. Festival \u0107e u Tuzlanskom kantonu okupiti hiljade mladih ljudi spremnih da se poka\u017eu na polju umjetnosti, aktivizma, sporta, ekologije, naprednih tehnologija, nauke i inovacija.<\/p>\n<p>Festival mladih promovi\u0161e znanje, talenat i uspjeh, a mladima daje nova me\u0111unarodna poznanstva, vje\u0161tine, znanja i samopouzdanje za preuzimanje liderskih uloga. Ovo je projekat koji spaja razli\u010ditosti nastoje\u0107i da mladima pru\u017ei iskustva u \u0161irokom spektru aktivnosti i najkvalitetniji kulturni sadr\u017eaj<\/p>\n<p>Sino\u0107 je na Trgu Slobode Centar za ples i rekreaciju sve\u010dano otvorio Festival mladih manifestacijom Tuzla ple\u0161e.<\/p>\n<p>&nbsp;<\/p>\n<p>Prisutni su u\u017eivali u dobroj zabavi, muzici i plesu. Odr\u017eano je takmi\u010denje parova plesa\u010da amatera.<\/p>\n<p>&nbsp;<\/p>\n<p>Tako\u0111er, odr\u017eana je i besplatna radionica gdje su prisutni mogli nau\u010diti neke od osnovnih pokreta iz Bachate, Kizombe i Salse, a samu radionicu je vodio plesni stru\u010dnjak Semir \u0160eri\u0107 iz Zenice.<\/p>\n<p>Najmla\u0111i su u\u017eivali u Kids party gdje je \u0160arenko oslikao lica likovima iz crtanih filmova. Kombinuju\u0107i ples i igru, mali\u0161ani su u prelijepoj zabavi proveli dan otvaranja Festivala mladih.<\/p>\n<p>Na platou za kulturna de\u0161avanja, na Trgu Slobode, Centar za ples i rekreaciju je predstavio svoj plesni program. Predstavio je dru\u0161tvene plesove za odrasle u izvedbi napredne grupe, plesni aerobik, hip-hop za djecu, balet koji je vi\u0161e od rekreacije jer je on umjetnost i na kraju \u0161kola za ples za sve prisutne na Trgu Slobode.<\/p>\n<p>U Tuzlu je do\u0161ao i plesni studio Shadows iz Zenice koji su otplesali svoj performans i na taj na\u010din podr\u017eali ovu manifestaciju.<\/p>\n<p>Nakon izuzetno rasplesane i zabavne ve\u010deri, \u017eiri koji su sa\u010dinjavali \u010dlanovi plesnog studija Shadows i Centra za ples i rekreaciju proglasili su najbolju plesa\u010dicu, najboljeg plesa\u010da i najbolji plesni par.<\/p>\n<p>Doga\u0111aj Tuzla ple\u0161e je prvi od mnogih sadr\u017eaja koji \u0107e se u narednom periodu odr\u017eati za vrijeme Festivala mladih koji traje do 22.9.2021.godine.<\/p>\n<p>Vi\u0161esatni program na otvaranju Festivala mladih koji je protekao u bogatom sadr\u017eaju za sve generacije garant je da \u0107e narednih mjesec dana biti ispunjen aktivnostima u kojima \u0107e svako za sebe prona\u0107i ne\u0161to zanimljivo.<\/p>\n<p>Ukoliko vas zanima kakvi sadr\u017eaji slijede u sklopu Festivala mladih, posjetite Facebook stranicu Festival mladih ili www.festivalmladih.com i budite dio ove pri\u010de.<\/p>\n","protected":false},"excerpt":{"rendered":"<p>Tuzlanski kanton postao je centar talentovanih, vrijednih, inovativnih i uspje\u0161nih mladih ljudi. Festival \u0107e u&hellip;<\/p>\n","protected":false},"author":4,"featured_media":145685,"comment_status":"open","ping_status":"closed","sticky":false,"template":"","format":"standard","meta":{"_acf_changed":false,"footnotes":""},"categories":[304,12],"tags":[2057,2321],"acf":[],"yoast_head":"<!-- This site is optimized with the Yoast SEO plugin v23.5 - https:\/\/yoast.com\/wordpress\/plugins\/seo\/ -->\n<title>Plesnom ve\u010deri na Trgu slobode sve\u010dano otvoren prvi Festival mladih 2021. - TuzlaInfo.ba<\/title>\n<meta name=\"robots\" content=\"index, follow, max-snippet:-1, max-image-preview:large, max-video-preview:-1\" \/>\n<link rel=\"canonical\" href=\"https:\/\/tuzlainfo.ba\/index.php\/novosti\/item\/145684-plesnom-veceri-na-trgu-slobode-svecano-otvoren-prvi-festival-mladih-2021\/\" \/>\n<meta property=\"og:locale\" content=\"bs_BA\" \/>\n<meta property=\"og:type\" content=\"article\" \/>\n<meta property=\"og:title\" content=\"Plesnom ve\u010deri na Trgu slobode sve\u010dano otvoren prvi Festival mladih 2021. - TuzlaInfo.ba\" \/>\n<meta property=\"og:description\" content=\"Tuzlanski kanton postao je centar talentovanih, vrijednih, inovativnih i uspje\u0161nih mladih ljudi. Festival \u0107e u&hellip;\" \/>\n<meta property=\"og:url\" content=\"https:\/\/tuzlainfo.ba\/index.php\/novosti\/item\/145684-plesnom-veceri-na-trgu-slobode-svecano-otvoren-prvi-festival-mladih-2021\/\" \/>\n<meta property=\"og:site_name\" content=\"TuzlaInfo.ba\" \/>\n<meta property=\"article:publisher\" content=\"https:\/\/www.facebook.com\/tuzlainfo.ba\/\" \/>\n<meta property=\"article:published_time\" content=\"2021-08-23T15:00:16+00:00\" \/>\n<meta property=\"article:modified_time\" content=\"2021-08-23T13:21:29+00:00\" \/>\n<meta property=\"og:image\" content=\"https:\/\/tuzlainfo.ba\/wp-content\/uploads\/2021\/08\/2308__Tuzla-plese-12.jpg\" \/>\n\t<meta property=\"og:image:width\" content=\"800\" \/>\n\t<meta property=\"og:image:height\" content=\"533\" \/>\n\t<meta property=\"og:image:type\" content=\"image\/jpeg\" \/>\n<meta name=\"author\" content=\"Tuzla Info\" \/>\n<meta name=\"twitter:card\" content=\"summary_large_image\" \/>\n<meta name=\"twitter:label1\" content=\"Written by\" \/>\n\t<meta name=\"twitter:data1\" content=\"Tuzla Info\" \/>\n\t<meta name=\"twitter:label2\" content=\"Est. reading time\" \/>\n\t<meta name=\"twitter:data2\" content=\"2 minute\" \/>\n<script type=\"application\/ld+json\" class=\"yoast-schema-graph\">{\"@context\":\"https:\/\/schema.org\",\"@graph\":[{\"@type\":\"Article\",\"@id\":\"https:\/\/tuzlainfo.ba\/index.php\/novosti\/item\/145684-plesnom-veceri-na-trgu-slobode-svecano-otvoren-prvi-festival-mladih-2021\/#article\",\"isPartOf\":{\"@id\":\"https:\/\/tuzlainfo.ba\/index.php\/novosti\/item\/145684-plesnom-veceri-na-trgu-slobode-svecano-otvoren-prvi-festival-mladih-2021\/\"},\"author\":{\"name\":\"Tuzla Info\",\"@id\":\"https:\/\/tuzlainfo.ba\/#\/schema\/person\/46cad4c57790cbc50781edd14870825a\"},\"headline\":\"Plesnom ve\u010deri na Trgu slobode sve\u010dano otvoren prvi Festival mladih 2021.\",\"datePublished\":\"2021-08-23T15:00:16+00:00\",\"dateModified\":\"2021-08-23T13:21:29+00:00\",\"mainEntityOfPage\":{\"@id\":\"https:\/\/tuzlainfo.ba\/index.php\/novosti\/item\/145684-plesnom-veceri-na-trgu-slobode-svecano-otvoren-prvi-festival-mladih-2021\/\"},\"wordCount\":413,\"commentCount\":0,\"publisher\":{\"@id\":\"https:\/\/tuzlainfo.ba\/#organization\"},\"image\":{\"@id\":\"https:\/\/tuzlainfo.ba\/index.php\/novosti\/item\/145684-plesnom-veceri-na-trgu-slobode-svecano-otvoren-prvi-festival-mladih-2021\/#primaryimage\"},\"thumbnailUrl\":\"https:\/\/tuzlainfo.ba\/wp-content\/uploads\/2021\/08\/2308__Tuzla-plese-12.jpg\",\"keywords\":[\"festival mladih tuzla\",\"tuzla ple\u0161e\"],\"articleSection\":[\"Istaknuto\",\"Novosti\"],\"inLanguage\":\"bs-BA\"},{\"@type\":\"WebPage\",\"@id\":\"https:\/\/tuzlainfo.ba\/index.php\/novosti\/item\/145684-plesnom-veceri-na-trgu-slobode-svecano-otvoren-prvi-festival-mladih-2021\/\",\"url\":\"https:\/\/tuzlainfo.ba\/index.php\/novosti\/item\/145684-plesnom-veceri-na-trgu-slobode-svecano-otvoren-prvi-festival-mladih-2021\/\",\"name\":\"Plesnom ve\u010deri na Trgu slobode sve\u010dano otvoren prvi Festival mladih 2021. - TuzlaInfo.ba\",\"isPartOf\":{\"@id\":\"https:\/\/tuzlainfo.ba\/#website\"},\"primaryImageOfPage\":{\"@id\":\"https:\/\/tuzlainfo.ba\/index.php\/novosti\/item\/145684-plesnom-veceri-na-trgu-slobode-svecano-otvoren-prvi-festival-mladih-2021\/#primaryimage\"},\"image\":{\"@id\":\"https:\/\/tuzlainfo.ba\/index.php\/novosti\/item\/145684-plesnom-veceri-na-trgu-slobode-svecano-otvoren-prvi-festival-mladih-2021\/#primaryimage\"},\"thumbnailUrl\":\"https:\/\/tuzlainfo.ba\/wp-content\/uploads\/2021\/08\/2308__Tuzla-plese-12.jpg\",\"datePublished\":\"2021-08-23T15:00:16+00:00\",\"dateModified\":\"2021-08-23T13:21:29+00:00\",\"breadcrumb\":{\"@id\":\"https:\/\/tuzlainfo.ba\/index.php\/novosti\/item\/145684-plesnom-veceri-na-trgu-slobode-svecano-otvoren-prvi-festival-mladih-2021\/#breadcrumb\"},\"inLanguage\":\"bs-BA\",\"potentialAction\":[{\"@type\":\"ReadAction\",\"target\":[\"https:\/\/tuzlainfo.ba\/index.php\/novosti\/item\/145684-plesnom-veceri-na-trgu-slobode-svecano-otvoren-prvi-festival-mladih-2021\/\"]}]},{\"@type\":\"ImageObject\",\"inLanguage\":\"bs-BA\",\"@id\":\"https:\/\/tuzlainfo.ba\/index.php\/novosti\/item\/145684-plesnom-veceri-na-trgu-slobode-svecano-otvoren-prvi-festival-mladih-2021\/#primaryimage\",\"url\":\"https:\/\/tuzlainfo.ba\/wp-content\/uploads\/2021\/08\/2308__Tuzla-plese-12.jpg\",\"contentUrl\":\"https:\/\/tuzlainfo.ba\/wp-content\/uploads\/2021\/08\/2308__Tuzla-plese-12.jpg\",\"width\":800,\"height\":533,\"caption\":\"Foto: Arhiva\"},{\"@type\":\"BreadcrumbList\",\"@id\":\"https:\/\/tuzlainfo.ba\/index.php\/novosti\/item\/145684-plesnom-veceri-na-trgu-slobode-svecano-otvoren-prvi-festival-mladih-2021\/#breadcrumb\",\"itemListElement\":[{\"@type\":\"ListItem\",\"position\":1,\"name\":\"Home\",\"item\":\"https:\/\/tuzlainfo.ba\/\"},{\"@type\":\"ListItem\",\"position\":2,\"name\":\"Plesnom ve\u010deri na Trgu slobode sve\u010dano otvoren prvi Festival mladih 2021.\"}]},{\"@type\":\"WebSite\",\"@id\":\"https:\/\/tuzlainfo.ba\/#website\",\"url\":\"https:\/\/tuzlainfo.ba\/\",\"name\":\"TuzlaInfo.ba\",\"description\":\"Tuzla info, gradski informator - Tuzla na dlanu\",\"publisher\":{\"@id\":\"https:\/\/tuzlainfo.ba\/#organization\"},\"potentialAction\":[{\"@type\":\"SearchAction\",\"target\":{\"@type\":\"EntryPoint\",\"urlTemplate\":\"https:\/\/tuzlainfo.ba\/?s={search_term_string}\"},\"query-input\":{\"@type\":\"PropertyValueSpecification\",\"valueRequired\":true,\"valueName\":\"search_term_string\"}}],\"inLanguage\":\"bs-BA\"},{\"@type\":\"Organization\",\"@id\":\"https:\/\/tuzlainfo.ba\/#organization\",\"name\":\"TuzlaInfo.ba\",\"url\":\"https:\/\/tuzlainfo.ba\/\",\"logo\":{\"@type\":\"ImageObject\",\"inLanguage\":\"bs-BA\",\"@id\":\"https:\/\/tuzlainfo.ba\/#\/schema\/logo\/image\/\",\"url\":\"https:\/\/tuzlainfo.ba\/wp-content\/uploads\/2021\/03\/logo-ver-3-1.png\",\"contentUrl\":\"https:\/\/tuzlainfo.ba\/wp-content\/uploads\/2021\/03\/logo-ver-3-1.png\",\"width\":350,\"height\":95,\"caption\":\"TuzlaInfo.ba\"},\"image\":{\"@id\":\"https:\/\/tuzlainfo.ba\/#\/schema\/logo\/image\/\"},\"sameAs\":[\"https:\/\/www.facebook.com\/tuzlainfo.ba\/\"]},{\"@type\":\"Person\",\"@id\":\"https:\/\/tuzlainfo.ba\/#\/schema\/person\/46cad4c57790cbc50781edd14870825a\",\"name\":\"Tuzla Info\",\"image\":{\"@type\":\"ImageObject\",\"inLanguage\":\"bs-BA\",\"@id\":\"https:\/\/tuzlainfo.ba\/#\/schema\/person\/image\/\",\"url\":\"https:\/\/tuzlainfo.ba\/wp-content\/litespeed\/avatar\/b6c453a6c38e3654f2e4416c643fc25c.jpg?ver=1777051911\",\"contentUrl\":\"https:\/\/tuzlainfo.ba\/wp-content\/litespeed\/avatar\/b6c453a6c38e3654f2e4416c643fc25c.jpg?ver=1777051911\",\"caption\":\"Tuzla Info\"}}]}<\/script>\n<!-- \/ Yoast SEO plugin. -->","yoast_head_json":{"title":"Plesnom ve\u010deri na Trgu slobode sve\u010dano otvoren prvi Festival mladih 2021. - TuzlaInfo.ba","robots":{"index":"index","follow":"follow","max-snippet":"max-snippet:-1","max-image-preview":"max-image-preview:large","max-video-preview":"max-video-preview:-1"},"canonical":"https:\/\/tuzlainfo.ba\/index.php\/novosti\/item\/145684-plesnom-veceri-na-trgu-slobode-svecano-otvoren-prvi-festival-mladih-2021\/","og_locale":"bs_BA","og_type":"article","og_title":"Plesnom ve\u010deri na Trgu slobode sve\u010dano otvoren prvi Festival mladih 2021. - TuzlaInfo.ba","og_description":"Tuzlanski kanton postao je centar talentovanih, vrijednih, inovativnih i uspje\u0161nih mladih ljudi. Festival \u0107e u&hellip;","og_url":"https:\/\/tuzlainfo.ba\/index.php\/novosti\/item\/145684-plesnom-veceri-na-trgu-slobode-svecano-otvoren-prvi-festival-mladih-2021\/","og_site_name":"TuzlaInfo.ba","article_publisher":"https:\/\/www.facebook.com\/tuzlainfo.ba\/","article_published_time":"2021-08-23T15:00:16+00:00","article_modified_time":"2021-08-23T13:21:29+00:00","og_image":[{"width":800,"height":533,"url":"https:\/\/tuzlainfo.ba\/wp-content\/uploads\/2021\/08\/2308__Tuzla-plese-12.jpg","type":"image\/jpeg"}],"author":"Tuzla Info","twitter_card":"summary_large_image","twitter_misc":{"Written by":"Tuzla Info","Est. reading time":"2 minute"},"schema":{"@context":"https:\/\/schema.org","@graph":[{"@type":"Article","@id":"https:\/\/tuzlainfo.ba\/index.php\/novosti\/item\/145684-plesnom-veceri-na-trgu-slobode-svecano-otvoren-prvi-festival-mladih-2021\/#article","isPartOf":{"@id":"https:\/\/tuzlainfo.ba\/index.php\/novosti\/item\/145684-plesnom-veceri-na-trgu-slobode-svecano-otvoren-prvi-festival-mladih-2021\/"},"author":{"name":"Tuzla Info","@id":"https:\/\/tuzlainfo.ba\/#\/schema\/person\/46cad4c57790cbc50781edd14870825a"},"headline":"Plesnom ve\u010deri na Trgu slobode sve\u010dano otvoren prvi Festival mladih 2021.","datePublished":"2021-08-23T15:00:16+00:00","dateModified":"2021-08-23T13:21:29+00:00","mainEntityOfPage":{"@id":"https:\/\/tuzlainfo.ba\/index.php\/novosti\/item\/145684-plesnom-veceri-na-trgu-slobode-svecano-otvoren-prvi-festival-mladih-2021\/"},"wordCount":413,"commentCount":0,"publisher":{"@id":"https:\/\/tuzlainfo.ba\/#organization"},"image":{"@id":"https:\/\/tuzlainfo.ba\/index.php\/novosti\/item\/145684-plesnom-veceri-na-trgu-slobode-svecano-otvoren-prvi-festival-mladih-2021\/#primaryimage"},"thumbnailUrl":"https:\/\/tuzlainfo.ba\/wp-content\/uploads\/2021\/08\/2308__Tuzla-plese-12.jpg","keywords":["festival mladih tuzla","tuzla ple\u0161e"],"articleSection":["Istaknuto","Novosti"],"inLanguage":"bs-BA"},{"@type":"WebPage","@id":"https:\/\/tuzlainfo.ba\/index.php\/novosti\/item\/145684-plesnom-veceri-na-trgu-slobode-svecano-otvoren-prvi-festival-mladih-2021\/","url":"https:\/\/tuzlainfo.ba\/index.php\/novosti\/item\/145684-plesnom-veceri-na-trgu-slobode-svecano-otvoren-prvi-festival-mladih-2021\/","name":"Plesnom ve\u010deri na Trgu slobode sve\u010dano otvoren prvi Festival mladih 2021. - TuzlaInfo.ba","isPartOf":{"@id":"https:\/\/tuzlainfo.ba\/#website"},"primaryImageOfPage":{"@id":"https:\/\/tuzlainfo.ba\/index.php\/novosti\/item\/145684-plesnom-veceri-na-trgu-slobode-svecano-otvoren-prvi-festival-mladih-2021\/#primaryimage"},"image":{"@id":"https:\/\/tuzlainfo.ba\/index.php\/novosti\/item\/145684-plesnom-veceri-na-trgu-slobode-svecano-otvoren-prvi-festival-mladih-2021\/#primaryimage"},"thumbnailUrl":"https:\/\/tuzlainfo.ba\/wp-content\/uploads\/2021\/08\/2308__Tuzla-plese-12.jpg","datePublished":"2021-08-23T15:00:16+00:00","dateModified":"2021-08-23T13:21:29+00:00","breadcrumb":{"@id":"https:\/\/tuzlainfo.ba\/index.php\/novosti\/item\/145684-plesnom-veceri-na-trgu-slobode-svecano-otvoren-prvi-festival-mladih-2021\/#breadcrumb"},"inLanguage":"bs-BA","potentialAction":[{"@type":"ReadAction","target":["https:\/\/tuzlainfo.ba\/index.php\/novosti\/item\/145684-plesnom-veceri-na-trgu-slobode-svecano-otvoren-prvi-festival-mladih-2021\/"]}]},{"@type":"ImageObject","inLanguage":"bs-BA","@id":"https:\/\/tuzlainfo.ba\/index.php\/novosti\/item\/145684-plesnom-veceri-na-trgu-slobode-svecano-otvoren-prvi-festival-mladih-2021\/#primaryimage","url":"https:\/\/tuzlainfo.ba\/wp-content\/uploads\/2021\/08\/2308__Tuzla-plese-12.jpg","contentUrl":"https:\/\/tuzlainfo.ba\/wp-content\/uploads\/2021\/08\/2308__Tuzla-plese-12.jpg","width":800,"height":533,"caption":"Foto: Arhiva"},{"@type":"BreadcrumbList","@id":"https:\/\/tuzlainfo.ba\/index.php\/novosti\/item\/145684-plesnom-veceri-na-trgu-slobode-svecano-otvoren-prvi-festival-mladih-2021\/#breadcrumb","itemListElement":[{"@type":"ListItem","position":1,"name":"Home","item":"https:\/\/tuzlainfo.ba\/"},{"@type":"ListItem","position":2,"name":"Plesnom ve\u010deri na Trgu slobode sve\u010dano otvoren prvi Festival mladih 2021."}]},{"@type":"WebSite","@id":"https:\/\/tuzlainfo.ba\/#website","url":"https:\/\/tuzlainfo.ba\/","name":"TuzlaInfo.ba","description":"Tuzla info, gradski informator - Tuzla na dlanu","publisher":{"@id":"https:\/\/tuzlainfo.ba\/#organization"},"potentialAction":[{"@type":"SearchAction","target":{"@type":"EntryPoint","urlTemplate":"https:\/\/tuzlainfo.ba\/?s={search_term_string}"},"query-input":{"@type":"PropertyValueSpecification","valueRequired":true,"valueName":"search_term_string"}}],"inLanguage":"bs-BA"},{"@type":"Organization","@id":"https:\/\/tuzlainfo.ba\/#organization","name":"TuzlaInfo.ba","url":"https:\/\/tuzlainfo.ba\/","logo":{"@type":"ImageObject","inLanguage":"bs-BA","@id":"https:\/\/tuzlainfo.ba\/#\/schema\/logo\/image\/","url":"https:\/\/tuzlainfo.ba\/wp-content\/uploads\/2021\/03\/logo-ver-3-1.png","contentUrl":"https:\/\/tuzlainfo.ba\/wp-content\/uploads\/2021\/03\/logo-ver-3-1.png","width":350,"height":95,"caption":"TuzlaInfo.ba"},"image":{"@id":"https:\/\/tuzlainfo.ba\/#\/schema\/logo\/image\/"},"sameAs":["https:\/\/www.facebook.com\/tuzlainfo.ba\/"]},{"@type":"Person","@id":"https:\/\/tuzlainfo.ba\/#\/schema\/person\/46cad4c57790cbc50781edd14870825a","name":"Tuzla Info","image":{"@type":"ImageObject","inLanguage":"bs-BA","@id":"https:\/\/tuzlainfo.ba\/#\/schema\/person\/image\/","url":"https:\/\/tuzlainfo.ba\/wp-content\/litespeed\/avatar\/b6c453a6c38e3654f2e4416c643fc25c.jpg?ver=1777051911","contentUrl":"https:\/\/tuzlainfo.ba\/wp-content\/litespeed\/avatar\/b6c453a6c38e3654f2e4416c643fc25c.jpg?ver=1777051911","caption":"Tuzla Info"}}]}},"_links":{"self":[{"href":"https:\/\/tuzlainfo.ba\/index.php\/wp-json\/wp\/v2\/posts\/145684"}],"collection":[{"href":"https:\/\/tuzlainfo.ba\/index.php\/wp-json\/wp\/v2\/posts"}],"about":[{"href":"https:\/\/tuzlainfo.ba\/index.php\/wp-json\/wp\/v2\/types\/post"}],"author":[{"embeddable":true,"href":"https:\/\/tuzlainfo.ba\/index.php\/wp-json\/wp\/v2\/users\/4"}],"replies":[{"embeddable":true,"href":"https:\/\/tuzlainfo.ba\/index.php\/wp-json\/wp\/v2\/comments?post=145684"}],"version-history":[{"count":0,"href":"https:\/\/tuzlainfo.ba\/index.php\/wp-json\/wp\/v2\/posts\/145684\/revisions"}],"wp:featuredmedia":[{"embeddable":true,"href":"https:\/\/tuzlainfo.ba\/index.php\/wp-json\/wp\/v2\/media\/145685"}],"wp:attachment":[{"href":"https:\/\/tuzlainfo.ba\/index.php\/wp-json\/wp\/v2\/media?parent=145684"}],"wp:term":[{"taxonomy":"category","embeddable":true,"href":"https:\/\/tuzlainfo.ba\/index.php\/wp-json\/wp\/v2\/categories?post=145684"},{"taxonomy":"post_tag","embeddable":true,"href":"https:\/\/tuzlainfo.ba\/index.php\/wp-json\/wp\/v2\/tags?post=145684"}],"curies":[{"name":"wp","href":"https:\/\/api.w.org\/{rel}","templated":true}]}}