{"id":145607,"date":"2021-08-22T19:56:45","date_gmt":"2021-08-22T17:56:45","guid":{"rendered":"https:\/\/tuzlainfo.ba\/?p=145607"},"modified":"2021-08-22T19:57:56","modified_gmt":"2021-08-22T17:57:56","slug":"svecano-u-franjevackom-samostanu-tuzlanska-zupa-nakon-devet-godina-podarila-novog-fratra","status":"publish","type":"post","link":"https:\/\/tuzlainfo.ba\/index.php\/novosti\/item\/145607-svecano-u-franjevackom-samostanu-tuzlanska-zupa-nakon-devet-godina-podarila-novog-fratra\/","title":{"rendered":"Sve\u010dano u Franjeva\u010dkom samostanu: Tuzlanska \u017eupa nakon devet godina podarila novog fratra"},"content":{"rendered":"<p>U Franjeva\u010dkom samostanu u Tuzli danas je bilo posebno sve\u010dano. Fra Dario Matanovi\u0107 (25) proslavio je u svojoj \u017eupi mladu misu. Veliki je ovo doga\u0111aj za cijeli grad te tuzlansku \u017eupu koja je opet, nakon 9 godina Vrhbosanskoj nadbiskupiji podarila mladog sve\u0107enika, franjevca.<\/p>\n<p>Posebno je bilo emotivno na po\u010detku sve\u010danog misnog slavlja kada je fra Dario primio blagoslov od svoje majke Ljube. Dario je \u010desto za nju govorio da ga je ona kao dijete uvijek vodila u crkvu, u\u010dila ga vjeri i tako pribli\u017eila Bogu.<\/p>\n<p>Fra Dario za Hrvatski glasnik ka\u017ee da su mu danas osje\u0107anja pomije\u0161ana.<\/p>\n<p>\u201eOsje\u0107aji su isprepleteni. Sadr\u017eani su u radosti koju ovoga dana dijelim s drugima i njihovom rado\u0161\u0107u koju meni iskazuju.\u201c<\/p>\n<p>Proslava mlade mise je doga\u0111aj zahvalnosti i ovo je prva sve\u010dana misa fra daria za njegovu \u017eupu.<\/p>\n<p>Kao i sama rije\u010d euharistija, ovo je uistinu zahvala u prvome redu Bogu, koji me pozvao i kojemu sam se odazvao slu\u017eiti kao sve\u0107enik. Zatim, dana\u0161nja je misa zahvala svima onima \u2013 i \u017eivima i mrtvima \u2013 koji su me svojom molitvom i podr\u0161kom pratili kroz moj dosada\u0161nji \u017eivot. Ovo je radostan doga\u0111aj i za mene i za moje najbli\u017ee, rodbinu i prijatelje, ali i za cijeli na\u0161 grad. Volio bih kad bi moja mlada misa u ljudima, posebno mla\u0111ima, probudila osje\u0107aj nade, nade u bolju budu\u0107nost na na\u0161im prostorima, jer i ja sam svojom mladom misom pokazao da ovdje treba ostati i \u017eivot usmjeravati ka dobru slu\u017ee\u0107i drugima, a istovremeno misle\u0107i i na svoje spasenje\u201c, rekao je fra Dario nakon sve\u010danog misnog slavlja za Hrvatski glasnik koji je trenuta\u010dno sam najmla\u0111i tuzlanski fratar.<\/p>\n<p>\u201eOvim se \u010dinom pridru\u017eujem \u010ditavoj plejadi tuzlanskih fratara. I danas je na\u0161 poziv jednako izazovan kao i u pro\u0161lim vremenima. Svako vrijeme nosi nove, konkretne izazove i na njih treba odgovoriti, naravno, na ispravan na\u010din. O tome ovisi svetost ne\u010dijeg sve\u0107eni\u010dkog poziva\u201c, isti\u010de fra Dario.<\/p>\n<p>Tuzla je zasigurno njegov grad, a tuzlanski fratri cijelo \u0161kolovanje su ga poticali da ustraje u svom sve\u0107eni\u010dkom pozivu.<\/p>\n<p>\u201eTuzlanski samostan upravo i jest mjesto moga susreta s fratrima. Od frama\u0161kih dana sve do dana\u0161njih fratri u na\u0161em samostanu za mene su bili prva bra\u0107a kojoj sam se uvijek vra\u0107ao i koji su me pratili za vrijeme moje formacije. Tuzlanski je samostan moja ku\u0107a od koje idem dalje na svom sve\u0107eni\u010dkom putu. I kojoj \u0107u se uvijek rado vra\u0107ati\u201c, rekao je fra Dario Matanovi\u0107 danas za Hrvatski glasnik.<\/p>\n<p>Sve\u010danosti je prisustovao velik broj vjernika.<\/p>\n","protected":false},"excerpt":{"rendered":"<p>U Franjeva\u010dkom samostanu u Tuzli danas je bilo posebno sve\u010dano. Fra Dario Matanovi\u0107 (25) proslavio&hellip;<\/p>\n","protected":false},"author":2,"featured_media":145608,"comment_status":"open","ping_status":"closed","sticky":false,"template":"","format":"standard","meta":{"_acf_changed":false,"footnotes":""},"categories":[12],"tags":[1941],"acf":[],"yoast_head":"<!-- This site is optimized with the Yoast SEO plugin v23.5 - https:\/\/yoast.com\/wordpress\/plugins\/seo\/ -->\n<title>Sve\u010dano u Franjeva\u010dkom samostanu: Tuzlanska \u017eupa nakon devet godina podarila novog fratra - TuzlaInfo.ba<\/title>\n<meta name=\"robots\" content=\"index, follow, max-snippet:-1, max-image-preview:large, max-video-preview:-1\" \/>\n<link rel=\"canonical\" href=\"https:\/\/tuzlainfo.ba\/index.php\/novosti\/item\/145607-svecano-u-franjevackom-samostanu-tuzlanska-zupa-nakon-devet-godina-podarila-novog-fratra\/\" \/>\n<meta property=\"og:locale\" content=\"bs_BA\" \/>\n<meta property=\"og:type\" content=\"article\" \/>\n<meta property=\"og:title\" content=\"Sve\u010dano u Franjeva\u010dkom samostanu: Tuzlanska \u017eupa nakon devet godina podarila novog fratra - TuzlaInfo.ba\" \/>\n<meta property=\"og:description\" content=\"U Franjeva\u010dkom samostanu u Tuzli danas je bilo posebno sve\u010dano. Fra Dario Matanovi\u0107 (25) proslavio&hellip;\" \/>\n<meta property=\"og:url\" content=\"https:\/\/tuzlainfo.ba\/index.php\/novosti\/item\/145607-svecano-u-franjevackom-samostanu-tuzlanska-zupa-nakon-devet-godina-podarila-novog-fratra\/\" \/>\n<meta property=\"og:site_name\" content=\"TuzlaInfo.ba\" \/>\n<meta property=\"article:publisher\" content=\"https:\/\/www.facebook.com\/tuzlainfo.ba\/\" \/>\n<meta property=\"article:published_time\" content=\"2021-08-22T17:56:45+00:00\" \/>\n<meta property=\"article:modified_time\" content=\"2021-08-22T17:57:56+00:00\" \/>\n<meta property=\"og:image\" content=\"https:\/\/tuzlainfo.ba\/wp-content\/uploads\/2021\/08\/2208_dario_matanovic.jpg\" \/>\n\t<meta property=\"og:image:width\" content=\"1200\" \/>\n\t<meta property=\"og:image:height\" content=\"552\" \/>\n\t<meta property=\"og:image:type\" content=\"image\/jpeg\" \/>\n<meta name=\"author\" content=\"nedim\" \/>\n<meta name=\"twitter:card\" content=\"summary_large_image\" \/>\n<meta name=\"twitter:label1\" content=\"Written by\" \/>\n\t<meta name=\"twitter:data1\" content=\"nedim\" \/>\n\t<meta name=\"twitter:label2\" content=\"Est. reading time\" \/>\n\t<meta name=\"twitter:data2\" content=\"2 minute\" \/>\n<script type=\"application\/ld+json\" class=\"yoast-schema-graph\">{\"@context\":\"https:\/\/schema.org\",\"@graph\":[{\"@type\":\"Article\",\"@id\":\"https:\/\/tuzlainfo.ba\/index.php\/novosti\/item\/145607-svecano-u-franjevackom-samostanu-tuzlanska-zupa-nakon-devet-godina-podarila-novog-fratra\/#article\",\"isPartOf\":{\"@id\":\"https:\/\/tuzlainfo.ba\/index.php\/novosti\/item\/145607-svecano-u-franjevackom-samostanu-tuzlanska-zupa-nakon-devet-godina-podarila-novog-fratra\/\"},\"author\":{\"name\":\"nedim\",\"@id\":\"https:\/\/tuzlainfo.ba\/#\/schema\/person\/f434e20dc27ea133923aab08451b7f7f\"},\"headline\":\"Sve\u010dano u Franjeva\u010dkom samostanu: Tuzlanska \u017eupa nakon devet godina podarila novog fratra\",\"datePublished\":\"2021-08-22T17:56:45+00:00\",\"dateModified\":\"2021-08-22T17:57:56+00:00\",\"mainEntityOfPage\":{\"@id\":\"https:\/\/tuzlainfo.ba\/index.php\/novosti\/item\/145607-svecano-u-franjevackom-samostanu-tuzlanska-zupa-nakon-devet-godina-podarila-novog-fratra\/\"},\"wordCount\":468,\"commentCount\":0,\"publisher\":{\"@id\":\"https:\/\/tuzlainfo.ba\/#organization\"},\"image\":{\"@id\":\"https:\/\/tuzlainfo.ba\/index.php\/novosti\/item\/145607-svecano-u-franjevackom-samostanu-tuzlanska-zupa-nakon-devet-godina-podarila-novog-fratra\/#primaryimage\"},\"thumbnailUrl\":\"https:\/\/tuzlainfo.ba\/wp-content\/uploads\/2021\/08\/2208_dario_matanovic.jpg\",\"keywords\":[\"Franjeva\u010dki samostan Tuzla\"],\"articleSection\":[\"Novosti\"],\"inLanguage\":\"bs-BA\"},{\"@type\":\"WebPage\",\"@id\":\"https:\/\/tuzlainfo.ba\/index.php\/novosti\/item\/145607-svecano-u-franjevackom-samostanu-tuzlanska-zupa-nakon-devet-godina-podarila-novog-fratra\/\",\"url\":\"https:\/\/tuzlainfo.ba\/index.php\/novosti\/item\/145607-svecano-u-franjevackom-samostanu-tuzlanska-zupa-nakon-devet-godina-podarila-novog-fratra\/\",\"name\":\"Sve\u010dano u Franjeva\u010dkom samostanu: Tuzlanska \u017eupa nakon devet godina podarila novog fratra - TuzlaInfo.ba\",\"isPartOf\":{\"@id\":\"https:\/\/tuzlainfo.ba\/#website\"},\"primaryImageOfPage\":{\"@id\":\"https:\/\/tuzlainfo.ba\/index.php\/novosti\/item\/145607-svecano-u-franjevackom-samostanu-tuzlanska-zupa-nakon-devet-godina-podarila-novog-fratra\/#primaryimage\"},\"image\":{\"@id\":\"https:\/\/tuzlainfo.ba\/index.php\/novosti\/item\/145607-svecano-u-franjevackom-samostanu-tuzlanska-zupa-nakon-devet-godina-podarila-novog-fratra\/#primaryimage\"},\"thumbnailUrl\":\"https:\/\/tuzlainfo.ba\/wp-content\/uploads\/2021\/08\/2208_dario_matanovic.jpg\",\"datePublished\":\"2021-08-22T17:56:45+00:00\",\"dateModified\":\"2021-08-22T17:57:56+00:00\",\"breadcrumb\":{\"@id\":\"https:\/\/tuzlainfo.ba\/index.php\/novosti\/item\/145607-svecano-u-franjevackom-samostanu-tuzlanska-zupa-nakon-devet-godina-podarila-novog-fratra\/#breadcrumb\"},\"inLanguage\":\"bs-BA\",\"potentialAction\":[{\"@type\":\"ReadAction\",\"target\":[\"https:\/\/tuzlainfo.ba\/index.php\/novosti\/item\/145607-svecano-u-franjevackom-samostanu-tuzlanska-zupa-nakon-devet-godina-podarila-novog-fratra\/\"]}]},{\"@type\":\"ImageObject\",\"inLanguage\":\"bs-BA\",\"@id\":\"https:\/\/tuzlainfo.ba\/index.php\/novosti\/item\/145607-svecano-u-franjevackom-samostanu-tuzlanska-zupa-nakon-devet-godina-podarila-novog-fratra\/#primaryimage\",\"url\":\"https:\/\/tuzlainfo.ba\/wp-content\/uploads\/2021\/08\/2208_dario_matanovic.jpg\",\"contentUrl\":\"https:\/\/tuzlainfo.ba\/wp-content\/uploads\/2021\/08\/2208_dario_matanovic.jpg\",\"width\":1200,\"height\":552},{\"@type\":\"BreadcrumbList\",\"@id\":\"https:\/\/tuzlainfo.ba\/index.php\/novosti\/item\/145607-svecano-u-franjevackom-samostanu-tuzlanska-zupa-nakon-devet-godina-podarila-novog-fratra\/#breadcrumb\",\"itemListElement\":[{\"@type\":\"ListItem\",\"position\":1,\"name\":\"Home\",\"item\":\"https:\/\/tuzlainfo.ba\/\"},{\"@type\":\"ListItem\",\"position\":2,\"name\":\"Sve\u010dano u Franjeva\u010dkom samostanu: Tuzlanska \u017eupa nakon devet godina podarila novog fratra\"}]},{\"@type\":\"WebSite\",\"@id\":\"https:\/\/tuzlainfo.ba\/#website\",\"url\":\"https:\/\/tuzlainfo.ba\/\",\"name\":\"TuzlaInfo.ba\",\"description\":\"Tuzla info, gradski informator - Tuzla na dlanu\",\"publisher\":{\"@id\":\"https:\/\/tuzlainfo.ba\/#organization\"},\"potentialAction\":[{\"@type\":\"SearchAction\",\"target\":{\"@type\":\"EntryPoint\",\"urlTemplate\":\"https:\/\/tuzlainfo.ba\/?s={search_term_string}\"},\"query-input\":{\"@type\":\"PropertyValueSpecification\",\"valueRequired\":true,\"valueName\":\"search_term_string\"}}],\"inLanguage\":\"bs-BA\"},{\"@type\":\"Organization\",\"@id\":\"https:\/\/tuzlainfo.ba\/#organization\",\"name\":\"TuzlaInfo.ba\",\"url\":\"https:\/\/tuzlainfo.ba\/\",\"logo\":{\"@type\":\"ImageObject\",\"inLanguage\":\"bs-BA\",\"@id\":\"https:\/\/tuzlainfo.ba\/#\/schema\/logo\/image\/\",\"url\":\"https:\/\/tuzlainfo.ba\/wp-content\/uploads\/2021\/03\/logo-ver-3-1.png\",\"contentUrl\":\"https:\/\/tuzlainfo.ba\/wp-content\/uploads\/2021\/03\/logo-ver-3-1.png\",\"width\":350,\"height\":95,\"caption\":\"TuzlaInfo.ba\"},\"image\":{\"@id\":\"https:\/\/tuzlainfo.ba\/#\/schema\/logo\/image\/\"},\"sameAs\":[\"https:\/\/www.facebook.com\/tuzlainfo.ba\/\"]},{\"@type\":\"Person\",\"@id\":\"https:\/\/tuzlainfo.ba\/#\/schema\/person\/f434e20dc27ea133923aab08451b7f7f\",\"name\":\"nedim\",\"image\":{\"@type\":\"ImageObject\",\"inLanguage\":\"bs-BA\",\"@id\":\"https:\/\/tuzlainfo.ba\/#\/schema\/person\/image\/\",\"url\":\"https:\/\/tuzlainfo.ba\/wp-content\/litespeed\/avatar\/aabad687af24844af817603ac1cbdc4f.jpg?ver=1777306975\",\"contentUrl\":\"https:\/\/tuzlainfo.ba\/wp-content\/litespeed\/avatar\/aabad687af24844af817603ac1cbdc4f.jpg?ver=1777306975\",\"caption\":\"nedim\"},\"description\":\"Tuzlainfo.ba pratite na dru\u0161tvenim mre\u017eama: Facebook, Instagram i Youtube. Svoje pri\u010de, upite i fotografije \u0161aljite na na\u0161u e-mail adresu.\"}]}<\/script>\n<!-- \/ Yoast SEO plugin. -->","yoast_head_json":{"title":"Sve\u010dano u Franjeva\u010dkom samostanu: Tuzlanska \u017eupa nakon devet godina podarila novog fratra - TuzlaInfo.ba","robots":{"index":"index","follow":"follow","max-snippet":"max-snippet:-1","max-image-preview":"max-image-preview:large","max-video-preview":"max-video-preview:-1"},"canonical":"https:\/\/tuzlainfo.ba\/index.php\/novosti\/item\/145607-svecano-u-franjevackom-samostanu-tuzlanska-zupa-nakon-devet-godina-podarila-novog-fratra\/","og_locale":"bs_BA","og_type":"article","og_title":"Sve\u010dano u Franjeva\u010dkom samostanu: Tuzlanska \u017eupa nakon devet godina podarila novog fratra - TuzlaInfo.ba","og_description":"U Franjeva\u010dkom samostanu u Tuzli danas je bilo posebno sve\u010dano. Fra Dario Matanovi\u0107 (25) proslavio&hellip;","og_url":"https:\/\/tuzlainfo.ba\/index.php\/novosti\/item\/145607-svecano-u-franjevackom-samostanu-tuzlanska-zupa-nakon-devet-godina-podarila-novog-fratra\/","og_site_name":"TuzlaInfo.ba","article_publisher":"https:\/\/www.facebook.com\/tuzlainfo.ba\/","article_published_time":"2021-08-22T17:56:45+00:00","article_modified_time":"2021-08-22T17:57:56+00:00","og_image":[{"width":1200,"height":552,"url":"https:\/\/tuzlainfo.ba\/wp-content\/uploads\/2021\/08\/2208_dario_matanovic.jpg","type":"image\/jpeg"}],"author":"nedim","twitter_card":"summary_large_image","twitter_misc":{"Written by":"nedim","Est. reading time":"2 minute"},"schema":{"@context":"https:\/\/schema.org","@graph":[{"@type":"Article","@id":"https:\/\/tuzlainfo.ba\/index.php\/novosti\/item\/145607-svecano-u-franjevackom-samostanu-tuzlanska-zupa-nakon-devet-godina-podarila-novog-fratra\/#article","isPartOf":{"@id":"https:\/\/tuzlainfo.ba\/index.php\/novosti\/item\/145607-svecano-u-franjevackom-samostanu-tuzlanska-zupa-nakon-devet-godina-podarila-novog-fratra\/"},"author":{"name":"nedim","@id":"https:\/\/tuzlainfo.ba\/#\/schema\/person\/f434e20dc27ea133923aab08451b7f7f"},"headline":"Sve\u010dano u Franjeva\u010dkom samostanu: Tuzlanska \u017eupa nakon devet godina podarila novog fratra","datePublished":"2021-08-22T17:56:45+00:00","dateModified":"2021-08-22T17:57:56+00:00","mainEntityOfPage":{"@id":"https:\/\/tuzlainfo.ba\/index.php\/novosti\/item\/145607-svecano-u-franjevackom-samostanu-tuzlanska-zupa-nakon-devet-godina-podarila-novog-fratra\/"},"wordCount":468,"commentCount":0,"publisher":{"@id":"https:\/\/tuzlainfo.ba\/#organization"},"image":{"@id":"https:\/\/tuzlainfo.ba\/index.php\/novosti\/item\/145607-svecano-u-franjevackom-samostanu-tuzlanska-zupa-nakon-devet-godina-podarila-novog-fratra\/#primaryimage"},"thumbnailUrl":"https:\/\/tuzlainfo.ba\/wp-content\/uploads\/2021\/08\/2208_dario_matanovic.jpg","keywords":["Franjeva\u010dki samostan Tuzla"],"articleSection":["Novosti"],"inLanguage":"bs-BA"},{"@type":"WebPage","@id":"https:\/\/tuzlainfo.ba\/index.php\/novosti\/item\/145607-svecano-u-franjevackom-samostanu-tuzlanska-zupa-nakon-devet-godina-podarila-novog-fratra\/","url":"https:\/\/tuzlainfo.ba\/index.php\/novosti\/item\/145607-svecano-u-franjevackom-samostanu-tuzlanska-zupa-nakon-devet-godina-podarila-novog-fratra\/","name":"Sve\u010dano u Franjeva\u010dkom samostanu: Tuzlanska \u017eupa nakon devet godina podarila novog fratra - TuzlaInfo.ba","isPartOf":{"@id":"https:\/\/tuzlainfo.ba\/#website"},"primaryImageOfPage":{"@id":"https:\/\/tuzlainfo.ba\/index.php\/novosti\/item\/145607-svecano-u-franjevackom-samostanu-tuzlanska-zupa-nakon-devet-godina-podarila-novog-fratra\/#primaryimage"},"image":{"@id":"https:\/\/tuzlainfo.ba\/index.php\/novosti\/item\/145607-svecano-u-franjevackom-samostanu-tuzlanska-zupa-nakon-devet-godina-podarila-novog-fratra\/#primaryimage"},"thumbnailUrl":"https:\/\/tuzlainfo.ba\/wp-content\/uploads\/2021\/08\/2208_dario_matanovic.jpg","datePublished":"2021-08-22T17:56:45+00:00","dateModified":"2021-08-22T17:57:56+00:00","breadcrumb":{"@id":"https:\/\/tuzlainfo.ba\/index.php\/novosti\/item\/145607-svecano-u-franjevackom-samostanu-tuzlanska-zupa-nakon-devet-godina-podarila-novog-fratra\/#breadcrumb"},"inLanguage":"bs-BA","potentialAction":[{"@type":"ReadAction","target":["https:\/\/tuzlainfo.ba\/index.php\/novosti\/item\/145607-svecano-u-franjevackom-samostanu-tuzlanska-zupa-nakon-devet-godina-podarila-novog-fratra\/"]}]},{"@type":"ImageObject","inLanguage":"bs-BA","@id":"https:\/\/tuzlainfo.ba\/index.php\/novosti\/item\/145607-svecano-u-franjevackom-samostanu-tuzlanska-zupa-nakon-devet-godina-podarila-novog-fratra\/#primaryimage","url":"https:\/\/tuzlainfo.ba\/wp-content\/uploads\/2021\/08\/2208_dario_matanovic.jpg","contentUrl":"https:\/\/tuzlainfo.ba\/wp-content\/uploads\/2021\/08\/2208_dario_matanovic.jpg","width":1200,"height":552},{"@type":"BreadcrumbList","@id":"https:\/\/tuzlainfo.ba\/index.php\/novosti\/item\/145607-svecano-u-franjevackom-samostanu-tuzlanska-zupa-nakon-devet-godina-podarila-novog-fratra\/#breadcrumb","itemListElement":[{"@type":"ListItem","position":1,"name":"Home","item":"https:\/\/tuzlainfo.ba\/"},{"@type":"ListItem","position":2,"name":"Sve\u010dano u Franjeva\u010dkom samostanu: Tuzlanska \u017eupa nakon devet godina podarila novog fratra"}]},{"@type":"WebSite","@id":"https:\/\/tuzlainfo.ba\/#website","url":"https:\/\/tuzlainfo.ba\/","name":"TuzlaInfo.ba","description":"Tuzla info, gradski informator - Tuzla na dlanu","publisher":{"@id":"https:\/\/tuzlainfo.ba\/#organization"},"potentialAction":[{"@type":"SearchAction","target":{"@type":"EntryPoint","urlTemplate":"https:\/\/tuzlainfo.ba\/?s={search_term_string}"},"query-input":{"@type":"PropertyValueSpecification","valueRequired":true,"valueName":"search_term_string"}}],"inLanguage":"bs-BA"},{"@type":"Organization","@id":"https:\/\/tuzlainfo.ba\/#organization","name":"TuzlaInfo.ba","url":"https:\/\/tuzlainfo.ba\/","logo":{"@type":"ImageObject","inLanguage":"bs-BA","@id":"https:\/\/tuzlainfo.ba\/#\/schema\/logo\/image\/","url":"https:\/\/tuzlainfo.ba\/wp-content\/uploads\/2021\/03\/logo-ver-3-1.png","contentUrl":"https:\/\/tuzlainfo.ba\/wp-content\/uploads\/2021\/03\/logo-ver-3-1.png","width":350,"height":95,"caption":"TuzlaInfo.ba"},"image":{"@id":"https:\/\/tuzlainfo.ba\/#\/schema\/logo\/image\/"},"sameAs":["https:\/\/www.facebook.com\/tuzlainfo.ba\/"]},{"@type":"Person","@id":"https:\/\/tuzlainfo.ba\/#\/schema\/person\/f434e20dc27ea133923aab08451b7f7f","name":"nedim","image":{"@type":"ImageObject","inLanguage":"bs-BA","@id":"https:\/\/tuzlainfo.ba\/#\/schema\/person\/image\/","url":"https:\/\/tuzlainfo.ba\/wp-content\/litespeed\/avatar\/aabad687af24844af817603ac1cbdc4f.jpg?ver=1777306975","contentUrl":"https:\/\/tuzlainfo.ba\/wp-content\/litespeed\/avatar\/aabad687af24844af817603ac1cbdc4f.jpg?ver=1777306975","caption":"nedim"},"description":"Tuzlainfo.ba pratite na dru\u0161tvenim mre\u017eama: Facebook, Instagram i Youtube. Svoje pri\u010de, upite i fotografije \u0161aljite na na\u0161u e-mail adresu."}]}},"_links":{"self":[{"href":"https:\/\/tuzlainfo.ba\/index.php\/wp-json\/wp\/v2\/posts\/145607"}],"collection":[{"href":"https:\/\/tuzlainfo.ba\/index.php\/wp-json\/wp\/v2\/posts"}],"about":[{"href":"https:\/\/tuzlainfo.ba\/index.php\/wp-json\/wp\/v2\/types\/post"}],"author":[{"embeddable":true,"href":"https:\/\/tuzlainfo.ba\/index.php\/wp-json\/wp\/v2\/users\/2"}],"replies":[{"embeddable":true,"href":"https:\/\/tuzlainfo.ba\/index.php\/wp-json\/wp\/v2\/comments?post=145607"}],"version-history":[{"count":0,"href":"https:\/\/tuzlainfo.ba\/index.php\/wp-json\/wp\/v2\/posts\/145607\/revisions"}],"wp:featuredmedia":[{"embeddable":true,"href":"https:\/\/tuzlainfo.ba\/index.php\/wp-json\/wp\/v2\/media\/145608"}],"wp:attachment":[{"href":"https:\/\/tuzlainfo.ba\/index.php\/wp-json\/wp\/v2\/media?parent=145607"}],"wp:term":[{"taxonomy":"category","embeddable":true,"href":"https:\/\/tuzlainfo.ba\/index.php\/wp-json\/wp\/v2\/categories?post=145607"},{"taxonomy":"post_tag","embeddable":true,"href":"https:\/\/tuzlainfo.ba\/index.php\/wp-json\/wp\/v2\/tags?post=145607"}],"curies":[{"name":"wp","href":"https:\/\/api.w.org\/{rel}","templated":true}]}}