{"id":145503,"date":"2021-08-20T21:08:47","date_gmt":"2021-08-20T19:08:47","guid":{"rendered":"https:\/\/tuzlainfo.ba\/?p=145503"},"modified":"2021-08-20T21:08:47","modified_gmt":"2021-08-20T19:08:47","slug":"dzaferovic-pokusavaju-praviti-etnicki-balans-ratnih-zlocina-a-armija-rbih-je-vodila-casnu-borbu","status":"publish","type":"post","link":"https:\/\/tuzlainfo.ba\/index.php\/bosna-i-hercegovina\/item\/145503-dzaferovic-pokusavaju-praviti-etnicki-balans-ratnih-zlocina-a-armija-rbih-je-vodila-casnu-borbu\/","title":{"rendered":"D\u017eaferovi\u0107: Poku\u0161avaju praviti etni\u010dki balans ratnih zlo\u010dina, a Armija RBiH je vodila \u010dasnu borbu"},"content":{"rendered":"<p>\u0160efik D\u017eaferovi\u0107, \u010dlan Predsjedni\u0161tva Bosne i Hercegovine, govorio je ve\u010deras o aktuelnim politi\u010dkim de\u0161avanjima u na\u0161oj zemlji.<\/p>\n<p>D\u017eaferovi\u0107 je u svojim izjavama komentarisao blokadu Predsjedni\u0161tva BiH u re\u017eiji Milorada Dodika, politi\u010dko-vojnu situaciju u Afganistanu, rad Tu\u017eila\u0161tva BiH, kao i ponovo pove\u0107anje brojki zara\u017eenih koronavirusom u BiH.<\/p>\n<p>Kako je na po\u010detku rekao, funkcija \u010dlana Predsjedni\u0161tva BiH je jedna \u010dasna funkcija koja se mora obavljati na dostojanstven na\u010din.<\/p>\n<p>&#8211; To je okvir u kojem se \u010dlanovi Predsjedni\u0161tva trebaju pona\u0161ati. Biti smireni i stalo\u017eeni je dio tog pona\u0161anja. Ne odgovarati na provokacije, ali biti dovoljno odlu\u010dan i jasan, biti dovoljno uporan u za\u0161titi interesa BiH, a to je na\u0161 osnovni posao,\u00a0isti\u010de D\u017eaferovi\u0107.<\/p>\n<p><strong>O DODIKU<\/strong><\/p>\n<p>Posljedice blokade \u010dlana Predsjedni\u0161tva BiH Milorada Dodika su ogromne, ka\u017ee D\u017eaferovi\u0107. \u010cim ne funkcionira kolektivni \u0161ef dr\u017eave u punom kapacitetu, to je jedna ozbiljna i te\u0161ka posljedica. Vidljive su i svakodnevne posljedice.<\/p>\n<div class=\"item__related\">\n<p>&#8211; Vidjeli smo na primjeru naloga za upotrebu OS BiH helikoptera za ga\u0161enje po\u017eara, zbog njegovog protivljenja ili nedostatka saglasnosti, resursi OS nisu stavljeni u funkciju. \u0160tete su ogromne. Na ovaj na\u010din on nanosi \u0161tetu svima, ali nanosi i sebi. Ukoliko se ovo nastavi stavit \u0107e se u pitanje da li uop\u0107e funkcionira Daytonski mirovni sporazum, i \u0161ta poslije toga? Ako nastavi sa takvom aktivnosti sigurno \u0107e se do\u0107i \u0107e se do zaklju\u010dka da ne funkcionira. Onda \u0107emo vidjeti \u0161ta i kako dalje. To su scenariji koji za njega nisu povoljni. O tome bi trebao voditi ra\u010duna,\u00a0rekao je.<\/p>\n<p>\u0160to se ti\u010de krivi\u010dne odgovornosti za ne\u010dinjenje, D\u017eaferovi\u0107 ka\u017ee da \u0107e o tome odlu\u010diti Tu\u017eila\u0161tvo i Sud BiH.<\/p>\n<p>&#8211; Niko od nas \u010dlanova Predsjedni\u0161tva nije izabran da bi blokirao institucije BiH i da bi blokirao mehanizme koji su u funkciji za\u0161tite interesa ljudi koji \u017eive u ovoj zemlji. Sasvim je sigurno, ako ne postoji nikakav ozbiljan razlog, a ne postoji, da se radi o zloupotrebi. Niko od nas nema pravo na zloupotrebu, da sprije\u010dava OS BiH da poma\u017ee civilnom stanovni\u0161tvu kada je to potrebno, kazao je D\u017eaferovi\u0107.<\/p>\n<p>Poja\u0161njava da je pona\u0161ati se kao Dodik, a ne snositi posljedice je mogu\u0107e jer BiH nema izgra\u0111ene mehanizme politi\u010dke odgovornosti. U ovoj situaciji bi bilo normalno da do\u0111e do smjene \u010dlana Predsjedni\u0161tva, a mi ih nemamo, osim me\u0111unarodne zajednice.<\/p>\n<p>&#8211; Upravo jer su u BiH predvi\u0111eni dvojni mehanizmi, imamo me\u0111unarodnu zajednicu koja treba da poma\u017ee BiH. Postoje i Bonska ovla\u0161tenja. Na\u017ealost, uloga me\u0111unarodne zajednice u posljednjih 10-15 godina je stalno slabila. Dobili smo novog visokog predstavnika i o\u010dekujem neki zamah kada je u pitanju ozbiljnost i odgovornost u izvr\u0161avanju funkcija svih nas u ovoj zemlji,\u00a0smatra on.<\/p>\n<p>Dodaje da nije dovoljna reakcija OHR-a, i da ona mora biti mnogo jasnija i odlu\u010dnija, jer sve je bolje nego da gra\u0111ani ove zemlje trpe \u0161tetu.<\/p>\n<p>&#8211; O\u010dekujem novi zamah kod novog visokog predstavnika, da se pomogne BiH, da kona\u010dno bude uspostavljena kao efikasna i funkcionalna dr\u017eava. Nadam se tome i mislim da drugog puta nema. Jedini mogu\u0107i put je po\u0161tivanje Daytonskog mirovnog sporazuma, sa svim \u0161to on zna\u010di. To svi ljudi u BiH treba da shvate, a prije svega najodgovorniji ljudi i politi\u010dari,\u00a0govori D\u017eaferovi\u0107.<\/p>\n<p>Dotakao se i Dodikovog nepo\u0161tivanja Zakona o zabrani negiranja genocida.<\/p>\n<p>&#8211; Dodik ili \u0107e morati promijeniti svoje pona\u0161anje, ili \u0107e oti\u0107i sa politi\u010dke scene. Ovako kako se trenutno pona\u0161a, stvari o\u010dito ne idu, i on je za to odgovoran. Ja drugog puta ne vidim, kategori\u010dno tvrdi on.<\/p>\n<p><strong>DE\u0160AVANJA U AFGANISTANU<\/strong><\/p>\n<p>D\u017eaferovi\u0107 je komentirao i razvoj doga\u0111aja u Afganistanu.<\/p>\n<p>&#8211; Tamo je bila i BH. misija koja se vratila u BiH. Treba sa\u010dekati neko vrijeme da vidimo kako \u0107e se zaista odvijati doga\u0111aji. Mislim da bi za dr\u017eavu i dru\u0161tvo bilo najbolje da se vodi inkluzivna politika, koja \u0107e obuhvatiti \u0161to je mogu\u0107e \u0161iri krug u\u010desnika. Politika isklju\u010divosti nije dobra politika. Mi u BiH \u0107emo svoj odnos prema Afganistanu odre\u0111ivati na osnovu konkretnih postupaka i on \u0107e direktno zavisiti od toga koliko \u0107e se po\u0161tovati ljudska prava, a prije svega prava \u017eena i djece. \u017delio bih da njihov narod kona\u010dno \u017eivi u miru i stabilnosti i koristi resurse koje ima ta zemlja, ka\u017ee D\u017eaferovi\u0107.<\/p>\n<p>Dodaje da uvijek kada se pojavi neka ta\u010dka nestabilnosti u svijetu, povezuje se sa migrantskom krizom, pa onda i BiH koja je dio tog procesa.<\/p>\n<p>&#8211; \u0160titit \u0107emo interese BiH, \u0161titit \u0107emo granicu BiH i nositi se sa migrantskom krizom na na\u010din koji smo se do sada nosili. Volio bih da bude vi\u0161e organizirane dr\u017eavne akcije u borbi protiv ilegalnih migracija, ali BiH ve\u0107 u\u010destvuje u tom procesu, zahvaljuju\u0107i aktivnosti najprije ministra Cikoti\u0107a. Imamo ne\u0161to manji pritisak kada je u pitanju migrantska kriza,\u00a0rekao je.<\/p>\n<p>D\u017eaferovi\u0107 smatra da je o neprincipijelnosti dr\u017eavnog Tu\u017eila\u0161tva kazano je skoro sve \u0161to je trebalo da ka\u017ee. Posebno mu smeta da se poku\u0161ava napraviti etni\u010dki balans u procesuiranju ratnih zlo\u010dina.<\/p>\n<p>&#8211; Etni\u010dkog balansa u izvr\u0161enju ratnih zlo\u010dina nije bilo, pa ga ne mo\u017ee biti ni u procesuiranju. Nastavit \u0107emo se boriti protiv jedne takve pojave koja je o\u010digledno vidljiva u Tu\u017eila\u0161tvu BiH, jer niko mene ne mo\u017ee ubjediti da to nije na sceni, ukoliko nema opu\u017enica za masovna granatiranja Sarajeva, Gora\u017eda i brojnih drugih zlo\u010dina po BiH. S druge strane, poku\u0161ava se napraviti neki udru\u017eeni zlo\u010dina\u010dki poduhvat Armije RBiH koji uop\u0161te nije postojao. Armija RBiH je vodila \u010dasnu borbu. Zlo\u010dini ako su bili, bili su zlo\u010dini pojedinaca i oni trebaju da odgovaraju. Nikako nisu bili dio sistema. Sistem se borio protiv zlo\u010dina koliko je znao i umio. Posljednji slu\u010daj je posebno interesantan, a odnosi se na akciju \u201cBljesak\u201d. Tu\u017eila\u0161tvo BiH je taj predmet dostavilo institucijama Hrvatske s molbom da oni nastave krivi\u010dni progon i donose odluke. BiH se iz toga izuzela. Krivi\u010dna prijava je do\u0161la iz MUP-a RS. Odluka je na organima Hrvatske, iz RS \u0161ute. HDZ kao napada dr\u017eavnu tu\u017eiteljicu. A onda, iako nikakve veze nema s tim, iz Hrvatske dolaze optu\u017ebe da je to djelo politi\u010dkog Sarajeva, da je to osveta zbog izgradnje Pelje\u0161kog mosta, odgovor na pritisak iz Hrvatske kada je u pitanju Izborni zakon. I onda se najavljuje kroz medije procesuiranje pripadnika ARBiH. Mislim da je Tu\u017eila\u0161tvo napravilo veliku gre\u0161ku kada je ova stvar u pitanju, a ona se sastoji u tome \u0161to nije odmah reagiralo. Trebali su detaljno objasniti javnosti \u010dinjenice,\u00a0poja\u0161njava \u010dlan Predsjedni\u0161tva.<\/p>\n<p><strong>O &#8220;SRPSKOM SVETU&#8221;<\/strong><\/p>\n<p>Isti\u010de da se ove borbe moraju voditi preko institucija BiH. One moraju biti odgovorne spram posla koji obavljaju. Tu\u017eila\u0161tvo ima vrlo va\u017enu ulogu u bh. dru\u0161tvu i dr\u017eavi. Mora biti prije svega efikasno i nepristrasno i nepodlijegati utjecajima.<\/p>\n<p>&#8211; Jako je va\u017eno da ove dvije dr\u017eave budu u dobrim odnosima. Me\u0111utim, rukovodstvo Republike Hrvatske ne \u010dini ni\u0161ta da to tako bude, naprotiv, vrlo \u010desto se pona\u0161a suprotno. BiH \u017eeli da je Hrvatska po\u0161tuje makar onoliko koliko BiH po\u0161tuje Hrvatsku,\u00a0govori D\u017eaferovi\u0107.<\/p>\n<p>Osvrnuo se i na stvaranje \u201csrpskog sveta\u201d. Ka\u017ee da je to dana\u0161nji naziv za veliku Srbiju, bar onako kako ga obja\u0161njava Vulin.<\/p>\n<p>&#8211; On ka\u017ee da Srbima ne treba tu\u0111a dr\u017eava u kojoj \u0107e \u017eivjeti zajedno, ve\u0107 njihova vlastita. To je odmah udar na suverenitet i teritorijalni integritet izme\u0111u ostalog i BiH. I naravno da proces obnove pomirenja ne mo\u017ee i\u0107i sa takvom politikom. Kada je u pitanju izme\u0111u Bo\u0161njaka i Srba, prije svega dr\u017eave treba da sara\u0111uju, a onda da se tra\u017ee modeli saradnje izme\u0111u naroda, rekao je on.<\/p>\n<p>Od posjete Recepa Tayyipa Erdogana o\u010dekuje da se jo\u0161 dodatno unaprijede ve\u0107 dobri, iskreni i prijateljski odnosi i da ih se materijalizira kroz dvije stvari. Jedna je izgradnja autoputa Sarajevo-Beograd, a druga je provjeriti kako iskoristiti pogodnosti koja je BiH dobila Sporazumom o slobodnoj trgovini sa Turskom.<\/p>\n<p>Za kraj je prokomentirao te\u0161ku situaciju sa koronavirusom.<\/p>\n<p>&#8211; Ovo je jedan kriti\u010dan trenutak koji bi trebalo da shvate svi gra\u0111ani. Pozivam ih da se prije svega vakcini\u0161u, zato \u0161to BiH ima dovoljno vakcina u ovom trenutku, i da po\u0161tuju epidemiolo\u0161ke mjere i preporuke nadle\u017enih zdravstvenih autoriteta. Trebamo se svi potruditi da se izbjegne ona situacija koju smo imali na po\u010detku godine, zaklju\u010dio je D\u017eaferovi\u0107, pi\u0161e\u00a0<a href=\"https:\/\/hayat.ba\/dzaferovic-za-hayat-dodik-ce-morati-promijeniti-svoje-ponasanje-ili-ce-otici-sa-politicke-scene\/475724\/\" target=\"_blank\" rel=\"noopener\">Hayat<\/a>.<\/p>\n<\/div>\n","protected":false},"excerpt":{"rendered":"<p>\u0160efik D\u017eaferovi\u0107, \u010dlan Predsjedni\u0161tva Bosne i Hercegovine, govorio je ve\u010deras o aktuelnim politi\u010dkim de\u0161avanjima u&hellip;<\/p>\n","protected":false},"author":2,"featured_media":76099,"comment_status":"open","ping_status":"closed","sticky":false,"template":"","format":"standard","meta":{"_acf_changed":false,"footnotes":""},"categories":[291],"tags":[725],"acf":[],"yoast_head":"<!-- This site is optimized with the Yoast SEO plugin v23.5 - https:\/\/yoast.com\/wordpress\/plugins\/seo\/ -->\n<title>D\u017eaferovi\u0107: Poku\u0161avaju praviti etni\u010dki balans ratnih zlo\u010dina, a Armija RBiH je vodila \u010dasnu borbu - TuzlaInfo.ba<\/title>\n<meta name=\"robots\" content=\"index, follow, max-snippet:-1, max-image-preview:large, max-video-preview:-1\" \/>\n<link rel=\"canonical\" href=\"https:\/\/tuzlainfo.ba\/index.php\/bosna-i-hercegovina\/item\/145503-dzaferovic-pokusavaju-praviti-etnicki-balans-ratnih-zlocina-a-armija-rbih-je-vodila-casnu-borbu\/\" \/>\n<meta property=\"og:locale\" content=\"bs_BA\" \/>\n<meta property=\"og:type\" content=\"article\" \/>\n<meta property=\"og:title\" content=\"D\u017eaferovi\u0107: Poku\u0161avaju praviti etni\u010dki balans ratnih zlo\u010dina, a Armija RBiH je vodila \u010dasnu borbu - TuzlaInfo.ba\" \/>\n<meta property=\"og:description\" content=\"\u0160efik D\u017eaferovi\u0107, \u010dlan Predsjedni\u0161tva Bosne i Hercegovine, govorio je ve\u010deras o aktuelnim politi\u010dkim de\u0161avanjima u&hellip;\" \/>\n<meta property=\"og:url\" content=\"https:\/\/tuzlainfo.ba\/index.php\/bosna-i-hercegovina\/item\/145503-dzaferovic-pokusavaju-praviti-etnicki-balans-ratnih-zlocina-a-armija-rbih-je-vodila-casnu-borbu\/\" \/>\n<meta property=\"og:site_name\" content=\"TuzlaInfo.ba\" \/>\n<meta property=\"article:publisher\" content=\"https:\/\/www.facebook.com\/tuzlainfo.ba\/\" \/>\n<meta property=\"article:published_time\" content=\"2021-08-20T19:08:47+00:00\" \/>\n<meta property=\"og:image\" content=\"https:\/\/tuzlainfo.ba\/wp-content\/uploads\/2020\/01\/sadrzaj_2020_20200102_0801_sefik-dzaferovic.jpg\" \/>\n\t<meta property=\"og:image:width\" content=\"770\" \/>\n\t<meta property=\"og:image:height\" content=\"462\" \/>\n\t<meta property=\"og:image:type\" content=\"image\/jpeg\" \/>\n<meta name=\"author\" content=\"nedim\" \/>\n<meta name=\"twitter:card\" content=\"summary_large_image\" \/>\n<meta name=\"twitter:label1\" content=\"Written by\" \/>\n\t<meta name=\"twitter:data1\" content=\"nedim\" \/>\n\t<meta name=\"twitter:label2\" content=\"Est. reading time\" \/>\n\t<meta name=\"twitter:data2\" content=\"8 minuta\" \/>\n<script type=\"application\/ld+json\" class=\"yoast-schema-graph\">{\"@context\":\"https:\/\/schema.org\",\"@graph\":[{\"@type\":\"Article\",\"@id\":\"https:\/\/tuzlainfo.ba\/index.php\/bosna-i-hercegovina\/item\/145503-dzaferovic-pokusavaju-praviti-etnicki-balans-ratnih-zlocina-a-armija-rbih-je-vodila-casnu-borbu\/#article\",\"isPartOf\":{\"@id\":\"https:\/\/tuzlainfo.ba\/index.php\/bosna-i-hercegovina\/item\/145503-dzaferovic-pokusavaju-praviti-etnicki-balans-ratnih-zlocina-a-armija-rbih-je-vodila-casnu-borbu\/\"},\"author\":{\"name\":\"nedim\",\"@id\":\"https:\/\/tuzlainfo.ba\/#\/schema\/person\/f434e20dc27ea133923aab08451b7f7f\"},\"headline\":\"D\u017eaferovi\u0107: Poku\u0161avaju praviti etni\u010dki balans ratnih zlo\u010dina, a Armija RBiH je vodila \u010dasnu borbu\",\"datePublished\":\"2021-08-20T19:08:47+00:00\",\"dateModified\":\"2021-08-20T19:08:47+00:00\",\"mainEntityOfPage\":{\"@id\":\"https:\/\/tuzlainfo.ba\/index.php\/bosna-i-hercegovina\/item\/145503-dzaferovic-pokusavaju-praviti-etnicki-balans-ratnih-zlocina-a-armija-rbih-je-vodila-casnu-borbu\/\"},\"wordCount\":1527,\"commentCount\":0,\"publisher\":{\"@id\":\"https:\/\/tuzlainfo.ba\/#organization\"},\"image\":{\"@id\":\"https:\/\/tuzlainfo.ba\/index.php\/bosna-i-hercegovina\/item\/145503-dzaferovic-pokusavaju-praviti-etnicki-balans-ratnih-zlocina-a-armija-rbih-je-vodila-casnu-borbu\/#primaryimage\"},\"thumbnailUrl\":\"https:\/\/tuzlainfo.ba\/wp-content\/uploads\/2020\/01\/sadrzaj_2020_20200102_0801_sefik-dzaferovic.jpg\",\"keywords\":[\"\u0161efik d\u017eaferovi\u0107\"],\"articleSection\":[\"Bosna i Hercegovina\"],\"inLanguage\":\"bs-BA\"},{\"@type\":\"WebPage\",\"@id\":\"https:\/\/tuzlainfo.ba\/index.php\/bosna-i-hercegovina\/item\/145503-dzaferovic-pokusavaju-praviti-etnicki-balans-ratnih-zlocina-a-armija-rbih-je-vodila-casnu-borbu\/\",\"url\":\"https:\/\/tuzlainfo.ba\/index.php\/bosna-i-hercegovina\/item\/145503-dzaferovic-pokusavaju-praviti-etnicki-balans-ratnih-zlocina-a-armija-rbih-je-vodila-casnu-borbu\/\",\"name\":\"D\u017eaferovi\u0107: Poku\u0161avaju praviti etni\u010dki balans ratnih zlo\u010dina, a Armija RBiH je vodila \u010dasnu borbu - TuzlaInfo.ba\",\"isPartOf\":{\"@id\":\"https:\/\/tuzlainfo.ba\/#website\"},\"primaryImageOfPage\":{\"@id\":\"https:\/\/tuzlainfo.ba\/index.php\/bosna-i-hercegovina\/item\/145503-dzaferovic-pokusavaju-praviti-etnicki-balans-ratnih-zlocina-a-armija-rbih-je-vodila-casnu-borbu\/#primaryimage\"},\"image\":{\"@id\":\"https:\/\/tuzlainfo.ba\/index.php\/bosna-i-hercegovina\/item\/145503-dzaferovic-pokusavaju-praviti-etnicki-balans-ratnih-zlocina-a-armija-rbih-je-vodila-casnu-borbu\/#primaryimage\"},\"thumbnailUrl\":\"https:\/\/tuzlainfo.ba\/wp-content\/uploads\/2020\/01\/sadrzaj_2020_20200102_0801_sefik-dzaferovic.jpg\",\"datePublished\":\"2021-08-20T19:08:47+00:00\",\"dateModified\":\"2021-08-20T19:08:47+00:00\",\"breadcrumb\":{\"@id\":\"https:\/\/tuzlainfo.ba\/index.php\/bosna-i-hercegovina\/item\/145503-dzaferovic-pokusavaju-praviti-etnicki-balans-ratnih-zlocina-a-armija-rbih-je-vodila-casnu-borbu\/#breadcrumb\"},\"inLanguage\":\"bs-BA\",\"potentialAction\":[{\"@type\":\"ReadAction\",\"target\":[\"https:\/\/tuzlainfo.ba\/index.php\/bosna-i-hercegovina\/item\/145503-dzaferovic-pokusavaju-praviti-etnicki-balans-ratnih-zlocina-a-armija-rbih-je-vodila-casnu-borbu\/\"]}]},{\"@type\":\"ImageObject\",\"inLanguage\":\"bs-BA\",\"@id\":\"https:\/\/tuzlainfo.ba\/index.php\/bosna-i-hercegovina\/item\/145503-dzaferovic-pokusavaju-praviti-etnicki-balans-ratnih-zlocina-a-armija-rbih-je-vodila-casnu-borbu\/#primaryimage\",\"url\":\"https:\/\/tuzlainfo.ba\/wp-content\/uploads\/2020\/01\/sadrzaj_2020_20200102_0801_sefik-dzaferovic.jpg\",\"contentUrl\":\"https:\/\/tuzlainfo.ba\/wp-content\/uploads\/2020\/01\/sadrzaj_2020_20200102_0801_sefik-dzaferovic.jpg\",\"width\":770,\"height\":462,\"caption\":\"0801 sefik dzaferovic\"},{\"@type\":\"BreadcrumbList\",\"@id\":\"https:\/\/tuzlainfo.ba\/index.php\/bosna-i-hercegovina\/item\/145503-dzaferovic-pokusavaju-praviti-etnicki-balans-ratnih-zlocina-a-armija-rbih-je-vodila-casnu-borbu\/#breadcrumb\",\"itemListElement\":[{\"@type\":\"ListItem\",\"position\":1,\"name\":\"Home\",\"item\":\"https:\/\/tuzlainfo.ba\/\"},{\"@type\":\"ListItem\",\"position\":2,\"name\":\"D\u017eaferovi\u0107: Poku\u0161avaju praviti etni\u010dki balans ratnih zlo\u010dina, a Armija RBiH je vodila \u010dasnu borbu\"}]},{\"@type\":\"WebSite\",\"@id\":\"https:\/\/tuzlainfo.ba\/#website\",\"url\":\"https:\/\/tuzlainfo.ba\/\",\"name\":\"TuzlaInfo.ba\",\"description\":\"Tuzla info, gradski informator - Tuzla na dlanu\",\"publisher\":{\"@id\":\"https:\/\/tuzlainfo.ba\/#organization\"},\"potentialAction\":[{\"@type\":\"SearchAction\",\"target\":{\"@type\":\"EntryPoint\",\"urlTemplate\":\"https:\/\/tuzlainfo.ba\/?s={search_term_string}\"},\"query-input\":{\"@type\":\"PropertyValueSpecification\",\"valueRequired\":true,\"valueName\":\"search_term_string\"}}],\"inLanguage\":\"bs-BA\"},{\"@type\":\"Organization\",\"@id\":\"https:\/\/tuzlainfo.ba\/#organization\",\"name\":\"TuzlaInfo.ba\",\"url\":\"https:\/\/tuzlainfo.ba\/\",\"logo\":{\"@type\":\"ImageObject\",\"inLanguage\":\"bs-BA\",\"@id\":\"https:\/\/tuzlainfo.ba\/#\/schema\/logo\/image\/\",\"url\":\"https:\/\/tuzlainfo.ba\/wp-content\/uploads\/2021\/03\/logo-ver-3-1.png\",\"contentUrl\":\"https:\/\/tuzlainfo.ba\/wp-content\/uploads\/2021\/03\/logo-ver-3-1.png\",\"width\":350,\"height\":95,\"caption\":\"TuzlaInfo.ba\"},\"image\":{\"@id\":\"https:\/\/tuzlainfo.ba\/#\/schema\/logo\/image\/\"},\"sameAs\":[\"https:\/\/www.facebook.com\/tuzlainfo.ba\/\"]},{\"@type\":\"Person\",\"@id\":\"https:\/\/tuzlainfo.ba\/#\/schema\/person\/f434e20dc27ea133923aab08451b7f7f\",\"name\":\"nedim\",\"image\":{\"@type\":\"ImageObject\",\"inLanguage\":\"bs-BA\",\"@id\":\"https:\/\/tuzlainfo.ba\/#\/schema\/person\/image\/\",\"url\":\"https:\/\/tuzlainfo.ba\/wp-content\/litespeed\/avatar\/aabad687af24844af817603ac1cbdc4f.jpg?ver=1776702173\",\"contentUrl\":\"https:\/\/tuzlainfo.ba\/wp-content\/litespeed\/avatar\/aabad687af24844af817603ac1cbdc4f.jpg?ver=1776702173\",\"caption\":\"nedim\"},\"description\":\"Tuzlainfo.ba pratite na dru\u0161tvenim mre\u017eama: Facebook, Instagram i Youtube. Svoje pri\u010de, upite i fotografije \u0161aljite na na\u0161u e-mail adresu.\"}]}<\/script>\n<!-- \/ Yoast SEO plugin. -->","yoast_head_json":{"title":"D\u017eaferovi\u0107: Poku\u0161avaju praviti etni\u010dki balans ratnih zlo\u010dina, a Armija RBiH je vodila \u010dasnu borbu - TuzlaInfo.ba","robots":{"index":"index","follow":"follow","max-snippet":"max-snippet:-1","max-image-preview":"max-image-preview:large","max-video-preview":"max-video-preview:-1"},"canonical":"https:\/\/tuzlainfo.ba\/index.php\/bosna-i-hercegovina\/item\/145503-dzaferovic-pokusavaju-praviti-etnicki-balans-ratnih-zlocina-a-armija-rbih-je-vodila-casnu-borbu\/","og_locale":"bs_BA","og_type":"article","og_title":"D\u017eaferovi\u0107: Poku\u0161avaju praviti etni\u010dki balans ratnih zlo\u010dina, a Armija RBiH je vodila \u010dasnu borbu - TuzlaInfo.ba","og_description":"\u0160efik D\u017eaferovi\u0107, \u010dlan Predsjedni\u0161tva Bosne i Hercegovine, govorio je ve\u010deras o aktuelnim politi\u010dkim de\u0161avanjima u&hellip;","og_url":"https:\/\/tuzlainfo.ba\/index.php\/bosna-i-hercegovina\/item\/145503-dzaferovic-pokusavaju-praviti-etnicki-balans-ratnih-zlocina-a-armija-rbih-je-vodila-casnu-borbu\/","og_site_name":"TuzlaInfo.ba","article_publisher":"https:\/\/www.facebook.com\/tuzlainfo.ba\/","article_published_time":"2021-08-20T19:08:47+00:00","og_image":[{"width":770,"height":462,"url":"https:\/\/tuzlainfo.ba\/wp-content\/uploads\/2020\/01\/sadrzaj_2020_20200102_0801_sefik-dzaferovic.jpg","type":"image\/jpeg"}],"author":"nedim","twitter_card":"summary_large_image","twitter_misc":{"Written by":"nedim","Est. reading time":"8 minuta"},"schema":{"@context":"https:\/\/schema.org","@graph":[{"@type":"Article","@id":"https:\/\/tuzlainfo.ba\/index.php\/bosna-i-hercegovina\/item\/145503-dzaferovic-pokusavaju-praviti-etnicki-balans-ratnih-zlocina-a-armija-rbih-je-vodila-casnu-borbu\/#article","isPartOf":{"@id":"https:\/\/tuzlainfo.ba\/index.php\/bosna-i-hercegovina\/item\/145503-dzaferovic-pokusavaju-praviti-etnicki-balans-ratnih-zlocina-a-armija-rbih-je-vodila-casnu-borbu\/"},"author":{"name":"nedim","@id":"https:\/\/tuzlainfo.ba\/#\/schema\/person\/f434e20dc27ea133923aab08451b7f7f"},"headline":"D\u017eaferovi\u0107: Poku\u0161avaju praviti etni\u010dki balans ratnih zlo\u010dina, a Armija RBiH je vodila \u010dasnu borbu","datePublished":"2021-08-20T19:08:47+00:00","dateModified":"2021-08-20T19:08:47+00:00","mainEntityOfPage":{"@id":"https:\/\/tuzlainfo.ba\/index.php\/bosna-i-hercegovina\/item\/145503-dzaferovic-pokusavaju-praviti-etnicki-balans-ratnih-zlocina-a-armija-rbih-je-vodila-casnu-borbu\/"},"wordCount":1527,"commentCount":0,"publisher":{"@id":"https:\/\/tuzlainfo.ba\/#organization"},"image":{"@id":"https:\/\/tuzlainfo.ba\/index.php\/bosna-i-hercegovina\/item\/145503-dzaferovic-pokusavaju-praviti-etnicki-balans-ratnih-zlocina-a-armija-rbih-je-vodila-casnu-borbu\/#primaryimage"},"thumbnailUrl":"https:\/\/tuzlainfo.ba\/wp-content\/uploads\/2020\/01\/sadrzaj_2020_20200102_0801_sefik-dzaferovic.jpg","keywords":["\u0161efik d\u017eaferovi\u0107"],"articleSection":["Bosna i Hercegovina"],"inLanguage":"bs-BA"},{"@type":"WebPage","@id":"https:\/\/tuzlainfo.ba\/index.php\/bosna-i-hercegovina\/item\/145503-dzaferovic-pokusavaju-praviti-etnicki-balans-ratnih-zlocina-a-armija-rbih-je-vodila-casnu-borbu\/","url":"https:\/\/tuzlainfo.ba\/index.php\/bosna-i-hercegovina\/item\/145503-dzaferovic-pokusavaju-praviti-etnicki-balans-ratnih-zlocina-a-armija-rbih-je-vodila-casnu-borbu\/","name":"D\u017eaferovi\u0107: Poku\u0161avaju praviti etni\u010dki balans ratnih zlo\u010dina, a Armija RBiH je vodila \u010dasnu borbu - TuzlaInfo.ba","isPartOf":{"@id":"https:\/\/tuzlainfo.ba\/#website"},"primaryImageOfPage":{"@id":"https:\/\/tuzlainfo.ba\/index.php\/bosna-i-hercegovina\/item\/145503-dzaferovic-pokusavaju-praviti-etnicki-balans-ratnih-zlocina-a-armija-rbih-je-vodila-casnu-borbu\/#primaryimage"},"image":{"@id":"https:\/\/tuzlainfo.ba\/index.php\/bosna-i-hercegovina\/item\/145503-dzaferovic-pokusavaju-praviti-etnicki-balans-ratnih-zlocina-a-armija-rbih-je-vodila-casnu-borbu\/#primaryimage"},"thumbnailUrl":"https:\/\/tuzlainfo.ba\/wp-content\/uploads\/2020\/01\/sadrzaj_2020_20200102_0801_sefik-dzaferovic.jpg","datePublished":"2021-08-20T19:08:47+00:00","dateModified":"2021-08-20T19:08:47+00:00","breadcrumb":{"@id":"https:\/\/tuzlainfo.ba\/index.php\/bosna-i-hercegovina\/item\/145503-dzaferovic-pokusavaju-praviti-etnicki-balans-ratnih-zlocina-a-armija-rbih-je-vodila-casnu-borbu\/#breadcrumb"},"inLanguage":"bs-BA","potentialAction":[{"@type":"ReadAction","target":["https:\/\/tuzlainfo.ba\/index.php\/bosna-i-hercegovina\/item\/145503-dzaferovic-pokusavaju-praviti-etnicki-balans-ratnih-zlocina-a-armija-rbih-je-vodila-casnu-borbu\/"]}]},{"@type":"ImageObject","inLanguage":"bs-BA","@id":"https:\/\/tuzlainfo.ba\/index.php\/bosna-i-hercegovina\/item\/145503-dzaferovic-pokusavaju-praviti-etnicki-balans-ratnih-zlocina-a-armija-rbih-je-vodila-casnu-borbu\/#primaryimage","url":"https:\/\/tuzlainfo.ba\/wp-content\/uploads\/2020\/01\/sadrzaj_2020_20200102_0801_sefik-dzaferovic.jpg","contentUrl":"https:\/\/tuzlainfo.ba\/wp-content\/uploads\/2020\/01\/sadrzaj_2020_20200102_0801_sefik-dzaferovic.jpg","width":770,"height":462,"caption":"0801 sefik dzaferovic"},{"@type":"BreadcrumbList","@id":"https:\/\/tuzlainfo.ba\/index.php\/bosna-i-hercegovina\/item\/145503-dzaferovic-pokusavaju-praviti-etnicki-balans-ratnih-zlocina-a-armija-rbih-je-vodila-casnu-borbu\/#breadcrumb","itemListElement":[{"@type":"ListItem","position":1,"name":"Home","item":"https:\/\/tuzlainfo.ba\/"},{"@type":"ListItem","position":2,"name":"D\u017eaferovi\u0107: Poku\u0161avaju praviti etni\u010dki balans ratnih zlo\u010dina, a Armija RBiH je vodila \u010dasnu borbu"}]},{"@type":"WebSite","@id":"https:\/\/tuzlainfo.ba\/#website","url":"https:\/\/tuzlainfo.ba\/","name":"TuzlaInfo.ba","description":"Tuzla info, gradski informator - Tuzla na dlanu","publisher":{"@id":"https:\/\/tuzlainfo.ba\/#organization"},"potentialAction":[{"@type":"SearchAction","target":{"@type":"EntryPoint","urlTemplate":"https:\/\/tuzlainfo.ba\/?s={search_term_string}"},"query-input":{"@type":"PropertyValueSpecification","valueRequired":true,"valueName":"search_term_string"}}],"inLanguage":"bs-BA"},{"@type":"Organization","@id":"https:\/\/tuzlainfo.ba\/#organization","name":"TuzlaInfo.ba","url":"https:\/\/tuzlainfo.ba\/","logo":{"@type":"ImageObject","inLanguage":"bs-BA","@id":"https:\/\/tuzlainfo.ba\/#\/schema\/logo\/image\/","url":"https:\/\/tuzlainfo.ba\/wp-content\/uploads\/2021\/03\/logo-ver-3-1.png","contentUrl":"https:\/\/tuzlainfo.ba\/wp-content\/uploads\/2021\/03\/logo-ver-3-1.png","width":350,"height":95,"caption":"TuzlaInfo.ba"},"image":{"@id":"https:\/\/tuzlainfo.ba\/#\/schema\/logo\/image\/"},"sameAs":["https:\/\/www.facebook.com\/tuzlainfo.ba\/"]},{"@type":"Person","@id":"https:\/\/tuzlainfo.ba\/#\/schema\/person\/f434e20dc27ea133923aab08451b7f7f","name":"nedim","image":{"@type":"ImageObject","inLanguage":"bs-BA","@id":"https:\/\/tuzlainfo.ba\/#\/schema\/person\/image\/","url":"https:\/\/tuzlainfo.ba\/wp-content\/litespeed\/avatar\/aabad687af24844af817603ac1cbdc4f.jpg?ver=1776702173","contentUrl":"https:\/\/tuzlainfo.ba\/wp-content\/litespeed\/avatar\/aabad687af24844af817603ac1cbdc4f.jpg?ver=1776702173","caption":"nedim"},"description":"Tuzlainfo.ba pratite na dru\u0161tvenim mre\u017eama: Facebook, Instagram i Youtube. Svoje pri\u010de, upite i fotografije \u0161aljite na na\u0161u e-mail adresu."}]}},"_links":{"self":[{"href":"https:\/\/tuzlainfo.ba\/index.php\/wp-json\/wp\/v2\/posts\/145503"}],"collection":[{"href":"https:\/\/tuzlainfo.ba\/index.php\/wp-json\/wp\/v2\/posts"}],"about":[{"href":"https:\/\/tuzlainfo.ba\/index.php\/wp-json\/wp\/v2\/types\/post"}],"author":[{"embeddable":true,"href":"https:\/\/tuzlainfo.ba\/index.php\/wp-json\/wp\/v2\/users\/2"}],"replies":[{"embeddable":true,"href":"https:\/\/tuzlainfo.ba\/index.php\/wp-json\/wp\/v2\/comments?post=145503"}],"version-history":[{"count":0,"href":"https:\/\/tuzlainfo.ba\/index.php\/wp-json\/wp\/v2\/posts\/145503\/revisions"}],"wp:featuredmedia":[{"embeddable":true,"href":"https:\/\/tuzlainfo.ba\/index.php\/wp-json\/wp\/v2\/media\/76099"}],"wp:attachment":[{"href":"https:\/\/tuzlainfo.ba\/index.php\/wp-json\/wp\/v2\/media?parent=145503"}],"wp:term":[{"taxonomy":"category","embeddable":true,"href":"https:\/\/tuzlainfo.ba\/index.php\/wp-json\/wp\/v2\/categories?post=145503"},{"taxonomy":"post_tag","embeddable":true,"href":"https:\/\/tuzlainfo.ba\/index.php\/wp-json\/wp\/v2\/tags?post=145503"}],"curies":[{"name":"wp","href":"https:\/\/api.w.org\/{rel}","templated":true}]}}