{"id":145319,"date":"2021-08-19T14:04:43","date_gmt":"2021-08-19T12:04:43","guid":{"rendered":"https:\/\/tuzlainfo.ba\/?p=145319"},"modified":"2021-08-19T14:04:43","modified_gmt":"2021-08-19T12:04:43","slug":"vucic-mnogi-zele-pod-plastom-stvaranja-funkcionalne-bih-da-ukinu-srpsku","status":"publish","type":"post","link":"https:\/\/tuzlainfo.ba\/index.php\/clanci\/sa-svih-strana\/item\/145319-vucic-mnogi-zele-pod-plastom-stvaranja-funkcionalne-bih-da-ukinu-srpsku\/","title":{"rendered":"Vu\u010di\u0107: Mnogi \u017eele pod pla\u0161tom stvaranja funkcionalne BiH da ukinu Srpsku"},"content":{"rendered":"<p>Predsjednik Srbije Aleksandar Vu\u010di\u0107 istakao je danas da se narod mora navi\u0107i na pritiske, jer \u0107e neki raditi na razgradnji i slabljenju Srbije, a na\u0161 posao je da radimo na sna\u017enijoj Srbiji.<\/p>\n<p>&#8220;Mislim da je potpuno jasno da \u0107e pritisak dolaziti iz zemalja i dijelova sveta koji su priznali nezavisnost Kosova, mnogih koji \u017eele pod pla\u0161tom stvaranja funkcionalne BiH da ukinu RS. Kroz finansijsku podr\u0161ku politi\u010dkim akterima koji \u017eele slabiju Srbiju&#8221;, rekao je on.<\/p>\n<p>Vu\u010di\u0107 je rekao da u skladu s tim ide \u0161to rade mnoge dru\u0161tvene mre\u017ee &#8220;bustuju\u0107i&#8221; one koji su za slabiju i protiv sna\u017ene Srbije, a smanjuju\u0107i brojeve onih koji su za sna\u017eniju Srbiju.<\/p>\n<p>&#8220;Na to morate da se naviktene, nema kuknjave. Oni neka rade svoj posao na razgradnji i slabljenju Srbije, a mi \u0107emo da radimo na ja\u010danju Srbije&#8221;, naglasio je on.<\/p>\n<p>Vu\u010di\u0107 je tako odgovorio na pitanje da pojasni izjavu od prije par dana u Bajinoj Ba\u0161ti da pred Srbijom nije lako vrijeme, da ce se pove\u0107ati pristisci oko Kosova i RS i \u0161ta \u0107e biti glavni instrumenti tih pristisaka, odakle ih najvi\u0161e treba o\u010dekivati i mo\u017eemo li odgovoriti na njih, prenose Nezavisne novine.<\/p>\n","protected":false},"excerpt":{"rendered":"<p>Predsjednik Srbije Aleksandar Vu\u010di\u0107 istakao je danas da se narod mora navi\u0107i na pritiske, jer&hellip;<\/p>\n","protected":false},"author":4,"featured_media":86773,"comment_status":"open","ping_status":"closed","sticky":false,"template":"","format":"standard","meta":{"_acf_changed":false,"footnotes":""},"categories":[16],"tags":[638,2012,309],"acf":[],"yoast_head":"<!-- This site is optimized with the Yoast SEO plugin v23.5 - https:\/\/yoast.com\/wordpress\/plugins\/seo\/ -->\n<title>Vu\u010di\u0107: Mnogi \u017eele pod pla\u0161tom stvaranja funkcionalne BiH da ukinu Srpsku - TuzlaInfo.ba<\/title>\n<meta name=\"robots\" content=\"index, follow, max-snippet:-1, max-image-preview:large, max-video-preview:-1\" \/>\n<link rel=\"canonical\" href=\"https:\/\/tuzlainfo.ba\/index.php\/clanci\/sa-svih-strana\/item\/145319-vucic-mnogi-zele-pod-plastom-stvaranja-funkcionalne-bih-da-ukinu-srpsku\/\" \/>\n<meta property=\"og:locale\" content=\"bs_BA\" \/>\n<meta property=\"og:type\" content=\"article\" \/>\n<meta property=\"og:title\" content=\"Vu\u010di\u0107: Mnogi \u017eele pod pla\u0161tom stvaranja funkcionalne BiH da ukinu Srpsku - TuzlaInfo.ba\" \/>\n<meta property=\"og:description\" content=\"Predsjednik Srbije Aleksandar Vu\u010di\u0107 istakao je danas da se narod mora navi\u0107i na pritiske, jer&hellip;\" \/>\n<meta property=\"og:url\" content=\"https:\/\/tuzlainfo.ba\/index.php\/clanci\/sa-svih-strana\/item\/145319-vucic-mnogi-zele-pod-plastom-stvaranja-funkcionalne-bih-da-ukinu-srpsku\/\" \/>\n<meta property=\"og:site_name\" content=\"TuzlaInfo.ba\" \/>\n<meta property=\"article:publisher\" content=\"https:\/\/www.facebook.com\/tuzlainfo.ba\/\" \/>\n<meta property=\"article:published_time\" content=\"2021-08-19T12:04:43+00:00\" \/>\n<meta property=\"og:image\" content=\"https:\/\/tuzlainfo.ba\/wp-content\/uploads\/2021\/02\/sadrzaj_2021_20210201_2302_vucic.jpg\" \/>\n\t<meta property=\"og:image:width\" content=\"770\" \/>\n\t<meta property=\"og:image:height\" content=\"513\" \/>\n\t<meta property=\"og:image:type\" content=\"image\/jpeg\" \/>\n<meta name=\"author\" content=\"Tuzla Info\" \/>\n<meta name=\"twitter:card\" content=\"summary_large_image\" \/>\n<meta name=\"twitter:label1\" content=\"Written by\" \/>\n\t<meta name=\"twitter:data1\" content=\"Tuzla Info\" \/>\n\t<meta name=\"twitter:label2\" content=\"Est. reading time\" \/>\n\t<meta name=\"twitter:data2\" content=\"1 minuta\" \/>\n<script type=\"application\/ld+json\" class=\"yoast-schema-graph\">{\"@context\":\"https:\/\/schema.org\",\"@graph\":[{\"@type\":\"Article\",\"@id\":\"https:\/\/tuzlainfo.ba\/index.php\/clanci\/sa-svih-strana\/item\/145319-vucic-mnogi-zele-pod-plastom-stvaranja-funkcionalne-bih-da-ukinu-srpsku\/#article\",\"isPartOf\":{\"@id\":\"https:\/\/tuzlainfo.ba\/index.php\/clanci\/sa-svih-strana\/item\/145319-vucic-mnogi-zele-pod-plastom-stvaranja-funkcionalne-bih-da-ukinu-srpsku\/\"},\"author\":{\"name\":\"Tuzla Info\",\"@id\":\"https:\/\/tuzlainfo.ba\/#\/schema\/person\/46cad4c57790cbc50781edd14870825a\"},\"headline\":\"Vu\u010di\u0107: Mnogi \u017eele pod pla\u0161tom stvaranja funkcionalne BiH da ukinu Srpsku\",\"datePublished\":\"2021-08-19T12:04:43+00:00\",\"dateModified\":\"2021-08-19T12:04:43+00:00\",\"mainEntityOfPage\":{\"@id\":\"https:\/\/tuzlainfo.ba\/index.php\/clanci\/sa-svih-strana\/item\/145319-vucic-mnogi-zele-pod-plastom-stvaranja-funkcionalne-bih-da-ukinu-srpsku\/\"},\"wordCount\":222,\"commentCount\":0,\"publisher\":{\"@id\":\"https:\/\/tuzlainfo.ba\/#organization\"},\"image\":{\"@id\":\"https:\/\/tuzlainfo.ba\/index.php\/clanci\/sa-svih-strana\/item\/145319-vucic-mnogi-zele-pod-plastom-stvaranja-funkcionalne-bih-da-ukinu-srpsku\/#primaryimage\"},\"thumbnailUrl\":\"https:\/\/tuzlainfo.ba\/wp-content\/uploads\/2021\/02\/sadrzaj_2021_20210201_2302_vucic.jpg\",\"keywords\":[\"aleksandar vu\u010di\u0107\",\"RS\",\"srbija\"],\"articleSection\":[\"Sa svih strana\"],\"inLanguage\":\"bs-BA\"},{\"@type\":\"WebPage\",\"@id\":\"https:\/\/tuzlainfo.ba\/index.php\/clanci\/sa-svih-strana\/item\/145319-vucic-mnogi-zele-pod-plastom-stvaranja-funkcionalne-bih-da-ukinu-srpsku\/\",\"url\":\"https:\/\/tuzlainfo.ba\/index.php\/clanci\/sa-svih-strana\/item\/145319-vucic-mnogi-zele-pod-plastom-stvaranja-funkcionalne-bih-da-ukinu-srpsku\/\",\"name\":\"Vu\u010di\u0107: Mnogi \u017eele pod pla\u0161tom stvaranja funkcionalne BiH da ukinu Srpsku - TuzlaInfo.ba\",\"isPartOf\":{\"@id\":\"https:\/\/tuzlainfo.ba\/#website\"},\"primaryImageOfPage\":{\"@id\":\"https:\/\/tuzlainfo.ba\/index.php\/clanci\/sa-svih-strana\/item\/145319-vucic-mnogi-zele-pod-plastom-stvaranja-funkcionalne-bih-da-ukinu-srpsku\/#primaryimage\"},\"image\":{\"@id\":\"https:\/\/tuzlainfo.ba\/index.php\/clanci\/sa-svih-strana\/item\/145319-vucic-mnogi-zele-pod-plastom-stvaranja-funkcionalne-bih-da-ukinu-srpsku\/#primaryimage\"},\"thumbnailUrl\":\"https:\/\/tuzlainfo.ba\/wp-content\/uploads\/2021\/02\/sadrzaj_2021_20210201_2302_vucic.jpg\",\"datePublished\":\"2021-08-19T12:04:43+00:00\",\"dateModified\":\"2021-08-19T12:04:43+00:00\",\"breadcrumb\":{\"@id\":\"https:\/\/tuzlainfo.ba\/index.php\/clanci\/sa-svih-strana\/item\/145319-vucic-mnogi-zele-pod-plastom-stvaranja-funkcionalne-bih-da-ukinu-srpsku\/#breadcrumb\"},\"inLanguage\":\"bs-BA\",\"potentialAction\":[{\"@type\":\"ReadAction\",\"target\":[\"https:\/\/tuzlainfo.ba\/index.php\/clanci\/sa-svih-strana\/item\/145319-vucic-mnogi-zele-pod-plastom-stvaranja-funkcionalne-bih-da-ukinu-srpsku\/\"]}]},{\"@type\":\"ImageObject\",\"inLanguage\":\"bs-BA\",\"@id\":\"https:\/\/tuzlainfo.ba\/index.php\/clanci\/sa-svih-strana\/item\/145319-vucic-mnogi-zele-pod-plastom-stvaranja-funkcionalne-bih-da-ukinu-srpsku\/#primaryimage\",\"url\":\"https:\/\/tuzlainfo.ba\/wp-content\/uploads\/2021\/02\/sadrzaj_2021_20210201_2302_vucic.jpg\",\"contentUrl\":\"https:\/\/tuzlainfo.ba\/wp-content\/uploads\/2021\/02\/sadrzaj_2021_20210201_2302_vucic.jpg\",\"width\":770,\"height\":513,\"caption\":\"2302 vucic\"},{\"@type\":\"BreadcrumbList\",\"@id\":\"https:\/\/tuzlainfo.ba\/index.php\/clanci\/sa-svih-strana\/item\/145319-vucic-mnogi-zele-pod-plastom-stvaranja-funkcionalne-bih-da-ukinu-srpsku\/#breadcrumb\",\"itemListElement\":[{\"@type\":\"ListItem\",\"position\":1,\"name\":\"Home\",\"item\":\"https:\/\/tuzlainfo.ba\/\"},{\"@type\":\"ListItem\",\"position\":2,\"name\":\"Vu\u010di\u0107: Mnogi \u017eele pod pla\u0161tom stvaranja funkcionalne BiH da ukinu Srpsku\"}]},{\"@type\":\"WebSite\",\"@id\":\"https:\/\/tuzlainfo.ba\/#website\",\"url\":\"https:\/\/tuzlainfo.ba\/\",\"name\":\"TuzlaInfo.ba\",\"description\":\"Tuzla info, gradski informator - Tuzla na dlanu\",\"publisher\":{\"@id\":\"https:\/\/tuzlainfo.ba\/#organization\"},\"potentialAction\":[{\"@type\":\"SearchAction\",\"target\":{\"@type\":\"EntryPoint\",\"urlTemplate\":\"https:\/\/tuzlainfo.ba\/?s={search_term_string}\"},\"query-input\":{\"@type\":\"PropertyValueSpecification\",\"valueRequired\":true,\"valueName\":\"search_term_string\"}}],\"inLanguage\":\"bs-BA\"},{\"@type\":\"Organization\",\"@id\":\"https:\/\/tuzlainfo.ba\/#organization\",\"name\":\"TuzlaInfo.ba\",\"url\":\"https:\/\/tuzlainfo.ba\/\",\"logo\":{\"@type\":\"ImageObject\",\"inLanguage\":\"bs-BA\",\"@id\":\"https:\/\/tuzlainfo.ba\/#\/schema\/logo\/image\/\",\"url\":\"https:\/\/tuzlainfo.ba\/wp-content\/uploads\/2021\/03\/logo-ver-3-1.png\",\"contentUrl\":\"https:\/\/tuzlainfo.ba\/wp-content\/uploads\/2021\/03\/logo-ver-3-1.png\",\"width\":350,\"height\":95,\"caption\":\"TuzlaInfo.ba\"},\"image\":{\"@id\":\"https:\/\/tuzlainfo.ba\/#\/schema\/logo\/image\/\"},\"sameAs\":[\"https:\/\/www.facebook.com\/tuzlainfo.ba\/\"]},{\"@type\":\"Person\",\"@id\":\"https:\/\/tuzlainfo.ba\/#\/schema\/person\/46cad4c57790cbc50781edd14870825a\",\"name\":\"Tuzla Info\",\"image\":{\"@type\":\"ImageObject\",\"inLanguage\":\"bs-BA\",\"@id\":\"https:\/\/tuzlainfo.ba\/#\/schema\/person\/image\/\",\"url\":\"https:\/\/tuzlainfo.ba\/wp-content\/litespeed\/avatar\/b6c453a6c38e3654f2e4416c643fc25c.jpg?ver=1777051911\",\"contentUrl\":\"https:\/\/tuzlainfo.ba\/wp-content\/litespeed\/avatar\/b6c453a6c38e3654f2e4416c643fc25c.jpg?ver=1777051911\",\"caption\":\"Tuzla Info\"}}]}<\/script>\n<!-- \/ Yoast SEO plugin. -->","yoast_head_json":{"title":"Vu\u010di\u0107: Mnogi \u017eele pod pla\u0161tom stvaranja funkcionalne BiH da ukinu Srpsku - TuzlaInfo.ba","robots":{"index":"index","follow":"follow","max-snippet":"max-snippet:-1","max-image-preview":"max-image-preview:large","max-video-preview":"max-video-preview:-1"},"canonical":"https:\/\/tuzlainfo.ba\/index.php\/clanci\/sa-svih-strana\/item\/145319-vucic-mnogi-zele-pod-plastom-stvaranja-funkcionalne-bih-da-ukinu-srpsku\/","og_locale":"bs_BA","og_type":"article","og_title":"Vu\u010di\u0107: Mnogi \u017eele pod pla\u0161tom stvaranja funkcionalne BiH da ukinu Srpsku - TuzlaInfo.ba","og_description":"Predsjednik Srbije Aleksandar Vu\u010di\u0107 istakao je danas da se narod mora navi\u0107i na pritiske, jer&hellip;","og_url":"https:\/\/tuzlainfo.ba\/index.php\/clanci\/sa-svih-strana\/item\/145319-vucic-mnogi-zele-pod-plastom-stvaranja-funkcionalne-bih-da-ukinu-srpsku\/","og_site_name":"TuzlaInfo.ba","article_publisher":"https:\/\/www.facebook.com\/tuzlainfo.ba\/","article_published_time":"2021-08-19T12:04:43+00:00","og_image":[{"width":770,"height":513,"url":"https:\/\/tuzlainfo.ba\/wp-content\/uploads\/2021\/02\/sadrzaj_2021_20210201_2302_vucic.jpg","type":"image\/jpeg"}],"author":"Tuzla Info","twitter_card":"summary_large_image","twitter_misc":{"Written by":"Tuzla Info","Est. reading time":"1 minuta"},"schema":{"@context":"https:\/\/schema.org","@graph":[{"@type":"Article","@id":"https:\/\/tuzlainfo.ba\/index.php\/clanci\/sa-svih-strana\/item\/145319-vucic-mnogi-zele-pod-plastom-stvaranja-funkcionalne-bih-da-ukinu-srpsku\/#article","isPartOf":{"@id":"https:\/\/tuzlainfo.ba\/index.php\/clanci\/sa-svih-strana\/item\/145319-vucic-mnogi-zele-pod-plastom-stvaranja-funkcionalne-bih-da-ukinu-srpsku\/"},"author":{"name":"Tuzla Info","@id":"https:\/\/tuzlainfo.ba\/#\/schema\/person\/46cad4c57790cbc50781edd14870825a"},"headline":"Vu\u010di\u0107: Mnogi \u017eele pod pla\u0161tom stvaranja funkcionalne BiH da ukinu Srpsku","datePublished":"2021-08-19T12:04:43+00:00","dateModified":"2021-08-19T12:04:43+00:00","mainEntityOfPage":{"@id":"https:\/\/tuzlainfo.ba\/index.php\/clanci\/sa-svih-strana\/item\/145319-vucic-mnogi-zele-pod-plastom-stvaranja-funkcionalne-bih-da-ukinu-srpsku\/"},"wordCount":222,"commentCount":0,"publisher":{"@id":"https:\/\/tuzlainfo.ba\/#organization"},"image":{"@id":"https:\/\/tuzlainfo.ba\/index.php\/clanci\/sa-svih-strana\/item\/145319-vucic-mnogi-zele-pod-plastom-stvaranja-funkcionalne-bih-da-ukinu-srpsku\/#primaryimage"},"thumbnailUrl":"https:\/\/tuzlainfo.ba\/wp-content\/uploads\/2021\/02\/sadrzaj_2021_20210201_2302_vucic.jpg","keywords":["aleksandar vu\u010di\u0107","RS","srbija"],"articleSection":["Sa svih strana"],"inLanguage":"bs-BA"},{"@type":"WebPage","@id":"https:\/\/tuzlainfo.ba\/index.php\/clanci\/sa-svih-strana\/item\/145319-vucic-mnogi-zele-pod-plastom-stvaranja-funkcionalne-bih-da-ukinu-srpsku\/","url":"https:\/\/tuzlainfo.ba\/index.php\/clanci\/sa-svih-strana\/item\/145319-vucic-mnogi-zele-pod-plastom-stvaranja-funkcionalne-bih-da-ukinu-srpsku\/","name":"Vu\u010di\u0107: Mnogi \u017eele pod pla\u0161tom stvaranja funkcionalne BiH da ukinu Srpsku - TuzlaInfo.ba","isPartOf":{"@id":"https:\/\/tuzlainfo.ba\/#website"},"primaryImageOfPage":{"@id":"https:\/\/tuzlainfo.ba\/index.php\/clanci\/sa-svih-strana\/item\/145319-vucic-mnogi-zele-pod-plastom-stvaranja-funkcionalne-bih-da-ukinu-srpsku\/#primaryimage"},"image":{"@id":"https:\/\/tuzlainfo.ba\/index.php\/clanci\/sa-svih-strana\/item\/145319-vucic-mnogi-zele-pod-plastom-stvaranja-funkcionalne-bih-da-ukinu-srpsku\/#primaryimage"},"thumbnailUrl":"https:\/\/tuzlainfo.ba\/wp-content\/uploads\/2021\/02\/sadrzaj_2021_20210201_2302_vucic.jpg","datePublished":"2021-08-19T12:04:43+00:00","dateModified":"2021-08-19T12:04:43+00:00","breadcrumb":{"@id":"https:\/\/tuzlainfo.ba\/index.php\/clanci\/sa-svih-strana\/item\/145319-vucic-mnogi-zele-pod-plastom-stvaranja-funkcionalne-bih-da-ukinu-srpsku\/#breadcrumb"},"inLanguage":"bs-BA","potentialAction":[{"@type":"ReadAction","target":["https:\/\/tuzlainfo.ba\/index.php\/clanci\/sa-svih-strana\/item\/145319-vucic-mnogi-zele-pod-plastom-stvaranja-funkcionalne-bih-da-ukinu-srpsku\/"]}]},{"@type":"ImageObject","inLanguage":"bs-BA","@id":"https:\/\/tuzlainfo.ba\/index.php\/clanci\/sa-svih-strana\/item\/145319-vucic-mnogi-zele-pod-plastom-stvaranja-funkcionalne-bih-da-ukinu-srpsku\/#primaryimage","url":"https:\/\/tuzlainfo.ba\/wp-content\/uploads\/2021\/02\/sadrzaj_2021_20210201_2302_vucic.jpg","contentUrl":"https:\/\/tuzlainfo.ba\/wp-content\/uploads\/2021\/02\/sadrzaj_2021_20210201_2302_vucic.jpg","width":770,"height":513,"caption":"2302 vucic"},{"@type":"BreadcrumbList","@id":"https:\/\/tuzlainfo.ba\/index.php\/clanci\/sa-svih-strana\/item\/145319-vucic-mnogi-zele-pod-plastom-stvaranja-funkcionalne-bih-da-ukinu-srpsku\/#breadcrumb","itemListElement":[{"@type":"ListItem","position":1,"name":"Home","item":"https:\/\/tuzlainfo.ba\/"},{"@type":"ListItem","position":2,"name":"Vu\u010di\u0107: Mnogi \u017eele pod pla\u0161tom stvaranja funkcionalne BiH da ukinu Srpsku"}]},{"@type":"WebSite","@id":"https:\/\/tuzlainfo.ba\/#website","url":"https:\/\/tuzlainfo.ba\/","name":"TuzlaInfo.ba","description":"Tuzla info, gradski informator - Tuzla na dlanu","publisher":{"@id":"https:\/\/tuzlainfo.ba\/#organization"},"potentialAction":[{"@type":"SearchAction","target":{"@type":"EntryPoint","urlTemplate":"https:\/\/tuzlainfo.ba\/?s={search_term_string}"},"query-input":{"@type":"PropertyValueSpecification","valueRequired":true,"valueName":"search_term_string"}}],"inLanguage":"bs-BA"},{"@type":"Organization","@id":"https:\/\/tuzlainfo.ba\/#organization","name":"TuzlaInfo.ba","url":"https:\/\/tuzlainfo.ba\/","logo":{"@type":"ImageObject","inLanguage":"bs-BA","@id":"https:\/\/tuzlainfo.ba\/#\/schema\/logo\/image\/","url":"https:\/\/tuzlainfo.ba\/wp-content\/uploads\/2021\/03\/logo-ver-3-1.png","contentUrl":"https:\/\/tuzlainfo.ba\/wp-content\/uploads\/2021\/03\/logo-ver-3-1.png","width":350,"height":95,"caption":"TuzlaInfo.ba"},"image":{"@id":"https:\/\/tuzlainfo.ba\/#\/schema\/logo\/image\/"},"sameAs":["https:\/\/www.facebook.com\/tuzlainfo.ba\/"]},{"@type":"Person","@id":"https:\/\/tuzlainfo.ba\/#\/schema\/person\/46cad4c57790cbc50781edd14870825a","name":"Tuzla Info","image":{"@type":"ImageObject","inLanguage":"bs-BA","@id":"https:\/\/tuzlainfo.ba\/#\/schema\/person\/image\/","url":"https:\/\/tuzlainfo.ba\/wp-content\/litespeed\/avatar\/b6c453a6c38e3654f2e4416c643fc25c.jpg?ver=1777051911","contentUrl":"https:\/\/tuzlainfo.ba\/wp-content\/litespeed\/avatar\/b6c453a6c38e3654f2e4416c643fc25c.jpg?ver=1777051911","caption":"Tuzla Info"}}]}},"_links":{"self":[{"href":"https:\/\/tuzlainfo.ba\/index.php\/wp-json\/wp\/v2\/posts\/145319"}],"collection":[{"href":"https:\/\/tuzlainfo.ba\/index.php\/wp-json\/wp\/v2\/posts"}],"about":[{"href":"https:\/\/tuzlainfo.ba\/index.php\/wp-json\/wp\/v2\/types\/post"}],"author":[{"embeddable":true,"href":"https:\/\/tuzlainfo.ba\/index.php\/wp-json\/wp\/v2\/users\/4"}],"replies":[{"embeddable":true,"href":"https:\/\/tuzlainfo.ba\/index.php\/wp-json\/wp\/v2\/comments?post=145319"}],"version-history":[{"count":0,"href":"https:\/\/tuzlainfo.ba\/index.php\/wp-json\/wp\/v2\/posts\/145319\/revisions"}],"wp:featuredmedia":[{"embeddable":true,"href":"https:\/\/tuzlainfo.ba\/index.php\/wp-json\/wp\/v2\/media\/86773"}],"wp:attachment":[{"href":"https:\/\/tuzlainfo.ba\/index.php\/wp-json\/wp\/v2\/media?parent=145319"}],"wp:term":[{"taxonomy":"category","embeddable":true,"href":"https:\/\/tuzlainfo.ba\/index.php\/wp-json\/wp\/v2\/categories?post=145319"},{"taxonomy":"post_tag","embeddable":true,"href":"https:\/\/tuzlainfo.ba\/index.php\/wp-json\/wp\/v2\/tags?post=145319"}],"curies":[{"name":"wp","href":"https:\/\/api.w.org\/{rel}","templated":true}]}}