{"id":14531,"date":"2018-12-07T18:24:04","date_gmt":"2018-12-07T18:24:04","guid":{"rendered":"https:\/\/v2.tuzlainfo.ba\/2018\/12\/07\/na-prijedlog-federalnog-ministarstva-za-pitanja-boraca-ukinute-godine-kao-kriterij-za-ostvarivanje-prava-na-jednokratnu-pomoc\/"},"modified":"2021-03-23T08:51:45","modified_gmt":"2021-03-23T08:51:45","slug":"na-prijedlog-federalnog-ministarstva-za-pitanja-boraca-ukinute-godine-kao-kriterij-za-ostvarivanje-prava-na-jednokratnu-pomoc","status":"publish","type":"post","link":"https:\/\/tuzlainfo.ba\/index.php\/clanci\/sa-svih-strana\/item\/14531-na-prijedlog-federalnog-ministarstva-za-pitanja-boraca-ukinute-godine-kao-kriterij-za-ostvarivanje-prava-na-jednokratnu-pomoc\/","title":{"rendered":"FBiH: Ukinute godine kao kriterij za ostvarivanje prava na jednokratnu pomo\u0107 borcima"},"content":{"rendered":"<p>Federalno ministarstvo za pitanja boraca i invalida odbrambeno-oslobodila\u010dkog rata je na osnovu dopisa i zahtjeva &nbsp;Saveza boraca Federacije BiH i Udruge dragovoljaca i veterana domovinskog rata HVO H-B uputilo u proceduru izmjene Odluke o usvajanju programa utro\u0161ka sredstava sa kriterijima raspodjele sredstava \u201eTransfer za rje\u0161avanje statusnih pitanja branilaca i \u010dlanova njihovih porodica\u201c za 2018. godinu.<\/p>\n<p>Vlada FBiH je na prijedlog Federalnog ministarstva za pitanja boraca i invalida odbrambeno-oslobodila\u010dkog rata na telefonski odr\u017eanoj sjednici usvojila Odluku o izmjeni Odluke o usvajanju programa utro\u0161ka sredstava sa kriterijima raspodjele sredstava \u201eTransfer za rje\u0161avanje statusnih pitanja branilaca i \u010dlanova njihovih porodica\u201c za 2018. godinu.<\/p>\n<p>Izmjenama su ukinute godine kao jedan od kriterija za ostvarivanje prava na dodjelu jednokratne nov\u010dane pomo\u0107i. To zna\u010di da pravo na apliciranje ima nezaposleni demobilizirani branilac koji je prijavljen kod nadle\u017ene slu\u017ebe za zapo\u0161ljavanje najmanje godinu prije stupanja na snagu ove Odluke, koji je bio pripadnik Oru\u017eanih snaga najmanje godinu, ukoliko stalno \u017eivi i ima prebivali\u0161te na teritoriji BiH i ako nema mjese\u010dnih primanja.<\/p>\n<p>Tako\u0111er, pravo na jednokratnu dodjelu sredstava mo\u017ee ostvariti bra\u010dni partner umrlog demobiliziranog branioca koji je bio pripadnik Oru\u017eanih snaga najmanje jednu godinu ukoliko nije zasnovao novu bra\u010dnu zajednicu, ako je prijavljen kao nezaposleno lice kod nadle\u017ene slu\u017ebe za zapo\u0161ljavanje najmanje jednu godinu prije stupanja na snagu ove Odluke, ukoliko stalno \u017eivi i ima prebivali\u0161te na teritoriji BiH i ako nema mjese\u010dnih primanja.<\/p>\n<p>Federalni ministar za pitanja boraca i invalida odbrambeno-oslobodila\u010dkog rata doc.dr. Salko Bukvarevi\u0107 tim povodom je jo\u0161 jednom naglasio da je ovo Ministarstvo servis svim borcima te da su zahtjevi bora\u010dkih udru\u017eenja uva\u017eeni \u010dim su zaprimljeni. Ovom Odlukom, kako je naveo, cilj je da se pomognu najugro\u017eenije kategorije boraca, prvenstveno demobilizirani branioci koji nemaju drugih mjese\u010dnih primanja.<\/p>\n<p>Produ\u017een je i rok za podno\u0161enje zahtjeva, tako \u0107e aplikanti zahtjeve na propisanom obrascu podnositi u Grupama za pitanja evidencija iz oblasti vojne obaveze u kojima se podnosilac zahtjeva vodi u vojnoj evidenciji do 27.12.2018. godine.<\/p>\n<p>Sve dodatne informacije mogu dobiti na brojeve telefona 033\/212-447 i 033\/221-060, saop\u0161teno je iz Kabineta ministra.<\/p>\n<p><strong>(Tuzlainfo.ba)<\/strong><\/p>\n","protected":false},"excerpt":{"rendered":"<p>Federalno ministarstvo za pitanja boraca i invalida odbrambeno-oslobodila\u010dkog rata je na osnovu dopisa i zahtjeva &nbsp;Saveza boraca Federacije BiH i Udruge dragovoljaca i veterana domovinskog rata HVO H-B uputilo u proceduru izmjene Odluke o usvajanju programa utro\u0161ka sredstava sa kriterijima raspodjele sredstava \u201eTransfer za rje\u0161avanje statusnih pitanja branilaca i \u010dlanova njihovih porodica\u201c za 2018. godinu. [&hellip;]<\/p>\n","protected":false},"author":3,"featured_media":66083,"comment_status":"open","ping_status":"closed","sticky":false,"template":"","format":"standard","meta":{"footnotes":""},"categories":[16],"tags":[],"class_list":["post-14531","post","type-post","status-publish","format-standard","has-post-thumbnail","hentry","category-sa-svih-strana"],"yoast_head":"<!-- This site is optimized with the Yoast SEO plugin v28.4 - https:\/\/yoast.com\/product\/yoast-seo-wordpress\/ -->\n<title>FBiH: Ukinute godine kao kriterij za ostvarivanje prava na jednokratnu pomo\u0107 borcima<\/title>\n<meta name=\"robots\" content=\"index, follow, max-snippet:-1, max-image-preview:large, max-video-preview:-1\" \/>\n<link rel=\"canonical\" href=\"https:\/\/tuzlainfo.ba\/index.php\/clanci\/sa-svih-strana\/item\/14531-na-prijedlog-federalnog-ministarstva-za-pitanja-boraca-ukinute-godine-kao-kriterij-za-ostvarivanje-prava-na-jednokratnu-pomoc\/\" \/>\n<meta property=\"og:locale\" content=\"bs_BA\" \/>\n<meta property=\"og:type\" content=\"article\" \/>\n<meta property=\"og:title\" content=\"FBiH: Ukinute godine kao kriterij za ostvarivanje prava na jednokratnu pomo\u0107 borcima\" \/>\n<meta property=\"og:description\" content=\"Federalno ministarstvo za pitanja boraca i invalida odbrambeno-oslobodila\u010dkog rata je na osnovu dopisa i zahtjeva &nbsp;Saveza boraca Federacije BiH i Udruge dragovoljaca i veterana domovinskog rata HVO H-B uputilo u proceduru izmjene Odluke o usvajanju programa utro\u0161ka sredstava sa kriterijima raspodjele sredstava \u201eTransfer za rje\u0161avanje statusnih pitanja branilaca i \u010dlanova njihovih porodica\u201c za 2018. godinu. [&hellip;]\" \/>\n<meta property=\"og:url\" content=\"https:\/\/tuzlainfo.ba\/index.php\/clanci\/sa-svih-strana\/item\/14531-na-prijedlog-federalnog-ministarstva-za-pitanja-boraca-ukinute-godine-kao-kriterij-za-ostvarivanje-prava-na-jednokratnu-pomoc\/\" \/>\n<meta property=\"og:site_name\" content=\"TuzlaInfo.ba\" \/>\n<meta property=\"article:publisher\" content=\"https:\/\/www.facebook.com\/tuzlainfo.ba\/\" \/>\n<meta property=\"article:published_time\" content=\"2018-12-07T18:24:04+00:00\" \/>\n<meta property=\"article:modified_time\" content=\"2021-03-23T08:51:45+00:00\" \/>\n<meta property=\"og:image\" content=\"https:\/\/tuzlainfo.ba\/wp-content\/uploads\/2018\/12\/k2_items_src_4b54ee9bbdd5c474660426ad7e962f35.jpg\" \/>\n\t<meta property=\"og:image:width\" content=\"770\" \/>\n\t<meta property=\"og:image:height\" content=\"519\" \/>\n\t<meta property=\"og:image:type\" content=\"image\/jpeg\" \/>\n<meta name=\"author\" content=\"admin2\" \/>\n<meta name=\"twitter:card\" content=\"summary_large_image\" \/>\n<meta name=\"twitter:label1\" content=\"Written by\" \/>\n\t<meta name=\"twitter:data1\" content=\"admin2\" \/>\n\t<meta name=\"twitter:label2\" content=\"Est. reading time\" \/>\n\t<meta name=\"twitter:data2\" content=\"2 minute\" \/>\n<script type=\"application\/ld+json\" class=\"yoast-schema-graph\">{\"@context\":\"https:\\\/\\\/schema.org\",\"@graph\":[{\"@type\":\"Article\",\"@id\":\"https:\\\/\\\/tuzlainfo.ba\\\/index.php\\\/clanci\\\/sa-svih-strana\\\/item\\\/14531-na-prijedlog-federalnog-ministarstva-za-pitanja-boraca-ukinute-godine-kao-kriterij-za-ostvarivanje-prava-na-jednokratnu-pomoc\\\/#article\",\"isPartOf\":{\"@id\":\"https:\\\/\\\/tuzlainfo.ba\\\/index.php\\\/clanci\\\/sa-svih-strana\\\/item\\\/14531-na-prijedlog-federalnog-ministarstva-za-pitanja-boraca-ukinute-godine-kao-kriterij-za-ostvarivanje-prava-na-jednokratnu-pomoc\\\/\"},\"author\":{\"name\":\"admin2\",\"@id\":\"https:\\\/\\\/tuzlainfo.ba\\\/#\\\/schema\\\/person\\\/f4ebe4fff27e68efb65fa7e18f8af372\"},\"headline\":\"FBiH: Ukinute godine kao kriterij za ostvarivanje prava na jednokratnu pomo\u0107 borcima\",\"datePublished\":\"2018-12-07T18:24:04+00:00\",\"dateModified\":\"2021-03-23T08:51:45+00:00\",\"mainEntityOfPage\":{\"@id\":\"https:\\\/\\\/tuzlainfo.ba\\\/index.php\\\/clanci\\\/sa-svih-strana\\\/item\\\/14531-na-prijedlog-federalnog-ministarstva-za-pitanja-boraca-ukinute-godine-kao-kriterij-za-ostvarivanje-prava-na-jednokratnu-pomoc\\\/\"},\"wordCount\":382,\"commentCount\":0,\"publisher\":{\"@id\":\"https:\\\/\\\/tuzlainfo.ba\\\/#organization\"},\"image\":{\"@id\":\"https:\\\/\\\/tuzlainfo.ba\\\/index.php\\\/clanci\\\/sa-svih-strana\\\/item\\\/14531-na-prijedlog-federalnog-ministarstva-za-pitanja-boraca-ukinute-godine-kao-kriterij-za-ostvarivanje-prava-na-jednokratnu-pomoc\\\/#primaryimage\"},\"thumbnailUrl\":\"https:\\\/\\\/tuzlainfo.ba\\\/wp-content\\\/uploads\\\/2018\\\/12\\\/k2_items_src_4b54ee9bbdd5c474660426ad7e962f35.jpg\",\"articleSection\":[\"Sa svih strana\"],\"inLanguage\":\"bs-BA\",\"copyrightYear\":\"2018\",\"copyrightHolder\":{\"@id\":\"https:\\\/\\\/tuzlainfo.ba\\\/#organization\"}},{\"@type\":\"WebPage\",\"@id\":\"https:\\\/\\\/tuzlainfo.ba\\\/index.php\\\/clanci\\\/sa-svih-strana\\\/item\\\/14531-na-prijedlog-federalnog-ministarstva-za-pitanja-boraca-ukinute-godine-kao-kriterij-za-ostvarivanje-prava-na-jednokratnu-pomoc\\\/\",\"url\":\"https:\\\/\\\/tuzlainfo.ba\\\/index.php\\\/clanci\\\/sa-svih-strana\\\/item\\\/14531-na-prijedlog-federalnog-ministarstva-za-pitanja-boraca-ukinute-godine-kao-kriterij-za-ostvarivanje-prava-na-jednokratnu-pomoc\\\/\",\"name\":\"FBiH: Ukinute godine kao kriterij za ostvarivanje prava na jednokratnu pomo\u0107 borcima\",\"isPartOf\":{\"@id\":\"https:\\\/\\\/tuzlainfo.ba\\\/#website\"},\"primaryImageOfPage\":{\"@id\":\"https:\\\/\\\/tuzlainfo.ba\\\/index.php\\\/clanci\\\/sa-svih-strana\\\/item\\\/14531-na-prijedlog-federalnog-ministarstva-za-pitanja-boraca-ukinute-godine-kao-kriterij-za-ostvarivanje-prava-na-jednokratnu-pomoc\\\/#primaryimage\"},\"image\":{\"@id\":\"https:\\\/\\\/tuzlainfo.ba\\\/index.php\\\/clanci\\\/sa-svih-strana\\\/item\\\/14531-na-prijedlog-federalnog-ministarstva-za-pitanja-boraca-ukinute-godine-kao-kriterij-za-ostvarivanje-prava-na-jednokratnu-pomoc\\\/#primaryimage\"},\"thumbnailUrl\":\"https:\\\/\\\/tuzlainfo.ba\\\/wp-content\\\/uploads\\\/2018\\\/12\\\/k2_items_src_4b54ee9bbdd5c474660426ad7e962f35.jpg\",\"datePublished\":\"2018-12-07T18:24:04+00:00\",\"dateModified\":\"2021-03-23T08:51:45+00:00\",\"breadcrumb\":{\"@id\":\"https:\\\/\\\/tuzlainfo.ba\\\/index.php\\\/clanci\\\/sa-svih-strana\\\/item\\\/14531-na-prijedlog-federalnog-ministarstva-za-pitanja-boraca-ukinute-godine-kao-kriterij-za-ostvarivanje-prava-na-jednokratnu-pomoc\\\/#breadcrumb\"},\"inLanguage\":\"bs-BA\",\"potentialAction\":[{\"@type\":\"ReadAction\",\"target\":[\"https:\\\/\\\/tuzlainfo.ba\\\/index.php\\\/clanci\\\/sa-svih-strana\\\/item\\\/14531-na-prijedlog-federalnog-ministarstva-za-pitanja-boraca-ukinute-godine-kao-kriterij-za-ostvarivanje-prava-na-jednokratnu-pomoc\\\/\"]}]},{\"@type\":\"ImageObject\",\"inLanguage\":\"bs-BA\",\"@id\":\"https:\\\/\\\/tuzlainfo.ba\\\/index.php\\\/clanci\\\/sa-svih-strana\\\/item\\\/14531-na-prijedlog-federalnog-ministarstva-za-pitanja-boraca-ukinute-godine-kao-kriterij-za-ostvarivanje-prava-na-jednokratnu-pomoc\\\/#primaryimage\",\"url\":\"https:\\\/\\\/tuzlainfo.ba\\\/wp-content\\\/uploads\\\/2018\\\/12\\\/k2_items_src_4b54ee9bbdd5c474660426ad7e962f35.jpg\",\"contentUrl\":\"https:\\\/\\\/tuzlainfo.ba\\\/wp-content\\\/uploads\\\/2018\\\/12\\\/k2_items_src_4b54ee9bbdd5c474660426ad7e962f35.jpg\",\"width\":770,\"height\":519},{\"@type\":\"BreadcrumbList\",\"@id\":\"https:\\\/\\\/tuzlainfo.ba\\\/index.php\\\/clanci\\\/sa-svih-strana\\\/item\\\/14531-na-prijedlog-federalnog-ministarstva-za-pitanja-boraca-ukinute-godine-kao-kriterij-za-ostvarivanje-prava-na-jednokratnu-pomoc\\\/#breadcrumb\",\"itemListElement\":[{\"@type\":\"ListItem\",\"position\":1,\"name\":\"Home\",\"item\":\"https:\\\/\\\/tuzlainfo.ba\\\/\"},{\"@type\":\"ListItem\",\"position\":2,\"name\":\"FBiH: Ukinute godine kao kriterij za ostvarivanje prava na jednokratnu pomo\u0107 borcima\"}]},{\"@type\":\"WebSite\",\"@id\":\"https:\\\/\\\/tuzlainfo.ba\\\/#website\",\"url\":\"https:\\\/\\\/tuzlainfo.ba\\\/\",\"name\":\"TuzlaInfo.ba\",\"description\":\"Tuzla info, gradski informator - Tuzla na dlanu\",\"publisher\":{\"@id\":\"https:\\\/\\\/tuzlainfo.ba\\\/#organization\"},\"potentialAction\":[{\"@type\":\"SearchAction\",\"target\":{\"@type\":\"EntryPoint\",\"urlTemplate\":\"https:\\\/\\\/tuzlainfo.ba\\\/?s={search_term_string}\"},\"query-input\":{\"@type\":\"PropertyValueSpecification\",\"valueRequired\":true,\"valueName\":\"search_term_string\"}}],\"inLanguage\":\"bs-BA\"},{\"@type\":\"Organization\",\"@id\":\"https:\\\/\\\/tuzlainfo.ba\\\/#organization\",\"name\":\"TuzlaInfo.ba\",\"url\":\"https:\\\/\\\/tuzlainfo.ba\\\/\",\"logo\":{\"@type\":\"ImageObject\",\"inLanguage\":\"bs-BA\",\"@id\":\"https:\\\/\\\/tuzlainfo.ba\\\/#\\\/schema\\\/logo\\\/image\\\/\",\"url\":\"https:\\\/\\\/tuzlainfo.ba\\\/wp-content\\\/uploads\\\/2021\\\/03\\\/logo-ver-3-1.png\",\"contentUrl\":\"https:\\\/\\\/tuzlainfo.ba\\\/wp-content\\\/uploads\\\/2021\\\/03\\\/logo-ver-3-1.png\",\"width\":350,\"height\":95,\"caption\":\"TuzlaInfo.ba\"},\"image\":{\"@id\":\"https:\\\/\\\/tuzlainfo.ba\\\/#\\\/schema\\\/logo\\\/image\\\/\"},\"sameAs\":[\"https:\\\/\\\/www.facebook.com\\\/tuzlainfo.ba\\\/\"]},{\"@type\":\"Person\",\"@id\":\"https:\\\/\\\/tuzlainfo.ba\\\/#\\\/schema\\\/person\\\/f4ebe4fff27e68efb65fa7e18f8af372\",\"name\":\"admin2\",\"image\":{\"@type\":\"ImageObject\",\"inLanguage\":\"bs-BA\",\"@id\":\"https:\\\/\\\/secure.gravatar.com\\\/avatar\\\/6474d9b45292367fa11d981175d83642ccdae059a6b7eabe5fed313d54ead5cb?s=96&d=mm&r=g\",\"url\":\"https:\\\/\\\/secure.gravatar.com\\\/avatar\\\/6474d9b45292367fa11d981175d83642ccdae059a6b7eabe5fed313d54ead5cb?s=96&d=mm&r=g\",\"contentUrl\":\"https:\\\/\\\/secure.gravatar.com\\\/avatar\\\/6474d9b45292367fa11d981175d83642ccdae059a6b7eabe5fed313d54ead5cb?s=96&d=mm&r=g\",\"caption\":\"admin2\"},\"description\":\"Tuzlainfo.ba pratite na dru\u0161tvenim mre\u017eama: Facebook, Instagram i Youtube. Svoje pri\u010de, upite i fotografije \u0161aljite na na\u0161u e-mail adresu.\",\"sameAs\":[\"admin\"]}]}<\/script>\n<!-- \/ Yoast SEO plugin. -->","yoast_head_json":{"title":"FBiH: Ukinute godine kao kriterij za ostvarivanje prava na jednokratnu pomo\u0107 borcima","robots":{"index":"index","follow":"follow","max-snippet":"max-snippet:-1","max-image-preview":"max-image-preview:large","max-video-preview":"max-video-preview:-1"},"canonical":"https:\/\/tuzlainfo.ba\/index.php\/clanci\/sa-svih-strana\/item\/14531-na-prijedlog-federalnog-ministarstva-za-pitanja-boraca-ukinute-godine-kao-kriterij-za-ostvarivanje-prava-na-jednokratnu-pomoc\/","og_locale":"bs_BA","og_type":"article","og_title":"FBiH: Ukinute godine kao kriterij za ostvarivanje prava na jednokratnu pomo\u0107 borcima","og_description":"Federalno ministarstvo za pitanja boraca i invalida odbrambeno-oslobodila\u010dkog rata je na osnovu dopisa i zahtjeva &nbsp;Saveza boraca Federacije BiH i Udruge dragovoljaca i veterana domovinskog rata HVO H-B uputilo u proceduru izmjene Odluke o usvajanju programa utro\u0161ka sredstava sa kriterijima raspodjele sredstava \u201eTransfer za rje\u0161avanje statusnih pitanja branilaca i \u010dlanova njihovih porodica\u201c za 2018. godinu. [&hellip;]","og_url":"https:\/\/tuzlainfo.ba\/index.php\/clanci\/sa-svih-strana\/item\/14531-na-prijedlog-federalnog-ministarstva-za-pitanja-boraca-ukinute-godine-kao-kriterij-za-ostvarivanje-prava-na-jednokratnu-pomoc\/","og_site_name":"TuzlaInfo.ba","article_publisher":"https:\/\/www.facebook.com\/tuzlainfo.ba\/","article_published_time":"2018-12-07T18:24:04+00:00","article_modified_time":"2021-03-23T08:51:45+00:00","og_image":[{"width":770,"height":519,"url":"https:\/\/tuzlainfo.ba\/wp-content\/uploads\/2018\/12\/k2_items_src_4b54ee9bbdd5c474660426ad7e962f35.jpg","type":"image\/jpeg"}],"author":"admin2","twitter_card":"summary_large_image","twitter_misc":{"Written by":"admin2","Est. reading time":"2 minute"},"schema":{"@context":"https:\/\/schema.org","@graph":[{"@type":"Article","@id":"https:\/\/tuzlainfo.ba\/index.php\/clanci\/sa-svih-strana\/item\/14531-na-prijedlog-federalnog-ministarstva-za-pitanja-boraca-ukinute-godine-kao-kriterij-za-ostvarivanje-prava-na-jednokratnu-pomoc\/#article","isPartOf":{"@id":"https:\/\/tuzlainfo.ba\/index.php\/clanci\/sa-svih-strana\/item\/14531-na-prijedlog-federalnog-ministarstva-za-pitanja-boraca-ukinute-godine-kao-kriterij-za-ostvarivanje-prava-na-jednokratnu-pomoc\/"},"author":{"name":"admin2","@id":"https:\/\/tuzlainfo.ba\/#\/schema\/person\/f4ebe4fff27e68efb65fa7e18f8af372"},"headline":"FBiH: Ukinute godine kao kriterij za ostvarivanje prava na jednokratnu pomo\u0107 borcima","datePublished":"2018-12-07T18:24:04+00:00","dateModified":"2021-03-23T08:51:45+00:00","mainEntityOfPage":{"@id":"https:\/\/tuzlainfo.ba\/index.php\/clanci\/sa-svih-strana\/item\/14531-na-prijedlog-federalnog-ministarstva-za-pitanja-boraca-ukinute-godine-kao-kriterij-za-ostvarivanje-prava-na-jednokratnu-pomoc\/"},"wordCount":382,"commentCount":0,"publisher":{"@id":"https:\/\/tuzlainfo.ba\/#organization"},"image":{"@id":"https:\/\/tuzlainfo.ba\/index.php\/clanci\/sa-svih-strana\/item\/14531-na-prijedlog-federalnog-ministarstva-za-pitanja-boraca-ukinute-godine-kao-kriterij-za-ostvarivanje-prava-na-jednokratnu-pomoc\/#primaryimage"},"thumbnailUrl":"https:\/\/tuzlainfo.ba\/wp-content\/uploads\/2018\/12\/k2_items_src_4b54ee9bbdd5c474660426ad7e962f35.jpg","articleSection":["Sa svih strana"],"inLanguage":"bs-BA","copyrightYear":"2018","copyrightHolder":{"@id":"https:\/\/tuzlainfo.ba\/#organization"}},{"@type":"WebPage","@id":"https:\/\/tuzlainfo.ba\/index.php\/clanci\/sa-svih-strana\/item\/14531-na-prijedlog-federalnog-ministarstva-za-pitanja-boraca-ukinute-godine-kao-kriterij-za-ostvarivanje-prava-na-jednokratnu-pomoc\/","url":"https:\/\/tuzlainfo.ba\/index.php\/clanci\/sa-svih-strana\/item\/14531-na-prijedlog-federalnog-ministarstva-za-pitanja-boraca-ukinute-godine-kao-kriterij-za-ostvarivanje-prava-na-jednokratnu-pomoc\/","name":"FBiH: Ukinute godine kao kriterij za ostvarivanje prava na jednokratnu pomo\u0107 borcima","isPartOf":{"@id":"https:\/\/tuzlainfo.ba\/#website"},"primaryImageOfPage":{"@id":"https:\/\/tuzlainfo.ba\/index.php\/clanci\/sa-svih-strana\/item\/14531-na-prijedlog-federalnog-ministarstva-za-pitanja-boraca-ukinute-godine-kao-kriterij-za-ostvarivanje-prava-na-jednokratnu-pomoc\/#primaryimage"},"image":{"@id":"https:\/\/tuzlainfo.ba\/index.php\/clanci\/sa-svih-strana\/item\/14531-na-prijedlog-federalnog-ministarstva-za-pitanja-boraca-ukinute-godine-kao-kriterij-za-ostvarivanje-prava-na-jednokratnu-pomoc\/#primaryimage"},"thumbnailUrl":"https:\/\/tuzlainfo.ba\/wp-content\/uploads\/2018\/12\/k2_items_src_4b54ee9bbdd5c474660426ad7e962f35.jpg","datePublished":"2018-12-07T18:24:04+00:00","dateModified":"2021-03-23T08:51:45+00:00","breadcrumb":{"@id":"https:\/\/tuzlainfo.ba\/index.php\/clanci\/sa-svih-strana\/item\/14531-na-prijedlog-federalnog-ministarstva-za-pitanja-boraca-ukinute-godine-kao-kriterij-za-ostvarivanje-prava-na-jednokratnu-pomoc\/#breadcrumb"},"inLanguage":"bs-BA","potentialAction":[{"@type":"ReadAction","target":["https:\/\/tuzlainfo.ba\/index.php\/clanci\/sa-svih-strana\/item\/14531-na-prijedlog-federalnog-ministarstva-za-pitanja-boraca-ukinute-godine-kao-kriterij-za-ostvarivanje-prava-na-jednokratnu-pomoc\/"]}]},{"@type":"ImageObject","inLanguage":"bs-BA","@id":"https:\/\/tuzlainfo.ba\/index.php\/clanci\/sa-svih-strana\/item\/14531-na-prijedlog-federalnog-ministarstva-za-pitanja-boraca-ukinute-godine-kao-kriterij-za-ostvarivanje-prava-na-jednokratnu-pomoc\/#primaryimage","url":"https:\/\/tuzlainfo.ba\/wp-content\/uploads\/2018\/12\/k2_items_src_4b54ee9bbdd5c474660426ad7e962f35.jpg","contentUrl":"https:\/\/tuzlainfo.ba\/wp-content\/uploads\/2018\/12\/k2_items_src_4b54ee9bbdd5c474660426ad7e962f35.jpg","width":770,"height":519},{"@type":"BreadcrumbList","@id":"https:\/\/tuzlainfo.ba\/index.php\/clanci\/sa-svih-strana\/item\/14531-na-prijedlog-federalnog-ministarstva-za-pitanja-boraca-ukinute-godine-kao-kriterij-za-ostvarivanje-prava-na-jednokratnu-pomoc\/#breadcrumb","itemListElement":[{"@type":"ListItem","position":1,"name":"Home","item":"https:\/\/tuzlainfo.ba\/"},{"@type":"ListItem","position":2,"name":"FBiH: Ukinute godine kao kriterij za ostvarivanje prava na jednokratnu pomo\u0107 borcima"}]},{"@type":"WebSite","@id":"https:\/\/tuzlainfo.ba\/#website","url":"https:\/\/tuzlainfo.ba\/","name":"TuzlaInfo.ba","description":"Tuzla info, gradski informator - Tuzla na dlanu","publisher":{"@id":"https:\/\/tuzlainfo.ba\/#organization"},"potentialAction":[{"@type":"SearchAction","target":{"@type":"EntryPoint","urlTemplate":"https:\/\/tuzlainfo.ba\/?s={search_term_string}"},"query-input":{"@type":"PropertyValueSpecification","valueRequired":true,"valueName":"search_term_string"}}],"inLanguage":"bs-BA"},{"@type":"Organization","@id":"https:\/\/tuzlainfo.ba\/#organization","name":"TuzlaInfo.ba","url":"https:\/\/tuzlainfo.ba\/","logo":{"@type":"ImageObject","inLanguage":"bs-BA","@id":"https:\/\/tuzlainfo.ba\/#\/schema\/logo\/image\/","url":"https:\/\/tuzlainfo.ba\/wp-content\/uploads\/2021\/03\/logo-ver-3-1.png","contentUrl":"https:\/\/tuzlainfo.ba\/wp-content\/uploads\/2021\/03\/logo-ver-3-1.png","width":350,"height":95,"caption":"TuzlaInfo.ba"},"image":{"@id":"https:\/\/tuzlainfo.ba\/#\/schema\/logo\/image\/"},"sameAs":["https:\/\/www.facebook.com\/tuzlainfo.ba\/"]},{"@type":"Person","@id":"https:\/\/tuzlainfo.ba\/#\/schema\/person\/f4ebe4fff27e68efb65fa7e18f8af372","name":"admin2","image":{"@type":"ImageObject","inLanguage":"bs-BA","@id":"https:\/\/secure.gravatar.com\/avatar\/6474d9b45292367fa11d981175d83642ccdae059a6b7eabe5fed313d54ead5cb?s=96&d=mm&r=g","url":"https:\/\/secure.gravatar.com\/avatar\/6474d9b45292367fa11d981175d83642ccdae059a6b7eabe5fed313d54ead5cb?s=96&d=mm&r=g","contentUrl":"https:\/\/secure.gravatar.com\/avatar\/6474d9b45292367fa11d981175d83642ccdae059a6b7eabe5fed313d54ead5cb?s=96&d=mm&r=g","caption":"admin2"},"description":"Tuzlainfo.ba pratite na dru\u0161tvenim mre\u017eama: Facebook, Instagram i Youtube. Svoje pri\u010de, upite i fotografije \u0161aljite na na\u0161u e-mail adresu.","sameAs":["admin"]}]}},"_links":{"self":[{"href":"https:\/\/tuzlainfo.ba\/index.php\/wp-json\/wp\/v2\/posts\/14531","targetHints":{"allow":["GET"]}}],"collection":[{"href":"https:\/\/tuzlainfo.ba\/index.php\/wp-json\/wp\/v2\/posts"}],"about":[{"href":"https:\/\/tuzlainfo.ba\/index.php\/wp-json\/wp\/v2\/types\/post"}],"author":[{"embeddable":true,"href":"https:\/\/tuzlainfo.ba\/index.php\/wp-json\/wp\/v2\/users\/3"}],"replies":[{"embeddable":true,"href":"https:\/\/tuzlainfo.ba\/index.php\/wp-json\/wp\/v2\/comments?post=14531"}],"version-history":[{"count":0,"href":"https:\/\/tuzlainfo.ba\/index.php\/wp-json\/wp\/v2\/posts\/14531\/revisions"}],"wp:featuredmedia":[{"embeddable":true,"href":"https:\/\/tuzlainfo.ba\/index.php\/wp-json\/wp\/v2\/media\/66083"}],"wp:attachment":[{"href":"https:\/\/tuzlainfo.ba\/index.php\/wp-json\/wp\/v2\/media?parent=14531"}],"wp:term":[{"taxonomy":"category","embeddable":true,"href":"https:\/\/tuzlainfo.ba\/index.php\/wp-json\/wp\/v2\/categories?post=14531"},{"taxonomy":"post_tag","embeddable":true,"href":"https:\/\/tuzlainfo.ba\/index.php\/wp-json\/wp\/v2\/tags?post=14531"}],"curies":[{"name":"wp","href":"https:\/\/api.w.org\/{rel}","templated":true}]}}