{"id":145113,"date":"2021-08-17T13:52:37","date_gmt":"2021-08-17T11:52:37","guid":{"rendered":"https:\/\/tuzlainfo.ba\/?p=145113"},"modified":"2021-08-17T13:52:37","modified_gmt":"2021-08-17T11:52:37","slug":"troje-bh-drzavljana-od-ukupno-11-evaukisano-iz-afganistana","status":"publish","type":"post","link":"https:\/\/tuzlainfo.ba\/index.php\/clanci\/sa-svih-strana\/item\/145113-troje-bh-drzavljana-od-ukupno-11-evaukisano-iz-afganistana\/","title":{"rendered":"Troje bh. dr\u017eavljana od ukupno 11 evaukisano iz Afganistana"},"content":{"rendered":"<p>Ministarstvo vanjskih poslova BiH i Ambasada BiH u Islamabadu zaprimili su informaciju da su tri od ukupno 11 bh. dr\u017eavljana, za koje je do kasno sino\u0107 utvr\u0111eno da se nalaze na teritoriji Afganistana, napustila Kabul dok traju diplomatski napori da se i ostali bh. gra\u0111ani evakuiraju iz kriznog regiona, pi\u0161e Fena.<\/p>\n<p>Prema informacijama Ambasade i kontaktima sa bh. dr\u017eavljanima, preostala grupa se i dalje nalazi u sigurnoj zoni i \u010dekaju prvu mogu\u0107nost za evakuaciju, saop\u0107eno je iz MVP-a BiH.<\/p>\n<p>Krizni \u0161tab Ministarstva vanjskih poslova BiH u saradnji s diplomatsko-konzularnom mre\u017eom, posebno ambasadama u Islamabadu, Londonu, Washingtonu, Ankari, Hagu i drugima, nastavlja intenzivne aktivnosti kako bi pomogli bh. dr\u017eavljanima koji \u010dekaju evakuaciju.<\/p>\n<p>Tako\u0111er, u toku su aktivnosti da se gra\u0111ani grupiraju na manjem broju lokacija kako bi se olak\u0161ala njihova evakuacija.<\/p>\n","protected":false},"excerpt":{"rendered":"<p>Ministarstvo vanjskih poslova BiH i Ambasada BiH u Islamabadu zaprimili su informaciju da su tri od ukupno 11 bh. dr\u017eavljana, za koje je do kasno sino\u0107 utvr\u0111eno da se nalaze na teritoriji Afganistana, napustila Kabul dok traju diplomatski napori da se i ostali bh. gra\u0111ani evakuiraju iz kriznog regiona, pi\u0161e Fena. Prema informacijama Ambasade i [&hellip;]<\/p>\n","protected":false},"author":4,"featured_media":144996,"comment_status":"open","ping_status":"closed","sticky":false,"template":"","format":"standard","meta":{"footnotes":""},"categories":[304,16],"tags":[2220,2241,2223],"class_list":["post-145113","post","type-post","status-publish","format-standard","has-post-thumbnail","hentry","category-istaknuto","category-sa-svih-strana","tag-afganistan","tag-bh-drzavljani","tag-kabul"],"yoast_head":"<!-- This site is optimized with the Yoast SEO plugin v28.4 - https:\/\/yoast.com\/product\/yoast-seo-wordpress\/ -->\n<title>Troje bh. dr\u017eavljana od ukupno 11 evaukisano iz Afganistana<\/title>\n<meta name=\"robots\" content=\"index, follow, max-snippet:-1, max-image-preview:large, max-video-preview:-1\" \/>\n<link rel=\"canonical\" href=\"https:\/\/tuzlainfo.ba\/index.php\/clanci\/sa-svih-strana\/item\/145113-troje-bh-drzavljana-od-ukupno-11-evaukisano-iz-afganistana\/\" \/>\n<meta property=\"og:locale\" content=\"bs_BA\" \/>\n<meta property=\"og:type\" content=\"article\" \/>\n<meta property=\"og:title\" content=\"Troje bh. dr\u017eavljana od ukupno 11 evaukisano iz Afganistana\" \/>\n<meta property=\"og:description\" content=\"Ministarstvo vanjskih poslova BiH i Ambasada BiH u Islamabadu zaprimili su informaciju da su tri od ukupno 11 bh. dr\u017eavljana, za koje je do kasno sino\u0107 utvr\u0111eno da se nalaze na teritoriji Afganistana, napustila Kabul dok traju diplomatski napori da se i ostali bh. gra\u0111ani evakuiraju iz kriznog regiona, pi\u0161e Fena. Prema informacijama Ambasade i [&hellip;]\" \/>\n<meta property=\"og:url\" content=\"https:\/\/tuzlainfo.ba\/index.php\/clanci\/sa-svih-strana\/item\/145113-troje-bh-drzavljana-od-ukupno-11-evaukisano-iz-afganistana\/\" \/>\n<meta property=\"og:site_name\" content=\"TuzlaInfo.ba\" \/>\n<meta property=\"article:publisher\" content=\"https:\/\/www.facebook.com\/tuzlainfo.ba\/\" \/>\n<meta property=\"article:published_time\" content=\"2021-08-17T11:52:37+00:00\" \/>\n<meta property=\"og:image\" content=\"https:\/\/tuzlainfo.ba\/wp-content\/uploads\/2021\/08\/1608_kabul_avion.jpg\" \/>\n\t<meta property=\"og:image:width\" content=\"720\" \/>\n\t<meta property=\"og:image:height\" content=\"461\" \/>\n\t<meta property=\"og:image:type\" content=\"image\/jpeg\" \/>\n<meta name=\"author\" content=\"Tuzla Info\" \/>\n<meta name=\"twitter:card\" content=\"summary_large_image\" \/>\n<meta name=\"twitter:label1\" content=\"Written by\" \/>\n\t<meta name=\"twitter:data1\" content=\"Tuzla Info\" \/>\n\t<meta name=\"twitter:label2\" content=\"Est. reading time\" \/>\n\t<meta name=\"twitter:data2\" content=\"1 minuta\" \/>\n<script type=\"application\/ld+json\" class=\"yoast-schema-graph\">{\"@context\":\"https:\\\/\\\/schema.org\",\"@graph\":[{\"@type\":\"Article\",\"@id\":\"https:\\\/\\\/tuzlainfo.ba\\\/index.php\\\/clanci\\\/sa-svih-strana\\\/item\\\/145113-troje-bh-drzavljana-od-ukupno-11-evaukisano-iz-afganistana\\\/#article\",\"isPartOf\":{\"@id\":\"https:\\\/\\\/tuzlainfo.ba\\\/index.php\\\/clanci\\\/sa-svih-strana\\\/item\\\/145113-troje-bh-drzavljana-od-ukupno-11-evaukisano-iz-afganistana\\\/\"},\"author\":{\"name\":\"Tuzla Info\",\"@id\":\"https:\\\/\\\/tuzlainfo.ba\\\/#\\\/schema\\\/person\\\/46cad4c57790cbc50781edd14870825a\"},\"headline\":\"Troje bh. dr\u017eavljana od ukupno 11 evaukisano iz Afganistana\",\"datePublished\":\"2021-08-17T11:52:37+00:00\",\"mainEntityOfPage\":{\"@id\":\"https:\\\/\\\/tuzlainfo.ba\\\/index.php\\\/clanci\\\/sa-svih-strana\\\/item\\\/145113-troje-bh-drzavljana-od-ukupno-11-evaukisano-iz-afganistana\\\/\"},\"wordCount\":150,\"commentCount\":0,\"publisher\":{\"@id\":\"https:\\\/\\\/tuzlainfo.ba\\\/#organization\"},\"image\":{\"@id\":\"https:\\\/\\\/tuzlainfo.ba\\\/index.php\\\/clanci\\\/sa-svih-strana\\\/item\\\/145113-troje-bh-drzavljana-od-ukupno-11-evaukisano-iz-afganistana\\\/#primaryimage\"},\"thumbnailUrl\":\"https:\\\/\\\/tuzlainfo.ba\\\/wp-content\\\/uploads\\\/2021\\\/08\\\/1608_kabul_avion.jpg\",\"keywords\":[\"afganistan\",\"bh dr\u017eavljani\",\"kabul\"],\"articleSection\":[\"Istaknuto\",\"Sa svih strana\"],\"inLanguage\":\"bs-BA\",\"copyrightYear\":\"2021\",\"copyrightHolder\":{\"@id\":\"https:\\\/\\\/tuzlainfo.ba\\\/#organization\"}},{\"@type\":\"WebPage\",\"@id\":\"https:\\\/\\\/tuzlainfo.ba\\\/index.php\\\/clanci\\\/sa-svih-strana\\\/item\\\/145113-troje-bh-drzavljana-od-ukupno-11-evaukisano-iz-afganistana\\\/\",\"url\":\"https:\\\/\\\/tuzlainfo.ba\\\/index.php\\\/clanci\\\/sa-svih-strana\\\/item\\\/145113-troje-bh-drzavljana-od-ukupno-11-evaukisano-iz-afganistana\\\/\",\"name\":\"Troje bh. dr\u017eavljana od ukupno 11 evaukisano iz Afganistana\",\"isPartOf\":{\"@id\":\"https:\\\/\\\/tuzlainfo.ba\\\/#website\"},\"primaryImageOfPage\":{\"@id\":\"https:\\\/\\\/tuzlainfo.ba\\\/index.php\\\/clanci\\\/sa-svih-strana\\\/item\\\/145113-troje-bh-drzavljana-od-ukupno-11-evaukisano-iz-afganistana\\\/#primaryimage\"},\"image\":{\"@id\":\"https:\\\/\\\/tuzlainfo.ba\\\/index.php\\\/clanci\\\/sa-svih-strana\\\/item\\\/145113-troje-bh-drzavljana-od-ukupno-11-evaukisano-iz-afganistana\\\/#primaryimage\"},\"thumbnailUrl\":\"https:\\\/\\\/tuzlainfo.ba\\\/wp-content\\\/uploads\\\/2021\\\/08\\\/1608_kabul_avion.jpg\",\"datePublished\":\"2021-08-17T11:52:37+00:00\",\"breadcrumb\":{\"@id\":\"https:\\\/\\\/tuzlainfo.ba\\\/index.php\\\/clanci\\\/sa-svih-strana\\\/item\\\/145113-troje-bh-drzavljana-od-ukupno-11-evaukisano-iz-afganistana\\\/#breadcrumb\"},\"inLanguage\":\"bs-BA\",\"potentialAction\":[{\"@type\":\"ReadAction\",\"target\":[\"https:\\\/\\\/tuzlainfo.ba\\\/index.php\\\/clanci\\\/sa-svih-strana\\\/item\\\/145113-troje-bh-drzavljana-od-ukupno-11-evaukisano-iz-afganistana\\\/\"]}]},{\"@type\":\"ImageObject\",\"inLanguage\":\"bs-BA\",\"@id\":\"https:\\\/\\\/tuzlainfo.ba\\\/index.php\\\/clanci\\\/sa-svih-strana\\\/item\\\/145113-troje-bh-drzavljana-od-ukupno-11-evaukisano-iz-afganistana\\\/#primaryimage\",\"url\":\"https:\\\/\\\/tuzlainfo.ba\\\/wp-content\\\/uploads\\\/2021\\\/08\\\/1608_kabul_avion.jpg\",\"contentUrl\":\"https:\\\/\\\/tuzlainfo.ba\\\/wp-content\\\/uploads\\\/2021\\\/08\\\/1608_kabul_avion.jpg\",\"width\":720,\"height\":461,\"caption\":\"Foto: Ljudi na vanjskom dijelu aviona na aerodromu u Kabulu (Twitter)\"},{\"@type\":\"BreadcrumbList\",\"@id\":\"https:\\\/\\\/tuzlainfo.ba\\\/index.php\\\/clanci\\\/sa-svih-strana\\\/item\\\/145113-troje-bh-drzavljana-od-ukupno-11-evaukisano-iz-afganistana\\\/#breadcrumb\",\"itemListElement\":[{\"@type\":\"ListItem\",\"position\":1,\"name\":\"Home\",\"item\":\"https:\\\/\\\/tuzlainfo.ba\\\/\"},{\"@type\":\"ListItem\",\"position\":2,\"name\":\"Troje bh. dr\u017eavljana od ukupno 11 evaukisano iz Afganistana\"}]},{\"@type\":\"WebSite\",\"@id\":\"https:\\\/\\\/tuzlainfo.ba\\\/#website\",\"url\":\"https:\\\/\\\/tuzlainfo.ba\\\/\",\"name\":\"TuzlaInfo.ba\",\"description\":\"Tuzla info, gradski informator - Tuzla na dlanu\",\"publisher\":{\"@id\":\"https:\\\/\\\/tuzlainfo.ba\\\/#organization\"},\"potentialAction\":[{\"@type\":\"SearchAction\",\"target\":{\"@type\":\"EntryPoint\",\"urlTemplate\":\"https:\\\/\\\/tuzlainfo.ba\\\/?s={search_term_string}\"},\"query-input\":{\"@type\":\"PropertyValueSpecification\",\"valueRequired\":true,\"valueName\":\"search_term_string\"}}],\"inLanguage\":\"bs-BA\"},{\"@type\":\"Organization\",\"@id\":\"https:\\\/\\\/tuzlainfo.ba\\\/#organization\",\"name\":\"TuzlaInfo.ba\",\"url\":\"https:\\\/\\\/tuzlainfo.ba\\\/\",\"logo\":{\"@type\":\"ImageObject\",\"inLanguage\":\"bs-BA\",\"@id\":\"https:\\\/\\\/tuzlainfo.ba\\\/#\\\/schema\\\/logo\\\/image\\\/\",\"url\":\"https:\\\/\\\/tuzlainfo.ba\\\/wp-content\\\/uploads\\\/2021\\\/03\\\/logo-ver-3-1.png\",\"contentUrl\":\"https:\\\/\\\/tuzlainfo.ba\\\/wp-content\\\/uploads\\\/2021\\\/03\\\/logo-ver-3-1.png\",\"width\":350,\"height\":95,\"caption\":\"TuzlaInfo.ba\"},\"image\":{\"@id\":\"https:\\\/\\\/tuzlainfo.ba\\\/#\\\/schema\\\/logo\\\/image\\\/\"},\"sameAs\":[\"https:\\\/\\\/www.facebook.com\\\/tuzlainfo.ba\\\/\"]},{\"@type\":\"Person\",\"@id\":\"https:\\\/\\\/tuzlainfo.ba\\\/#\\\/schema\\\/person\\\/46cad4c57790cbc50781edd14870825a\",\"name\":\"Tuzla Info\",\"image\":{\"@type\":\"ImageObject\",\"inLanguage\":\"bs-BA\",\"@id\":\"https:\\\/\\\/secure.gravatar.com\\\/avatar\\\/e980921b00fa2e552723a2386544734ce6885d2b2304ccca3f45186f9ca4031d?s=96&d=mm&r=g\",\"url\":\"https:\\\/\\\/secure.gravatar.com\\\/avatar\\\/e980921b00fa2e552723a2386544734ce6885d2b2304ccca3f45186f9ca4031d?s=96&d=mm&r=g\",\"contentUrl\":\"https:\\\/\\\/secure.gravatar.com\\\/avatar\\\/e980921b00fa2e552723a2386544734ce6885d2b2304ccca3f45186f9ca4031d?s=96&d=mm&r=g\",\"caption\":\"Tuzla Info\"}}]}<\/script>\n<!-- \/ Yoast SEO plugin. -->","yoast_head_json":{"title":"Troje bh. dr\u017eavljana od ukupno 11 evaukisano iz Afganistana","robots":{"index":"index","follow":"follow","max-snippet":"max-snippet:-1","max-image-preview":"max-image-preview:large","max-video-preview":"max-video-preview:-1"},"canonical":"https:\/\/tuzlainfo.ba\/index.php\/clanci\/sa-svih-strana\/item\/145113-troje-bh-drzavljana-od-ukupno-11-evaukisano-iz-afganistana\/","og_locale":"bs_BA","og_type":"article","og_title":"Troje bh. dr\u017eavljana od ukupno 11 evaukisano iz Afganistana","og_description":"Ministarstvo vanjskih poslova BiH i Ambasada BiH u Islamabadu zaprimili su informaciju da su tri od ukupno 11 bh. dr\u017eavljana, za koje je do kasno sino\u0107 utvr\u0111eno da se nalaze na teritoriji Afganistana, napustila Kabul dok traju diplomatski napori da se i ostali bh. gra\u0111ani evakuiraju iz kriznog regiona, pi\u0161e Fena. Prema informacijama Ambasade i [&hellip;]","og_url":"https:\/\/tuzlainfo.ba\/index.php\/clanci\/sa-svih-strana\/item\/145113-troje-bh-drzavljana-od-ukupno-11-evaukisano-iz-afganistana\/","og_site_name":"TuzlaInfo.ba","article_publisher":"https:\/\/www.facebook.com\/tuzlainfo.ba\/","article_published_time":"2021-08-17T11:52:37+00:00","og_image":[{"width":720,"height":461,"url":"https:\/\/tuzlainfo.ba\/wp-content\/uploads\/2021\/08\/1608_kabul_avion.jpg","type":"image\/jpeg"}],"author":"Tuzla Info","twitter_card":"summary_large_image","twitter_misc":{"Written by":"Tuzla Info","Est. reading time":"1 minuta"},"schema":{"@context":"https:\/\/schema.org","@graph":[{"@type":"Article","@id":"https:\/\/tuzlainfo.ba\/index.php\/clanci\/sa-svih-strana\/item\/145113-troje-bh-drzavljana-od-ukupno-11-evaukisano-iz-afganistana\/#article","isPartOf":{"@id":"https:\/\/tuzlainfo.ba\/index.php\/clanci\/sa-svih-strana\/item\/145113-troje-bh-drzavljana-od-ukupno-11-evaukisano-iz-afganistana\/"},"author":{"name":"Tuzla Info","@id":"https:\/\/tuzlainfo.ba\/#\/schema\/person\/46cad4c57790cbc50781edd14870825a"},"headline":"Troje bh. dr\u017eavljana od ukupno 11 evaukisano iz Afganistana","datePublished":"2021-08-17T11:52:37+00:00","mainEntityOfPage":{"@id":"https:\/\/tuzlainfo.ba\/index.php\/clanci\/sa-svih-strana\/item\/145113-troje-bh-drzavljana-od-ukupno-11-evaukisano-iz-afganistana\/"},"wordCount":150,"commentCount":0,"publisher":{"@id":"https:\/\/tuzlainfo.ba\/#organization"},"image":{"@id":"https:\/\/tuzlainfo.ba\/index.php\/clanci\/sa-svih-strana\/item\/145113-troje-bh-drzavljana-od-ukupno-11-evaukisano-iz-afganistana\/#primaryimage"},"thumbnailUrl":"https:\/\/tuzlainfo.ba\/wp-content\/uploads\/2021\/08\/1608_kabul_avion.jpg","keywords":["afganistan","bh dr\u017eavljani","kabul"],"articleSection":["Istaknuto","Sa svih strana"],"inLanguage":"bs-BA","copyrightYear":"2021","copyrightHolder":{"@id":"https:\/\/tuzlainfo.ba\/#organization"}},{"@type":"WebPage","@id":"https:\/\/tuzlainfo.ba\/index.php\/clanci\/sa-svih-strana\/item\/145113-troje-bh-drzavljana-od-ukupno-11-evaukisano-iz-afganistana\/","url":"https:\/\/tuzlainfo.ba\/index.php\/clanci\/sa-svih-strana\/item\/145113-troje-bh-drzavljana-od-ukupno-11-evaukisano-iz-afganistana\/","name":"Troje bh. dr\u017eavljana od ukupno 11 evaukisano iz Afganistana","isPartOf":{"@id":"https:\/\/tuzlainfo.ba\/#website"},"primaryImageOfPage":{"@id":"https:\/\/tuzlainfo.ba\/index.php\/clanci\/sa-svih-strana\/item\/145113-troje-bh-drzavljana-od-ukupno-11-evaukisano-iz-afganistana\/#primaryimage"},"image":{"@id":"https:\/\/tuzlainfo.ba\/index.php\/clanci\/sa-svih-strana\/item\/145113-troje-bh-drzavljana-od-ukupno-11-evaukisano-iz-afganistana\/#primaryimage"},"thumbnailUrl":"https:\/\/tuzlainfo.ba\/wp-content\/uploads\/2021\/08\/1608_kabul_avion.jpg","datePublished":"2021-08-17T11:52:37+00:00","breadcrumb":{"@id":"https:\/\/tuzlainfo.ba\/index.php\/clanci\/sa-svih-strana\/item\/145113-troje-bh-drzavljana-od-ukupno-11-evaukisano-iz-afganistana\/#breadcrumb"},"inLanguage":"bs-BA","potentialAction":[{"@type":"ReadAction","target":["https:\/\/tuzlainfo.ba\/index.php\/clanci\/sa-svih-strana\/item\/145113-troje-bh-drzavljana-od-ukupno-11-evaukisano-iz-afganistana\/"]}]},{"@type":"ImageObject","inLanguage":"bs-BA","@id":"https:\/\/tuzlainfo.ba\/index.php\/clanci\/sa-svih-strana\/item\/145113-troje-bh-drzavljana-od-ukupno-11-evaukisano-iz-afganistana\/#primaryimage","url":"https:\/\/tuzlainfo.ba\/wp-content\/uploads\/2021\/08\/1608_kabul_avion.jpg","contentUrl":"https:\/\/tuzlainfo.ba\/wp-content\/uploads\/2021\/08\/1608_kabul_avion.jpg","width":720,"height":461,"caption":"Foto: Ljudi na vanjskom dijelu aviona na aerodromu u Kabulu (Twitter)"},{"@type":"BreadcrumbList","@id":"https:\/\/tuzlainfo.ba\/index.php\/clanci\/sa-svih-strana\/item\/145113-troje-bh-drzavljana-od-ukupno-11-evaukisano-iz-afganistana\/#breadcrumb","itemListElement":[{"@type":"ListItem","position":1,"name":"Home","item":"https:\/\/tuzlainfo.ba\/"},{"@type":"ListItem","position":2,"name":"Troje bh. dr\u017eavljana od ukupno 11 evaukisano iz Afganistana"}]},{"@type":"WebSite","@id":"https:\/\/tuzlainfo.ba\/#website","url":"https:\/\/tuzlainfo.ba\/","name":"TuzlaInfo.ba","description":"Tuzla info, gradski informator - Tuzla na dlanu","publisher":{"@id":"https:\/\/tuzlainfo.ba\/#organization"},"potentialAction":[{"@type":"SearchAction","target":{"@type":"EntryPoint","urlTemplate":"https:\/\/tuzlainfo.ba\/?s={search_term_string}"},"query-input":{"@type":"PropertyValueSpecification","valueRequired":true,"valueName":"search_term_string"}}],"inLanguage":"bs-BA"},{"@type":"Organization","@id":"https:\/\/tuzlainfo.ba\/#organization","name":"TuzlaInfo.ba","url":"https:\/\/tuzlainfo.ba\/","logo":{"@type":"ImageObject","inLanguage":"bs-BA","@id":"https:\/\/tuzlainfo.ba\/#\/schema\/logo\/image\/","url":"https:\/\/tuzlainfo.ba\/wp-content\/uploads\/2021\/03\/logo-ver-3-1.png","contentUrl":"https:\/\/tuzlainfo.ba\/wp-content\/uploads\/2021\/03\/logo-ver-3-1.png","width":350,"height":95,"caption":"TuzlaInfo.ba"},"image":{"@id":"https:\/\/tuzlainfo.ba\/#\/schema\/logo\/image\/"},"sameAs":["https:\/\/www.facebook.com\/tuzlainfo.ba\/"]},{"@type":"Person","@id":"https:\/\/tuzlainfo.ba\/#\/schema\/person\/46cad4c57790cbc50781edd14870825a","name":"Tuzla Info","image":{"@type":"ImageObject","inLanguage":"bs-BA","@id":"https:\/\/secure.gravatar.com\/avatar\/e980921b00fa2e552723a2386544734ce6885d2b2304ccca3f45186f9ca4031d?s=96&d=mm&r=g","url":"https:\/\/secure.gravatar.com\/avatar\/e980921b00fa2e552723a2386544734ce6885d2b2304ccca3f45186f9ca4031d?s=96&d=mm&r=g","contentUrl":"https:\/\/secure.gravatar.com\/avatar\/e980921b00fa2e552723a2386544734ce6885d2b2304ccca3f45186f9ca4031d?s=96&d=mm&r=g","caption":"Tuzla Info"}}]}},"_links":{"self":[{"href":"https:\/\/tuzlainfo.ba\/index.php\/wp-json\/wp\/v2\/posts\/145113","targetHints":{"allow":["GET"]}}],"collection":[{"href":"https:\/\/tuzlainfo.ba\/index.php\/wp-json\/wp\/v2\/posts"}],"about":[{"href":"https:\/\/tuzlainfo.ba\/index.php\/wp-json\/wp\/v2\/types\/post"}],"author":[{"embeddable":true,"href":"https:\/\/tuzlainfo.ba\/index.php\/wp-json\/wp\/v2\/users\/4"}],"replies":[{"embeddable":true,"href":"https:\/\/tuzlainfo.ba\/index.php\/wp-json\/wp\/v2\/comments?post=145113"}],"version-history":[{"count":0,"href":"https:\/\/tuzlainfo.ba\/index.php\/wp-json\/wp\/v2\/posts\/145113\/revisions"}],"wp:featuredmedia":[{"embeddable":true,"href":"https:\/\/tuzlainfo.ba\/index.php\/wp-json\/wp\/v2\/media\/144996"}],"wp:attachment":[{"href":"https:\/\/tuzlainfo.ba\/index.php\/wp-json\/wp\/v2\/media?parent=145113"}],"wp:term":[{"taxonomy":"category","embeddable":true,"href":"https:\/\/tuzlainfo.ba\/index.php\/wp-json\/wp\/v2\/categories?post=145113"},{"taxonomy":"post_tag","embeddable":true,"href":"https:\/\/tuzlainfo.ba\/index.php\/wp-json\/wp\/v2\/tags?post=145113"}],"curies":[{"name":"wp","href":"https:\/\/api.w.org\/{rel}","templated":true}]}}