{"id":145068,"date":"2021-08-16T21:30:46","date_gmt":"2021-08-16T19:30:46","guid":{"rendered":"https:\/\/tuzlainfo.ba\/?p=145068"},"modified":"2021-08-17T08:57:31","modified_gmt":"2021-08-17T06:57:31","slug":"tuzlak-ceka-evakuaciju-iz-kabula-uveden-je-policijski-sat-ali-nema-histerije-i-straha","status":"publish","type":"post","link":"https:\/\/tuzlainfo.ba\/index.php\/clanci\/sa-svih-strana\/item\/145068-tuzlak-ceka-evakuaciju-iz-kabula-uveden-je-policijski-sat-ali-nema-histerije-i-straha\/","title":{"rendered":"Tuzlak \u010deka evakuaciju iz Kabula: Uveden je policijski sat, ali nema histerije i straha"},"content":{"rendered":"<p>Nermin Muj\u010dinovi\u0107 iz Tuzle ve\u0107 nekoliko godina radi u Afganistanu. Kao i brojni drugi strani dr\u017eavljani u ovoj zemlji nastoji osigurati odlazak iz ratom zahva\u0107enog Afganistana &#8211; pi\u0161e <a href=\"https:\/\/www.oslobodjenje.ba\/vijesti\/bih\/nermin-mujcinovic-bosanac-u-kabulu-ne-mozemo-se-tek-tako-pojaviti-na-aerodromu-682333\"><span style=\"color: #ff0000;\"><strong>Oslobo\u0111enje<\/strong><\/span><\/a>.<\/p>\n<p>&#8211; U kontaktu smo sa na\u0161om ambasadom u Pakistanu, sa ambasadorom Sakibom Fori\u0107em i od njega primamo sve informacije. Posljednja informacija je da \u0107e Pakistan dati podr\u0161ku u vezi sa izvla\u010denjem iz Afganistana za Islamabad. Osim toga, postoji i veza preko Hrvatske ambasade, tako da radimo na vi\u0161e pravaca. Prva opcija koja nam bude dostupna, mi \u0107emo je iskoristiti, kazao nam je Muj\u010dinovi\u0107.<\/p>\n<p>Trenutno se je u hotelu koji se nalazi na oko 200 metara od Me\u0111unarodnog aerodroma Hamid Karzai u Kabulu.<\/p>\n<p>&#8211; Ukoliko dobijemo informaciju da je obezbije\u0111en prevoz, pre\u0107i \u0107emo iz hotela u kojem se trenutno nalazimo, koji je dobro osiguran, do Aerodroma. Tu postoji posebna procedura. Ne mo\u017eemo se mi tek tako pojaviti na aerodromu, ispri\u010dao nam je Muj\u010dinovi\u0107.<\/p>\n<p>Aerodrom, ispri\u010dao nam je, dr\u017ee pod kontrolom ameri\u010dke vojne snage.<\/p>\n<p>&#8211; Ameri\u010dka vojska u potpunosti dr\u017ei vojni dio aerodroma, a od ju\u010der dr\u017ee kontrolu i nad civilnim dijelom aerodroma. Civilni dio ne radi, nego su samo uspjeli poma\u0107icivile, kojih je bilo nekoliko hiljada. Ti civili su se nalazili na aerodromu i zbog njih se nije mogao odvijati bilo kakav saobra\u0107aj. Uspjeli su ih poma\u0107i napolje, izvan civilnog dijela, ka\u017ee Nermin.<\/p>\n<p>Jedini transport, odnosno evakuaciju je mogu\u0107e obaviti preko vojnog dijela aerodroma.<\/p>\n<p>&#8211; Preko tog dijela se mo\u017ee oti\u0107i vani. Trenutno se izvla\u010de Britanci i Amerikanci. Mi se nadamo da \u0107emo se na\u0107i unutar tog rasporeda, odnosno da \u0107e u nekom od aviona biti obezbije\u0111eno i za nas, rekao nam je Muj\u010dinovi\u0107.<\/p>\n<p>U na\u0161oj zemlji su se po\u010dele pojavljivati razli\u010dite informacije o broju bh. dr\u017eavljana u Kabulu, koje su se kretale od \u010detvero, pa do 30. Nermin Ka\u017ee da on li\u010dno poznaje jo\u0161 sedam osoba.<\/p>\n<p>&#8211; Iskreno, mogu re\u0107i ono \u0161to nas je ovdje. U hotelu u kojem ja boravim nas je \u010detvero. U hotelu do nas su bile jo\u0161 \u010detiri osobe. Me\u0111utim, ne mogu ni\u0161ta precizno re\u0107i, jer su to osobe koje ja li\u010dno poznajem. Ne znam da li ima jo\u0161 na\u0161ih ljudi. Tu je i tre\u0107i hotel, jer je ovo kompleks koji se sastoji od tri hotela. Postoji mogu\u0107nost da je broj na\u0161ih ljudi i ve\u0107i. Tu su ljudi i iz drugih dr\u017eava na\u0161eg regiona. Ima troje ili \u010detvero iz Hrvatske, ima nekoliko ljudi iz Srbije, mislim da i sa Kosova ima nekoliko momaka. Svi zajedno radimo na tome da se poku\u0161amo kao tim izvu\u0107i iz Afganistana, rekao nam je Muj\u010dinovi\u0107.<\/p>\n<p>On nam je opisao i kakvo je trenutno stanje na ulicama Kabula.<\/p>\n<p>&#8211; Trenutno je u Kabulu, od jutros (ju\u010der ujutro op.a.)\u00a0u 9.00 sati objavljen policijski sat, tako da nikome nije dozvoljeno da se kre\u0107e po Kabulu. Tokom dana \u010duje se sporadi\u010dna pucnjava. Nije naro\u010dito aktivna, ali se svakih pet minuta mo\u017ee \u010duti poneki rafal u daljini. Prema informacijama koje mi dobijamo, jo\u0161 uvijek se rastjeruju ljudi koji se nalaze na aerodromu i poku\u0161avaju da usko\u010de na vojne letove koji se trenutno organizuju. Zbog toga se puca u zrak, kako bi se rastjerali ljudi koji se poku\u0161avaju probiti kroz ogradu, kako bi se ukrcali u neki od aviona koji lete za Britaniju, Ameriku ili Dubai.<\/p>\n<p>Kazao nam je kako je objekat u kojem se nalazi trenutno siguran.<\/p>\n<p>&#8211; Ovdje gdje smo mi situacija je smirena, sa jednim kontrolisanim pristupom informacijama. Na osnovu toga i odlu\u010dujemo kako \u0107emo postupati i \u0161ta \u0107emo raditi, tako da nema histerije, nema straha, ali svi smo osjetljivi na informacije koje primamo sa terena, ispri\u010dao nam je Nermin Muj\u010dinovi\u0107.<\/p>\n<p>Ina\u010de, ambasador BiH u Pakistanu Sakib Fori\u0107 do sada je potvrdio informaciju da se u Kabulu nalazi osam bh. dr\u017eavljana, te sa de \u010deka potvrda i za devetu osobu.<\/p>\n","protected":false},"excerpt":{"rendered":"<p>Nermin Muj\u010dinovi\u0107 iz Tuzle ve\u0107 nekoliko godina radi u Afganistanu. Kao i brojni drugi strani dr\u017eavljani u ovoj zemlji nastoji osigurati odlazak iz ratom zahva\u0107enog Afganistana &#8211; pi\u0161e Oslobo\u0111enje. &#8211; U kontaktu smo sa na\u0161om ambasadom u Pakistanu, sa ambasadorom Sakibom Fori\u0107em i od njega primamo sve informacije. Posljednja informacija je da \u0107e Pakistan dati [&hellip;]<\/p>\n","protected":false},"author":2,"featured_media":145069,"comment_status":"open","ping_status":"closed","sticky":false,"template":"","format":"standard","meta":{"footnotes":""},"categories":[304,306,16],"tags":[2220,2223],"class_list":["post-145068","post","type-post","status-publish","format-standard","has-post-thumbnail","hentry","category-istaknuto","category-preporucujemo","category-sa-svih-strana","tag-afganistan","tag-kabul"],"yoast_head":"<!-- This site is optimized with the Yoast SEO plugin v28.4 - https:\/\/yoast.com\/product\/yoast-seo-wordpress\/ -->\n<title>Tuzlak \u010deka evakuaciju iz Kabula: Uveden je policijski sat, ali nema histerije i straha<\/title>\n<meta name=\"robots\" content=\"index, follow, max-snippet:-1, max-image-preview:large, max-video-preview:-1\" \/>\n<link rel=\"canonical\" href=\"https:\/\/tuzlainfo.ba\/index.php\/clanci\/sa-svih-strana\/item\/145068-tuzlak-ceka-evakuaciju-iz-kabula-uveden-je-policijski-sat-ali-nema-histerije-i-straha\/\" \/>\n<meta property=\"og:locale\" content=\"bs_BA\" \/>\n<meta property=\"og:type\" content=\"article\" \/>\n<meta property=\"og:title\" content=\"Tuzlak \u010deka evakuaciju iz Kabula: Uveden je policijski sat, ali nema histerije i straha\" \/>\n<meta property=\"og:description\" content=\"Nermin Muj\u010dinovi\u0107 iz Tuzle ve\u0107 nekoliko godina radi u Afganistanu. Kao i brojni drugi strani dr\u017eavljani u ovoj zemlji nastoji osigurati odlazak iz ratom zahva\u0107enog Afganistana &#8211; pi\u0161e Oslobo\u0111enje. &#8211; U kontaktu smo sa na\u0161om ambasadom u Pakistanu, sa ambasadorom Sakibom Fori\u0107em i od njega primamo sve informacije. Posljednja informacija je da \u0107e Pakistan dati [&hellip;]\" \/>\n<meta property=\"og:url\" content=\"https:\/\/tuzlainfo.ba\/index.php\/clanci\/sa-svih-strana\/item\/145068-tuzlak-ceka-evakuaciju-iz-kabula-uveden-je-policijski-sat-ali-nema-histerije-i-straha\/\" \/>\n<meta property=\"og:site_name\" content=\"TuzlaInfo.ba\" \/>\n<meta property=\"article:publisher\" content=\"https:\/\/www.facebook.com\/tuzlainfo.ba\/\" \/>\n<meta property=\"article:published_time\" content=\"2021-08-16T19:30:46+00:00\" \/>\n<meta property=\"article:modified_time\" content=\"2021-08-17T06:57:31+00:00\" \/>\n<meta property=\"og:image\" content=\"https:\/\/tuzlainfo.ba\/wp-content\/uploads\/2021\/08\/1608_kabul_5.jpg\" \/>\n\t<meta property=\"og:image:width\" content=\"1200\" \/>\n\t<meta property=\"og:image:height\" content=\"791\" \/>\n\t<meta property=\"og:image:type\" content=\"image\/jpeg\" \/>\n<meta name=\"author\" content=\"nedim\" \/>\n<meta name=\"twitter:card\" content=\"summary_large_image\" \/>\n<meta name=\"twitter:label1\" content=\"Written by\" \/>\n\t<meta name=\"twitter:data1\" content=\"nedim\" \/>\n\t<meta name=\"twitter:label2\" content=\"Est. reading time\" \/>\n\t<meta name=\"twitter:data2\" content=\"3 minute\" \/>\n<script type=\"application\/ld+json\" class=\"yoast-schema-graph\">{\"@context\":\"https:\\\/\\\/schema.org\",\"@graph\":[{\"@type\":\"Article\",\"@id\":\"https:\\\/\\\/tuzlainfo.ba\\\/index.php\\\/clanci\\\/sa-svih-strana\\\/item\\\/145068-tuzlak-ceka-evakuaciju-iz-kabula-uveden-je-policijski-sat-ali-nema-histerije-i-straha\\\/#article\",\"isPartOf\":{\"@id\":\"https:\\\/\\\/tuzlainfo.ba\\\/index.php\\\/clanci\\\/sa-svih-strana\\\/item\\\/145068-tuzlak-ceka-evakuaciju-iz-kabula-uveden-je-policijski-sat-ali-nema-histerije-i-straha\\\/\"},\"author\":{\"name\":\"nedim\",\"@id\":\"https:\\\/\\\/tuzlainfo.ba\\\/#\\\/schema\\\/person\\\/f434e20dc27ea133923aab08451b7f7f\"},\"headline\":\"Tuzlak \u010deka evakuaciju iz Kabula: Uveden je policijski sat, ali nema histerije i straha\",\"datePublished\":\"2021-08-16T19:30:46+00:00\",\"dateModified\":\"2021-08-17T06:57:31+00:00\",\"mainEntityOfPage\":{\"@id\":\"https:\\\/\\\/tuzlainfo.ba\\\/index.php\\\/clanci\\\/sa-svih-strana\\\/item\\\/145068-tuzlak-ceka-evakuaciju-iz-kabula-uveden-je-policijski-sat-ali-nema-histerije-i-straha\\\/\"},\"wordCount\":707,\"commentCount\":0,\"publisher\":{\"@id\":\"https:\\\/\\\/tuzlainfo.ba\\\/#organization\"},\"image\":{\"@id\":\"https:\\\/\\\/tuzlainfo.ba\\\/index.php\\\/clanci\\\/sa-svih-strana\\\/item\\\/145068-tuzlak-ceka-evakuaciju-iz-kabula-uveden-je-policijski-sat-ali-nema-histerije-i-straha\\\/#primaryimage\"},\"thumbnailUrl\":\"https:\\\/\\\/tuzlainfo.ba\\\/wp-content\\\/uploads\\\/2021\\\/08\\\/1608_kabul_5.jpg\",\"keywords\":[\"afganistan\",\"kabul\"],\"articleSection\":[\"Istaknuto\",\"Preporu\u010dujemo\",\"Sa svih strana\"],\"inLanguage\":\"bs-BA\",\"copyrightYear\":\"2021\",\"copyrightHolder\":{\"@id\":\"https:\\\/\\\/tuzlainfo.ba\\\/#organization\"}},{\"@type\":\"WebPage\",\"@id\":\"https:\\\/\\\/tuzlainfo.ba\\\/index.php\\\/clanci\\\/sa-svih-strana\\\/item\\\/145068-tuzlak-ceka-evakuaciju-iz-kabula-uveden-je-policijski-sat-ali-nema-histerije-i-straha\\\/\",\"url\":\"https:\\\/\\\/tuzlainfo.ba\\\/index.php\\\/clanci\\\/sa-svih-strana\\\/item\\\/145068-tuzlak-ceka-evakuaciju-iz-kabula-uveden-je-policijski-sat-ali-nema-histerije-i-straha\\\/\",\"name\":\"Tuzlak \u010deka evakuaciju iz Kabula: Uveden je policijski sat, ali nema histerije i straha\",\"isPartOf\":{\"@id\":\"https:\\\/\\\/tuzlainfo.ba\\\/#website\"},\"primaryImageOfPage\":{\"@id\":\"https:\\\/\\\/tuzlainfo.ba\\\/index.php\\\/clanci\\\/sa-svih-strana\\\/item\\\/145068-tuzlak-ceka-evakuaciju-iz-kabula-uveden-je-policijski-sat-ali-nema-histerije-i-straha\\\/#primaryimage\"},\"image\":{\"@id\":\"https:\\\/\\\/tuzlainfo.ba\\\/index.php\\\/clanci\\\/sa-svih-strana\\\/item\\\/145068-tuzlak-ceka-evakuaciju-iz-kabula-uveden-je-policijski-sat-ali-nema-histerije-i-straha\\\/#primaryimage\"},\"thumbnailUrl\":\"https:\\\/\\\/tuzlainfo.ba\\\/wp-content\\\/uploads\\\/2021\\\/08\\\/1608_kabul_5.jpg\",\"datePublished\":\"2021-08-16T19:30:46+00:00\",\"dateModified\":\"2021-08-17T06:57:31+00:00\",\"breadcrumb\":{\"@id\":\"https:\\\/\\\/tuzlainfo.ba\\\/index.php\\\/clanci\\\/sa-svih-strana\\\/item\\\/145068-tuzlak-ceka-evakuaciju-iz-kabula-uveden-je-policijski-sat-ali-nema-histerije-i-straha\\\/#breadcrumb\"},\"inLanguage\":\"bs-BA\",\"potentialAction\":[{\"@type\":\"ReadAction\",\"target\":[\"https:\\\/\\\/tuzlainfo.ba\\\/index.php\\\/clanci\\\/sa-svih-strana\\\/item\\\/145068-tuzlak-ceka-evakuaciju-iz-kabula-uveden-je-policijski-sat-ali-nema-histerije-i-straha\\\/\"]}]},{\"@type\":\"ImageObject\",\"inLanguage\":\"bs-BA\",\"@id\":\"https:\\\/\\\/tuzlainfo.ba\\\/index.php\\\/clanci\\\/sa-svih-strana\\\/item\\\/145068-tuzlak-ceka-evakuaciju-iz-kabula-uveden-je-policijski-sat-ali-nema-histerije-i-straha\\\/#primaryimage\",\"url\":\"https:\\\/\\\/tuzlainfo.ba\\\/wp-content\\\/uploads\\\/2021\\\/08\\\/1608_kabul_5.jpg\",\"contentUrl\":\"https:\\\/\\\/tuzlainfo.ba\\\/wp-content\\\/uploads\\\/2021\\\/08\\\/1608_kabul_5.jpg\",\"width\":1200,\"height\":791,\"caption\":\"Foto: Twitter\\\/@Mingraph01\"},{\"@type\":\"BreadcrumbList\",\"@id\":\"https:\\\/\\\/tuzlainfo.ba\\\/index.php\\\/clanci\\\/sa-svih-strana\\\/item\\\/145068-tuzlak-ceka-evakuaciju-iz-kabula-uveden-je-policijski-sat-ali-nema-histerije-i-straha\\\/#breadcrumb\",\"itemListElement\":[{\"@type\":\"ListItem\",\"position\":1,\"name\":\"Home\",\"item\":\"https:\\\/\\\/tuzlainfo.ba\\\/\"},{\"@type\":\"ListItem\",\"position\":2,\"name\":\"Tuzlak \u010deka evakuaciju iz Kabula: Uveden je policijski sat, ali nema histerije i straha\"}]},{\"@type\":\"WebSite\",\"@id\":\"https:\\\/\\\/tuzlainfo.ba\\\/#website\",\"url\":\"https:\\\/\\\/tuzlainfo.ba\\\/\",\"name\":\"TuzlaInfo.ba\",\"description\":\"Tuzla info, gradski informator - Tuzla na dlanu\",\"publisher\":{\"@id\":\"https:\\\/\\\/tuzlainfo.ba\\\/#organization\"},\"potentialAction\":[{\"@type\":\"SearchAction\",\"target\":{\"@type\":\"EntryPoint\",\"urlTemplate\":\"https:\\\/\\\/tuzlainfo.ba\\\/?s={search_term_string}\"},\"query-input\":{\"@type\":\"PropertyValueSpecification\",\"valueRequired\":true,\"valueName\":\"search_term_string\"}}],\"inLanguage\":\"bs-BA\"},{\"@type\":\"Organization\",\"@id\":\"https:\\\/\\\/tuzlainfo.ba\\\/#organization\",\"name\":\"TuzlaInfo.ba\",\"url\":\"https:\\\/\\\/tuzlainfo.ba\\\/\",\"logo\":{\"@type\":\"ImageObject\",\"inLanguage\":\"bs-BA\",\"@id\":\"https:\\\/\\\/tuzlainfo.ba\\\/#\\\/schema\\\/logo\\\/image\\\/\",\"url\":\"https:\\\/\\\/tuzlainfo.ba\\\/wp-content\\\/uploads\\\/2021\\\/03\\\/logo-ver-3-1.png\",\"contentUrl\":\"https:\\\/\\\/tuzlainfo.ba\\\/wp-content\\\/uploads\\\/2021\\\/03\\\/logo-ver-3-1.png\",\"width\":350,\"height\":95,\"caption\":\"TuzlaInfo.ba\"},\"image\":{\"@id\":\"https:\\\/\\\/tuzlainfo.ba\\\/#\\\/schema\\\/logo\\\/image\\\/\"},\"sameAs\":[\"https:\\\/\\\/www.facebook.com\\\/tuzlainfo.ba\\\/\"]},{\"@type\":\"Person\",\"@id\":\"https:\\\/\\\/tuzlainfo.ba\\\/#\\\/schema\\\/person\\\/f434e20dc27ea133923aab08451b7f7f\",\"name\":\"nedim\",\"image\":{\"@type\":\"ImageObject\",\"inLanguage\":\"bs-BA\",\"@id\":\"https:\\\/\\\/secure.gravatar.com\\\/avatar\\\/5b928a2e7e70a54208d2eb6c1edcb75a5350d6ae97d5f0a701203d456823f6f3?s=96&d=mm&r=g\",\"url\":\"https:\\\/\\\/secure.gravatar.com\\\/avatar\\\/5b928a2e7e70a54208d2eb6c1edcb75a5350d6ae97d5f0a701203d456823f6f3?s=96&d=mm&r=g\",\"contentUrl\":\"https:\\\/\\\/secure.gravatar.com\\\/avatar\\\/5b928a2e7e70a54208d2eb6c1edcb75a5350d6ae97d5f0a701203d456823f6f3?s=96&d=mm&r=g\",\"caption\":\"nedim\"},\"description\":\"Tuzlainfo.ba pratite na dru\u0161tvenim mre\u017eama: Facebook, Instagram i Youtube. Svoje pri\u010de, upite i fotografije \u0161aljite na na\u0161u e-mail adresu.\"}]}<\/script>\n<!-- \/ Yoast SEO plugin. -->","yoast_head_json":{"title":"Tuzlak \u010deka evakuaciju iz Kabula: Uveden je policijski sat, ali nema histerije i straha","robots":{"index":"index","follow":"follow","max-snippet":"max-snippet:-1","max-image-preview":"max-image-preview:large","max-video-preview":"max-video-preview:-1"},"canonical":"https:\/\/tuzlainfo.ba\/index.php\/clanci\/sa-svih-strana\/item\/145068-tuzlak-ceka-evakuaciju-iz-kabula-uveden-je-policijski-sat-ali-nema-histerije-i-straha\/","og_locale":"bs_BA","og_type":"article","og_title":"Tuzlak \u010deka evakuaciju iz Kabula: Uveden je policijski sat, ali nema histerije i straha","og_description":"Nermin Muj\u010dinovi\u0107 iz Tuzle ve\u0107 nekoliko godina radi u Afganistanu. Kao i brojni drugi strani dr\u017eavljani u ovoj zemlji nastoji osigurati odlazak iz ratom zahva\u0107enog Afganistana &#8211; pi\u0161e Oslobo\u0111enje. &#8211; U kontaktu smo sa na\u0161om ambasadom u Pakistanu, sa ambasadorom Sakibom Fori\u0107em i od njega primamo sve informacije. Posljednja informacija je da \u0107e Pakistan dati [&hellip;]","og_url":"https:\/\/tuzlainfo.ba\/index.php\/clanci\/sa-svih-strana\/item\/145068-tuzlak-ceka-evakuaciju-iz-kabula-uveden-je-policijski-sat-ali-nema-histerije-i-straha\/","og_site_name":"TuzlaInfo.ba","article_publisher":"https:\/\/www.facebook.com\/tuzlainfo.ba\/","article_published_time":"2021-08-16T19:30:46+00:00","article_modified_time":"2021-08-17T06:57:31+00:00","og_image":[{"width":1200,"height":791,"url":"https:\/\/tuzlainfo.ba\/wp-content\/uploads\/2021\/08\/1608_kabul_5.jpg","type":"image\/jpeg"}],"author":"nedim","twitter_card":"summary_large_image","twitter_misc":{"Written by":"nedim","Est. reading time":"3 minute"},"schema":{"@context":"https:\/\/schema.org","@graph":[{"@type":"Article","@id":"https:\/\/tuzlainfo.ba\/index.php\/clanci\/sa-svih-strana\/item\/145068-tuzlak-ceka-evakuaciju-iz-kabula-uveden-je-policijski-sat-ali-nema-histerije-i-straha\/#article","isPartOf":{"@id":"https:\/\/tuzlainfo.ba\/index.php\/clanci\/sa-svih-strana\/item\/145068-tuzlak-ceka-evakuaciju-iz-kabula-uveden-je-policijski-sat-ali-nema-histerije-i-straha\/"},"author":{"name":"nedim","@id":"https:\/\/tuzlainfo.ba\/#\/schema\/person\/f434e20dc27ea133923aab08451b7f7f"},"headline":"Tuzlak \u010deka evakuaciju iz Kabula: Uveden je policijski sat, ali nema histerije i straha","datePublished":"2021-08-16T19:30:46+00:00","dateModified":"2021-08-17T06:57:31+00:00","mainEntityOfPage":{"@id":"https:\/\/tuzlainfo.ba\/index.php\/clanci\/sa-svih-strana\/item\/145068-tuzlak-ceka-evakuaciju-iz-kabula-uveden-je-policijski-sat-ali-nema-histerije-i-straha\/"},"wordCount":707,"commentCount":0,"publisher":{"@id":"https:\/\/tuzlainfo.ba\/#organization"},"image":{"@id":"https:\/\/tuzlainfo.ba\/index.php\/clanci\/sa-svih-strana\/item\/145068-tuzlak-ceka-evakuaciju-iz-kabula-uveden-je-policijski-sat-ali-nema-histerije-i-straha\/#primaryimage"},"thumbnailUrl":"https:\/\/tuzlainfo.ba\/wp-content\/uploads\/2021\/08\/1608_kabul_5.jpg","keywords":["afganistan","kabul"],"articleSection":["Istaknuto","Preporu\u010dujemo","Sa svih strana"],"inLanguage":"bs-BA","copyrightYear":"2021","copyrightHolder":{"@id":"https:\/\/tuzlainfo.ba\/#organization"}},{"@type":"WebPage","@id":"https:\/\/tuzlainfo.ba\/index.php\/clanci\/sa-svih-strana\/item\/145068-tuzlak-ceka-evakuaciju-iz-kabula-uveden-je-policijski-sat-ali-nema-histerije-i-straha\/","url":"https:\/\/tuzlainfo.ba\/index.php\/clanci\/sa-svih-strana\/item\/145068-tuzlak-ceka-evakuaciju-iz-kabula-uveden-je-policijski-sat-ali-nema-histerije-i-straha\/","name":"Tuzlak \u010deka evakuaciju iz Kabula: Uveden je policijski sat, ali nema histerije i straha","isPartOf":{"@id":"https:\/\/tuzlainfo.ba\/#website"},"primaryImageOfPage":{"@id":"https:\/\/tuzlainfo.ba\/index.php\/clanci\/sa-svih-strana\/item\/145068-tuzlak-ceka-evakuaciju-iz-kabula-uveden-je-policijski-sat-ali-nema-histerije-i-straha\/#primaryimage"},"image":{"@id":"https:\/\/tuzlainfo.ba\/index.php\/clanci\/sa-svih-strana\/item\/145068-tuzlak-ceka-evakuaciju-iz-kabula-uveden-je-policijski-sat-ali-nema-histerije-i-straha\/#primaryimage"},"thumbnailUrl":"https:\/\/tuzlainfo.ba\/wp-content\/uploads\/2021\/08\/1608_kabul_5.jpg","datePublished":"2021-08-16T19:30:46+00:00","dateModified":"2021-08-17T06:57:31+00:00","breadcrumb":{"@id":"https:\/\/tuzlainfo.ba\/index.php\/clanci\/sa-svih-strana\/item\/145068-tuzlak-ceka-evakuaciju-iz-kabula-uveden-je-policijski-sat-ali-nema-histerije-i-straha\/#breadcrumb"},"inLanguage":"bs-BA","potentialAction":[{"@type":"ReadAction","target":["https:\/\/tuzlainfo.ba\/index.php\/clanci\/sa-svih-strana\/item\/145068-tuzlak-ceka-evakuaciju-iz-kabula-uveden-je-policijski-sat-ali-nema-histerije-i-straha\/"]}]},{"@type":"ImageObject","inLanguage":"bs-BA","@id":"https:\/\/tuzlainfo.ba\/index.php\/clanci\/sa-svih-strana\/item\/145068-tuzlak-ceka-evakuaciju-iz-kabula-uveden-je-policijski-sat-ali-nema-histerije-i-straha\/#primaryimage","url":"https:\/\/tuzlainfo.ba\/wp-content\/uploads\/2021\/08\/1608_kabul_5.jpg","contentUrl":"https:\/\/tuzlainfo.ba\/wp-content\/uploads\/2021\/08\/1608_kabul_5.jpg","width":1200,"height":791,"caption":"Foto: Twitter\/@Mingraph01"},{"@type":"BreadcrumbList","@id":"https:\/\/tuzlainfo.ba\/index.php\/clanci\/sa-svih-strana\/item\/145068-tuzlak-ceka-evakuaciju-iz-kabula-uveden-je-policijski-sat-ali-nema-histerije-i-straha\/#breadcrumb","itemListElement":[{"@type":"ListItem","position":1,"name":"Home","item":"https:\/\/tuzlainfo.ba\/"},{"@type":"ListItem","position":2,"name":"Tuzlak \u010deka evakuaciju iz Kabula: Uveden je policijski sat, ali nema histerije i straha"}]},{"@type":"WebSite","@id":"https:\/\/tuzlainfo.ba\/#website","url":"https:\/\/tuzlainfo.ba\/","name":"TuzlaInfo.ba","description":"Tuzla info, gradski informator - Tuzla na dlanu","publisher":{"@id":"https:\/\/tuzlainfo.ba\/#organization"},"potentialAction":[{"@type":"SearchAction","target":{"@type":"EntryPoint","urlTemplate":"https:\/\/tuzlainfo.ba\/?s={search_term_string}"},"query-input":{"@type":"PropertyValueSpecification","valueRequired":true,"valueName":"search_term_string"}}],"inLanguage":"bs-BA"},{"@type":"Organization","@id":"https:\/\/tuzlainfo.ba\/#organization","name":"TuzlaInfo.ba","url":"https:\/\/tuzlainfo.ba\/","logo":{"@type":"ImageObject","inLanguage":"bs-BA","@id":"https:\/\/tuzlainfo.ba\/#\/schema\/logo\/image\/","url":"https:\/\/tuzlainfo.ba\/wp-content\/uploads\/2021\/03\/logo-ver-3-1.png","contentUrl":"https:\/\/tuzlainfo.ba\/wp-content\/uploads\/2021\/03\/logo-ver-3-1.png","width":350,"height":95,"caption":"TuzlaInfo.ba"},"image":{"@id":"https:\/\/tuzlainfo.ba\/#\/schema\/logo\/image\/"},"sameAs":["https:\/\/www.facebook.com\/tuzlainfo.ba\/"]},{"@type":"Person","@id":"https:\/\/tuzlainfo.ba\/#\/schema\/person\/f434e20dc27ea133923aab08451b7f7f","name":"nedim","image":{"@type":"ImageObject","inLanguage":"bs-BA","@id":"https:\/\/secure.gravatar.com\/avatar\/5b928a2e7e70a54208d2eb6c1edcb75a5350d6ae97d5f0a701203d456823f6f3?s=96&d=mm&r=g","url":"https:\/\/secure.gravatar.com\/avatar\/5b928a2e7e70a54208d2eb6c1edcb75a5350d6ae97d5f0a701203d456823f6f3?s=96&d=mm&r=g","contentUrl":"https:\/\/secure.gravatar.com\/avatar\/5b928a2e7e70a54208d2eb6c1edcb75a5350d6ae97d5f0a701203d456823f6f3?s=96&d=mm&r=g","caption":"nedim"},"description":"Tuzlainfo.ba pratite na dru\u0161tvenim mre\u017eama: Facebook, Instagram i Youtube. Svoje pri\u010de, upite i fotografije \u0161aljite na na\u0161u e-mail adresu."}]}},"_links":{"self":[{"href":"https:\/\/tuzlainfo.ba\/index.php\/wp-json\/wp\/v2\/posts\/145068","targetHints":{"allow":["GET"]}}],"collection":[{"href":"https:\/\/tuzlainfo.ba\/index.php\/wp-json\/wp\/v2\/posts"}],"about":[{"href":"https:\/\/tuzlainfo.ba\/index.php\/wp-json\/wp\/v2\/types\/post"}],"author":[{"embeddable":true,"href":"https:\/\/tuzlainfo.ba\/index.php\/wp-json\/wp\/v2\/users\/2"}],"replies":[{"embeddable":true,"href":"https:\/\/tuzlainfo.ba\/index.php\/wp-json\/wp\/v2\/comments?post=145068"}],"version-history":[{"count":0,"href":"https:\/\/tuzlainfo.ba\/index.php\/wp-json\/wp\/v2\/posts\/145068\/revisions"}],"wp:featuredmedia":[{"embeddable":true,"href":"https:\/\/tuzlainfo.ba\/index.php\/wp-json\/wp\/v2\/media\/145069"}],"wp:attachment":[{"href":"https:\/\/tuzlainfo.ba\/index.php\/wp-json\/wp\/v2\/media?parent=145068"}],"wp:term":[{"taxonomy":"category","embeddable":true,"href":"https:\/\/tuzlainfo.ba\/index.php\/wp-json\/wp\/v2\/categories?post=145068"},{"taxonomy":"post_tag","embeddable":true,"href":"https:\/\/tuzlainfo.ba\/index.php\/wp-json\/wp\/v2\/tags?post=145068"}],"curies":[{"name":"wp","href":"https:\/\/api.w.org\/{rel}","templated":true}]}}