{"id":144917,"date":"2021-08-15T15:14:03","date_gmt":"2021-08-15T13:14:03","guid":{"rendered":"https:\/\/tuzlainfo.ba\/?p=144917"},"modified":"2021-08-15T15:14:03","modified_gmt":"2021-08-15T13:14:03","slug":"konakovic-o-povorci-ponosa-forto-je-odluku-da-se-izdvoji-novac-iz-budzeta-donio-sam","status":"publish","type":"post","link":"https:\/\/tuzlainfo.ba\/index.php\/bosna-i-hercegovina\/item\/144917-konakovic-o-povorci-ponosa-forto-je-odluku-da-se-izdvoji-novac-iz-budzeta-donio-sam\/","title":{"rendered":"Konakovi\u0107 o &#8220;Povorci ponosa&#8221;: Forto je odluku da se izdvoji novac iz bud\u017eeta donio sam"},"content":{"rendered":"<p>Elmedin Konakovi\u0107, predsjendik stranke Narod i pravd oglasio se o ju\u010der odr\u017eanoj Povorci ponosa u Sarajevu.<\/p>\n<p>&#8220;Moj stav o povorci zna cijela dr\u017eava, a zna i cijela me\u0111unarodna zajednica. Rekao sam svoj stav javno i na sjednici PIC-a, ponovio ga za medije vi\u0161e puta. Protiv sam svake vrste diskriminacije i protiv sam promocije seksualnosti, protiv sam povorke&#8221;, naveo je Konakovi\u0107 na Facebooku.<\/p>\n<p>Kako je dodao, ove godine o tome nije raspravljao. Prema njegovoj tvrdnji, ta se \u0161utnja koristi za kreiranje razli\u010ditih spinova, zato je odlu\u010dio na napisati nekoliko \u010dinjenica.<\/p>\n<p>Rekao je kako je premijer Edin Forto odluku da se izdvoji novac iz bud\u017eeta donio sam, da ima na to zakonsko pravo, da o tome nije odlu\u010divala Vlada KS te da ima naravno i pravo na svoj stav.<\/p>\n<p>&#8220;Novac je izdvojen za dodatne sigurnosne kapacitete jer je rije\u010d o skupu visokog rizika. Politi\u010dke napade ne razumijem jer je i biv\u0161i premijer Nenadi\u0107 kojeg je birala SDA podr\u017eao povorku. Druga povorka zbog ograni\u010denja i zabrana okupljanja zbog Covid-a je odr\u017eana, nije se istina \u0161etalo, vozalo se. Za tu vo\u017enju Vlada KS i resorna ministarstva poduzeli su sve potrebne aktivnosti i doga\u0111aj osiguravali. Prije same povorke primili su organizatore premijer i ministar MUP-a sa saradnicima i dogovorili sve tehni\u010dke detalje. Stigli su naravno napadi i sa druge strane, o\u010dekivano kad je NiP u pitanju, svi nam imaju ne\u0161to re\u0107i&#8221;, naveo je Konakovi\u0107.<\/p>\n<p>Ako bude trebalo, kako je dodao, i o tome \u0107e razgovarati narednih dana. Istakao je da je veoma va\u017ena \u010dinjenica da je i ova povorka pro\u0161la bez ijednog incidenta. Na tome je \u010destitao svim pripadnicima MPU-a KS, FUP-a i drugih agencija.<\/p>\n","protected":false},"excerpt":{"rendered":"<p>Elmedin Konakovi\u0107, predsjendik stranke Narod i pravd oglasio se o ju\u010der odr\u017eanoj Povorci ponosa u&hellip;<\/p>\n","protected":false},"author":2,"featured_media":144918,"comment_status":"open","ping_status":"closed","sticky":false,"template":"","format":"standard","meta":{"_acf_changed":false,"footnotes":""},"categories":[291],"tags":[2218,1913],"acf":[],"yoast_head":"<!-- This site is optimized with the Yoast SEO plugin v23.5 - https:\/\/yoast.com\/wordpress\/plugins\/seo\/ -->\n<title>Konakovi\u0107 o &quot;Povorci ponosa&quot;: Forto je odluku da se izdvoji novac iz bud\u017eeta donio sam - TuzlaInfo.ba<\/title>\n<meta name=\"robots\" content=\"index, follow, max-snippet:-1, max-image-preview:large, max-video-preview:-1\" \/>\n<link rel=\"canonical\" href=\"https:\/\/tuzlainfo.ba\/index.php\/bosna-i-hercegovina\/item\/144917-konakovic-o-povorci-ponosa-forto-je-odluku-da-se-izdvoji-novac-iz-budzeta-donio-sam\/\" \/>\n<meta property=\"og:locale\" content=\"bs_BA\" \/>\n<meta property=\"og:type\" content=\"article\" \/>\n<meta property=\"og:title\" content=\"Konakovi\u0107 o &quot;Povorci ponosa&quot;: Forto je odluku da se izdvoji novac iz bud\u017eeta donio sam - TuzlaInfo.ba\" \/>\n<meta property=\"og:description\" content=\"Elmedin Konakovi\u0107, predsjendik stranke Narod i pravd oglasio se o ju\u010der odr\u017eanoj Povorci ponosa u&hellip;\" \/>\n<meta property=\"og:url\" content=\"https:\/\/tuzlainfo.ba\/index.php\/bosna-i-hercegovina\/item\/144917-konakovic-o-povorci-ponosa-forto-je-odluku-da-se-izdvoji-novac-iz-budzeta-donio-sam\/\" \/>\n<meta property=\"og:site_name\" content=\"TuzlaInfo.ba\" \/>\n<meta property=\"article:publisher\" content=\"https:\/\/www.facebook.com\/tuzlainfo.ba\/\" \/>\n<meta property=\"article:published_time\" content=\"2021-08-15T13:14:03+00:00\" \/>\n<meta property=\"og:image\" content=\"https:\/\/tuzlainfo.ba\/wp-content\/uploads\/2021\/08\/1508_dino_konakovic.jpg\" \/>\n\t<meta property=\"og:image:width\" content=\"900\" \/>\n\t<meta property=\"og:image:height\" content=\"577\" \/>\n\t<meta property=\"og:image:type\" content=\"image\/jpeg\" \/>\n<meta name=\"author\" content=\"nedim\" \/>\n<meta name=\"twitter:card\" content=\"summary_large_image\" \/>\n<meta name=\"twitter:label1\" content=\"Written by\" \/>\n\t<meta name=\"twitter:data1\" content=\"nedim\" \/>\n\t<meta name=\"twitter:label2\" content=\"Est. reading time\" \/>\n\t<meta name=\"twitter:data2\" content=\"1 minuta\" \/>\n<script type=\"application\/ld+json\" class=\"yoast-schema-graph\">{\"@context\":\"https:\/\/schema.org\",\"@graph\":[{\"@type\":\"Article\",\"@id\":\"https:\/\/tuzlainfo.ba\/index.php\/bosna-i-hercegovina\/item\/144917-konakovic-o-povorci-ponosa-forto-je-odluku-da-se-izdvoji-novac-iz-budzeta-donio-sam\/#article\",\"isPartOf\":{\"@id\":\"https:\/\/tuzlainfo.ba\/index.php\/bosna-i-hercegovina\/item\/144917-konakovic-o-povorci-ponosa-forto-je-odluku-da-se-izdvoji-novac-iz-budzeta-donio-sam\/\"},\"author\":{\"name\":\"nedim\",\"@id\":\"https:\/\/tuzlainfo.ba\/#\/schema\/person\/f434e20dc27ea133923aab08451b7f7f\"},\"headline\":\"Konakovi\u0107 o &#8220;Povorci ponosa&#8221;: Forto je odluku da se izdvoji novac iz bud\u017eeta donio sam\",\"datePublished\":\"2021-08-15T13:14:03+00:00\",\"dateModified\":\"2021-08-15T13:14:03+00:00\",\"mainEntityOfPage\":{\"@id\":\"https:\/\/tuzlainfo.ba\/index.php\/bosna-i-hercegovina\/item\/144917-konakovic-o-povorci-ponosa-forto-je-odluku-da-se-izdvoji-novac-iz-budzeta-donio-sam\/\"},\"wordCount\":308,\"commentCount\":0,\"publisher\":{\"@id\":\"https:\/\/tuzlainfo.ba\/#organization\"},\"image\":{\"@id\":\"https:\/\/tuzlainfo.ba\/index.php\/bosna-i-hercegovina\/item\/144917-konakovic-o-povorci-ponosa-forto-je-odluku-da-se-izdvoji-novac-iz-budzeta-donio-sam\/#primaryimage\"},\"thumbnailUrl\":\"https:\/\/tuzlainfo.ba\/wp-content\/uploads\/2021\/08\/1508_dino_konakovic.jpg\",\"keywords\":[\"dino konakovi\u0107\",\"povorka ponosa\"],\"articleSection\":[\"Bosna i Hercegovina\"],\"inLanguage\":\"bs-BA\"},{\"@type\":\"WebPage\",\"@id\":\"https:\/\/tuzlainfo.ba\/index.php\/bosna-i-hercegovina\/item\/144917-konakovic-o-povorci-ponosa-forto-je-odluku-da-se-izdvoji-novac-iz-budzeta-donio-sam\/\",\"url\":\"https:\/\/tuzlainfo.ba\/index.php\/bosna-i-hercegovina\/item\/144917-konakovic-o-povorci-ponosa-forto-je-odluku-da-se-izdvoji-novac-iz-budzeta-donio-sam\/\",\"name\":\"Konakovi\u0107 o \\\"Povorci ponosa\\\": Forto je odluku da se izdvoji novac iz bud\u017eeta donio sam - TuzlaInfo.ba\",\"isPartOf\":{\"@id\":\"https:\/\/tuzlainfo.ba\/#website\"},\"primaryImageOfPage\":{\"@id\":\"https:\/\/tuzlainfo.ba\/index.php\/bosna-i-hercegovina\/item\/144917-konakovic-o-povorci-ponosa-forto-je-odluku-da-se-izdvoji-novac-iz-budzeta-donio-sam\/#primaryimage\"},\"image\":{\"@id\":\"https:\/\/tuzlainfo.ba\/index.php\/bosna-i-hercegovina\/item\/144917-konakovic-o-povorci-ponosa-forto-je-odluku-da-se-izdvoji-novac-iz-budzeta-donio-sam\/#primaryimage\"},\"thumbnailUrl\":\"https:\/\/tuzlainfo.ba\/wp-content\/uploads\/2021\/08\/1508_dino_konakovic.jpg\",\"datePublished\":\"2021-08-15T13:14:03+00:00\",\"dateModified\":\"2021-08-15T13:14:03+00:00\",\"breadcrumb\":{\"@id\":\"https:\/\/tuzlainfo.ba\/index.php\/bosna-i-hercegovina\/item\/144917-konakovic-o-povorci-ponosa-forto-je-odluku-da-se-izdvoji-novac-iz-budzeta-donio-sam\/#breadcrumb\"},\"inLanguage\":\"bs-BA\",\"potentialAction\":[{\"@type\":\"ReadAction\",\"target\":[\"https:\/\/tuzlainfo.ba\/index.php\/bosna-i-hercegovina\/item\/144917-konakovic-o-povorci-ponosa-forto-je-odluku-da-se-izdvoji-novac-iz-budzeta-donio-sam\/\"]}]},{\"@type\":\"ImageObject\",\"inLanguage\":\"bs-BA\",\"@id\":\"https:\/\/tuzlainfo.ba\/index.php\/bosna-i-hercegovina\/item\/144917-konakovic-o-povorci-ponosa-forto-je-odluku-da-se-izdvoji-novac-iz-budzeta-donio-sam\/#primaryimage\",\"url\":\"https:\/\/tuzlainfo.ba\/wp-content\/uploads\/2021\/08\/1508_dino_konakovic.jpg\",\"contentUrl\":\"https:\/\/tuzlainfo.ba\/wp-content\/uploads\/2021\/08\/1508_dino_konakovic.jpg\",\"width\":900,\"height\":577},{\"@type\":\"BreadcrumbList\",\"@id\":\"https:\/\/tuzlainfo.ba\/index.php\/bosna-i-hercegovina\/item\/144917-konakovic-o-povorci-ponosa-forto-je-odluku-da-se-izdvoji-novac-iz-budzeta-donio-sam\/#breadcrumb\",\"itemListElement\":[{\"@type\":\"ListItem\",\"position\":1,\"name\":\"Home\",\"item\":\"https:\/\/tuzlainfo.ba\/\"},{\"@type\":\"ListItem\",\"position\":2,\"name\":\"Konakovi\u0107 o &#8220;Povorci ponosa&#8221;: Forto je odluku da se izdvoji novac iz bud\u017eeta donio sam\"}]},{\"@type\":\"WebSite\",\"@id\":\"https:\/\/tuzlainfo.ba\/#website\",\"url\":\"https:\/\/tuzlainfo.ba\/\",\"name\":\"TuzlaInfo.ba\",\"description\":\"Tuzla info, gradski informator - Tuzla na dlanu\",\"publisher\":{\"@id\":\"https:\/\/tuzlainfo.ba\/#organization\"},\"potentialAction\":[{\"@type\":\"SearchAction\",\"target\":{\"@type\":\"EntryPoint\",\"urlTemplate\":\"https:\/\/tuzlainfo.ba\/?s={search_term_string}\"},\"query-input\":{\"@type\":\"PropertyValueSpecification\",\"valueRequired\":true,\"valueName\":\"search_term_string\"}}],\"inLanguage\":\"bs-BA\"},{\"@type\":\"Organization\",\"@id\":\"https:\/\/tuzlainfo.ba\/#organization\",\"name\":\"TuzlaInfo.ba\",\"url\":\"https:\/\/tuzlainfo.ba\/\",\"logo\":{\"@type\":\"ImageObject\",\"inLanguage\":\"bs-BA\",\"@id\":\"https:\/\/tuzlainfo.ba\/#\/schema\/logo\/image\/\",\"url\":\"https:\/\/tuzlainfo.ba\/wp-content\/uploads\/2021\/03\/logo-ver-3-1.png\",\"contentUrl\":\"https:\/\/tuzlainfo.ba\/wp-content\/uploads\/2021\/03\/logo-ver-3-1.png\",\"width\":350,\"height\":95,\"caption\":\"TuzlaInfo.ba\"},\"image\":{\"@id\":\"https:\/\/tuzlainfo.ba\/#\/schema\/logo\/image\/\"},\"sameAs\":[\"https:\/\/www.facebook.com\/tuzlainfo.ba\/\"]},{\"@type\":\"Person\",\"@id\":\"https:\/\/tuzlainfo.ba\/#\/schema\/person\/f434e20dc27ea133923aab08451b7f7f\",\"name\":\"nedim\",\"image\":{\"@type\":\"ImageObject\",\"inLanguage\":\"bs-BA\",\"@id\":\"https:\/\/tuzlainfo.ba\/#\/schema\/person\/image\/\",\"url\":\"https:\/\/tuzlainfo.ba\/wp-content\/litespeed\/avatar\/aabad687af24844af817603ac1cbdc4f.jpg?ver=1777306975\",\"contentUrl\":\"https:\/\/tuzlainfo.ba\/wp-content\/litespeed\/avatar\/aabad687af24844af817603ac1cbdc4f.jpg?ver=1777306975\",\"caption\":\"nedim\"},\"description\":\"Tuzlainfo.ba pratite na dru\u0161tvenim mre\u017eama: Facebook, Instagram i Youtube. Svoje pri\u010de, upite i fotografije \u0161aljite na na\u0161u e-mail adresu.\"}]}<\/script>\n<!-- \/ Yoast SEO plugin. -->","yoast_head_json":{"title":"Konakovi\u0107 o \"Povorci ponosa\": Forto je odluku da se izdvoji novac iz bud\u017eeta donio sam - TuzlaInfo.ba","robots":{"index":"index","follow":"follow","max-snippet":"max-snippet:-1","max-image-preview":"max-image-preview:large","max-video-preview":"max-video-preview:-1"},"canonical":"https:\/\/tuzlainfo.ba\/index.php\/bosna-i-hercegovina\/item\/144917-konakovic-o-povorci-ponosa-forto-je-odluku-da-se-izdvoji-novac-iz-budzeta-donio-sam\/","og_locale":"bs_BA","og_type":"article","og_title":"Konakovi\u0107 o \"Povorci ponosa\": Forto je odluku da se izdvoji novac iz bud\u017eeta donio sam - TuzlaInfo.ba","og_description":"Elmedin Konakovi\u0107, predsjendik stranke Narod i pravd oglasio se o ju\u010der odr\u017eanoj Povorci ponosa u&hellip;","og_url":"https:\/\/tuzlainfo.ba\/index.php\/bosna-i-hercegovina\/item\/144917-konakovic-o-povorci-ponosa-forto-je-odluku-da-se-izdvoji-novac-iz-budzeta-donio-sam\/","og_site_name":"TuzlaInfo.ba","article_publisher":"https:\/\/www.facebook.com\/tuzlainfo.ba\/","article_published_time":"2021-08-15T13:14:03+00:00","og_image":[{"width":900,"height":577,"url":"https:\/\/tuzlainfo.ba\/wp-content\/uploads\/2021\/08\/1508_dino_konakovic.jpg","type":"image\/jpeg"}],"author":"nedim","twitter_card":"summary_large_image","twitter_misc":{"Written by":"nedim","Est. reading time":"1 minuta"},"schema":{"@context":"https:\/\/schema.org","@graph":[{"@type":"Article","@id":"https:\/\/tuzlainfo.ba\/index.php\/bosna-i-hercegovina\/item\/144917-konakovic-o-povorci-ponosa-forto-je-odluku-da-se-izdvoji-novac-iz-budzeta-donio-sam\/#article","isPartOf":{"@id":"https:\/\/tuzlainfo.ba\/index.php\/bosna-i-hercegovina\/item\/144917-konakovic-o-povorci-ponosa-forto-je-odluku-da-se-izdvoji-novac-iz-budzeta-donio-sam\/"},"author":{"name":"nedim","@id":"https:\/\/tuzlainfo.ba\/#\/schema\/person\/f434e20dc27ea133923aab08451b7f7f"},"headline":"Konakovi\u0107 o &#8220;Povorci ponosa&#8221;: Forto je odluku da se izdvoji novac iz bud\u017eeta donio sam","datePublished":"2021-08-15T13:14:03+00:00","dateModified":"2021-08-15T13:14:03+00:00","mainEntityOfPage":{"@id":"https:\/\/tuzlainfo.ba\/index.php\/bosna-i-hercegovina\/item\/144917-konakovic-o-povorci-ponosa-forto-je-odluku-da-se-izdvoji-novac-iz-budzeta-donio-sam\/"},"wordCount":308,"commentCount":0,"publisher":{"@id":"https:\/\/tuzlainfo.ba\/#organization"},"image":{"@id":"https:\/\/tuzlainfo.ba\/index.php\/bosna-i-hercegovina\/item\/144917-konakovic-o-povorci-ponosa-forto-je-odluku-da-se-izdvoji-novac-iz-budzeta-donio-sam\/#primaryimage"},"thumbnailUrl":"https:\/\/tuzlainfo.ba\/wp-content\/uploads\/2021\/08\/1508_dino_konakovic.jpg","keywords":["dino konakovi\u0107","povorka ponosa"],"articleSection":["Bosna i Hercegovina"],"inLanguage":"bs-BA"},{"@type":"WebPage","@id":"https:\/\/tuzlainfo.ba\/index.php\/bosna-i-hercegovina\/item\/144917-konakovic-o-povorci-ponosa-forto-je-odluku-da-se-izdvoji-novac-iz-budzeta-donio-sam\/","url":"https:\/\/tuzlainfo.ba\/index.php\/bosna-i-hercegovina\/item\/144917-konakovic-o-povorci-ponosa-forto-je-odluku-da-se-izdvoji-novac-iz-budzeta-donio-sam\/","name":"Konakovi\u0107 o \"Povorci ponosa\": Forto je odluku da se izdvoji novac iz bud\u017eeta donio sam - TuzlaInfo.ba","isPartOf":{"@id":"https:\/\/tuzlainfo.ba\/#website"},"primaryImageOfPage":{"@id":"https:\/\/tuzlainfo.ba\/index.php\/bosna-i-hercegovina\/item\/144917-konakovic-o-povorci-ponosa-forto-je-odluku-da-se-izdvoji-novac-iz-budzeta-donio-sam\/#primaryimage"},"image":{"@id":"https:\/\/tuzlainfo.ba\/index.php\/bosna-i-hercegovina\/item\/144917-konakovic-o-povorci-ponosa-forto-je-odluku-da-se-izdvoji-novac-iz-budzeta-donio-sam\/#primaryimage"},"thumbnailUrl":"https:\/\/tuzlainfo.ba\/wp-content\/uploads\/2021\/08\/1508_dino_konakovic.jpg","datePublished":"2021-08-15T13:14:03+00:00","dateModified":"2021-08-15T13:14:03+00:00","breadcrumb":{"@id":"https:\/\/tuzlainfo.ba\/index.php\/bosna-i-hercegovina\/item\/144917-konakovic-o-povorci-ponosa-forto-je-odluku-da-se-izdvoji-novac-iz-budzeta-donio-sam\/#breadcrumb"},"inLanguage":"bs-BA","potentialAction":[{"@type":"ReadAction","target":["https:\/\/tuzlainfo.ba\/index.php\/bosna-i-hercegovina\/item\/144917-konakovic-o-povorci-ponosa-forto-je-odluku-da-se-izdvoji-novac-iz-budzeta-donio-sam\/"]}]},{"@type":"ImageObject","inLanguage":"bs-BA","@id":"https:\/\/tuzlainfo.ba\/index.php\/bosna-i-hercegovina\/item\/144917-konakovic-o-povorci-ponosa-forto-je-odluku-da-se-izdvoji-novac-iz-budzeta-donio-sam\/#primaryimage","url":"https:\/\/tuzlainfo.ba\/wp-content\/uploads\/2021\/08\/1508_dino_konakovic.jpg","contentUrl":"https:\/\/tuzlainfo.ba\/wp-content\/uploads\/2021\/08\/1508_dino_konakovic.jpg","width":900,"height":577},{"@type":"BreadcrumbList","@id":"https:\/\/tuzlainfo.ba\/index.php\/bosna-i-hercegovina\/item\/144917-konakovic-o-povorci-ponosa-forto-je-odluku-da-se-izdvoji-novac-iz-budzeta-donio-sam\/#breadcrumb","itemListElement":[{"@type":"ListItem","position":1,"name":"Home","item":"https:\/\/tuzlainfo.ba\/"},{"@type":"ListItem","position":2,"name":"Konakovi\u0107 o &#8220;Povorci ponosa&#8221;: Forto je odluku da se izdvoji novac iz bud\u017eeta donio sam"}]},{"@type":"WebSite","@id":"https:\/\/tuzlainfo.ba\/#website","url":"https:\/\/tuzlainfo.ba\/","name":"TuzlaInfo.ba","description":"Tuzla info, gradski informator - Tuzla na dlanu","publisher":{"@id":"https:\/\/tuzlainfo.ba\/#organization"},"potentialAction":[{"@type":"SearchAction","target":{"@type":"EntryPoint","urlTemplate":"https:\/\/tuzlainfo.ba\/?s={search_term_string}"},"query-input":{"@type":"PropertyValueSpecification","valueRequired":true,"valueName":"search_term_string"}}],"inLanguage":"bs-BA"},{"@type":"Organization","@id":"https:\/\/tuzlainfo.ba\/#organization","name":"TuzlaInfo.ba","url":"https:\/\/tuzlainfo.ba\/","logo":{"@type":"ImageObject","inLanguage":"bs-BA","@id":"https:\/\/tuzlainfo.ba\/#\/schema\/logo\/image\/","url":"https:\/\/tuzlainfo.ba\/wp-content\/uploads\/2021\/03\/logo-ver-3-1.png","contentUrl":"https:\/\/tuzlainfo.ba\/wp-content\/uploads\/2021\/03\/logo-ver-3-1.png","width":350,"height":95,"caption":"TuzlaInfo.ba"},"image":{"@id":"https:\/\/tuzlainfo.ba\/#\/schema\/logo\/image\/"},"sameAs":["https:\/\/www.facebook.com\/tuzlainfo.ba\/"]},{"@type":"Person","@id":"https:\/\/tuzlainfo.ba\/#\/schema\/person\/f434e20dc27ea133923aab08451b7f7f","name":"nedim","image":{"@type":"ImageObject","inLanguage":"bs-BA","@id":"https:\/\/tuzlainfo.ba\/#\/schema\/person\/image\/","url":"https:\/\/tuzlainfo.ba\/wp-content\/litespeed\/avatar\/aabad687af24844af817603ac1cbdc4f.jpg?ver=1777306975","contentUrl":"https:\/\/tuzlainfo.ba\/wp-content\/litespeed\/avatar\/aabad687af24844af817603ac1cbdc4f.jpg?ver=1777306975","caption":"nedim"},"description":"Tuzlainfo.ba pratite na dru\u0161tvenim mre\u017eama: Facebook, Instagram i Youtube. Svoje pri\u010de, upite i fotografije \u0161aljite na na\u0161u e-mail adresu."}]}},"_links":{"self":[{"href":"https:\/\/tuzlainfo.ba\/index.php\/wp-json\/wp\/v2\/posts\/144917"}],"collection":[{"href":"https:\/\/tuzlainfo.ba\/index.php\/wp-json\/wp\/v2\/posts"}],"about":[{"href":"https:\/\/tuzlainfo.ba\/index.php\/wp-json\/wp\/v2\/types\/post"}],"author":[{"embeddable":true,"href":"https:\/\/tuzlainfo.ba\/index.php\/wp-json\/wp\/v2\/users\/2"}],"replies":[{"embeddable":true,"href":"https:\/\/tuzlainfo.ba\/index.php\/wp-json\/wp\/v2\/comments?post=144917"}],"version-history":[{"count":0,"href":"https:\/\/tuzlainfo.ba\/index.php\/wp-json\/wp\/v2\/posts\/144917\/revisions"}],"wp:featuredmedia":[{"embeddable":true,"href":"https:\/\/tuzlainfo.ba\/index.php\/wp-json\/wp\/v2\/media\/144918"}],"wp:attachment":[{"href":"https:\/\/tuzlainfo.ba\/index.php\/wp-json\/wp\/v2\/media?parent=144917"}],"wp:term":[{"taxonomy":"category","embeddable":true,"href":"https:\/\/tuzlainfo.ba\/index.php\/wp-json\/wp\/v2\/categories?post=144917"},{"taxonomy":"post_tag","embeddable":true,"href":"https:\/\/tuzlainfo.ba\/index.php\/wp-json\/wp\/v2\/tags?post=144917"}],"curies":[{"name":"wp","href":"https:\/\/api.w.org\/{rel}","templated":true}]}}