{"id":144871,"date":"2021-08-14T18:12:21","date_gmt":"2021-08-14T16:12:21","guid":{"rendered":"https:\/\/tuzlainfo.ba\/?p=144871"},"modified":"2021-08-14T18:12:21","modified_gmt":"2021-08-14T16:12:21","slug":"vucic-osudio-skandiranje-navijaca-partizana-noz-zica-srebrenica","status":"publish","type":"post","link":"https:\/\/tuzlainfo.ba\/index.php\/clanci\/sa-svih-strana\/item\/144871-vucic-osudio-skandiranje-navijaca-partizana-noz-zica-srebrenica\/","title":{"rendered":"Vu\u010di\u0107 osudio skandiranje navija\u010da Partizana &#8216;No\u017e, \u017eica, Srebrenica&#8217;"},"content":{"rendered":"<p>Predsjednik Srbije Aleksandar Vu\u010di\u0107 na dana\u0161njoj konferenciji za medije komentarisao je i nedavne navija\u010dke isapde na utakmici izme\u0111u Novog Pazara i Partizana, na kojoj su, izme\u0111u ostalog, gostuju\u0107e pristalice veli\u010dale zlo\u010dinca Ratka Mladi\u0107a i pjevale &#8220;No\u017e, \u017eica, Srebrenica&#8221;.<\/p>\n<p>Ipak, istakao je da je smije\u0161no i tragikomi\u010dno to \u0161to neko smatra da je on naredio da na istoj utakmici isti ljudi skandiraju Ratku Mladi\u0107u kao i da uzvikuju parole protiv njega, \u0161to je tako\u0111er bio slu\u010daj.<\/p>\n<p>&#8220;Vidio sam i \u0160uljagi\u0107a iz Srebrenice (Emir Suljagi\u0107, direktor Memorijalnog centra Srebrenica) koji je rekao da je Vu\u010di\u0107 naredio da vi\u010du Ratko Mladi\u0107 pa im je valjda naredio da vi\u010du i &#8216;Vu\u010di\u0107u pe..ru&#8221; na istoj utakmici&#8221;, rekao je Vu\u010di\u0107.<\/p>\n<p>Dodao je i da nema ni\u0161ta protiv ako neko skandira protiv njega, ali da ima ako vi\u010de &#8220;No\u017e, \u017eica, Srebrenica&#8221;.<\/p>\n<p>&#8220;Nemam ni\u0161ta protiv ako neko skandira protiv mene, ali imam protiv kad neko skandira &#8216;No\u017e, \u017eica, Srebrenica&#8217;. Kad skandiraju protiv mene, na to sam navikao, i to slu\u0161am od 2013. godine. \u010covjek se i na mnogo te\u017ee stvari navikne, ali imam protiv kada neko skandira \u017dutoj ku\u0107i ili Naseru Ori\u0107u&#8221;, dodao je Vu\u010di\u0107.<\/p>\n<p>Podsjetimo, nakon skandiranja Mladi\u0107u, navija\u010di Partizana su pjevali i &#8220;No\u017e, \u017eica Srebrenica&#8221;, zbog \u010dega Novi Pazar nije \u017eelio nastaviti me\u010d 4. kola Superlige Srbije dok gostuju\u0107i fanovi ne napuste stadion, \u0161to se i desilo poslije 38 minuta. Susret je zavr\u0161en pobjedom Partizana rezultatom 4:1.<\/p>\n<p>&nbsp;<\/p>\n<p>Tuzlainfo\/Klix.ba<\/p>\n","protected":false},"excerpt":{"rendered":"<p>Predsjednik Srbije Aleksandar Vu\u010di\u0107 na dana\u0161njoj konferenciji za medije komentarisao je i nedavne navija\u010dke isapde&hellip;<\/p>\n","protected":false},"author":4,"featured_media":138785,"comment_status":"open","ping_status":"closed","sticky":false,"template":"","format":"standard","meta":{"_acf_changed":false,"footnotes":""},"categories":[16],"tags":[638,2130,352],"acf":[],"yoast_head":"<!-- This site is optimized with the Yoast SEO plugin v23.5 - https:\/\/yoast.com\/wordpress\/plugins\/seo\/ -->\n<title>Vu\u010di\u0107 osudio skandiranje navija\u010da Partizana &#039;No\u017e, \u017eica, Srebrenica&#039; - TuzlaInfo.ba<\/title>\n<meta name=\"robots\" content=\"index, follow, max-snippet:-1, max-image-preview:large, max-video-preview:-1\" \/>\n<link rel=\"canonical\" href=\"https:\/\/tuzlainfo.ba\/index.php\/clanci\/sa-svih-strana\/item\/144871-vucic-osudio-skandiranje-navijaca-partizana-noz-zica-srebrenica\/\" \/>\n<meta property=\"og:locale\" content=\"bs_BA\" \/>\n<meta property=\"og:type\" content=\"article\" \/>\n<meta property=\"og:title\" content=\"Vu\u010di\u0107 osudio skandiranje navija\u010da Partizana &#039;No\u017e, \u017eica, Srebrenica&#039; - TuzlaInfo.ba\" \/>\n<meta property=\"og:description\" content=\"Predsjednik Srbije Aleksandar Vu\u010di\u0107 na dana\u0161njoj konferenciji za medije komentarisao je i nedavne navija\u010dke isapde&hellip;\" \/>\n<meta property=\"og:url\" content=\"https:\/\/tuzlainfo.ba\/index.php\/clanci\/sa-svih-strana\/item\/144871-vucic-osudio-skandiranje-navijaca-partizana-noz-zica-srebrenica\/\" \/>\n<meta property=\"og:site_name\" content=\"TuzlaInfo.ba\" \/>\n<meta property=\"article:publisher\" content=\"https:\/\/www.facebook.com\/tuzlainfo.ba\/\" \/>\n<meta property=\"article:published_time\" content=\"2021-08-14T16:12:21+00:00\" \/>\n<meta property=\"og:image\" content=\"https:\/\/tuzlainfo.ba\/wp-content\/uploads\/2021\/06\/0206_aleksandar_vucic-e1625557392184.jpg\" \/>\n\t<meta property=\"og:image:width\" content=\"800\" \/>\n\t<meta property=\"og:image:height\" content=\"533\" \/>\n\t<meta property=\"og:image:type\" content=\"image\/jpeg\" \/>\n<meta name=\"author\" content=\"Tuzla Info\" \/>\n<meta name=\"twitter:card\" content=\"summary_large_image\" \/>\n<meta name=\"twitter:label1\" content=\"Written by\" \/>\n\t<meta name=\"twitter:data1\" content=\"Tuzla Info\" \/>\n\t<meta name=\"twitter:label2\" content=\"Est. reading time\" \/>\n\t<meta name=\"twitter:data2\" content=\"1 minuta\" \/>\n<script type=\"application\/ld+json\" class=\"yoast-schema-graph\">{\"@context\":\"https:\/\/schema.org\",\"@graph\":[{\"@type\":\"Article\",\"@id\":\"https:\/\/tuzlainfo.ba\/index.php\/clanci\/sa-svih-strana\/item\/144871-vucic-osudio-skandiranje-navijaca-partizana-noz-zica-srebrenica\/#article\",\"isPartOf\":{\"@id\":\"https:\/\/tuzlainfo.ba\/index.php\/clanci\/sa-svih-strana\/item\/144871-vucic-osudio-skandiranje-navijaca-partizana-noz-zica-srebrenica\/\"},\"author\":{\"name\":\"Tuzla Info\",\"@id\":\"https:\/\/tuzlainfo.ba\/#\/schema\/person\/46cad4c57790cbc50781edd14870825a\"},\"headline\":\"Vu\u010di\u0107 osudio skandiranje navija\u010da Partizana &#8216;No\u017e, \u017eica, Srebrenica&#8217;\",\"datePublished\":\"2021-08-14T16:12:21+00:00\",\"dateModified\":\"2021-08-14T16:12:21+00:00\",\"mainEntityOfPage\":{\"@id\":\"https:\/\/tuzlainfo.ba\/index.php\/clanci\/sa-svih-strana\/item\/144871-vucic-osudio-skandiranje-navijaca-partizana-noz-zica-srebrenica\/\"},\"wordCount\":275,\"commentCount\":0,\"publisher\":{\"@id\":\"https:\/\/tuzlainfo.ba\/#organization\"},\"image\":{\"@id\":\"https:\/\/tuzlainfo.ba\/index.php\/clanci\/sa-svih-strana\/item\/144871-vucic-osudio-skandiranje-navijaca-partizana-noz-zica-srebrenica\/#primaryimage\"},\"thumbnailUrl\":\"https:\/\/tuzlainfo.ba\/wp-content\/uploads\/2021\/06\/0206_aleksandar_vucic-e1625557392184.jpg\",\"keywords\":[\"aleksandar vu\u010di\u0107\",\"partizan\",\"srebrenica\"],\"articleSection\":[\"Sa svih strana\"],\"inLanguage\":\"bs-BA\"},{\"@type\":\"WebPage\",\"@id\":\"https:\/\/tuzlainfo.ba\/index.php\/clanci\/sa-svih-strana\/item\/144871-vucic-osudio-skandiranje-navijaca-partizana-noz-zica-srebrenica\/\",\"url\":\"https:\/\/tuzlainfo.ba\/index.php\/clanci\/sa-svih-strana\/item\/144871-vucic-osudio-skandiranje-navijaca-partizana-noz-zica-srebrenica\/\",\"name\":\"Vu\u010di\u0107 osudio skandiranje navija\u010da Partizana 'No\u017e, \u017eica, Srebrenica' - TuzlaInfo.ba\",\"isPartOf\":{\"@id\":\"https:\/\/tuzlainfo.ba\/#website\"},\"primaryImageOfPage\":{\"@id\":\"https:\/\/tuzlainfo.ba\/index.php\/clanci\/sa-svih-strana\/item\/144871-vucic-osudio-skandiranje-navijaca-partizana-noz-zica-srebrenica\/#primaryimage\"},\"image\":{\"@id\":\"https:\/\/tuzlainfo.ba\/index.php\/clanci\/sa-svih-strana\/item\/144871-vucic-osudio-skandiranje-navijaca-partizana-noz-zica-srebrenica\/#primaryimage\"},\"thumbnailUrl\":\"https:\/\/tuzlainfo.ba\/wp-content\/uploads\/2021\/06\/0206_aleksandar_vucic-e1625557392184.jpg\",\"datePublished\":\"2021-08-14T16:12:21+00:00\",\"dateModified\":\"2021-08-14T16:12:21+00:00\",\"breadcrumb\":{\"@id\":\"https:\/\/tuzlainfo.ba\/index.php\/clanci\/sa-svih-strana\/item\/144871-vucic-osudio-skandiranje-navijaca-partizana-noz-zica-srebrenica\/#breadcrumb\"},\"inLanguage\":\"bs-BA\",\"potentialAction\":[{\"@type\":\"ReadAction\",\"target\":[\"https:\/\/tuzlainfo.ba\/index.php\/clanci\/sa-svih-strana\/item\/144871-vucic-osudio-skandiranje-navijaca-partizana-noz-zica-srebrenica\/\"]}]},{\"@type\":\"ImageObject\",\"inLanguage\":\"bs-BA\",\"@id\":\"https:\/\/tuzlainfo.ba\/index.php\/clanci\/sa-svih-strana\/item\/144871-vucic-osudio-skandiranje-navijaca-partizana-noz-zica-srebrenica\/#primaryimage\",\"url\":\"https:\/\/tuzlainfo.ba\/wp-content\/uploads\/2021\/06\/0206_aleksandar_vucic-e1625557392184.jpg\",\"contentUrl\":\"https:\/\/tuzlainfo.ba\/wp-content\/uploads\/2021\/06\/0206_aleksandar_vucic-e1625557392184.jpg\",\"width\":800,\"height\":533},{\"@type\":\"BreadcrumbList\",\"@id\":\"https:\/\/tuzlainfo.ba\/index.php\/clanci\/sa-svih-strana\/item\/144871-vucic-osudio-skandiranje-navijaca-partizana-noz-zica-srebrenica\/#breadcrumb\",\"itemListElement\":[{\"@type\":\"ListItem\",\"position\":1,\"name\":\"Home\",\"item\":\"https:\/\/tuzlainfo.ba\/\"},{\"@type\":\"ListItem\",\"position\":2,\"name\":\"Vu\u010di\u0107 osudio skandiranje navija\u010da Partizana &#8216;No\u017e, \u017eica, Srebrenica&#8217;\"}]},{\"@type\":\"WebSite\",\"@id\":\"https:\/\/tuzlainfo.ba\/#website\",\"url\":\"https:\/\/tuzlainfo.ba\/\",\"name\":\"TuzlaInfo.ba\",\"description\":\"Tuzla info, gradski informator - Tuzla na dlanu\",\"publisher\":{\"@id\":\"https:\/\/tuzlainfo.ba\/#organization\"},\"potentialAction\":[{\"@type\":\"SearchAction\",\"target\":{\"@type\":\"EntryPoint\",\"urlTemplate\":\"https:\/\/tuzlainfo.ba\/?s={search_term_string}\"},\"query-input\":{\"@type\":\"PropertyValueSpecification\",\"valueRequired\":true,\"valueName\":\"search_term_string\"}}],\"inLanguage\":\"bs-BA\"},{\"@type\":\"Organization\",\"@id\":\"https:\/\/tuzlainfo.ba\/#organization\",\"name\":\"TuzlaInfo.ba\",\"url\":\"https:\/\/tuzlainfo.ba\/\",\"logo\":{\"@type\":\"ImageObject\",\"inLanguage\":\"bs-BA\",\"@id\":\"https:\/\/tuzlainfo.ba\/#\/schema\/logo\/image\/\",\"url\":\"https:\/\/tuzlainfo.ba\/wp-content\/uploads\/2021\/03\/logo-ver-3-1.png\",\"contentUrl\":\"https:\/\/tuzlainfo.ba\/wp-content\/uploads\/2021\/03\/logo-ver-3-1.png\",\"width\":350,\"height\":95,\"caption\":\"TuzlaInfo.ba\"},\"image\":{\"@id\":\"https:\/\/tuzlainfo.ba\/#\/schema\/logo\/image\/\"},\"sameAs\":[\"https:\/\/www.facebook.com\/tuzlainfo.ba\/\"]},{\"@type\":\"Person\",\"@id\":\"https:\/\/tuzlainfo.ba\/#\/schema\/person\/46cad4c57790cbc50781edd14870825a\",\"name\":\"Tuzla Info\",\"image\":{\"@type\":\"ImageObject\",\"inLanguage\":\"bs-BA\",\"@id\":\"https:\/\/tuzlainfo.ba\/#\/schema\/person\/image\/\",\"url\":\"https:\/\/tuzlainfo.ba\/wp-content\/litespeed\/avatar\/b6c453a6c38e3654f2e4416c643fc25c.jpg?ver=1777051911\",\"contentUrl\":\"https:\/\/tuzlainfo.ba\/wp-content\/litespeed\/avatar\/b6c453a6c38e3654f2e4416c643fc25c.jpg?ver=1777051911\",\"caption\":\"Tuzla Info\"}}]}<\/script>\n<!-- \/ Yoast SEO plugin. -->","yoast_head_json":{"title":"Vu\u010di\u0107 osudio skandiranje navija\u010da Partizana 'No\u017e, \u017eica, Srebrenica' - TuzlaInfo.ba","robots":{"index":"index","follow":"follow","max-snippet":"max-snippet:-1","max-image-preview":"max-image-preview:large","max-video-preview":"max-video-preview:-1"},"canonical":"https:\/\/tuzlainfo.ba\/index.php\/clanci\/sa-svih-strana\/item\/144871-vucic-osudio-skandiranje-navijaca-partizana-noz-zica-srebrenica\/","og_locale":"bs_BA","og_type":"article","og_title":"Vu\u010di\u0107 osudio skandiranje navija\u010da Partizana 'No\u017e, \u017eica, Srebrenica' - TuzlaInfo.ba","og_description":"Predsjednik Srbije Aleksandar Vu\u010di\u0107 na dana\u0161njoj konferenciji za medije komentarisao je i nedavne navija\u010dke isapde&hellip;","og_url":"https:\/\/tuzlainfo.ba\/index.php\/clanci\/sa-svih-strana\/item\/144871-vucic-osudio-skandiranje-navijaca-partizana-noz-zica-srebrenica\/","og_site_name":"TuzlaInfo.ba","article_publisher":"https:\/\/www.facebook.com\/tuzlainfo.ba\/","article_published_time":"2021-08-14T16:12:21+00:00","og_image":[{"width":800,"height":533,"url":"https:\/\/tuzlainfo.ba\/wp-content\/uploads\/2021\/06\/0206_aleksandar_vucic-e1625557392184.jpg","type":"image\/jpeg"}],"author":"Tuzla Info","twitter_card":"summary_large_image","twitter_misc":{"Written by":"Tuzla Info","Est. reading time":"1 minuta"},"schema":{"@context":"https:\/\/schema.org","@graph":[{"@type":"Article","@id":"https:\/\/tuzlainfo.ba\/index.php\/clanci\/sa-svih-strana\/item\/144871-vucic-osudio-skandiranje-navijaca-partizana-noz-zica-srebrenica\/#article","isPartOf":{"@id":"https:\/\/tuzlainfo.ba\/index.php\/clanci\/sa-svih-strana\/item\/144871-vucic-osudio-skandiranje-navijaca-partizana-noz-zica-srebrenica\/"},"author":{"name":"Tuzla Info","@id":"https:\/\/tuzlainfo.ba\/#\/schema\/person\/46cad4c57790cbc50781edd14870825a"},"headline":"Vu\u010di\u0107 osudio skandiranje navija\u010da Partizana &#8216;No\u017e, \u017eica, Srebrenica&#8217;","datePublished":"2021-08-14T16:12:21+00:00","dateModified":"2021-08-14T16:12:21+00:00","mainEntityOfPage":{"@id":"https:\/\/tuzlainfo.ba\/index.php\/clanci\/sa-svih-strana\/item\/144871-vucic-osudio-skandiranje-navijaca-partizana-noz-zica-srebrenica\/"},"wordCount":275,"commentCount":0,"publisher":{"@id":"https:\/\/tuzlainfo.ba\/#organization"},"image":{"@id":"https:\/\/tuzlainfo.ba\/index.php\/clanci\/sa-svih-strana\/item\/144871-vucic-osudio-skandiranje-navijaca-partizana-noz-zica-srebrenica\/#primaryimage"},"thumbnailUrl":"https:\/\/tuzlainfo.ba\/wp-content\/uploads\/2021\/06\/0206_aleksandar_vucic-e1625557392184.jpg","keywords":["aleksandar vu\u010di\u0107","partizan","srebrenica"],"articleSection":["Sa svih strana"],"inLanguage":"bs-BA"},{"@type":"WebPage","@id":"https:\/\/tuzlainfo.ba\/index.php\/clanci\/sa-svih-strana\/item\/144871-vucic-osudio-skandiranje-navijaca-partizana-noz-zica-srebrenica\/","url":"https:\/\/tuzlainfo.ba\/index.php\/clanci\/sa-svih-strana\/item\/144871-vucic-osudio-skandiranje-navijaca-partizana-noz-zica-srebrenica\/","name":"Vu\u010di\u0107 osudio skandiranje navija\u010da Partizana 'No\u017e, \u017eica, Srebrenica' - TuzlaInfo.ba","isPartOf":{"@id":"https:\/\/tuzlainfo.ba\/#website"},"primaryImageOfPage":{"@id":"https:\/\/tuzlainfo.ba\/index.php\/clanci\/sa-svih-strana\/item\/144871-vucic-osudio-skandiranje-navijaca-partizana-noz-zica-srebrenica\/#primaryimage"},"image":{"@id":"https:\/\/tuzlainfo.ba\/index.php\/clanci\/sa-svih-strana\/item\/144871-vucic-osudio-skandiranje-navijaca-partizana-noz-zica-srebrenica\/#primaryimage"},"thumbnailUrl":"https:\/\/tuzlainfo.ba\/wp-content\/uploads\/2021\/06\/0206_aleksandar_vucic-e1625557392184.jpg","datePublished":"2021-08-14T16:12:21+00:00","dateModified":"2021-08-14T16:12:21+00:00","breadcrumb":{"@id":"https:\/\/tuzlainfo.ba\/index.php\/clanci\/sa-svih-strana\/item\/144871-vucic-osudio-skandiranje-navijaca-partizana-noz-zica-srebrenica\/#breadcrumb"},"inLanguage":"bs-BA","potentialAction":[{"@type":"ReadAction","target":["https:\/\/tuzlainfo.ba\/index.php\/clanci\/sa-svih-strana\/item\/144871-vucic-osudio-skandiranje-navijaca-partizana-noz-zica-srebrenica\/"]}]},{"@type":"ImageObject","inLanguage":"bs-BA","@id":"https:\/\/tuzlainfo.ba\/index.php\/clanci\/sa-svih-strana\/item\/144871-vucic-osudio-skandiranje-navijaca-partizana-noz-zica-srebrenica\/#primaryimage","url":"https:\/\/tuzlainfo.ba\/wp-content\/uploads\/2021\/06\/0206_aleksandar_vucic-e1625557392184.jpg","contentUrl":"https:\/\/tuzlainfo.ba\/wp-content\/uploads\/2021\/06\/0206_aleksandar_vucic-e1625557392184.jpg","width":800,"height":533},{"@type":"BreadcrumbList","@id":"https:\/\/tuzlainfo.ba\/index.php\/clanci\/sa-svih-strana\/item\/144871-vucic-osudio-skandiranje-navijaca-partizana-noz-zica-srebrenica\/#breadcrumb","itemListElement":[{"@type":"ListItem","position":1,"name":"Home","item":"https:\/\/tuzlainfo.ba\/"},{"@type":"ListItem","position":2,"name":"Vu\u010di\u0107 osudio skandiranje navija\u010da Partizana &#8216;No\u017e, \u017eica, Srebrenica&#8217;"}]},{"@type":"WebSite","@id":"https:\/\/tuzlainfo.ba\/#website","url":"https:\/\/tuzlainfo.ba\/","name":"TuzlaInfo.ba","description":"Tuzla info, gradski informator - Tuzla na dlanu","publisher":{"@id":"https:\/\/tuzlainfo.ba\/#organization"},"potentialAction":[{"@type":"SearchAction","target":{"@type":"EntryPoint","urlTemplate":"https:\/\/tuzlainfo.ba\/?s={search_term_string}"},"query-input":{"@type":"PropertyValueSpecification","valueRequired":true,"valueName":"search_term_string"}}],"inLanguage":"bs-BA"},{"@type":"Organization","@id":"https:\/\/tuzlainfo.ba\/#organization","name":"TuzlaInfo.ba","url":"https:\/\/tuzlainfo.ba\/","logo":{"@type":"ImageObject","inLanguage":"bs-BA","@id":"https:\/\/tuzlainfo.ba\/#\/schema\/logo\/image\/","url":"https:\/\/tuzlainfo.ba\/wp-content\/uploads\/2021\/03\/logo-ver-3-1.png","contentUrl":"https:\/\/tuzlainfo.ba\/wp-content\/uploads\/2021\/03\/logo-ver-3-1.png","width":350,"height":95,"caption":"TuzlaInfo.ba"},"image":{"@id":"https:\/\/tuzlainfo.ba\/#\/schema\/logo\/image\/"},"sameAs":["https:\/\/www.facebook.com\/tuzlainfo.ba\/"]},{"@type":"Person","@id":"https:\/\/tuzlainfo.ba\/#\/schema\/person\/46cad4c57790cbc50781edd14870825a","name":"Tuzla Info","image":{"@type":"ImageObject","inLanguage":"bs-BA","@id":"https:\/\/tuzlainfo.ba\/#\/schema\/person\/image\/","url":"https:\/\/tuzlainfo.ba\/wp-content\/litespeed\/avatar\/b6c453a6c38e3654f2e4416c643fc25c.jpg?ver=1777051911","contentUrl":"https:\/\/tuzlainfo.ba\/wp-content\/litespeed\/avatar\/b6c453a6c38e3654f2e4416c643fc25c.jpg?ver=1777051911","caption":"Tuzla Info"}}]}},"_links":{"self":[{"href":"https:\/\/tuzlainfo.ba\/index.php\/wp-json\/wp\/v2\/posts\/144871"}],"collection":[{"href":"https:\/\/tuzlainfo.ba\/index.php\/wp-json\/wp\/v2\/posts"}],"about":[{"href":"https:\/\/tuzlainfo.ba\/index.php\/wp-json\/wp\/v2\/types\/post"}],"author":[{"embeddable":true,"href":"https:\/\/tuzlainfo.ba\/index.php\/wp-json\/wp\/v2\/users\/4"}],"replies":[{"embeddable":true,"href":"https:\/\/tuzlainfo.ba\/index.php\/wp-json\/wp\/v2\/comments?post=144871"}],"version-history":[{"count":0,"href":"https:\/\/tuzlainfo.ba\/index.php\/wp-json\/wp\/v2\/posts\/144871\/revisions"}],"wp:featuredmedia":[{"embeddable":true,"href":"https:\/\/tuzlainfo.ba\/index.php\/wp-json\/wp\/v2\/media\/138785"}],"wp:attachment":[{"href":"https:\/\/tuzlainfo.ba\/index.php\/wp-json\/wp\/v2\/media?parent=144871"}],"wp:term":[{"taxonomy":"category","embeddable":true,"href":"https:\/\/tuzlainfo.ba\/index.php\/wp-json\/wp\/v2\/categories?post=144871"},{"taxonomy":"post_tag","embeddable":true,"href":"https:\/\/tuzlainfo.ba\/index.php\/wp-json\/wp\/v2\/tags?post=144871"}],"curies":[{"name":"wp","href":"https:\/\/api.w.org\/{rel}","templated":true}]}}