{"id":144778,"date":"2021-08-13T12:53:50","date_gmt":"2021-08-13T10:53:50","guid":{"rendered":"https:\/\/tuzlainfo.ba\/?p=144778"},"modified":"2021-08-13T12:53:50","modified_gmt":"2021-08-13T10:53:50","slug":"eufor-odgovorio-komsicu-ne-posjedujemo-opremu-za-gasenje-pozara-iz-zraka","status":"publish","type":"post","link":"https:\/\/tuzlainfo.ba\/index.php\/bosna-i-hercegovina\/item\/144778-eufor-odgovorio-komsicu-ne-posjedujemo-opremu-za-gasenje-pozara-iz-zraka\/","title":{"rendered":"EUFOR odgovorio Kom\u0161i\u0107u: Ne posjedujemo opremu za ga\u0161enje po\u017eara iz zraka"},"content":{"rendered":"<div id=\"excerpt\" class=\"mt-5 md:mt-2 xl:mt-3 mb-5 font-sans font-semibold text-lg lg:text-xl leading-6 md:leading-7\">\n<p class=\"lead\">Nakon \u0161to je predsjedavaju\u0107i Predsjedni\u0161tva Bosne i Hercegovine \u017deljko Kom\u0161i\u0107 (DF) zatra\u017eio od EUFOR-a da pomogne u ga\u0161enju \u0161umskih po\u017eara iz zraka, iz EUFOR-a su odgovorili da ne posjeduju opremu za tu vrstu ga\u0161enje po\u017eara.<\/p>\n<\/div>\n<div id=\"text\" class=\"break-words mt-3 prose prose-md prose-indigo text-lg lg:text-xl space-y-4 mb-3 leading-6 md:leading-7\">Potvrdili su da su primili pismo kojim je zatra\u017een anga\u017eman njihovih zra\u010dnih snaga za ga\u0161enje po\u017eara te su naglasili da nemaju opremu za tu svrhu.&#8221;Uzimaju\u0107i u obzir mandat prema va\u017ee\u0107oj Rezoluciji 2549 Vije\u0107a sigurnosti Ujedinjenih nacija (UN), glavni zadatak EUFOR-a je odr\u017eavanje sigurnog i stabilnog okru\u017eenja. U skladu s tim mandatom, EUFOR ne posjeduje posebnu opremu za ga\u0161enje \u0161umskih po\u017eara iz zraka&#8221;, obrazlo\u017eili su.<\/p>\n<p>Kako su naglasili, spremni su da pru\u017ee podr\u0161ku protivpo\u017earnim slu\u017ebama tako \u0161to bi obavili izvi\u0111anje terena iz zraka, kako bi se utvrdile lokacije po\u017eara i usmjeravale aktivnosti vatrogasaca na terenu, ako je to potrebno.<\/p>\n<p>Podsje\u0107amo, Kom\u0161i\u0107 je zatra\u017eio njihovu reakciju, jer \u010dlan Predsjedni\u0161tva iz Republike Srpske Milorad Dodik (SNSD) odbija da se na telefonskoj sjednici izjasni o tome da li se mo\u017ee anga\u017eovati helikopter Oru\u017eanih snaga Bosne i Hercegovine.<\/p>\n<p>Ustrojstvo je takvo da se za obi\u010dan anga\u017eman helikoptera Oru\u017eanih snaga mora pitati Predsjedni\u0161tvo. Zakazuje se uglavnom vanredna telefonska sjednica i \u010deka se pristanak sva tri \u010dlana da bi helikopter poletio u pomo\u0107, prenosi Klix.<\/p>\n<\/div>\n","protected":false},"excerpt":{"rendered":"<p>Nakon \u0161to je predsjedavaju\u0107i Predsjedni\u0161tva Bosne i Hercegovine \u017deljko Kom\u0161i\u0107 (DF) zatra\u017eio od EUFOR-a da&hellip;<\/p>\n","protected":false},"author":4,"featured_media":144779,"comment_status":"open","ping_status":"closed","sticky":false,"template":"","format":"standard","meta":{"_acf_changed":false,"footnotes":""},"categories":[291],"tags":[2202,2122,863],"acf":[],"yoast_head":"<!-- This site is optimized with the Yoast SEO plugin v23.5 - https:\/\/yoast.com\/wordpress\/plugins\/seo\/ -->\n<title>EUFOR odgovorio Kom\u0161i\u0107u: Ne posjedujemo opremu za ga\u0161enje po\u017eara iz zraka - TuzlaInfo.ba<\/title>\n<meta name=\"robots\" content=\"index, follow, max-snippet:-1, max-image-preview:large, max-video-preview:-1\" \/>\n<link rel=\"canonical\" href=\"https:\/\/tuzlainfo.ba\/index.php\/bosna-i-hercegovina\/item\/144778-eufor-odgovorio-komsicu-ne-posjedujemo-opremu-za-gasenje-pozara-iz-zraka\/\" \/>\n<meta property=\"og:locale\" content=\"bs_BA\" \/>\n<meta property=\"og:type\" content=\"article\" \/>\n<meta property=\"og:title\" content=\"EUFOR odgovorio Kom\u0161i\u0107u: Ne posjedujemo opremu za ga\u0161enje po\u017eara iz zraka - TuzlaInfo.ba\" \/>\n<meta property=\"og:description\" content=\"Nakon \u0161to je predsjedavaju\u0107i Predsjedni\u0161tva Bosne i Hercegovine \u017deljko Kom\u0161i\u0107 (DF) zatra\u017eio od EUFOR-a da&hellip;\" \/>\n<meta property=\"og:url\" content=\"https:\/\/tuzlainfo.ba\/index.php\/bosna-i-hercegovina\/item\/144778-eufor-odgovorio-komsicu-ne-posjedujemo-opremu-za-gasenje-pozara-iz-zraka\/\" \/>\n<meta property=\"og:site_name\" content=\"TuzlaInfo.ba\" \/>\n<meta property=\"article:publisher\" content=\"https:\/\/www.facebook.com\/tuzlainfo.ba\/\" \/>\n<meta property=\"article:published_time\" content=\"2021-08-13T10:53:50+00:00\" \/>\n<meta property=\"og:image\" content=\"https:\/\/tuzlainfo.ba\/wp-content\/uploads\/2021\/08\/1308_eufor-helicopter.jpg\" \/>\n\t<meta property=\"og:image:width\" content=\"960\" \/>\n\t<meta property=\"og:image:height\" content=\"640\" \/>\n\t<meta property=\"og:image:type\" content=\"image\/jpeg\" \/>\n<meta name=\"author\" content=\"Tuzla Info\" \/>\n<meta name=\"twitter:card\" content=\"summary_large_image\" \/>\n<meta name=\"twitter:label1\" content=\"Written by\" \/>\n\t<meta name=\"twitter:data1\" content=\"Tuzla Info\" \/>\n\t<meta name=\"twitter:label2\" content=\"Est. reading time\" \/>\n\t<meta name=\"twitter:data2\" content=\"1 minuta\" \/>\n<script type=\"application\/ld+json\" class=\"yoast-schema-graph\">{\"@context\":\"https:\/\/schema.org\",\"@graph\":[{\"@type\":\"Article\",\"@id\":\"https:\/\/tuzlainfo.ba\/index.php\/bosna-i-hercegovina\/item\/144778-eufor-odgovorio-komsicu-ne-posjedujemo-opremu-za-gasenje-pozara-iz-zraka\/#article\",\"isPartOf\":{\"@id\":\"https:\/\/tuzlainfo.ba\/index.php\/bosna-i-hercegovina\/item\/144778-eufor-odgovorio-komsicu-ne-posjedujemo-opremu-za-gasenje-pozara-iz-zraka\/\"},\"author\":{\"name\":\"Tuzla Info\",\"@id\":\"https:\/\/tuzlainfo.ba\/#\/schema\/person\/46cad4c57790cbc50781edd14870825a\"},\"headline\":\"EUFOR odgovorio Kom\u0161i\u0107u: Ne posjedujemo opremu za ga\u0161enje po\u017eara iz zraka\",\"datePublished\":\"2021-08-13T10:53:50+00:00\",\"dateModified\":\"2021-08-13T10:53:50+00:00\",\"mainEntityOfPage\":{\"@id\":\"https:\/\/tuzlainfo.ba\/index.php\/bosna-i-hercegovina\/item\/144778-eufor-odgovorio-komsicu-ne-posjedujemo-opremu-za-gasenje-pozara-iz-zraka\/\"},\"wordCount\":257,\"commentCount\":0,\"publisher\":{\"@id\":\"https:\/\/tuzlainfo.ba\/#organization\"},\"image\":{\"@id\":\"https:\/\/tuzlainfo.ba\/index.php\/bosna-i-hercegovina\/item\/144778-eufor-odgovorio-komsicu-ne-posjedujemo-opremu-za-gasenje-pozara-iz-zraka\/#primaryimage\"},\"thumbnailUrl\":\"https:\/\/tuzlainfo.ba\/wp-content\/uploads\/2021\/08\/1308_eufor-helicopter.jpg\",\"keywords\":[\"eufor\",\"po\u017eari\",\"\u017eeljko kom\u0161i\u0107\"],\"articleSection\":[\"Bosna i Hercegovina\"],\"inLanguage\":\"bs-BA\"},{\"@type\":\"WebPage\",\"@id\":\"https:\/\/tuzlainfo.ba\/index.php\/bosna-i-hercegovina\/item\/144778-eufor-odgovorio-komsicu-ne-posjedujemo-opremu-za-gasenje-pozara-iz-zraka\/\",\"url\":\"https:\/\/tuzlainfo.ba\/index.php\/bosna-i-hercegovina\/item\/144778-eufor-odgovorio-komsicu-ne-posjedujemo-opremu-za-gasenje-pozara-iz-zraka\/\",\"name\":\"EUFOR odgovorio Kom\u0161i\u0107u: Ne posjedujemo opremu za ga\u0161enje po\u017eara iz zraka - TuzlaInfo.ba\",\"isPartOf\":{\"@id\":\"https:\/\/tuzlainfo.ba\/#website\"},\"primaryImageOfPage\":{\"@id\":\"https:\/\/tuzlainfo.ba\/index.php\/bosna-i-hercegovina\/item\/144778-eufor-odgovorio-komsicu-ne-posjedujemo-opremu-za-gasenje-pozara-iz-zraka\/#primaryimage\"},\"image\":{\"@id\":\"https:\/\/tuzlainfo.ba\/index.php\/bosna-i-hercegovina\/item\/144778-eufor-odgovorio-komsicu-ne-posjedujemo-opremu-za-gasenje-pozara-iz-zraka\/#primaryimage\"},\"thumbnailUrl\":\"https:\/\/tuzlainfo.ba\/wp-content\/uploads\/2021\/08\/1308_eufor-helicopter.jpg\",\"datePublished\":\"2021-08-13T10:53:50+00:00\",\"dateModified\":\"2021-08-13T10:53:50+00:00\",\"breadcrumb\":{\"@id\":\"https:\/\/tuzlainfo.ba\/index.php\/bosna-i-hercegovina\/item\/144778-eufor-odgovorio-komsicu-ne-posjedujemo-opremu-za-gasenje-pozara-iz-zraka\/#breadcrumb\"},\"inLanguage\":\"bs-BA\",\"potentialAction\":[{\"@type\":\"ReadAction\",\"target\":[\"https:\/\/tuzlainfo.ba\/index.php\/bosna-i-hercegovina\/item\/144778-eufor-odgovorio-komsicu-ne-posjedujemo-opremu-za-gasenje-pozara-iz-zraka\/\"]}]},{\"@type\":\"ImageObject\",\"inLanguage\":\"bs-BA\",\"@id\":\"https:\/\/tuzlainfo.ba\/index.php\/bosna-i-hercegovina\/item\/144778-eufor-odgovorio-komsicu-ne-posjedujemo-opremu-za-gasenje-pozara-iz-zraka\/#primaryimage\",\"url\":\"https:\/\/tuzlainfo.ba\/wp-content\/uploads\/2021\/08\/1308_eufor-helicopter.jpg\",\"contentUrl\":\"https:\/\/tuzlainfo.ba\/wp-content\/uploads\/2021\/08\/1308_eufor-helicopter.jpg\",\"width\":960,\"height\":640},{\"@type\":\"BreadcrumbList\",\"@id\":\"https:\/\/tuzlainfo.ba\/index.php\/bosna-i-hercegovina\/item\/144778-eufor-odgovorio-komsicu-ne-posjedujemo-opremu-za-gasenje-pozara-iz-zraka\/#breadcrumb\",\"itemListElement\":[{\"@type\":\"ListItem\",\"position\":1,\"name\":\"Home\",\"item\":\"https:\/\/tuzlainfo.ba\/\"},{\"@type\":\"ListItem\",\"position\":2,\"name\":\"EUFOR odgovorio Kom\u0161i\u0107u: Ne posjedujemo opremu za ga\u0161enje po\u017eara iz zraka\"}]},{\"@type\":\"WebSite\",\"@id\":\"https:\/\/tuzlainfo.ba\/#website\",\"url\":\"https:\/\/tuzlainfo.ba\/\",\"name\":\"TuzlaInfo.ba\",\"description\":\"Tuzla info, gradski informator - Tuzla na dlanu\",\"publisher\":{\"@id\":\"https:\/\/tuzlainfo.ba\/#organization\"},\"potentialAction\":[{\"@type\":\"SearchAction\",\"target\":{\"@type\":\"EntryPoint\",\"urlTemplate\":\"https:\/\/tuzlainfo.ba\/?s={search_term_string}\"},\"query-input\":{\"@type\":\"PropertyValueSpecification\",\"valueRequired\":true,\"valueName\":\"search_term_string\"}}],\"inLanguage\":\"bs-BA\"},{\"@type\":\"Organization\",\"@id\":\"https:\/\/tuzlainfo.ba\/#organization\",\"name\":\"TuzlaInfo.ba\",\"url\":\"https:\/\/tuzlainfo.ba\/\",\"logo\":{\"@type\":\"ImageObject\",\"inLanguage\":\"bs-BA\",\"@id\":\"https:\/\/tuzlainfo.ba\/#\/schema\/logo\/image\/\",\"url\":\"https:\/\/tuzlainfo.ba\/wp-content\/uploads\/2021\/03\/logo-ver-3-1.png\",\"contentUrl\":\"https:\/\/tuzlainfo.ba\/wp-content\/uploads\/2021\/03\/logo-ver-3-1.png\",\"width\":350,\"height\":95,\"caption\":\"TuzlaInfo.ba\"},\"image\":{\"@id\":\"https:\/\/tuzlainfo.ba\/#\/schema\/logo\/image\/\"},\"sameAs\":[\"https:\/\/www.facebook.com\/tuzlainfo.ba\/\"]},{\"@type\":\"Person\",\"@id\":\"https:\/\/tuzlainfo.ba\/#\/schema\/person\/46cad4c57790cbc50781edd14870825a\",\"name\":\"Tuzla Info\",\"image\":{\"@type\":\"ImageObject\",\"inLanguage\":\"bs-BA\",\"@id\":\"https:\/\/tuzlainfo.ba\/#\/schema\/person\/image\/\",\"url\":\"https:\/\/tuzlainfo.ba\/wp-content\/litespeed\/avatar\/b6c453a6c38e3654f2e4416c643fc25c.jpg?ver=1777051911\",\"contentUrl\":\"https:\/\/tuzlainfo.ba\/wp-content\/litespeed\/avatar\/b6c453a6c38e3654f2e4416c643fc25c.jpg?ver=1777051911\",\"caption\":\"Tuzla Info\"}}]}<\/script>\n<!-- \/ Yoast SEO plugin. -->","yoast_head_json":{"title":"EUFOR odgovorio Kom\u0161i\u0107u: Ne posjedujemo opremu za ga\u0161enje po\u017eara iz zraka - TuzlaInfo.ba","robots":{"index":"index","follow":"follow","max-snippet":"max-snippet:-1","max-image-preview":"max-image-preview:large","max-video-preview":"max-video-preview:-1"},"canonical":"https:\/\/tuzlainfo.ba\/index.php\/bosna-i-hercegovina\/item\/144778-eufor-odgovorio-komsicu-ne-posjedujemo-opremu-za-gasenje-pozara-iz-zraka\/","og_locale":"bs_BA","og_type":"article","og_title":"EUFOR odgovorio Kom\u0161i\u0107u: Ne posjedujemo opremu za ga\u0161enje po\u017eara iz zraka - TuzlaInfo.ba","og_description":"Nakon \u0161to je predsjedavaju\u0107i Predsjedni\u0161tva Bosne i Hercegovine \u017deljko Kom\u0161i\u0107 (DF) zatra\u017eio od EUFOR-a da&hellip;","og_url":"https:\/\/tuzlainfo.ba\/index.php\/bosna-i-hercegovina\/item\/144778-eufor-odgovorio-komsicu-ne-posjedujemo-opremu-za-gasenje-pozara-iz-zraka\/","og_site_name":"TuzlaInfo.ba","article_publisher":"https:\/\/www.facebook.com\/tuzlainfo.ba\/","article_published_time":"2021-08-13T10:53:50+00:00","og_image":[{"width":960,"height":640,"url":"https:\/\/tuzlainfo.ba\/wp-content\/uploads\/2021\/08\/1308_eufor-helicopter.jpg","type":"image\/jpeg"}],"author":"Tuzla Info","twitter_card":"summary_large_image","twitter_misc":{"Written by":"Tuzla Info","Est. reading time":"1 minuta"},"schema":{"@context":"https:\/\/schema.org","@graph":[{"@type":"Article","@id":"https:\/\/tuzlainfo.ba\/index.php\/bosna-i-hercegovina\/item\/144778-eufor-odgovorio-komsicu-ne-posjedujemo-opremu-za-gasenje-pozara-iz-zraka\/#article","isPartOf":{"@id":"https:\/\/tuzlainfo.ba\/index.php\/bosna-i-hercegovina\/item\/144778-eufor-odgovorio-komsicu-ne-posjedujemo-opremu-za-gasenje-pozara-iz-zraka\/"},"author":{"name":"Tuzla Info","@id":"https:\/\/tuzlainfo.ba\/#\/schema\/person\/46cad4c57790cbc50781edd14870825a"},"headline":"EUFOR odgovorio Kom\u0161i\u0107u: Ne posjedujemo opremu za ga\u0161enje po\u017eara iz zraka","datePublished":"2021-08-13T10:53:50+00:00","dateModified":"2021-08-13T10:53:50+00:00","mainEntityOfPage":{"@id":"https:\/\/tuzlainfo.ba\/index.php\/bosna-i-hercegovina\/item\/144778-eufor-odgovorio-komsicu-ne-posjedujemo-opremu-za-gasenje-pozara-iz-zraka\/"},"wordCount":257,"commentCount":0,"publisher":{"@id":"https:\/\/tuzlainfo.ba\/#organization"},"image":{"@id":"https:\/\/tuzlainfo.ba\/index.php\/bosna-i-hercegovina\/item\/144778-eufor-odgovorio-komsicu-ne-posjedujemo-opremu-za-gasenje-pozara-iz-zraka\/#primaryimage"},"thumbnailUrl":"https:\/\/tuzlainfo.ba\/wp-content\/uploads\/2021\/08\/1308_eufor-helicopter.jpg","keywords":["eufor","po\u017eari","\u017eeljko kom\u0161i\u0107"],"articleSection":["Bosna i Hercegovina"],"inLanguage":"bs-BA"},{"@type":"WebPage","@id":"https:\/\/tuzlainfo.ba\/index.php\/bosna-i-hercegovina\/item\/144778-eufor-odgovorio-komsicu-ne-posjedujemo-opremu-za-gasenje-pozara-iz-zraka\/","url":"https:\/\/tuzlainfo.ba\/index.php\/bosna-i-hercegovina\/item\/144778-eufor-odgovorio-komsicu-ne-posjedujemo-opremu-za-gasenje-pozara-iz-zraka\/","name":"EUFOR odgovorio Kom\u0161i\u0107u: Ne posjedujemo opremu za ga\u0161enje po\u017eara iz zraka - TuzlaInfo.ba","isPartOf":{"@id":"https:\/\/tuzlainfo.ba\/#website"},"primaryImageOfPage":{"@id":"https:\/\/tuzlainfo.ba\/index.php\/bosna-i-hercegovina\/item\/144778-eufor-odgovorio-komsicu-ne-posjedujemo-opremu-za-gasenje-pozara-iz-zraka\/#primaryimage"},"image":{"@id":"https:\/\/tuzlainfo.ba\/index.php\/bosna-i-hercegovina\/item\/144778-eufor-odgovorio-komsicu-ne-posjedujemo-opremu-za-gasenje-pozara-iz-zraka\/#primaryimage"},"thumbnailUrl":"https:\/\/tuzlainfo.ba\/wp-content\/uploads\/2021\/08\/1308_eufor-helicopter.jpg","datePublished":"2021-08-13T10:53:50+00:00","dateModified":"2021-08-13T10:53:50+00:00","breadcrumb":{"@id":"https:\/\/tuzlainfo.ba\/index.php\/bosna-i-hercegovina\/item\/144778-eufor-odgovorio-komsicu-ne-posjedujemo-opremu-za-gasenje-pozara-iz-zraka\/#breadcrumb"},"inLanguage":"bs-BA","potentialAction":[{"@type":"ReadAction","target":["https:\/\/tuzlainfo.ba\/index.php\/bosna-i-hercegovina\/item\/144778-eufor-odgovorio-komsicu-ne-posjedujemo-opremu-za-gasenje-pozara-iz-zraka\/"]}]},{"@type":"ImageObject","inLanguage":"bs-BA","@id":"https:\/\/tuzlainfo.ba\/index.php\/bosna-i-hercegovina\/item\/144778-eufor-odgovorio-komsicu-ne-posjedujemo-opremu-za-gasenje-pozara-iz-zraka\/#primaryimage","url":"https:\/\/tuzlainfo.ba\/wp-content\/uploads\/2021\/08\/1308_eufor-helicopter.jpg","contentUrl":"https:\/\/tuzlainfo.ba\/wp-content\/uploads\/2021\/08\/1308_eufor-helicopter.jpg","width":960,"height":640},{"@type":"BreadcrumbList","@id":"https:\/\/tuzlainfo.ba\/index.php\/bosna-i-hercegovina\/item\/144778-eufor-odgovorio-komsicu-ne-posjedujemo-opremu-za-gasenje-pozara-iz-zraka\/#breadcrumb","itemListElement":[{"@type":"ListItem","position":1,"name":"Home","item":"https:\/\/tuzlainfo.ba\/"},{"@type":"ListItem","position":2,"name":"EUFOR odgovorio Kom\u0161i\u0107u: Ne posjedujemo opremu za ga\u0161enje po\u017eara iz zraka"}]},{"@type":"WebSite","@id":"https:\/\/tuzlainfo.ba\/#website","url":"https:\/\/tuzlainfo.ba\/","name":"TuzlaInfo.ba","description":"Tuzla info, gradski informator - Tuzla na dlanu","publisher":{"@id":"https:\/\/tuzlainfo.ba\/#organization"},"potentialAction":[{"@type":"SearchAction","target":{"@type":"EntryPoint","urlTemplate":"https:\/\/tuzlainfo.ba\/?s={search_term_string}"},"query-input":{"@type":"PropertyValueSpecification","valueRequired":true,"valueName":"search_term_string"}}],"inLanguage":"bs-BA"},{"@type":"Organization","@id":"https:\/\/tuzlainfo.ba\/#organization","name":"TuzlaInfo.ba","url":"https:\/\/tuzlainfo.ba\/","logo":{"@type":"ImageObject","inLanguage":"bs-BA","@id":"https:\/\/tuzlainfo.ba\/#\/schema\/logo\/image\/","url":"https:\/\/tuzlainfo.ba\/wp-content\/uploads\/2021\/03\/logo-ver-3-1.png","contentUrl":"https:\/\/tuzlainfo.ba\/wp-content\/uploads\/2021\/03\/logo-ver-3-1.png","width":350,"height":95,"caption":"TuzlaInfo.ba"},"image":{"@id":"https:\/\/tuzlainfo.ba\/#\/schema\/logo\/image\/"},"sameAs":["https:\/\/www.facebook.com\/tuzlainfo.ba\/"]},{"@type":"Person","@id":"https:\/\/tuzlainfo.ba\/#\/schema\/person\/46cad4c57790cbc50781edd14870825a","name":"Tuzla Info","image":{"@type":"ImageObject","inLanguage":"bs-BA","@id":"https:\/\/tuzlainfo.ba\/#\/schema\/person\/image\/","url":"https:\/\/tuzlainfo.ba\/wp-content\/litespeed\/avatar\/b6c453a6c38e3654f2e4416c643fc25c.jpg?ver=1777051911","contentUrl":"https:\/\/tuzlainfo.ba\/wp-content\/litespeed\/avatar\/b6c453a6c38e3654f2e4416c643fc25c.jpg?ver=1777051911","caption":"Tuzla Info"}}]}},"_links":{"self":[{"href":"https:\/\/tuzlainfo.ba\/index.php\/wp-json\/wp\/v2\/posts\/144778"}],"collection":[{"href":"https:\/\/tuzlainfo.ba\/index.php\/wp-json\/wp\/v2\/posts"}],"about":[{"href":"https:\/\/tuzlainfo.ba\/index.php\/wp-json\/wp\/v2\/types\/post"}],"author":[{"embeddable":true,"href":"https:\/\/tuzlainfo.ba\/index.php\/wp-json\/wp\/v2\/users\/4"}],"replies":[{"embeddable":true,"href":"https:\/\/tuzlainfo.ba\/index.php\/wp-json\/wp\/v2\/comments?post=144778"}],"version-history":[{"count":0,"href":"https:\/\/tuzlainfo.ba\/index.php\/wp-json\/wp\/v2\/posts\/144778\/revisions"}],"wp:featuredmedia":[{"embeddable":true,"href":"https:\/\/tuzlainfo.ba\/index.php\/wp-json\/wp\/v2\/media\/144779"}],"wp:attachment":[{"href":"https:\/\/tuzlainfo.ba\/index.php\/wp-json\/wp\/v2\/media?parent=144778"}],"wp:term":[{"taxonomy":"category","embeddable":true,"href":"https:\/\/tuzlainfo.ba\/index.php\/wp-json\/wp\/v2\/categories?post=144778"},{"taxonomy":"post_tag","embeddable":true,"href":"https:\/\/tuzlainfo.ba\/index.php\/wp-json\/wp\/v2\/tags?post=144778"}],"curies":[{"name":"wp","href":"https:\/\/api.w.org\/{rel}","templated":true}]}}