{"id":144277,"date":"2021-08-09T07:48:18","date_gmt":"2021-08-09T05:48:18","guid":{"rendered":"https:\/\/tuzlainfo.ba\/?p=144277"},"modified":"2021-08-09T07:48:18","modified_gmt":"2021-08-09T05:48:18","slug":"navijaci-partizana-na-utakmici-velicali-mladica-uz-povike-noz-zica-srebrenica","status":"publish","type":"post","link":"https:\/\/tuzlainfo.ba\/index.php\/clanci\/sa-svih-strana\/item\/144277-navijaci-partizana-na-utakmici-velicali-mladica-uz-povike-noz-zica-srebrenica\/","title":{"rendered":"Navija\u010di Partizana na utakmici veli\u010dali Mladi\u0107a uz povike &#8220;No\u017e, \u017eica, Srebrenica&#8221;"},"content":{"rendered":"<p>Sino\u0107nji susret 4. kola Superlige Srbije izme\u0111u Novog Pazara i Partizana je prekinut na 38 minuta zbog skandaloznog pona\u0161anja navijala Partizana.<\/p>\n<p>Nakon tri kra\u0107a prekida igre zbog divljanja navija\u010da obje ekipe, susret je u 61. minuti nakon pogotka Partizana za 3:0 prekinut na \u010dak 38 minuta zbog navija\u010da Partizana.<\/p>\n<p>Oni su na tribinama oka\u010dili slike ratnog zlo\u010dinca Ratka Mladi\u0107a, a kada su po\u010deli skandirati njegovo ime atmosfera je izmakla kontroli pa je sudija Milo\u0161 Milanovi\u0107 poslao igra\u010de u svla\u010dionicu.<\/p>\n<p>Osim skandiranja Mladi\u0107u, navija\u010di Partizana su pjevali i &#8220;No\u017e, \u017eica Srebrenica&#8221;.<\/p>\n<p>Zanimljivo, jedino zajedni\u010dno navija\u010dima Novog Pazara i Partizana na ovom me\u010du je to \u0161to su zajedni\u010dki skandirali &#8220;Vu\u010di\u0107u, pe*eru&#8221;.<\/p>\n<p>Novi Pazar nije \u017eelio nastaviti me\u010d dok gostuju\u0107i navija\u010di ne napuste stadion, \u0161to se i desilo poslije 38 minuta.<\/p>\n<p>Susret je zavr\u0161en pobjedom Partizana rezultatom 4:1. Mihailovi\u0107 je bio strijelac za doma\u0107u ekipu, a Natcho, Uro\u0161evi\u0107, Gomes i Soumah su poga\u0111ali za Partizan.<\/p>\n<p>&nbsp;<\/p>\n<p>&nbsp;<\/p>\n<p>&nbsp;<\/p>\n<p>Tuzlainfo\/Klix.ba<\/p>\n","protected":false},"excerpt":{"rendered":"<p>Sino\u0107nji susret 4. kola Superlige Srbije izme\u0111u Novog Pazara i Partizana je prekinut na 38&hellip;<\/p>\n","protected":false},"author":4,"featured_media":144278,"comment_status":"open","ping_status":"closed","sticky":false,"template":"","format":"standard","meta":{"_acf_changed":false,"footnotes":""},"categories":[16],"tags":[2130,1882],"acf":[],"yoast_head":"<!-- This site is optimized with the Yoast SEO plugin v23.5 - https:\/\/yoast.com\/wordpress\/plugins\/seo\/ -->\n<title>Navija\u010di Partizana na utakmici veli\u010dali Mladi\u0107a uz povike &quot;No\u017e, \u017eica, Srebrenica&quot; - TuzlaInfo.ba<\/title>\n<meta name=\"robots\" content=\"index, follow, max-snippet:-1, max-image-preview:large, max-video-preview:-1\" \/>\n<link rel=\"canonical\" href=\"https:\/\/tuzlainfo.ba\/index.php\/clanci\/sa-svih-strana\/item\/144277-navijaci-partizana-na-utakmici-velicali-mladica-uz-povike-noz-zica-srebrenica\/\" \/>\n<meta property=\"og:locale\" content=\"bs_BA\" \/>\n<meta property=\"og:type\" content=\"article\" \/>\n<meta property=\"og:title\" content=\"Navija\u010di Partizana na utakmici veli\u010dali Mladi\u0107a uz povike &quot;No\u017e, \u017eica, Srebrenica&quot; - TuzlaInfo.ba\" \/>\n<meta property=\"og:description\" content=\"Sino\u0107nji susret 4. kola Superlige Srbije izme\u0111u Novog Pazara i Partizana je prekinut na 38&hellip;\" \/>\n<meta property=\"og:url\" content=\"https:\/\/tuzlainfo.ba\/index.php\/clanci\/sa-svih-strana\/item\/144277-navijaci-partizana-na-utakmici-velicali-mladica-uz-povike-noz-zica-srebrenica\/\" \/>\n<meta property=\"og:site_name\" content=\"TuzlaInfo.ba\" \/>\n<meta property=\"article:publisher\" content=\"https:\/\/www.facebook.com\/tuzlainfo.ba\/\" \/>\n<meta property=\"article:published_time\" content=\"2021-08-09T05:48:18+00:00\" \/>\n<meta property=\"og:image\" content=\"https:\/\/tuzlainfo.ba\/wp-content\/uploads\/2021\/08\/inbound9186515718487631000.jpg\" \/>\n\t<meta property=\"og:image:width\" content=\"720\" \/>\n\t<meta property=\"og:image:height\" content=\"960\" \/>\n\t<meta property=\"og:image:type\" content=\"image\/jpeg\" \/>\n<meta name=\"author\" content=\"Tuzla Info\" \/>\n<meta name=\"twitter:card\" content=\"summary_large_image\" \/>\n<meta name=\"twitter:label1\" content=\"Written by\" \/>\n\t<meta name=\"twitter:data1\" content=\"Tuzla Info\" \/>\n\t<meta name=\"twitter:label2\" content=\"Est. reading time\" \/>\n\t<meta name=\"twitter:data2\" content=\"1 minuta\" \/>\n<script type=\"application\/ld+json\" class=\"yoast-schema-graph\">{\"@context\":\"https:\/\/schema.org\",\"@graph\":[{\"@type\":\"Article\",\"@id\":\"https:\/\/tuzlainfo.ba\/index.php\/clanci\/sa-svih-strana\/item\/144277-navijaci-partizana-na-utakmici-velicali-mladica-uz-povike-noz-zica-srebrenica\/#article\",\"isPartOf\":{\"@id\":\"https:\/\/tuzlainfo.ba\/index.php\/clanci\/sa-svih-strana\/item\/144277-navijaci-partizana-na-utakmici-velicali-mladica-uz-povike-noz-zica-srebrenica\/\"},\"author\":{\"name\":\"Tuzla Info\",\"@id\":\"https:\/\/tuzlainfo.ba\/#\/schema\/person\/46cad4c57790cbc50781edd14870825a\"},\"headline\":\"Navija\u010di Partizana na utakmici veli\u010dali Mladi\u0107a uz povike &#8220;No\u017e, \u017eica, Srebrenica&#8221;\",\"datePublished\":\"2021-08-09T05:48:18+00:00\",\"dateModified\":\"2021-08-09T05:48:18+00:00\",\"mainEntityOfPage\":{\"@id\":\"https:\/\/tuzlainfo.ba\/index.php\/clanci\/sa-svih-strana\/item\/144277-navijaci-partizana-na-utakmici-velicali-mladica-uz-povike-noz-zica-srebrenica\/\"},\"wordCount\":192,\"commentCount\":0,\"publisher\":{\"@id\":\"https:\/\/tuzlainfo.ba\/#organization\"},\"image\":{\"@id\":\"https:\/\/tuzlainfo.ba\/index.php\/clanci\/sa-svih-strana\/item\/144277-navijaci-partizana-na-utakmici-velicali-mladica-uz-povike-noz-zica-srebrenica\/#primaryimage\"},\"thumbnailUrl\":\"https:\/\/tuzlainfo.ba\/wp-content\/uploads\/2021\/08\/inbound9186515718487631000.jpg\",\"keywords\":[\"partizan\",\"utakmica\"],\"articleSection\":[\"Sa svih strana\"],\"inLanguage\":\"bs-BA\"},{\"@type\":\"WebPage\",\"@id\":\"https:\/\/tuzlainfo.ba\/index.php\/clanci\/sa-svih-strana\/item\/144277-navijaci-partizana-na-utakmici-velicali-mladica-uz-povike-noz-zica-srebrenica\/\",\"url\":\"https:\/\/tuzlainfo.ba\/index.php\/clanci\/sa-svih-strana\/item\/144277-navijaci-partizana-na-utakmici-velicali-mladica-uz-povike-noz-zica-srebrenica\/\",\"name\":\"Navija\u010di Partizana na utakmici veli\u010dali Mladi\u0107a uz povike \\\"No\u017e, \u017eica, Srebrenica\\\" - TuzlaInfo.ba\",\"isPartOf\":{\"@id\":\"https:\/\/tuzlainfo.ba\/#website\"},\"primaryImageOfPage\":{\"@id\":\"https:\/\/tuzlainfo.ba\/index.php\/clanci\/sa-svih-strana\/item\/144277-navijaci-partizana-na-utakmici-velicali-mladica-uz-povike-noz-zica-srebrenica\/#primaryimage\"},\"image\":{\"@id\":\"https:\/\/tuzlainfo.ba\/index.php\/clanci\/sa-svih-strana\/item\/144277-navijaci-partizana-na-utakmici-velicali-mladica-uz-povike-noz-zica-srebrenica\/#primaryimage\"},\"thumbnailUrl\":\"https:\/\/tuzlainfo.ba\/wp-content\/uploads\/2021\/08\/inbound9186515718487631000.jpg\",\"datePublished\":\"2021-08-09T05:48:18+00:00\",\"dateModified\":\"2021-08-09T05:48:18+00:00\",\"breadcrumb\":{\"@id\":\"https:\/\/tuzlainfo.ba\/index.php\/clanci\/sa-svih-strana\/item\/144277-navijaci-partizana-na-utakmici-velicali-mladica-uz-povike-noz-zica-srebrenica\/#breadcrumb\"},\"inLanguage\":\"bs-BA\",\"potentialAction\":[{\"@type\":\"ReadAction\",\"target\":[\"https:\/\/tuzlainfo.ba\/index.php\/clanci\/sa-svih-strana\/item\/144277-navijaci-partizana-na-utakmici-velicali-mladica-uz-povike-noz-zica-srebrenica\/\"]}]},{\"@type\":\"ImageObject\",\"inLanguage\":\"bs-BA\",\"@id\":\"https:\/\/tuzlainfo.ba\/index.php\/clanci\/sa-svih-strana\/item\/144277-navijaci-partizana-na-utakmici-velicali-mladica-uz-povike-noz-zica-srebrenica\/#primaryimage\",\"url\":\"https:\/\/tuzlainfo.ba\/wp-content\/uploads\/2021\/08\/inbound9186515718487631000.jpg\",\"contentUrl\":\"https:\/\/tuzlainfo.ba\/wp-content\/uploads\/2021\/08\/inbound9186515718487631000.jpg\",\"width\":720,\"height\":960},{\"@type\":\"BreadcrumbList\",\"@id\":\"https:\/\/tuzlainfo.ba\/index.php\/clanci\/sa-svih-strana\/item\/144277-navijaci-partizana-na-utakmici-velicali-mladica-uz-povike-noz-zica-srebrenica\/#breadcrumb\",\"itemListElement\":[{\"@type\":\"ListItem\",\"position\":1,\"name\":\"Home\",\"item\":\"https:\/\/tuzlainfo.ba\/\"},{\"@type\":\"ListItem\",\"position\":2,\"name\":\"Navija\u010di Partizana na utakmici veli\u010dali Mladi\u0107a uz povike &#8220;No\u017e, \u017eica, Srebrenica&#8221;\"}]},{\"@type\":\"WebSite\",\"@id\":\"https:\/\/tuzlainfo.ba\/#website\",\"url\":\"https:\/\/tuzlainfo.ba\/\",\"name\":\"TuzlaInfo.ba\",\"description\":\"Tuzla info, gradski informator - Tuzla na dlanu\",\"publisher\":{\"@id\":\"https:\/\/tuzlainfo.ba\/#organization\"},\"potentialAction\":[{\"@type\":\"SearchAction\",\"target\":{\"@type\":\"EntryPoint\",\"urlTemplate\":\"https:\/\/tuzlainfo.ba\/?s={search_term_string}\"},\"query-input\":{\"@type\":\"PropertyValueSpecification\",\"valueRequired\":true,\"valueName\":\"search_term_string\"}}],\"inLanguage\":\"bs-BA\"},{\"@type\":\"Organization\",\"@id\":\"https:\/\/tuzlainfo.ba\/#organization\",\"name\":\"TuzlaInfo.ba\",\"url\":\"https:\/\/tuzlainfo.ba\/\",\"logo\":{\"@type\":\"ImageObject\",\"inLanguage\":\"bs-BA\",\"@id\":\"https:\/\/tuzlainfo.ba\/#\/schema\/logo\/image\/\",\"url\":\"https:\/\/tuzlainfo.ba\/wp-content\/uploads\/2021\/03\/logo-ver-3-1.png\",\"contentUrl\":\"https:\/\/tuzlainfo.ba\/wp-content\/uploads\/2021\/03\/logo-ver-3-1.png\",\"width\":350,\"height\":95,\"caption\":\"TuzlaInfo.ba\"},\"image\":{\"@id\":\"https:\/\/tuzlainfo.ba\/#\/schema\/logo\/image\/\"},\"sameAs\":[\"https:\/\/www.facebook.com\/tuzlainfo.ba\/\"]},{\"@type\":\"Person\",\"@id\":\"https:\/\/tuzlainfo.ba\/#\/schema\/person\/46cad4c57790cbc50781edd14870825a\",\"name\":\"Tuzla Info\",\"image\":{\"@type\":\"ImageObject\",\"inLanguage\":\"bs-BA\",\"@id\":\"https:\/\/tuzlainfo.ba\/#\/schema\/person\/image\/\",\"url\":\"https:\/\/tuzlainfo.ba\/wp-content\/litespeed\/avatar\/b6c453a6c38e3654f2e4416c643fc25c.jpg?ver=1777051911\",\"contentUrl\":\"https:\/\/tuzlainfo.ba\/wp-content\/litespeed\/avatar\/b6c453a6c38e3654f2e4416c643fc25c.jpg?ver=1777051911\",\"caption\":\"Tuzla Info\"}}]}<\/script>\n<!-- \/ Yoast SEO plugin. -->","yoast_head_json":{"title":"Navija\u010di Partizana na utakmici veli\u010dali Mladi\u0107a uz povike \"No\u017e, \u017eica, Srebrenica\" - TuzlaInfo.ba","robots":{"index":"index","follow":"follow","max-snippet":"max-snippet:-1","max-image-preview":"max-image-preview:large","max-video-preview":"max-video-preview:-1"},"canonical":"https:\/\/tuzlainfo.ba\/index.php\/clanci\/sa-svih-strana\/item\/144277-navijaci-partizana-na-utakmici-velicali-mladica-uz-povike-noz-zica-srebrenica\/","og_locale":"bs_BA","og_type":"article","og_title":"Navija\u010di Partizana na utakmici veli\u010dali Mladi\u0107a uz povike \"No\u017e, \u017eica, Srebrenica\" - TuzlaInfo.ba","og_description":"Sino\u0107nji susret 4. kola Superlige Srbije izme\u0111u Novog Pazara i Partizana je prekinut na 38&hellip;","og_url":"https:\/\/tuzlainfo.ba\/index.php\/clanci\/sa-svih-strana\/item\/144277-navijaci-partizana-na-utakmici-velicali-mladica-uz-povike-noz-zica-srebrenica\/","og_site_name":"TuzlaInfo.ba","article_publisher":"https:\/\/www.facebook.com\/tuzlainfo.ba\/","article_published_time":"2021-08-09T05:48:18+00:00","og_image":[{"width":720,"height":960,"url":"https:\/\/tuzlainfo.ba\/wp-content\/uploads\/2021\/08\/inbound9186515718487631000.jpg","type":"image\/jpeg"}],"author":"Tuzla Info","twitter_card":"summary_large_image","twitter_misc":{"Written by":"Tuzla Info","Est. reading time":"1 minuta"},"schema":{"@context":"https:\/\/schema.org","@graph":[{"@type":"Article","@id":"https:\/\/tuzlainfo.ba\/index.php\/clanci\/sa-svih-strana\/item\/144277-navijaci-partizana-na-utakmici-velicali-mladica-uz-povike-noz-zica-srebrenica\/#article","isPartOf":{"@id":"https:\/\/tuzlainfo.ba\/index.php\/clanci\/sa-svih-strana\/item\/144277-navijaci-partizana-na-utakmici-velicali-mladica-uz-povike-noz-zica-srebrenica\/"},"author":{"name":"Tuzla Info","@id":"https:\/\/tuzlainfo.ba\/#\/schema\/person\/46cad4c57790cbc50781edd14870825a"},"headline":"Navija\u010di Partizana na utakmici veli\u010dali Mladi\u0107a uz povike &#8220;No\u017e, \u017eica, Srebrenica&#8221;","datePublished":"2021-08-09T05:48:18+00:00","dateModified":"2021-08-09T05:48:18+00:00","mainEntityOfPage":{"@id":"https:\/\/tuzlainfo.ba\/index.php\/clanci\/sa-svih-strana\/item\/144277-navijaci-partizana-na-utakmici-velicali-mladica-uz-povike-noz-zica-srebrenica\/"},"wordCount":192,"commentCount":0,"publisher":{"@id":"https:\/\/tuzlainfo.ba\/#organization"},"image":{"@id":"https:\/\/tuzlainfo.ba\/index.php\/clanci\/sa-svih-strana\/item\/144277-navijaci-partizana-na-utakmici-velicali-mladica-uz-povike-noz-zica-srebrenica\/#primaryimage"},"thumbnailUrl":"https:\/\/tuzlainfo.ba\/wp-content\/uploads\/2021\/08\/inbound9186515718487631000.jpg","keywords":["partizan","utakmica"],"articleSection":["Sa svih strana"],"inLanguage":"bs-BA"},{"@type":"WebPage","@id":"https:\/\/tuzlainfo.ba\/index.php\/clanci\/sa-svih-strana\/item\/144277-navijaci-partizana-na-utakmici-velicali-mladica-uz-povike-noz-zica-srebrenica\/","url":"https:\/\/tuzlainfo.ba\/index.php\/clanci\/sa-svih-strana\/item\/144277-navijaci-partizana-na-utakmici-velicali-mladica-uz-povike-noz-zica-srebrenica\/","name":"Navija\u010di Partizana na utakmici veli\u010dali Mladi\u0107a uz povike \"No\u017e, \u017eica, Srebrenica\" - TuzlaInfo.ba","isPartOf":{"@id":"https:\/\/tuzlainfo.ba\/#website"},"primaryImageOfPage":{"@id":"https:\/\/tuzlainfo.ba\/index.php\/clanci\/sa-svih-strana\/item\/144277-navijaci-partizana-na-utakmici-velicali-mladica-uz-povike-noz-zica-srebrenica\/#primaryimage"},"image":{"@id":"https:\/\/tuzlainfo.ba\/index.php\/clanci\/sa-svih-strana\/item\/144277-navijaci-partizana-na-utakmici-velicali-mladica-uz-povike-noz-zica-srebrenica\/#primaryimage"},"thumbnailUrl":"https:\/\/tuzlainfo.ba\/wp-content\/uploads\/2021\/08\/inbound9186515718487631000.jpg","datePublished":"2021-08-09T05:48:18+00:00","dateModified":"2021-08-09T05:48:18+00:00","breadcrumb":{"@id":"https:\/\/tuzlainfo.ba\/index.php\/clanci\/sa-svih-strana\/item\/144277-navijaci-partizana-na-utakmici-velicali-mladica-uz-povike-noz-zica-srebrenica\/#breadcrumb"},"inLanguage":"bs-BA","potentialAction":[{"@type":"ReadAction","target":["https:\/\/tuzlainfo.ba\/index.php\/clanci\/sa-svih-strana\/item\/144277-navijaci-partizana-na-utakmici-velicali-mladica-uz-povike-noz-zica-srebrenica\/"]}]},{"@type":"ImageObject","inLanguage":"bs-BA","@id":"https:\/\/tuzlainfo.ba\/index.php\/clanci\/sa-svih-strana\/item\/144277-navijaci-partizana-na-utakmici-velicali-mladica-uz-povike-noz-zica-srebrenica\/#primaryimage","url":"https:\/\/tuzlainfo.ba\/wp-content\/uploads\/2021\/08\/inbound9186515718487631000.jpg","contentUrl":"https:\/\/tuzlainfo.ba\/wp-content\/uploads\/2021\/08\/inbound9186515718487631000.jpg","width":720,"height":960},{"@type":"BreadcrumbList","@id":"https:\/\/tuzlainfo.ba\/index.php\/clanci\/sa-svih-strana\/item\/144277-navijaci-partizana-na-utakmici-velicali-mladica-uz-povike-noz-zica-srebrenica\/#breadcrumb","itemListElement":[{"@type":"ListItem","position":1,"name":"Home","item":"https:\/\/tuzlainfo.ba\/"},{"@type":"ListItem","position":2,"name":"Navija\u010di Partizana na utakmici veli\u010dali Mladi\u0107a uz povike &#8220;No\u017e, \u017eica, Srebrenica&#8221;"}]},{"@type":"WebSite","@id":"https:\/\/tuzlainfo.ba\/#website","url":"https:\/\/tuzlainfo.ba\/","name":"TuzlaInfo.ba","description":"Tuzla info, gradski informator - Tuzla na dlanu","publisher":{"@id":"https:\/\/tuzlainfo.ba\/#organization"},"potentialAction":[{"@type":"SearchAction","target":{"@type":"EntryPoint","urlTemplate":"https:\/\/tuzlainfo.ba\/?s={search_term_string}"},"query-input":{"@type":"PropertyValueSpecification","valueRequired":true,"valueName":"search_term_string"}}],"inLanguage":"bs-BA"},{"@type":"Organization","@id":"https:\/\/tuzlainfo.ba\/#organization","name":"TuzlaInfo.ba","url":"https:\/\/tuzlainfo.ba\/","logo":{"@type":"ImageObject","inLanguage":"bs-BA","@id":"https:\/\/tuzlainfo.ba\/#\/schema\/logo\/image\/","url":"https:\/\/tuzlainfo.ba\/wp-content\/uploads\/2021\/03\/logo-ver-3-1.png","contentUrl":"https:\/\/tuzlainfo.ba\/wp-content\/uploads\/2021\/03\/logo-ver-3-1.png","width":350,"height":95,"caption":"TuzlaInfo.ba"},"image":{"@id":"https:\/\/tuzlainfo.ba\/#\/schema\/logo\/image\/"},"sameAs":["https:\/\/www.facebook.com\/tuzlainfo.ba\/"]},{"@type":"Person","@id":"https:\/\/tuzlainfo.ba\/#\/schema\/person\/46cad4c57790cbc50781edd14870825a","name":"Tuzla Info","image":{"@type":"ImageObject","inLanguage":"bs-BA","@id":"https:\/\/tuzlainfo.ba\/#\/schema\/person\/image\/","url":"https:\/\/tuzlainfo.ba\/wp-content\/litespeed\/avatar\/b6c453a6c38e3654f2e4416c643fc25c.jpg?ver=1777051911","contentUrl":"https:\/\/tuzlainfo.ba\/wp-content\/litespeed\/avatar\/b6c453a6c38e3654f2e4416c643fc25c.jpg?ver=1777051911","caption":"Tuzla Info"}}]}},"_links":{"self":[{"href":"https:\/\/tuzlainfo.ba\/index.php\/wp-json\/wp\/v2\/posts\/144277"}],"collection":[{"href":"https:\/\/tuzlainfo.ba\/index.php\/wp-json\/wp\/v2\/posts"}],"about":[{"href":"https:\/\/tuzlainfo.ba\/index.php\/wp-json\/wp\/v2\/types\/post"}],"author":[{"embeddable":true,"href":"https:\/\/tuzlainfo.ba\/index.php\/wp-json\/wp\/v2\/users\/4"}],"replies":[{"embeddable":true,"href":"https:\/\/tuzlainfo.ba\/index.php\/wp-json\/wp\/v2\/comments?post=144277"}],"version-history":[{"count":0,"href":"https:\/\/tuzlainfo.ba\/index.php\/wp-json\/wp\/v2\/posts\/144277\/revisions"}],"wp:featuredmedia":[{"embeddable":true,"href":"https:\/\/tuzlainfo.ba\/index.php\/wp-json\/wp\/v2\/media\/144278"}],"wp:attachment":[{"href":"https:\/\/tuzlainfo.ba\/index.php\/wp-json\/wp\/v2\/media?parent=144277"}],"wp:term":[{"taxonomy":"category","embeddable":true,"href":"https:\/\/tuzlainfo.ba\/index.php\/wp-json\/wp\/v2\/categories?post=144277"},{"taxonomy":"post_tag","embeddable":true,"href":"https:\/\/tuzlainfo.ba\/index.php\/wp-json\/wp\/v2\/tags?post=144277"}],"curies":[{"name":"wp","href":"https:\/\/api.w.org\/{rel}","templated":true}]}}