{"id":144254,"date":"2021-08-08T21:25:35","date_gmt":"2021-08-08T19:25:35","guid":{"rendered":"https:\/\/tuzlainfo.ba\/?p=144254"},"modified":"2021-08-08T21:25:35","modified_gmt":"2021-08-08T19:25:35","slug":"zukorlic-upozorava-pozvat-cu-narod-u-sandzaku-da-kupi-oruzje-i-brani-se","status":"publish","type":"post","link":"https:\/\/tuzlainfo.ba\/index.php\/clanci\/sa-svih-strana\/item\/144254-zukorlic-upozorava-pozvat-cu-narod-u-sandzaku-da-kupi-oruzje-i-brani-se\/","title":{"rendered":"Zukorli\u0107 upozorava: Pozvat \u0107u narod u Sand\u017eaku da kupi oru\u017eje i brani se"},"content":{"rendered":"<div class=\"single-intro\">\n<p>Predsjednik Stranke pravde i pomirenja (SPP) Muamer Zukorli\u0107 rekao je danas da ne\u0107e pozvati policiju i pravosudne organe da \u0161to prije uhapse i procesuiraju osobu koja je napala Edina Hamidovi\u0107a u Sjenici, ve\u0107 \u0107e ih &#8220;posljednji put upozoriti da raskinu veze sa organizovanim kriminalom u Sand\u017eaku&#8221;.<\/p>\n<\/div>\n<div class=\"single-text\">\n<div>\n<p>On je na konferenciji za novinare rekao da je napad na Hamidovi\u0107a, \u010dlana njegove stranke i osniva\u010da Facebook stranice \u201cSjeni\u010dke novine\u201d, bio \u201corganizovani poku\u0161aj likvidacije od pripadnika narko grupe bliske Sand\u017ea\u010dkoj demokratskoj partiji (SDP)\u201d.<\/p>\n<p>\u201cKada se vr\u0161e ovakvi napadi, u gu\u017evi, ispred \u017eene i djeteta, ne radi se samo o poku\u0161aju likvidacije ili likvidaciji, ve\u0107 o organizovanom zastra\u0161ivanju i sprovo\u0111enju terora nad stanovni\u0161tvom ili dijelom stanovni\u0161tva. Ovo vi\u0161e nisu incidenti, ovo je organizovana kriminalna grupa koja je eksponent SDP-a\u201d, poru\u010dio je Muamer Zukorli\u0107.<\/p>\n<p>Lider SPP-a kazao je da je o de\u0161avanjima i kriminalu u Sand\u017eaku vi\u0161e puta govorio u medijima i Skup\u0161tini Srbije, ali da vi\u0161e nema smisla da upozorava ili poziva dr\u017eavne organe da reaguju.<\/p>\n<p><strong>Ne treba nam paradiranje \u017dandarmerije<\/strong><\/p>\n<p>\u201cNema vi\u0161e smisla pozivati ministre, ne treba nam paradiranje \u017dandarmerije, nikoga vi\u0161e ne\u0107u da pozivam, upozoravam ih posljednji put, ukoliko policija, tu\u017eila\u0161tvo i sudstvo ne raskinu veze sa kriminalcima pozvat \u0107u narod da kupi oru\u017eje i brani se. Oni ih poma\u017eu, ovakve likvidacije vr\u0161e oni koji znaju da su policija, tu\u017eioci i sudovi na njihovoj strani\u201d, rekao je Zukorli\u0107.<\/p>\n<p>On je kazao da je \u201csistem bezbijednosti u Sand\u017eaku u raspadu i da se nalazimo na ivici potpunog haosa\u201d, poslije \u010dega je pozvao dr\u017eavne organe da ka\u017eu da li mogu da se izbore sa organizovanim kriminalom ili da se narod sam brani.<\/p>\n<p>Edin Hamidovi\u0107 (48) te\u0161ko je ranjen u petak ve\u010der kada je, kako se sumnja, iz vozila u pokretu na njega pucao E.L. (27) koji je nakon toga pobjegao.<\/p>\n<p>Hamidovi\u0107 je pogo\u0111en sa \u010detiri hica, u stomak, rame i nogu, a nakon ukazane pomo\u0107i u novopazarskoj Op\u0161toj bolnici, transportovan je u Klini\u010dki centar u Kragujevcu.<\/p>\n<p>Kao povod za napad navodi se pisanje njegove Facebook stranice zbog \u010dega mu je ranije, kako je kazao Muamer Zukorli\u0107, prijetio otac napada\u010da. On je dodao da su prijetnje prijavljene policiji, ali da ona ni\u0161ta nije preduzela, pi\u0161e Beta.<\/p>\n<\/div>\n<\/div>\n","protected":false},"excerpt":{"rendered":"<p>Predsjednik Stranke pravde i pomirenja (SPP) Muamer Zukorli\u0107 rekao je danas da ne\u0107e pozvati policiju&hellip;<\/p>\n","protected":false},"author":2,"featured_media":144255,"comment_status":"open","ping_status":"closed","sticky":false,"template":"","format":"standard","meta":{"_acf_changed":false,"footnotes":""},"categories":[16],"tags":[2128,2113],"acf":[],"yoast_head":"<!-- This site is optimized with the Yoast SEO plugin v23.5 - https:\/\/yoast.com\/wordpress\/plugins\/seo\/ -->\n<title>Zukorli\u0107 upozorava: Pozvat \u0107u narod u Sand\u017eaku da kupi oru\u017eje i brani se - TuzlaInfo.ba<\/title>\n<meta name=\"robots\" content=\"index, follow, max-snippet:-1, max-image-preview:large, max-video-preview:-1\" \/>\n<link rel=\"canonical\" href=\"https:\/\/tuzlainfo.ba\/index.php\/clanci\/sa-svih-strana\/item\/144254-zukorlic-upozorava-pozvat-cu-narod-u-sandzaku-da-kupi-oruzje-i-brani-se\/\" \/>\n<meta property=\"og:locale\" content=\"bs_BA\" \/>\n<meta property=\"og:type\" content=\"article\" \/>\n<meta property=\"og:title\" content=\"Zukorli\u0107 upozorava: Pozvat \u0107u narod u Sand\u017eaku da kupi oru\u017eje i brani se - TuzlaInfo.ba\" \/>\n<meta property=\"og:description\" content=\"Predsjednik Stranke pravde i pomirenja (SPP) Muamer Zukorli\u0107 rekao je danas da ne\u0107e pozvati policiju&hellip;\" \/>\n<meta property=\"og:url\" content=\"https:\/\/tuzlainfo.ba\/index.php\/clanci\/sa-svih-strana\/item\/144254-zukorlic-upozorava-pozvat-cu-narod-u-sandzaku-da-kupi-oruzje-i-brani-se\/\" \/>\n<meta property=\"og:site_name\" content=\"TuzlaInfo.ba\" \/>\n<meta property=\"article:publisher\" content=\"https:\/\/www.facebook.com\/tuzlainfo.ba\/\" \/>\n<meta property=\"article:published_time\" content=\"2021-08-08T19:25:35+00:00\" \/>\n<meta property=\"og:image\" content=\"https:\/\/tuzlainfo.ba\/wp-content\/uploads\/2021\/08\/0808_zukorlic.jpg\" \/>\n\t<meta property=\"og:image:width\" content=\"1200\" \/>\n\t<meta property=\"og:image:height\" content=\"789\" \/>\n\t<meta property=\"og:image:type\" content=\"image\/jpeg\" \/>\n<meta name=\"author\" content=\"nedim\" \/>\n<meta name=\"twitter:card\" content=\"summary_large_image\" \/>\n<meta name=\"twitter:label1\" content=\"Written by\" \/>\n\t<meta name=\"twitter:data1\" content=\"nedim\" \/>\n\t<meta name=\"twitter:label2\" content=\"Est. reading time\" \/>\n\t<meta name=\"twitter:data2\" content=\"2 minute\" \/>\n<script type=\"application\/ld+json\" class=\"yoast-schema-graph\">{\"@context\":\"https:\/\/schema.org\",\"@graph\":[{\"@type\":\"Article\",\"@id\":\"https:\/\/tuzlainfo.ba\/index.php\/clanci\/sa-svih-strana\/item\/144254-zukorlic-upozorava-pozvat-cu-narod-u-sandzaku-da-kupi-oruzje-i-brani-se\/#article\",\"isPartOf\":{\"@id\":\"https:\/\/tuzlainfo.ba\/index.php\/clanci\/sa-svih-strana\/item\/144254-zukorlic-upozorava-pozvat-cu-narod-u-sandzaku-da-kupi-oruzje-i-brani-se\/\"},\"author\":{\"name\":\"nedim\",\"@id\":\"https:\/\/tuzlainfo.ba\/#\/schema\/person\/f434e20dc27ea133923aab08451b7f7f\"},\"headline\":\"Zukorli\u0107 upozorava: Pozvat \u0107u narod u Sand\u017eaku da kupi oru\u017eje i brani se\",\"datePublished\":\"2021-08-08T19:25:35+00:00\",\"dateModified\":\"2021-08-08T19:25:35+00:00\",\"mainEntityOfPage\":{\"@id\":\"https:\/\/tuzlainfo.ba\/index.php\/clanci\/sa-svih-strana\/item\/144254-zukorlic-upozorava-pozvat-cu-narod-u-sandzaku-da-kupi-oruzje-i-brani-se\/\"},\"wordCount\":420,\"commentCount\":0,\"publisher\":{\"@id\":\"https:\/\/tuzlainfo.ba\/#organization\"},\"image\":{\"@id\":\"https:\/\/tuzlainfo.ba\/index.php\/clanci\/sa-svih-strana\/item\/144254-zukorlic-upozorava-pozvat-cu-narod-u-sandzaku-da-kupi-oruzje-i-brani-se\/#primaryimage\"},\"thumbnailUrl\":\"https:\/\/tuzlainfo.ba\/wp-content\/uploads\/2021\/08\/0808_zukorlic.jpg\",\"keywords\":[\"muamer zukorli\u0107\",\"sand\u017eak\"],\"articleSection\":[\"Sa svih strana\"],\"inLanguage\":\"bs-BA\"},{\"@type\":\"WebPage\",\"@id\":\"https:\/\/tuzlainfo.ba\/index.php\/clanci\/sa-svih-strana\/item\/144254-zukorlic-upozorava-pozvat-cu-narod-u-sandzaku-da-kupi-oruzje-i-brani-se\/\",\"url\":\"https:\/\/tuzlainfo.ba\/index.php\/clanci\/sa-svih-strana\/item\/144254-zukorlic-upozorava-pozvat-cu-narod-u-sandzaku-da-kupi-oruzje-i-brani-se\/\",\"name\":\"Zukorli\u0107 upozorava: Pozvat \u0107u narod u Sand\u017eaku da kupi oru\u017eje i brani se - TuzlaInfo.ba\",\"isPartOf\":{\"@id\":\"https:\/\/tuzlainfo.ba\/#website\"},\"primaryImageOfPage\":{\"@id\":\"https:\/\/tuzlainfo.ba\/index.php\/clanci\/sa-svih-strana\/item\/144254-zukorlic-upozorava-pozvat-cu-narod-u-sandzaku-da-kupi-oruzje-i-brani-se\/#primaryimage\"},\"image\":{\"@id\":\"https:\/\/tuzlainfo.ba\/index.php\/clanci\/sa-svih-strana\/item\/144254-zukorlic-upozorava-pozvat-cu-narod-u-sandzaku-da-kupi-oruzje-i-brani-se\/#primaryimage\"},\"thumbnailUrl\":\"https:\/\/tuzlainfo.ba\/wp-content\/uploads\/2021\/08\/0808_zukorlic.jpg\",\"datePublished\":\"2021-08-08T19:25:35+00:00\",\"dateModified\":\"2021-08-08T19:25:35+00:00\",\"breadcrumb\":{\"@id\":\"https:\/\/tuzlainfo.ba\/index.php\/clanci\/sa-svih-strana\/item\/144254-zukorlic-upozorava-pozvat-cu-narod-u-sandzaku-da-kupi-oruzje-i-brani-se\/#breadcrumb\"},\"inLanguage\":\"bs-BA\",\"potentialAction\":[{\"@type\":\"ReadAction\",\"target\":[\"https:\/\/tuzlainfo.ba\/index.php\/clanci\/sa-svih-strana\/item\/144254-zukorlic-upozorava-pozvat-cu-narod-u-sandzaku-da-kupi-oruzje-i-brani-se\/\"]}]},{\"@type\":\"ImageObject\",\"inLanguage\":\"bs-BA\",\"@id\":\"https:\/\/tuzlainfo.ba\/index.php\/clanci\/sa-svih-strana\/item\/144254-zukorlic-upozorava-pozvat-cu-narod-u-sandzaku-da-kupi-oruzje-i-brani-se\/#primaryimage\",\"url\":\"https:\/\/tuzlainfo.ba\/wp-content\/uploads\/2021\/08\/0808_zukorlic.jpg\",\"contentUrl\":\"https:\/\/tuzlainfo.ba\/wp-content\/uploads\/2021\/08\/0808_zukorlic.jpg\",\"width\":1200,\"height\":789},{\"@type\":\"BreadcrumbList\",\"@id\":\"https:\/\/tuzlainfo.ba\/index.php\/clanci\/sa-svih-strana\/item\/144254-zukorlic-upozorava-pozvat-cu-narod-u-sandzaku-da-kupi-oruzje-i-brani-se\/#breadcrumb\",\"itemListElement\":[{\"@type\":\"ListItem\",\"position\":1,\"name\":\"Home\",\"item\":\"https:\/\/tuzlainfo.ba\/\"},{\"@type\":\"ListItem\",\"position\":2,\"name\":\"Zukorli\u0107 upozorava: Pozvat \u0107u narod u Sand\u017eaku da kupi oru\u017eje i brani se\"}]},{\"@type\":\"WebSite\",\"@id\":\"https:\/\/tuzlainfo.ba\/#website\",\"url\":\"https:\/\/tuzlainfo.ba\/\",\"name\":\"TuzlaInfo.ba\",\"description\":\"Tuzla info, gradski informator - Tuzla na dlanu\",\"publisher\":{\"@id\":\"https:\/\/tuzlainfo.ba\/#organization\"},\"potentialAction\":[{\"@type\":\"SearchAction\",\"target\":{\"@type\":\"EntryPoint\",\"urlTemplate\":\"https:\/\/tuzlainfo.ba\/?s={search_term_string}\"},\"query-input\":{\"@type\":\"PropertyValueSpecification\",\"valueRequired\":true,\"valueName\":\"search_term_string\"}}],\"inLanguage\":\"bs-BA\"},{\"@type\":\"Organization\",\"@id\":\"https:\/\/tuzlainfo.ba\/#organization\",\"name\":\"TuzlaInfo.ba\",\"url\":\"https:\/\/tuzlainfo.ba\/\",\"logo\":{\"@type\":\"ImageObject\",\"inLanguage\":\"bs-BA\",\"@id\":\"https:\/\/tuzlainfo.ba\/#\/schema\/logo\/image\/\",\"url\":\"https:\/\/tuzlainfo.ba\/wp-content\/uploads\/2021\/03\/logo-ver-3-1.png\",\"contentUrl\":\"https:\/\/tuzlainfo.ba\/wp-content\/uploads\/2021\/03\/logo-ver-3-1.png\",\"width\":350,\"height\":95,\"caption\":\"TuzlaInfo.ba\"},\"image\":{\"@id\":\"https:\/\/tuzlainfo.ba\/#\/schema\/logo\/image\/\"},\"sameAs\":[\"https:\/\/www.facebook.com\/tuzlainfo.ba\/\"]},{\"@type\":\"Person\",\"@id\":\"https:\/\/tuzlainfo.ba\/#\/schema\/person\/f434e20dc27ea133923aab08451b7f7f\",\"name\":\"nedim\",\"image\":{\"@type\":\"ImageObject\",\"inLanguage\":\"bs-BA\",\"@id\":\"https:\/\/tuzlainfo.ba\/#\/schema\/person\/image\/\",\"url\":\"https:\/\/tuzlainfo.ba\/wp-content\/litespeed\/avatar\/aabad687af24844af817603ac1cbdc4f.jpg?ver=1776702173\",\"contentUrl\":\"https:\/\/tuzlainfo.ba\/wp-content\/litespeed\/avatar\/aabad687af24844af817603ac1cbdc4f.jpg?ver=1776702173\",\"caption\":\"nedim\"},\"description\":\"Tuzlainfo.ba pratite na dru\u0161tvenim mre\u017eama: Facebook, Instagram i Youtube. Svoje pri\u010de, upite i fotografije \u0161aljite na na\u0161u e-mail adresu.\"}]}<\/script>\n<!-- \/ Yoast SEO plugin. -->","yoast_head_json":{"title":"Zukorli\u0107 upozorava: Pozvat \u0107u narod u Sand\u017eaku da kupi oru\u017eje i brani se - TuzlaInfo.ba","robots":{"index":"index","follow":"follow","max-snippet":"max-snippet:-1","max-image-preview":"max-image-preview:large","max-video-preview":"max-video-preview:-1"},"canonical":"https:\/\/tuzlainfo.ba\/index.php\/clanci\/sa-svih-strana\/item\/144254-zukorlic-upozorava-pozvat-cu-narod-u-sandzaku-da-kupi-oruzje-i-brani-se\/","og_locale":"bs_BA","og_type":"article","og_title":"Zukorli\u0107 upozorava: Pozvat \u0107u narod u Sand\u017eaku da kupi oru\u017eje i brani se - TuzlaInfo.ba","og_description":"Predsjednik Stranke pravde i pomirenja (SPP) Muamer Zukorli\u0107 rekao je danas da ne\u0107e pozvati policiju&hellip;","og_url":"https:\/\/tuzlainfo.ba\/index.php\/clanci\/sa-svih-strana\/item\/144254-zukorlic-upozorava-pozvat-cu-narod-u-sandzaku-da-kupi-oruzje-i-brani-se\/","og_site_name":"TuzlaInfo.ba","article_publisher":"https:\/\/www.facebook.com\/tuzlainfo.ba\/","article_published_time":"2021-08-08T19:25:35+00:00","og_image":[{"width":1200,"height":789,"url":"https:\/\/tuzlainfo.ba\/wp-content\/uploads\/2021\/08\/0808_zukorlic.jpg","type":"image\/jpeg"}],"author":"nedim","twitter_card":"summary_large_image","twitter_misc":{"Written by":"nedim","Est. reading time":"2 minute"},"schema":{"@context":"https:\/\/schema.org","@graph":[{"@type":"Article","@id":"https:\/\/tuzlainfo.ba\/index.php\/clanci\/sa-svih-strana\/item\/144254-zukorlic-upozorava-pozvat-cu-narod-u-sandzaku-da-kupi-oruzje-i-brani-se\/#article","isPartOf":{"@id":"https:\/\/tuzlainfo.ba\/index.php\/clanci\/sa-svih-strana\/item\/144254-zukorlic-upozorava-pozvat-cu-narod-u-sandzaku-da-kupi-oruzje-i-brani-se\/"},"author":{"name":"nedim","@id":"https:\/\/tuzlainfo.ba\/#\/schema\/person\/f434e20dc27ea133923aab08451b7f7f"},"headline":"Zukorli\u0107 upozorava: Pozvat \u0107u narod u Sand\u017eaku da kupi oru\u017eje i brani se","datePublished":"2021-08-08T19:25:35+00:00","dateModified":"2021-08-08T19:25:35+00:00","mainEntityOfPage":{"@id":"https:\/\/tuzlainfo.ba\/index.php\/clanci\/sa-svih-strana\/item\/144254-zukorlic-upozorava-pozvat-cu-narod-u-sandzaku-da-kupi-oruzje-i-brani-se\/"},"wordCount":420,"commentCount":0,"publisher":{"@id":"https:\/\/tuzlainfo.ba\/#organization"},"image":{"@id":"https:\/\/tuzlainfo.ba\/index.php\/clanci\/sa-svih-strana\/item\/144254-zukorlic-upozorava-pozvat-cu-narod-u-sandzaku-da-kupi-oruzje-i-brani-se\/#primaryimage"},"thumbnailUrl":"https:\/\/tuzlainfo.ba\/wp-content\/uploads\/2021\/08\/0808_zukorlic.jpg","keywords":["muamer zukorli\u0107","sand\u017eak"],"articleSection":["Sa svih strana"],"inLanguage":"bs-BA"},{"@type":"WebPage","@id":"https:\/\/tuzlainfo.ba\/index.php\/clanci\/sa-svih-strana\/item\/144254-zukorlic-upozorava-pozvat-cu-narod-u-sandzaku-da-kupi-oruzje-i-brani-se\/","url":"https:\/\/tuzlainfo.ba\/index.php\/clanci\/sa-svih-strana\/item\/144254-zukorlic-upozorava-pozvat-cu-narod-u-sandzaku-da-kupi-oruzje-i-brani-se\/","name":"Zukorli\u0107 upozorava: Pozvat \u0107u narod u Sand\u017eaku da kupi oru\u017eje i brani se - TuzlaInfo.ba","isPartOf":{"@id":"https:\/\/tuzlainfo.ba\/#website"},"primaryImageOfPage":{"@id":"https:\/\/tuzlainfo.ba\/index.php\/clanci\/sa-svih-strana\/item\/144254-zukorlic-upozorava-pozvat-cu-narod-u-sandzaku-da-kupi-oruzje-i-brani-se\/#primaryimage"},"image":{"@id":"https:\/\/tuzlainfo.ba\/index.php\/clanci\/sa-svih-strana\/item\/144254-zukorlic-upozorava-pozvat-cu-narod-u-sandzaku-da-kupi-oruzje-i-brani-se\/#primaryimage"},"thumbnailUrl":"https:\/\/tuzlainfo.ba\/wp-content\/uploads\/2021\/08\/0808_zukorlic.jpg","datePublished":"2021-08-08T19:25:35+00:00","dateModified":"2021-08-08T19:25:35+00:00","breadcrumb":{"@id":"https:\/\/tuzlainfo.ba\/index.php\/clanci\/sa-svih-strana\/item\/144254-zukorlic-upozorava-pozvat-cu-narod-u-sandzaku-da-kupi-oruzje-i-brani-se\/#breadcrumb"},"inLanguage":"bs-BA","potentialAction":[{"@type":"ReadAction","target":["https:\/\/tuzlainfo.ba\/index.php\/clanci\/sa-svih-strana\/item\/144254-zukorlic-upozorava-pozvat-cu-narod-u-sandzaku-da-kupi-oruzje-i-brani-se\/"]}]},{"@type":"ImageObject","inLanguage":"bs-BA","@id":"https:\/\/tuzlainfo.ba\/index.php\/clanci\/sa-svih-strana\/item\/144254-zukorlic-upozorava-pozvat-cu-narod-u-sandzaku-da-kupi-oruzje-i-brani-se\/#primaryimage","url":"https:\/\/tuzlainfo.ba\/wp-content\/uploads\/2021\/08\/0808_zukorlic.jpg","contentUrl":"https:\/\/tuzlainfo.ba\/wp-content\/uploads\/2021\/08\/0808_zukorlic.jpg","width":1200,"height":789},{"@type":"BreadcrumbList","@id":"https:\/\/tuzlainfo.ba\/index.php\/clanci\/sa-svih-strana\/item\/144254-zukorlic-upozorava-pozvat-cu-narod-u-sandzaku-da-kupi-oruzje-i-brani-se\/#breadcrumb","itemListElement":[{"@type":"ListItem","position":1,"name":"Home","item":"https:\/\/tuzlainfo.ba\/"},{"@type":"ListItem","position":2,"name":"Zukorli\u0107 upozorava: Pozvat \u0107u narod u Sand\u017eaku da kupi oru\u017eje i brani se"}]},{"@type":"WebSite","@id":"https:\/\/tuzlainfo.ba\/#website","url":"https:\/\/tuzlainfo.ba\/","name":"TuzlaInfo.ba","description":"Tuzla info, gradski informator - Tuzla na dlanu","publisher":{"@id":"https:\/\/tuzlainfo.ba\/#organization"},"potentialAction":[{"@type":"SearchAction","target":{"@type":"EntryPoint","urlTemplate":"https:\/\/tuzlainfo.ba\/?s={search_term_string}"},"query-input":{"@type":"PropertyValueSpecification","valueRequired":true,"valueName":"search_term_string"}}],"inLanguage":"bs-BA"},{"@type":"Organization","@id":"https:\/\/tuzlainfo.ba\/#organization","name":"TuzlaInfo.ba","url":"https:\/\/tuzlainfo.ba\/","logo":{"@type":"ImageObject","inLanguage":"bs-BA","@id":"https:\/\/tuzlainfo.ba\/#\/schema\/logo\/image\/","url":"https:\/\/tuzlainfo.ba\/wp-content\/uploads\/2021\/03\/logo-ver-3-1.png","contentUrl":"https:\/\/tuzlainfo.ba\/wp-content\/uploads\/2021\/03\/logo-ver-3-1.png","width":350,"height":95,"caption":"TuzlaInfo.ba"},"image":{"@id":"https:\/\/tuzlainfo.ba\/#\/schema\/logo\/image\/"},"sameAs":["https:\/\/www.facebook.com\/tuzlainfo.ba\/"]},{"@type":"Person","@id":"https:\/\/tuzlainfo.ba\/#\/schema\/person\/f434e20dc27ea133923aab08451b7f7f","name":"nedim","image":{"@type":"ImageObject","inLanguage":"bs-BA","@id":"https:\/\/tuzlainfo.ba\/#\/schema\/person\/image\/","url":"https:\/\/tuzlainfo.ba\/wp-content\/litespeed\/avatar\/aabad687af24844af817603ac1cbdc4f.jpg?ver=1776702173","contentUrl":"https:\/\/tuzlainfo.ba\/wp-content\/litespeed\/avatar\/aabad687af24844af817603ac1cbdc4f.jpg?ver=1776702173","caption":"nedim"},"description":"Tuzlainfo.ba pratite na dru\u0161tvenim mre\u017eama: Facebook, Instagram i Youtube. Svoje pri\u010de, upite i fotografije \u0161aljite na na\u0161u e-mail adresu."}]}},"_links":{"self":[{"href":"https:\/\/tuzlainfo.ba\/index.php\/wp-json\/wp\/v2\/posts\/144254"}],"collection":[{"href":"https:\/\/tuzlainfo.ba\/index.php\/wp-json\/wp\/v2\/posts"}],"about":[{"href":"https:\/\/tuzlainfo.ba\/index.php\/wp-json\/wp\/v2\/types\/post"}],"author":[{"embeddable":true,"href":"https:\/\/tuzlainfo.ba\/index.php\/wp-json\/wp\/v2\/users\/2"}],"replies":[{"embeddable":true,"href":"https:\/\/tuzlainfo.ba\/index.php\/wp-json\/wp\/v2\/comments?post=144254"}],"version-history":[{"count":0,"href":"https:\/\/tuzlainfo.ba\/index.php\/wp-json\/wp\/v2\/posts\/144254\/revisions"}],"wp:featuredmedia":[{"embeddable":true,"href":"https:\/\/tuzlainfo.ba\/index.php\/wp-json\/wp\/v2\/media\/144255"}],"wp:attachment":[{"href":"https:\/\/tuzlainfo.ba\/index.php\/wp-json\/wp\/v2\/media?parent=144254"}],"wp:term":[{"taxonomy":"category","embeddable":true,"href":"https:\/\/tuzlainfo.ba\/index.php\/wp-json\/wp\/v2\/categories?post=144254"},{"taxonomy":"post_tag","embeddable":true,"href":"https:\/\/tuzlainfo.ba\/index.php\/wp-json\/wp\/v2\/tags?post=144254"}],"curies":[{"name":"wp","href":"https:\/\/api.w.org\/{rel}","templated":true}]}}