{"id":144220,"date":"2021-08-08T13:38:42","date_gmt":"2021-08-08T11:38:42","guid":{"rendered":"https:\/\/tuzlainfo.ba\/?p=144220"},"modified":"2021-08-08T13:38:42","modified_gmt":"2021-08-08T11:38:42","slug":"video-pozari-na-jugu-evrope-se-ne-smiruju-vatra-guta-sve-pred-sobom","status":"publish","type":"post","link":"https:\/\/tuzlainfo.ba\/index.php\/clanci\/sa-svih-strana\/item\/144220-video-pozari-na-jugu-evrope-se-ne-smiruju-vatra-guta-sve-pred-sobom\/","title":{"rendered":"Video \/ Po\u017eari na jugu Evrope se ne smiruju, vatra &#8220;guta&#8221; sve pred sobom"},"content":{"rendered":"<p>U Gr\u010dkoj, Turskoj, Albaniji, Sjevernoj Makedoniji i dalje bjesne \u0161umski po\u017eari.<\/p>\n<p>Dramati\u010dno je u Gr\u010dkoj, gdje su najgori po\u017eari u posljednjih 30 godina odnijeli i prve \u017ertve.<\/p>\n<p>Dvije osobe su nastradale, 20 povrije\u0111eno, a vi\u0161e oblasti je pod visokim stepenom uzbune.<\/p>\n<p>\u0160irom Gr\u010dke jo\u0161 jedna te\u0161ka no\u0107 za gra\u0111ane i vatrogasce koji se bore sa vi\u0161e od 150 \u0161umskih po\u017eara. Me\u0111u prvim \u017ertvama je vatrogasac-volonter.<\/p>\n<p>Najte\u017ee je u naseljima oko Atine, gdje se vodi borba za svaku ku\u0107u.<\/p>\n<blockquote class=\"twitter-tweet\" data-width=\"550\" data-dnt=\"true\">\n<p lang=\"el\" dir=\"ltr\">\u038c\u03c3\u03bf \u03c5\u03c0\u03ac\u03c1\u03c7\u03bf\u03c5\u03bd \u03b1\u03ba\u03cc\u03bc\u03b1 \u03ac\u03bd\u03b8\u03c1\u03c9\u03c0\u03bf\u03b9. <a href=\"https:\/\/t.co\/5y6t49gQXU\">pic.twitter.com\/5y6t49gQXU<\/a><\/p>\n<p>&mdash; Spyros. \u264b\ud83c\udf28\ufe0f\u2744\ufe0f\u26c8\ufe0f\ud83e\ude90 (@spyros78043899) <a href=\"https:\/\/twitter.com\/spyros78043899\/status\/1424087633249058828?ref_src=twsrc%5Etfw\">August 7, 2021<\/a><\/p><\/blockquote>\n<p><script async src=\"https:\/\/platform.twitter.com\/widgets.js\" charset=\"utf-8\"><\/script><\/p>\n<p>\u0408aki vjetrovi i ekstremno toplo vrijeme ote\u017eavaju napore 700 vatrogasaca, mje\u0161tana i poja\u010danja sa Kipra, iz Francuske i Ukrajine. Na hiljade ljudi je evakuisano, uni\u0161tene su ku\u0107e, automobili, fabrike.<\/p>\n<p>Na ostrvu Evija, stotine ljudi su napustili domove. Po\u017eari su ra\u0161ireni s kraja na kraj drugog po veli\u010dini gr\u010dkog ostrva. Gori i na Peloponezu.<\/p>\n<p>\u201cAnga\u017eujemo sve \u0161to mo\u017eemo u ga\u0161enju po\u017eara, koji su bez presedana i brzo se \u0161ire. Sva spaljena podru\u010dja bi\u0107e ponovo po\u0161umljena. Vlada \u0107e zna\u010dajno promijeniti politiku za\u0161tite od po\u017eara i poplava\u201d, naveo je gr\u010dki premijer Kirijakos Micotakis.<\/p>\n<p>U Turskoj evakuisano vi\u0161e od 36.000 ljudi, najve\u0107i po\u017eari u Rusiji za 100 godina<\/p>\n<blockquote class=\"twitter-tweet\" data-width=\"550\" data-dnt=\"true\">\n<p lang=\"en\" dir=\"ltr\">Greece burning along with the country\u2019s worst heat wave in decades. <a href=\"https:\/\/twitter.com\/hashtag\/GreeceFires?src=hash&amp;ref_src=twsrc%5Etfw\">#GreeceFires<\/a><a href=\"https:\/\/t.co\/OJbCwnlRVG\">pic.twitter.com\/OJbCwnlRVG<\/a><\/p>\n<p>&mdash; ian bremmer (@ianbremmer) <a href=\"https:\/\/twitter.com\/ianbremmer\/status\/1423699138332434438?ref_src=twsrc%5Etfw\">August 6, 2021<\/a><\/p><\/blockquote>\n<p><script async src=\"https:\/\/platform.twitter.com\/widgets.js\" charset=\"utf-8\"><\/script><\/p>\n<p>Na jugu Turske vatrogasci kontroli\u0161u oko 200 po\u017eara, ali i dalje ima 12 \u017eari\u0161ta na obali Sredozemnog i Egejskog mora. Uni\u0161teno je na desetine hiljada hektara \u0161uma i zemlji\u0161ta, osam osoba je stradalo, a hiljade Turaka i turista napustilo je domove i hotele. Iz Marmarisa i Bodruma evakuisano je 36.000 ljudi.<\/p>\n<p>Vi\u0161e od tri miliona hektara izgorjelo je u 250 \u0161umskih po\u017eara u Rusiji, kakvi nisu zabilje\u017eeni u posljednjih 100 godina. U Sibiru je evakuisano nekoliko sela, a nadle\u017eni su upozorili da su mnoge po\u017eare izazvali ljudi.<\/p>\n<p>I na jugu Italije bjesni na stotine po\u017eara, uglavnom na Siciliji i u Kalabriji.<\/p>\n<p>Po\u017eari u Sjevernoj Makedoniji ne jenjavaju, a najkriti\u010dnija je situacija u Peh\u010devu i Berovu. Protiv vatrene stihije bori se 350 ljudi, a ga\u0161enje ote\u017eava vjetar.<\/p>\n<p>Policija u Crnoj Gori je uhapsila piromana, za koga je na osnovu snimka utvr\u0111eno da je podmetnuo po\u017ear u Podgorici i ugrozio stambene objekte, pi\u0161e B92.<\/p>\n","protected":false},"excerpt":{"rendered":"<p>U Gr\u010dkoj, Turskoj, Albaniji, Sjevernoj Makedoniji i dalje bjesne \u0161umski po\u017eari. Dramati\u010dno je u Gr\u010dkoj,&hellip;<\/p>\n","protected":false},"author":2,"featured_media":144221,"comment_status":"open","ping_status":"closed","sticky":false,"template":"","format":"standard","meta":{"_acf_changed":false,"footnotes":""},"categories":[16],"tags":[1413,2122,2102,617],"acf":[],"yoast_head":"<!-- This site is optimized with the Yoast SEO plugin v23.5 - https:\/\/yoast.com\/wordpress\/plugins\/seo\/ -->\n<title>Video \/ Po\u017eari na jugu Evrope se ne smiruju, vatra &quot;guta&quot; sve pred sobom - TuzlaInfo.ba<\/title>\n<meta name=\"robots\" content=\"index, follow, max-snippet:-1, max-image-preview:large, max-video-preview:-1\" \/>\n<link rel=\"canonical\" href=\"https:\/\/tuzlainfo.ba\/index.php\/clanci\/sa-svih-strana\/item\/144220-video-pozari-na-jugu-evrope-se-ne-smiruju-vatra-guta-sve-pred-sobom\/\" \/>\n<meta property=\"og:locale\" content=\"bs_BA\" \/>\n<meta property=\"og:type\" content=\"article\" \/>\n<meta property=\"og:title\" content=\"Video \/ Po\u017eari na jugu Evrope se ne smiruju, vatra &quot;guta&quot; sve pred sobom - TuzlaInfo.ba\" \/>\n<meta property=\"og:description\" content=\"U Gr\u010dkoj, Turskoj, Albaniji, Sjevernoj Makedoniji i dalje bjesne \u0161umski po\u017eari. Dramati\u010dno je u Gr\u010dkoj,&hellip;\" \/>\n<meta property=\"og:url\" content=\"https:\/\/tuzlainfo.ba\/index.php\/clanci\/sa-svih-strana\/item\/144220-video-pozari-na-jugu-evrope-se-ne-smiruju-vatra-guta-sve-pred-sobom\/\" \/>\n<meta property=\"og:site_name\" content=\"TuzlaInfo.ba\" \/>\n<meta property=\"article:publisher\" content=\"https:\/\/www.facebook.com\/tuzlainfo.ba\/\" \/>\n<meta property=\"article:published_time\" content=\"2021-08-08T11:38:42+00:00\" \/>\n<meta property=\"og:image\" content=\"https:\/\/tuzlainfo.ba\/wp-content\/uploads\/2021\/08\/0808_pozari_grcka.jpg\" \/>\n\t<meta property=\"og:image:width\" content=\"1200\" \/>\n\t<meta property=\"og:image:height\" content=\"776\" \/>\n\t<meta property=\"og:image:type\" content=\"image\/jpeg\" \/>\n<meta name=\"author\" content=\"nedim\" \/>\n<meta name=\"twitter:card\" content=\"summary_large_image\" \/>\n<meta name=\"twitter:label1\" content=\"Written by\" \/>\n\t<meta name=\"twitter:data1\" content=\"nedim\" \/>\n\t<meta name=\"twitter:label2\" content=\"Est. reading time\" \/>\n\t<meta name=\"twitter:data2\" content=\"2 minute\" \/>\n<script type=\"application\/ld+json\" class=\"yoast-schema-graph\">{\"@context\":\"https:\/\/schema.org\",\"@graph\":[{\"@type\":\"Article\",\"@id\":\"https:\/\/tuzlainfo.ba\/index.php\/clanci\/sa-svih-strana\/item\/144220-video-pozari-na-jugu-evrope-se-ne-smiruju-vatra-guta-sve-pred-sobom\/#article\",\"isPartOf\":{\"@id\":\"https:\/\/tuzlainfo.ba\/index.php\/clanci\/sa-svih-strana\/item\/144220-video-pozari-na-jugu-evrope-se-ne-smiruju-vatra-guta-sve-pred-sobom\/\"},\"author\":{\"name\":\"nedim\",\"@id\":\"https:\/\/tuzlainfo.ba\/#\/schema\/person\/f434e20dc27ea133923aab08451b7f7f\"},\"headline\":\"Video \/ Po\u017eari na jugu Evrope se ne smiruju, vatra &#8220;guta&#8221; sve pred sobom\",\"datePublished\":\"2021-08-08T11:38:42+00:00\",\"dateModified\":\"2021-08-08T11:38:42+00:00\",\"mainEntityOfPage\":{\"@id\":\"https:\/\/tuzlainfo.ba\/index.php\/clanci\/sa-svih-strana\/item\/144220-video-pozari-na-jugu-evrope-se-ne-smiruju-vatra-guta-sve-pred-sobom\/\"},\"wordCount\":403,\"commentCount\":0,\"publisher\":{\"@id\":\"https:\/\/tuzlainfo.ba\/#organization\"},\"image\":{\"@id\":\"https:\/\/tuzlainfo.ba\/index.php\/clanci\/sa-svih-strana\/item\/144220-video-pozari-na-jugu-evrope-se-ne-smiruju-vatra-guta-sve-pred-sobom\/#primaryimage\"},\"thumbnailUrl\":\"https:\/\/tuzlainfo.ba\/wp-content\/uploads\/2021\/08\/0808_pozari_grcka.jpg\",\"keywords\":[\"gr\u010dka\",\"po\u017eari\",\"sjeverna makedonija\",\"turska\"],\"articleSection\":[\"Sa svih strana\"],\"inLanguage\":\"bs-BA\"},{\"@type\":\"WebPage\",\"@id\":\"https:\/\/tuzlainfo.ba\/index.php\/clanci\/sa-svih-strana\/item\/144220-video-pozari-na-jugu-evrope-se-ne-smiruju-vatra-guta-sve-pred-sobom\/\",\"url\":\"https:\/\/tuzlainfo.ba\/index.php\/clanci\/sa-svih-strana\/item\/144220-video-pozari-na-jugu-evrope-se-ne-smiruju-vatra-guta-sve-pred-sobom\/\",\"name\":\"Video \/ Po\u017eari na jugu Evrope se ne smiruju, vatra \\\"guta\\\" sve pred sobom - TuzlaInfo.ba\",\"isPartOf\":{\"@id\":\"https:\/\/tuzlainfo.ba\/#website\"},\"primaryImageOfPage\":{\"@id\":\"https:\/\/tuzlainfo.ba\/index.php\/clanci\/sa-svih-strana\/item\/144220-video-pozari-na-jugu-evrope-se-ne-smiruju-vatra-guta-sve-pred-sobom\/#primaryimage\"},\"image\":{\"@id\":\"https:\/\/tuzlainfo.ba\/index.php\/clanci\/sa-svih-strana\/item\/144220-video-pozari-na-jugu-evrope-se-ne-smiruju-vatra-guta-sve-pred-sobom\/#primaryimage\"},\"thumbnailUrl\":\"https:\/\/tuzlainfo.ba\/wp-content\/uploads\/2021\/08\/0808_pozari_grcka.jpg\",\"datePublished\":\"2021-08-08T11:38:42+00:00\",\"dateModified\":\"2021-08-08T11:38:42+00:00\",\"breadcrumb\":{\"@id\":\"https:\/\/tuzlainfo.ba\/index.php\/clanci\/sa-svih-strana\/item\/144220-video-pozari-na-jugu-evrope-se-ne-smiruju-vatra-guta-sve-pred-sobom\/#breadcrumb\"},\"inLanguage\":\"bs-BA\",\"potentialAction\":[{\"@type\":\"ReadAction\",\"target\":[\"https:\/\/tuzlainfo.ba\/index.php\/clanci\/sa-svih-strana\/item\/144220-video-pozari-na-jugu-evrope-se-ne-smiruju-vatra-guta-sve-pred-sobom\/\"]}]},{\"@type\":\"ImageObject\",\"inLanguage\":\"bs-BA\",\"@id\":\"https:\/\/tuzlainfo.ba\/index.php\/clanci\/sa-svih-strana\/item\/144220-video-pozari-na-jugu-evrope-se-ne-smiruju-vatra-guta-sve-pred-sobom\/#primaryimage\",\"url\":\"https:\/\/tuzlainfo.ba\/wp-content\/uploads\/2021\/08\/0808_pozari_grcka.jpg\",\"contentUrl\":\"https:\/\/tuzlainfo.ba\/wp-content\/uploads\/2021\/08\/0808_pozari_grcka.jpg\",\"width\":1200,\"height\":776},{\"@type\":\"BreadcrumbList\",\"@id\":\"https:\/\/tuzlainfo.ba\/index.php\/clanci\/sa-svih-strana\/item\/144220-video-pozari-na-jugu-evrope-se-ne-smiruju-vatra-guta-sve-pred-sobom\/#breadcrumb\",\"itemListElement\":[{\"@type\":\"ListItem\",\"position\":1,\"name\":\"Home\",\"item\":\"https:\/\/tuzlainfo.ba\/\"},{\"@type\":\"ListItem\",\"position\":2,\"name\":\"Video \/ Po\u017eari na jugu Evrope se ne smiruju, vatra &#8220;guta&#8221; sve pred sobom\"}]},{\"@type\":\"WebSite\",\"@id\":\"https:\/\/tuzlainfo.ba\/#website\",\"url\":\"https:\/\/tuzlainfo.ba\/\",\"name\":\"TuzlaInfo.ba\",\"description\":\"Tuzla info, gradski informator - Tuzla na dlanu\",\"publisher\":{\"@id\":\"https:\/\/tuzlainfo.ba\/#organization\"},\"potentialAction\":[{\"@type\":\"SearchAction\",\"target\":{\"@type\":\"EntryPoint\",\"urlTemplate\":\"https:\/\/tuzlainfo.ba\/?s={search_term_string}\"},\"query-input\":{\"@type\":\"PropertyValueSpecification\",\"valueRequired\":true,\"valueName\":\"search_term_string\"}}],\"inLanguage\":\"bs-BA\"},{\"@type\":\"Organization\",\"@id\":\"https:\/\/tuzlainfo.ba\/#organization\",\"name\":\"TuzlaInfo.ba\",\"url\":\"https:\/\/tuzlainfo.ba\/\",\"logo\":{\"@type\":\"ImageObject\",\"inLanguage\":\"bs-BA\",\"@id\":\"https:\/\/tuzlainfo.ba\/#\/schema\/logo\/image\/\",\"url\":\"https:\/\/tuzlainfo.ba\/wp-content\/uploads\/2021\/03\/logo-ver-3-1.png\",\"contentUrl\":\"https:\/\/tuzlainfo.ba\/wp-content\/uploads\/2021\/03\/logo-ver-3-1.png\",\"width\":350,\"height\":95,\"caption\":\"TuzlaInfo.ba\"},\"image\":{\"@id\":\"https:\/\/tuzlainfo.ba\/#\/schema\/logo\/image\/\"},\"sameAs\":[\"https:\/\/www.facebook.com\/tuzlainfo.ba\/\"]},{\"@type\":\"Person\",\"@id\":\"https:\/\/tuzlainfo.ba\/#\/schema\/person\/f434e20dc27ea133923aab08451b7f7f\",\"name\":\"nedim\",\"image\":{\"@type\":\"ImageObject\",\"inLanguage\":\"bs-BA\",\"@id\":\"https:\/\/tuzlainfo.ba\/#\/schema\/person\/image\/\",\"url\":\"https:\/\/tuzlainfo.ba\/wp-content\/litespeed\/avatar\/aabad687af24844af817603ac1cbdc4f.jpg?ver=1776702173\",\"contentUrl\":\"https:\/\/tuzlainfo.ba\/wp-content\/litespeed\/avatar\/aabad687af24844af817603ac1cbdc4f.jpg?ver=1776702173\",\"caption\":\"nedim\"},\"description\":\"Tuzlainfo.ba pratite na dru\u0161tvenim mre\u017eama: Facebook, Instagram i Youtube. Svoje pri\u010de, upite i fotografije \u0161aljite na na\u0161u e-mail adresu.\"}]}<\/script>\n<!-- \/ Yoast SEO plugin. -->","yoast_head_json":{"title":"Video \/ Po\u017eari na jugu Evrope se ne smiruju, vatra \"guta\" sve pred sobom - TuzlaInfo.ba","robots":{"index":"index","follow":"follow","max-snippet":"max-snippet:-1","max-image-preview":"max-image-preview:large","max-video-preview":"max-video-preview:-1"},"canonical":"https:\/\/tuzlainfo.ba\/index.php\/clanci\/sa-svih-strana\/item\/144220-video-pozari-na-jugu-evrope-se-ne-smiruju-vatra-guta-sve-pred-sobom\/","og_locale":"bs_BA","og_type":"article","og_title":"Video \/ Po\u017eari na jugu Evrope se ne smiruju, vatra \"guta\" sve pred sobom - TuzlaInfo.ba","og_description":"U Gr\u010dkoj, Turskoj, Albaniji, Sjevernoj Makedoniji i dalje bjesne \u0161umski po\u017eari. Dramati\u010dno je u Gr\u010dkoj,&hellip;","og_url":"https:\/\/tuzlainfo.ba\/index.php\/clanci\/sa-svih-strana\/item\/144220-video-pozari-na-jugu-evrope-se-ne-smiruju-vatra-guta-sve-pred-sobom\/","og_site_name":"TuzlaInfo.ba","article_publisher":"https:\/\/www.facebook.com\/tuzlainfo.ba\/","article_published_time":"2021-08-08T11:38:42+00:00","og_image":[{"width":1200,"height":776,"url":"https:\/\/tuzlainfo.ba\/wp-content\/uploads\/2021\/08\/0808_pozari_grcka.jpg","type":"image\/jpeg"}],"author":"nedim","twitter_card":"summary_large_image","twitter_misc":{"Written by":"nedim","Est. reading time":"2 minute"},"schema":{"@context":"https:\/\/schema.org","@graph":[{"@type":"Article","@id":"https:\/\/tuzlainfo.ba\/index.php\/clanci\/sa-svih-strana\/item\/144220-video-pozari-na-jugu-evrope-se-ne-smiruju-vatra-guta-sve-pred-sobom\/#article","isPartOf":{"@id":"https:\/\/tuzlainfo.ba\/index.php\/clanci\/sa-svih-strana\/item\/144220-video-pozari-na-jugu-evrope-se-ne-smiruju-vatra-guta-sve-pred-sobom\/"},"author":{"name":"nedim","@id":"https:\/\/tuzlainfo.ba\/#\/schema\/person\/f434e20dc27ea133923aab08451b7f7f"},"headline":"Video \/ Po\u017eari na jugu Evrope se ne smiruju, vatra &#8220;guta&#8221; sve pred sobom","datePublished":"2021-08-08T11:38:42+00:00","dateModified":"2021-08-08T11:38:42+00:00","mainEntityOfPage":{"@id":"https:\/\/tuzlainfo.ba\/index.php\/clanci\/sa-svih-strana\/item\/144220-video-pozari-na-jugu-evrope-se-ne-smiruju-vatra-guta-sve-pred-sobom\/"},"wordCount":403,"commentCount":0,"publisher":{"@id":"https:\/\/tuzlainfo.ba\/#organization"},"image":{"@id":"https:\/\/tuzlainfo.ba\/index.php\/clanci\/sa-svih-strana\/item\/144220-video-pozari-na-jugu-evrope-se-ne-smiruju-vatra-guta-sve-pred-sobom\/#primaryimage"},"thumbnailUrl":"https:\/\/tuzlainfo.ba\/wp-content\/uploads\/2021\/08\/0808_pozari_grcka.jpg","keywords":["gr\u010dka","po\u017eari","sjeverna makedonija","turska"],"articleSection":["Sa svih strana"],"inLanguage":"bs-BA"},{"@type":"WebPage","@id":"https:\/\/tuzlainfo.ba\/index.php\/clanci\/sa-svih-strana\/item\/144220-video-pozari-na-jugu-evrope-se-ne-smiruju-vatra-guta-sve-pred-sobom\/","url":"https:\/\/tuzlainfo.ba\/index.php\/clanci\/sa-svih-strana\/item\/144220-video-pozari-na-jugu-evrope-se-ne-smiruju-vatra-guta-sve-pred-sobom\/","name":"Video \/ Po\u017eari na jugu Evrope se ne smiruju, vatra \"guta\" sve pred sobom - TuzlaInfo.ba","isPartOf":{"@id":"https:\/\/tuzlainfo.ba\/#website"},"primaryImageOfPage":{"@id":"https:\/\/tuzlainfo.ba\/index.php\/clanci\/sa-svih-strana\/item\/144220-video-pozari-na-jugu-evrope-se-ne-smiruju-vatra-guta-sve-pred-sobom\/#primaryimage"},"image":{"@id":"https:\/\/tuzlainfo.ba\/index.php\/clanci\/sa-svih-strana\/item\/144220-video-pozari-na-jugu-evrope-se-ne-smiruju-vatra-guta-sve-pred-sobom\/#primaryimage"},"thumbnailUrl":"https:\/\/tuzlainfo.ba\/wp-content\/uploads\/2021\/08\/0808_pozari_grcka.jpg","datePublished":"2021-08-08T11:38:42+00:00","dateModified":"2021-08-08T11:38:42+00:00","breadcrumb":{"@id":"https:\/\/tuzlainfo.ba\/index.php\/clanci\/sa-svih-strana\/item\/144220-video-pozari-na-jugu-evrope-se-ne-smiruju-vatra-guta-sve-pred-sobom\/#breadcrumb"},"inLanguage":"bs-BA","potentialAction":[{"@type":"ReadAction","target":["https:\/\/tuzlainfo.ba\/index.php\/clanci\/sa-svih-strana\/item\/144220-video-pozari-na-jugu-evrope-se-ne-smiruju-vatra-guta-sve-pred-sobom\/"]}]},{"@type":"ImageObject","inLanguage":"bs-BA","@id":"https:\/\/tuzlainfo.ba\/index.php\/clanci\/sa-svih-strana\/item\/144220-video-pozari-na-jugu-evrope-se-ne-smiruju-vatra-guta-sve-pred-sobom\/#primaryimage","url":"https:\/\/tuzlainfo.ba\/wp-content\/uploads\/2021\/08\/0808_pozari_grcka.jpg","contentUrl":"https:\/\/tuzlainfo.ba\/wp-content\/uploads\/2021\/08\/0808_pozari_grcka.jpg","width":1200,"height":776},{"@type":"BreadcrumbList","@id":"https:\/\/tuzlainfo.ba\/index.php\/clanci\/sa-svih-strana\/item\/144220-video-pozari-na-jugu-evrope-se-ne-smiruju-vatra-guta-sve-pred-sobom\/#breadcrumb","itemListElement":[{"@type":"ListItem","position":1,"name":"Home","item":"https:\/\/tuzlainfo.ba\/"},{"@type":"ListItem","position":2,"name":"Video \/ Po\u017eari na jugu Evrope se ne smiruju, vatra &#8220;guta&#8221; sve pred sobom"}]},{"@type":"WebSite","@id":"https:\/\/tuzlainfo.ba\/#website","url":"https:\/\/tuzlainfo.ba\/","name":"TuzlaInfo.ba","description":"Tuzla info, gradski informator - Tuzla na dlanu","publisher":{"@id":"https:\/\/tuzlainfo.ba\/#organization"},"potentialAction":[{"@type":"SearchAction","target":{"@type":"EntryPoint","urlTemplate":"https:\/\/tuzlainfo.ba\/?s={search_term_string}"},"query-input":{"@type":"PropertyValueSpecification","valueRequired":true,"valueName":"search_term_string"}}],"inLanguage":"bs-BA"},{"@type":"Organization","@id":"https:\/\/tuzlainfo.ba\/#organization","name":"TuzlaInfo.ba","url":"https:\/\/tuzlainfo.ba\/","logo":{"@type":"ImageObject","inLanguage":"bs-BA","@id":"https:\/\/tuzlainfo.ba\/#\/schema\/logo\/image\/","url":"https:\/\/tuzlainfo.ba\/wp-content\/uploads\/2021\/03\/logo-ver-3-1.png","contentUrl":"https:\/\/tuzlainfo.ba\/wp-content\/uploads\/2021\/03\/logo-ver-3-1.png","width":350,"height":95,"caption":"TuzlaInfo.ba"},"image":{"@id":"https:\/\/tuzlainfo.ba\/#\/schema\/logo\/image\/"},"sameAs":["https:\/\/www.facebook.com\/tuzlainfo.ba\/"]},{"@type":"Person","@id":"https:\/\/tuzlainfo.ba\/#\/schema\/person\/f434e20dc27ea133923aab08451b7f7f","name":"nedim","image":{"@type":"ImageObject","inLanguage":"bs-BA","@id":"https:\/\/tuzlainfo.ba\/#\/schema\/person\/image\/","url":"https:\/\/tuzlainfo.ba\/wp-content\/litespeed\/avatar\/aabad687af24844af817603ac1cbdc4f.jpg?ver=1776702173","contentUrl":"https:\/\/tuzlainfo.ba\/wp-content\/litespeed\/avatar\/aabad687af24844af817603ac1cbdc4f.jpg?ver=1776702173","caption":"nedim"},"description":"Tuzlainfo.ba pratite na dru\u0161tvenim mre\u017eama: Facebook, Instagram i Youtube. Svoje pri\u010de, upite i fotografije \u0161aljite na na\u0161u e-mail adresu."}]}},"_links":{"self":[{"href":"https:\/\/tuzlainfo.ba\/index.php\/wp-json\/wp\/v2\/posts\/144220"}],"collection":[{"href":"https:\/\/tuzlainfo.ba\/index.php\/wp-json\/wp\/v2\/posts"}],"about":[{"href":"https:\/\/tuzlainfo.ba\/index.php\/wp-json\/wp\/v2\/types\/post"}],"author":[{"embeddable":true,"href":"https:\/\/tuzlainfo.ba\/index.php\/wp-json\/wp\/v2\/users\/2"}],"replies":[{"embeddable":true,"href":"https:\/\/tuzlainfo.ba\/index.php\/wp-json\/wp\/v2\/comments?post=144220"}],"version-history":[{"count":0,"href":"https:\/\/tuzlainfo.ba\/index.php\/wp-json\/wp\/v2\/posts\/144220\/revisions"}],"wp:featuredmedia":[{"embeddable":true,"href":"https:\/\/tuzlainfo.ba\/index.php\/wp-json\/wp\/v2\/media\/144221"}],"wp:attachment":[{"href":"https:\/\/tuzlainfo.ba\/index.php\/wp-json\/wp\/v2\/media?parent=144220"}],"wp:term":[{"taxonomy":"category","embeddable":true,"href":"https:\/\/tuzlainfo.ba\/index.php\/wp-json\/wp\/v2\/categories?post=144220"},{"taxonomy":"post_tag","embeddable":true,"href":"https:\/\/tuzlainfo.ba\/index.php\/wp-json\/wp\/v2\/tags?post=144220"}],"curies":[{"name":"wp","href":"https:\/\/api.w.org\/{rel}","templated":true}]}}