{"id":144154,"date":"2021-08-07T12:21:25","date_gmt":"2021-08-07T10:21:25","guid":{"rendered":"https:\/\/tuzlainfo.ba\/?p=144154"},"modified":"2021-08-07T12:21:25","modified_gmt":"2021-08-07T10:21:25","slug":"sta-se-desava-u-sandzaku-na-urednika-sjenickih-novina-pucano-dok-je-bio-sa-porodicom","status":"publish","type":"post","link":"https:\/\/tuzlainfo.ba\/index.php\/clanci\/sa-svih-strana\/item\/144154-sta-se-desava-u-sandzaku-na-urednika-sjenickih-novina-pucano-dok-je-bio-sa-porodicom\/","title":{"rendered":"\u0160ta se de\u0161ava u Sand\u017eaku: Na urednika Sjeni\u010dkih novina pucano dok je bio sa porodicom"},"content":{"rendered":"<p>U pucnjavi u Sjenici jedna osoba je pogo\u0111ena sa \u010detiri hica.\u00a0Kako prenose mediji, do pucnjave je do\u0161lo sino\u0107 oko 22.30 sati u Ulici Kralja Petra Prvog, a razlog pucnjave su ranije nera\u0161\u010di\u0161\u0107eni ra\u010duni dvojice mu\u0161karaca iz Sjenice.<\/p>\n<p>Prema nezvani\u010dnim informacijama, dvadesetsedmogodi\u0161nji L. E. iz Sjenice ispalio je vi\u0161e hitaca iz vatrenog oru\u017eja, od kojih su \u010detiri pogodila su, prema nezvani\u010dnim informacijama, urednika &#8220;Sjeni\u010dkih novina&#8221; Edina Hamidovi\u0107a (48), pi\u0161u\u00a0<a href=\"https:\/\/www.novosti.rs\/hronika\/zlocin\/1024726\/poznato-ranjen-sjenici-urednika-sjenickih-novina-pucano-automobila-napadac-bekstvu\" target=\"_blank\" rel=\"noopener\">Novosti<\/a>.<\/p>\n<p>Napada\u010d je na Hamidovi\u0107a pucao iz automobila u pokretu, a u trenutku napada sa \u017ertvom su bili i \u010dlanovi njegove porodice, odnosno supruga i djeca.<\/p>\n<p>Hamidovi\u0107 je vozilom hitne slu\u017ebe prevezen u Medicinski centar Novi Pazar gdje je uspje\u0161no operisan i van je \u017eivotne opasnosti, prenose\u00a0<a href=\"https:\/\/www.nezavisne.com\/novosti\/ex-yu\/Urednik-Sjenickih-novina-ranjen-sa-cetiri-hica-iz-auta-u-pokretu\/675123\" target=\"_blank\" rel=\"noopener\">Nezavisne<\/a>.<\/p>\n<p>Prema pisanju\u00a0<a href=\"https:\/\/sandzakpress.net\/pokusaj-ubistva-u-sjenici-izvrsio-emrah-sin-izet-latovica\/?utm_source=dlvr.it&amp;utm_medium=facebook&amp;utm_campaign=pokusaj-ubistva-u-sjenici-izvrsio-emrah-sin-izet-latovica\" target=\"_blank\" rel=\"noopener\">Sandzak pressa<\/a>, na Hamidovi\u0107a je pucao\u00a0Emrah Latovi\u0107.\u00a0Hamidovi\u0107 je ranjen sa dva metka u predelu stomaka, tre\u0107i hitac je zavr\u0161io u ramenu, a \u010detvrti u arteriji na nozi.<\/p>\n<p><iframe style=\"border: none; overflow: hidden;\" src=\"https:\/\/www.facebook.com\/plugins\/post.php?href=https%3A%2F%2Fwww.facebook.com%2FSjenickenovine%2Fposts%2F4545506042150803&amp;show_text=true&amp;width=500\" width=\"500\" height=\"217\" frameborder=\"0\" scrolling=\"no\" allowfullscreen=\"allowfullscreen\"><\/iframe><\/p>\n<p>Lokalni mediji prenose da je Emrah Latovi\u0107, sin Ize\u00a0Latovi\u0107a &#8211;\u00a0lica sa pozama\u0161nim kriminalnim dosijeom, a Hamidovi\u0107 je ranije bezbjednosne organe i javnost obavijestio da mu Latovi\u0107 vi\u0161e puta prijetio.<\/p>\n<p>Izo Latovi\u0107 je aktivista SDP-a Rasima Ljaji\u0107a. Ranije je oteo i fizi\u010dki maltretirao Alena Tahirovi\u0107a koji je iz SDP-a pre\u0161ao u SPP, prenosi <a href=\"https:\/\/www.oslobodjenje.ba\/vijesti\/region\/urednik-sjenickih-novina-pogoden-sa-cetiri-hica-ispaljena-iz-auta-u-pokretu-poznat-identitet-napadaca-pucao-je-na-hamidovica-dok-je-bio-sa-suprugom-i-djecom-679796\"><strong>Oslobo\u0111enje<\/strong><\/a>.<\/p>\n<p><iframe style=\"border: none; overflow: hidden;\" src=\"https:\/\/www.facebook.com\/plugins\/post.php?href=https%3A%2F%2Fwww.facebook.com%2Fal.tahirovic%2Fposts%2F10226636139792268&amp;show_text=true&amp;width=500\" width=\"500\" height=\"732\" frameborder=\"0\" scrolling=\"no\" allowfullscreen=\"allowfullscreen\"><\/iframe><\/p>\n","protected":false},"excerpt":{"rendered":"<p>U pucnjavi u Sjenici jedna osoba je pogo\u0111ena sa \u010detiri hica.\u00a0Kako prenose mediji, do pucnjave&hellip;<\/p>\n","protected":false},"author":2,"featured_media":144155,"comment_status":"open","ping_status":"closed","sticky":false,"template":"","format":"standard","meta":{"_acf_changed":false,"footnotes":""},"categories":[16],"tags":[417,2113,2112],"acf":[],"yoast_head":"<!-- This site is optimized with the Yoast SEO plugin v23.5 - https:\/\/yoast.com\/wordpress\/plugins\/seo\/ -->\n<title>\u0160ta se de\u0161ava u Sand\u017eaku: Na urednika Sjeni\u010dkih novina pucano dok je bio sa porodicom - TuzlaInfo.ba<\/title>\n<meta name=\"robots\" content=\"index, follow, max-snippet:-1, max-image-preview:large, max-video-preview:-1\" \/>\n<link rel=\"canonical\" href=\"https:\/\/tuzlainfo.ba\/index.php\/clanci\/sa-svih-strana\/item\/144154-sta-se-desava-u-sandzaku-na-urednika-sjenickih-novina-pucano-dok-je-bio-sa-porodicom\/\" \/>\n<meta property=\"og:locale\" content=\"bs_BA\" \/>\n<meta property=\"og:type\" content=\"article\" \/>\n<meta property=\"og:title\" content=\"\u0160ta se de\u0161ava u Sand\u017eaku: Na urednika Sjeni\u010dkih novina pucano dok je bio sa porodicom - TuzlaInfo.ba\" \/>\n<meta property=\"og:description\" content=\"U pucnjavi u Sjenici jedna osoba je pogo\u0111ena sa \u010detiri hica.\u00a0Kako prenose mediji, do pucnjave&hellip;\" \/>\n<meta property=\"og:url\" content=\"https:\/\/tuzlainfo.ba\/index.php\/clanci\/sa-svih-strana\/item\/144154-sta-se-desava-u-sandzaku-na-urednika-sjenickih-novina-pucano-dok-je-bio-sa-porodicom\/\" \/>\n<meta property=\"og:site_name\" content=\"TuzlaInfo.ba\" \/>\n<meta property=\"article:publisher\" content=\"https:\/\/www.facebook.com\/tuzlainfo.ba\/\" \/>\n<meta property=\"article:published_time\" content=\"2021-08-07T10:21:25+00:00\" \/>\n<meta property=\"og:image\" content=\"https:\/\/tuzlainfo.ba\/wp-content\/uploads\/2021\/08\/0708_sjenica_policija.jpg\" \/>\n\t<meta property=\"og:image:width\" content=\"1022\" \/>\n\t<meta property=\"og:image:height\" content=\"621\" \/>\n\t<meta property=\"og:image:type\" content=\"image\/jpeg\" \/>\n<meta name=\"author\" content=\"nedim\" \/>\n<meta name=\"twitter:card\" content=\"summary_large_image\" \/>\n<meta name=\"twitter:label1\" content=\"Written by\" \/>\n\t<meta name=\"twitter:data1\" content=\"nedim\" \/>\n\t<meta name=\"twitter:label2\" content=\"Est. reading time\" \/>\n\t<meta name=\"twitter:data2\" content=\"1 minuta\" \/>\n<script type=\"application\/ld+json\" class=\"yoast-schema-graph\">{\"@context\":\"https:\/\/schema.org\",\"@graph\":[{\"@type\":\"Article\",\"@id\":\"https:\/\/tuzlainfo.ba\/index.php\/clanci\/sa-svih-strana\/item\/144154-sta-se-desava-u-sandzaku-na-urednika-sjenickih-novina-pucano-dok-je-bio-sa-porodicom\/#article\",\"isPartOf\":{\"@id\":\"https:\/\/tuzlainfo.ba\/index.php\/clanci\/sa-svih-strana\/item\/144154-sta-se-desava-u-sandzaku-na-urednika-sjenickih-novina-pucano-dok-je-bio-sa-porodicom\/\"},\"author\":{\"name\":\"nedim\",\"@id\":\"https:\/\/tuzlainfo.ba\/#\/schema\/person\/f434e20dc27ea133923aab08451b7f7f\"},\"headline\":\"\u0160ta se de\u0161ava u Sand\u017eaku: Na urednika Sjeni\u010dkih novina pucano dok je bio sa porodicom\",\"datePublished\":\"2021-08-07T10:21:25+00:00\",\"dateModified\":\"2021-08-07T10:21:25+00:00\",\"mainEntityOfPage\":{\"@id\":\"https:\/\/tuzlainfo.ba\/index.php\/clanci\/sa-svih-strana\/item\/144154-sta-se-desava-u-sandzaku-na-urednika-sjenickih-novina-pucano-dok-je-bio-sa-porodicom\/\"},\"wordCount\":247,\"commentCount\":0,\"publisher\":{\"@id\":\"https:\/\/tuzlainfo.ba\/#organization\"},\"image\":{\"@id\":\"https:\/\/tuzlainfo.ba\/index.php\/clanci\/sa-svih-strana\/item\/144154-sta-se-desava-u-sandzaku-na-urednika-sjenickih-novina-pucano-dok-je-bio-sa-porodicom\/#primaryimage\"},\"thumbnailUrl\":\"https:\/\/tuzlainfo.ba\/wp-content\/uploads\/2021\/08\/0708_sjenica_policija.jpg\",\"keywords\":[\"crna hronika\",\"sand\u017eak\",\"sjenica\"],\"articleSection\":[\"Sa svih strana\"],\"inLanguage\":\"bs-BA\"},{\"@type\":\"WebPage\",\"@id\":\"https:\/\/tuzlainfo.ba\/index.php\/clanci\/sa-svih-strana\/item\/144154-sta-se-desava-u-sandzaku-na-urednika-sjenickih-novina-pucano-dok-je-bio-sa-porodicom\/\",\"url\":\"https:\/\/tuzlainfo.ba\/index.php\/clanci\/sa-svih-strana\/item\/144154-sta-se-desava-u-sandzaku-na-urednika-sjenickih-novina-pucano-dok-je-bio-sa-porodicom\/\",\"name\":\"\u0160ta se de\u0161ava u Sand\u017eaku: Na urednika Sjeni\u010dkih novina pucano dok je bio sa porodicom - TuzlaInfo.ba\",\"isPartOf\":{\"@id\":\"https:\/\/tuzlainfo.ba\/#website\"},\"primaryImageOfPage\":{\"@id\":\"https:\/\/tuzlainfo.ba\/index.php\/clanci\/sa-svih-strana\/item\/144154-sta-se-desava-u-sandzaku-na-urednika-sjenickih-novina-pucano-dok-je-bio-sa-porodicom\/#primaryimage\"},\"image\":{\"@id\":\"https:\/\/tuzlainfo.ba\/index.php\/clanci\/sa-svih-strana\/item\/144154-sta-se-desava-u-sandzaku-na-urednika-sjenickih-novina-pucano-dok-je-bio-sa-porodicom\/#primaryimage\"},\"thumbnailUrl\":\"https:\/\/tuzlainfo.ba\/wp-content\/uploads\/2021\/08\/0708_sjenica_policija.jpg\",\"datePublished\":\"2021-08-07T10:21:25+00:00\",\"dateModified\":\"2021-08-07T10:21:25+00:00\",\"breadcrumb\":{\"@id\":\"https:\/\/tuzlainfo.ba\/index.php\/clanci\/sa-svih-strana\/item\/144154-sta-se-desava-u-sandzaku-na-urednika-sjenickih-novina-pucano-dok-je-bio-sa-porodicom\/#breadcrumb\"},\"inLanguage\":\"bs-BA\",\"potentialAction\":[{\"@type\":\"ReadAction\",\"target\":[\"https:\/\/tuzlainfo.ba\/index.php\/clanci\/sa-svih-strana\/item\/144154-sta-se-desava-u-sandzaku-na-urednika-sjenickih-novina-pucano-dok-je-bio-sa-porodicom\/\"]}]},{\"@type\":\"ImageObject\",\"inLanguage\":\"bs-BA\",\"@id\":\"https:\/\/tuzlainfo.ba\/index.php\/clanci\/sa-svih-strana\/item\/144154-sta-se-desava-u-sandzaku-na-urednika-sjenickih-novina-pucano-dok-je-bio-sa-porodicom\/#primaryimage\",\"url\":\"https:\/\/tuzlainfo.ba\/wp-content\/uploads\/2021\/08\/0708_sjenica_policija.jpg\",\"contentUrl\":\"https:\/\/tuzlainfo.ba\/wp-content\/uploads\/2021\/08\/0708_sjenica_policija.jpg\",\"width\":1022,\"height\":621},{\"@type\":\"BreadcrumbList\",\"@id\":\"https:\/\/tuzlainfo.ba\/index.php\/clanci\/sa-svih-strana\/item\/144154-sta-se-desava-u-sandzaku-na-urednika-sjenickih-novina-pucano-dok-je-bio-sa-porodicom\/#breadcrumb\",\"itemListElement\":[{\"@type\":\"ListItem\",\"position\":1,\"name\":\"Home\",\"item\":\"https:\/\/tuzlainfo.ba\/\"},{\"@type\":\"ListItem\",\"position\":2,\"name\":\"\u0160ta se de\u0161ava u Sand\u017eaku: Na urednika Sjeni\u010dkih novina pucano dok je bio sa porodicom\"}]},{\"@type\":\"WebSite\",\"@id\":\"https:\/\/tuzlainfo.ba\/#website\",\"url\":\"https:\/\/tuzlainfo.ba\/\",\"name\":\"TuzlaInfo.ba\",\"description\":\"Tuzla info, gradski informator - Tuzla na dlanu\",\"publisher\":{\"@id\":\"https:\/\/tuzlainfo.ba\/#organization\"},\"potentialAction\":[{\"@type\":\"SearchAction\",\"target\":{\"@type\":\"EntryPoint\",\"urlTemplate\":\"https:\/\/tuzlainfo.ba\/?s={search_term_string}\"},\"query-input\":{\"@type\":\"PropertyValueSpecification\",\"valueRequired\":true,\"valueName\":\"search_term_string\"}}],\"inLanguage\":\"bs-BA\"},{\"@type\":\"Organization\",\"@id\":\"https:\/\/tuzlainfo.ba\/#organization\",\"name\":\"TuzlaInfo.ba\",\"url\":\"https:\/\/tuzlainfo.ba\/\",\"logo\":{\"@type\":\"ImageObject\",\"inLanguage\":\"bs-BA\",\"@id\":\"https:\/\/tuzlainfo.ba\/#\/schema\/logo\/image\/\",\"url\":\"https:\/\/tuzlainfo.ba\/wp-content\/uploads\/2021\/03\/logo-ver-3-1.png\",\"contentUrl\":\"https:\/\/tuzlainfo.ba\/wp-content\/uploads\/2021\/03\/logo-ver-3-1.png\",\"width\":350,\"height\":95,\"caption\":\"TuzlaInfo.ba\"},\"image\":{\"@id\":\"https:\/\/tuzlainfo.ba\/#\/schema\/logo\/image\/\"},\"sameAs\":[\"https:\/\/www.facebook.com\/tuzlainfo.ba\/\"]},{\"@type\":\"Person\",\"@id\":\"https:\/\/tuzlainfo.ba\/#\/schema\/person\/f434e20dc27ea133923aab08451b7f7f\",\"name\":\"nedim\",\"image\":{\"@type\":\"ImageObject\",\"inLanguage\":\"bs-BA\",\"@id\":\"https:\/\/tuzlainfo.ba\/#\/schema\/person\/image\/\",\"url\":\"https:\/\/tuzlainfo.ba\/wp-content\/litespeed\/avatar\/aabad687af24844af817603ac1cbdc4f.jpg?ver=1776702173\",\"contentUrl\":\"https:\/\/tuzlainfo.ba\/wp-content\/litespeed\/avatar\/aabad687af24844af817603ac1cbdc4f.jpg?ver=1776702173\",\"caption\":\"nedim\"},\"description\":\"Tuzlainfo.ba pratite na dru\u0161tvenim mre\u017eama: Facebook, Instagram i Youtube. Svoje pri\u010de, upite i fotografije \u0161aljite na na\u0161u e-mail adresu.\"}]}<\/script>\n<!-- \/ Yoast SEO plugin. -->","yoast_head_json":{"title":"\u0160ta se de\u0161ava u Sand\u017eaku: Na urednika Sjeni\u010dkih novina pucano dok je bio sa porodicom - TuzlaInfo.ba","robots":{"index":"index","follow":"follow","max-snippet":"max-snippet:-1","max-image-preview":"max-image-preview:large","max-video-preview":"max-video-preview:-1"},"canonical":"https:\/\/tuzlainfo.ba\/index.php\/clanci\/sa-svih-strana\/item\/144154-sta-se-desava-u-sandzaku-na-urednika-sjenickih-novina-pucano-dok-je-bio-sa-porodicom\/","og_locale":"bs_BA","og_type":"article","og_title":"\u0160ta se de\u0161ava u Sand\u017eaku: Na urednika Sjeni\u010dkih novina pucano dok je bio sa porodicom - TuzlaInfo.ba","og_description":"U pucnjavi u Sjenici jedna osoba je pogo\u0111ena sa \u010detiri hica.\u00a0Kako prenose mediji, do pucnjave&hellip;","og_url":"https:\/\/tuzlainfo.ba\/index.php\/clanci\/sa-svih-strana\/item\/144154-sta-se-desava-u-sandzaku-na-urednika-sjenickih-novina-pucano-dok-je-bio-sa-porodicom\/","og_site_name":"TuzlaInfo.ba","article_publisher":"https:\/\/www.facebook.com\/tuzlainfo.ba\/","article_published_time":"2021-08-07T10:21:25+00:00","og_image":[{"width":1022,"height":621,"url":"https:\/\/tuzlainfo.ba\/wp-content\/uploads\/2021\/08\/0708_sjenica_policija.jpg","type":"image\/jpeg"}],"author":"nedim","twitter_card":"summary_large_image","twitter_misc":{"Written by":"nedim","Est. reading time":"1 minuta"},"schema":{"@context":"https:\/\/schema.org","@graph":[{"@type":"Article","@id":"https:\/\/tuzlainfo.ba\/index.php\/clanci\/sa-svih-strana\/item\/144154-sta-se-desava-u-sandzaku-na-urednika-sjenickih-novina-pucano-dok-je-bio-sa-porodicom\/#article","isPartOf":{"@id":"https:\/\/tuzlainfo.ba\/index.php\/clanci\/sa-svih-strana\/item\/144154-sta-se-desava-u-sandzaku-na-urednika-sjenickih-novina-pucano-dok-je-bio-sa-porodicom\/"},"author":{"name":"nedim","@id":"https:\/\/tuzlainfo.ba\/#\/schema\/person\/f434e20dc27ea133923aab08451b7f7f"},"headline":"\u0160ta se de\u0161ava u Sand\u017eaku: Na urednika Sjeni\u010dkih novina pucano dok je bio sa porodicom","datePublished":"2021-08-07T10:21:25+00:00","dateModified":"2021-08-07T10:21:25+00:00","mainEntityOfPage":{"@id":"https:\/\/tuzlainfo.ba\/index.php\/clanci\/sa-svih-strana\/item\/144154-sta-se-desava-u-sandzaku-na-urednika-sjenickih-novina-pucano-dok-je-bio-sa-porodicom\/"},"wordCount":247,"commentCount":0,"publisher":{"@id":"https:\/\/tuzlainfo.ba\/#organization"},"image":{"@id":"https:\/\/tuzlainfo.ba\/index.php\/clanci\/sa-svih-strana\/item\/144154-sta-se-desava-u-sandzaku-na-urednika-sjenickih-novina-pucano-dok-je-bio-sa-porodicom\/#primaryimage"},"thumbnailUrl":"https:\/\/tuzlainfo.ba\/wp-content\/uploads\/2021\/08\/0708_sjenica_policija.jpg","keywords":["crna hronika","sand\u017eak","sjenica"],"articleSection":["Sa svih strana"],"inLanguage":"bs-BA"},{"@type":"WebPage","@id":"https:\/\/tuzlainfo.ba\/index.php\/clanci\/sa-svih-strana\/item\/144154-sta-se-desava-u-sandzaku-na-urednika-sjenickih-novina-pucano-dok-je-bio-sa-porodicom\/","url":"https:\/\/tuzlainfo.ba\/index.php\/clanci\/sa-svih-strana\/item\/144154-sta-se-desava-u-sandzaku-na-urednika-sjenickih-novina-pucano-dok-je-bio-sa-porodicom\/","name":"\u0160ta se de\u0161ava u Sand\u017eaku: Na urednika Sjeni\u010dkih novina pucano dok je bio sa porodicom - TuzlaInfo.ba","isPartOf":{"@id":"https:\/\/tuzlainfo.ba\/#website"},"primaryImageOfPage":{"@id":"https:\/\/tuzlainfo.ba\/index.php\/clanci\/sa-svih-strana\/item\/144154-sta-se-desava-u-sandzaku-na-urednika-sjenickih-novina-pucano-dok-je-bio-sa-porodicom\/#primaryimage"},"image":{"@id":"https:\/\/tuzlainfo.ba\/index.php\/clanci\/sa-svih-strana\/item\/144154-sta-se-desava-u-sandzaku-na-urednika-sjenickih-novina-pucano-dok-je-bio-sa-porodicom\/#primaryimage"},"thumbnailUrl":"https:\/\/tuzlainfo.ba\/wp-content\/uploads\/2021\/08\/0708_sjenica_policija.jpg","datePublished":"2021-08-07T10:21:25+00:00","dateModified":"2021-08-07T10:21:25+00:00","breadcrumb":{"@id":"https:\/\/tuzlainfo.ba\/index.php\/clanci\/sa-svih-strana\/item\/144154-sta-se-desava-u-sandzaku-na-urednika-sjenickih-novina-pucano-dok-je-bio-sa-porodicom\/#breadcrumb"},"inLanguage":"bs-BA","potentialAction":[{"@type":"ReadAction","target":["https:\/\/tuzlainfo.ba\/index.php\/clanci\/sa-svih-strana\/item\/144154-sta-se-desava-u-sandzaku-na-urednika-sjenickih-novina-pucano-dok-je-bio-sa-porodicom\/"]}]},{"@type":"ImageObject","inLanguage":"bs-BA","@id":"https:\/\/tuzlainfo.ba\/index.php\/clanci\/sa-svih-strana\/item\/144154-sta-se-desava-u-sandzaku-na-urednika-sjenickih-novina-pucano-dok-je-bio-sa-porodicom\/#primaryimage","url":"https:\/\/tuzlainfo.ba\/wp-content\/uploads\/2021\/08\/0708_sjenica_policija.jpg","contentUrl":"https:\/\/tuzlainfo.ba\/wp-content\/uploads\/2021\/08\/0708_sjenica_policija.jpg","width":1022,"height":621},{"@type":"BreadcrumbList","@id":"https:\/\/tuzlainfo.ba\/index.php\/clanci\/sa-svih-strana\/item\/144154-sta-se-desava-u-sandzaku-na-urednika-sjenickih-novina-pucano-dok-je-bio-sa-porodicom\/#breadcrumb","itemListElement":[{"@type":"ListItem","position":1,"name":"Home","item":"https:\/\/tuzlainfo.ba\/"},{"@type":"ListItem","position":2,"name":"\u0160ta se de\u0161ava u Sand\u017eaku: Na urednika Sjeni\u010dkih novina pucano dok je bio sa porodicom"}]},{"@type":"WebSite","@id":"https:\/\/tuzlainfo.ba\/#website","url":"https:\/\/tuzlainfo.ba\/","name":"TuzlaInfo.ba","description":"Tuzla info, gradski informator - Tuzla na dlanu","publisher":{"@id":"https:\/\/tuzlainfo.ba\/#organization"},"potentialAction":[{"@type":"SearchAction","target":{"@type":"EntryPoint","urlTemplate":"https:\/\/tuzlainfo.ba\/?s={search_term_string}"},"query-input":{"@type":"PropertyValueSpecification","valueRequired":true,"valueName":"search_term_string"}}],"inLanguage":"bs-BA"},{"@type":"Organization","@id":"https:\/\/tuzlainfo.ba\/#organization","name":"TuzlaInfo.ba","url":"https:\/\/tuzlainfo.ba\/","logo":{"@type":"ImageObject","inLanguage":"bs-BA","@id":"https:\/\/tuzlainfo.ba\/#\/schema\/logo\/image\/","url":"https:\/\/tuzlainfo.ba\/wp-content\/uploads\/2021\/03\/logo-ver-3-1.png","contentUrl":"https:\/\/tuzlainfo.ba\/wp-content\/uploads\/2021\/03\/logo-ver-3-1.png","width":350,"height":95,"caption":"TuzlaInfo.ba"},"image":{"@id":"https:\/\/tuzlainfo.ba\/#\/schema\/logo\/image\/"},"sameAs":["https:\/\/www.facebook.com\/tuzlainfo.ba\/"]},{"@type":"Person","@id":"https:\/\/tuzlainfo.ba\/#\/schema\/person\/f434e20dc27ea133923aab08451b7f7f","name":"nedim","image":{"@type":"ImageObject","inLanguage":"bs-BA","@id":"https:\/\/tuzlainfo.ba\/#\/schema\/person\/image\/","url":"https:\/\/tuzlainfo.ba\/wp-content\/litespeed\/avatar\/aabad687af24844af817603ac1cbdc4f.jpg?ver=1776702173","contentUrl":"https:\/\/tuzlainfo.ba\/wp-content\/litespeed\/avatar\/aabad687af24844af817603ac1cbdc4f.jpg?ver=1776702173","caption":"nedim"},"description":"Tuzlainfo.ba pratite na dru\u0161tvenim mre\u017eama: Facebook, Instagram i Youtube. Svoje pri\u010de, upite i fotografije \u0161aljite na na\u0161u e-mail adresu."}]}},"_links":{"self":[{"href":"https:\/\/tuzlainfo.ba\/index.php\/wp-json\/wp\/v2\/posts\/144154"}],"collection":[{"href":"https:\/\/tuzlainfo.ba\/index.php\/wp-json\/wp\/v2\/posts"}],"about":[{"href":"https:\/\/tuzlainfo.ba\/index.php\/wp-json\/wp\/v2\/types\/post"}],"author":[{"embeddable":true,"href":"https:\/\/tuzlainfo.ba\/index.php\/wp-json\/wp\/v2\/users\/2"}],"replies":[{"embeddable":true,"href":"https:\/\/tuzlainfo.ba\/index.php\/wp-json\/wp\/v2\/comments?post=144154"}],"version-history":[{"count":0,"href":"https:\/\/tuzlainfo.ba\/index.php\/wp-json\/wp\/v2\/posts\/144154\/revisions"}],"wp:featuredmedia":[{"embeddable":true,"href":"https:\/\/tuzlainfo.ba\/index.php\/wp-json\/wp\/v2\/media\/144155"}],"wp:attachment":[{"href":"https:\/\/tuzlainfo.ba\/index.php\/wp-json\/wp\/v2\/media?parent=144154"}],"wp:term":[{"taxonomy":"category","embeddable":true,"href":"https:\/\/tuzlainfo.ba\/index.php\/wp-json\/wp\/v2\/categories?post=144154"},{"taxonomy":"post_tag","embeddable":true,"href":"https:\/\/tuzlainfo.ba\/index.php\/wp-json\/wp\/v2\/tags?post=144154"}],"curies":[{"name":"wp","href":"https:\/\/api.w.org\/{rel}","templated":true}]}}