{"id":143969,"date":"2021-08-05T16:08:07","date_gmt":"2021-08-05T14:08:07","guid":{"rendered":"https:\/\/tuzlainfo.ba\/?p=143969"},"modified":"2021-08-05T15:48:05","modified_gmt":"2021-08-05T13:48:05","slug":"tk-objavljen-spisak-udzbenika-u-narednoj-skolskoj-godini-za-osnovne-skole","status":"publish","type":"post","link":"https:\/\/tuzlainfo.ba\/index.php\/novosti\/item\/143969-tk-objavljen-spisak-udzbenika-u-narednoj-skolskoj-godini-za-osnovne-skole\/","title":{"rendered":"TK: Objavljen spisak ud\u017ebenika u narednoj \u0161kolskoj godini za osnovne \u0161kole"},"content":{"rendered":"<p>Ministarstvo za obrazovanje i nauku Tuzlanskog kantona je i ove godine donijelo Odluku o kori\u0161tenju ud\u017ebenika za osnovne \u0161kole.<\/p>\n<p>Na snazi ostaje odredba da svaki pojedina\u010dni predmet ima samo po jedan odgovaraju\u0107i ud\u017ebenik.<\/p>\n<p>Na<a href=\"https:\/\/montk.gov.ba\/wp-content\/uploads\/2021\/06\/Odluka-o-koristenju-udzbenika.pdf\"> linku<\/a> pogledajte spisak ud\u017ebenika.<\/p>\n","protected":false},"excerpt":{"rendered":"<p>Ministarstvo za obrazovanje i nauku Tuzlanskog kantona je i ove godine donijelo Odluku o kori\u0161tenju&hellip;<\/p>\n","protected":false},"author":4,"featured_media":141412,"comment_status":"open","ping_status":"closed","sticky":false,"template":"","format":"standard","meta":{"_acf_changed":false,"footnotes":""},"categories":[304,12],"tags":[1416,360,1784],"acf":[],"yoast_head":"<!-- This site is optimized with the Yoast SEO plugin v23.5 - https:\/\/yoast.com\/wordpress\/plugins\/seo\/ -->\n<title>TK: Objavljen spisak ud\u017ebenika u narednoj \u0161kolskoj godini za osnovne \u0161kole - TuzlaInfo.ba<\/title>\n<meta name=\"robots\" content=\"index, follow, max-snippet:-1, max-image-preview:large, max-video-preview:-1\" \/>\n<link rel=\"canonical\" href=\"https:\/\/tuzlainfo.ba\/index.php\/novosti\/item\/143969-tk-objavljen-spisak-udzbenika-u-narednoj-skolskoj-godini-za-osnovne-skole\/\" \/>\n<meta property=\"og:locale\" content=\"bs_BA\" \/>\n<meta property=\"og:type\" content=\"article\" \/>\n<meta property=\"og:title\" content=\"TK: Objavljen spisak ud\u017ebenika u narednoj \u0161kolskoj godini za osnovne \u0161kole - TuzlaInfo.ba\" \/>\n<meta property=\"og:description\" content=\"Ministarstvo za obrazovanje i nauku Tuzlanskog kantona je i ove godine donijelo Odluku o kori\u0161tenju&hellip;\" \/>\n<meta property=\"og:url\" content=\"https:\/\/tuzlainfo.ba\/index.php\/novosti\/item\/143969-tk-objavljen-spisak-udzbenika-u-narednoj-skolskoj-godini-za-osnovne-skole\/\" \/>\n<meta property=\"og:site_name\" content=\"TuzlaInfo.ba\" \/>\n<meta property=\"article:publisher\" content=\"https:\/\/www.facebook.com\/tuzlainfo.ba\/\" \/>\n<meta property=\"article:published_time\" content=\"2021-08-05T14:08:07+00:00\" \/>\n<meta property=\"article:modified_time\" content=\"2021-08-05T13:48:05+00:00\" \/>\n<meta property=\"og:image\" content=\"https:\/\/tuzlainfo.ba\/wp-content\/uploads\/2021\/07\/0907_udzbenici_knjige.jpg\" \/>\n\t<meta property=\"og:image:width\" content=\"940\" \/>\n\t<meta property=\"og:image:height\" content=\"529\" \/>\n\t<meta property=\"og:image:type\" content=\"image\/jpeg\" \/>\n<meta name=\"author\" content=\"Tuzla Info\" \/>\n<meta name=\"twitter:card\" content=\"summary_large_image\" \/>\n<meta name=\"twitter:label1\" content=\"Written by\" \/>\n\t<meta name=\"twitter:data1\" content=\"Tuzla Info\" \/>\n<script type=\"application\/ld+json\" class=\"yoast-schema-graph\">{\"@context\":\"https:\/\/schema.org\",\"@graph\":[{\"@type\":\"Article\",\"@id\":\"https:\/\/tuzlainfo.ba\/index.php\/novosti\/item\/143969-tk-objavljen-spisak-udzbenika-u-narednoj-skolskoj-godini-za-osnovne-skole\/#article\",\"isPartOf\":{\"@id\":\"https:\/\/tuzlainfo.ba\/index.php\/novosti\/item\/143969-tk-objavljen-spisak-udzbenika-u-narednoj-skolskoj-godini-za-osnovne-skole\/\"},\"author\":{\"name\":\"Tuzla Info\",\"@id\":\"https:\/\/tuzlainfo.ba\/#\/schema\/person\/46cad4c57790cbc50781edd14870825a\"},\"headline\":\"TK: Objavljen spisak ud\u017ebenika u narednoj \u0161kolskoj godini za osnovne \u0161kole\",\"datePublished\":\"2021-08-05T14:08:07+00:00\",\"dateModified\":\"2021-08-05T13:48:05+00:00\",\"mainEntityOfPage\":{\"@id\":\"https:\/\/tuzlainfo.ba\/index.php\/novosti\/item\/143969-tk-objavljen-spisak-udzbenika-u-narednoj-skolskoj-godini-za-osnovne-skole\/\"},\"wordCount\":56,\"commentCount\":0,\"publisher\":{\"@id\":\"https:\/\/tuzlainfo.ba\/#organization\"},\"image\":{\"@id\":\"https:\/\/tuzlainfo.ba\/index.php\/novosti\/item\/143969-tk-objavljen-spisak-udzbenika-u-narednoj-skolskoj-godini-za-osnovne-skole\/#primaryimage\"},\"thumbnailUrl\":\"https:\/\/tuzlainfo.ba\/wp-content\/uploads\/2021\/07\/0907_udzbenici_knjige.jpg\",\"keywords\":[\"\u0161kole\",\"tuzlanski kanton\",\"ud\u017ebenici\"],\"articleSection\":[\"Istaknuto\",\"Novosti\"],\"inLanguage\":\"bs-BA\"},{\"@type\":\"WebPage\",\"@id\":\"https:\/\/tuzlainfo.ba\/index.php\/novosti\/item\/143969-tk-objavljen-spisak-udzbenika-u-narednoj-skolskoj-godini-za-osnovne-skole\/\",\"url\":\"https:\/\/tuzlainfo.ba\/index.php\/novosti\/item\/143969-tk-objavljen-spisak-udzbenika-u-narednoj-skolskoj-godini-za-osnovne-skole\/\",\"name\":\"TK: Objavljen spisak ud\u017ebenika u narednoj \u0161kolskoj godini za osnovne \u0161kole - TuzlaInfo.ba\",\"isPartOf\":{\"@id\":\"https:\/\/tuzlainfo.ba\/#website\"},\"primaryImageOfPage\":{\"@id\":\"https:\/\/tuzlainfo.ba\/index.php\/novosti\/item\/143969-tk-objavljen-spisak-udzbenika-u-narednoj-skolskoj-godini-za-osnovne-skole\/#primaryimage\"},\"image\":{\"@id\":\"https:\/\/tuzlainfo.ba\/index.php\/novosti\/item\/143969-tk-objavljen-spisak-udzbenika-u-narednoj-skolskoj-godini-za-osnovne-skole\/#primaryimage\"},\"thumbnailUrl\":\"https:\/\/tuzlainfo.ba\/wp-content\/uploads\/2021\/07\/0907_udzbenici_knjige.jpg\",\"datePublished\":\"2021-08-05T14:08:07+00:00\",\"dateModified\":\"2021-08-05T13:48:05+00:00\",\"breadcrumb\":{\"@id\":\"https:\/\/tuzlainfo.ba\/index.php\/novosti\/item\/143969-tk-objavljen-spisak-udzbenika-u-narednoj-skolskoj-godini-za-osnovne-skole\/#breadcrumb\"},\"inLanguage\":\"bs-BA\",\"potentialAction\":[{\"@type\":\"ReadAction\",\"target\":[\"https:\/\/tuzlainfo.ba\/index.php\/novosti\/item\/143969-tk-objavljen-spisak-udzbenika-u-narednoj-skolskoj-godini-za-osnovne-skole\/\"]}]},{\"@type\":\"ImageObject\",\"inLanguage\":\"bs-BA\",\"@id\":\"https:\/\/tuzlainfo.ba\/index.php\/novosti\/item\/143969-tk-objavljen-spisak-udzbenika-u-narednoj-skolskoj-godini-za-osnovne-skole\/#primaryimage\",\"url\":\"https:\/\/tuzlainfo.ba\/wp-content\/uploads\/2021\/07\/0907_udzbenici_knjige.jpg\",\"contentUrl\":\"https:\/\/tuzlainfo.ba\/wp-content\/uploads\/2021\/07\/0907_udzbenici_knjige.jpg\",\"width\":940,\"height\":529},{\"@type\":\"BreadcrumbList\",\"@id\":\"https:\/\/tuzlainfo.ba\/index.php\/novosti\/item\/143969-tk-objavljen-spisak-udzbenika-u-narednoj-skolskoj-godini-za-osnovne-skole\/#breadcrumb\",\"itemListElement\":[{\"@type\":\"ListItem\",\"position\":1,\"name\":\"Home\",\"item\":\"https:\/\/tuzlainfo.ba\/\"},{\"@type\":\"ListItem\",\"position\":2,\"name\":\"TK: Objavljen spisak ud\u017ebenika u narednoj \u0161kolskoj godini za osnovne \u0161kole\"}]},{\"@type\":\"WebSite\",\"@id\":\"https:\/\/tuzlainfo.ba\/#website\",\"url\":\"https:\/\/tuzlainfo.ba\/\",\"name\":\"TuzlaInfo.ba\",\"description\":\"Tuzla info, gradski informator - Tuzla na dlanu\",\"publisher\":{\"@id\":\"https:\/\/tuzlainfo.ba\/#organization\"},\"potentialAction\":[{\"@type\":\"SearchAction\",\"target\":{\"@type\":\"EntryPoint\",\"urlTemplate\":\"https:\/\/tuzlainfo.ba\/?s={search_term_string}\"},\"query-input\":{\"@type\":\"PropertyValueSpecification\",\"valueRequired\":true,\"valueName\":\"search_term_string\"}}],\"inLanguage\":\"bs-BA\"},{\"@type\":\"Organization\",\"@id\":\"https:\/\/tuzlainfo.ba\/#organization\",\"name\":\"TuzlaInfo.ba\",\"url\":\"https:\/\/tuzlainfo.ba\/\",\"logo\":{\"@type\":\"ImageObject\",\"inLanguage\":\"bs-BA\",\"@id\":\"https:\/\/tuzlainfo.ba\/#\/schema\/logo\/image\/\",\"url\":\"https:\/\/tuzlainfo.ba\/wp-content\/uploads\/2021\/03\/logo-ver-3-1.png\",\"contentUrl\":\"https:\/\/tuzlainfo.ba\/wp-content\/uploads\/2021\/03\/logo-ver-3-1.png\",\"width\":350,\"height\":95,\"caption\":\"TuzlaInfo.ba\"},\"image\":{\"@id\":\"https:\/\/tuzlainfo.ba\/#\/schema\/logo\/image\/\"},\"sameAs\":[\"https:\/\/www.facebook.com\/tuzlainfo.ba\/\"]},{\"@type\":\"Person\",\"@id\":\"https:\/\/tuzlainfo.ba\/#\/schema\/person\/46cad4c57790cbc50781edd14870825a\",\"name\":\"Tuzla Info\",\"image\":{\"@type\":\"ImageObject\",\"inLanguage\":\"bs-BA\",\"@id\":\"https:\/\/tuzlainfo.ba\/#\/schema\/person\/image\/\",\"url\":\"https:\/\/tuzlainfo.ba\/wp-content\/litespeed\/avatar\/b6c453a6c38e3654f2e4416c643fc25c.jpg?ver=1777051911\",\"contentUrl\":\"https:\/\/tuzlainfo.ba\/wp-content\/litespeed\/avatar\/b6c453a6c38e3654f2e4416c643fc25c.jpg?ver=1777051911\",\"caption\":\"Tuzla Info\"}}]}<\/script>\n<!-- \/ Yoast SEO plugin. -->","yoast_head_json":{"title":"TK: Objavljen spisak ud\u017ebenika u narednoj \u0161kolskoj godini za osnovne \u0161kole - TuzlaInfo.ba","robots":{"index":"index","follow":"follow","max-snippet":"max-snippet:-1","max-image-preview":"max-image-preview:large","max-video-preview":"max-video-preview:-1"},"canonical":"https:\/\/tuzlainfo.ba\/index.php\/novosti\/item\/143969-tk-objavljen-spisak-udzbenika-u-narednoj-skolskoj-godini-za-osnovne-skole\/","og_locale":"bs_BA","og_type":"article","og_title":"TK: Objavljen spisak ud\u017ebenika u narednoj \u0161kolskoj godini za osnovne \u0161kole - TuzlaInfo.ba","og_description":"Ministarstvo za obrazovanje i nauku Tuzlanskog kantona je i ove godine donijelo Odluku o kori\u0161tenju&hellip;","og_url":"https:\/\/tuzlainfo.ba\/index.php\/novosti\/item\/143969-tk-objavljen-spisak-udzbenika-u-narednoj-skolskoj-godini-za-osnovne-skole\/","og_site_name":"TuzlaInfo.ba","article_publisher":"https:\/\/www.facebook.com\/tuzlainfo.ba\/","article_published_time":"2021-08-05T14:08:07+00:00","article_modified_time":"2021-08-05T13:48:05+00:00","og_image":[{"width":940,"height":529,"url":"https:\/\/tuzlainfo.ba\/wp-content\/uploads\/2021\/07\/0907_udzbenici_knjige.jpg","type":"image\/jpeg"}],"author":"Tuzla Info","twitter_card":"summary_large_image","twitter_misc":{"Written by":"Tuzla Info"},"schema":{"@context":"https:\/\/schema.org","@graph":[{"@type":"Article","@id":"https:\/\/tuzlainfo.ba\/index.php\/novosti\/item\/143969-tk-objavljen-spisak-udzbenika-u-narednoj-skolskoj-godini-za-osnovne-skole\/#article","isPartOf":{"@id":"https:\/\/tuzlainfo.ba\/index.php\/novosti\/item\/143969-tk-objavljen-spisak-udzbenika-u-narednoj-skolskoj-godini-za-osnovne-skole\/"},"author":{"name":"Tuzla Info","@id":"https:\/\/tuzlainfo.ba\/#\/schema\/person\/46cad4c57790cbc50781edd14870825a"},"headline":"TK: Objavljen spisak ud\u017ebenika u narednoj \u0161kolskoj godini za osnovne \u0161kole","datePublished":"2021-08-05T14:08:07+00:00","dateModified":"2021-08-05T13:48:05+00:00","mainEntityOfPage":{"@id":"https:\/\/tuzlainfo.ba\/index.php\/novosti\/item\/143969-tk-objavljen-spisak-udzbenika-u-narednoj-skolskoj-godini-za-osnovne-skole\/"},"wordCount":56,"commentCount":0,"publisher":{"@id":"https:\/\/tuzlainfo.ba\/#organization"},"image":{"@id":"https:\/\/tuzlainfo.ba\/index.php\/novosti\/item\/143969-tk-objavljen-spisak-udzbenika-u-narednoj-skolskoj-godini-za-osnovne-skole\/#primaryimage"},"thumbnailUrl":"https:\/\/tuzlainfo.ba\/wp-content\/uploads\/2021\/07\/0907_udzbenici_knjige.jpg","keywords":["\u0161kole","tuzlanski kanton","ud\u017ebenici"],"articleSection":["Istaknuto","Novosti"],"inLanguage":"bs-BA"},{"@type":"WebPage","@id":"https:\/\/tuzlainfo.ba\/index.php\/novosti\/item\/143969-tk-objavljen-spisak-udzbenika-u-narednoj-skolskoj-godini-za-osnovne-skole\/","url":"https:\/\/tuzlainfo.ba\/index.php\/novosti\/item\/143969-tk-objavljen-spisak-udzbenika-u-narednoj-skolskoj-godini-za-osnovne-skole\/","name":"TK: Objavljen spisak ud\u017ebenika u narednoj \u0161kolskoj godini za osnovne \u0161kole - TuzlaInfo.ba","isPartOf":{"@id":"https:\/\/tuzlainfo.ba\/#website"},"primaryImageOfPage":{"@id":"https:\/\/tuzlainfo.ba\/index.php\/novosti\/item\/143969-tk-objavljen-spisak-udzbenika-u-narednoj-skolskoj-godini-za-osnovne-skole\/#primaryimage"},"image":{"@id":"https:\/\/tuzlainfo.ba\/index.php\/novosti\/item\/143969-tk-objavljen-spisak-udzbenika-u-narednoj-skolskoj-godini-za-osnovne-skole\/#primaryimage"},"thumbnailUrl":"https:\/\/tuzlainfo.ba\/wp-content\/uploads\/2021\/07\/0907_udzbenici_knjige.jpg","datePublished":"2021-08-05T14:08:07+00:00","dateModified":"2021-08-05T13:48:05+00:00","breadcrumb":{"@id":"https:\/\/tuzlainfo.ba\/index.php\/novosti\/item\/143969-tk-objavljen-spisak-udzbenika-u-narednoj-skolskoj-godini-za-osnovne-skole\/#breadcrumb"},"inLanguage":"bs-BA","potentialAction":[{"@type":"ReadAction","target":["https:\/\/tuzlainfo.ba\/index.php\/novosti\/item\/143969-tk-objavljen-spisak-udzbenika-u-narednoj-skolskoj-godini-za-osnovne-skole\/"]}]},{"@type":"ImageObject","inLanguage":"bs-BA","@id":"https:\/\/tuzlainfo.ba\/index.php\/novosti\/item\/143969-tk-objavljen-spisak-udzbenika-u-narednoj-skolskoj-godini-za-osnovne-skole\/#primaryimage","url":"https:\/\/tuzlainfo.ba\/wp-content\/uploads\/2021\/07\/0907_udzbenici_knjige.jpg","contentUrl":"https:\/\/tuzlainfo.ba\/wp-content\/uploads\/2021\/07\/0907_udzbenici_knjige.jpg","width":940,"height":529},{"@type":"BreadcrumbList","@id":"https:\/\/tuzlainfo.ba\/index.php\/novosti\/item\/143969-tk-objavljen-spisak-udzbenika-u-narednoj-skolskoj-godini-za-osnovne-skole\/#breadcrumb","itemListElement":[{"@type":"ListItem","position":1,"name":"Home","item":"https:\/\/tuzlainfo.ba\/"},{"@type":"ListItem","position":2,"name":"TK: Objavljen spisak ud\u017ebenika u narednoj \u0161kolskoj godini za osnovne \u0161kole"}]},{"@type":"WebSite","@id":"https:\/\/tuzlainfo.ba\/#website","url":"https:\/\/tuzlainfo.ba\/","name":"TuzlaInfo.ba","description":"Tuzla info, gradski informator - Tuzla na dlanu","publisher":{"@id":"https:\/\/tuzlainfo.ba\/#organization"},"potentialAction":[{"@type":"SearchAction","target":{"@type":"EntryPoint","urlTemplate":"https:\/\/tuzlainfo.ba\/?s={search_term_string}"},"query-input":{"@type":"PropertyValueSpecification","valueRequired":true,"valueName":"search_term_string"}}],"inLanguage":"bs-BA"},{"@type":"Organization","@id":"https:\/\/tuzlainfo.ba\/#organization","name":"TuzlaInfo.ba","url":"https:\/\/tuzlainfo.ba\/","logo":{"@type":"ImageObject","inLanguage":"bs-BA","@id":"https:\/\/tuzlainfo.ba\/#\/schema\/logo\/image\/","url":"https:\/\/tuzlainfo.ba\/wp-content\/uploads\/2021\/03\/logo-ver-3-1.png","contentUrl":"https:\/\/tuzlainfo.ba\/wp-content\/uploads\/2021\/03\/logo-ver-3-1.png","width":350,"height":95,"caption":"TuzlaInfo.ba"},"image":{"@id":"https:\/\/tuzlainfo.ba\/#\/schema\/logo\/image\/"},"sameAs":["https:\/\/www.facebook.com\/tuzlainfo.ba\/"]},{"@type":"Person","@id":"https:\/\/tuzlainfo.ba\/#\/schema\/person\/46cad4c57790cbc50781edd14870825a","name":"Tuzla Info","image":{"@type":"ImageObject","inLanguage":"bs-BA","@id":"https:\/\/tuzlainfo.ba\/#\/schema\/person\/image\/","url":"https:\/\/tuzlainfo.ba\/wp-content\/litespeed\/avatar\/b6c453a6c38e3654f2e4416c643fc25c.jpg?ver=1777051911","contentUrl":"https:\/\/tuzlainfo.ba\/wp-content\/litespeed\/avatar\/b6c453a6c38e3654f2e4416c643fc25c.jpg?ver=1777051911","caption":"Tuzla Info"}}]}},"_links":{"self":[{"href":"https:\/\/tuzlainfo.ba\/index.php\/wp-json\/wp\/v2\/posts\/143969"}],"collection":[{"href":"https:\/\/tuzlainfo.ba\/index.php\/wp-json\/wp\/v2\/posts"}],"about":[{"href":"https:\/\/tuzlainfo.ba\/index.php\/wp-json\/wp\/v2\/types\/post"}],"author":[{"embeddable":true,"href":"https:\/\/tuzlainfo.ba\/index.php\/wp-json\/wp\/v2\/users\/4"}],"replies":[{"embeddable":true,"href":"https:\/\/tuzlainfo.ba\/index.php\/wp-json\/wp\/v2\/comments?post=143969"}],"version-history":[{"count":0,"href":"https:\/\/tuzlainfo.ba\/index.php\/wp-json\/wp\/v2\/posts\/143969\/revisions"}],"wp:featuredmedia":[{"embeddable":true,"href":"https:\/\/tuzlainfo.ba\/index.php\/wp-json\/wp\/v2\/media\/141412"}],"wp:attachment":[{"href":"https:\/\/tuzlainfo.ba\/index.php\/wp-json\/wp\/v2\/media?parent=143969"}],"wp:term":[{"taxonomy":"category","embeddable":true,"href":"https:\/\/tuzlainfo.ba\/index.php\/wp-json\/wp\/v2\/categories?post=143969"},{"taxonomy":"post_tag","embeddable":true,"href":"https:\/\/tuzlainfo.ba\/index.php\/wp-json\/wp\/v2\/tags?post=143969"}],"curies":[{"name":"wp","href":"https:\/\/api.w.org\/{rel}","templated":true}]}}