{"id":143892,"date":"2021-08-04T20:00:13","date_gmt":"2021-08-04T18:00:13","guid":{"rendered":"https:\/\/tuzlainfo.ba\/?p=143892"},"modified":"2021-08-04T18:02:06","modified_gmt":"2021-08-04T16:02:06","slug":"centar-za-ples-i-rekreaciju-manifestacijom-tuzla-plese-otvara-festival-mladih","status":"publish","type":"post","link":"https:\/\/tuzlainfo.ba\/index.php\/najava-dogadaja-2\/item\/143892-centar-za-ples-i-rekreaciju-manifestacijom-tuzla-plese-otvara-festival-mladih\/","title":{"rendered":"Centar za ples i rekreaciju manifestacijom &#8220;Tuzla&#8221; ple\u0161e otvara Festival mladih"},"content":{"rendered":"<p>Festival mladih 2021 sve\u010dano \u0107e otvoriti Centar za ples i rekreaciju manifestacijom &#8220;Tuzla ple\u0161e&#8221;.<\/p>\n<p>Poziv za ples je otvoren za sve.<\/p>\n<p>Ljeto, vru\u0107ine i sve ostale meteorolo\u0161ke prilike ukazuju na to da \u0107emo biti primorani u cijeloj BiH, a pogotovu u Tuzli, plesati sve one vru\u0107e plesove koje gledamo na srebrenom platnu.<\/p>\n<p>Ako niste raspolo\u017eeni za to nema problema, imate plesni aerobik ili pak ako se osje\u0107ate gipko oku\u0161ajte se u hip-hopu.<\/p>\n<p>Ili ako se ba\u0161 osje\u0107ate graciozno, zanosno onda je za Vas balet koji je vi\u0161e od rekreacije.<\/p>\n<p>Na kraju ove divne plesne ponude ako niste na\u0161li \u0161to bi Vas plesno moglo motivisati pridru\u017eite se velikom broju tuzlaka i tuzlanki koji \u0107e plesati u svom stilu jer &#8220;Tuzla ple\u0161e&#8221;.<\/p>\n<p>Cilj ove manifestacije je da uklonimo stereotipe oko plesa. Ve\u0107ina ljudi voli muziku, a tu \u0107e biti i DJ koji \u0107e nam pu\u0161tati muziku koju volimo.<\/p>\n<p>Uz muziku se nji\u0161emo, pjevamo, a za\u0161to ne bi i zaplesali. Vrsni plesa\u010di i zabavlja\u010di \u0107e vas transparentno nau\u010diti osnovnim koracima i vi \u0107ete lako zaplesati. Usre\u0107it \u0107ete svoju partnericu ili svog partnera. Ako ste sami, zaple\u0161ite sami, \u0161to da ne?<\/p>\n<p>Po\u0161to \u0107e tu biti svi plesa\u010di iz Centra za ples i rekreaciju, na\u0161i gosti iz Zenice i Sarajeva, mo\u017eda dobijete dobre partnere za tu no\u0107. Plesat \u0107emo svi.<\/p>\n<p>Tako\u0111er smo za sve vas pripremili i mno\u0161tvo nagrada.<\/p>\n<p>Za sve sugra\u0111ane od 18.30h organizirat \u0107e se besplatna plesna radionica iz Bachate, Kizombe i Salse, a radionicu \u0107e voditi plesni stru\u010dnjak Semir \u0160eri\u0107 iz Zenice.<\/p>\n<p>Bit \u0107e organizirano takmi\u010denje parova plesa\u010da amatera. Pobjedni\u010dki par ima mogu\u0107nost osvojiti vrijednu nagradu, vikend u Ajdinovi\u0107ima.<\/p>\n<p>Prijave nam mo\u017eete slati klikom na <a href=\"https:\/\/cpr.ba\/prijava\/\"><strong>LINK<\/strong><\/a>.<\/p>\n<p>\u017diri \u0107e biti u sastavu: Alan Alagi\u0107, Semir \u0160eri\u0107 i Senad Softi\u0107.<\/p>\n<p>Manifestacija Ljeto u CPR i aktivnost &#8220;Tuzla ple\u0161e&#8221; odr\u017eava Turisti\u010dka zajednica grada Tuzle.<\/p>\n<p>Festival mladih 2021 sve\u010dano se otvara 22. avgusta 2021. godine.<\/p>\n<p>Za sve dodatne informacije posjetite www.festivalmladih.ba\/ ili Facebook stranicu Festival mladih Tuzla.<\/p>\n<p>&nbsp;<\/p>\n","protected":false},"excerpt":{"rendered":"<p>Festival mladih 2021 sve\u010dano \u0107e otvoriti Centar za ples i rekreaciju manifestacijom &#8220;Tuzla ple\u0161e&#8221;. Poziv&hellip;<\/p>\n","protected":false},"author":4,"featured_media":143899,"comment_status":"open","ping_status":"closed","sticky":false,"template":"","format":"standard","meta":{"_acf_changed":false,"footnotes":""},"categories":[11],"tags":[1856,2057,1231],"acf":[],"yoast_head":"<!-- This site is optimized with the Yoast SEO plugin v23.5 - https:\/\/yoast.com\/wordpress\/plugins\/seo\/ -->\n<title>Centar za ples i rekreaciju manifestacijom &quot;Tuzla&quot; ple\u0161e otvara Festival mladih - TuzlaInfo.ba<\/title>\n<meta name=\"robots\" content=\"index, follow, max-snippet:-1, max-image-preview:large, max-video-preview:-1\" \/>\n<link rel=\"canonical\" href=\"https:\/\/tuzlainfo.ba\/index.php\/najava-dogadaja-2\/item\/143892-centar-za-ples-i-rekreaciju-manifestacijom-tuzla-plese-otvara-festival-mladih\/\" \/>\n<meta property=\"og:locale\" content=\"bs_BA\" \/>\n<meta property=\"og:type\" content=\"article\" \/>\n<meta property=\"og:title\" content=\"Centar za ples i rekreaciju manifestacijom &quot;Tuzla&quot; ple\u0161e otvara Festival mladih - TuzlaInfo.ba\" \/>\n<meta property=\"og:description\" content=\"Festival mladih 2021 sve\u010dano \u0107e otvoriti Centar za ples i rekreaciju manifestacijom &#8220;Tuzla ple\u0161e&#8221;. Poziv&hellip;\" \/>\n<meta property=\"og:url\" content=\"https:\/\/tuzlainfo.ba\/index.php\/najava-dogadaja-2\/item\/143892-centar-za-ples-i-rekreaciju-manifestacijom-tuzla-plese-otvara-festival-mladih\/\" \/>\n<meta property=\"og:site_name\" content=\"TuzlaInfo.ba\" \/>\n<meta property=\"article:publisher\" content=\"https:\/\/www.facebook.com\/tuzlainfo.ba\/\" \/>\n<meta property=\"article:published_time\" content=\"2021-08-04T18:00:13+00:00\" \/>\n<meta property=\"article:modified_time\" content=\"2021-08-04T16:02:06+00:00\" \/>\n<meta property=\"og:image\" content=\"https:\/\/tuzlainfo.ba\/wp-content\/uploads\/2021\/08\/0408_tuzlaplese.jpg\" \/>\n\t<meta property=\"og:image:width\" content=\"1200\" \/>\n\t<meta property=\"og:image:height\" content=\"600\" \/>\n\t<meta property=\"og:image:type\" content=\"image\/jpeg\" \/>\n<meta name=\"author\" content=\"Tuzla Info\" \/>\n<meta name=\"twitter:card\" content=\"summary_large_image\" \/>\n<meta name=\"twitter:label1\" content=\"Written by\" \/>\n\t<meta name=\"twitter:data1\" content=\"Tuzla Info\" \/>\n\t<meta name=\"twitter:label2\" content=\"Est. reading time\" \/>\n\t<meta name=\"twitter:data2\" content=\"2 minute\" \/>\n<script type=\"application\/ld+json\" class=\"yoast-schema-graph\">{\"@context\":\"https:\/\/schema.org\",\"@graph\":[{\"@type\":\"Article\",\"@id\":\"https:\/\/tuzlainfo.ba\/index.php\/najava-dogadaja-2\/item\/143892-centar-za-ples-i-rekreaciju-manifestacijom-tuzla-plese-otvara-festival-mladih\/#article\",\"isPartOf\":{\"@id\":\"https:\/\/tuzlainfo.ba\/index.php\/najava-dogadaja-2\/item\/143892-centar-za-ples-i-rekreaciju-manifestacijom-tuzla-plese-otvara-festival-mladih\/\"},\"author\":{\"name\":\"Tuzla Info\",\"@id\":\"https:\/\/tuzlainfo.ba\/#\/schema\/person\/46cad4c57790cbc50781edd14870825a\"},\"headline\":\"Centar za ples i rekreaciju manifestacijom &#8220;Tuzla&#8221; ple\u0161e otvara Festival mladih\",\"datePublished\":\"2021-08-04T18:00:13+00:00\",\"dateModified\":\"2021-08-04T16:02:06+00:00\",\"mainEntityOfPage\":{\"@id\":\"https:\/\/tuzlainfo.ba\/index.php\/najava-dogadaja-2\/item\/143892-centar-za-ples-i-rekreaciju-manifestacijom-tuzla-plese-otvara-festival-mladih\/\"},\"wordCount\":372,\"commentCount\":0,\"publisher\":{\"@id\":\"https:\/\/tuzlainfo.ba\/#organization\"},\"image\":{\"@id\":\"https:\/\/tuzlainfo.ba\/index.php\/najava-dogadaja-2\/item\/143892-centar-za-ples-i-rekreaciju-manifestacijom-tuzla-plese-otvara-festival-mladih\/#primaryimage\"},\"thumbnailUrl\":\"https:\/\/tuzlainfo.ba\/wp-content\/uploads\/2021\/08\/0408_tuzlaplese.jpg\",\"keywords\":[\"centar za ples i rekreaciju\",\"festival mladih tuzla\",\"ljeto u tuzli\"],\"articleSection\":[\"Najave i doga\u0111aji\"],\"inLanguage\":\"bs-BA\"},{\"@type\":\"WebPage\",\"@id\":\"https:\/\/tuzlainfo.ba\/index.php\/najava-dogadaja-2\/item\/143892-centar-za-ples-i-rekreaciju-manifestacijom-tuzla-plese-otvara-festival-mladih\/\",\"url\":\"https:\/\/tuzlainfo.ba\/index.php\/najava-dogadaja-2\/item\/143892-centar-za-ples-i-rekreaciju-manifestacijom-tuzla-plese-otvara-festival-mladih\/\",\"name\":\"Centar za ples i rekreaciju manifestacijom \\\"Tuzla\\\" ple\u0161e otvara Festival mladih - TuzlaInfo.ba\",\"isPartOf\":{\"@id\":\"https:\/\/tuzlainfo.ba\/#website\"},\"primaryImageOfPage\":{\"@id\":\"https:\/\/tuzlainfo.ba\/index.php\/najava-dogadaja-2\/item\/143892-centar-za-ples-i-rekreaciju-manifestacijom-tuzla-plese-otvara-festival-mladih\/#primaryimage\"},\"image\":{\"@id\":\"https:\/\/tuzlainfo.ba\/index.php\/najava-dogadaja-2\/item\/143892-centar-za-ples-i-rekreaciju-manifestacijom-tuzla-plese-otvara-festival-mladih\/#primaryimage\"},\"thumbnailUrl\":\"https:\/\/tuzlainfo.ba\/wp-content\/uploads\/2021\/08\/0408_tuzlaplese.jpg\",\"datePublished\":\"2021-08-04T18:00:13+00:00\",\"dateModified\":\"2021-08-04T16:02:06+00:00\",\"breadcrumb\":{\"@id\":\"https:\/\/tuzlainfo.ba\/index.php\/najava-dogadaja-2\/item\/143892-centar-za-ples-i-rekreaciju-manifestacijom-tuzla-plese-otvara-festival-mladih\/#breadcrumb\"},\"inLanguage\":\"bs-BA\",\"potentialAction\":[{\"@type\":\"ReadAction\",\"target\":[\"https:\/\/tuzlainfo.ba\/index.php\/najava-dogadaja-2\/item\/143892-centar-za-ples-i-rekreaciju-manifestacijom-tuzla-plese-otvara-festival-mladih\/\"]}]},{\"@type\":\"ImageObject\",\"inLanguage\":\"bs-BA\",\"@id\":\"https:\/\/tuzlainfo.ba\/index.php\/najava-dogadaja-2\/item\/143892-centar-za-ples-i-rekreaciju-manifestacijom-tuzla-plese-otvara-festival-mladih\/#primaryimage\",\"url\":\"https:\/\/tuzlainfo.ba\/wp-content\/uploads\/2021\/08\/0408_tuzlaplese.jpg\",\"contentUrl\":\"https:\/\/tuzlainfo.ba\/wp-content\/uploads\/2021\/08\/0408_tuzlaplese.jpg\",\"width\":1200,\"height\":600},{\"@type\":\"BreadcrumbList\",\"@id\":\"https:\/\/tuzlainfo.ba\/index.php\/najava-dogadaja-2\/item\/143892-centar-za-ples-i-rekreaciju-manifestacijom-tuzla-plese-otvara-festival-mladih\/#breadcrumb\",\"itemListElement\":[{\"@type\":\"ListItem\",\"position\":1,\"name\":\"Home\",\"item\":\"https:\/\/tuzlainfo.ba\/\"},{\"@type\":\"ListItem\",\"position\":2,\"name\":\"Centar za ples i rekreaciju manifestacijom &#8220;Tuzla&#8221; ple\u0161e otvara Festival mladih\"}]},{\"@type\":\"WebSite\",\"@id\":\"https:\/\/tuzlainfo.ba\/#website\",\"url\":\"https:\/\/tuzlainfo.ba\/\",\"name\":\"TuzlaInfo.ba\",\"description\":\"Tuzla info, gradski informator - Tuzla na dlanu\",\"publisher\":{\"@id\":\"https:\/\/tuzlainfo.ba\/#organization\"},\"potentialAction\":[{\"@type\":\"SearchAction\",\"target\":{\"@type\":\"EntryPoint\",\"urlTemplate\":\"https:\/\/tuzlainfo.ba\/?s={search_term_string}\"},\"query-input\":{\"@type\":\"PropertyValueSpecification\",\"valueRequired\":true,\"valueName\":\"search_term_string\"}}],\"inLanguage\":\"bs-BA\"},{\"@type\":\"Organization\",\"@id\":\"https:\/\/tuzlainfo.ba\/#organization\",\"name\":\"TuzlaInfo.ba\",\"url\":\"https:\/\/tuzlainfo.ba\/\",\"logo\":{\"@type\":\"ImageObject\",\"inLanguage\":\"bs-BA\",\"@id\":\"https:\/\/tuzlainfo.ba\/#\/schema\/logo\/image\/\",\"url\":\"https:\/\/tuzlainfo.ba\/wp-content\/uploads\/2021\/03\/logo-ver-3-1.png\",\"contentUrl\":\"https:\/\/tuzlainfo.ba\/wp-content\/uploads\/2021\/03\/logo-ver-3-1.png\",\"width\":350,\"height\":95,\"caption\":\"TuzlaInfo.ba\"},\"image\":{\"@id\":\"https:\/\/tuzlainfo.ba\/#\/schema\/logo\/image\/\"},\"sameAs\":[\"https:\/\/www.facebook.com\/tuzlainfo.ba\/\"]},{\"@type\":\"Person\",\"@id\":\"https:\/\/tuzlainfo.ba\/#\/schema\/person\/46cad4c57790cbc50781edd14870825a\",\"name\":\"Tuzla Info\",\"image\":{\"@type\":\"ImageObject\",\"inLanguage\":\"bs-BA\",\"@id\":\"https:\/\/tuzlainfo.ba\/#\/schema\/person\/image\/\",\"url\":\"https:\/\/tuzlainfo.ba\/wp-content\/litespeed\/avatar\/b6c453a6c38e3654f2e4416c643fc25c.jpg?ver=1777051911\",\"contentUrl\":\"https:\/\/tuzlainfo.ba\/wp-content\/litespeed\/avatar\/b6c453a6c38e3654f2e4416c643fc25c.jpg?ver=1777051911\",\"caption\":\"Tuzla Info\"}}]}<\/script>\n<!-- \/ Yoast SEO plugin. -->","yoast_head_json":{"title":"Centar za ples i rekreaciju manifestacijom \"Tuzla\" ple\u0161e otvara Festival mladih - TuzlaInfo.ba","robots":{"index":"index","follow":"follow","max-snippet":"max-snippet:-1","max-image-preview":"max-image-preview:large","max-video-preview":"max-video-preview:-1"},"canonical":"https:\/\/tuzlainfo.ba\/index.php\/najava-dogadaja-2\/item\/143892-centar-za-ples-i-rekreaciju-manifestacijom-tuzla-plese-otvara-festival-mladih\/","og_locale":"bs_BA","og_type":"article","og_title":"Centar za ples i rekreaciju manifestacijom \"Tuzla\" ple\u0161e otvara Festival mladih - TuzlaInfo.ba","og_description":"Festival mladih 2021 sve\u010dano \u0107e otvoriti Centar za ples i rekreaciju manifestacijom &#8220;Tuzla ple\u0161e&#8221;. Poziv&hellip;","og_url":"https:\/\/tuzlainfo.ba\/index.php\/najava-dogadaja-2\/item\/143892-centar-za-ples-i-rekreaciju-manifestacijom-tuzla-plese-otvara-festival-mladih\/","og_site_name":"TuzlaInfo.ba","article_publisher":"https:\/\/www.facebook.com\/tuzlainfo.ba\/","article_published_time":"2021-08-04T18:00:13+00:00","article_modified_time":"2021-08-04T16:02:06+00:00","og_image":[{"width":1200,"height":600,"url":"https:\/\/tuzlainfo.ba\/wp-content\/uploads\/2021\/08\/0408_tuzlaplese.jpg","type":"image\/jpeg"}],"author":"Tuzla Info","twitter_card":"summary_large_image","twitter_misc":{"Written by":"Tuzla Info","Est. reading time":"2 minute"},"schema":{"@context":"https:\/\/schema.org","@graph":[{"@type":"Article","@id":"https:\/\/tuzlainfo.ba\/index.php\/najava-dogadaja-2\/item\/143892-centar-za-ples-i-rekreaciju-manifestacijom-tuzla-plese-otvara-festival-mladih\/#article","isPartOf":{"@id":"https:\/\/tuzlainfo.ba\/index.php\/najava-dogadaja-2\/item\/143892-centar-za-ples-i-rekreaciju-manifestacijom-tuzla-plese-otvara-festival-mladih\/"},"author":{"name":"Tuzla Info","@id":"https:\/\/tuzlainfo.ba\/#\/schema\/person\/46cad4c57790cbc50781edd14870825a"},"headline":"Centar za ples i rekreaciju manifestacijom &#8220;Tuzla&#8221; ple\u0161e otvara Festival mladih","datePublished":"2021-08-04T18:00:13+00:00","dateModified":"2021-08-04T16:02:06+00:00","mainEntityOfPage":{"@id":"https:\/\/tuzlainfo.ba\/index.php\/najava-dogadaja-2\/item\/143892-centar-za-ples-i-rekreaciju-manifestacijom-tuzla-plese-otvara-festival-mladih\/"},"wordCount":372,"commentCount":0,"publisher":{"@id":"https:\/\/tuzlainfo.ba\/#organization"},"image":{"@id":"https:\/\/tuzlainfo.ba\/index.php\/najava-dogadaja-2\/item\/143892-centar-za-ples-i-rekreaciju-manifestacijom-tuzla-plese-otvara-festival-mladih\/#primaryimage"},"thumbnailUrl":"https:\/\/tuzlainfo.ba\/wp-content\/uploads\/2021\/08\/0408_tuzlaplese.jpg","keywords":["centar za ples i rekreaciju","festival mladih tuzla","ljeto u tuzli"],"articleSection":["Najave i doga\u0111aji"],"inLanguage":"bs-BA"},{"@type":"WebPage","@id":"https:\/\/tuzlainfo.ba\/index.php\/najava-dogadaja-2\/item\/143892-centar-za-ples-i-rekreaciju-manifestacijom-tuzla-plese-otvara-festival-mladih\/","url":"https:\/\/tuzlainfo.ba\/index.php\/najava-dogadaja-2\/item\/143892-centar-za-ples-i-rekreaciju-manifestacijom-tuzla-plese-otvara-festival-mladih\/","name":"Centar za ples i rekreaciju manifestacijom \"Tuzla\" ple\u0161e otvara Festival mladih - TuzlaInfo.ba","isPartOf":{"@id":"https:\/\/tuzlainfo.ba\/#website"},"primaryImageOfPage":{"@id":"https:\/\/tuzlainfo.ba\/index.php\/najava-dogadaja-2\/item\/143892-centar-za-ples-i-rekreaciju-manifestacijom-tuzla-plese-otvara-festival-mladih\/#primaryimage"},"image":{"@id":"https:\/\/tuzlainfo.ba\/index.php\/najava-dogadaja-2\/item\/143892-centar-za-ples-i-rekreaciju-manifestacijom-tuzla-plese-otvara-festival-mladih\/#primaryimage"},"thumbnailUrl":"https:\/\/tuzlainfo.ba\/wp-content\/uploads\/2021\/08\/0408_tuzlaplese.jpg","datePublished":"2021-08-04T18:00:13+00:00","dateModified":"2021-08-04T16:02:06+00:00","breadcrumb":{"@id":"https:\/\/tuzlainfo.ba\/index.php\/najava-dogadaja-2\/item\/143892-centar-za-ples-i-rekreaciju-manifestacijom-tuzla-plese-otvara-festival-mladih\/#breadcrumb"},"inLanguage":"bs-BA","potentialAction":[{"@type":"ReadAction","target":["https:\/\/tuzlainfo.ba\/index.php\/najava-dogadaja-2\/item\/143892-centar-za-ples-i-rekreaciju-manifestacijom-tuzla-plese-otvara-festival-mladih\/"]}]},{"@type":"ImageObject","inLanguage":"bs-BA","@id":"https:\/\/tuzlainfo.ba\/index.php\/najava-dogadaja-2\/item\/143892-centar-za-ples-i-rekreaciju-manifestacijom-tuzla-plese-otvara-festival-mladih\/#primaryimage","url":"https:\/\/tuzlainfo.ba\/wp-content\/uploads\/2021\/08\/0408_tuzlaplese.jpg","contentUrl":"https:\/\/tuzlainfo.ba\/wp-content\/uploads\/2021\/08\/0408_tuzlaplese.jpg","width":1200,"height":600},{"@type":"BreadcrumbList","@id":"https:\/\/tuzlainfo.ba\/index.php\/najava-dogadaja-2\/item\/143892-centar-za-ples-i-rekreaciju-manifestacijom-tuzla-plese-otvara-festival-mladih\/#breadcrumb","itemListElement":[{"@type":"ListItem","position":1,"name":"Home","item":"https:\/\/tuzlainfo.ba\/"},{"@type":"ListItem","position":2,"name":"Centar za ples i rekreaciju manifestacijom &#8220;Tuzla&#8221; ple\u0161e otvara Festival mladih"}]},{"@type":"WebSite","@id":"https:\/\/tuzlainfo.ba\/#website","url":"https:\/\/tuzlainfo.ba\/","name":"TuzlaInfo.ba","description":"Tuzla info, gradski informator - Tuzla na dlanu","publisher":{"@id":"https:\/\/tuzlainfo.ba\/#organization"},"potentialAction":[{"@type":"SearchAction","target":{"@type":"EntryPoint","urlTemplate":"https:\/\/tuzlainfo.ba\/?s={search_term_string}"},"query-input":{"@type":"PropertyValueSpecification","valueRequired":true,"valueName":"search_term_string"}}],"inLanguage":"bs-BA"},{"@type":"Organization","@id":"https:\/\/tuzlainfo.ba\/#organization","name":"TuzlaInfo.ba","url":"https:\/\/tuzlainfo.ba\/","logo":{"@type":"ImageObject","inLanguage":"bs-BA","@id":"https:\/\/tuzlainfo.ba\/#\/schema\/logo\/image\/","url":"https:\/\/tuzlainfo.ba\/wp-content\/uploads\/2021\/03\/logo-ver-3-1.png","contentUrl":"https:\/\/tuzlainfo.ba\/wp-content\/uploads\/2021\/03\/logo-ver-3-1.png","width":350,"height":95,"caption":"TuzlaInfo.ba"},"image":{"@id":"https:\/\/tuzlainfo.ba\/#\/schema\/logo\/image\/"},"sameAs":["https:\/\/www.facebook.com\/tuzlainfo.ba\/"]},{"@type":"Person","@id":"https:\/\/tuzlainfo.ba\/#\/schema\/person\/46cad4c57790cbc50781edd14870825a","name":"Tuzla Info","image":{"@type":"ImageObject","inLanguage":"bs-BA","@id":"https:\/\/tuzlainfo.ba\/#\/schema\/person\/image\/","url":"https:\/\/tuzlainfo.ba\/wp-content\/litespeed\/avatar\/b6c453a6c38e3654f2e4416c643fc25c.jpg?ver=1777051911","contentUrl":"https:\/\/tuzlainfo.ba\/wp-content\/litespeed\/avatar\/b6c453a6c38e3654f2e4416c643fc25c.jpg?ver=1777051911","caption":"Tuzla Info"}}]}},"_links":{"self":[{"href":"https:\/\/tuzlainfo.ba\/index.php\/wp-json\/wp\/v2\/posts\/143892"}],"collection":[{"href":"https:\/\/tuzlainfo.ba\/index.php\/wp-json\/wp\/v2\/posts"}],"about":[{"href":"https:\/\/tuzlainfo.ba\/index.php\/wp-json\/wp\/v2\/types\/post"}],"author":[{"embeddable":true,"href":"https:\/\/tuzlainfo.ba\/index.php\/wp-json\/wp\/v2\/users\/4"}],"replies":[{"embeddable":true,"href":"https:\/\/tuzlainfo.ba\/index.php\/wp-json\/wp\/v2\/comments?post=143892"}],"version-history":[{"count":0,"href":"https:\/\/tuzlainfo.ba\/index.php\/wp-json\/wp\/v2\/posts\/143892\/revisions"}],"wp:featuredmedia":[{"embeddable":true,"href":"https:\/\/tuzlainfo.ba\/index.php\/wp-json\/wp\/v2\/media\/143899"}],"wp:attachment":[{"href":"https:\/\/tuzlainfo.ba\/index.php\/wp-json\/wp\/v2\/media?parent=143892"}],"wp:term":[{"taxonomy":"category","embeddable":true,"href":"https:\/\/tuzlainfo.ba\/index.php\/wp-json\/wp\/v2\/categories?post=143892"},{"taxonomy":"post_tag","embeddable":true,"href":"https:\/\/tuzlainfo.ba\/index.php\/wp-json\/wp\/v2\/tags?post=143892"}],"curies":[{"name":"wp","href":"https:\/\/api.w.org\/{rel}","templated":true}]}}