{"id":143553,"date":"2021-08-01T20:59:10","date_gmt":"2021-08-01T18:59:10","guid":{"rendered":"https:\/\/tuzlainfo.ba\/?p=143553"},"modified":"2021-08-01T20:59:10","modified_gmt":"2021-08-01T18:59:10","slug":"vucic-i-vulin-podnose-krivicne-prijave-protiv-sebe","status":"publish","type":"post","link":"https:\/\/tuzlainfo.ba\/index.php\/clanci\/sa-svih-strana\/item\/143553-vucic-i-vulin-podnose-krivicne-prijave-protiv-sebe\/","title":{"rendered":"Vu\u010di\u0107 i Vulin podnose krivi\u010dne prijave protiv sebe"},"content":{"rendered":"<p>Predsjednik Srbije Aleksandar Vu\u010di\u0107 najavio je ve\u010deras da \u0107e on i ministar unutra\u0161njih poslova Aleksandar Vulin podnijeti krivi\u010dnu prijavu protiv samih sebe kako bi na taj na\u010din odgovorili na sve la\u017ei pripadnika mafija\u0161kog klana, al, kako je rekao i tajkunskih politi\u010dara.<\/p>\n<p>Vu\u010di\u0107 je za RTS rekao da ga je bila sramota \u0161to odgovara na la\u017ei ljudi koji ka\u017eu da nisu nikog ubili, a koji su rekli da iza svega stoji Kora\u0107 (Filip), a drugi da stoje on i Vulin.<\/p>\n<p>&#8220;Donijeli smo odluku. Sutra \u0107emo, kao i u slu\u010daju Jovanjica, podneti krivi\u010dnu prijavu protiv nas. Na\u0107i\u0107emo nekog od na\u0161ih kolega to da uradi, kako bi iznijeli sve \u0161to su rekla ta lica, ali i tajkunski politi\u010dari&#8221;, objasnio je on.<\/p>\n<p>Vu\u010di\u0107 je naglasio da su on i Vulin spremni da odgovaraju na sva pitanja.<\/p>\n<p>Vu\u010di\u0107 je ukazao da je pro\u0161lo sedam mjeseci, odnosno da je osmi zapo\u010deo, a da nije bilo nijednog poku\u0161aja mafija\u0161kog ubistva.<\/p>\n<p>&#8220;Poka\u017eite mi ijednu drugu zemlju u kojoj je to isto slu\u010daj. Mnogi nam sole pamet o organizovanom kriminalu, a u njihovim zemljama ubijaju novinare i borce protiv korupcije. U Srbiji se to ne\u0107e de\u0161avati&#8221;, podvukao je on.<\/p>\n<p>Vu\u010di\u0107 je istakao da je optu\u017enica ne\u0161to \u0161to pokazuje ljudima da mafija nikada ne mo\u017ee da pobedi, i da ubice ne mogu da budu na slobodi, kao i da zlo\u010din ne\u0107e biti neka\u017enjen.<\/p>\n","protected":false},"excerpt":{"rendered":"<p>Predsjednik Srbije Aleksandar Vu\u010di\u0107 najavio je ve\u010deras da \u0107e on i ministar unutra\u0161njih poslova Aleksandar&hellip;<\/p>\n","protected":false},"author":2,"featured_media":143554,"comment_status":"open","ping_status":"closed","sticky":false,"template":"","format":"standard","meta":{"_acf_changed":false,"footnotes":""},"categories":[16],"tags":[638,654,309],"acf":[],"yoast_head":"<!-- This site is optimized with the Yoast SEO plugin v23.5 - https:\/\/yoast.com\/wordpress\/plugins\/seo\/ -->\n<title>Vu\u010di\u0107 i Vulin podnose krivi\u010dne prijave protiv sebe - TuzlaInfo.ba<\/title>\n<meta name=\"robots\" content=\"index, follow, max-snippet:-1, max-image-preview:large, max-video-preview:-1\" \/>\n<link rel=\"canonical\" href=\"https:\/\/tuzlainfo.ba\/index.php\/clanci\/sa-svih-strana\/item\/143553-vucic-i-vulin-podnose-krivicne-prijave-protiv-sebe\/\" \/>\n<meta property=\"og:locale\" content=\"bs_BA\" \/>\n<meta property=\"og:type\" content=\"article\" \/>\n<meta property=\"og:title\" content=\"Vu\u010di\u0107 i Vulin podnose krivi\u010dne prijave protiv sebe - TuzlaInfo.ba\" \/>\n<meta property=\"og:description\" content=\"Predsjednik Srbije Aleksandar Vu\u010di\u0107 najavio je ve\u010deras da \u0107e on i ministar unutra\u0161njih poslova Aleksandar&hellip;\" \/>\n<meta property=\"og:url\" content=\"https:\/\/tuzlainfo.ba\/index.php\/clanci\/sa-svih-strana\/item\/143553-vucic-i-vulin-podnose-krivicne-prijave-protiv-sebe\/\" \/>\n<meta property=\"og:site_name\" content=\"TuzlaInfo.ba\" \/>\n<meta property=\"article:publisher\" content=\"https:\/\/www.facebook.com\/tuzlainfo.ba\/\" \/>\n<meta property=\"article:published_time\" content=\"2021-08-01T18:59:10+00:00\" \/>\n<meta property=\"og:image\" content=\"https:\/\/tuzlainfo.ba\/wp-content\/uploads\/2021\/08\/0108_vucic_vulin.jpg\" \/>\n\t<meta property=\"og:image:width\" content=\"883\" \/>\n\t<meta property=\"og:image:height\" content=\"589\" \/>\n\t<meta property=\"og:image:type\" content=\"image\/jpeg\" \/>\n<meta name=\"author\" content=\"nedim\" \/>\n<meta name=\"twitter:card\" content=\"summary_large_image\" \/>\n<meta name=\"twitter:label1\" content=\"Written by\" \/>\n\t<meta name=\"twitter:data1\" content=\"nedim\" \/>\n\t<meta name=\"twitter:label2\" content=\"Est. reading time\" \/>\n\t<meta name=\"twitter:data2\" content=\"1 minuta\" \/>\n<script type=\"application\/ld+json\" class=\"yoast-schema-graph\">{\"@context\":\"https:\/\/schema.org\",\"@graph\":[{\"@type\":\"Article\",\"@id\":\"https:\/\/tuzlainfo.ba\/index.php\/clanci\/sa-svih-strana\/item\/143553-vucic-i-vulin-podnose-krivicne-prijave-protiv-sebe\/#article\",\"isPartOf\":{\"@id\":\"https:\/\/tuzlainfo.ba\/index.php\/clanci\/sa-svih-strana\/item\/143553-vucic-i-vulin-podnose-krivicne-prijave-protiv-sebe\/\"},\"author\":{\"name\":\"nedim\",\"@id\":\"https:\/\/tuzlainfo.ba\/#\/schema\/person\/f434e20dc27ea133923aab08451b7f7f\"},\"headline\":\"Vu\u010di\u0107 i Vulin podnose krivi\u010dne prijave protiv sebe\",\"datePublished\":\"2021-08-01T18:59:10+00:00\",\"dateModified\":\"2021-08-01T18:59:10+00:00\",\"mainEntityOfPage\":{\"@id\":\"https:\/\/tuzlainfo.ba\/index.php\/clanci\/sa-svih-strana\/item\/143553-vucic-i-vulin-podnose-krivicne-prijave-protiv-sebe\/\"},\"wordCount\":267,\"commentCount\":0,\"publisher\":{\"@id\":\"https:\/\/tuzlainfo.ba\/#organization\"},\"image\":{\"@id\":\"https:\/\/tuzlainfo.ba\/index.php\/clanci\/sa-svih-strana\/item\/143553-vucic-i-vulin-podnose-krivicne-prijave-protiv-sebe\/#primaryimage\"},\"thumbnailUrl\":\"https:\/\/tuzlainfo.ba\/wp-content\/uploads\/2021\/08\/0108_vucic_vulin.jpg\",\"keywords\":[\"aleksandar vu\u010di\u0107\",\"Aleksandar Vulin\",\"srbija\"],\"articleSection\":[\"Sa svih strana\"],\"inLanguage\":\"bs-BA\"},{\"@type\":\"WebPage\",\"@id\":\"https:\/\/tuzlainfo.ba\/index.php\/clanci\/sa-svih-strana\/item\/143553-vucic-i-vulin-podnose-krivicne-prijave-protiv-sebe\/\",\"url\":\"https:\/\/tuzlainfo.ba\/index.php\/clanci\/sa-svih-strana\/item\/143553-vucic-i-vulin-podnose-krivicne-prijave-protiv-sebe\/\",\"name\":\"Vu\u010di\u0107 i Vulin podnose krivi\u010dne prijave protiv sebe - TuzlaInfo.ba\",\"isPartOf\":{\"@id\":\"https:\/\/tuzlainfo.ba\/#website\"},\"primaryImageOfPage\":{\"@id\":\"https:\/\/tuzlainfo.ba\/index.php\/clanci\/sa-svih-strana\/item\/143553-vucic-i-vulin-podnose-krivicne-prijave-protiv-sebe\/#primaryimage\"},\"image\":{\"@id\":\"https:\/\/tuzlainfo.ba\/index.php\/clanci\/sa-svih-strana\/item\/143553-vucic-i-vulin-podnose-krivicne-prijave-protiv-sebe\/#primaryimage\"},\"thumbnailUrl\":\"https:\/\/tuzlainfo.ba\/wp-content\/uploads\/2021\/08\/0108_vucic_vulin.jpg\",\"datePublished\":\"2021-08-01T18:59:10+00:00\",\"dateModified\":\"2021-08-01T18:59:10+00:00\",\"breadcrumb\":{\"@id\":\"https:\/\/tuzlainfo.ba\/index.php\/clanci\/sa-svih-strana\/item\/143553-vucic-i-vulin-podnose-krivicne-prijave-protiv-sebe\/#breadcrumb\"},\"inLanguage\":\"bs-BA\",\"potentialAction\":[{\"@type\":\"ReadAction\",\"target\":[\"https:\/\/tuzlainfo.ba\/index.php\/clanci\/sa-svih-strana\/item\/143553-vucic-i-vulin-podnose-krivicne-prijave-protiv-sebe\/\"]}]},{\"@type\":\"ImageObject\",\"inLanguage\":\"bs-BA\",\"@id\":\"https:\/\/tuzlainfo.ba\/index.php\/clanci\/sa-svih-strana\/item\/143553-vucic-i-vulin-podnose-krivicne-prijave-protiv-sebe\/#primaryimage\",\"url\":\"https:\/\/tuzlainfo.ba\/wp-content\/uploads\/2021\/08\/0108_vucic_vulin.jpg\",\"contentUrl\":\"https:\/\/tuzlainfo.ba\/wp-content\/uploads\/2021\/08\/0108_vucic_vulin.jpg\",\"width\":883,\"height\":589},{\"@type\":\"BreadcrumbList\",\"@id\":\"https:\/\/tuzlainfo.ba\/index.php\/clanci\/sa-svih-strana\/item\/143553-vucic-i-vulin-podnose-krivicne-prijave-protiv-sebe\/#breadcrumb\",\"itemListElement\":[{\"@type\":\"ListItem\",\"position\":1,\"name\":\"Home\",\"item\":\"https:\/\/tuzlainfo.ba\/\"},{\"@type\":\"ListItem\",\"position\":2,\"name\":\"Vu\u010di\u0107 i Vulin podnose krivi\u010dne prijave protiv sebe\"}]},{\"@type\":\"WebSite\",\"@id\":\"https:\/\/tuzlainfo.ba\/#website\",\"url\":\"https:\/\/tuzlainfo.ba\/\",\"name\":\"TuzlaInfo.ba\",\"description\":\"Tuzla info, gradski informator - Tuzla na dlanu\",\"publisher\":{\"@id\":\"https:\/\/tuzlainfo.ba\/#organization\"},\"potentialAction\":[{\"@type\":\"SearchAction\",\"target\":{\"@type\":\"EntryPoint\",\"urlTemplate\":\"https:\/\/tuzlainfo.ba\/?s={search_term_string}\"},\"query-input\":{\"@type\":\"PropertyValueSpecification\",\"valueRequired\":true,\"valueName\":\"search_term_string\"}}],\"inLanguage\":\"bs-BA\"},{\"@type\":\"Organization\",\"@id\":\"https:\/\/tuzlainfo.ba\/#organization\",\"name\":\"TuzlaInfo.ba\",\"url\":\"https:\/\/tuzlainfo.ba\/\",\"logo\":{\"@type\":\"ImageObject\",\"inLanguage\":\"bs-BA\",\"@id\":\"https:\/\/tuzlainfo.ba\/#\/schema\/logo\/image\/\",\"url\":\"https:\/\/tuzlainfo.ba\/wp-content\/uploads\/2021\/03\/logo-ver-3-1.png\",\"contentUrl\":\"https:\/\/tuzlainfo.ba\/wp-content\/uploads\/2021\/03\/logo-ver-3-1.png\",\"width\":350,\"height\":95,\"caption\":\"TuzlaInfo.ba\"},\"image\":{\"@id\":\"https:\/\/tuzlainfo.ba\/#\/schema\/logo\/image\/\"},\"sameAs\":[\"https:\/\/www.facebook.com\/tuzlainfo.ba\/\"]},{\"@type\":\"Person\",\"@id\":\"https:\/\/tuzlainfo.ba\/#\/schema\/person\/f434e20dc27ea133923aab08451b7f7f\",\"name\":\"nedim\",\"image\":{\"@type\":\"ImageObject\",\"inLanguage\":\"bs-BA\",\"@id\":\"https:\/\/tuzlainfo.ba\/#\/schema\/person\/image\/\",\"url\":\"https:\/\/tuzlainfo.ba\/wp-content\/litespeed\/avatar\/aabad687af24844af817603ac1cbdc4f.jpg?ver=1776702173\",\"contentUrl\":\"https:\/\/tuzlainfo.ba\/wp-content\/litespeed\/avatar\/aabad687af24844af817603ac1cbdc4f.jpg?ver=1776702173\",\"caption\":\"nedim\"},\"description\":\"Tuzlainfo.ba pratite na dru\u0161tvenim mre\u017eama: Facebook, Instagram i Youtube. Svoje pri\u010de, upite i fotografije \u0161aljite na na\u0161u e-mail adresu.\"}]}<\/script>\n<!-- \/ Yoast SEO plugin. -->","yoast_head_json":{"title":"Vu\u010di\u0107 i Vulin podnose krivi\u010dne prijave protiv sebe - TuzlaInfo.ba","robots":{"index":"index","follow":"follow","max-snippet":"max-snippet:-1","max-image-preview":"max-image-preview:large","max-video-preview":"max-video-preview:-1"},"canonical":"https:\/\/tuzlainfo.ba\/index.php\/clanci\/sa-svih-strana\/item\/143553-vucic-i-vulin-podnose-krivicne-prijave-protiv-sebe\/","og_locale":"bs_BA","og_type":"article","og_title":"Vu\u010di\u0107 i Vulin podnose krivi\u010dne prijave protiv sebe - TuzlaInfo.ba","og_description":"Predsjednik Srbije Aleksandar Vu\u010di\u0107 najavio je ve\u010deras da \u0107e on i ministar unutra\u0161njih poslova Aleksandar&hellip;","og_url":"https:\/\/tuzlainfo.ba\/index.php\/clanci\/sa-svih-strana\/item\/143553-vucic-i-vulin-podnose-krivicne-prijave-protiv-sebe\/","og_site_name":"TuzlaInfo.ba","article_publisher":"https:\/\/www.facebook.com\/tuzlainfo.ba\/","article_published_time":"2021-08-01T18:59:10+00:00","og_image":[{"width":883,"height":589,"url":"https:\/\/tuzlainfo.ba\/wp-content\/uploads\/2021\/08\/0108_vucic_vulin.jpg","type":"image\/jpeg"}],"author":"nedim","twitter_card":"summary_large_image","twitter_misc":{"Written by":"nedim","Est. reading time":"1 minuta"},"schema":{"@context":"https:\/\/schema.org","@graph":[{"@type":"Article","@id":"https:\/\/tuzlainfo.ba\/index.php\/clanci\/sa-svih-strana\/item\/143553-vucic-i-vulin-podnose-krivicne-prijave-protiv-sebe\/#article","isPartOf":{"@id":"https:\/\/tuzlainfo.ba\/index.php\/clanci\/sa-svih-strana\/item\/143553-vucic-i-vulin-podnose-krivicne-prijave-protiv-sebe\/"},"author":{"name":"nedim","@id":"https:\/\/tuzlainfo.ba\/#\/schema\/person\/f434e20dc27ea133923aab08451b7f7f"},"headline":"Vu\u010di\u0107 i Vulin podnose krivi\u010dne prijave protiv sebe","datePublished":"2021-08-01T18:59:10+00:00","dateModified":"2021-08-01T18:59:10+00:00","mainEntityOfPage":{"@id":"https:\/\/tuzlainfo.ba\/index.php\/clanci\/sa-svih-strana\/item\/143553-vucic-i-vulin-podnose-krivicne-prijave-protiv-sebe\/"},"wordCount":267,"commentCount":0,"publisher":{"@id":"https:\/\/tuzlainfo.ba\/#organization"},"image":{"@id":"https:\/\/tuzlainfo.ba\/index.php\/clanci\/sa-svih-strana\/item\/143553-vucic-i-vulin-podnose-krivicne-prijave-protiv-sebe\/#primaryimage"},"thumbnailUrl":"https:\/\/tuzlainfo.ba\/wp-content\/uploads\/2021\/08\/0108_vucic_vulin.jpg","keywords":["aleksandar vu\u010di\u0107","Aleksandar Vulin","srbija"],"articleSection":["Sa svih strana"],"inLanguage":"bs-BA"},{"@type":"WebPage","@id":"https:\/\/tuzlainfo.ba\/index.php\/clanci\/sa-svih-strana\/item\/143553-vucic-i-vulin-podnose-krivicne-prijave-protiv-sebe\/","url":"https:\/\/tuzlainfo.ba\/index.php\/clanci\/sa-svih-strana\/item\/143553-vucic-i-vulin-podnose-krivicne-prijave-protiv-sebe\/","name":"Vu\u010di\u0107 i Vulin podnose krivi\u010dne prijave protiv sebe - TuzlaInfo.ba","isPartOf":{"@id":"https:\/\/tuzlainfo.ba\/#website"},"primaryImageOfPage":{"@id":"https:\/\/tuzlainfo.ba\/index.php\/clanci\/sa-svih-strana\/item\/143553-vucic-i-vulin-podnose-krivicne-prijave-protiv-sebe\/#primaryimage"},"image":{"@id":"https:\/\/tuzlainfo.ba\/index.php\/clanci\/sa-svih-strana\/item\/143553-vucic-i-vulin-podnose-krivicne-prijave-protiv-sebe\/#primaryimage"},"thumbnailUrl":"https:\/\/tuzlainfo.ba\/wp-content\/uploads\/2021\/08\/0108_vucic_vulin.jpg","datePublished":"2021-08-01T18:59:10+00:00","dateModified":"2021-08-01T18:59:10+00:00","breadcrumb":{"@id":"https:\/\/tuzlainfo.ba\/index.php\/clanci\/sa-svih-strana\/item\/143553-vucic-i-vulin-podnose-krivicne-prijave-protiv-sebe\/#breadcrumb"},"inLanguage":"bs-BA","potentialAction":[{"@type":"ReadAction","target":["https:\/\/tuzlainfo.ba\/index.php\/clanci\/sa-svih-strana\/item\/143553-vucic-i-vulin-podnose-krivicne-prijave-protiv-sebe\/"]}]},{"@type":"ImageObject","inLanguage":"bs-BA","@id":"https:\/\/tuzlainfo.ba\/index.php\/clanci\/sa-svih-strana\/item\/143553-vucic-i-vulin-podnose-krivicne-prijave-protiv-sebe\/#primaryimage","url":"https:\/\/tuzlainfo.ba\/wp-content\/uploads\/2021\/08\/0108_vucic_vulin.jpg","contentUrl":"https:\/\/tuzlainfo.ba\/wp-content\/uploads\/2021\/08\/0108_vucic_vulin.jpg","width":883,"height":589},{"@type":"BreadcrumbList","@id":"https:\/\/tuzlainfo.ba\/index.php\/clanci\/sa-svih-strana\/item\/143553-vucic-i-vulin-podnose-krivicne-prijave-protiv-sebe\/#breadcrumb","itemListElement":[{"@type":"ListItem","position":1,"name":"Home","item":"https:\/\/tuzlainfo.ba\/"},{"@type":"ListItem","position":2,"name":"Vu\u010di\u0107 i Vulin podnose krivi\u010dne prijave protiv sebe"}]},{"@type":"WebSite","@id":"https:\/\/tuzlainfo.ba\/#website","url":"https:\/\/tuzlainfo.ba\/","name":"TuzlaInfo.ba","description":"Tuzla info, gradski informator - Tuzla na dlanu","publisher":{"@id":"https:\/\/tuzlainfo.ba\/#organization"},"potentialAction":[{"@type":"SearchAction","target":{"@type":"EntryPoint","urlTemplate":"https:\/\/tuzlainfo.ba\/?s={search_term_string}"},"query-input":{"@type":"PropertyValueSpecification","valueRequired":true,"valueName":"search_term_string"}}],"inLanguage":"bs-BA"},{"@type":"Organization","@id":"https:\/\/tuzlainfo.ba\/#organization","name":"TuzlaInfo.ba","url":"https:\/\/tuzlainfo.ba\/","logo":{"@type":"ImageObject","inLanguage":"bs-BA","@id":"https:\/\/tuzlainfo.ba\/#\/schema\/logo\/image\/","url":"https:\/\/tuzlainfo.ba\/wp-content\/uploads\/2021\/03\/logo-ver-3-1.png","contentUrl":"https:\/\/tuzlainfo.ba\/wp-content\/uploads\/2021\/03\/logo-ver-3-1.png","width":350,"height":95,"caption":"TuzlaInfo.ba"},"image":{"@id":"https:\/\/tuzlainfo.ba\/#\/schema\/logo\/image\/"},"sameAs":["https:\/\/www.facebook.com\/tuzlainfo.ba\/"]},{"@type":"Person","@id":"https:\/\/tuzlainfo.ba\/#\/schema\/person\/f434e20dc27ea133923aab08451b7f7f","name":"nedim","image":{"@type":"ImageObject","inLanguage":"bs-BA","@id":"https:\/\/tuzlainfo.ba\/#\/schema\/person\/image\/","url":"https:\/\/tuzlainfo.ba\/wp-content\/litespeed\/avatar\/aabad687af24844af817603ac1cbdc4f.jpg?ver=1776702173","contentUrl":"https:\/\/tuzlainfo.ba\/wp-content\/litespeed\/avatar\/aabad687af24844af817603ac1cbdc4f.jpg?ver=1776702173","caption":"nedim"},"description":"Tuzlainfo.ba pratite na dru\u0161tvenim mre\u017eama: Facebook, Instagram i Youtube. Svoje pri\u010de, upite i fotografije \u0161aljite na na\u0161u e-mail adresu."}]}},"_links":{"self":[{"href":"https:\/\/tuzlainfo.ba\/index.php\/wp-json\/wp\/v2\/posts\/143553"}],"collection":[{"href":"https:\/\/tuzlainfo.ba\/index.php\/wp-json\/wp\/v2\/posts"}],"about":[{"href":"https:\/\/tuzlainfo.ba\/index.php\/wp-json\/wp\/v2\/types\/post"}],"author":[{"embeddable":true,"href":"https:\/\/tuzlainfo.ba\/index.php\/wp-json\/wp\/v2\/users\/2"}],"replies":[{"embeddable":true,"href":"https:\/\/tuzlainfo.ba\/index.php\/wp-json\/wp\/v2\/comments?post=143553"}],"version-history":[{"count":0,"href":"https:\/\/tuzlainfo.ba\/index.php\/wp-json\/wp\/v2\/posts\/143553\/revisions"}],"wp:featuredmedia":[{"embeddable":true,"href":"https:\/\/tuzlainfo.ba\/index.php\/wp-json\/wp\/v2\/media\/143554"}],"wp:attachment":[{"href":"https:\/\/tuzlainfo.ba\/index.php\/wp-json\/wp\/v2\/media?parent=143553"}],"wp:term":[{"taxonomy":"category","embeddable":true,"href":"https:\/\/tuzlainfo.ba\/index.php\/wp-json\/wp\/v2\/categories?post=143553"},{"taxonomy":"post_tag","embeddable":true,"href":"https:\/\/tuzlainfo.ba\/index.php\/wp-json\/wp\/v2\/tags?post=143553"}],"curies":[{"name":"wp","href":"https:\/\/api.w.org\/{rel}","templated":true}]}}