{"id":143155,"date":"2021-07-27T21:20:05","date_gmt":"2021-07-27T19:20:05","guid":{"rendered":"https:\/\/tuzlainfo.ba\/?p=143155"},"modified":"2021-07-27T21:20:05","modified_gmt":"2021-07-27T19:20:05","slug":"tuzla-biblioteka-dervis-susic-bogatija-za-80-naslova-vrijednih-zvucnih-knjiga","status":"publish","type":"post","link":"https:\/\/tuzlainfo.ba\/index.php\/novosti\/item\/143155-tuzla-biblioteka-dervis-susic-bogatija-za-80-naslova-vrijednih-zvucnih-knjiga\/","title":{"rendered":"Tuzla: Biblioteka &#8220;Dervi\u0161 Su\u0161i\u0107&#8221; bogatija za 80 naslova vrijednih zvu\u010dnih knjiga"},"content":{"rendered":"<p><span style=\"font-size: 10pt;\">Ju\u010der je Narodnu i univerzitetsku biblioteku &#8220;Dervi\u0161 Su\u0161i\u0107&#8221; Tuzla posjetio Sakib Pleh direktor Biblioteke za slijepa i slabovidna lica u BiH, gdje se susreo sa direktoricom Biblioteke Mirnom Trifkovi\u0107, Tifom Tu\u010di\u0107, izvr\u0161nom direktoricom UG o\u0161te\u0107enog vida Tuzla i \u0160ejlom Antunovi\u0107, edukator-rehabilitator UG o\u0161te\u0107enog vida Tuzla.<\/span><\/p>\n<p><span style=\"font-size: 10pt;\">Ovom prilikom za potrebe Odjeljenja za slijepa i slabovidna lica Biblioteke &#8220;Dervi\u0161 Su\u0161i\u0107&#8221; Tuzla uru\u010deno je 80 vrijednih naslova \u2013 zvu\u010dnih knjiga MP3 i Daisy formata.<\/span><\/p>\n<p><span style=\"font-size: 10pt;\">Tokom sastanka dogovoren je nastavak saradnje i zajedni\u010dke aktivnosti.<\/span><\/p>\n<p><span style=\"font-size: 10pt;\">Prema rije\u010dima Sakiba Pleha, direktora Biblioteke za slijepa i slabovidna lica u BiH ova biblioteka redovno dopunjava knji\u017eni fond u isturenim odjeljenjima u drugim bibliotekama u Bosni i Hercegovini.<\/span><\/p>\n<div align=\"justify\">\n<p><span style=\"font-size: 10pt;\"><i>&#8211; Uvjereni smo da \u0107e ove knjige koje smo danas donjeli upotpuniti knji\u017eni fond koji je ve\u0107 du\u017ei vremenski period na raspolaganju korisnicima u najve\u0107oj biblioteci Tuzlanskog kantona. Iskreno se nadam da \u0107e zadovoljiti ukuse i potrebe korisnika Odjeljenja za slijepa i slabovidna lica Biblioteke u Tuzli<\/i>, kazao je Pleh.<\/span><\/p>\n<p>Direktorica Biblioteke Mirna Trifkovi\u0107, zahvalila se direktoru Sakibu Plehu na saradnji i ovoj vrijednoj donaciji koja \u0107e uveliko koristiti korisnicima Odjeljenja za slijepa i slabovidna lica Biblioteke &#8220;Dervi\u0161 Su\u0161i\u0107&#8221; Tuzla.<\/p>\n<p>Ve\u0107 dugi niz godina Odlukom Upravnog odbora Biblioteke \u010dlanovi UG o\u0161te\u0107enog vida Tuzla imaju pravo na besplatnu \u010dlanarinu u NUB &#8220;Dervi\u0161 Su\u0161i\u0107&#8221; Tuzla.<\/p>\n<\/div>\n","protected":false},"excerpt":{"rendered":"<p>Ju\u010der je Narodnu i univerzitetsku biblioteku &#8220;Dervi\u0161 Su\u0161i\u0107&#8221; Tuzla posjetio Sakib Pleh direktor Biblioteke za&hellip;<\/p>\n","protected":false},"author":2,"featured_media":143158,"comment_status":"open","ping_status":"closed","sticky":false,"template":"","format":"standard","meta":{"_acf_changed":false,"footnotes":""},"categories":[12],"tags":[21],"acf":[],"yoast_head":"<!-- This site is optimized with the Yoast SEO plugin v23.5 - https:\/\/yoast.com\/wordpress\/plugins\/seo\/ -->\n<title>Tuzla: Biblioteka &quot;Dervi\u0161 Su\u0161i\u0107&quot; bogatija za 80 naslova vrijednih zvu\u010dnih knjiga - TuzlaInfo.ba<\/title>\n<meta name=\"robots\" content=\"index, follow, max-snippet:-1, max-image-preview:large, max-video-preview:-1\" \/>\n<link rel=\"canonical\" href=\"https:\/\/tuzlainfo.ba\/index.php\/novosti\/item\/143155-tuzla-biblioteka-dervis-susic-bogatija-za-80-naslova-vrijednih-zvucnih-knjiga\/\" \/>\n<meta property=\"og:locale\" content=\"bs_BA\" \/>\n<meta property=\"og:type\" content=\"article\" \/>\n<meta property=\"og:title\" content=\"Tuzla: Biblioteka &quot;Dervi\u0161 Su\u0161i\u0107&quot; bogatija za 80 naslova vrijednih zvu\u010dnih knjiga - TuzlaInfo.ba\" \/>\n<meta property=\"og:description\" content=\"Ju\u010der je Narodnu i univerzitetsku biblioteku &#8220;Dervi\u0161 Su\u0161i\u0107&#8221; Tuzla posjetio Sakib Pleh direktor Biblioteke za&hellip;\" \/>\n<meta property=\"og:url\" content=\"https:\/\/tuzlainfo.ba\/index.php\/novosti\/item\/143155-tuzla-biblioteka-dervis-susic-bogatija-za-80-naslova-vrijednih-zvucnih-knjiga\/\" \/>\n<meta property=\"og:site_name\" content=\"TuzlaInfo.ba\" \/>\n<meta property=\"article:publisher\" content=\"https:\/\/www.facebook.com\/tuzlainfo.ba\/\" \/>\n<meta property=\"article:published_time\" content=\"2021-07-27T19:20:05+00:00\" \/>\n<meta property=\"og:image\" content=\"https:\/\/tuzlainfo.ba\/wp-content\/uploads\/2021\/07\/2707_biblioteka_trifkovic-1.jpg\" \/>\n\t<meta property=\"og:image:width\" content=\"960\" \/>\n\t<meta property=\"og:image:height\" content=\"720\" \/>\n\t<meta property=\"og:image:type\" content=\"image\/jpeg\" \/>\n<meta name=\"author\" content=\"nedim\" \/>\n<meta name=\"twitter:card\" content=\"summary_large_image\" \/>\n<meta name=\"twitter:label1\" content=\"Written by\" \/>\n\t<meta name=\"twitter:data1\" content=\"nedim\" \/>\n\t<meta name=\"twitter:label2\" content=\"Est. reading time\" \/>\n\t<meta name=\"twitter:data2\" content=\"1 minuta\" \/>\n<script type=\"application\/ld+json\" class=\"yoast-schema-graph\">{\"@context\":\"https:\/\/schema.org\",\"@graph\":[{\"@type\":\"Article\",\"@id\":\"https:\/\/tuzlainfo.ba\/index.php\/novosti\/item\/143155-tuzla-biblioteka-dervis-susic-bogatija-za-80-naslova-vrijednih-zvucnih-knjiga\/#article\",\"isPartOf\":{\"@id\":\"https:\/\/tuzlainfo.ba\/index.php\/novosti\/item\/143155-tuzla-biblioteka-dervis-susic-bogatija-za-80-naslova-vrijednih-zvucnih-knjiga\/\"},\"author\":{\"name\":\"nedim\",\"@id\":\"https:\/\/tuzlainfo.ba\/#\/schema\/person\/f434e20dc27ea133923aab08451b7f7f\"},\"headline\":\"Tuzla: Biblioteka &#8220;Dervi\u0161 Su\u0161i\u0107&#8221; bogatija za 80 naslova vrijednih zvu\u010dnih knjiga\",\"datePublished\":\"2021-07-27T19:20:05+00:00\",\"dateModified\":\"2021-07-27T19:20:05+00:00\",\"mainEntityOfPage\":{\"@id\":\"https:\/\/tuzlainfo.ba\/index.php\/novosti\/item\/143155-tuzla-biblioteka-dervis-susic-bogatija-za-80-naslova-vrijednih-zvucnih-knjiga\/\"},\"wordCount\":243,\"commentCount\":0,\"publisher\":{\"@id\":\"https:\/\/tuzlainfo.ba\/#organization\"},\"image\":{\"@id\":\"https:\/\/tuzlainfo.ba\/index.php\/novosti\/item\/143155-tuzla-biblioteka-dervis-susic-bogatija-za-80-naslova-vrijednih-zvucnih-knjiga\/#primaryimage\"},\"thumbnailUrl\":\"https:\/\/tuzlainfo.ba\/wp-content\/uploads\/2021\/07\/2707_biblioteka_trifkovic-1.jpg\",\"keywords\":[\"biblioteka\"],\"articleSection\":[\"Novosti\"],\"inLanguage\":\"bs-BA\"},{\"@type\":\"WebPage\",\"@id\":\"https:\/\/tuzlainfo.ba\/index.php\/novosti\/item\/143155-tuzla-biblioteka-dervis-susic-bogatija-za-80-naslova-vrijednih-zvucnih-knjiga\/\",\"url\":\"https:\/\/tuzlainfo.ba\/index.php\/novosti\/item\/143155-tuzla-biblioteka-dervis-susic-bogatija-za-80-naslova-vrijednih-zvucnih-knjiga\/\",\"name\":\"Tuzla: Biblioteka \\\"Dervi\u0161 Su\u0161i\u0107\\\" bogatija za 80 naslova vrijednih zvu\u010dnih knjiga - TuzlaInfo.ba\",\"isPartOf\":{\"@id\":\"https:\/\/tuzlainfo.ba\/#website\"},\"primaryImageOfPage\":{\"@id\":\"https:\/\/tuzlainfo.ba\/index.php\/novosti\/item\/143155-tuzla-biblioteka-dervis-susic-bogatija-za-80-naslova-vrijednih-zvucnih-knjiga\/#primaryimage\"},\"image\":{\"@id\":\"https:\/\/tuzlainfo.ba\/index.php\/novosti\/item\/143155-tuzla-biblioteka-dervis-susic-bogatija-za-80-naslova-vrijednih-zvucnih-knjiga\/#primaryimage\"},\"thumbnailUrl\":\"https:\/\/tuzlainfo.ba\/wp-content\/uploads\/2021\/07\/2707_biblioteka_trifkovic-1.jpg\",\"datePublished\":\"2021-07-27T19:20:05+00:00\",\"dateModified\":\"2021-07-27T19:20:05+00:00\",\"breadcrumb\":{\"@id\":\"https:\/\/tuzlainfo.ba\/index.php\/novosti\/item\/143155-tuzla-biblioteka-dervis-susic-bogatija-za-80-naslova-vrijednih-zvucnih-knjiga\/#breadcrumb\"},\"inLanguage\":\"bs-BA\",\"potentialAction\":[{\"@type\":\"ReadAction\",\"target\":[\"https:\/\/tuzlainfo.ba\/index.php\/novosti\/item\/143155-tuzla-biblioteka-dervis-susic-bogatija-za-80-naslova-vrijednih-zvucnih-knjiga\/\"]}]},{\"@type\":\"ImageObject\",\"inLanguage\":\"bs-BA\",\"@id\":\"https:\/\/tuzlainfo.ba\/index.php\/novosti\/item\/143155-tuzla-biblioteka-dervis-susic-bogatija-za-80-naslova-vrijednih-zvucnih-knjiga\/#primaryimage\",\"url\":\"https:\/\/tuzlainfo.ba\/wp-content\/uploads\/2021\/07\/2707_biblioteka_trifkovic-1.jpg\",\"contentUrl\":\"https:\/\/tuzlainfo.ba\/wp-content\/uploads\/2021\/07\/2707_biblioteka_trifkovic-1.jpg\",\"width\":960,\"height\":720},{\"@type\":\"BreadcrumbList\",\"@id\":\"https:\/\/tuzlainfo.ba\/index.php\/novosti\/item\/143155-tuzla-biblioteka-dervis-susic-bogatija-za-80-naslova-vrijednih-zvucnih-knjiga\/#breadcrumb\",\"itemListElement\":[{\"@type\":\"ListItem\",\"position\":1,\"name\":\"Home\",\"item\":\"https:\/\/tuzlainfo.ba\/\"},{\"@type\":\"ListItem\",\"position\":2,\"name\":\"Tuzla: Biblioteka &#8220;Dervi\u0161 Su\u0161i\u0107&#8221; bogatija za 80 naslova vrijednih zvu\u010dnih knjiga\"}]},{\"@type\":\"WebSite\",\"@id\":\"https:\/\/tuzlainfo.ba\/#website\",\"url\":\"https:\/\/tuzlainfo.ba\/\",\"name\":\"TuzlaInfo.ba\",\"description\":\"Tuzla info, gradski informator - Tuzla na dlanu\",\"publisher\":{\"@id\":\"https:\/\/tuzlainfo.ba\/#organization\"},\"potentialAction\":[{\"@type\":\"SearchAction\",\"target\":{\"@type\":\"EntryPoint\",\"urlTemplate\":\"https:\/\/tuzlainfo.ba\/?s={search_term_string}\"},\"query-input\":{\"@type\":\"PropertyValueSpecification\",\"valueRequired\":true,\"valueName\":\"search_term_string\"}}],\"inLanguage\":\"bs-BA\"},{\"@type\":\"Organization\",\"@id\":\"https:\/\/tuzlainfo.ba\/#organization\",\"name\":\"TuzlaInfo.ba\",\"url\":\"https:\/\/tuzlainfo.ba\/\",\"logo\":{\"@type\":\"ImageObject\",\"inLanguage\":\"bs-BA\",\"@id\":\"https:\/\/tuzlainfo.ba\/#\/schema\/logo\/image\/\",\"url\":\"https:\/\/tuzlainfo.ba\/wp-content\/uploads\/2021\/03\/logo-ver-3-1.png\",\"contentUrl\":\"https:\/\/tuzlainfo.ba\/wp-content\/uploads\/2021\/03\/logo-ver-3-1.png\",\"width\":350,\"height\":95,\"caption\":\"TuzlaInfo.ba\"},\"image\":{\"@id\":\"https:\/\/tuzlainfo.ba\/#\/schema\/logo\/image\/\"},\"sameAs\":[\"https:\/\/www.facebook.com\/tuzlainfo.ba\/\"]},{\"@type\":\"Person\",\"@id\":\"https:\/\/tuzlainfo.ba\/#\/schema\/person\/f434e20dc27ea133923aab08451b7f7f\",\"name\":\"nedim\",\"image\":{\"@type\":\"ImageObject\",\"inLanguage\":\"bs-BA\",\"@id\":\"https:\/\/tuzlainfo.ba\/#\/schema\/person\/image\/\",\"url\":\"https:\/\/tuzlainfo.ba\/wp-content\/litespeed\/avatar\/aabad687af24844af817603ac1cbdc4f.jpg?ver=1777306975\",\"contentUrl\":\"https:\/\/tuzlainfo.ba\/wp-content\/litespeed\/avatar\/aabad687af24844af817603ac1cbdc4f.jpg?ver=1777306975\",\"caption\":\"nedim\"},\"description\":\"Tuzlainfo.ba pratite na dru\u0161tvenim mre\u017eama: Facebook, Instagram i Youtube. Svoje pri\u010de, upite i fotografije \u0161aljite na na\u0161u e-mail adresu.\"}]}<\/script>\n<!-- \/ Yoast SEO plugin. -->","yoast_head_json":{"title":"Tuzla: Biblioteka \"Dervi\u0161 Su\u0161i\u0107\" bogatija za 80 naslova vrijednih zvu\u010dnih knjiga - TuzlaInfo.ba","robots":{"index":"index","follow":"follow","max-snippet":"max-snippet:-1","max-image-preview":"max-image-preview:large","max-video-preview":"max-video-preview:-1"},"canonical":"https:\/\/tuzlainfo.ba\/index.php\/novosti\/item\/143155-tuzla-biblioteka-dervis-susic-bogatija-za-80-naslova-vrijednih-zvucnih-knjiga\/","og_locale":"bs_BA","og_type":"article","og_title":"Tuzla: Biblioteka \"Dervi\u0161 Su\u0161i\u0107\" bogatija za 80 naslova vrijednih zvu\u010dnih knjiga - TuzlaInfo.ba","og_description":"Ju\u010der je Narodnu i univerzitetsku biblioteku &#8220;Dervi\u0161 Su\u0161i\u0107&#8221; Tuzla posjetio Sakib Pleh direktor Biblioteke za&hellip;","og_url":"https:\/\/tuzlainfo.ba\/index.php\/novosti\/item\/143155-tuzla-biblioteka-dervis-susic-bogatija-za-80-naslova-vrijednih-zvucnih-knjiga\/","og_site_name":"TuzlaInfo.ba","article_publisher":"https:\/\/www.facebook.com\/tuzlainfo.ba\/","article_published_time":"2021-07-27T19:20:05+00:00","og_image":[{"width":960,"height":720,"url":"https:\/\/tuzlainfo.ba\/wp-content\/uploads\/2021\/07\/2707_biblioteka_trifkovic-1.jpg","type":"image\/jpeg"}],"author":"nedim","twitter_card":"summary_large_image","twitter_misc":{"Written by":"nedim","Est. reading time":"1 minuta"},"schema":{"@context":"https:\/\/schema.org","@graph":[{"@type":"Article","@id":"https:\/\/tuzlainfo.ba\/index.php\/novosti\/item\/143155-tuzla-biblioteka-dervis-susic-bogatija-za-80-naslova-vrijednih-zvucnih-knjiga\/#article","isPartOf":{"@id":"https:\/\/tuzlainfo.ba\/index.php\/novosti\/item\/143155-tuzla-biblioteka-dervis-susic-bogatija-za-80-naslova-vrijednih-zvucnih-knjiga\/"},"author":{"name":"nedim","@id":"https:\/\/tuzlainfo.ba\/#\/schema\/person\/f434e20dc27ea133923aab08451b7f7f"},"headline":"Tuzla: Biblioteka &#8220;Dervi\u0161 Su\u0161i\u0107&#8221; bogatija za 80 naslova vrijednih zvu\u010dnih knjiga","datePublished":"2021-07-27T19:20:05+00:00","dateModified":"2021-07-27T19:20:05+00:00","mainEntityOfPage":{"@id":"https:\/\/tuzlainfo.ba\/index.php\/novosti\/item\/143155-tuzla-biblioteka-dervis-susic-bogatija-za-80-naslova-vrijednih-zvucnih-knjiga\/"},"wordCount":243,"commentCount":0,"publisher":{"@id":"https:\/\/tuzlainfo.ba\/#organization"},"image":{"@id":"https:\/\/tuzlainfo.ba\/index.php\/novosti\/item\/143155-tuzla-biblioteka-dervis-susic-bogatija-za-80-naslova-vrijednih-zvucnih-knjiga\/#primaryimage"},"thumbnailUrl":"https:\/\/tuzlainfo.ba\/wp-content\/uploads\/2021\/07\/2707_biblioteka_trifkovic-1.jpg","keywords":["biblioteka"],"articleSection":["Novosti"],"inLanguage":"bs-BA"},{"@type":"WebPage","@id":"https:\/\/tuzlainfo.ba\/index.php\/novosti\/item\/143155-tuzla-biblioteka-dervis-susic-bogatija-za-80-naslova-vrijednih-zvucnih-knjiga\/","url":"https:\/\/tuzlainfo.ba\/index.php\/novosti\/item\/143155-tuzla-biblioteka-dervis-susic-bogatija-za-80-naslova-vrijednih-zvucnih-knjiga\/","name":"Tuzla: Biblioteka \"Dervi\u0161 Su\u0161i\u0107\" bogatija za 80 naslova vrijednih zvu\u010dnih knjiga - TuzlaInfo.ba","isPartOf":{"@id":"https:\/\/tuzlainfo.ba\/#website"},"primaryImageOfPage":{"@id":"https:\/\/tuzlainfo.ba\/index.php\/novosti\/item\/143155-tuzla-biblioteka-dervis-susic-bogatija-za-80-naslova-vrijednih-zvucnih-knjiga\/#primaryimage"},"image":{"@id":"https:\/\/tuzlainfo.ba\/index.php\/novosti\/item\/143155-tuzla-biblioteka-dervis-susic-bogatija-za-80-naslova-vrijednih-zvucnih-knjiga\/#primaryimage"},"thumbnailUrl":"https:\/\/tuzlainfo.ba\/wp-content\/uploads\/2021\/07\/2707_biblioteka_trifkovic-1.jpg","datePublished":"2021-07-27T19:20:05+00:00","dateModified":"2021-07-27T19:20:05+00:00","breadcrumb":{"@id":"https:\/\/tuzlainfo.ba\/index.php\/novosti\/item\/143155-tuzla-biblioteka-dervis-susic-bogatija-za-80-naslova-vrijednih-zvucnih-knjiga\/#breadcrumb"},"inLanguage":"bs-BA","potentialAction":[{"@type":"ReadAction","target":["https:\/\/tuzlainfo.ba\/index.php\/novosti\/item\/143155-tuzla-biblioteka-dervis-susic-bogatija-za-80-naslova-vrijednih-zvucnih-knjiga\/"]}]},{"@type":"ImageObject","inLanguage":"bs-BA","@id":"https:\/\/tuzlainfo.ba\/index.php\/novosti\/item\/143155-tuzla-biblioteka-dervis-susic-bogatija-za-80-naslova-vrijednih-zvucnih-knjiga\/#primaryimage","url":"https:\/\/tuzlainfo.ba\/wp-content\/uploads\/2021\/07\/2707_biblioteka_trifkovic-1.jpg","contentUrl":"https:\/\/tuzlainfo.ba\/wp-content\/uploads\/2021\/07\/2707_biblioteka_trifkovic-1.jpg","width":960,"height":720},{"@type":"BreadcrumbList","@id":"https:\/\/tuzlainfo.ba\/index.php\/novosti\/item\/143155-tuzla-biblioteka-dervis-susic-bogatija-za-80-naslova-vrijednih-zvucnih-knjiga\/#breadcrumb","itemListElement":[{"@type":"ListItem","position":1,"name":"Home","item":"https:\/\/tuzlainfo.ba\/"},{"@type":"ListItem","position":2,"name":"Tuzla: Biblioteka &#8220;Dervi\u0161 Su\u0161i\u0107&#8221; bogatija za 80 naslova vrijednih zvu\u010dnih knjiga"}]},{"@type":"WebSite","@id":"https:\/\/tuzlainfo.ba\/#website","url":"https:\/\/tuzlainfo.ba\/","name":"TuzlaInfo.ba","description":"Tuzla info, gradski informator - Tuzla na dlanu","publisher":{"@id":"https:\/\/tuzlainfo.ba\/#organization"},"potentialAction":[{"@type":"SearchAction","target":{"@type":"EntryPoint","urlTemplate":"https:\/\/tuzlainfo.ba\/?s={search_term_string}"},"query-input":{"@type":"PropertyValueSpecification","valueRequired":true,"valueName":"search_term_string"}}],"inLanguage":"bs-BA"},{"@type":"Organization","@id":"https:\/\/tuzlainfo.ba\/#organization","name":"TuzlaInfo.ba","url":"https:\/\/tuzlainfo.ba\/","logo":{"@type":"ImageObject","inLanguage":"bs-BA","@id":"https:\/\/tuzlainfo.ba\/#\/schema\/logo\/image\/","url":"https:\/\/tuzlainfo.ba\/wp-content\/uploads\/2021\/03\/logo-ver-3-1.png","contentUrl":"https:\/\/tuzlainfo.ba\/wp-content\/uploads\/2021\/03\/logo-ver-3-1.png","width":350,"height":95,"caption":"TuzlaInfo.ba"},"image":{"@id":"https:\/\/tuzlainfo.ba\/#\/schema\/logo\/image\/"},"sameAs":["https:\/\/www.facebook.com\/tuzlainfo.ba\/"]},{"@type":"Person","@id":"https:\/\/tuzlainfo.ba\/#\/schema\/person\/f434e20dc27ea133923aab08451b7f7f","name":"nedim","image":{"@type":"ImageObject","inLanguage":"bs-BA","@id":"https:\/\/tuzlainfo.ba\/#\/schema\/person\/image\/","url":"https:\/\/tuzlainfo.ba\/wp-content\/litespeed\/avatar\/aabad687af24844af817603ac1cbdc4f.jpg?ver=1777306975","contentUrl":"https:\/\/tuzlainfo.ba\/wp-content\/litespeed\/avatar\/aabad687af24844af817603ac1cbdc4f.jpg?ver=1777306975","caption":"nedim"},"description":"Tuzlainfo.ba pratite na dru\u0161tvenim mre\u017eama: Facebook, Instagram i Youtube. Svoje pri\u010de, upite i fotografije \u0161aljite na na\u0161u e-mail adresu."}]}},"_links":{"self":[{"href":"https:\/\/tuzlainfo.ba\/index.php\/wp-json\/wp\/v2\/posts\/143155"}],"collection":[{"href":"https:\/\/tuzlainfo.ba\/index.php\/wp-json\/wp\/v2\/posts"}],"about":[{"href":"https:\/\/tuzlainfo.ba\/index.php\/wp-json\/wp\/v2\/types\/post"}],"author":[{"embeddable":true,"href":"https:\/\/tuzlainfo.ba\/index.php\/wp-json\/wp\/v2\/users\/2"}],"replies":[{"embeddable":true,"href":"https:\/\/tuzlainfo.ba\/index.php\/wp-json\/wp\/v2\/comments?post=143155"}],"version-history":[{"count":0,"href":"https:\/\/tuzlainfo.ba\/index.php\/wp-json\/wp\/v2\/posts\/143155\/revisions"}],"wp:featuredmedia":[{"embeddable":true,"href":"https:\/\/tuzlainfo.ba\/index.php\/wp-json\/wp\/v2\/media\/143158"}],"wp:attachment":[{"href":"https:\/\/tuzlainfo.ba\/index.php\/wp-json\/wp\/v2\/media?parent=143155"}],"wp:term":[{"taxonomy":"category","embeddable":true,"href":"https:\/\/tuzlainfo.ba\/index.php\/wp-json\/wp\/v2\/categories?post=143155"},{"taxonomy":"post_tag","embeddable":true,"href":"https:\/\/tuzlainfo.ba\/index.php\/wp-json\/wp\/v2\/tags?post=143155"}],"curies":[{"name":"wp","href":"https:\/\/api.w.org\/{rel}","templated":true}]}}