{"id":143067,"date":"2021-07-26T22:00:05","date_gmt":"2021-07-26T20:00:05","guid":{"rendered":"https:\/\/tuzlainfo.ba\/?p=143067"},"modified":"2021-07-26T22:00:05","modified_gmt":"2021-07-26T20:00:05","slug":"izetbegovic-dodika-ima-ko-zaustaviti-ako-sa-kocijaskih-rijeci-predje-na-djela","status":"publish","type":"post","link":"https:\/\/tuzlainfo.ba\/index.php\/bosna-i-hercegovina\/item\/143067-izetbegovic-dodika-ima-ko-zaustaviti-ako-sa-kocijaskih-rijeci-predje-na-djela\/","title":{"rendered":"Izetbegovi\u0107: Dodika ima ko zaustaviti ako sa ko\u010dija\u0161kih rije\u010di pre\u0111e na djela"},"content":{"rendered":"<p>Dodik obe\u0107ava da \u0107e sru\u0161iti BiH, a sru\u0161i crkvu u Konjevi\u0107 Polju. Jedno pri\u010da, drugo radi. Mogu ga zaustaviti me\u0111unarodna zajednica, bh. tu\u017eila\u0161tvo, organi gonjenja, i na kraju krajeva to \u0107e se tako i desiti ako sa te\u0161kih ko\u010dija\u0161kih rije\u010di pre\u0111e na djela.<\/p>\n<p>Poru\u010dio je ovo ve\u010deras lider SDA Bakir Izetbegovi\u0107, gostuju\u0107i u emisiji Vijesti u 7 Hayat televizije.<\/p>\n<p>Na po\u010detku gostovanja, Izetbegovi\u0107 je prokomentarisao sastanak predsjednika parlamentarnih stranaka sa sjedi\u0161tem u RS, sazvan zbog odluke visokog predstavnika Valentina Inzka da nametne Zakon o zabrani negiranja genocida, na kojem je, izme\u0111u ostalog, zaklju\u010deno i da od sutra ne\u0107e u\u010destvovati u radu dr\u017eavnih institucija.<\/p>\n<p>Izetbegovi\u0107 je podsjetio da su parlamentarci i \u010dlanovi Vije\u0107a ministara fakti\u010dki trebali startati s kolektivnim godi\u0161njim odmorima od 1. avgusta, tako da je avgust svakako bio jedan mjesec vakuuma.<\/p>\n<p>&#8211; Pomjerili su to za sedam dana, vjerovatno \u0107e taktizirati da vide mogu li ne\u0161to dobiti u tih sljede\u0107ih 40 dana, a onda \u0107e se u septembru vjerovatno sve nastaviti ponovo. Jer, koje je to ustvari pravo srpskih predstavnika ugro\u017eeno? Pravo da negiraju genocid? Pravo da slave ratne zlo\u010dince? Pravo na jedan apartheid koji \u017eivimo u RS-u &#8211; rekao je Izetbegovi\u0107.<\/p>\n<p>Isti\u010de da u manjem bh. entitetu ima 20 posto nesrba, a samo ih je 3 posto na rukovode\u0107im pozicijama.<\/p>\n<p>&#8211; U RS-u je Bo\u0161njacima zabranjen bosanski jezik, osve\u0161tavaju i imaju pravoslavne slave dr\u017eavnih institucija, \u0161kola&#8230; Ne samo da ne\u0107e negirati genocid, ne samo da ne\u0107e slaviti ratne zlo\u010dince, nego \u0107e od svega ovoga \u0161to sam pobrojao polako odustati &#8211; rekao je Izetbegovi\u0107.<\/p>\n<p>Jedno vrijeme \u0107e da prave krizu, smatra lider SDA, a onda \u0107e da odustanu.<\/p>\n<p>&#8211; Nisu u pravu. Ne mo\u017eete vi na pitanjima genocida, slavljenja Radovana Karad\u017ei\u0107a, suprotstaviti se me\u0111unarodnoj zajednici i pobijediti u tome. O tome nema govora. Samo je pitanje koliko \u0107e to trajati, koliko \u0107e ih ta tvrdoglavost i taj inat ovaj put ko\u0161tati. Oni se, naravno, takmi\u010de me\u0111u sobom ko \u0107e tu sad biti ve\u0107i Srbin pred narodom, ali odustat \u0107e. To je klizav teren, kao \u017eivo blato &#8211; jasan je Izetbegovi\u0107.<\/p>\n<p>Voditeljica emisije pitala je Izetbegovi\u0107a ko mo\u017ee zaustaviti \u010dlana Predsjedni\u0161tva BiH i lidera SNSD-a Milorada Dodika u njegovim prijetnjama.<\/p>\n<p>&#8211; Dodik obe\u0107ava da \u0107e sru\u0161iti BiH, a onda sru\u0161i crkvu u Konjevi\u0107 Polju. Jedno je \u0161ta on pri\u010da, a drugo \u0161ta radi. Mo\u017ee ga zaustaviti me\u0111unarodna zajednica, bh. tu\u017eila\u0161tvo, organi gonjenja, i na kraju krajeva to \u0107e se tako i desiti ako on sa ovih te\u0161kih ko\u010dija\u0161kih rije\u010di pre\u0111e na djela. Ako se zaista upusti u to da destabilizira prilike na Balkanu.<\/p>\n<p>Ne\u0107e imati iza sebe ni Vu\u010di\u0107a, ni Srbiju, ako se zaista upusti u to da u\u0111e u neke rizi\u010dne stvari koje mogu dovesti do konflikata u ovom dijelu Evrope. Ja to znam pouzdano. Siti su vi\u0161e te politike koja izaziva konflikte i vodi u destabilizaciju. Mislim da od te pri\u010de, busanja u prsa, ne\u0107e biti puno &#8211; uvjeren je Izetbegovi\u0107.<\/p>\n<p>Na pitanje mo\u017ee li me\u0111unarodna zajednica smijeniti Dodika, s obzirom da je on na \u010delu dr\u017eave koju negira, Izetbegovi\u0107 je kazao kako smatra da \u0107e se to tako i zavr\u0161iti.<\/p>\n<p>&#8211; Milorad Dodik je jako bogat \u010dovjek u jednom jako siroma\u0161nom narodu. I na ove nacionalisti\u010dke teme jo\u0161 uvijek uspijeva da se odr\u017ei, i da u stvari tjera i opoziciju i narod da staju uz njega. Ali ima momenat kada je tome kraj. I upravo na ovoj temi tome mora do\u0107i kraj &#8211; na genocidu, na odlikovanjima ratnih zlo\u010dinaca. Apsolutno su time pre\u0161li crvenu liniju i ne\u0107e to mo\u0107i ostati u civiliziranom svijetu. To je jedna retrogradna, anticivilizacijska politika kojoj je trebao davno biti kraj &#8211; dodaje Izetbegovi\u0107.<\/p>\n<p>Prema njegovim rije\u010dima, Dodik ide u sudar s me\u0111unarodnom zajednicom i zapadnim silama i iz toga sasvim sigurno ne\u0107e iza\u0107i kao pobjednik.<\/p>\n<p>Upitan \u0161ta mo\u017eemo o\u010dekivati od novog visokog predstavnika Christiana Schmidta, koji u na\u0161u zemlju dolazi za nekoliko dana, Izetbegovi\u0107 je kazao kako od njega ne o\u010dekuje posezanje za bonskim ovlastima.<\/p>\n<p>&#8211; Bonske ovlasti \u0107e naravno ostati, visoki predstavnik \u0107e naravno ostati. Nikakva galama iz Banjaluke ih otjerati ne\u0107e. Ali mislim da \u0107e on polako i\u0107i na jedno iscrpljivanje i umaranje retrogradnih sila, sankcije &#8211; ako budu potrebne. Ne bih rekao da \u0107e se gospodin Schmidt, onakav kakav je i sa podr\u0161kom kakvu ima &#8211; povu\u0107i.<\/p>\n<p>Me\u0111unarodna zajednica, zapadne sile koje su pravile Dejtonski sporazum ne mogu dopustiti da njihov projekat ovdje propadne, da se dovede u pitanje, da do\u0111e do destabilizacije, do konflikata, do najgorih scenarija &#8211; smatra Izetbegovi\u0107.<\/p>\n<p>Na pitanje kako komentari\u0161e Dodikove najave o upotrebi sile ukoliko SIPA krene da ga hapsi, Izetbegovi\u0107 ka\u017ee da lider SNSD-a mo\u017ee sva\u0161ta uraditi privremeno.<\/p>\n<p>&#8211; Mo\u017ee upotrijebiti policiju da zaustavi SIPA-u, dakle krenuti u sudar sa dr\u017eavnim institucijama BiH i sa me\u0111unarodnom zajednicom prisutnom u BiH. Ne\u0107e se dobro provesti ako to uradi. Ne mo\u017ee on braniti pravo Srba da maltretiraju druge, da dominiraju nad drugima, da tjeraju Bo\u0161njake i Hrvate da slave 9. januar kad su Srbi odlu\u010dili da se s njima razi\u0111u &#8211; poru\u010dio je Izetbegovi\u0107.<\/p>\n<p>Na pitanje mo\u017ee li to dovesti do odre\u0111enih posljedica, odgovorio je potvrdno, ali i istakao kako misli da Dodik ne\u0107e i\u0107i tako daleko.<\/p>\n<p>&#8211; Nije njemu cilj konflikt, ve\u0107 vlast. Da sa\u010duva vlast, da ga niko ne dira, da radi \u0161tagod ho\u0107e. Mislim da ne\u0107e izdr\u017eati igru \u017eivaca koja mu sad slijedi sa me\u0111unarodnom zajednicom &#8211; potcrtava predsjednik SDA.<\/p>\n<p>Crvenu liniju i za me\u0111unarodnu zajednicu ali i probosanske snage, napominje, predstavljaju stvari koje vode u konflikte u BiH.<\/p>\n<p>&#8211; Sve dok se ne\u0161to pri\u010da, bojkotuje, sve dok imamo neke blage forme blokada &#8211; da se tolerisati. Jer, unato\u010d svoj toj Dodikovoj pri\u010di u zadnjih par godina, ipak stvari idu naprijed u BiH. Ali ako krene da to zaista vu\u010de unazad u smjeru nekih konflikata, sukoba, do\u017eivjet \u0107e ono \u0161to je neophodno &#8211; sigurno \u0107e biti uklonjen na ovaj ili onaj na\u010din &#8211; smatra Izetbegovi\u0107.<\/p>\n<p>Nagla\u0161ava kako Beograd namjerno \u0161alje kontroverzne poruke &#8211; jedno govori Vu\u010di\u0107, koji je pomiritelj, koji je iznad svega toga, a drugo govore oni kojima to Vu\u010di\u0107 dopusti.<\/p>\n<p>&#8211; A onda se ka\u017ee da je \u201esrpski svet\u201c samo jedna kulturna zajednica. A onda Vulin ka\u017ee kako \u0107e oni vojno \u0161tititi Srbe bez obzira gdje oni \u017eive. \u0160ta to zna\u010di? Pre\u0107i granicu ponovo tenkovima? &#8211; upitao je Izetbegovi\u0107.<\/p>\n<p>Posebno va\u017enim je ocijenio ono \u0161to izgovara predsjednik Srbije, s obzirom da u njega gleda srpski korpus u Srbiji.<\/p>\n<p>&#8211; Ako je on kazao da se s Bo\u0161njacima treba praviti pomirenje i da je nama zajedno \u017eivjeti, onda to daleko nadja\u010dava ova iskakanja koja radi Vulin ili ko ve\u0107 dobije zadatak. Vu\u010di\u0107 \u0107e se kretati izme\u0111u sila iz Azije i SAD-a i Evrope. Mislim da \u0107e tu prevaga biti jasna, da i Vu\u010di\u0107 zna da svi mi pripadamo Evropi i Zapadu &#8211; konstatuje Izetbegovi\u0107.<\/p>\n<p>Na pitanje da li se Vu\u010di\u0107eva retorika i djelovanje poklapaju, Izetbegovi\u0107 ka\u017ee kako on ostavlja stvari otvorenima &#8211; odnosno da \u0107e se postavljati u zavisnosti od toga ko bude ja\u010dao u svijetu, odnosno od globalnih kretanja.<\/p>\n<p>&#8211; Mislim da se ve\u0107 sad iz njegovih poruka vidi prevaga. Mislim da i on na kraju krajeva, nakon svega \u0161ta je pri\u010dao i radio kad je bio mlad, osje\u0107a obavezu da smiri stvari i da uradi dobre stvari za Srbiju. A nije dobra stvar za Srbiju novi konflikt i sudar sa me\u0111unarodnom zajednicom, pa i sa Bo\u0161njacima. Jer svi dosada\u0161nji sudari Srbije koje je izazvala sa Slovenijom, Hrvatskom, Kosovom itd. su lo\u0161e zavr\u0161ili za Srbiju. I mislim da \u0107e na kraju krajeva u njemu prevagnuti\u00a0 to da pravi mir i red, i da se ostavi nekakvih velikosrpskih projekata &#8211; poru\u010dio je Izetbegovi\u0107.<\/p>\n<p>Upozorava da je \u201esrpski svet\u201c latentna prijetnja sigurnosti i mira na Balkanu, jer stvara dojam i obavezu kod srpskog korpusa da ide u tom smjeru.<\/p>\n<p>&#8211; To su pri\u010de od prije 30 godina. Ponovo se probudio taj duh, \u0161to mo\u017ee da bude opasno. Ako Srbi krenu u tome smjeru, mogu da izazovu nove sukobe. Ali ja mislim da bi trebali da se presaberu, da premotaju taj film pa da vide kako se to zavr\u0161ilo u Sloveniji, Hrvatskoj, na Kosovu, u Crnoj Gori, u BiH. Da ne idu u tom smjeru. Neka puste druge da \u017eive s mirom. Dovoljno prostora ima za sve nas na Balkanu. Na kraju krajeva i Srbi i Hrvati i Bo\u0161njaci su jedne te iste genetske osnove i mo\u017eemo da \u017eivimo zajedno &#8211; istakao je Izetbegovi\u0107 za Hayat, a prenose Vijesti.ba.<\/p>\n","protected":false},"excerpt":{"rendered":"<p>Dodik obe\u0107ava da \u0107e sru\u0161iti BiH, a sru\u0161i crkvu u Konjevi\u0107 Polju. Jedno pri\u010da, drugo&hellip;<\/p>\n","protected":false},"author":2,"featured_media":86562,"comment_status":"open","ping_status":"closed","sticky":false,"template":"","format":"standard","meta":{"_acf_changed":false,"footnotes":""},"categories":[291],"tags":[1370],"acf":[],"yoast_head":"<!-- This site is optimized with the Yoast SEO plugin v23.5 - https:\/\/yoast.com\/wordpress\/plugins\/seo\/ -->\n<title>Izetbegovi\u0107: Dodika ima ko zaustaviti ako sa ko\u010dija\u0161kih rije\u010di pre\u0111e na djela - TuzlaInfo.ba<\/title>\n<meta name=\"robots\" content=\"index, follow, max-snippet:-1, max-image-preview:large, max-video-preview:-1\" \/>\n<link rel=\"canonical\" href=\"https:\/\/tuzlainfo.ba\/index.php\/bosna-i-hercegovina\/item\/143067-izetbegovic-dodika-ima-ko-zaustaviti-ako-sa-kocijaskih-rijeci-predje-na-djela\/\" \/>\n<meta property=\"og:locale\" content=\"bs_BA\" \/>\n<meta property=\"og:type\" content=\"article\" \/>\n<meta property=\"og:title\" content=\"Izetbegovi\u0107: Dodika ima ko zaustaviti ako sa ko\u010dija\u0161kih rije\u010di pre\u0111e na djela - TuzlaInfo.ba\" \/>\n<meta property=\"og:description\" content=\"Dodik obe\u0107ava da \u0107e sru\u0161iti BiH, a sru\u0161i crkvu u Konjevi\u0107 Polju. Jedno pri\u010da, drugo&hellip;\" \/>\n<meta property=\"og:url\" content=\"https:\/\/tuzlainfo.ba\/index.php\/bosna-i-hercegovina\/item\/143067-izetbegovic-dodika-ima-ko-zaustaviti-ako-sa-kocijaskih-rijeci-predje-na-djela\/\" \/>\n<meta property=\"og:site_name\" content=\"TuzlaInfo.ba\" \/>\n<meta property=\"article:publisher\" content=\"https:\/\/www.facebook.com\/tuzlainfo.ba\/\" \/>\n<meta property=\"article:published_time\" content=\"2021-07-26T20:00:05+00:00\" \/>\n<meta property=\"og:image\" content=\"https:\/\/tuzlainfo.ba\/wp-content\/uploads\/2021\/02\/sadrzaj_2021_20210201_1602_izetbegovic.jpg\" \/>\n\t<meta property=\"og:image:width\" content=\"770\" \/>\n\t<meta property=\"og:image:height\" content=\"433\" \/>\n\t<meta property=\"og:image:type\" content=\"image\/jpeg\" \/>\n<meta name=\"author\" content=\"nedim\" \/>\n<meta name=\"twitter:card\" content=\"summary_large_image\" \/>\n<meta name=\"twitter:label1\" content=\"Written by\" \/>\n\t<meta name=\"twitter:data1\" content=\"nedim\" \/>\n\t<meta name=\"twitter:label2\" content=\"Est. reading time\" \/>\n\t<meta name=\"twitter:data2\" content=\"8 minuta\" \/>\n<script type=\"application\/ld+json\" class=\"yoast-schema-graph\">{\"@context\":\"https:\/\/schema.org\",\"@graph\":[{\"@type\":\"Article\",\"@id\":\"https:\/\/tuzlainfo.ba\/index.php\/bosna-i-hercegovina\/item\/143067-izetbegovic-dodika-ima-ko-zaustaviti-ako-sa-kocijaskih-rijeci-predje-na-djela\/#article\",\"isPartOf\":{\"@id\":\"https:\/\/tuzlainfo.ba\/index.php\/bosna-i-hercegovina\/item\/143067-izetbegovic-dodika-ima-ko-zaustaviti-ako-sa-kocijaskih-rijeci-predje-na-djela\/\"},\"author\":{\"name\":\"nedim\",\"@id\":\"https:\/\/tuzlainfo.ba\/#\/schema\/person\/f434e20dc27ea133923aab08451b7f7f\"},\"headline\":\"Izetbegovi\u0107: Dodika ima ko zaustaviti ako sa ko\u010dija\u0161kih rije\u010di pre\u0111e na djela\",\"datePublished\":\"2021-07-26T20:00:05+00:00\",\"dateModified\":\"2021-07-26T20:00:05+00:00\",\"mainEntityOfPage\":{\"@id\":\"https:\/\/tuzlainfo.ba\/index.php\/bosna-i-hercegovina\/item\/143067-izetbegovic-dodika-ima-ko-zaustaviti-ako-sa-kocijaskih-rijeci-predje-na-djela\/\"},\"wordCount\":1561,\"commentCount\":0,\"publisher\":{\"@id\":\"https:\/\/tuzlainfo.ba\/#organization\"},\"image\":{\"@id\":\"https:\/\/tuzlainfo.ba\/index.php\/bosna-i-hercegovina\/item\/143067-izetbegovic-dodika-ima-ko-zaustaviti-ako-sa-kocijaskih-rijeci-predje-na-djela\/#primaryimage\"},\"thumbnailUrl\":\"https:\/\/tuzlainfo.ba\/wp-content\/uploads\/2021\/02\/sadrzaj_2021_20210201_1602_izetbegovic.jpg\",\"keywords\":[\"bakir izetbegovi\u0107\"],\"articleSection\":[\"Bosna i Hercegovina\"],\"inLanguage\":\"bs-BA\"},{\"@type\":\"WebPage\",\"@id\":\"https:\/\/tuzlainfo.ba\/index.php\/bosna-i-hercegovina\/item\/143067-izetbegovic-dodika-ima-ko-zaustaviti-ako-sa-kocijaskih-rijeci-predje-na-djela\/\",\"url\":\"https:\/\/tuzlainfo.ba\/index.php\/bosna-i-hercegovina\/item\/143067-izetbegovic-dodika-ima-ko-zaustaviti-ako-sa-kocijaskih-rijeci-predje-na-djela\/\",\"name\":\"Izetbegovi\u0107: Dodika ima ko zaustaviti ako sa ko\u010dija\u0161kih rije\u010di pre\u0111e na djela - TuzlaInfo.ba\",\"isPartOf\":{\"@id\":\"https:\/\/tuzlainfo.ba\/#website\"},\"primaryImageOfPage\":{\"@id\":\"https:\/\/tuzlainfo.ba\/index.php\/bosna-i-hercegovina\/item\/143067-izetbegovic-dodika-ima-ko-zaustaviti-ako-sa-kocijaskih-rijeci-predje-na-djela\/#primaryimage\"},\"image\":{\"@id\":\"https:\/\/tuzlainfo.ba\/index.php\/bosna-i-hercegovina\/item\/143067-izetbegovic-dodika-ima-ko-zaustaviti-ako-sa-kocijaskih-rijeci-predje-na-djela\/#primaryimage\"},\"thumbnailUrl\":\"https:\/\/tuzlainfo.ba\/wp-content\/uploads\/2021\/02\/sadrzaj_2021_20210201_1602_izetbegovic.jpg\",\"datePublished\":\"2021-07-26T20:00:05+00:00\",\"dateModified\":\"2021-07-26T20:00:05+00:00\",\"breadcrumb\":{\"@id\":\"https:\/\/tuzlainfo.ba\/index.php\/bosna-i-hercegovina\/item\/143067-izetbegovic-dodika-ima-ko-zaustaviti-ako-sa-kocijaskih-rijeci-predje-na-djela\/#breadcrumb\"},\"inLanguage\":\"bs-BA\",\"potentialAction\":[{\"@type\":\"ReadAction\",\"target\":[\"https:\/\/tuzlainfo.ba\/index.php\/bosna-i-hercegovina\/item\/143067-izetbegovic-dodika-ima-ko-zaustaviti-ako-sa-kocijaskih-rijeci-predje-na-djela\/\"]}]},{\"@type\":\"ImageObject\",\"inLanguage\":\"bs-BA\",\"@id\":\"https:\/\/tuzlainfo.ba\/index.php\/bosna-i-hercegovina\/item\/143067-izetbegovic-dodika-ima-ko-zaustaviti-ako-sa-kocijaskih-rijeci-predje-na-djela\/#primaryimage\",\"url\":\"https:\/\/tuzlainfo.ba\/wp-content\/uploads\/2021\/02\/sadrzaj_2021_20210201_1602_izetbegovic.jpg\",\"contentUrl\":\"https:\/\/tuzlainfo.ba\/wp-content\/uploads\/2021\/02\/sadrzaj_2021_20210201_1602_izetbegovic.jpg\",\"width\":770,\"height\":433,\"caption\":\"1602 izetbegovi\u0107\"},{\"@type\":\"BreadcrumbList\",\"@id\":\"https:\/\/tuzlainfo.ba\/index.php\/bosna-i-hercegovina\/item\/143067-izetbegovic-dodika-ima-ko-zaustaviti-ako-sa-kocijaskih-rijeci-predje-na-djela\/#breadcrumb\",\"itemListElement\":[{\"@type\":\"ListItem\",\"position\":1,\"name\":\"Home\",\"item\":\"https:\/\/tuzlainfo.ba\/\"},{\"@type\":\"ListItem\",\"position\":2,\"name\":\"Izetbegovi\u0107: Dodika ima ko zaustaviti ako sa ko\u010dija\u0161kih rije\u010di pre\u0111e na djela\"}]},{\"@type\":\"WebSite\",\"@id\":\"https:\/\/tuzlainfo.ba\/#website\",\"url\":\"https:\/\/tuzlainfo.ba\/\",\"name\":\"TuzlaInfo.ba\",\"description\":\"Tuzla info, gradski informator - Tuzla na dlanu\",\"publisher\":{\"@id\":\"https:\/\/tuzlainfo.ba\/#organization\"},\"potentialAction\":[{\"@type\":\"SearchAction\",\"target\":{\"@type\":\"EntryPoint\",\"urlTemplate\":\"https:\/\/tuzlainfo.ba\/?s={search_term_string}\"},\"query-input\":{\"@type\":\"PropertyValueSpecification\",\"valueRequired\":true,\"valueName\":\"search_term_string\"}}],\"inLanguage\":\"bs-BA\"},{\"@type\":\"Organization\",\"@id\":\"https:\/\/tuzlainfo.ba\/#organization\",\"name\":\"TuzlaInfo.ba\",\"url\":\"https:\/\/tuzlainfo.ba\/\",\"logo\":{\"@type\":\"ImageObject\",\"inLanguage\":\"bs-BA\",\"@id\":\"https:\/\/tuzlainfo.ba\/#\/schema\/logo\/image\/\",\"url\":\"https:\/\/tuzlainfo.ba\/wp-content\/uploads\/2021\/03\/logo-ver-3-1.png\",\"contentUrl\":\"https:\/\/tuzlainfo.ba\/wp-content\/uploads\/2021\/03\/logo-ver-3-1.png\",\"width\":350,\"height\":95,\"caption\":\"TuzlaInfo.ba\"},\"image\":{\"@id\":\"https:\/\/tuzlainfo.ba\/#\/schema\/logo\/image\/\"},\"sameAs\":[\"https:\/\/www.facebook.com\/tuzlainfo.ba\/\"]},{\"@type\":\"Person\",\"@id\":\"https:\/\/tuzlainfo.ba\/#\/schema\/person\/f434e20dc27ea133923aab08451b7f7f\",\"name\":\"nedim\",\"image\":{\"@type\":\"ImageObject\",\"inLanguage\":\"bs-BA\",\"@id\":\"https:\/\/tuzlainfo.ba\/#\/schema\/person\/image\/\",\"url\":\"https:\/\/tuzlainfo.ba\/wp-content\/litespeed\/avatar\/aabad687af24844af817603ac1cbdc4f.jpg?ver=1777306975\",\"contentUrl\":\"https:\/\/tuzlainfo.ba\/wp-content\/litespeed\/avatar\/aabad687af24844af817603ac1cbdc4f.jpg?ver=1777306975\",\"caption\":\"nedim\"},\"description\":\"Tuzlainfo.ba pratite na dru\u0161tvenim mre\u017eama: Facebook, Instagram i Youtube. Svoje pri\u010de, upite i fotografije \u0161aljite na na\u0161u e-mail adresu.\"}]}<\/script>\n<!-- \/ Yoast SEO plugin. -->","yoast_head_json":{"title":"Izetbegovi\u0107: Dodika ima ko zaustaviti ako sa ko\u010dija\u0161kih rije\u010di pre\u0111e na djela - TuzlaInfo.ba","robots":{"index":"index","follow":"follow","max-snippet":"max-snippet:-1","max-image-preview":"max-image-preview:large","max-video-preview":"max-video-preview:-1"},"canonical":"https:\/\/tuzlainfo.ba\/index.php\/bosna-i-hercegovina\/item\/143067-izetbegovic-dodika-ima-ko-zaustaviti-ako-sa-kocijaskih-rijeci-predje-na-djela\/","og_locale":"bs_BA","og_type":"article","og_title":"Izetbegovi\u0107: Dodika ima ko zaustaviti ako sa ko\u010dija\u0161kih rije\u010di pre\u0111e na djela - TuzlaInfo.ba","og_description":"Dodik obe\u0107ava da \u0107e sru\u0161iti BiH, a sru\u0161i crkvu u Konjevi\u0107 Polju. Jedno pri\u010da, drugo&hellip;","og_url":"https:\/\/tuzlainfo.ba\/index.php\/bosna-i-hercegovina\/item\/143067-izetbegovic-dodika-ima-ko-zaustaviti-ako-sa-kocijaskih-rijeci-predje-na-djela\/","og_site_name":"TuzlaInfo.ba","article_publisher":"https:\/\/www.facebook.com\/tuzlainfo.ba\/","article_published_time":"2021-07-26T20:00:05+00:00","og_image":[{"width":770,"height":433,"url":"https:\/\/tuzlainfo.ba\/wp-content\/uploads\/2021\/02\/sadrzaj_2021_20210201_1602_izetbegovic.jpg","type":"image\/jpeg"}],"author":"nedim","twitter_card":"summary_large_image","twitter_misc":{"Written by":"nedim","Est. reading time":"8 minuta"},"schema":{"@context":"https:\/\/schema.org","@graph":[{"@type":"Article","@id":"https:\/\/tuzlainfo.ba\/index.php\/bosna-i-hercegovina\/item\/143067-izetbegovic-dodika-ima-ko-zaustaviti-ako-sa-kocijaskih-rijeci-predje-na-djela\/#article","isPartOf":{"@id":"https:\/\/tuzlainfo.ba\/index.php\/bosna-i-hercegovina\/item\/143067-izetbegovic-dodika-ima-ko-zaustaviti-ako-sa-kocijaskih-rijeci-predje-na-djela\/"},"author":{"name":"nedim","@id":"https:\/\/tuzlainfo.ba\/#\/schema\/person\/f434e20dc27ea133923aab08451b7f7f"},"headline":"Izetbegovi\u0107: Dodika ima ko zaustaviti ako sa ko\u010dija\u0161kih rije\u010di pre\u0111e na djela","datePublished":"2021-07-26T20:00:05+00:00","dateModified":"2021-07-26T20:00:05+00:00","mainEntityOfPage":{"@id":"https:\/\/tuzlainfo.ba\/index.php\/bosna-i-hercegovina\/item\/143067-izetbegovic-dodika-ima-ko-zaustaviti-ako-sa-kocijaskih-rijeci-predje-na-djela\/"},"wordCount":1561,"commentCount":0,"publisher":{"@id":"https:\/\/tuzlainfo.ba\/#organization"},"image":{"@id":"https:\/\/tuzlainfo.ba\/index.php\/bosna-i-hercegovina\/item\/143067-izetbegovic-dodika-ima-ko-zaustaviti-ako-sa-kocijaskih-rijeci-predje-na-djela\/#primaryimage"},"thumbnailUrl":"https:\/\/tuzlainfo.ba\/wp-content\/uploads\/2021\/02\/sadrzaj_2021_20210201_1602_izetbegovic.jpg","keywords":["bakir izetbegovi\u0107"],"articleSection":["Bosna i Hercegovina"],"inLanguage":"bs-BA"},{"@type":"WebPage","@id":"https:\/\/tuzlainfo.ba\/index.php\/bosna-i-hercegovina\/item\/143067-izetbegovic-dodika-ima-ko-zaustaviti-ako-sa-kocijaskih-rijeci-predje-na-djela\/","url":"https:\/\/tuzlainfo.ba\/index.php\/bosna-i-hercegovina\/item\/143067-izetbegovic-dodika-ima-ko-zaustaviti-ako-sa-kocijaskih-rijeci-predje-na-djela\/","name":"Izetbegovi\u0107: Dodika ima ko zaustaviti ako sa ko\u010dija\u0161kih rije\u010di pre\u0111e na djela - TuzlaInfo.ba","isPartOf":{"@id":"https:\/\/tuzlainfo.ba\/#website"},"primaryImageOfPage":{"@id":"https:\/\/tuzlainfo.ba\/index.php\/bosna-i-hercegovina\/item\/143067-izetbegovic-dodika-ima-ko-zaustaviti-ako-sa-kocijaskih-rijeci-predje-na-djela\/#primaryimage"},"image":{"@id":"https:\/\/tuzlainfo.ba\/index.php\/bosna-i-hercegovina\/item\/143067-izetbegovic-dodika-ima-ko-zaustaviti-ako-sa-kocijaskih-rijeci-predje-na-djela\/#primaryimage"},"thumbnailUrl":"https:\/\/tuzlainfo.ba\/wp-content\/uploads\/2021\/02\/sadrzaj_2021_20210201_1602_izetbegovic.jpg","datePublished":"2021-07-26T20:00:05+00:00","dateModified":"2021-07-26T20:00:05+00:00","breadcrumb":{"@id":"https:\/\/tuzlainfo.ba\/index.php\/bosna-i-hercegovina\/item\/143067-izetbegovic-dodika-ima-ko-zaustaviti-ako-sa-kocijaskih-rijeci-predje-na-djela\/#breadcrumb"},"inLanguage":"bs-BA","potentialAction":[{"@type":"ReadAction","target":["https:\/\/tuzlainfo.ba\/index.php\/bosna-i-hercegovina\/item\/143067-izetbegovic-dodika-ima-ko-zaustaviti-ako-sa-kocijaskih-rijeci-predje-na-djela\/"]}]},{"@type":"ImageObject","inLanguage":"bs-BA","@id":"https:\/\/tuzlainfo.ba\/index.php\/bosna-i-hercegovina\/item\/143067-izetbegovic-dodika-ima-ko-zaustaviti-ako-sa-kocijaskih-rijeci-predje-na-djela\/#primaryimage","url":"https:\/\/tuzlainfo.ba\/wp-content\/uploads\/2021\/02\/sadrzaj_2021_20210201_1602_izetbegovic.jpg","contentUrl":"https:\/\/tuzlainfo.ba\/wp-content\/uploads\/2021\/02\/sadrzaj_2021_20210201_1602_izetbegovic.jpg","width":770,"height":433,"caption":"1602 izetbegovi\u0107"},{"@type":"BreadcrumbList","@id":"https:\/\/tuzlainfo.ba\/index.php\/bosna-i-hercegovina\/item\/143067-izetbegovic-dodika-ima-ko-zaustaviti-ako-sa-kocijaskih-rijeci-predje-na-djela\/#breadcrumb","itemListElement":[{"@type":"ListItem","position":1,"name":"Home","item":"https:\/\/tuzlainfo.ba\/"},{"@type":"ListItem","position":2,"name":"Izetbegovi\u0107: Dodika ima ko zaustaviti ako sa ko\u010dija\u0161kih rije\u010di pre\u0111e na djela"}]},{"@type":"WebSite","@id":"https:\/\/tuzlainfo.ba\/#website","url":"https:\/\/tuzlainfo.ba\/","name":"TuzlaInfo.ba","description":"Tuzla info, gradski informator - Tuzla na dlanu","publisher":{"@id":"https:\/\/tuzlainfo.ba\/#organization"},"potentialAction":[{"@type":"SearchAction","target":{"@type":"EntryPoint","urlTemplate":"https:\/\/tuzlainfo.ba\/?s={search_term_string}"},"query-input":{"@type":"PropertyValueSpecification","valueRequired":true,"valueName":"search_term_string"}}],"inLanguage":"bs-BA"},{"@type":"Organization","@id":"https:\/\/tuzlainfo.ba\/#organization","name":"TuzlaInfo.ba","url":"https:\/\/tuzlainfo.ba\/","logo":{"@type":"ImageObject","inLanguage":"bs-BA","@id":"https:\/\/tuzlainfo.ba\/#\/schema\/logo\/image\/","url":"https:\/\/tuzlainfo.ba\/wp-content\/uploads\/2021\/03\/logo-ver-3-1.png","contentUrl":"https:\/\/tuzlainfo.ba\/wp-content\/uploads\/2021\/03\/logo-ver-3-1.png","width":350,"height":95,"caption":"TuzlaInfo.ba"},"image":{"@id":"https:\/\/tuzlainfo.ba\/#\/schema\/logo\/image\/"},"sameAs":["https:\/\/www.facebook.com\/tuzlainfo.ba\/"]},{"@type":"Person","@id":"https:\/\/tuzlainfo.ba\/#\/schema\/person\/f434e20dc27ea133923aab08451b7f7f","name":"nedim","image":{"@type":"ImageObject","inLanguage":"bs-BA","@id":"https:\/\/tuzlainfo.ba\/#\/schema\/person\/image\/","url":"https:\/\/tuzlainfo.ba\/wp-content\/litespeed\/avatar\/aabad687af24844af817603ac1cbdc4f.jpg?ver=1777306975","contentUrl":"https:\/\/tuzlainfo.ba\/wp-content\/litespeed\/avatar\/aabad687af24844af817603ac1cbdc4f.jpg?ver=1777306975","caption":"nedim"},"description":"Tuzlainfo.ba pratite na dru\u0161tvenim mre\u017eama: Facebook, Instagram i Youtube. Svoje pri\u010de, upite i fotografije \u0161aljite na na\u0161u e-mail adresu."}]}},"_links":{"self":[{"href":"https:\/\/tuzlainfo.ba\/index.php\/wp-json\/wp\/v2\/posts\/143067"}],"collection":[{"href":"https:\/\/tuzlainfo.ba\/index.php\/wp-json\/wp\/v2\/posts"}],"about":[{"href":"https:\/\/tuzlainfo.ba\/index.php\/wp-json\/wp\/v2\/types\/post"}],"author":[{"embeddable":true,"href":"https:\/\/tuzlainfo.ba\/index.php\/wp-json\/wp\/v2\/users\/2"}],"replies":[{"embeddable":true,"href":"https:\/\/tuzlainfo.ba\/index.php\/wp-json\/wp\/v2\/comments?post=143067"}],"version-history":[{"count":0,"href":"https:\/\/tuzlainfo.ba\/index.php\/wp-json\/wp\/v2\/posts\/143067\/revisions"}],"wp:featuredmedia":[{"embeddable":true,"href":"https:\/\/tuzlainfo.ba\/index.php\/wp-json\/wp\/v2\/media\/86562"}],"wp:attachment":[{"href":"https:\/\/tuzlainfo.ba\/index.php\/wp-json\/wp\/v2\/media?parent=143067"}],"wp:term":[{"taxonomy":"category","embeddable":true,"href":"https:\/\/tuzlainfo.ba\/index.php\/wp-json\/wp\/v2\/categories?post=143067"},{"taxonomy":"post_tag","embeddable":true,"href":"https:\/\/tuzlainfo.ba\/index.php\/wp-json\/wp\/v2\/tags?post=143067"}],"curies":[{"name":"wp","href":"https:\/\/api.w.org\/{rel}","templated":true}]}}