{"id":14284,"date":"2018-11-21T13:42:42","date_gmt":"2018-11-21T13:42:42","guid":{"rendered":"https:\/\/v2.tuzlainfo.ba\/2018\/11\/21\/2-gradevinsko-geodetska-skola-u-tuzli-dobija-novu-radinicu-za-prakticnu-nastavu-2\/"},"modified":"2021-03-23T08:52:15","modified_gmt":"2021-03-23T08:52:15","slug":"2-gradevinsko-geodetska-skola-u-tuzli-dobija-novu-radinicu-za-prakticnu-nastavu-2","status":"publish","type":"post","link":"https:\/\/tuzlainfo.ba\/index.php\/novosti\/item\/14284-2-gradevinsko-geodetska-skola-u-tuzli-dobija-novu-radinicu-za-prakticnu-nastavu-2\/","title":{"rendered":"Gra\u0111evinsko-geodetska \u0161kola u Tuzli dobija novu radinicu za prakti\u010dnu nastavu smjera &#8220;Izolateri ovojnice objekta&#8221;"},"content":{"rendered":"<p>Profesori i u\u010denici Gra\u0111evinsko-geodetske \u0161kole &#8211; GG\u0160 vrijedno rade na rekonstrukciji stare dotrajale radionice za prakti\u010dnu nastavu, jer od nje \u017eele napraviti modernu prostoriju, koja \u0107e imati savremene modele, neophodni alat i materijal za izvo\u0111enje prakti\u010dne nastave. Ambiciozni cilj menad\u017ementa \u0161kole je da u\u010denici u novom polugodi\u0161tu obavljaju prakti\u010dnu nastavu u novoj radionici, a vjerovatno \u0107e&nbsp;planirana rekonstrukcija biti i pro\u0161irena.<\/p>\n<p>Cijeli proces je pokrenut zahvaljuju\u0107i finansijskoj podr\u0161ci \u0160vicarske vlade, a kasnije su se priklju\u010dili i drugi sponzori, kao \u0161to Ytong iz Tuzle, Cementara iz Lukavca, Polybau \u0161kola iz \u0160vicarske.<\/p>\n<p>-Prije tri godine je GG\u0160 uvela novo zanimanje \u201cIzolateri ovojnice objekta\u201d. Fokus ovog zanimanja je energetska efikasnost na objektima i ovo zanimanje za sada postoji samo u Tuzli. Danas zanatska zanimanja nisu popularna, iako na tr\u017ei\u0161tu rada u BiH i u svijetu nedostaje ove radne snage. Bez obzira na sve, u GG\u0160 je ove \u0161kolske godine upisana tre\u0107a generacija polaznika zanimanja \u201cIzolateri ovojnice objekta\u201d. Ovo novo zanimanje je uvedeno u partnerstvu sa Polybau \u0161kolom iz \u0160vicarske i sastoji se od teorijskih osnova, prakti\u010dnog rada u radionicama na razli\u010ditim modelima uz kori\u0161tenje pravih gra\u0111evinskih materijala i alata, i prakti\u010dnog rada na stvarnim objektima &#8211;&nbsp;istakli su iz&nbsp;Centra za ekologiju i energiju Tuzla, koji implementira projekat.<\/p>\n<p>Ovakav na\u010din rada je novina i za profesore GG\u0160 zato im je neophodna stru\u010dna literatura, koja je u skladu sa novim trendovima, kako bi mogli kvalitetno izvoditi nastavu. Polybau \u0161kola ima ud\u017ebenike \u010diji \u0107e najva\u017eniji dijelovi biti prevedeni i prilago\u0111eni potrebama \u0161kole.<\/p>\n<p>S ciljem obrazovanja u\u010denika koji \u0107e sutra na tr\u017ei\u0161tu rada biti konkurentni zbog svog znanja, veoma je va\u017eno da postoji kvalitetna stru\u010dna literatura, adekvatan i dobro opremljen prostor, savremeni alati i&nbsp; gra\u0111evinski materijali, jer to je ono \u0161to ih sutra \u010deka na gradili\u0161tima.<\/p>\n<p>Projekat je finansijski podr\u017eala \u0160vicarska vlada, realizira ga Centar za ekologiju i energiju u partnerstvu sa Gra\u0111evinsko-geodetskom \u0161kolom iz Tuzle i Polybau \u0161kolom iz \u0160vicarske. Realizacija projekta je po\u010dela po\u010detkom novembra 2018. i trajat \u0107e do kraja januara 2019.<\/p>\n<p><strong>(Tuzlainfo.ba)<\/strong><\/p>\n","protected":false},"excerpt":{"rendered":"<p>Profesori i u\u010denici Gra\u0111evinsko-geodetske \u0161kole &#8211; GG\u0160 vrijedno rade na rekonstrukciji stare dotrajale radionice za prakti\u010dnu nastavu, jer od nje \u017eele napraviti modernu prostoriju, koja \u0107e imati savremene modele, neophodni alat i materijal za izvo\u0111enje prakti\u010dne nastave. Ambiciozni cilj menad\u017ementa \u0161kole je da u\u010denici u novom polugodi\u0161tu obavljaju prakti\u010dnu nastavu u novoj radionici, a vjerovatno [&hellip;]<\/p>\n","protected":false},"author":2,"featured_media":65651,"comment_status":"open","ping_status":"closed","sticky":false,"template":"","format":"standard","meta":{"footnotes":""},"categories":[12],"tags":[],"class_list":["post-14284","post","type-post","status-publish","format-standard","has-post-thumbnail","hentry","category-novosti"],"yoast_head":"<!-- This site is optimized with the Yoast SEO plugin v28.4 - https:\/\/yoast.com\/product\/yoast-seo-wordpress\/ -->\n<title>Gra\u0111evinsko-geodetska \u0161kola u Tuzli dobija novu radinicu za prakti\u010dnu nastavu smjera &quot;Izolateri ovojnice objekta&quot;<\/title>\n<meta name=\"robots\" content=\"index, follow, max-snippet:-1, max-image-preview:large, max-video-preview:-1\" \/>\n<link rel=\"canonical\" href=\"https:\/\/tuzlainfo.ba\/index.php\/novosti\/item\/14284-2-gradevinsko-geodetska-skola-u-tuzli-dobija-novu-radinicu-za-prakticnu-nastavu-2\/\" \/>\n<meta property=\"og:locale\" content=\"bs_BA\" \/>\n<meta property=\"og:type\" content=\"article\" \/>\n<meta property=\"og:title\" content=\"Gra\u0111evinsko-geodetska \u0161kola u Tuzli dobija novu radinicu za prakti\u010dnu nastavu smjera &quot;Izolateri ovojnice objekta&quot;\" \/>\n<meta property=\"og:description\" content=\"Profesori i u\u010denici Gra\u0111evinsko-geodetske \u0161kole &#8211; GG\u0160 vrijedno rade na rekonstrukciji stare dotrajale radionice za prakti\u010dnu nastavu, jer od nje \u017eele napraviti modernu prostoriju, koja \u0107e imati savremene modele, neophodni alat i materijal za izvo\u0111enje prakti\u010dne nastave. Ambiciozni cilj menad\u017ementa \u0161kole je da u\u010denici u novom polugodi\u0161tu obavljaju prakti\u010dnu nastavu u novoj radionici, a vjerovatno [&hellip;]\" \/>\n<meta property=\"og:url\" content=\"https:\/\/tuzlainfo.ba\/index.php\/novosti\/item\/14284-2-gradevinsko-geodetska-skola-u-tuzli-dobija-novu-radinicu-za-prakticnu-nastavu-2\/\" \/>\n<meta property=\"og:site_name\" content=\"TuzlaInfo.ba\" \/>\n<meta property=\"article:publisher\" content=\"https:\/\/www.facebook.com\/tuzlainfo.ba\/\" \/>\n<meta property=\"article:published_time\" content=\"2018-11-21T13:42:42+00:00\" \/>\n<meta property=\"article:modified_time\" content=\"2021-03-23T08:52:15+00:00\" \/>\n<meta property=\"og:image\" content=\"https:\/\/tuzlainfo.ba\/wp-content\/uploads\/2018\/11\/k2_items_src_c3c28cfe9afa5bdbdb8d676287bb4aaf.jpg\" \/>\n\t<meta property=\"og:image:width\" content=\"770\" \/>\n\t<meta property=\"og:image:height\" content=\"577\" \/>\n\t<meta property=\"og:image:type\" content=\"image\/jpeg\" \/>\n<meta name=\"author\" content=\"nedim\" \/>\n<meta name=\"twitter:card\" content=\"summary_large_image\" \/>\n<meta name=\"twitter:label1\" content=\"Written by\" \/>\n\t<meta name=\"twitter:data1\" content=\"nedim\" \/>\n\t<meta name=\"twitter:label2\" content=\"Est. reading time\" \/>\n\t<meta name=\"twitter:data2\" content=\"2 minute\" \/>\n<script type=\"application\/ld+json\" class=\"yoast-schema-graph\">{\"@context\":\"https:\\\/\\\/schema.org\",\"@graph\":[{\"@type\":\"Article\",\"@id\":\"https:\\\/\\\/tuzlainfo.ba\\\/index.php\\\/novosti\\\/item\\\/14284-2-gradevinsko-geodetska-skola-u-tuzli-dobija-novu-radinicu-za-prakticnu-nastavu-2\\\/#article\",\"isPartOf\":{\"@id\":\"https:\\\/\\\/tuzlainfo.ba\\\/index.php\\\/novosti\\\/item\\\/14284-2-gradevinsko-geodetska-skola-u-tuzli-dobija-novu-radinicu-za-prakticnu-nastavu-2\\\/\"},\"author\":{\"name\":\"nedim\",\"@id\":\"https:\\\/\\\/tuzlainfo.ba\\\/#\\\/schema\\\/person\\\/f434e20dc27ea133923aab08451b7f7f\"},\"headline\":\"Gra\u0111evinsko-geodetska \u0161kola u Tuzli dobija novu radinicu za prakti\u010dnu nastavu smjera &#8220;Izolateri ovojnice objekta&#8221;\",\"datePublished\":\"2018-11-21T13:42:42+00:00\",\"dateModified\":\"2021-03-23T08:52:15+00:00\",\"mainEntityOfPage\":{\"@id\":\"https:\\\/\\\/tuzlainfo.ba\\\/index.php\\\/novosti\\\/item\\\/14284-2-gradevinsko-geodetska-skola-u-tuzli-dobija-novu-radinicu-za-prakticnu-nastavu-2\\\/\"},\"wordCount\":386,\"commentCount\":0,\"publisher\":{\"@id\":\"https:\\\/\\\/tuzlainfo.ba\\\/#organization\"},\"image\":{\"@id\":\"https:\\\/\\\/tuzlainfo.ba\\\/index.php\\\/novosti\\\/item\\\/14284-2-gradevinsko-geodetska-skola-u-tuzli-dobija-novu-radinicu-za-prakticnu-nastavu-2\\\/#primaryimage\"},\"thumbnailUrl\":\"https:\\\/\\\/tuzlainfo.ba\\\/wp-content\\\/uploads\\\/2018\\\/11\\\/k2_items_src_c3c28cfe9afa5bdbdb8d676287bb4aaf.jpg\",\"articleSection\":[\"Novosti\"],\"inLanguage\":\"bs-BA\",\"copyrightYear\":\"2018\",\"copyrightHolder\":{\"@id\":\"https:\\\/\\\/tuzlainfo.ba\\\/#organization\"}},{\"@type\":\"WebPage\",\"@id\":\"https:\\\/\\\/tuzlainfo.ba\\\/index.php\\\/novosti\\\/item\\\/14284-2-gradevinsko-geodetska-skola-u-tuzli-dobija-novu-radinicu-za-prakticnu-nastavu-2\\\/\",\"url\":\"https:\\\/\\\/tuzlainfo.ba\\\/index.php\\\/novosti\\\/item\\\/14284-2-gradevinsko-geodetska-skola-u-tuzli-dobija-novu-radinicu-za-prakticnu-nastavu-2\\\/\",\"name\":\"Gra\u0111evinsko-geodetska \u0161kola u Tuzli dobija novu radinicu za prakti\u010dnu nastavu smjera \\\"Izolateri ovojnice objekta\\\"\",\"isPartOf\":{\"@id\":\"https:\\\/\\\/tuzlainfo.ba\\\/#website\"},\"primaryImageOfPage\":{\"@id\":\"https:\\\/\\\/tuzlainfo.ba\\\/index.php\\\/novosti\\\/item\\\/14284-2-gradevinsko-geodetska-skola-u-tuzli-dobija-novu-radinicu-za-prakticnu-nastavu-2\\\/#primaryimage\"},\"image\":{\"@id\":\"https:\\\/\\\/tuzlainfo.ba\\\/index.php\\\/novosti\\\/item\\\/14284-2-gradevinsko-geodetska-skola-u-tuzli-dobija-novu-radinicu-za-prakticnu-nastavu-2\\\/#primaryimage\"},\"thumbnailUrl\":\"https:\\\/\\\/tuzlainfo.ba\\\/wp-content\\\/uploads\\\/2018\\\/11\\\/k2_items_src_c3c28cfe9afa5bdbdb8d676287bb4aaf.jpg\",\"datePublished\":\"2018-11-21T13:42:42+00:00\",\"dateModified\":\"2021-03-23T08:52:15+00:00\",\"breadcrumb\":{\"@id\":\"https:\\\/\\\/tuzlainfo.ba\\\/index.php\\\/novosti\\\/item\\\/14284-2-gradevinsko-geodetska-skola-u-tuzli-dobija-novu-radinicu-za-prakticnu-nastavu-2\\\/#breadcrumb\"},\"inLanguage\":\"bs-BA\",\"potentialAction\":[{\"@type\":\"ReadAction\",\"target\":[\"https:\\\/\\\/tuzlainfo.ba\\\/index.php\\\/novosti\\\/item\\\/14284-2-gradevinsko-geodetska-skola-u-tuzli-dobija-novu-radinicu-za-prakticnu-nastavu-2\\\/\"]}]},{\"@type\":\"ImageObject\",\"inLanguage\":\"bs-BA\",\"@id\":\"https:\\\/\\\/tuzlainfo.ba\\\/index.php\\\/novosti\\\/item\\\/14284-2-gradevinsko-geodetska-skola-u-tuzli-dobija-novu-radinicu-za-prakticnu-nastavu-2\\\/#primaryimage\",\"url\":\"https:\\\/\\\/tuzlainfo.ba\\\/wp-content\\\/uploads\\\/2018\\\/11\\\/k2_items_src_c3c28cfe9afa5bdbdb8d676287bb4aaf.jpg\",\"contentUrl\":\"https:\\\/\\\/tuzlainfo.ba\\\/wp-content\\\/uploads\\\/2018\\\/11\\\/k2_items_src_c3c28cfe9afa5bdbdb8d676287bb4aaf.jpg\",\"width\":770,\"height\":577},{\"@type\":\"BreadcrumbList\",\"@id\":\"https:\\\/\\\/tuzlainfo.ba\\\/index.php\\\/novosti\\\/item\\\/14284-2-gradevinsko-geodetska-skola-u-tuzli-dobija-novu-radinicu-za-prakticnu-nastavu-2\\\/#breadcrumb\",\"itemListElement\":[{\"@type\":\"ListItem\",\"position\":1,\"name\":\"Home\",\"item\":\"https:\\\/\\\/tuzlainfo.ba\\\/\"},{\"@type\":\"ListItem\",\"position\":2,\"name\":\"Gra\u0111evinsko-geodetska \u0161kola u Tuzli dobija novu radinicu za prakti\u010dnu nastavu smjera &#8220;Izolateri ovojnice objekta&#8221;\"}]},{\"@type\":\"WebSite\",\"@id\":\"https:\\\/\\\/tuzlainfo.ba\\\/#website\",\"url\":\"https:\\\/\\\/tuzlainfo.ba\\\/\",\"name\":\"TuzlaInfo.ba\",\"description\":\"Tuzla info, gradski informator - Tuzla na dlanu\",\"publisher\":{\"@id\":\"https:\\\/\\\/tuzlainfo.ba\\\/#organization\"},\"potentialAction\":[{\"@type\":\"SearchAction\",\"target\":{\"@type\":\"EntryPoint\",\"urlTemplate\":\"https:\\\/\\\/tuzlainfo.ba\\\/?s={search_term_string}\"},\"query-input\":{\"@type\":\"PropertyValueSpecification\",\"valueRequired\":true,\"valueName\":\"search_term_string\"}}],\"inLanguage\":\"bs-BA\"},{\"@type\":\"Organization\",\"@id\":\"https:\\\/\\\/tuzlainfo.ba\\\/#organization\",\"name\":\"TuzlaInfo.ba\",\"url\":\"https:\\\/\\\/tuzlainfo.ba\\\/\",\"logo\":{\"@type\":\"ImageObject\",\"inLanguage\":\"bs-BA\",\"@id\":\"https:\\\/\\\/tuzlainfo.ba\\\/#\\\/schema\\\/logo\\\/image\\\/\",\"url\":\"https:\\\/\\\/tuzlainfo.ba\\\/wp-content\\\/uploads\\\/2021\\\/03\\\/logo-ver-3-1.png\",\"contentUrl\":\"https:\\\/\\\/tuzlainfo.ba\\\/wp-content\\\/uploads\\\/2021\\\/03\\\/logo-ver-3-1.png\",\"width\":350,\"height\":95,\"caption\":\"TuzlaInfo.ba\"},\"image\":{\"@id\":\"https:\\\/\\\/tuzlainfo.ba\\\/#\\\/schema\\\/logo\\\/image\\\/\"},\"sameAs\":[\"https:\\\/\\\/www.facebook.com\\\/tuzlainfo.ba\\\/\"]},{\"@type\":\"Person\",\"@id\":\"https:\\\/\\\/tuzlainfo.ba\\\/#\\\/schema\\\/person\\\/f434e20dc27ea133923aab08451b7f7f\",\"name\":\"nedim\",\"image\":{\"@type\":\"ImageObject\",\"inLanguage\":\"bs-BA\",\"@id\":\"https:\\\/\\\/secure.gravatar.com\\\/avatar\\\/5b928a2e7e70a54208d2eb6c1edcb75a5350d6ae97d5f0a701203d456823f6f3?s=96&d=mm&r=g\",\"url\":\"https:\\\/\\\/secure.gravatar.com\\\/avatar\\\/5b928a2e7e70a54208d2eb6c1edcb75a5350d6ae97d5f0a701203d456823f6f3?s=96&d=mm&r=g\",\"contentUrl\":\"https:\\\/\\\/secure.gravatar.com\\\/avatar\\\/5b928a2e7e70a54208d2eb6c1edcb75a5350d6ae97d5f0a701203d456823f6f3?s=96&d=mm&r=g\",\"caption\":\"nedim\"},\"description\":\"Tuzlainfo.ba pratite na dru\u0161tvenim mre\u017eama: Facebook, Instagram i Youtube. Svoje pri\u010de, upite i fotografije \u0161aljite na na\u0161u e-mail adresu.\"}]}<\/script>\n<!-- \/ Yoast SEO plugin. -->","yoast_head_json":{"title":"Gra\u0111evinsko-geodetska \u0161kola u Tuzli dobija novu radinicu za prakti\u010dnu nastavu smjera \"Izolateri ovojnice objekta\"","robots":{"index":"index","follow":"follow","max-snippet":"max-snippet:-1","max-image-preview":"max-image-preview:large","max-video-preview":"max-video-preview:-1"},"canonical":"https:\/\/tuzlainfo.ba\/index.php\/novosti\/item\/14284-2-gradevinsko-geodetska-skola-u-tuzli-dobija-novu-radinicu-za-prakticnu-nastavu-2\/","og_locale":"bs_BA","og_type":"article","og_title":"Gra\u0111evinsko-geodetska \u0161kola u Tuzli dobija novu radinicu za prakti\u010dnu nastavu smjera \"Izolateri ovojnice objekta\"","og_description":"Profesori i u\u010denici Gra\u0111evinsko-geodetske \u0161kole &#8211; GG\u0160 vrijedno rade na rekonstrukciji stare dotrajale radionice za prakti\u010dnu nastavu, jer od nje \u017eele napraviti modernu prostoriju, koja \u0107e imati savremene modele, neophodni alat i materijal za izvo\u0111enje prakti\u010dne nastave. Ambiciozni cilj menad\u017ementa \u0161kole je da u\u010denici u novom polugodi\u0161tu obavljaju prakti\u010dnu nastavu u novoj radionici, a vjerovatno [&hellip;]","og_url":"https:\/\/tuzlainfo.ba\/index.php\/novosti\/item\/14284-2-gradevinsko-geodetska-skola-u-tuzli-dobija-novu-radinicu-za-prakticnu-nastavu-2\/","og_site_name":"TuzlaInfo.ba","article_publisher":"https:\/\/www.facebook.com\/tuzlainfo.ba\/","article_published_time":"2018-11-21T13:42:42+00:00","article_modified_time":"2021-03-23T08:52:15+00:00","og_image":[{"width":770,"height":577,"url":"https:\/\/tuzlainfo.ba\/wp-content\/uploads\/2018\/11\/k2_items_src_c3c28cfe9afa5bdbdb8d676287bb4aaf.jpg","type":"image\/jpeg"}],"author":"nedim","twitter_card":"summary_large_image","twitter_misc":{"Written by":"nedim","Est. reading time":"2 minute"},"schema":{"@context":"https:\/\/schema.org","@graph":[{"@type":"Article","@id":"https:\/\/tuzlainfo.ba\/index.php\/novosti\/item\/14284-2-gradevinsko-geodetska-skola-u-tuzli-dobija-novu-radinicu-za-prakticnu-nastavu-2\/#article","isPartOf":{"@id":"https:\/\/tuzlainfo.ba\/index.php\/novosti\/item\/14284-2-gradevinsko-geodetska-skola-u-tuzli-dobija-novu-radinicu-za-prakticnu-nastavu-2\/"},"author":{"name":"nedim","@id":"https:\/\/tuzlainfo.ba\/#\/schema\/person\/f434e20dc27ea133923aab08451b7f7f"},"headline":"Gra\u0111evinsko-geodetska \u0161kola u Tuzli dobija novu radinicu za prakti\u010dnu nastavu smjera &#8220;Izolateri ovojnice objekta&#8221;","datePublished":"2018-11-21T13:42:42+00:00","dateModified":"2021-03-23T08:52:15+00:00","mainEntityOfPage":{"@id":"https:\/\/tuzlainfo.ba\/index.php\/novosti\/item\/14284-2-gradevinsko-geodetska-skola-u-tuzli-dobija-novu-radinicu-za-prakticnu-nastavu-2\/"},"wordCount":386,"commentCount":0,"publisher":{"@id":"https:\/\/tuzlainfo.ba\/#organization"},"image":{"@id":"https:\/\/tuzlainfo.ba\/index.php\/novosti\/item\/14284-2-gradevinsko-geodetska-skola-u-tuzli-dobija-novu-radinicu-za-prakticnu-nastavu-2\/#primaryimage"},"thumbnailUrl":"https:\/\/tuzlainfo.ba\/wp-content\/uploads\/2018\/11\/k2_items_src_c3c28cfe9afa5bdbdb8d676287bb4aaf.jpg","articleSection":["Novosti"],"inLanguage":"bs-BA","copyrightYear":"2018","copyrightHolder":{"@id":"https:\/\/tuzlainfo.ba\/#organization"}},{"@type":"WebPage","@id":"https:\/\/tuzlainfo.ba\/index.php\/novosti\/item\/14284-2-gradevinsko-geodetska-skola-u-tuzli-dobija-novu-radinicu-za-prakticnu-nastavu-2\/","url":"https:\/\/tuzlainfo.ba\/index.php\/novosti\/item\/14284-2-gradevinsko-geodetska-skola-u-tuzli-dobija-novu-radinicu-za-prakticnu-nastavu-2\/","name":"Gra\u0111evinsko-geodetska \u0161kola u Tuzli dobija novu radinicu za prakti\u010dnu nastavu smjera \"Izolateri ovojnice objekta\"","isPartOf":{"@id":"https:\/\/tuzlainfo.ba\/#website"},"primaryImageOfPage":{"@id":"https:\/\/tuzlainfo.ba\/index.php\/novosti\/item\/14284-2-gradevinsko-geodetska-skola-u-tuzli-dobija-novu-radinicu-za-prakticnu-nastavu-2\/#primaryimage"},"image":{"@id":"https:\/\/tuzlainfo.ba\/index.php\/novosti\/item\/14284-2-gradevinsko-geodetska-skola-u-tuzli-dobija-novu-radinicu-za-prakticnu-nastavu-2\/#primaryimage"},"thumbnailUrl":"https:\/\/tuzlainfo.ba\/wp-content\/uploads\/2018\/11\/k2_items_src_c3c28cfe9afa5bdbdb8d676287bb4aaf.jpg","datePublished":"2018-11-21T13:42:42+00:00","dateModified":"2021-03-23T08:52:15+00:00","breadcrumb":{"@id":"https:\/\/tuzlainfo.ba\/index.php\/novosti\/item\/14284-2-gradevinsko-geodetska-skola-u-tuzli-dobija-novu-radinicu-za-prakticnu-nastavu-2\/#breadcrumb"},"inLanguage":"bs-BA","potentialAction":[{"@type":"ReadAction","target":["https:\/\/tuzlainfo.ba\/index.php\/novosti\/item\/14284-2-gradevinsko-geodetska-skola-u-tuzli-dobija-novu-radinicu-za-prakticnu-nastavu-2\/"]}]},{"@type":"ImageObject","inLanguage":"bs-BA","@id":"https:\/\/tuzlainfo.ba\/index.php\/novosti\/item\/14284-2-gradevinsko-geodetska-skola-u-tuzli-dobija-novu-radinicu-za-prakticnu-nastavu-2\/#primaryimage","url":"https:\/\/tuzlainfo.ba\/wp-content\/uploads\/2018\/11\/k2_items_src_c3c28cfe9afa5bdbdb8d676287bb4aaf.jpg","contentUrl":"https:\/\/tuzlainfo.ba\/wp-content\/uploads\/2018\/11\/k2_items_src_c3c28cfe9afa5bdbdb8d676287bb4aaf.jpg","width":770,"height":577},{"@type":"BreadcrumbList","@id":"https:\/\/tuzlainfo.ba\/index.php\/novosti\/item\/14284-2-gradevinsko-geodetska-skola-u-tuzli-dobija-novu-radinicu-za-prakticnu-nastavu-2\/#breadcrumb","itemListElement":[{"@type":"ListItem","position":1,"name":"Home","item":"https:\/\/tuzlainfo.ba\/"},{"@type":"ListItem","position":2,"name":"Gra\u0111evinsko-geodetska \u0161kola u Tuzli dobija novu radinicu za prakti\u010dnu nastavu smjera &#8220;Izolateri ovojnice objekta&#8221;"}]},{"@type":"WebSite","@id":"https:\/\/tuzlainfo.ba\/#website","url":"https:\/\/tuzlainfo.ba\/","name":"TuzlaInfo.ba","description":"Tuzla info, gradski informator - Tuzla na dlanu","publisher":{"@id":"https:\/\/tuzlainfo.ba\/#organization"},"potentialAction":[{"@type":"SearchAction","target":{"@type":"EntryPoint","urlTemplate":"https:\/\/tuzlainfo.ba\/?s={search_term_string}"},"query-input":{"@type":"PropertyValueSpecification","valueRequired":true,"valueName":"search_term_string"}}],"inLanguage":"bs-BA"},{"@type":"Organization","@id":"https:\/\/tuzlainfo.ba\/#organization","name":"TuzlaInfo.ba","url":"https:\/\/tuzlainfo.ba\/","logo":{"@type":"ImageObject","inLanguage":"bs-BA","@id":"https:\/\/tuzlainfo.ba\/#\/schema\/logo\/image\/","url":"https:\/\/tuzlainfo.ba\/wp-content\/uploads\/2021\/03\/logo-ver-3-1.png","contentUrl":"https:\/\/tuzlainfo.ba\/wp-content\/uploads\/2021\/03\/logo-ver-3-1.png","width":350,"height":95,"caption":"TuzlaInfo.ba"},"image":{"@id":"https:\/\/tuzlainfo.ba\/#\/schema\/logo\/image\/"},"sameAs":["https:\/\/www.facebook.com\/tuzlainfo.ba\/"]},{"@type":"Person","@id":"https:\/\/tuzlainfo.ba\/#\/schema\/person\/f434e20dc27ea133923aab08451b7f7f","name":"nedim","image":{"@type":"ImageObject","inLanguage":"bs-BA","@id":"https:\/\/secure.gravatar.com\/avatar\/5b928a2e7e70a54208d2eb6c1edcb75a5350d6ae97d5f0a701203d456823f6f3?s=96&d=mm&r=g","url":"https:\/\/secure.gravatar.com\/avatar\/5b928a2e7e70a54208d2eb6c1edcb75a5350d6ae97d5f0a701203d456823f6f3?s=96&d=mm&r=g","contentUrl":"https:\/\/secure.gravatar.com\/avatar\/5b928a2e7e70a54208d2eb6c1edcb75a5350d6ae97d5f0a701203d456823f6f3?s=96&d=mm&r=g","caption":"nedim"},"description":"Tuzlainfo.ba pratite na dru\u0161tvenim mre\u017eama: Facebook, Instagram i Youtube. Svoje pri\u010de, upite i fotografije \u0161aljite na na\u0161u e-mail adresu."}]}},"_links":{"self":[{"href":"https:\/\/tuzlainfo.ba\/index.php\/wp-json\/wp\/v2\/posts\/14284","targetHints":{"allow":["GET"]}}],"collection":[{"href":"https:\/\/tuzlainfo.ba\/index.php\/wp-json\/wp\/v2\/posts"}],"about":[{"href":"https:\/\/tuzlainfo.ba\/index.php\/wp-json\/wp\/v2\/types\/post"}],"author":[{"embeddable":true,"href":"https:\/\/tuzlainfo.ba\/index.php\/wp-json\/wp\/v2\/users\/2"}],"replies":[{"embeddable":true,"href":"https:\/\/tuzlainfo.ba\/index.php\/wp-json\/wp\/v2\/comments?post=14284"}],"version-history":[{"count":0,"href":"https:\/\/tuzlainfo.ba\/index.php\/wp-json\/wp\/v2\/posts\/14284\/revisions"}],"wp:featuredmedia":[{"embeddable":true,"href":"https:\/\/tuzlainfo.ba\/index.php\/wp-json\/wp\/v2\/media\/65651"}],"wp:attachment":[{"href":"https:\/\/tuzlainfo.ba\/index.php\/wp-json\/wp\/v2\/media?parent=14284"}],"wp:term":[{"taxonomy":"category","embeddable":true,"href":"https:\/\/tuzlainfo.ba\/index.php\/wp-json\/wp\/v2\/categories?post=14284"},{"taxonomy":"post_tag","embeddable":true,"href":"https:\/\/tuzlainfo.ba\/index.php\/wp-json\/wp\/v2\/tags?post=14284"}],"curies":[{"name":"wp","href":"https:\/\/api.w.org\/{rel}","templated":true}]}}