{"id":142771,"date":"2021-07-24T08:28:02","date_gmt":"2021-07-24T06:28:02","guid":{"rendered":"https:\/\/tuzlainfo.ba\/?p=142771"},"modified":"2021-07-24T08:28:02","modified_gmt":"2021-07-24T06:28:02","slug":"tuzla-city-veceras-na-tusnju-docekuje-ekipu-zeljeznicara","status":"publish","type":"post","link":"https:\/\/tuzlainfo.ba\/index.php\/novosti\/item\/142771-tuzla-city-veceras-na-tusnju-docekuje-ekipu-zeljeznicara\/","title":{"rendered":"Tuzla city ve\u010deras na Tu\u0161nju do\u010dekuje ekipu \u017deljezni\u010dara"},"content":{"rendered":"<p>Nakon pobjede na Ko\u0161evu nad Sarajevom od 1:2, pred ekipom Tuzla Cityja je drugi sarajevski velikan, \u017deljezni\u010dar, koji danas gostuje na Tu\u0161nju.<\/p>\n<p>\u2013 Da bi bodovi protiv Sarajeva dobili svoju vrijednost trebamo pobijediti \u017deljezni\u010dar. To je ekipa koja je do\u017eivjela puno promjena pred po\u010detak sezone. Protiv Borca su bili motivirani. Ipak, uz ozbiljan pristup \u017eelimo do\u0107i do pobjede\u201d, kazao je trener Musemi\u0107.<\/p>\n<p>Pojasnio je i situaciju s igra\u010dkim kadrom:<\/p>\n<p>\u2013 D\u017eafi\u0107 je dobio crveni, vra\u0107a se Doffo dok Mirzad Mehanovi\u0107 ima pravo nastupa. Ostali su svi spremni, ka\u017ee Musemi\u0107.<\/p>\n<p>Damir Mehidi\u0107 je optimista uo\u010di ovog duela:<\/p>\n<p>\u2013 Ako budemo pravi i imali dobar pristup mo\u017eemo do pozitivnog rezultata. Respektiramo \u017delju ali dat \u0107emo sve od sebe za novu pobjedu, veli Mehidi\u0107.<\/p>\n<p>Utakmica sa \u017deljom igra se ve\u010deras od 21 sat na Tu\u0161nju.<\/p>\n","protected":false},"excerpt":{"rendered":"<p>Nakon pobjede na Ko\u0161evu nad Sarajevom od 1:2, pred ekipom Tuzla Cityja je drugi sarajevski&hellip;<\/p>\n","protected":false},"author":4,"featured_media":142772,"comment_status":"open","ping_status":"closed","sticky":false,"template":"","format":"standard","meta":{"_acf_changed":false,"footnotes":""},"categories":[304,12],"tags":[614,1944],"acf":[],"yoast_head":"<!-- This site is optimized with the Yoast SEO plugin v23.5 - https:\/\/yoast.com\/wordpress\/plugins\/seo\/ -->\n<title>Tuzla city ve\u010deras na Tu\u0161nju do\u010dekuje ekipu \u017deljezni\u010dara - TuzlaInfo.ba<\/title>\n<meta name=\"robots\" content=\"index, follow, max-snippet:-1, max-image-preview:large, max-video-preview:-1\" \/>\n<link rel=\"canonical\" href=\"https:\/\/tuzlainfo.ba\/index.php\/novosti\/item\/142771-tuzla-city-veceras-na-tusnju-docekuje-ekipu-zeljeznicara\/\" \/>\n<meta property=\"og:locale\" content=\"bs_BA\" \/>\n<meta property=\"og:type\" content=\"article\" \/>\n<meta property=\"og:title\" content=\"Tuzla city ve\u010deras na Tu\u0161nju do\u010dekuje ekipu \u017deljezni\u010dara - TuzlaInfo.ba\" \/>\n<meta property=\"og:description\" content=\"Nakon pobjede na Ko\u0161evu nad Sarajevom od 1:2, pred ekipom Tuzla Cityja je drugi sarajevski&hellip;\" \/>\n<meta property=\"og:url\" content=\"https:\/\/tuzlainfo.ba\/index.php\/novosti\/item\/142771-tuzla-city-veceras-na-tusnju-docekuje-ekipu-zeljeznicara\/\" \/>\n<meta property=\"og:site_name\" content=\"TuzlaInfo.ba\" \/>\n<meta property=\"article:publisher\" content=\"https:\/\/www.facebook.com\/tuzlainfo.ba\/\" \/>\n<meta property=\"article:published_time\" content=\"2021-07-24T06:28:02+00:00\" \/>\n<meta property=\"og:image\" content=\"https:\/\/tuzlainfo.ba\/wp-content\/uploads\/2021\/07\/2407_tuzlacity.jpeg\" \/>\n\t<meta property=\"og:image:width\" content=\"1200\" \/>\n\t<meta property=\"og:image:height\" content=\"900\" \/>\n\t<meta property=\"og:image:type\" content=\"image\/jpeg\" \/>\n<meta name=\"author\" content=\"Tuzla Info\" \/>\n<meta name=\"twitter:card\" content=\"summary_large_image\" \/>\n<meta name=\"twitter:label1\" content=\"Written by\" \/>\n\t<meta name=\"twitter:data1\" content=\"Tuzla Info\" \/>\n\t<meta name=\"twitter:label2\" content=\"Est. reading time\" \/>\n\t<meta name=\"twitter:data2\" content=\"1 minuta\" \/>\n<script type=\"application\/ld+json\" class=\"yoast-schema-graph\">{\"@context\":\"https:\/\/schema.org\",\"@graph\":[{\"@type\":\"Article\",\"@id\":\"https:\/\/tuzlainfo.ba\/index.php\/novosti\/item\/142771-tuzla-city-veceras-na-tusnju-docekuje-ekipu-zeljeznicara\/#article\",\"isPartOf\":{\"@id\":\"https:\/\/tuzlainfo.ba\/index.php\/novosti\/item\/142771-tuzla-city-veceras-na-tusnju-docekuje-ekipu-zeljeznicara\/\"},\"author\":{\"name\":\"Tuzla Info\",\"@id\":\"https:\/\/tuzlainfo.ba\/#\/schema\/person\/46cad4c57790cbc50781edd14870825a\"},\"headline\":\"Tuzla city ve\u010deras na Tu\u0161nju do\u010dekuje ekipu \u017deljezni\u010dara\",\"datePublished\":\"2021-07-24T06:28:02+00:00\",\"dateModified\":\"2021-07-24T06:28:02+00:00\",\"mainEntityOfPage\":{\"@id\":\"https:\/\/tuzlainfo.ba\/index.php\/novosti\/item\/142771-tuzla-city-veceras-na-tusnju-docekuje-ekipu-zeljeznicara\/\"},\"wordCount\":154,\"commentCount\":0,\"publisher\":{\"@id\":\"https:\/\/tuzlainfo.ba\/#organization\"},\"image\":{\"@id\":\"https:\/\/tuzlainfo.ba\/index.php\/novosti\/item\/142771-tuzla-city-veceras-na-tusnju-docekuje-ekipu-zeljeznicara\/#primaryimage\"},\"thumbnailUrl\":\"https:\/\/tuzlainfo.ba\/wp-content\/uploads\/2021\/07\/2407_tuzlacity.jpeg\",\"keywords\":[\"fk tuzla city\",\"fk \u017eeljezni\u010dar\"],\"articleSection\":[\"Istaknuto\",\"Novosti\"],\"inLanguage\":\"bs-BA\"},{\"@type\":\"WebPage\",\"@id\":\"https:\/\/tuzlainfo.ba\/index.php\/novosti\/item\/142771-tuzla-city-veceras-na-tusnju-docekuje-ekipu-zeljeznicara\/\",\"url\":\"https:\/\/tuzlainfo.ba\/index.php\/novosti\/item\/142771-tuzla-city-veceras-na-tusnju-docekuje-ekipu-zeljeznicara\/\",\"name\":\"Tuzla city ve\u010deras na Tu\u0161nju do\u010dekuje ekipu \u017deljezni\u010dara - TuzlaInfo.ba\",\"isPartOf\":{\"@id\":\"https:\/\/tuzlainfo.ba\/#website\"},\"primaryImageOfPage\":{\"@id\":\"https:\/\/tuzlainfo.ba\/index.php\/novosti\/item\/142771-tuzla-city-veceras-na-tusnju-docekuje-ekipu-zeljeznicara\/#primaryimage\"},\"image\":{\"@id\":\"https:\/\/tuzlainfo.ba\/index.php\/novosti\/item\/142771-tuzla-city-veceras-na-tusnju-docekuje-ekipu-zeljeznicara\/#primaryimage\"},\"thumbnailUrl\":\"https:\/\/tuzlainfo.ba\/wp-content\/uploads\/2021\/07\/2407_tuzlacity.jpeg\",\"datePublished\":\"2021-07-24T06:28:02+00:00\",\"dateModified\":\"2021-07-24T06:28:02+00:00\",\"breadcrumb\":{\"@id\":\"https:\/\/tuzlainfo.ba\/index.php\/novosti\/item\/142771-tuzla-city-veceras-na-tusnju-docekuje-ekipu-zeljeznicara\/#breadcrumb\"},\"inLanguage\":\"bs-BA\",\"potentialAction\":[{\"@type\":\"ReadAction\",\"target\":[\"https:\/\/tuzlainfo.ba\/index.php\/novosti\/item\/142771-tuzla-city-veceras-na-tusnju-docekuje-ekipu-zeljeznicara\/\"]}]},{\"@type\":\"ImageObject\",\"inLanguage\":\"bs-BA\",\"@id\":\"https:\/\/tuzlainfo.ba\/index.php\/novosti\/item\/142771-tuzla-city-veceras-na-tusnju-docekuje-ekipu-zeljeznicara\/#primaryimage\",\"url\":\"https:\/\/tuzlainfo.ba\/wp-content\/uploads\/2021\/07\/2407_tuzlacity.jpeg\",\"contentUrl\":\"https:\/\/tuzlainfo.ba\/wp-content\/uploads\/2021\/07\/2407_tuzlacity.jpeg\",\"width\":1200,\"height\":900},{\"@type\":\"BreadcrumbList\",\"@id\":\"https:\/\/tuzlainfo.ba\/index.php\/novosti\/item\/142771-tuzla-city-veceras-na-tusnju-docekuje-ekipu-zeljeznicara\/#breadcrumb\",\"itemListElement\":[{\"@type\":\"ListItem\",\"position\":1,\"name\":\"Home\",\"item\":\"https:\/\/tuzlainfo.ba\/\"},{\"@type\":\"ListItem\",\"position\":2,\"name\":\"Tuzla city ve\u010deras na Tu\u0161nju do\u010dekuje ekipu \u017deljezni\u010dara\"}]},{\"@type\":\"WebSite\",\"@id\":\"https:\/\/tuzlainfo.ba\/#website\",\"url\":\"https:\/\/tuzlainfo.ba\/\",\"name\":\"TuzlaInfo.ba\",\"description\":\"Tuzla info, gradski informator - Tuzla na dlanu\",\"publisher\":{\"@id\":\"https:\/\/tuzlainfo.ba\/#organization\"},\"potentialAction\":[{\"@type\":\"SearchAction\",\"target\":{\"@type\":\"EntryPoint\",\"urlTemplate\":\"https:\/\/tuzlainfo.ba\/?s={search_term_string}\"},\"query-input\":{\"@type\":\"PropertyValueSpecification\",\"valueRequired\":true,\"valueName\":\"search_term_string\"}}],\"inLanguage\":\"bs-BA\"},{\"@type\":\"Organization\",\"@id\":\"https:\/\/tuzlainfo.ba\/#organization\",\"name\":\"TuzlaInfo.ba\",\"url\":\"https:\/\/tuzlainfo.ba\/\",\"logo\":{\"@type\":\"ImageObject\",\"inLanguage\":\"bs-BA\",\"@id\":\"https:\/\/tuzlainfo.ba\/#\/schema\/logo\/image\/\",\"url\":\"https:\/\/tuzlainfo.ba\/wp-content\/uploads\/2021\/03\/logo-ver-3-1.png\",\"contentUrl\":\"https:\/\/tuzlainfo.ba\/wp-content\/uploads\/2021\/03\/logo-ver-3-1.png\",\"width\":350,\"height\":95,\"caption\":\"TuzlaInfo.ba\"},\"image\":{\"@id\":\"https:\/\/tuzlainfo.ba\/#\/schema\/logo\/image\/\"},\"sameAs\":[\"https:\/\/www.facebook.com\/tuzlainfo.ba\/\"]},{\"@type\":\"Person\",\"@id\":\"https:\/\/tuzlainfo.ba\/#\/schema\/person\/46cad4c57790cbc50781edd14870825a\",\"name\":\"Tuzla Info\",\"image\":{\"@type\":\"ImageObject\",\"inLanguage\":\"bs-BA\",\"@id\":\"https:\/\/tuzlainfo.ba\/#\/schema\/person\/image\/\",\"url\":\"https:\/\/tuzlainfo.ba\/wp-content\/litespeed\/avatar\/b6c453a6c38e3654f2e4416c643fc25c.jpg?ver=1777051911\",\"contentUrl\":\"https:\/\/tuzlainfo.ba\/wp-content\/litespeed\/avatar\/b6c453a6c38e3654f2e4416c643fc25c.jpg?ver=1777051911\",\"caption\":\"Tuzla Info\"}}]}<\/script>\n<!-- \/ Yoast SEO plugin. -->","yoast_head_json":{"title":"Tuzla city ve\u010deras na Tu\u0161nju do\u010dekuje ekipu \u017deljezni\u010dara - TuzlaInfo.ba","robots":{"index":"index","follow":"follow","max-snippet":"max-snippet:-1","max-image-preview":"max-image-preview:large","max-video-preview":"max-video-preview:-1"},"canonical":"https:\/\/tuzlainfo.ba\/index.php\/novosti\/item\/142771-tuzla-city-veceras-na-tusnju-docekuje-ekipu-zeljeznicara\/","og_locale":"bs_BA","og_type":"article","og_title":"Tuzla city ve\u010deras na Tu\u0161nju do\u010dekuje ekipu \u017deljezni\u010dara - TuzlaInfo.ba","og_description":"Nakon pobjede na Ko\u0161evu nad Sarajevom od 1:2, pred ekipom Tuzla Cityja je drugi sarajevski&hellip;","og_url":"https:\/\/tuzlainfo.ba\/index.php\/novosti\/item\/142771-tuzla-city-veceras-na-tusnju-docekuje-ekipu-zeljeznicara\/","og_site_name":"TuzlaInfo.ba","article_publisher":"https:\/\/www.facebook.com\/tuzlainfo.ba\/","article_published_time":"2021-07-24T06:28:02+00:00","og_image":[{"width":1200,"height":900,"url":"https:\/\/tuzlainfo.ba\/wp-content\/uploads\/2021\/07\/2407_tuzlacity.jpeg","type":"image\/jpeg"}],"author":"Tuzla Info","twitter_card":"summary_large_image","twitter_misc":{"Written by":"Tuzla Info","Est. reading time":"1 minuta"},"schema":{"@context":"https:\/\/schema.org","@graph":[{"@type":"Article","@id":"https:\/\/tuzlainfo.ba\/index.php\/novosti\/item\/142771-tuzla-city-veceras-na-tusnju-docekuje-ekipu-zeljeznicara\/#article","isPartOf":{"@id":"https:\/\/tuzlainfo.ba\/index.php\/novosti\/item\/142771-tuzla-city-veceras-na-tusnju-docekuje-ekipu-zeljeznicara\/"},"author":{"name":"Tuzla Info","@id":"https:\/\/tuzlainfo.ba\/#\/schema\/person\/46cad4c57790cbc50781edd14870825a"},"headline":"Tuzla city ve\u010deras na Tu\u0161nju do\u010dekuje ekipu \u017deljezni\u010dara","datePublished":"2021-07-24T06:28:02+00:00","dateModified":"2021-07-24T06:28:02+00:00","mainEntityOfPage":{"@id":"https:\/\/tuzlainfo.ba\/index.php\/novosti\/item\/142771-tuzla-city-veceras-na-tusnju-docekuje-ekipu-zeljeznicara\/"},"wordCount":154,"commentCount":0,"publisher":{"@id":"https:\/\/tuzlainfo.ba\/#organization"},"image":{"@id":"https:\/\/tuzlainfo.ba\/index.php\/novosti\/item\/142771-tuzla-city-veceras-na-tusnju-docekuje-ekipu-zeljeznicara\/#primaryimage"},"thumbnailUrl":"https:\/\/tuzlainfo.ba\/wp-content\/uploads\/2021\/07\/2407_tuzlacity.jpeg","keywords":["fk tuzla city","fk \u017eeljezni\u010dar"],"articleSection":["Istaknuto","Novosti"],"inLanguage":"bs-BA"},{"@type":"WebPage","@id":"https:\/\/tuzlainfo.ba\/index.php\/novosti\/item\/142771-tuzla-city-veceras-na-tusnju-docekuje-ekipu-zeljeznicara\/","url":"https:\/\/tuzlainfo.ba\/index.php\/novosti\/item\/142771-tuzla-city-veceras-na-tusnju-docekuje-ekipu-zeljeznicara\/","name":"Tuzla city ve\u010deras na Tu\u0161nju do\u010dekuje ekipu \u017deljezni\u010dara - TuzlaInfo.ba","isPartOf":{"@id":"https:\/\/tuzlainfo.ba\/#website"},"primaryImageOfPage":{"@id":"https:\/\/tuzlainfo.ba\/index.php\/novosti\/item\/142771-tuzla-city-veceras-na-tusnju-docekuje-ekipu-zeljeznicara\/#primaryimage"},"image":{"@id":"https:\/\/tuzlainfo.ba\/index.php\/novosti\/item\/142771-tuzla-city-veceras-na-tusnju-docekuje-ekipu-zeljeznicara\/#primaryimage"},"thumbnailUrl":"https:\/\/tuzlainfo.ba\/wp-content\/uploads\/2021\/07\/2407_tuzlacity.jpeg","datePublished":"2021-07-24T06:28:02+00:00","dateModified":"2021-07-24T06:28:02+00:00","breadcrumb":{"@id":"https:\/\/tuzlainfo.ba\/index.php\/novosti\/item\/142771-tuzla-city-veceras-na-tusnju-docekuje-ekipu-zeljeznicara\/#breadcrumb"},"inLanguage":"bs-BA","potentialAction":[{"@type":"ReadAction","target":["https:\/\/tuzlainfo.ba\/index.php\/novosti\/item\/142771-tuzla-city-veceras-na-tusnju-docekuje-ekipu-zeljeznicara\/"]}]},{"@type":"ImageObject","inLanguage":"bs-BA","@id":"https:\/\/tuzlainfo.ba\/index.php\/novosti\/item\/142771-tuzla-city-veceras-na-tusnju-docekuje-ekipu-zeljeznicara\/#primaryimage","url":"https:\/\/tuzlainfo.ba\/wp-content\/uploads\/2021\/07\/2407_tuzlacity.jpeg","contentUrl":"https:\/\/tuzlainfo.ba\/wp-content\/uploads\/2021\/07\/2407_tuzlacity.jpeg","width":1200,"height":900},{"@type":"BreadcrumbList","@id":"https:\/\/tuzlainfo.ba\/index.php\/novosti\/item\/142771-tuzla-city-veceras-na-tusnju-docekuje-ekipu-zeljeznicara\/#breadcrumb","itemListElement":[{"@type":"ListItem","position":1,"name":"Home","item":"https:\/\/tuzlainfo.ba\/"},{"@type":"ListItem","position":2,"name":"Tuzla city ve\u010deras na Tu\u0161nju do\u010dekuje ekipu \u017deljezni\u010dara"}]},{"@type":"WebSite","@id":"https:\/\/tuzlainfo.ba\/#website","url":"https:\/\/tuzlainfo.ba\/","name":"TuzlaInfo.ba","description":"Tuzla info, gradski informator - Tuzla na dlanu","publisher":{"@id":"https:\/\/tuzlainfo.ba\/#organization"},"potentialAction":[{"@type":"SearchAction","target":{"@type":"EntryPoint","urlTemplate":"https:\/\/tuzlainfo.ba\/?s={search_term_string}"},"query-input":{"@type":"PropertyValueSpecification","valueRequired":true,"valueName":"search_term_string"}}],"inLanguage":"bs-BA"},{"@type":"Organization","@id":"https:\/\/tuzlainfo.ba\/#organization","name":"TuzlaInfo.ba","url":"https:\/\/tuzlainfo.ba\/","logo":{"@type":"ImageObject","inLanguage":"bs-BA","@id":"https:\/\/tuzlainfo.ba\/#\/schema\/logo\/image\/","url":"https:\/\/tuzlainfo.ba\/wp-content\/uploads\/2021\/03\/logo-ver-3-1.png","contentUrl":"https:\/\/tuzlainfo.ba\/wp-content\/uploads\/2021\/03\/logo-ver-3-1.png","width":350,"height":95,"caption":"TuzlaInfo.ba"},"image":{"@id":"https:\/\/tuzlainfo.ba\/#\/schema\/logo\/image\/"},"sameAs":["https:\/\/www.facebook.com\/tuzlainfo.ba\/"]},{"@type":"Person","@id":"https:\/\/tuzlainfo.ba\/#\/schema\/person\/46cad4c57790cbc50781edd14870825a","name":"Tuzla Info","image":{"@type":"ImageObject","inLanguage":"bs-BA","@id":"https:\/\/tuzlainfo.ba\/#\/schema\/person\/image\/","url":"https:\/\/tuzlainfo.ba\/wp-content\/litespeed\/avatar\/b6c453a6c38e3654f2e4416c643fc25c.jpg?ver=1777051911","contentUrl":"https:\/\/tuzlainfo.ba\/wp-content\/litespeed\/avatar\/b6c453a6c38e3654f2e4416c643fc25c.jpg?ver=1777051911","caption":"Tuzla Info"}}]}},"_links":{"self":[{"href":"https:\/\/tuzlainfo.ba\/index.php\/wp-json\/wp\/v2\/posts\/142771"}],"collection":[{"href":"https:\/\/tuzlainfo.ba\/index.php\/wp-json\/wp\/v2\/posts"}],"about":[{"href":"https:\/\/tuzlainfo.ba\/index.php\/wp-json\/wp\/v2\/types\/post"}],"author":[{"embeddable":true,"href":"https:\/\/tuzlainfo.ba\/index.php\/wp-json\/wp\/v2\/users\/4"}],"replies":[{"embeddable":true,"href":"https:\/\/tuzlainfo.ba\/index.php\/wp-json\/wp\/v2\/comments?post=142771"}],"version-history":[{"count":0,"href":"https:\/\/tuzlainfo.ba\/index.php\/wp-json\/wp\/v2\/posts\/142771\/revisions"}],"wp:featuredmedia":[{"embeddable":true,"href":"https:\/\/tuzlainfo.ba\/index.php\/wp-json\/wp\/v2\/media\/142772"}],"wp:attachment":[{"href":"https:\/\/tuzlainfo.ba\/index.php\/wp-json\/wp\/v2\/media?parent=142771"}],"wp:term":[{"taxonomy":"category","embeddable":true,"href":"https:\/\/tuzlainfo.ba\/index.php\/wp-json\/wp\/v2\/categories?post=142771"},{"taxonomy":"post_tag","embeddable":true,"href":"https:\/\/tuzlainfo.ba\/index.php\/wp-json\/wp\/v2\/tags?post=142771"}],"curies":[{"name":"wp","href":"https:\/\/api.w.org\/{rel}","templated":true}]}}