{"id":142724,"date":"2021-07-23T15:00:54","date_gmt":"2021-07-23T13:00:54","guid":{"rendered":"https:\/\/tuzlainfo.ba\/?p=142724"},"modified":"2021-07-23T15:08:28","modified_gmt":"2021-07-23T13:08:28","slug":"izetbegovic-to-je-ljudska-i-civilizacijska-odluka-u-korist-na-prvom-mjestu-porodica-zrtava-genocida","status":"publish","type":"post","link":"https:\/\/tuzlainfo.ba\/index.php\/bosna-i-hercegovina\/item\/142724-izetbegovic-to-je-ljudska-i-civilizacijska-odluka-u-korist-na-prvom-mjestu-porodica-zrtava-genocida\/","title":{"rendered":"Izetbegovi\u0107: &#8220;To je ljudska i civilizacijska odluka u korist, na prvom mjestu, porodica \u017ertava genocida&#8221;"},"content":{"rendered":"<div id=\"excerpt\" class=\"mt-5 md:mt-2 xl:mt-3 mb-5 font-sans font-semibold text-lg lg:text-xl leading-6 md:leading-7\">\n<p class=\"lead\">Povodom Inzkove odluke da nametne dopune o Krivi\u010dnom zakonu Bosne i Hercegovine, kojima se zabranjuje i ka\u017enjava negiranje genocida, oglasio se predsjednik SDA Bakir Izetbegovi\u0107.<\/p>\n<\/div>\n<div id=\"text\" class=\"break-words mt-3 prose prose-md prose-indigo text-lg lg:text-xl space-y-4 mb-3 leading-6 md:leading-7\">\n<p>Izetbegovi\u0107 je \u010destitao Valentinu Inzku na odluci da nametne odredbe Krivi\u010dnog zakona Bosne i Hercegovine, kojima se zabranjuje negiranje genocida.<\/p>\n<p>&#8220;To je ljudska i civilizacijska odluka u korist, na prvom mjestu, porodica \u017ertava genocida&#8221;, kazao je Izetbegovi\u0107.<\/p>\n<p>Dodao je da je ovom odlukom Visoki predstavnik pomogao gra\u0111anima Bosne i Hercegovine.<\/p>\n<p>&#8220;U\u010dvrstio je autoritet svog nasljednika, skinuo je hipoteku genocida s vrata \u010dasnijem dijelu srpskog naroda i s dignitetom zav\u0161io svoj mandat u BiH&#8221;, zaklju\u010duje predsjednik SDA.<\/p>\n<p>Podsje\u0107amo, Valentin Inzko je danas, osam dana prije odlaska s funkcije, upotrijebio bonske ovlasti i nametnuo izmjene Krivi\u010dnog zakona BiH, kojima se zabranjuje negiranje genocida.<\/p>\n<p>Kazna za kr\u0161enje tog zakona je od \u0161est mjeseci do pet godina.<\/p>\n<p>&#8220;Kaznit \u0107e se i onaj ko javno u\u010dini dostupnim ili distribuira letke, slike i druge materijale, kaznom od najmanje jedne godine zatvora. Tako\u0111er, ko dodijeli priznanje osobi koja je osu\u0111ena za genocid, zlo\u010din protiv \u010dovje\u010dnosti ili ratni zlo\u010din, ili imenuje javni objekt, ulicu, park, trg i sli\u010dno po osu\u0111enoj osobi kaznit \u0107e se zatvorom od namanje tri godine&#8221;, stoji u Inzkovoj odluci.<\/p>\n<\/div>\n","protected":false},"excerpt":{"rendered":"<p>Povodom Inzkove odluke da nametne dopune o Krivi\u010dnom zakonu Bosne i Hercegovine, kojima se zabranjuje&hellip;<\/p>\n","protected":false},"author":4,"featured_media":86562,"comment_status":"open","ping_status":"closed","sticky":false,"template":"","format":"gallery","meta":{"_acf_changed":false,"footnotes":""},"categories":[291],"tags":[1370,1940],"acf":[],"yoast_head":"<!-- This site is optimized with the Yoast SEO plugin v23.5 - https:\/\/yoast.com\/wordpress\/plugins\/seo\/ -->\n<title>Izetbegovi\u0107: &quot;To je ljudska i civilizacijska odluka u korist, na prvom mjestu, porodica \u017ertava genocida&quot; - TuzlaInfo.ba<\/title>\n<meta name=\"robots\" content=\"index, follow, max-snippet:-1, max-image-preview:large, max-video-preview:-1\" \/>\n<link rel=\"canonical\" href=\"https:\/\/tuzlainfo.ba\/index.php\/bosna-i-hercegovina\/item\/142724-izetbegovic-to-je-ljudska-i-civilizacijska-odluka-u-korist-na-prvom-mjestu-porodica-zrtava-genocida\/\" \/>\n<meta property=\"og:locale\" content=\"bs_BA\" \/>\n<meta property=\"og:type\" content=\"article\" \/>\n<meta property=\"og:title\" content=\"Izetbegovi\u0107: &quot;To je ljudska i civilizacijska odluka u korist, na prvom mjestu, porodica \u017ertava genocida&quot; - TuzlaInfo.ba\" \/>\n<meta property=\"og:description\" content=\"Povodom Inzkove odluke da nametne dopune o Krivi\u010dnom zakonu Bosne i Hercegovine, kojima se zabranjuje&hellip;\" \/>\n<meta property=\"og:url\" content=\"https:\/\/tuzlainfo.ba\/index.php\/bosna-i-hercegovina\/item\/142724-izetbegovic-to-je-ljudska-i-civilizacijska-odluka-u-korist-na-prvom-mjestu-porodica-zrtava-genocida\/\" \/>\n<meta property=\"og:site_name\" content=\"TuzlaInfo.ba\" \/>\n<meta property=\"article:publisher\" content=\"https:\/\/www.facebook.com\/tuzlainfo.ba\/\" \/>\n<meta property=\"article:published_time\" content=\"2021-07-23T13:00:54+00:00\" \/>\n<meta property=\"article:modified_time\" content=\"2021-07-23T13:08:28+00:00\" \/>\n<meta property=\"og:image\" content=\"https:\/\/tuzlainfo.ba\/wp-content\/uploads\/2021\/02\/sadrzaj_2021_20210201_1602_izetbegovic.jpg\" \/>\n\t<meta property=\"og:image:width\" content=\"770\" \/>\n\t<meta property=\"og:image:height\" content=\"433\" \/>\n\t<meta property=\"og:image:type\" content=\"image\/jpeg\" \/>\n<meta name=\"author\" content=\"Tuzla Info\" \/>\n<meta name=\"twitter:card\" content=\"summary_large_image\" \/>\n<meta name=\"twitter:label1\" content=\"Written by\" \/>\n\t<meta name=\"twitter:data1\" content=\"Tuzla Info\" \/>\n\t<meta name=\"twitter:label2\" content=\"Est. reading time\" \/>\n\t<meta name=\"twitter:data2\" content=\"1 minuta\" \/>\n<script type=\"application\/ld+json\" class=\"yoast-schema-graph\">{\"@context\":\"https:\/\/schema.org\",\"@graph\":[{\"@type\":\"Article\",\"@id\":\"https:\/\/tuzlainfo.ba\/index.php\/bosna-i-hercegovina\/item\/142724-izetbegovic-to-je-ljudska-i-civilizacijska-odluka-u-korist-na-prvom-mjestu-porodica-zrtava-genocida\/#article\",\"isPartOf\":{\"@id\":\"https:\/\/tuzlainfo.ba\/index.php\/bosna-i-hercegovina\/item\/142724-izetbegovic-to-je-ljudska-i-civilizacijska-odluka-u-korist-na-prvom-mjestu-porodica-zrtava-genocida\/\"},\"author\":{\"name\":\"Tuzla Info\",\"@id\":\"https:\/\/tuzlainfo.ba\/#\/schema\/person\/46cad4c57790cbc50781edd14870825a\"},\"headline\":\"Izetbegovi\u0107: &#8220;To je ljudska i civilizacijska odluka u korist, na prvom mjestu, porodica \u017ertava genocida&#8221;\",\"datePublished\":\"2021-07-23T13:00:54+00:00\",\"dateModified\":\"2021-07-23T13:08:28+00:00\",\"mainEntityOfPage\":{\"@id\":\"https:\/\/tuzlainfo.ba\/index.php\/bosna-i-hercegovina\/item\/142724-izetbegovic-to-je-ljudska-i-civilizacijska-odluka-u-korist-na-prvom-mjestu-porodica-zrtava-genocida\/\"},\"wordCount\":233,\"commentCount\":0,\"publisher\":{\"@id\":\"https:\/\/tuzlainfo.ba\/#organization\"},\"image\":{\"@id\":\"https:\/\/tuzlainfo.ba\/index.php\/bosna-i-hercegovina\/item\/142724-izetbegovic-to-je-ljudska-i-civilizacijska-odluka-u-korist-na-prvom-mjestu-porodica-zrtava-genocida\/#primaryimage\"},\"thumbnailUrl\":\"https:\/\/tuzlainfo.ba\/wp-content\/uploads\/2021\/02\/sadrzaj_2021_20210201_1602_izetbegovic.jpg\",\"keywords\":[\"bakir izetbegovi\u0107\",\"zakon o zabrani negiranja genocida\"],\"articleSection\":[\"Bosna i Hercegovina\"],\"inLanguage\":\"bs-BA\"},{\"@type\":\"WebPage\",\"@id\":\"https:\/\/tuzlainfo.ba\/index.php\/bosna-i-hercegovina\/item\/142724-izetbegovic-to-je-ljudska-i-civilizacijska-odluka-u-korist-na-prvom-mjestu-porodica-zrtava-genocida\/\",\"url\":\"https:\/\/tuzlainfo.ba\/index.php\/bosna-i-hercegovina\/item\/142724-izetbegovic-to-je-ljudska-i-civilizacijska-odluka-u-korist-na-prvom-mjestu-porodica-zrtava-genocida\/\",\"name\":\"Izetbegovi\u0107: \\\"To je ljudska i civilizacijska odluka u korist, na prvom mjestu, porodica \u017ertava genocida\\\" - TuzlaInfo.ba\",\"isPartOf\":{\"@id\":\"https:\/\/tuzlainfo.ba\/#website\"},\"primaryImageOfPage\":{\"@id\":\"https:\/\/tuzlainfo.ba\/index.php\/bosna-i-hercegovina\/item\/142724-izetbegovic-to-je-ljudska-i-civilizacijska-odluka-u-korist-na-prvom-mjestu-porodica-zrtava-genocida\/#primaryimage\"},\"image\":{\"@id\":\"https:\/\/tuzlainfo.ba\/index.php\/bosna-i-hercegovina\/item\/142724-izetbegovic-to-je-ljudska-i-civilizacijska-odluka-u-korist-na-prvom-mjestu-porodica-zrtava-genocida\/#primaryimage\"},\"thumbnailUrl\":\"https:\/\/tuzlainfo.ba\/wp-content\/uploads\/2021\/02\/sadrzaj_2021_20210201_1602_izetbegovic.jpg\",\"datePublished\":\"2021-07-23T13:00:54+00:00\",\"dateModified\":\"2021-07-23T13:08:28+00:00\",\"breadcrumb\":{\"@id\":\"https:\/\/tuzlainfo.ba\/index.php\/bosna-i-hercegovina\/item\/142724-izetbegovic-to-je-ljudska-i-civilizacijska-odluka-u-korist-na-prvom-mjestu-porodica-zrtava-genocida\/#breadcrumb\"},\"inLanguage\":\"bs-BA\",\"potentialAction\":[{\"@type\":\"ReadAction\",\"target\":[\"https:\/\/tuzlainfo.ba\/index.php\/bosna-i-hercegovina\/item\/142724-izetbegovic-to-je-ljudska-i-civilizacijska-odluka-u-korist-na-prvom-mjestu-porodica-zrtava-genocida\/\"]}]},{\"@type\":\"ImageObject\",\"inLanguage\":\"bs-BA\",\"@id\":\"https:\/\/tuzlainfo.ba\/index.php\/bosna-i-hercegovina\/item\/142724-izetbegovic-to-je-ljudska-i-civilizacijska-odluka-u-korist-na-prvom-mjestu-porodica-zrtava-genocida\/#primaryimage\",\"url\":\"https:\/\/tuzlainfo.ba\/wp-content\/uploads\/2021\/02\/sadrzaj_2021_20210201_1602_izetbegovic.jpg\",\"contentUrl\":\"https:\/\/tuzlainfo.ba\/wp-content\/uploads\/2021\/02\/sadrzaj_2021_20210201_1602_izetbegovic.jpg\",\"width\":770,\"height\":433,\"caption\":\"1602 izetbegovi\u0107\"},{\"@type\":\"BreadcrumbList\",\"@id\":\"https:\/\/tuzlainfo.ba\/index.php\/bosna-i-hercegovina\/item\/142724-izetbegovic-to-je-ljudska-i-civilizacijska-odluka-u-korist-na-prvom-mjestu-porodica-zrtava-genocida\/#breadcrumb\",\"itemListElement\":[{\"@type\":\"ListItem\",\"position\":1,\"name\":\"Home\",\"item\":\"https:\/\/tuzlainfo.ba\/\"},{\"@type\":\"ListItem\",\"position\":2,\"name\":\"Izetbegovi\u0107: &#8220;To je ljudska i civilizacijska odluka u korist, na prvom mjestu, porodica \u017ertava genocida&#8221;\"}]},{\"@type\":\"WebSite\",\"@id\":\"https:\/\/tuzlainfo.ba\/#website\",\"url\":\"https:\/\/tuzlainfo.ba\/\",\"name\":\"TuzlaInfo.ba\",\"description\":\"Tuzla info, gradski informator - Tuzla na dlanu\",\"publisher\":{\"@id\":\"https:\/\/tuzlainfo.ba\/#organization\"},\"potentialAction\":[{\"@type\":\"SearchAction\",\"target\":{\"@type\":\"EntryPoint\",\"urlTemplate\":\"https:\/\/tuzlainfo.ba\/?s={search_term_string}\"},\"query-input\":{\"@type\":\"PropertyValueSpecification\",\"valueRequired\":true,\"valueName\":\"search_term_string\"}}],\"inLanguage\":\"bs-BA\"},{\"@type\":\"Organization\",\"@id\":\"https:\/\/tuzlainfo.ba\/#organization\",\"name\":\"TuzlaInfo.ba\",\"url\":\"https:\/\/tuzlainfo.ba\/\",\"logo\":{\"@type\":\"ImageObject\",\"inLanguage\":\"bs-BA\",\"@id\":\"https:\/\/tuzlainfo.ba\/#\/schema\/logo\/image\/\",\"url\":\"https:\/\/tuzlainfo.ba\/wp-content\/uploads\/2021\/03\/logo-ver-3-1.png\",\"contentUrl\":\"https:\/\/tuzlainfo.ba\/wp-content\/uploads\/2021\/03\/logo-ver-3-1.png\",\"width\":350,\"height\":95,\"caption\":\"TuzlaInfo.ba\"},\"image\":{\"@id\":\"https:\/\/tuzlainfo.ba\/#\/schema\/logo\/image\/\"},\"sameAs\":[\"https:\/\/www.facebook.com\/tuzlainfo.ba\/\"]},{\"@type\":\"Person\",\"@id\":\"https:\/\/tuzlainfo.ba\/#\/schema\/person\/46cad4c57790cbc50781edd14870825a\",\"name\":\"Tuzla Info\",\"image\":{\"@type\":\"ImageObject\",\"inLanguage\":\"bs-BA\",\"@id\":\"https:\/\/tuzlainfo.ba\/#\/schema\/person\/image\/\",\"url\":\"https:\/\/tuzlainfo.ba\/wp-content\/litespeed\/avatar\/b6c453a6c38e3654f2e4416c643fc25c.jpg?ver=1777656712\",\"contentUrl\":\"https:\/\/tuzlainfo.ba\/wp-content\/litespeed\/avatar\/b6c453a6c38e3654f2e4416c643fc25c.jpg?ver=1777656712\",\"caption\":\"Tuzla Info\"}}]}<\/script>\n<!-- \/ Yoast SEO plugin. -->","yoast_head_json":{"title":"Izetbegovi\u0107: \"To je ljudska i civilizacijska odluka u korist, na prvom mjestu, porodica \u017ertava genocida\" - TuzlaInfo.ba","robots":{"index":"index","follow":"follow","max-snippet":"max-snippet:-1","max-image-preview":"max-image-preview:large","max-video-preview":"max-video-preview:-1"},"canonical":"https:\/\/tuzlainfo.ba\/index.php\/bosna-i-hercegovina\/item\/142724-izetbegovic-to-je-ljudska-i-civilizacijska-odluka-u-korist-na-prvom-mjestu-porodica-zrtava-genocida\/","og_locale":"bs_BA","og_type":"article","og_title":"Izetbegovi\u0107: \"To je ljudska i civilizacijska odluka u korist, na prvom mjestu, porodica \u017ertava genocida\" - TuzlaInfo.ba","og_description":"Povodom Inzkove odluke da nametne dopune o Krivi\u010dnom zakonu Bosne i Hercegovine, kojima se zabranjuje&hellip;","og_url":"https:\/\/tuzlainfo.ba\/index.php\/bosna-i-hercegovina\/item\/142724-izetbegovic-to-je-ljudska-i-civilizacijska-odluka-u-korist-na-prvom-mjestu-porodica-zrtava-genocida\/","og_site_name":"TuzlaInfo.ba","article_publisher":"https:\/\/www.facebook.com\/tuzlainfo.ba\/","article_published_time":"2021-07-23T13:00:54+00:00","article_modified_time":"2021-07-23T13:08:28+00:00","og_image":[{"width":770,"height":433,"url":"https:\/\/tuzlainfo.ba\/wp-content\/uploads\/2021\/02\/sadrzaj_2021_20210201_1602_izetbegovic.jpg","type":"image\/jpeg"}],"author":"Tuzla Info","twitter_card":"summary_large_image","twitter_misc":{"Written by":"Tuzla Info","Est. reading time":"1 minuta"},"schema":{"@context":"https:\/\/schema.org","@graph":[{"@type":"Article","@id":"https:\/\/tuzlainfo.ba\/index.php\/bosna-i-hercegovina\/item\/142724-izetbegovic-to-je-ljudska-i-civilizacijska-odluka-u-korist-na-prvom-mjestu-porodica-zrtava-genocida\/#article","isPartOf":{"@id":"https:\/\/tuzlainfo.ba\/index.php\/bosna-i-hercegovina\/item\/142724-izetbegovic-to-je-ljudska-i-civilizacijska-odluka-u-korist-na-prvom-mjestu-porodica-zrtava-genocida\/"},"author":{"name":"Tuzla Info","@id":"https:\/\/tuzlainfo.ba\/#\/schema\/person\/46cad4c57790cbc50781edd14870825a"},"headline":"Izetbegovi\u0107: &#8220;To je ljudska i civilizacijska odluka u korist, na prvom mjestu, porodica \u017ertava genocida&#8221;","datePublished":"2021-07-23T13:00:54+00:00","dateModified":"2021-07-23T13:08:28+00:00","mainEntityOfPage":{"@id":"https:\/\/tuzlainfo.ba\/index.php\/bosna-i-hercegovina\/item\/142724-izetbegovic-to-je-ljudska-i-civilizacijska-odluka-u-korist-na-prvom-mjestu-porodica-zrtava-genocida\/"},"wordCount":233,"commentCount":0,"publisher":{"@id":"https:\/\/tuzlainfo.ba\/#organization"},"image":{"@id":"https:\/\/tuzlainfo.ba\/index.php\/bosna-i-hercegovina\/item\/142724-izetbegovic-to-je-ljudska-i-civilizacijska-odluka-u-korist-na-prvom-mjestu-porodica-zrtava-genocida\/#primaryimage"},"thumbnailUrl":"https:\/\/tuzlainfo.ba\/wp-content\/uploads\/2021\/02\/sadrzaj_2021_20210201_1602_izetbegovic.jpg","keywords":["bakir izetbegovi\u0107","zakon o zabrani negiranja genocida"],"articleSection":["Bosna i Hercegovina"],"inLanguage":"bs-BA"},{"@type":"WebPage","@id":"https:\/\/tuzlainfo.ba\/index.php\/bosna-i-hercegovina\/item\/142724-izetbegovic-to-je-ljudska-i-civilizacijska-odluka-u-korist-na-prvom-mjestu-porodica-zrtava-genocida\/","url":"https:\/\/tuzlainfo.ba\/index.php\/bosna-i-hercegovina\/item\/142724-izetbegovic-to-je-ljudska-i-civilizacijska-odluka-u-korist-na-prvom-mjestu-porodica-zrtava-genocida\/","name":"Izetbegovi\u0107: \"To je ljudska i civilizacijska odluka u korist, na prvom mjestu, porodica \u017ertava genocida\" - TuzlaInfo.ba","isPartOf":{"@id":"https:\/\/tuzlainfo.ba\/#website"},"primaryImageOfPage":{"@id":"https:\/\/tuzlainfo.ba\/index.php\/bosna-i-hercegovina\/item\/142724-izetbegovic-to-je-ljudska-i-civilizacijska-odluka-u-korist-na-prvom-mjestu-porodica-zrtava-genocida\/#primaryimage"},"image":{"@id":"https:\/\/tuzlainfo.ba\/index.php\/bosna-i-hercegovina\/item\/142724-izetbegovic-to-je-ljudska-i-civilizacijska-odluka-u-korist-na-prvom-mjestu-porodica-zrtava-genocida\/#primaryimage"},"thumbnailUrl":"https:\/\/tuzlainfo.ba\/wp-content\/uploads\/2021\/02\/sadrzaj_2021_20210201_1602_izetbegovic.jpg","datePublished":"2021-07-23T13:00:54+00:00","dateModified":"2021-07-23T13:08:28+00:00","breadcrumb":{"@id":"https:\/\/tuzlainfo.ba\/index.php\/bosna-i-hercegovina\/item\/142724-izetbegovic-to-je-ljudska-i-civilizacijska-odluka-u-korist-na-prvom-mjestu-porodica-zrtava-genocida\/#breadcrumb"},"inLanguage":"bs-BA","potentialAction":[{"@type":"ReadAction","target":["https:\/\/tuzlainfo.ba\/index.php\/bosna-i-hercegovina\/item\/142724-izetbegovic-to-je-ljudska-i-civilizacijska-odluka-u-korist-na-prvom-mjestu-porodica-zrtava-genocida\/"]}]},{"@type":"ImageObject","inLanguage":"bs-BA","@id":"https:\/\/tuzlainfo.ba\/index.php\/bosna-i-hercegovina\/item\/142724-izetbegovic-to-je-ljudska-i-civilizacijska-odluka-u-korist-na-prvom-mjestu-porodica-zrtava-genocida\/#primaryimage","url":"https:\/\/tuzlainfo.ba\/wp-content\/uploads\/2021\/02\/sadrzaj_2021_20210201_1602_izetbegovic.jpg","contentUrl":"https:\/\/tuzlainfo.ba\/wp-content\/uploads\/2021\/02\/sadrzaj_2021_20210201_1602_izetbegovic.jpg","width":770,"height":433,"caption":"1602 izetbegovi\u0107"},{"@type":"BreadcrumbList","@id":"https:\/\/tuzlainfo.ba\/index.php\/bosna-i-hercegovina\/item\/142724-izetbegovic-to-je-ljudska-i-civilizacijska-odluka-u-korist-na-prvom-mjestu-porodica-zrtava-genocida\/#breadcrumb","itemListElement":[{"@type":"ListItem","position":1,"name":"Home","item":"https:\/\/tuzlainfo.ba\/"},{"@type":"ListItem","position":2,"name":"Izetbegovi\u0107: &#8220;To je ljudska i civilizacijska odluka u korist, na prvom mjestu, porodica \u017ertava genocida&#8221;"}]},{"@type":"WebSite","@id":"https:\/\/tuzlainfo.ba\/#website","url":"https:\/\/tuzlainfo.ba\/","name":"TuzlaInfo.ba","description":"Tuzla info, gradski informator - Tuzla na dlanu","publisher":{"@id":"https:\/\/tuzlainfo.ba\/#organization"},"potentialAction":[{"@type":"SearchAction","target":{"@type":"EntryPoint","urlTemplate":"https:\/\/tuzlainfo.ba\/?s={search_term_string}"},"query-input":{"@type":"PropertyValueSpecification","valueRequired":true,"valueName":"search_term_string"}}],"inLanguage":"bs-BA"},{"@type":"Organization","@id":"https:\/\/tuzlainfo.ba\/#organization","name":"TuzlaInfo.ba","url":"https:\/\/tuzlainfo.ba\/","logo":{"@type":"ImageObject","inLanguage":"bs-BA","@id":"https:\/\/tuzlainfo.ba\/#\/schema\/logo\/image\/","url":"https:\/\/tuzlainfo.ba\/wp-content\/uploads\/2021\/03\/logo-ver-3-1.png","contentUrl":"https:\/\/tuzlainfo.ba\/wp-content\/uploads\/2021\/03\/logo-ver-3-1.png","width":350,"height":95,"caption":"TuzlaInfo.ba"},"image":{"@id":"https:\/\/tuzlainfo.ba\/#\/schema\/logo\/image\/"},"sameAs":["https:\/\/www.facebook.com\/tuzlainfo.ba\/"]},{"@type":"Person","@id":"https:\/\/tuzlainfo.ba\/#\/schema\/person\/46cad4c57790cbc50781edd14870825a","name":"Tuzla Info","image":{"@type":"ImageObject","inLanguage":"bs-BA","@id":"https:\/\/tuzlainfo.ba\/#\/schema\/person\/image\/","url":"https:\/\/tuzlainfo.ba\/wp-content\/litespeed\/avatar\/b6c453a6c38e3654f2e4416c643fc25c.jpg?ver=1777656712","contentUrl":"https:\/\/tuzlainfo.ba\/wp-content\/litespeed\/avatar\/b6c453a6c38e3654f2e4416c643fc25c.jpg?ver=1777656712","caption":"Tuzla Info"}}]}},"_links":{"self":[{"href":"https:\/\/tuzlainfo.ba\/index.php\/wp-json\/wp\/v2\/posts\/142724"}],"collection":[{"href":"https:\/\/tuzlainfo.ba\/index.php\/wp-json\/wp\/v2\/posts"}],"about":[{"href":"https:\/\/tuzlainfo.ba\/index.php\/wp-json\/wp\/v2\/types\/post"}],"author":[{"embeddable":true,"href":"https:\/\/tuzlainfo.ba\/index.php\/wp-json\/wp\/v2\/users\/4"}],"replies":[{"embeddable":true,"href":"https:\/\/tuzlainfo.ba\/index.php\/wp-json\/wp\/v2\/comments?post=142724"}],"version-history":[{"count":0,"href":"https:\/\/tuzlainfo.ba\/index.php\/wp-json\/wp\/v2\/posts\/142724\/revisions"}],"wp:featuredmedia":[{"embeddable":true,"href":"https:\/\/tuzlainfo.ba\/index.php\/wp-json\/wp\/v2\/media\/86562"}],"wp:attachment":[{"href":"https:\/\/tuzlainfo.ba\/index.php\/wp-json\/wp\/v2\/media?parent=142724"}],"wp:term":[{"taxonomy":"category","embeddable":true,"href":"https:\/\/tuzlainfo.ba\/index.php\/wp-json\/wp\/v2\/categories?post=142724"},{"taxonomy":"post_tag","embeddable":true,"href":"https:\/\/tuzlainfo.ba\/index.php\/wp-json\/wp\/v2\/tags?post=142724"}],"curies":[{"name":"wp","href":"https:\/\/api.w.org\/{rel}","templated":true}]}}