{"id":142706,"date":"2021-07-23T19:00:44","date_gmt":"2021-07-23T17:00:44","guid":{"rendered":"https:\/\/tuzlainfo.ba\/?p=142706"},"modified":"2021-07-23T16:09:30","modified_gmt":"2021-07-23T14:09:30","slug":"u-tuzli-obiljezena-800-obljetnica-susreta-sv-franje-asiskog-i-sultana-malika-al-kamila-drama-gostoprimstva","status":"publish","type":"post","link":"https:\/\/tuzlainfo.ba\/index.php\/uncategorized\/item\/142706-u-tuzli-obiljezena-800-obljetnica-susreta-sv-franje-asiskog-i-sultana-malika-al-kamila-drama-gostoprimstva\/","title":{"rendered":"U Tuzli obilje\u017eena 800. obljetnica susreta sv. Franje Asi\u0161kog i sultana Malika al-Kamila &#8211; \u201eDrama gostoprimstva\u201c"},"content":{"rendered":"<p>Udruga \u201eCentar za mirovno obrazovanje\u201c (CMO) sino\u0107 je, u suradnji s Franjeva\u010dkim samostanom Tuzla, u Umjetni\u010dkoj galeriji \u201eKristian Krekovi\u0107\u201c u Tuzli odr\u017eala posljednji od \u0161est okruglih stolova u povodu proslave 800. obljetnice susreta sv. Franje Asi\u0161kog i sultana Malika al-Kamila, pod zajedni\u010dkim nazivom \u201eDrama gostoprimstva\u201c. Voditelj ovog okruglog stola bio je Zdravko Kujund\u017eija, a izlaga\u010di Rusmir \u0160adi\u0107, fra Franjo Nini\u0107, Izet Numanovi\u0107 i Alen Kristi\u0107.<\/p>\n<p>Profesor Filozofskog fakulteta Sveu\u010dili\u0161ta u Tuzli i glavni urednik \u010dasopisa za filozofiju i religiju \u201eLogos\u201c, Rusmir \u0160adi\u0107 osvijetlio je susret sv. Franje i sultana Malika al-Kamila uz pomo\u0107 dvije usko povezane metafore \u2013 sakralnost prijateljstva i politike prijateljstva \u2013 nagla\u0161avaju\u0107i da se sekularne tradicije i religijske tradicije ne bi smjele nadmetati oko monopola na svijest o sakralnosti \/ nedodirljivom dostojanstvu ljudske osobe nego je slo\u017eno braniti kao zajedni\u010dku ba\u0161tinu i obvezu.<\/p>\n<p>Dekonstruiraju\u0107i fatalnu neizbje\u017enost Huntingtonove teze o sukobu civilizacija, teolog fra Franjo Nini\u0107 iz Franjeva\u010dkog samostana u Tuzli skrenuo je pozornost na tri paradigmati\u010dna lika iz bosanske franjeva\u010dke pro\u0161losti \u2013 fra An\u0111ela Zvizdovi\u0107a, fra Josipa Marku\u0161i\u0107a i fra Petra An\u0111elovi\u0107a \u2013 koji su u svom vremenu proro\u010dki utjelovljivali zaokret od paradigme sukoba prema paradigmi susretanja.<\/p>\n<p>Promatraju\u0107i susret sv. Franje i sultana Malika al-Kamila iz perspektive svjetskog etosa, Izet Numanovi\u0107 iz Pedago\u0161kog zavoda Tuzlanskog kantona istaknuo je da nas ovaj susret poziva na ponovno otkrivanje eti\u010dke srodnosti svjetskih religija, koja uklju\u010duje i sve svjetske filozofsko-eti\u010dke tradicije humanisti\u010dkog kova, kao dijalo\u0161ke platforme usmjerene humanizaciji cjelokupnog dru\u0161tva.<\/p>\n<p>Teolog, prevoditelj i pisac Alen Kristi\u0107 susret sv. Franje i sultana Malika al-Kamila predstavio je kao jedan od najveli\u010danstvenijih izdanaka ibrahimovsko\/abrahamske duhovnosti na kojoj po\u010diva ibrahimovsko\/abrahamska ekumena koja bi u na\u0161e vrijeme pod hitno trebala postati oaza nade i proro\u010dki zametak nove, humanije civilizacije.<\/p>\n<p>Na temelju podastrtih izlaganja sa svih \u0161est odr\u017eanih okruglih stolova posve\u0107enih susretu sv. Franje Asi\u0161kog i sultana Malika al-Kamila, na jesen \u0107e biti objavljen popratni zbornik koji \u0107e biti promoviran u vi\u0161e bosanskohercegova\u010dkih gradova. Urednik Zbornika bit \u0107e Alen Kristi\u0107, a izdava\u010d Udruga \u201eCentar za mirovno obrazovanje\u201c.<\/p>\n","protected":false},"excerpt":{"rendered":"<p>Udruga \u201eCentar za mirovno obrazovanje\u201c (CMO) sino\u0107 je, u suradnji s Franjeva\u010dkim samostanom Tuzla, u&hellip;<\/p>\n","protected":false},"author":4,"featured_media":142707,"comment_status":"open","ping_status":"closed","sticky":false,"template":"","format":"standard","meta":{"_acf_changed":false,"footnotes":""},"categories":[1],"tags":[1941],"acf":[],"yoast_head":"<!-- This site is optimized with the Yoast SEO plugin v23.5 - https:\/\/yoast.com\/wordpress\/plugins\/seo\/ -->\n<title>U Tuzli obilje\u017eena 800. obljetnica susreta sv. Franje Asi\u0161kog i sultana Malika al-Kamila - \u201eDrama gostoprimstva\u201c - TuzlaInfo.ba<\/title>\n<meta name=\"robots\" content=\"index, follow, max-snippet:-1, max-image-preview:large, max-video-preview:-1\" \/>\n<link rel=\"canonical\" href=\"https:\/\/tuzlainfo.ba\/index.php\/uncategorized\/item\/142706-u-tuzli-obiljezena-800-obljetnica-susreta-sv-franje-asiskog-i-sultana-malika-al-kamila-drama-gostoprimstva\/\" \/>\n<meta property=\"og:locale\" content=\"bs_BA\" \/>\n<meta property=\"og:type\" content=\"article\" \/>\n<meta property=\"og:title\" content=\"U Tuzli obilje\u017eena 800. obljetnica susreta sv. Franje Asi\u0161kog i sultana Malika al-Kamila - \u201eDrama gostoprimstva\u201c - TuzlaInfo.ba\" \/>\n<meta property=\"og:description\" content=\"Udruga \u201eCentar za mirovno obrazovanje\u201c (CMO) sino\u0107 je, u suradnji s Franjeva\u010dkim samostanom Tuzla, u&hellip;\" \/>\n<meta property=\"og:url\" content=\"https:\/\/tuzlainfo.ba\/index.php\/uncategorized\/item\/142706-u-tuzli-obiljezena-800-obljetnica-susreta-sv-franje-asiskog-i-sultana-malika-al-kamila-drama-gostoprimstva\/\" \/>\n<meta property=\"og:site_name\" content=\"TuzlaInfo.ba\" \/>\n<meta property=\"article:publisher\" content=\"https:\/\/www.facebook.com\/tuzlainfo.ba\/\" \/>\n<meta property=\"article:published_time\" content=\"2021-07-23T17:00:44+00:00\" \/>\n<meta property=\"article:modified_time\" content=\"2021-07-23T14:09:30+00:00\" \/>\n<meta property=\"og:image\" content=\"https:\/\/tuzlainfo.ba\/wp-content\/uploads\/2021\/07\/2307_obljetnica.jpg\" \/>\n\t<meta property=\"og:image:width\" content=\"1280\" \/>\n\t<meta property=\"og:image:height\" content=\"767\" \/>\n\t<meta property=\"og:image:type\" content=\"image\/jpeg\" \/>\n<meta name=\"author\" content=\"Tuzla Info\" \/>\n<meta name=\"twitter:card\" content=\"summary_large_image\" \/>\n<meta name=\"twitter:label1\" content=\"Written by\" \/>\n\t<meta name=\"twitter:data1\" content=\"Tuzla Info\" \/>\n\t<meta name=\"twitter:label2\" content=\"Est. reading time\" \/>\n\t<meta name=\"twitter:data2\" content=\"2 minute\" \/>\n<script type=\"application\/ld+json\" class=\"yoast-schema-graph\">{\"@context\":\"https:\/\/schema.org\",\"@graph\":[{\"@type\":\"Article\",\"@id\":\"https:\/\/tuzlainfo.ba\/index.php\/uncategorized\/item\/142706-u-tuzli-obiljezena-800-obljetnica-susreta-sv-franje-asiskog-i-sultana-malika-al-kamila-drama-gostoprimstva\/#article\",\"isPartOf\":{\"@id\":\"https:\/\/tuzlainfo.ba\/index.php\/uncategorized\/item\/142706-u-tuzli-obiljezena-800-obljetnica-susreta-sv-franje-asiskog-i-sultana-malika-al-kamila-drama-gostoprimstva\/\"},\"author\":{\"name\":\"Tuzla Info\",\"@id\":\"https:\/\/tuzlainfo.ba\/#\/schema\/person\/46cad4c57790cbc50781edd14870825a\"},\"headline\":\"U Tuzli obilje\u017eena 800. obljetnica susreta sv. Franje Asi\u0161kog i sultana Malika al-Kamila &#8211; \u201eDrama gostoprimstva\u201c\",\"datePublished\":\"2021-07-23T17:00:44+00:00\",\"dateModified\":\"2021-07-23T14:09:30+00:00\",\"mainEntityOfPage\":{\"@id\":\"https:\/\/tuzlainfo.ba\/index.php\/uncategorized\/item\/142706-u-tuzli-obiljezena-800-obljetnica-susreta-sv-franje-asiskog-i-sultana-malika-al-kamila-drama-gostoprimstva\/\"},\"wordCount\":387,\"commentCount\":0,\"publisher\":{\"@id\":\"https:\/\/tuzlainfo.ba\/#organization\"},\"image\":{\"@id\":\"https:\/\/tuzlainfo.ba\/index.php\/uncategorized\/item\/142706-u-tuzli-obiljezena-800-obljetnica-susreta-sv-franje-asiskog-i-sultana-malika-al-kamila-drama-gostoprimstva\/#primaryimage\"},\"thumbnailUrl\":\"https:\/\/tuzlainfo.ba\/wp-content\/uploads\/2021\/07\/2307_obljetnica.jpg\",\"keywords\":[\"Franjeva\u010dki samostan Tuzla\"],\"articleSection\":[\"Uncategorized\"],\"inLanguage\":\"bs-BA\"},{\"@type\":\"WebPage\",\"@id\":\"https:\/\/tuzlainfo.ba\/index.php\/uncategorized\/item\/142706-u-tuzli-obiljezena-800-obljetnica-susreta-sv-franje-asiskog-i-sultana-malika-al-kamila-drama-gostoprimstva\/\",\"url\":\"https:\/\/tuzlainfo.ba\/index.php\/uncategorized\/item\/142706-u-tuzli-obiljezena-800-obljetnica-susreta-sv-franje-asiskog-i-sultana-malika-al-kamila-drama-gostoprimstva\/\",\"name\":\"U Tuzli obilje\u017eena 800. obljetnica susreta sv. Franje Asi\u0161kog i sultana Malika al-Kamila - \u201eDrama gostoprimstva\u201c - TuzlaInfo.ba\",\"isPartOf\":{\"@id\":\"https:\/\/tuzlainfo.ba\/#website\"},\"primaryImageOfPage\":{\"@id\":\"https:\/\/tuzlainfo.ba\/index.php\/uncategorized\/item\/142706-u-tuzli-obiljezena-800-obljetnica-susreta-sv-franje-asiskog-i-sultana-malika-al-kamila-drama-gostoprimstva\/#primaryimage\"},\"image\":{\"@id\":\"https:\/\/tuzlainfo.ba\/index.php\/uncategorized\/item\/142706-u-tuzli-obiljezena-800-obljetnica-susreta-sv-franje-asiskog-i-sultana-malika-al-kamila-drama-gostoprimstva\/#primaryimage\"},\"thumbnailUrl\":\"https:\/\/tuzlainfo.ba\/wp-content\/uploads\/2021\/07\/2307_obljetnica.jpg\",\"datePublished\":\"2021-07-23T17:00:44+00:00\",\"dateModified\":\"2021-07-23T14:09:30+00:00\",\"breadcrumb\":{\"@id\":\"https:\/\/tuzlainfo.ba\/index.php\/uncategorized\/item\/142706-u-tuzli-obiljezena-800-obljetnica-susreta-sv-franje-asiskog-i-sultana-malika-al-kamila-drama-gostoprimstva\/#breadcrumb\"},\"inLanguage\":\"bs-BA\",\"potentialAction\":[{\"@type\":\"ReadAction\",\"target\":[\"https:\/\/tuzlainfo.ba\/index.php\/uncategorized\/item\/142706-u-tuzli-obiljezena-800-obljetnica-susreta-sv-franje-asiskog-i-sultana-malika-al-kamila-drama-gostoprimstva\/\"]}]},{\"@type\":\"ImageObject\",\"inLanguage\":\"bs-BA\",\"@id\":\"https:\/\/tuzlainfo.ba\/index.php\/uncategorized\/item\/142706-u-tuzli-obiljezena-800-obljetnica-susreta-sv-franje-asiskog-i-sultana-malika-al-kamila-drama-gostoprimstva\/#primaryimage\",\"url\":\"https:\/\/tuzlainfo.ba\/wp-content\/uploads\/2021\/07\/2307_obljetnica.jpg\",\"contentUrl\":\"https:\/\/tuzlainfo.ba\/wp-content\/uploads\/2021\/07\/2307_obljetnica.jpg\",\"width\":1280,\"height\":767},{\"@type\":\"BreadcrumbList\",\"@id\":\"https:\/\/tuzlainfo.ba\/index.php\/uncategorized\/item\/142706-u-tuzli-obiljezena-800-obljetnica-susreta-sv-franje-asiskog-i-sultana-malika-al-kamila-drama-gostoprimstva\/#breadcrumb\",\"itemListElement\":[{\"@type\":\"ListItem\",\"position\":1,\"name\":\"Home\",\"item\":\"https:\/\/tuzlainfo.ba\/\"},{\"@type\":\"ListItem\",\"position\":2,\"name\":\"U Tuzli obilje\u017eena 800. obljetnica susreta sv. Franje Asi\u0161kog i sultana Malika al-Kamila &#8211; \u201eDrama gostoprimstva\u201c\"}]},{\"@type\":\"WebSite\",\"@id\":\"https:\/\/tuzlainfo.ba\/#website\",\"url\":\"https:\/\/tuzlainfo.ba\/\",\"name\":\"TuzlaInfo.ba\",\"description\":\"Tuzla info, gradski informator - Tuzla na dlanu\",\"publisher\":{\"@id\":\"https:\/\/tuzlainfo.ba\/#organization\"},\"potentialAction\":[{\"@type\":\"SearchAction\",\"target\":{\"@type\":\"EntryPoint\",\"urlTemplate\":\"https:\/\/tuzlainfo.ba\/?s={search_term_string}\"},\"query-input\":{\"@type\":\"PropertyValueSpecification\",\"valueRequired\":true,\"valueName\":\"search_term_string\"}}],\"inLanguage\":\"bs-BA\"},{\"@type\":\"Organization\",\"@id\":\"https:\/\/tuzlainfo.ba\/#organization\",\"name\":\"TuzlaInfo.ba\",\"url\":\"https:\/\/tuzlainfo.ba\/\",\"logo\":{\"@type\":\"ImageObject\",\"inLanguage\":\"bs-BA\",\"@id\":\"https:\/\/tuzlainfo.ba\/#\/schema\/logo\/image\/\",\"url\":\"https:\/\/tuzlainfo.ba\/wp-content\/uploads\/2021\/03\/logo-ver-3-1.png\",\"contentUrl\":\"https:\/\/tuzlainfo.ba\/wp-content\/uploads\/2021\/03\/logo-ver-3-1.png\",\"width\":350,\"height\":95,\"caption\":\"TuzlaInfo.ba\"},\"image\":{\"@id\":\"https:\/\/tuzlainfo.ba\/#\/schema\/logo\/image\/\"},\"sameAs\":[\"https:\/\/www.facebook.com\/tuzlainfo.ba\/\"]},{\"@type\":\"Person\",\"@id\":\"https:\/\/tuzlainfo.ba\/#\/schema\/person\/46cad4c57790cbc50781edd14870825a\",\"name\":\"Tuzla Info\",\"image\":{\"@type\":\"ImageObject\",\"inLanguage\":\"bs-BA\",\"@id\":\"https:\/\/tuzlainfo.ba\/#\/schema\/person\/image\/\",\"url\":\"https:\/\/tuzlainfo.ba\/wp-content\/litespeed\/avatar\/b6c453a6c38e3654f2e4416c643fc25c.jpg?ver=1777051911\",\"contentUrl\":\"https:\/\/tuzlainfo.ba\/wp-content\/litespeed\/avatar\/b6c453a6c38e3654f2e4416c643fc25c.jpg?ver=1777051911\",\"caption\":\"Tuzla Info\"}}]}<\/script>\n<!-- \/ Yoast SEO plugin. -->","yoast_head_json":{"title":"U Tuzli obilje\u017eena 800. obljetnica susreta sv. Franje Asi\u0161kog i sultana Malika al-Kamila - \u201eDrama gostoprimstva\u201c - TuzlaInfo.ba","robots":{"index":"index","follow":"follow","max-snippet":"max-snippet:-1","max-image-preview":"max-image-preview:large","max-video-preview":"max-video-preview:-1"},"canonical":"https:\/\/tuzlainfo.ba\/index.php\/uncategorized\/item\/142706-u-tuzli-obiljezena-800-obljetnica-susreta-sv-franje-asiskog-i-sultana-malika-al-kamila-drama-gostoprimstva\/","og_locale":"bs_BA","og_type":"article","og_title":"U Tuzli obilje\u017eena 800. obljetnica susreta sv. Franje Asi\u0161kog i sultana Malika al-Kamila - \u201eDrama gostoprimstva\u201c - TuzlaInfo.ba","og_description":"Udruga \u201eCentar za mirovno obrazovanje\u201c (CMO) sino\u0107 je, u suradnji s Franjeva\u010dkim samostanom Tuzla, u&hellip;","og_url":"https:\/\/tuzlainfo.ba\/index.php\/uncategorized\/item\/142706-u-tuzli-obiljezena-800-obljetnica-susreta-sv-franje-asiskog-i-sultana-malika-al-kamila-drama-gostoprimstva\/","og_site_name":"TuzlaInfo.ba","article_publisher":"https:\/\/www.facebook.com\/tuzlainfo.ba\/","article_published_time":"2021-07-23T17:00:44+00:00","article_modified_time":"2021-07-23T14:09:30+00:00","og_image":[{"width":1280,"height":767,"url":"https:\/\/tuzlainfo.ba\/wp-content\/uploads\/2021\/07\/2307_obljetnica.jpg","type":"image\/jpeg"}],"author":"Tuzla Info","twitter_card":"summary_large_image","twitter_misc":{"Written by":"Tuzla Info","Est. reading time":"2 minute"},"schema":{"@context":"https:\/\/schema.org","@graph":[{"@type":"Article","@id":"https:\/\/tuzlainfo.ba\/index.php\/uncategorized\/item\/142706-u-tuzli-obiljezena-800-obljetnica-susreta-sv-franje-asiskog-i-sultana-malika-al-kamila-drama-gostoprimstva\/#article","isPartOf":{"@id":"https:\/\/tuzlainfo.ba\/index.php\/uncategorized\/item\/142706-u-tuzli-obiljezena-800-obljetnica-susreta-sv-franje-asiskog-i-sultana-malika-al-kamila-drama-gostoprimstva\/"},"author":{"name":"Tuzla Info","@id":"https:\/\/tuzlainfo.ba\/#\/schema\/person\/46cad4c57790cbc50781edd14870825a"},"headline":"U Tuzli obilje\u017eena 800. obljetnica susreta sv. Franje Asi\u0161kog i sultana Malika al-Kamila &#8211; \u201eDrama gostoprimstva\u201c","datePublished":"2021-07-23T17:00:44+00:00","dateModified":"2021-07-23T14:09:30+00:00","mainEntityOfPage":{"@id":"https:\/\/tuzlainfo.ba\/index.php\/uncategorized\/item\/142706-u-tuzli-obiljezena-800-obljetnica-susreta-sv-franje-asiskog-i-sultana-malika-al-kamila-drama-gostoprimstva\/"},"wordCount":387,"commentCount":0,"publisher":{"@id":"https:\/\/tuzlainfo.ba\/#organization"},"image":{"@id":"https:\/\/tuzlainfo.ba\/index.php\/uncategorized\/item\/142706-u-tuzli-obiljezena-800-obljetnica-susreta-sv-franje-asiskog-i-sultana-malika-al-kamila-drama-gostoprimstva\/#primaryimage"},"thumbnailUrl":"https:\/\/tuzlainfo.ba\/wp-content\/uploads\/2021\/07\/2307_obljetnica.jpg","keywords":["Franjeva\u010dki samostan Tuzla"],"articleSection":["Uncategorized"],"inLanguage":"bs-BA"},{"@type":"WebPage","@id":"https:\/\/tuzlainfo.ba\/index.php\/uncategorized\/item\/142706-u-tuzli-obiljezena-800-obljetnica-susreta-sv-franje-asiskog-i-sultana-malika-al-kamila-drama-gostoprimstva\/","url":"https:\/\/tuzlainfo.ba\/index.php\/uncategorized\/item\/142706-u-tuzli-obiljezena-800-obljetnica-susreta-sv-franje-asiskog-i-sultana-malika-al-kamila-drama-gostoprimstva\/","name":"U Tuzli obilje\u017eena 800. obljetnica susreta sv. Franje Asi\u0161kog i sultana Malika al-Kamila - \u201eDrama gostoprimstva\u201c - TuzlaInfo.ba","isPartOf":{"@id":"https:\/\/tuzlainfo.ba\/#website"},"primaryImageOfPage":{"@id":"https:\/\/tuzlainfo.ba\/index.php\/uncategorized\/item\/142706-u-tuzli-obiljezena-800-obljetnica-susreta-sv-franje-asiskog-i-sultana-malika-al-kamila-drama-gostoprimstva\/#primaryimage"},"image":{"@id":"https:\/\/tuzlainfo.ba\/index.php\/uncategorized\/item\/142706-u-tuzli-obiljezena-800-obljetnica-susreta-sv-franje-asiskog-i-sultana-malika-al-kamila-drama-gostoprimstva\/#primaryimage"},"thumbnailUrl":"https:\/\/tuzlainfo.ba\/wp-content\/uploads\/2021\/07\/2307_obljetnica.jpg","datePublished":"2021-07-23T17:00:44+00:00","dateModified":"2021-07-23T14:09:30+00:00","breadcrumb":{"@id":"https:\/\/tuzlainfo.ba\/index.php\/uncategorized\/item\/142706-u-tuzli-obiljezena-800-obljetnica-susreta-sv-franje-asiskog-i-sultana-malika-al-kamila-drama-gostoprimstva\/#breadcrumb"},"inLanguage":"bs-BA","potentialAction":[{"@type":"ReadAction","target":["https:\/\/tuzlainfo.ba\/index.php\/uncategorized\/item\/142706-u-tuzli-obiljezena-800-obljetnica-susreta-sv-franje-asiskog-i-sultana-malika-al-kamila-drama-gostoprimstva\/"]}]},{"@type":"ImageObject","inLanguage":"bs-BA","@id":"https:\/\/tuzlainfo.ba\/index.php\/uncategorized\/item\/142706-u-tuzli-obiljezena-800-obljetnica-susreta-sv-franje-asiskog-i-sultana-malika-al-kamila-drama-gostoprimstva\/#primaryimage","url":"https:\/\/tuzlainfo.ba\/wp-content\/uploads\/2021\/07\/2307_obljetnica.jpg","contentUrl":"https:\/\/tuzlainfo.ba\/wp-content\/uploads\/2021\/07\/2307_obljetnica.jpg","width":1280,"height":767},{"@type":"BreadcrumbList","@id":"https:\/\/tuzlainfo.ba\/index.php\/uncategorized\/item\/142706-u-tuzli-obiljezena-800-obljetnica-susreta-sv-franje-asiskog-i-sultana-malika-al-kamila-drama-gostoprimstva\/#breadcrumb","itemListElement":[{"@type":"ListItem","position":1,"name":"Home","item":"https:\/\/tuzlainfo.ba\/"},{"@type":"ListItem","position":2,"name":"U Tuzli obilje\u017eena 800. obljetnica susreta sv. Franje Asi\u0161kog i sultana Malika al-Kamila &#8211; \u201eDrama gostoprimstva\u201c"}]},{"@type":"WebSite","@id":"https:\/\/tuzlainfo.ba\/#website","url":"https:\/\/tuzlainfo.ba\/","name":"TuzlaInfo.ba","description":"Tuzla info, gradski informator - Tuzla na dlanu","publisher":{"@id":"https:\/\/tuzlainfo.ba\/#organization"},"potentialAction":[{"@type":"SearchAction","target":{"@type":"EntryPoint","urlTemplate":"https:\/\/tuzlainfo.ba\/?s={search_term_string}"},"query-input":{"@type":"PropertyValueSpecification","valueRequired":true,"valueName":"search_term_string"}}],"inLanguage":"bs-BA"},{"@type":"Organization","@id":"https:\/\/tuzlainfo.ba\/#organization","name":"TuzlaInfo.ba","url":"https:\/\/tuzlainfo.ba\/","logo":{"@type":"ImageObject","inLanguage":"bs-BA","@id":"https:\/\/tuzlainfo.ba\/#\/schema\/logo\/image\/","url":"https:\/\/tuzlainfo.ba\/wp-content\/uploads\/2021\/03\/logo-ver-3-1.png","contentUrl":"https:\/\/tuzlainfo.ba\/wp-content\/uploads\/2021\/03\/logo-ver-3-1.png","width":350,"height":95,"caption":"TuzlaInfo.ba"},"image":{"@id":"https:\/\/tuzlainfo.ba\/#\/schema\/logo\/image\/"},"sameAs":["https:\/\/www.facebook.com\/tuzlainfo.ba\/"]},{"@type":"Person","@id":"https:\/\/tuzlainfo.ba\/#\/schema\/person\/46cad4c57790cbc50781edd14870825a","name":"Tuzla Info","image":{"@type":"ImageObject","inLanguage":"bs-BA","@id":"https:\/\/tuzlainfo.ba\/#\/schema\/person\/image\/","url":"https:\/\/tuzlainfo.ba\/wp-content\/litespeed\/avatar\/b6c453a6c38e3654f2e4416c643fc25c.jpg?ver=1777051911","contentUrl":"https:\/\/tuzlainfo.ba\/wp-content\/litespeed\/avatar\/b6c453a6c38e3654f2e4416c643fc25c.jpg?ver=1777051911","caption":"Tuzla Info"}}]}},"_links":{"self":[{"href":"https:\/\/tuzlainfo.ba\/index.php\/wp-json\/wp\/v2\/posts\/142706"}],"collection":[{"href":"https:\/\/tuzlainfo.ba\/index.php\/wp-json\/wp\/v2\/posts"}],"about":[{"href":"https:\/\/tuzlainfo.ba\/index.php\/wp-json\/wp\/v2\/types\/post"}],"author":[{"embeddable":true,"href":"https:\/\/tuzlainfo.ba\/index.php\/wp-json\/wp\/v2\/users\/4"}],"replies":[{"embeddable":true,"href":"https:\/\/tuzlainfo.ba\/index.php\/wp-json\/wp\/v2\/comments?post=142706"}],"version-history":[{"count":0,"href":"https:\/\/tuzlainfo.ba\/index.php\/wp-json\/wp\/v2\/posts\/142706\/revisions"}],"wp:featuredmedia":[{"embeddable":true,"href":"https:\/\/tuzlainfo.ba\/index.php\/wp-json\/wp\/v2\/media\/142707"}],"wp:attachment":[{"href":"https:\/\/tuzlainfo.ba\/index.php\/wp-json\/wp\/v2\/media?parent=142706"}],"wp:term":[{"taxonomy":"category","embeddable":true,"href":"https:\/\/tuzlainfo.ba\/index.php\/wp-json\/wp\/v2\/categories?post=142706"},{"taxonomy":"post_tag","embeddable":true,"href":"https:\/\/tuzlainfo.ba\/index.php\/wp-json\/wp\/v2\/tags?post=142706"}],"curies":[{"name":"wp","href":"https:\/\/api.w.org\/{rel}","templated":true}]}}