{"id":142660,"date":"2021-07-23T08:20:06","date_gmt":"2021-07-23T06:20:06","guid":{"rendered":"https:\/\/tuzlainfo.ba\/?p=142660"},"modified":"2021-07-23T08:20:06","modified_gmt":"2021-07-23T06:20:06","slug":"smanjenje-zagadjenosti-zraka-u-tk-objavljeni-termini-za-potpisivanje-ugovora-sa-podnosiocima-prijava","status":"publish","type":"post","link":"https:\/\/tuzlainfo.ba\/index.php\/novosti\/item\/142660-smanjenje-zagadjenosti-zraka-u-tk-objavljeni-termini-za-potpisivanje-ugovora-sa-podnosiocima-prijava\/","title":{"rendered":"Smanjenje zaga\u0111enosti zraka u TK: Objavljeni termini za potpisivanje ugovora sa podnosiocima prijava"},"content":{"rendered":"<div class=\"item-page clearfix\">\n<p>Ministarstvo prostornog ure\u0111enja i za\u0161tite okolice Tuzlanskog kantona poziva podnosioce prijava koji su ispunili uslove iz Javnog poziva za sufinansiranje mjera smanjenja zaga\u0111enosti zraka na podru\u010dju TK za 2021. godinu, da mogu do\u0107i na potpisivanje Ugovora sa Ministarstvom u zgradu Vlade Kantona (Rudarska 65, Tuzla), i to prema spisku objavljenom na web stranici\u00a0<a href=\"http:\/\/www.tk.kim.ba\/javni-pozivi-mpuzo\/8483-konacne-liste-sufinasiranje-zagadjenosti-mpuzo-22072021\" target=\"_blank\" rel=\"noopener\">http:\/\/www.vladatk.kim.ba\/javni-pozivi-mpuzo-kona\u010dna lista<\/a>, i to:<\/p>\n<p>-podnosioci prijava od rednog broja 1. do 60., dana 26.07.2021. godine;<br \/>\n-podnosioci prijava od rednog broja 61. do 120., dana 27.07.2021. godine;<br \/>\n-podnosioci prijava od rednog broja 121. do 180., dana 28.07.2021. godine;<br \/>\n-podnosioci prijava od rednog broja 181. do 240., dana 29.07.2021. godine;<br \/>\n-podnosioci prijava od rednog broja 241. do 306., dana 30.07.2021. godine;<\/p>\n<p>u vremenskom periodu od 08.00 do 10.00 sati i 11.00 do 13.00 sati.<\/p>\n<p>Podnosioci prijava koji budu sprije\u010deni da do\u0111u u nazna\u010denom terminu, mogu pristupiti u nekom od narednih termina.<\/p>\n<\/div>\n<div class=\"item-page clearfix\">\n<p>Podnosioci prijava koji nisu dostavili kopiju dokumenta od banke na kojem je vidljiv broj bankovnog ra\u010duna na koji \u0107e se izvr\u0161iti uplata sredstava i naziv banke, potrebno je istu da dostave na dan potpisivanja ugovora.<\/p>\n<p>Podnosioci prijava su du\u017eni da se prilikom dolaska na potpisivanje Ugovora pridr\u017eavaju va\u017ee\u0107ih epidemiolo\u0161kih mjera.<\/p>\n<\/div>\n","protected":false},"excerpt":{"rendered":"<p>Ministarstvo prostornog ure\u0111enja i za\u0161tite okolice Tuzlanskog kantona poziva podnosioce prijava koji su ispunili uslove iz Javnog poziva za sufinansiranje mjera smanjenja zaga\u0111enosti zraka na podru\u010dju TK za 2021. godinu, da mogu do\u0107i na potpisivanje Ugovora sa Ministarstvom u zgradu Vlade Kantona (Rudarska 65, Tuzla), i to prema spisku objavljenom na web stranici\u00a0http:\/\/www.vladatk.kim.ba\/javni-pozivi-mpuzo-kona\u010dna lista, i [&hellip;]<\/p>\n","protected":false},"author":4,"featured_media":76901,"comment_status":"open","ping_status":"closed","sticky":false,"template":"","format":"standard","meta":{"footnotes":""},"categories":[304,12],"tags":[792,1939],"class_list":["post-142660","post","type-post","status-publish","format-standard","has-post-thumbnail","hentry","category-istaknuto","category-novosti","tag-javni-poziv","tag-smanjenje-zagadjenosti-zraka"],"yoast_head":"<!-- This site is optimized with the Yoast SEO plugin v28.4 - https:\/\/yoast.com\/product\/yoast-seo-wordpress\/ -->\n<title>Smanjenje zaga\u0111enosti zraka u TK: Objavljeni termini za potpisivanje ugovora sa podnosiocima prijava<\/title>\n<meta name=\"robots\" content=\"index, follow, max-snippet:-1, max-image-preview:large, max-video-preview:-1\" \/>\n<link rel=\"canonical\" href=\"https:\/\/tuzlainfo.ba\/index.php\/novosti\/item\/142660-smanjenje-zagadjenosti-zraka-u-tk-objavljeni-termini-za-potpisivanje-ugovora-sa-podnosiocima-prijava\/\" \/>\n<meta property=\"og:locale\" content=\"bs_BA\" \/>\n<meta property=\"og:type\" content=\"article\" \/>\n<meta property=\"og:title\" content=\"Smanjenje zaga\u0111enosti zraka u TK: Objavljeni termini za potpisivanje ugovora sa podnosiocima prijava\" \/>\n<meta property=\"og:description\" content=\"Ministarstvo prostornog ure\u0111enja i za\u0161tite okolice Tuzlanskog kantona poziva podnosioce prijava koji su ispunili uslove iz Javnog poziva za sufinansiranje mjera smanjenja zaga\u0111enosti zraka na podru\u010dju TK za 2021. godinu, da mogu do\u0107i na potpisivanje Ugovora sa Ministarstvom u zgradu Vlade Kantona (Rudarska 65, Tuzla), i to prema spisku objavljenom na web stranici\u00a0http:\/\/www.vladatk.kim.ba\/javni-pozivi-mpuzo-kona\u010dna lista, i [&hellip;]\" \/>\n<meta property=\"og:url\" content=\"https:\/\/tuzlainfo.ba\/index.php\/novosti\/item\/142660-smanjenje-zagadjenosti-zraka-u-tk-objavljeni-termini-za-potpisivanje-ugovora-sa-podnosiocima-prijava\/\" \/>\n<meta property=\"og:site_name\" content=\"TuzlaInfo.ba\" \/>\n<meta property=\"article:publisher\" content=\"https:\/\/www.facebook.com\/tuzlainfo.ba\/\" \/>\n<meta property=\"article:published_time\" content=\"2021-07-23T06:20:06+00:00\" \/>\n<meta property=\"og:image\" content=\"https:\/\/tuzlainfo.ba\/wp-content\/uploads\/2020\/02\/sadrzaj_2017_201701_Instutucije_1402_vladatkgovba.JPG\" \/>\n\t<meta property=\"og:image:width\" content=\"770\" \/>\n\t<meta property=\"og:image:height\" content=\"537\" \/>\n\t<meta property=\"og:image:type\" content=\"image\/jpeg\" \/>\n<meta name=\"author\" content=\"Tuzla Info\" \/>\n<meta name=\"twitter:card\" content=\"summary_large_image\" \/>\n<meta name=\"twitter:label1\" content=\"Written by\" \/>\n\t<meta name=\"twitter:data1\" content=\"Tuzla Info\" \/>\n\t<meta name=\"twitter:label2\" content=\"Est. reading time\" \/>\n\t<meta name=\"twitter:data2\" content=\"1 minuta\" \/>\n<script type=\"application\/ld+json\" class=\"yoast-schema-graph\">{\"@context\":\"https:\\\/\\\/schema.org\",\"@graph\":[{\"@type\":\"Article\",\"@id\":\"https:\\\/\\\/tuzlainfo.ba\\\/index.php\\\/novosti\\\/item\\\/142660-smanjenje-zagadjenosti-zraka-u-tk-objavljeni-termini-za-potpisivanje-ugovora-sa-podnosiocima-prijava\\\/#article\",\"isPartOf\":{\"@id\":\"https:\\\/\\\/tuzlainfo.ba\\\/index.php\\\/novosti\\\/item\\\/142660-smanjenje-zagadjenosti-zraka-u-tk-objavljeni-termini-za-potpisivanje-ugovora-sa-podnosiocima-prijava\\\/\"},\"author\":{\"name\":\"Tuzla Info\",\"@id\":\"https:\\\/\\\/tuzlainfo.ba\\\/#\\\/schema\\\/person\\\/46cad4c57790cbc50781edd14870825a\"},\"headline\":\"Smanjenje zaga\u0111enosti zraka u TK: Objavljeni termini za potpisivanje ugovora sa podnosiocima prijava\",\"datePublished\":\"2021-07-23T06:20:06+00:00\",\"mainEntityOfPage\":{\"@id\":\"https:\\\/\\\/tuzlainfo.ba\\\/index.php\\\/novosti\\\/item\\\/142660-smanjenje-zagadjenosti-zraka-u-tk-objavljeni-termini-za-potpisivanje-ugovora-sa-podnosiocima-prijava\\\/\"},\"wordCount\":206,\"commentCount\":0,\"publisher\":{\"@id\":\"https:\\\/\\\/tuzlainfo.ba\\\/#organization\"},\"image\":{\"@id\":\"https:\\\/\\\/tuzlainfo.ba\\\/index.php\\\/novosti\\\/item\\\/142660-smanjenje-zagadjenosti-zraka-u-tk-objavljeni-termini-za-potpisivanje-ugovora-sa-podnosiocima-prijava\\\/#primaryimage\"},\"thumbnailUrl\":\"https:\\\/\\\/tuzlainfo.ba\\\/wp-content\\\/uploads\\\/2020\\\/02\\\/sadrzaj_2017_201701_Instutucije_1402_vladatkgovba.JPG\",\"keywords\":[\"javni poziv\",\"smanjenje zaga\u0111enosti zraka\"],\"articleSection\":[\"Istaknuto\",\"Novosti\"],\"inLanguage\":\"bs-BA\",\"copyrightYear\":\"2021\",\"copyrightHolder\":{\"@id\":\"https:\\\/\\\/tuzlainfo.ba\\\/#organization\"}},{\"@type\":\"WebPage\",\"@id\":\"https:\\\/\\\/tuzlainfo.ba\\\/index.php\\\/novosti\\\/item\\\/142660-smanjenje-zagadjenosti-zraka-u-tk-objavljeni-termini-za-potpisivanje-ugovora-sa-podnosiocima-prijava\\\/\",\"url\":\"https:\\\/\\\/tuzlainfo.ba\\\/index.php\\\/novosti\\\/item\\\/142660-smanjenje-zagadjenosti-zraka-u-tk-objavljeni-termini-za-potpisivanje-ugovora-sa-podnosiocima-prijava\\\/\",\"name\":\"Smanjenje zaga\u0111enosti zraka u TK: Objavljeni termini za potpisivanje ugovora sa podnosiocima prijava\",\"isPartOf\":{\"@id\":\"https:\\\/\\\/tuzlainfo.ba\\\/#website\"},\"primaryImageOfPage\":{\"@id\":\"https:\\\/\\\/tuzlainfo.ba\\\/index.php\\\/novosti\\\/item\\\/142660-smanjenje-zagadjenosti-zraka-u-tk-objavljeni-termini-za-potpisivanje-ugovora-sa-podnosiocima-prijava\\\/#primaryimage\"},\"image\":{\"@id\":\"https:\\\/\\\/tuzlainfo.ba\\\/index.php\\\/novosti\\\/item\\\/142660-smanjenje-zagadjenosti-zraka-u-tk-objavljeni-termini-za-potpisivanje-ugovora-sa-podnosiocima-prijava\\\/#primaryimage\"},\"thumbnailUrl\":\"https:\\\/\\\/tuzlainfo.ba\\\/wp-content\\\/uploads\\\/2020\\\/02\\\/sadrzaj_2017_201701_Instutucije_1402_vladatkgovba.JPG\",\"datePublished\":\"2021-07-23T06:20:06+00:00\",\"breadcrumb\":{\"@id\":\"https:\\\/\\\/tuzlainfo.ba\\\/index.php\\\/novosti\\\/item\\\/142660-smanjenje-zagadjenosti-zraka-u-tk-objavljeni-termini-za-potpisivanje-ugovora-sa-podnosiocima-prijava\\\/#breadcrumb\"},\"inLanguage\":\"bs-BA\",\"potentialAction\":[{\"@type\":\"ReadAction\",\"target\":[\"https:\\\/\\\/tuzlainfo.ba\\\/index.php\\\/novosti\\\/item\\\/142660-smanjenje-zagadjenosti-zraka-u-tk-objavljeni-termini-za-potpisivanje-ugovora-sa-podnosiocima-prijava\\\/\"]}]},{\"@type\":\"ImageObject\",\"inLanguage\":\"bs-BA\",\"@id\":\"https:\\\/\\\/tuzlainfo.ba\\\/index.php\\\/novosti\\\/item\\\/142660-smanjenje-zagadjenosti-zraka-u-tk-objavljeni-termini-za-potpisivanje-ugovora-sa-podnosiocima-prijava\\\/#primaryimage\",\"url\":\"https:\\\/\\\/tuzlainfo.ba\\\/wp-content\\\/uploads\\\/2020\\\/02\\\/sadrzaj_2017_201701_Instutucije_1402_vladatkgovba.JPG\",\"contentUrl\":\"https:\\\/\\\/tuzlainfo.ba\\\/wp-content\\\/uploads\\\/2020\\\/02\\\/sadrzaj_2017_201701_Instutucije_1402_vladatkgovba.JPG\",\"width\":770,\"height\":537,\"caption\":\"1402 vladatkgovba\"},{\"@type\":\"BreadcrumbList\",\"@id\":\"https:\\\/\\\/tuzlainfo.ba\\\/index.php\\\/novosti\\\/item\\\/142660-smanjenje-zagadjenosti-zraka-u-tk-objavljeni-termini-za-potpisivanje-ugovora-sa-podnosiocima-prijava\\\/#breadcrumb\",\"itemListElement\":[{\"@type\":\"ListItem\",\"position\":1,\"name\":\"Home\",\"item\":\"https:\\\/\\\/tuzlainfo.ba\\\/\"},{\"@type\":\"ListItem\",\"position\":2,\"name\":\"Smanjenje zaga\u0111enosti zraka u TK: Objavljeni termini za potpisivanje ugovora sa podnosiocima prijava\"}]},{\"@type\":\"WebSite\",\"@id\":\"https:\\\/\\\/tuzlainfo.ba\\\/#website\",\"url\":\"https:\\\/\\\/tuzlainfo.ba\\\/\",\"name\":\"TuzlaInfo.ba\",\"description\":\"Tuzla info, gradski informator - Tuzla na dlanu\",\"publisher\":{\"@id\":\"https:\\\/\\\/tuzlainfo.ba\\\/#organization\"},\"potentialAction\":[{\"@type\":\"SearchAction\",\"target\":{\"@type\":\"EntryPoint\",\"urlTemplate\":\"https:\\\/\\\/tuzlainfo.ba\\\/?s={search_term_string}\"},\"query-input\":{\"@type\":\"PropertyValueSpecification\",\"valueRequired\":true,\"valueName\":\"search_term_string\"}}],\"inLanguage\":\"bs-BA\"},{\"@type\":\"Organization\",\"@id\":\"https:\\\/\\\/tuzlainfo.ba\\\/#organization\",\"name\":\"TuzlaInfo.ba\",\"url\":\"https:\\\/\\\/tuzlainfo.ba\\\/\",\"logo\":{\"@type\":\"ImageObject\",\"inLanguage\":\"bs-BA\",\"@id\":\"https:\\\/\\\/tuzlainfo.ba\\\/#\\\/schema\\\/logo\\\/image\\\/\",\"url\":\"https:\\\/\\\/tuzlainfo.ba\\\/wp-content\\\/uploads\\\/2021\\\/03\\\/logo-ver-3-1.png\",\"contentUrl\":\"https:\\\/\\\/tuzlainfo.ba\\\/wp-content\\\/uploads\\\/2021\\\/03\\\/logo-ver-3-1.png\",\"width\":350,\"height\":95,\"caption\":\"TuzlaInfo.ba\"},\"image\":{\"@id\":\"https:\\\/\\\/tuzlainfo.ba\\\/#\\\/schema\\\/logo\\\/image\\\/\"},\"sameAs\":[\"https:\\\/\\\/www.facebook.com\\\/tuzlainfo.ba\\\/\"]},{\"@type\":\"Person\",\"@id\":\"https:\\\/\\\/tuzlainfo.ba\\\/#\\\/schema\\\/person\\\/46cad4c57790cbc50781edd14870825a\",\"name\":\"Tuzla Info\",\"image\":{\"@type\":\"ImageObject\",\"inLanguage\":\"bs-BA\",\"@id\":\"https:\\\/\\\/secure.gravatar.com\\\/avatar\\\/e980921b00fa2e552723a2386544734ce6885d2b2304ccca3f45186f9ca4031d?s=96&d=mm&r=g\",\"url\":\"https:\\\/\\\/secure.gravatar.com\\\/avatar\\\/e980921b00fa2e552723a2386544734ce6885d2b2304ccca3f45186f9ca4031d?s=96&d=mm&r=g\",\"contentUrl\":\"https:\\\/\\\/secure.gravatar.com\\\/avatar\\\/e980921b00fa2e552723a2386544734ce6885d2b2304ccca3f45186f9ca4031d?s=96&d=mm&r=g\",\"caption\":\"Tuzla Info\"}}]}<\/script>\n<!-- \/ Yoast SEO plugin. -->","yoast_head_json":{"title":"Smanjenje zaga\u0111enosti zraka u TK: Objavljeni termini za potpisivanje ugovora sa podnosiocima prijava","robots":{"index":"index","follow":"follow","max-snippet":"max-snippet:-1","max-image-preview":"max-image-preview:large","max-video-preview":"max-video-preview:-1"},"canonical":"https:\/\/tuzlainfo.ba\/index.php\/novosti\/item\/142660-smanjenje-zagadjenosti-zraka-u-tk-objavljeni-termini-za-potpisivanje-ugovora-sa-podnosiocima-prijava\/","og_locale":"bs_BA","og_type":"article","og_title":"Smanjenje zaga\u0111enosti zraka u TK: Objavljeni termini za potpisivanje ugovora sa podnosiocima prijava","og_description":"Ministarstvo prostornog ure\u0111enja i za\u0161tite okolice Tuzlanskog kantona poziva podnosioce prijava koji su ispunili uslove iz Javnog poziva za sufinansiranje mjera smanjenja zaga\u0111enosti zraka na podru\u010dju TK za 2021. godinu, da mogu do\u0107i na potpisivanje Ugovora sa Ministarstvom u zgradu Vlade Kantona (Rudarska 65, Tuzla), i to prema spisku objavljenom na web stranici\u00a0http:\/\/www.vladatk.kim.ba\/javni-pozivi-mpuzo-kona\u010dna lista, i [&hellip;]","og_url":"https:\/\/tuzlainfo.ba\/index.php\/novosti\/item\/142660-smanjenje-zagadjenosti-zraka-u-tk-objavljeni-termini-za-potpisivanje-ugovora-sa-podnosiocima-prijava\/","og_site_name":"TuzlaInfo.ba","article_publisher":"https:\/\/www.facebook.com\/tuzlainfo.ba\/","article_published_time":"2021-07-23T06:20:06+00:00","og_image":[{"width":770,"height":537,"url":"https:\/\/tuzlainfo.ba\/wp-content\/uploads\/2020\/02\/sadrzaj_2017_201701_Instutucije_1402_vladatkgovba.JPG","type":"image\/jpeg"}],"author":"Tuzla Info","twitter_card":"summary_large_image","twitter_misc":{"Written by":"Tuzla Info","Est. reading time":"1 minuta"},"schema":{"@context":"https:\/\/schema.org","@graph":[{"@type":"Article","@id":"https:\/\/tuzlainfo.ba\/index.php\/novosti\/item\/142660-smanjenje-zagadjenosti-zraka-u-tk-objavljeni-termini-za-potpisivanje-ugovora-sa-podnosiocima-prijava\/#article","isPartOf":{"@id":"https:\/\/tuzlainfo.ba\/index.php\/novosti\/item\/142660-smanjenje-zagadjenosti-zraka-u-tk-objavljeni-termini-za-potpisivanje-ugovora-sa-podnosiocima-prijava\/"},"author":{"name":"Tuzla Info","@id":"https:\/\/tuzlainfo.ba\/#\/schema\/person\/46cad4c57790cbc50781edd14870825a"},"headline":"Smanjenje zaga\u0111enosti zraka u TK: Objavljeni termini za potpisivanje ugovora sa podnosiocima prijava","datePublished":"2021-07-23T06:20:06+00:00","mainEntityOfPage":{"@id":"https:\/\/tuzlainfo.ba\/index.php\/novosti\/item\/142660-smanjenje-zagadjenosti-zraka-u-tk-objavljeni-termini-za-potpisivanje-ugovora-sa-podnosiocima-prijava\/"},"wordCount":206,"commentCount":0,"publisher":{"@id":"https:\/\/tuzlainfo.ba\/#organization"},"image":{"@id":"https:\/\/tuzlainfo.ba\/index.php\/novosti\/item\/142660-smanjenje-zagadjenosti-zraka-u-tk-objavljeni-termini-za-potpisivanje-ugovora-sa-podnosiocima-prijava\/#primaryimage"},"thumbnailUrl":"https:\/\/tuzlainfo.ba\/wp-content\/uploads\/2020\/02\/sadrzaj_2017_201701_Instutucije_1402_vladatkgovba.JPG","keywords":["javni poziv","smanjenje zaga\u0111enosti zraka"],"articleSection":["Istaknuto","Novosti"],"inLanguage":"bs-BA","copyrightYear":"2021","copyrightHolder":{"@id":"https:\/\/tuzlainfo.ba\/#organization"}},{"@type":"WebPage","@id":"https:\/\/tuzlainfo.ba\/index.php\/novosti\/item\/142660-smanjenje-zagadjenosti-zraka-u-tk-objavljeni-termini-za-potpisivanje-ugovora-sa-podnosiocima-prijava\/","url":"https:\/\/tuzlainfo.ba\/index.php\/novosti\/item\/142660-smanjenje-zagadjenosti-zraka-u-tk-objavljeni-termini-za-potpisivanje-ugovora-sa-podnosiocima-prijava\/","name":"Smanjenje zaga\u0111enosti zraka u TK: Objavljeni termini za potpisivanje ugovora sa podnosiocima prijava","isPartOf":{"@id":"https:\/\/tuzlainfo.ba\/#website"},"primaryImageOfPage":{"@id":"https:\/\/tuzlainfo.ba\/index.php\/novosti\/item\/142660-smanjenje-zagadjenosti-zraka-u-tk-objavljeni-termini-za-potpisivanje-ugovora-sa-podnosiocima-prijava\/#primaryimage"},"image":{"@id":"https:\/\/tuzlainfo.ba\/index.php\/novosti\/item\/142660-smanjenje-zagadjenosti-zraka-u-tk-objavljeni-termini-za-potpisivanje-ugovora-sa-podnosiocima-prijava\/#primaryimage"},"thumbnailUrl":"https:\/\/tuzlainfo.ba\/wp-content\/uploads\/2020\/02\/sadrzaj_2017_201701_Instutucije_1402_vladatkgovba.JPG","datePublished":"2021-07-23T06:20:06+00:00","breadcrumb":{"@id":"https:\/\/tuzlainfo.ba\/index.php\/novosti\/item\/142660-smanjenje-zagadjenosti-zraka-u-tk-objavljeni-termini-za-potpisivanje-ugovora-sa-podnosiocima-prijava\/#breadcrumb"},"inLanguage":"bs-BA","potentialAction":[{"@type":"ReadAction","target":["https:\/\/tuzlainfo.ba\/index.php\/novosti\/item\/142660-smanjenje-zagadjenosti-zraka-u-tk-objavljeni-termini-za-potpisivanje-ugovora-sa-podnosiocima-prijava\/"]}]},{"@type":"ImageObject","inLanguage":"bs-BA","@id":"https:\/\/tuzlainfo.ba\/index.php\/novosti\/item\/142660-smanjenje-zagadjenosti-zraka-u-tk-objavljeni-termini-za-potpisivanje-ugovora-sa-podnosiocima-prijava\/#primaryimage","url":"https:\/\/tuzlainfo.ba\/wp-content\/uploads\/2020\/02\/sadrzaj_2017_201701_Instutucije_1402_vladatkgovba.JPG","contentUrl":"https:\/\/tuzlainfo.ba\/wp-content\/uploads\/2020\/02\/sadrzaj_2017_201701_Instutucije_1402_vladatkgovba.JPG","width":770,"height":537,"caption":"1402 vladatkgovba"},{"@type":"BreadcrumbList","@id":"https:\/\/tuzlainfo.ba\/index.php\/novosti\/item\/142660-smanjenje-zagadjenosti-zraka-u-tk-objavljeni-termini-za-potpisivanje-ugovora-sa-podnosiocima-prijava\/#breadcrumb","itemListElement":[{"@type":"ListItem","position":1,"name":"Home","item":"https:\/\/tuzlainfo.ba\/"},{"@type":"ListItem","position":2,"name":"Smanjenje zaga\u0111enosti zraka u TK: Objavljeni termini za potpisivanje ugovora sa podnosiocima prijava"}]},{"@type":"WebSite","@id":"https:\/\/tuzlainfo.ba\/#website","url":"https:\/\/tuzlainfo.ba\/","name":"TuzlaInfo.ba","description":"Tuzla info, gradski informator - Tuzla na dlanu","publisher":{"@id":"https:\/\/tuzlainfo.ba\/#organization"},"potentialAction":[{"@type":"SearchAction","target":{"@type":"EntryPoint","urlTemplate":"https:\/\/tuzlainfo.ba\/?s={search_term_string}"},"query-input":{"@type":"PropertyValueSpecification","valueRequired":true,"valueName":"search_term_string"}}],"inLanguage":"bs-BA"},{"@type":"Organization","@id":"https:\/\/tuzlainfo.ba\/#organization","name":"TuzlaInfo.ba","url":"https:\/\/tuzlainfo.ba\/","logo":{"@type":"ImageObject","inLanguage":"bs-BA","@id":"https:\/\/tuzlainfo.ba\/#\/schema\/logo\/image\/","url":"https:\/\/tuzlainfo.ba\/wp-content\/uploads\/2021\/03\/logo-ver-3-1.png","contentUrl":"https:\/\/tuzlainfo.ba\/wp-content\/uploads\/2021\/03\/logo-ver-3-1.png","width":350,"height":95,"caption":"TuzlaInfo.ba"},"image":{"@id":"https:\/\/tuzlainfo.ba\/#\/schema\/logo\/image\/"},"sameAs":["https:\/\/www.facebook.com\/tuzlainfo.ba\/"]},{"@type":"Person","@id":"https:\/\/tuzlainfo.ba\/#\/schema\/person\/46cad4c57790cbc50781edd14870825a","name":"Tuzla Info","image":{"@type":"ImageObject","inLanguage":"bs-BA","@id":"https:\/\/secure.gravatar.com\/avatar\/e980921b00fa2e552723a2386544734ce6885d2b2304ccca3f45186f9ca4031d?s=96&d=mm&r=g","url":"https:\/\/secure.gravatar.com\/avatar\/e980921b00fa2e552723a2386544734ce6885d2b2304ccca3f45186f9ca4031d?s=96&d=mm&r=g","contentUrl":"https:\/\/secure.gravatar.com\/avatar\/e980921b00fa2e552723a2386544734ce6885d2b2304ccca3f45186f9ca4031d?s=96&d=mm&r=g","caption":"Tuzla Info"}}]}},"_links":{"self":[{"href":"https:\/\/tuzlainfo.ba\/index.php\/wp-json\/wp\/v2\/posts\/142660","targetHints":{"allow":["GET"]}}],"collection":[{"href":"https:\/\/tuzlainfo.ba\/index.php\/wp-json\/wp\/v2\/posts"}],"about":[{"href":"https:\/\/tuzlainfo.ba\/index.php\/wp-json\/wp\/v2\/types\/post"}],"author":[{"embeddable":true,"href":"https:\/\/tuzlainfo.ba\/index.php\/wp-json\/wp\/v2\/users\/4"}],"replies":[{"embeddable":true,"href":"https:\/\/tuzlainfo.ba\/index.php\/wp-json\/wp\/v2\/comments?post=142660"}],"version-history":[{"count":0,"href":"https:\/\/tuzlainfo.ba\/index.php\/wp-json\/wp\/v2\/posts\/142660\/revisions"}],"wp:featuredmedia":[{"embeddable":true,"href":"https:\/\/tuzlainfo.ba\/index.php\/wp-json\/wp\/v2\/media\/76901"}],"wp:attachment":[{"href":"https:\/\/tuzlainfo.ba\/index.php\/wp-json\/wp\/v2\/media?parent=142660"}],"wp:term":[{"taxonomy":"category","embeddable":true,"href":"https:\/\/tuzlainfo.ba\/index.php\/wp-json\/wp\/v2\/categories?post=142660"},{"taxonomy":"post_tag","embeddable":true,"href":"https:\/\/tuzlainfo.ba\/index.php\/wp-json\/wp\/v2\/tags?post=142660"}],"curies":[{"name":"wp","href":"https:\/\/api.w.org\/{rel}","templated":true}]}}