{"id":142443,"date":"2021-07-20T17:53:24","date_gmt":"2021-07-20T15:53:24","guid":{"rendered":"https:\/\/tuzlainfo.ba\/?p=142443"},"modified":"2021-07-20T17:54:07","modified_gmt":"2021-07-20T15:54:07","slug":"izetbegovic-porucio-iz-kozarca-sehidska-krv-i-istina-sacuvat-ce-bih-od-stvaranja-srpskih-svjetova","status":"publish","type":"post","link":"https:\/\/tuzlainfo.ba\/index.php\/bosna-i-hercegovina\/item\/142443-izetbegovic-porucio-iz-kozarca-sehidska-krv-i-istina-sacuvat-ce-bih-od-stvaranja-srpskih-svjetova\/","title":{"rendered":"Izetbegovi\u0107 poru\u010dio iz Kozarca: \u0160ehidska krv i istina sa\u010duvat \u0107e BiH od stvaranja &#8220;srpskih svjetova&#8221;"},"content":{"rendered":"<p>Bakir Izetbegovi\u0107, lider SDA, iz Kozarca kod Prijedora poru\u010dio je da \u0107e \u0161ehidska krv i istina o\u010duvati BiH od stvaranja &#8220;srpskih svjetova&#8221; i podjela zemlje.<\/p>\n<p>Izetbegovi\u0107, koji je prisustvovao kolektivnoj d\u017eenazi 12 \u017ertava u Memorijalnom centru Kami\u010dani, rekao je da Bo\u0161njaci ne smiju biti slabi \u2013 \u201cjer slabost \u0107e ohrabriti agresiju.\u201d<\/p>\n<p>&#8211; Dobro je govoriti o procesu pomirenja, pra\u0161tanju, ali prije treba govoriti o svijesti \u0161ta se desilo i snazi koju Bo\u0161njaci moraju imati da im se te stvari ne bi ponovile. Ako bi bili slabi, podijeljeni, ako bude puno onih koji imaju podani\u010dki refleks, mogu nam se ponoviti istve stvari koje smo pre\u017eivjeli prije nekoliko decenija \u2013 izjavio je Izetbegovi\u0107 u Kozarcu kraj Prijedora.<\/p>\n<p>Snaga i sloga me\u0111u Bo\u0161njacima, neka pra\u0161taju oni koji to \u017eele. Nikada ne smijemo dopustiti da se relativizira istina o onome \u0161to se dogodilo. \u0160ehidska krv i istina \u0107e o\u010duvati BiH od poku\u0161aja stvaranja nekakvih srpskih svjetova, podjela zemlje \u2013 dodao je on.<\/p>\n<p>Izetbegovi\u0107 je poru\u010dio da se nipo\u0161to ne smije dozvoliti relativiziranje zlo\u010doina i istine o genocidu.<\/p>\n<p>&#8211; Da se ne izjedna\u010davaju strane i pri\u010da o nekakvom nesretnom sukobu. To nije bio sukob, to je bila agresija na BiH\u201d, rekao je Izetbegovi\u0107, dodav\u0161i da je \u201csrpski svijet drugo ime za veliku Srbiju.<\/p>\n<p>&#8211; O\u010dekujemo od predsjednika Vu\u010di\u0107a da ne dopu\u0161ta takve stvari i da ne \u0161uti dok se izgovaraju. Koga su zmije ujedale, on se i gu\u0161tera boji. Nas to treba da osvijesti da radimo na tome da budemo sna\u017eni i oprezni, da ne dopustimo slabost koja \u0107e ohrabriti agresiju \u2013 zaklju\u010dio je Izetbegovi\u0107.<\/p>\n<p>Podsjetimo, u Memorijalnom centru Kami\u010dani u Kozarcu kod Prijedora klanjana je 25. kolektivna d\u017eenaza i ukopano 12 \u017ertava, javlja N1.<\/p>\n<p>Programu u znak sje\u0107anja na ubijene Prijedor\u010dane je prisustvovalo veliki broj gra\u0111ana, kao i najvi\u0161i zvani\u010dnici Bosne i Hercegovine i Islamske zajednice (IZ) u BiH, a kolektivnu d\u017eenazu predvodio je reisu-l-ulema IZ Husein ef. Kavazovi\u0107.<\/p>\n","protected":false},"excerpt":{"rendered":"<p>Bakir Izetbegovi\u0107, lider SDA, iz Kozarca kod Prijedora poru\u010dio je da \u0107e \u0161ehidska krv i&hellip;<\/p>\n","protected":false},"author":2,"featured_media":86990,"comment_status":"open","ping_status":"closed","sticky":false,"template":"","format":"standard","meta":{"_acf_changed":false,"footnotes":""},"categories":[291],"tags":[1370],"acf":[],"yoast_head":"<!-- This site is optimized with the Yoast SEO plugin v23.5 - https:\/\/yoast.com\/wordpress\/plugins\/seo\/ -->\n<title>Izetbegovi\u0107 poru\u010dio iz Kozarca: \u0160ehidska krv i istina sa\u010duvat \u0107e BiH od stvaranja &quot;srpskih svjetova&quot; - TuzlaInfo.ba<\/title>\n<meta name=\"robots\" content=\"index, follow, max-snippet:-1, max-image-preview:large, max-video-preview:-1\" \/>\n<link rel=\"canonical\" href=\"https:\/\/tuzlainfo.ba\/index.php\/bosna-i-hercegovina\/item\/142443-izetbegovic-porucio-iz-kozarca-sehidska-krv-i-istina-sacuvat-ce-bih-od-stvaranja-srpskih-svjetova\/\" \/>\n<meta property=\"og:locale\" content=\"bs_BA\" \/>\n<meta property=\"og:type\" content=\"article\" \/>\n<meta property=\"og:title\" content=\"Izetbegovi\u0107 poru\u010dio iz Kozarca: \u0160ehidska krv i istina sa\u010duvat \u0107e BiH od stvaranja &quot;srpskih svjetova&quot; - TuzlaInfo.ba\" \/>\n<meta property=\"og:description\" content=\"Bakir Izetbegovi\u0107, lider SDA, iz Kozarca kod Prijedora poru\u010dio je da \u0107e \u0161ehidska krv i&hellip;\" \/>\n<meta property=\"og:url\" content=\"https:\/\/tuzlainfo.ba\/index.php\/bosna-i-hercegovina\/item\/142443-izetbegovic-porucio-iz-kozarca-sehidska-krv-i-istina-sacuvat-ce-bih-od-stvaranja-srpskih-svjetova\/\" \/>\n<meta property=\"og:site_name\" content=\"TuzlaInfo.ba\" \/>\n<meta property=\"article:publisher\" content=\"https:\/\/www.facebook.com\/tuzlainfo.ba\/\" \/>\n<meta property=\"article:published_time\" content=\"2021-07-20T15:53:24+00:00\" \/>\n<meta property=\"article:modified_time\" content=\"2021-07-20T15:54:07+00:00\" \/>\n<meta property=\"og:image\" content=\"https:\/\/tuzlainfo.ba\/wp-content\/uploads\/2021\/03\/sadrzaj_2021_20210301_0203_izetbegovic.jpg\" \/>\n\t<meta property=\"og:image:width\" content=\"770\" \/>\n\t<meta property=\"og:image:height\" content=\"462\" \/>\n\t<meta property=\"og:image:type\" content=\"image\/jpeg\" \/>\n<meta name=\"author\" content=\"nedim\" \/>\n<meta name=\"twitter:card\" content=\"summary_large_image\" \/>\n<meta name=\"twitter:label1\" content=\"Written by\" \/>\n\t<meta name=\"twitter:data1\" content=\"nedim\" \/>\n\t<meta name=\"twitter:label2\" content=\"Est. reading time\" \/>\n\t<meta name=\"twitter:data2\" content=\"2 minute\" \/>\n<script type=\"application\/ld+json\" class=\"yoast-schema-graph\">{\"@context\":\"https:\/\/schema.org\",\"@graph\":[{\"@type\":\"Article\",\"@id\":\"https:\/\/tuzlainfo.ba\/index.php\/bosna-i-hercegovina\/item\/142443-izetbegovic-porucio-iz-kozarca-sehidska-krv-i-istina-sacuvat-ce-bih-od-stvaranja-srpskih-svjetova\/#article\",\"isPartOf\":{\"@id\":\"https:\/\/tuzlainfo.ba\/index.php\/bosna-i-hercegovina\/item\/142443-izetbegovic-porucio-iz-kozarca-sehidska-krv-i-istina-sacuvat-ce-bih-od-stvaranja-srpskih-svjetova\/\"},\"author\":{\"name\":\"nedim\",\"@id\":\"https:\/\/tuzlainfo.ba\/#\/schema\/person\/f434e20dc27ea133923aab08451b7f7f\"},\"headline\":\"Izetbegovi\u0107 poru\u010dio iz Kozarca: \u0160ehidska krv i istina sa\u010duvat \u0107e BiH od stvaranja &#8220;srpskih svjetova&#8221;\",\"datePublished\":\"2021-07-20T15:53:24+00:00\",\"dateModified\":\"2021-07-20T15:54:07+00:00\",\"mainEntityOfPage\":{\"@id\":\"https:\/\/tuzlainfo.ba\/index.php\/bosna-i-hercegovina\/item\/142443-izetbegovic-porucio-iz-kozarca-sehidska-krv-i-istina-sacuvat-ce-bih-od-stvaranja-srpskih-svjetova\/\"},\"wordCount\":360,\"commentCount\":0,\"publisher\":{\"@id\":\"https:\/\/tuzlainfo.ba\/#organization\"},\"image\":{\"@id\":\"https:\/\/tuzlainfo.ba\/index.php\/bosna-i-hercegovina\/item\/142443-izetbegovic-porucio-iz-kozarca-sehidska-krv-i-istina-sacuvat-ce-bih-od-stvaranja-srpskih-svjetova\/#primaryimage\"},\"thumbnailUrl\":\"https:\/\/tuzlainfo.ba\/wp-content\/uploads\/2021\/03\/sadrzaj_2021_20210301_0203_izetbegovic.jpg\",\"keywords\":[\"bakir izetbegovi\u0107\"],\"articleSection\":[\"Bosna i Hercegovina\"],\"inLanguage\":\"bs-BA\"},{\"@type\":\"WebPage\",\"@id\":\"https:\/\/tuzlainfo.ba\/index.php\/bosna-i-hercegovina\/item\/142443-izetbegovic-porucio-iz-kozarca-sehidska-krv-i-istina-sacuvat-ce-bih-od-stvaranja-srpskih-svjetova\/\",\"url\":\"https:\/\/tuzlainfo.ba\/index.php\/bosna-i-hercegovina\/item\/142443-izetbegovic-porucio-iz-kozarca-sehidska-krv-i-istina-sacuvat-ce-bih-od-stvaranja-srpskih-svjetova\/\",\"name\":\"Izetbegovi\u0107 poru\u010dio iz Kozarca: \u0160ehidska krv i istina sa\u010duvat \u0107e BiH od stvaranja \\\"srpskih svjetova\\\" - TuzlaInfo.ba\",\"isPartOf\":{\"@id\":\"https:\/\/tuzlainfo.ba\/#website\"},\"primaryImageOfPage\":{\"@id\":\"https:\/\/tuzlainfo.ba\/index.php\/bosna-i-hercegovina\/item\/142443-izetbegovic-porucio-iz-kozarca-sehidska-krv-i-istina-sacuvat-ce-bih-od-stvaranja-srpskih-svjetova\/#primaryimage\"},\"image\":{\"@id\":\"https:\/\/tuzlainfo.ba\/index.php\/bosna-i-hercegovina\/item\/142443-izetbegovic-porucio-iz-kozarca-sehidska-krv-i-istina-sacuvat-ce-bih-od-stvaranja-srpskih-svjetova\/#primaryimage\"},\"thumbnailUrl\":\"https:\/\/tuzlainfo.ba\/wp-content\/uploads\/2021\/03\/sadrzaj_2021_20210301_0203_izetbegovic.jpg\",\"datePublished\":\"2021-07-20T15:53:24+00:00\",\"dateModified\":\"2021-07-20T15:54:07+00:00\",\"breadcrumb\":{\"@id\":\"https:\/\/tuzlainfo.ba\/index.php\/bosna-i-hercegovina\/item\/142443-izetbegovic-porucio-iz-kozarca-sehidska-krv-i-istina-sacuvat-ce-bih-od-stvaranja-srpskih-svjetova\/#breadcrumb\"},\"inLanguage\":\"bs-BA\",\"potentialAction\":[{\"@type\":\"ReadAction\",\"target\":[\"https:\/\/tuzlainfo.ba\/index.php\/bosna-i-hercegovina\/item\/142443-izetbegovic-porucio-iz-kozarca-sehidska-krv-i-istina-sacuvat-ce-bih-od-stvaranja-srpskih-svjetova\/\"]}]},{\"@type\":\"ImageObject\",\"inLanguage\":\"bs-BA\",\"@id\":\"https:\/\/tuzlainfo.ba\/index.php\/bosna-i-hercegovina\/item\/142443-izetbegovic-porucio-iz-kozarca-sehidska-krv-i-istina-sacuvat-ce-bih-od-stvaranja-srpskih-svjetova\/#primaryimage\",\"url\":\"https:\/\/tuzlainfo.ba\/wp-content\/uploads\/2021\/03\/sadrzaj_2021_20210301_0203_izetbegovic.jpg\",\"contentUrl\":\"https:\/\/tuzlainfo.ba\/wp-content\/uploads\/2021\/03\/sadrzaj_2021_20210301_0203_izetbegovic.jpg\",\"width\":770,\"height\":462,\"caption\":\"0203 izetbegovic\"},{\"@type\":\"BreadcrumbList\",\"@id\":\"https:\/\/tuzlainfo.ba\/index.php\/bosna-i-hercegovina\/item\/142443-izetbegovic-porucio-iz-kozarca-sehidska-krv-i-istina-sacuvat-ce-bih-od-stvaranja-srpskih-svjetova\/#breadcrumb\",\"itemListElement\":[{\"@type\":\"ListItem\",\"position\":1,\"name\":\"Home\",\"item\":\"https:\/\/tuzlainfo.ba\/\"},{\"@type\":\"ListItem\",\"position\":2,\"name\":\"Izetbegovi\u0107 poru\u010dio iz Kozarca: \u0160ehidska krv i istina sa\u010duvat \u0107e BiH od stvaranja &#8220;srpskih svjetova&#8221;\"}]},{\"@type\":\"WebSite\",\"@id\":\"https:\/\/tuzlainfo.ba\/#website\",\"url\":\"https:\/\/tuzlainfo.ba\/\",\"name\":\"TuzlaInfo.ba\",\"description\":\"Tuzla info, gradski informator - Tuzla na dlanu\",\"publisher\":{\"@id\":\"https:\/\/tuzlainfo.ba\/#organization\"},\"potentialAction\":[{\"@type\":\"SearchAction\",\"target\":{\"@type\":\"EntryPoint\",\"urlTemplate\":\"https:\/\/tuzlainfo.ba\/?s={search_term_string}\"},\"query-input\":{\"@type\":\"PropertyValueSpecification\",\"valueRequired\":true,\"valueName\":\"search_term_string\"}}],\"inLanguage\":\"bs-BA\"},{\"@type\":\"Organization\",\"@id\":\"https:\/\/tuzlainfo.ba\/#organization\",\"name\":\"TuzlaInfo.ba\",\"url\":\"https:\/\/tuzlainfo.ba\/\",\"logo\":{\"@type\":\"ImageObject\",\"inLanguage\":\"bs-BA\",\"@id\":\"https:\/\/tuzlainfo.ba\/#\/schema\/logo\/image\/\",\"url\":\"https:\/\/tuzlainfo.ba\/wp-content\/uploads\/2021\/03\/logo-ver-3-1.png\",\"contentUrl\":\"https:\/\/tuzlainfo.ba\/wp-content\/uploads\/2021\/03\/logo-ver-3-1.png\",\"width\":350,\"height\":95,\"caption\":\"TuzlaInfo.ba\"},\"image\":{\"@id\":\"https:\/\/tuzlainfo.ba\/#\/schema\/logo\/image\/\"},\"sameAs\":[\"https:\/\/www.facebook.com\/tuzlainfo.ba\/\"]},{\"@type\":\"Person\",\"@id\":\"https:\/\/tuzlainfo.ba\/#\/schema\/person\/f434e20dc27ea133923aab08451b7f7f\",\"name\":\"nedim\",\"image\":{\"@type\":\"ImageObject\",\"inLanguage\":\"bs-BA\",\"@id\":\"https:\/\/tuzlainfo.ba\/#\/schema\/person\/image\/\",\"url\":\"https:\/\/tuzlainfo.ba\/wp-content\/litespeed\/avatar\/aabad687af24844af817603ac1cbdc4f.jpg?ver=1777306975\",\"contentUrl\":\"https:\/\/tuzlainfo.ba\/wp-content\/litespeed\/avatar\/aabad687af24844af817603ac1cbdc4f.jpg?ver=1777306975\",\"caption\":\"nedim\"},\"description\":\"Tuzlainfo.ba pratite na dru\u0161tvenim mre\u017eama: Facebook, Instagram i Youtube. Svoje pri\u010de, upite i fotografije \u0161aljite na na\u0161u e-mail adresu.\"}]}<\/script>\n<!-- \/ Yoast SEO plugin. -->","yoast_head_json":{"title":"Izetbegovi\u0107 poru\u010dio iz Kozarca: \u0160ehidska krv i istina sa\u010duvat \u0107e BiH od stvaranja \"srpskih svjetova\" - TuzlaInfo.ba","robots":{"index":"index","follow":"follow","max-snippet":"max-snippet:-1","max-image-preview":"max-image-preview:large","max-video-preview":"max-video-preview:-1"},"canonical":"https:\/\/tuzlainfo.ba\/index.php\/bosna-i-hercegovina\/item\/142443-izetbegovic-porucio-iz-kozarca-sehidska-krv-i-istina-sacuvat-ce-bih-od-stvaranja-srpskih-svjetova\/","og_locale":"bs_BA","og_type":"article","og_title":"Izetbegovi\u0107 poru\u010dio iz Kozarca: \u0160ehidska krv i istina sa\u010duvat \u0107e BiH od stvaranja \"srpskih svjetova\" - TuzlaInfo.ba","og_description":"Bakir Izetbegovi\u0107, lider SDA, iz Kozarca kod Prijedora poru\u010dio je da \u0107e \u0161ehidska krv i&hellip;","og_url":"https:\/\/tuzlainfo.ba\/index.php\/bosna-i-hercegovina\/item\/142443-izetbegovic-porucio-iz-kozarca-sehidska-krv-i-istina-sacuvat-ce-bih-od-stvaranja-srpskih-svjetova\/","og_site_name":"TuzlaInfo.ba","article_publisher":"https:\/\/www.facebook.com\/tuzlainfo.ba\/","article_published_time":"2021-07-20T15:53:24+00:00","article_modified_time":"2021-07-20T15:54:07+00:00","og_image":[{"width":770,"height":462,"url":"https:\/\/tuzlainfo.ba\/wp-content\/uploads\/2021\/03\/sadrzaj_2021_20210301_0203_izetbegovic.jpg","type":"image\/jpeg"}],"author":"nedim","twitter_card":"summary_large_image","twitter_misc":{"Written by":"nedim","Est. reading time":"2 minute"},"schema":{"@context":"https:\/\/schema.org","@graph":[{"@type":"Article","@id":"https:\/\/tuzlainfo.ba\/index.php\/bosna-i-hercegovina\/item\/142443-izetbegovic-porucio-iz-kozarca-sehidska-krv-i-istina-sacuvat-ce-bih-od-stvaranja-srpskih-svjetova\/#article","isPartOf":{"@id":"https:\/\/tuzlainfo.ba\/index.php\/bosna-i-hercegovina\/item\/142443-izetbegovic-porucio-iz-kozarca-sehidska-krv-i-istina-sacuvat-ce-bih-od-stvaranja-srpskih-svjetova\/"},"author":{"name":"nedim","@id":"https:\/\/tuzlainfo.ba\/#\/schema\/person\/f434e20dc27ea133923aab08451b7f7f"},"headline":"Izetbegovi\u0107 poru\u010dio iz Kozarca: \u0160ehidska krv i istina sa\u010duvat \u0107e BiH od stvaranja &#8220;srpskih svjetova&#8221;","datePublished":"2021-07-20T15:53:24+00:00","dateModified":"2021-07-20T15:54:07+00:00","mainEntityOfPage":{"@id":"https:\/\/tuzlainfo.ba\/index.php\/bosna-i-hercegovina\/item\/142443-izetbegovic-porucio-iz-kozarca-sehidska-krv-i-istina-sacuvat-ce-bih-od-stvaranja-srpskih-svjetova\/"},"wordCount":360,"commentCount":0,"publisher":{"@id":"https:\/\/tuzlainfo.ba\/#organization"},"image":{"@id":"https:\/\/tuzlainfo.ba\/index.php\/bosna-i-hercegovina\/item\/142443-izetbegovic-porucio-iz-kozarca-sehidska-krv-i-istina-sacuvat-ce-bih-od-stvaranja-srpskih-svjetova\/#primaryimage"},"thumbnailUrl":"https:\/\/tuzlainfo.ba\/wp-content\/uploads\/2021\/03\/sadrzaj_2021_20210301_0203_izetbegovic.jpg","keywords":["bakir izetbegovi\u0107"],"articleSection":["Bosna i Hercegovina"],"inLanguage":"bs-BA"},{"@type":"WebPage","@id":"https:\/\/tuzlainfo.ba\/index.php\/bosna-i-hercegovina\/item\/142443-izetbegovic-porucio-iz-kozarca-sehidska-krv-i-istina-sacuvat-ce-bih-od-stvaranja-srpskih-svjetova\/","url":"https:\/\/tuzlainfo.ba\/index.php\/bosna-i-hercegovina\/item\/142443-izetbegovic-porucio-iz-kozarca-sehidska-krv-i-istina-sacuvat-ce-bih-od-stvaranja-srpskih-svjetova\/","name":"Izetbegovi\u0107 poru\u010dio iz Kozarca: \u0160ehidska krv i istina sa\u010duvat \u0107e BiH od stvaranja \"srpskih svjetova\" - TuzlaInfo.ba","isPartOf":{"@id":"https:\/\/tuzlainfo.ba\/#website"},"primaryImageOfPage":{"@id":"https:\/\/tuzlainfo.ba\/index.php\/bosna-i-hercegovina\/item\/142443-izetbegovic-porucio-iz-kozarca-sehidska-krv-i-istina-sacuvat-ce-bih-od-stvaranja-srpskih-svjetova\/#primaryimage"},"image":{"@id":"https:\/\/tuzlainfo.ba\/index.php\/bosna-i-hercegovina\/item\/142443-izetbegovic-porucio-iz-kozarca-sehidska-krv-i-istina-sacuvat-ce-bih-od-stvaranja-srpskih-svjetova\/#primaryimage"},"thumbnailUrl":"https:\/\/tuzlainfo.ba\/wp-content\/uploads\/2021\/03\/sadrzaj_2021_20210301_0203_izetbegovic.jpg","datePublished":"2021-07-20T15:53:24+00:00","dateModified":"2021-07-20T15:54:07+00:00","breadcrumb":{"@id":"https:\/\/tuzlainfo.ba\/index.php\/bosna-i-hercegovina\/item\/142443-izetbegovic-porucio-iz-kozarca-sehidska-krv-i-istina-sacuvat-ce-bih-od-stvaranja-srpskih-svjetova\/#breadcrumb"},"inLanguage":"bs-BA","potentialAction":[{"@type":"ReadAction","target":["https:\/\/tuzlainfo.ba\/index.php\/bosna-i-hercegovina\/item\/142443-izetbegovic-porucio-iz-kozarca-sehidska-krv-i-istina-sacuvat-ce-bih-od-stvaranja-srpskih-svjetova\/"]}]},{"@type":"ImageObject","inLanguage":"bs-BA","@id":"https:\/\/tuzlainfo.ba\/index.php\/bosna-i-hercegovina\/item\/142443-izetbegovic-porucio-iz-kozarca-sehidska-krv-i-istina-sacuvat-ce-bih-od-stvaranja-srpskih-svjetova\/#primaryimage","url":"https:\/\/tuzlainfo.ba\/wp-content\/uploads\/2021\/03\/sadrzaj_2021_20210301_0203_izetbegovic.jpg","contentUrl":"https:\/\/tuzlainfo.ba\/wp-content\/uploads\/2021\/03\/sadrzaj_2021_20210301_0203_izetbegovic.jpg","width":770,"height":462,"caption":"0203 izetbegovic"},{"@type":"BreadcrumbList","@id":"https:\/\/tuzlainfo.ba\/index.php\/bosna-i-hercegovina\/item\/142443-izetbegovic-porucio-iz-kozarca-sehidska-krv-i-istina-sacuvat-ce-bih-od-stvaranja-srpskih-svjetova\/#breadcrumb","itemListElement":[{"@type":"ListItem","position":1,"name":"Home","item":"https:\/\/tuzlainfo.ba\/"},{"@type":"ListItem","position":2,"name":"Izetbegovi\u0107 poru\u010dio iz Kozarca: \u0160ehidska krv i istina sa\u010duvat \u0107e BiH od stvaranja &#8220;srpskih svjetova&#8221;"}]},{"@type":"WebSite","@id":"https:\/\/tuzlainfo.ba\/#website","url":"https:\/\/tuzlainfo.ba\/","name":"TuzlaInfo.ba","description":"Tuzla info, gradski informator - Tuzla na dlanu","publisher":{"@id":"https:\/\/tuzlainfo.ba\/#organization"},"potentialAction":[{"@type":"SearchAction","target":{"@type":"EntryPoint","urlTemplate":"https:\/\/tuzlainfo.ba\/?s={search_term_string}"},"query-input":{"@type":"PropertyValueSpecification","valueRequired":true,"valueName":"search_term_string"}}],"inLanguage":"bs-BA"},{"@type":"Organization","@id":"https:\/\/tuzlainfo.ba\/#organization","name":"TuzlaInfo.ba","url":"https:\/\/tuzlainfo.ba\/","logo":{"@type":"ImageObject","inLanguage":"bs-BA","@id":"https:\/\/tuzlainfo.ba\/#\/schema\/logo\/image\/","url":"https:\/\/tuzlainfo.ba\/wp-content\/uploads\/2021\/03\/logo-ver-3-1.png","contentUrl":"https:\/\/tuzlainfo.ba\/wp-content\/uploads\/2021\/03\/logo-ver-3-1.png","width":350,"height":95,"caption":"TuzlaInfo.ba"},"image":{"@id":"https:\/\/tuzlainfo.ba\/#\/schema\/logo\/image\/"},"sameAs":["https:\/\/www.facebook.com\/tuzlainfo.ba\/"]},{"@type":"Person","@id":"https:\/\/tuzlainfo.ba\/#\/schema\/person\/f434e20dc27ea133923aab08451b7f7f","name":"nedim","image":{"@type":"ImageObject","inLanguage":"bs-BA","@id":"https:\/\/tuzlainfo.ba\/#\/schema\/person\/image\/","url":"https:\/\/tuzlainfo.ba\/wp-content\/litespeed\/avatar\/aabad687af24844af817603ac1cbdc4f.jpg?ver=1777306975","contentUrl":"https:\/\/tuzlainfo.ba\/wp-content\/litespeed\/avatar\/aabad687af24844af817603ac1cbdc4f.jpg?ver=1777306975","caption":"nedim"},"description":"Tuzlainfo.ba pratite na dru\u0161tvenim mre\u017eama: Facebook, Instagram i Youtube. Svoje pri\u010de, upite i fotografije \u0161aljite na na\u0161u e-mail adresu."}]}},"_links":{"self":[{"href":"https:\/\/tuzlainfo.ba\/index.php\/wp-json\/wp\/v2\/posts\/142443"}],"collection":[{"href":"https:\/\/tuzlainfo.ba\/index.php\/wp-json\/wp\/v2\/posts"}],"about":[{"href":"https:\/\/tuzlainfo.ba\/index.php\/wp-json\/wp\/v2\/types\/post"}],"author":[{"embeddable":true,"href":"https:\/\/tuzlainfo.ba\/index.php\/wp-json\/wp\/v2\/users\/2"}],"replies":[{"embeddable":true,"href":"https:\/\/tuzlainfo.ba\/index.php\/wp-json\/wp\/v2\/comments?post=142443"}],"version-history":[{"count":0,"href":"https:\/\/tuzlainfo.ba\/index.php\/wp-json\/wp\/v2\/posts\/142443\/revisions"}],"wp:featuredmedia":[{"embeddable":true,"href":"https:\/\/tuzlainfo.ba\/index.php\/wp-json\/wp\/v2\/media\/86990"}],"wp:attachment":[{"href":"https:\/\/tuzlainfo.ba\/index.php\/wp-json\/wp\/v2\/media?parent=142443"}],"wp:term":[{"taxonomy":"category","embeddable":true,"href":"https:\/\/tuzlainfo.ba\/index.php\/wp-json\/wp\/v2\/categories?post=142443"},{"taxonomy":"post_tag","embeddable":true,"href":"https:\/\/tuzlainfo.ba\/index.php\/wp-json\/wp\/v2\/tags?post=142443"}],"curies":[{"name":"wp","href":"https:\/\/api.w.org\/{rel}","templated":true}]}}