{"id":142260,"date":"2021-07-18T12:47:28","date_gmt":"2021-07-18T10:47:28","guid":{"rendered":"https:\/\/tuzlainfo.ba\/?p=142260"},"modified":"2021-07-18T12:48:30","modified_gmt":"2021-07-18T10:48:30","slug":"zvizdic-o-izetbegovicevom-izazovu-hoce-li-biti-kandidat-za-predsjednistvo-bih","status":"publish","type":"post","link":"https:\/\/tuzlainfo.ba\/index.php\/bosna-i-hercegovina\/item\/142260-zvizdic-o-izetbegovicevom-izazovu-hoce-li-biti-kandidat-za-predsjednistvo-bih\/","title":{"rendered":"Zvizdi\u0107 o Izetbegovi\u0107evom &#8220;izazovu&#8221;: Ho\u0107e li biti kandidat za Predsjedni\u0161tvo BiH?"},"content":{"rendered":"<p>Denis Zvizdi\u0107, zamjenik predsjedavaju\u0107eg Predstavni\u010dkog doma Parlamenta Bosne i Hercegovine, u emisiji Sedmica BHRT-a nagovijestio je kadidaturu za \u010dlana Predsjedni\u0161tva Bosne i Hercegovine, a nakon \u0161to Bakir Izetbegovi\u0107 rekao da ga o\u010dekuje na nekoj drugoj strani kao protivkandidata.<\/p>\n<p>&#8211; Hvala svima koji misle da imam kapacitete, znanja i vje\u0161tine da mogu obavljati tu izuzetno zna\u010dajnu funkciju \u010dlana Predsjedni\u0161tva Bosne i Hercegovine. Jo\u0161 je rano govoriti o nekim kona\u010dnim odlukama koje \u0107u donijeti, ali ve\u0107 sam i ranije rekao da ne isklju\u010dujem takvu mogu\u0107nost kandidature. Ona nije moj imperativ, ona nije razlog zbog \u010dega sam napustio Stranku demokratske akcije. Stranku demokratske akcije sam napustio zbog neslaganja sa aktuelnom situacijom, stanjem u SDA, promjenama koje, po meni, nisu su\u0161tinske nego deklarativne, koje sigurno ne vode napretku i razvoju Stranke demokratske akcije. Dakle, vi\u0161e nisam htio biti sau\u010desnik u takvim procesima, a istovremeno nisam se i dalje mogao praviti da ne vidim te negativne procese, koji zna\u010dajno uti\u010du na strukturu i kapacitet SDA &#8211; istakao je Zvizdi\u0107 i najvio budu\u0107e korake:<\/p>\n<p>&#8211; U kojem pravcu \u0107e dalje i\u0107i moj politi\u010dki anga\u017eman, rekao sam da \u0107u ostati u politici, to \u0107emo vidjeti. Vjerovatno \u0107e takve odluke i od strane mene biti okon\u010dane u narednih nekoliko mjeseci, ali evo, ima i onih koji me \u017eele vidjeti eventualno kao nekog suparnika na politi\u010dkoj sceni u smislu kandidature za \u010dlana Predsjedni\u0161tva kao \u0161to je to rekao gospodin Izetbegovi\u0107, pa onda ne vidim razloga da mu i ne ispunimo takvu \u017eelju &#8211; rekao je.<\/p>\n","protected":false},"excerpt":{"rendered":"<p>Denis Zvizdi\u0107, zamjenik predsjedavaju\u0107eg Predstavni\u010dkog doma Parlamenta Bosne i Hercegovine, u emisiji Sedmica BHRT-a nagovijestio&hellip;<\/p>\n","protected":false},"author":2,"featured_media":63100,"comment_status":"open","ping_status":"closed","sticky":false,"template":"","format":"standard","meta":{"_acf_changed":false,"footnotes":""},"categories":[291],"tags":[1370,1897],"acf":[],"yoast_head":"<!-- This site is optimized with the Yoast SEO plugin v23.5 - https:\/\/yoast.com\/wordpress\/plugins\/seo\/ -->\n<title>Zvizdi\u0107 o Izetbegovi\u0107evom &quot;izazovu&quot;: Ho\u0107e li biti kandidat za Predsjedni\u0161tvo BiH? - TuzlaInfo.ba<\/title>\n<meta name=\"robots\" content=\"index, follow, max-snippet:-1, max-image-preview:large, max-video-preview:-1\" \/>\n<link rel=\"canonical\" href=\"https:\/\/tuzlainfo.ba\/index.php\/bosna-i-hercegovina\/item\/142260-zvizdic-o-izetbegovicevom-izazovu-hoce-li-biti-kandidat-za-predsjednistvo-bih\/\" \/>\n<meta property=\"og:locale\" content=\"bs_BA\" \/>\n<meta property=\"og:type\" content=\"article\" \/>\n<meta property=\"og:title\" content=\"Zvizdi\u0107 o Izetbegovi\u0107evom &quot;izazovu&quot;: Ho\u0107e li biti kandidat za Predsjedni\u0161tvo BiH? - TuzlaInfo.ba\" \/>\n<meta property=\"og:description\" content=\"Denis Zvizdi\u0107, zamjenik predsjedavaju\u0107eg Predstavni\u010dkog doma Parlamenta Bosne i Hercegovine, u emisiji Sedmica BHRT-a nagovijestio&hellip;\" \/>\n<meta property=\"og:url\" content=\"https:\/\/tuzlainfo.ba\/index.php\/bosna-i-hercegovina\/item\/142260-zvizdic-o-izetbegovicevom-izazovu-hoce-li-biti-kandidat-za-predsjednistvo-bih\/\" \/>\n<meta property=\"og:site_name\" content=\"TuzlaInfo.ba\" \/>\n<meta property=\"article:publisher\" content=\"https:\/\/www.facebook.com\/tuzlainfo.ba\/\" \/>\n<meta property=\"article:published_time\" content=\"2021-07-18T10:47:28+00:00\" \/>\n<meta property=\"article:modified_time\" content=\"2021-07-18T10:48:30+00:00\" \/>\n<meta property=\"og:image\" content=\"https:\/\/tuzlainfo.ba\/wp-content\/uploads\/2018\/07\/sadrzaj_2018_20180701_3107_denis-zvizdic.jpg\" \/>\n\t<meta property=\"og:image:width\" content=\"770\" \/>\n\t<meta property=\"og:image:height\" content=\"513\" \/>\n\t<meta property=\"og:image:type\" content=\"image\/jpeg\" \/>\n<meta name=\"author\" content=\"nedim\" \/>\n<meta name=\"twitter:card\" content=\"summary_large_image\" \/>\n<meta name=\"twitter:label1\" content=\"Written by\" \/>\n\t<meta name=\"twitter:data1\" content=\"nedim\" \/>\n\t<meta name=\"twitter:label2\" content=\"Est. reading time\" \/>\n\t<meta name=\"twitter:data2\" content=\"1 minuta\" \/>\n<script type=\"application\/ld+json\" class=\"yoast-schema-graph\">{\"@context\":\"https:\/\/schema.org\",\"@graph\":[{\"@type\":\"Article\",\"@id\":\"https:\/\/tuzlainfo.ba\/index.php\/bosna-i-hercegovina\/item\/142260-zvizdic-o-izetbegovicevom-izazovu-hoce-li-biti-kandidat-za-predsjednistvo-bih\/#article\",\"isPartOf\":{\"@id\":\"https:\/\/tuzlainfo.ba\/index.php\/bosna-i-hercegovina\/item\/142260-zvizdic-o-izetbegovicevom-izazovu-hoce-li-biti-kandidat-za-predsjednistvo-bih\/\"},\"author\":{\"name\":\"nedim\",\"@id\":\"https:\/\/tuzlainfo.ba\/#\/schema\/person\/f434e20dc27ea133923aab08451b7f7f\"},\"headline\":\"Zvizdi\u0107 o Izetbegovi\u0107evom &#8220;izazovu&#8221;: Ho\u0107e li biti kandidat za Predsjedni\u0161tvo BiH?\",\"datePublished\":\"2021-07-18T10:47:28+00:00\",\"dateModified\":\"2021-07-18T10:48:30+00:00\",\"mainEntityOfPage\":{\"@id\":\"https:\/\/tuzlainfo.ba\/index.php\/bosna-i-hercegovina\/item\/142260-zvizdic-o-izetbegovicevom-izazovu-hoce-li-biti-kandidat-za-predsjednistvo-bih\/\"},\"wordCount\":282,\"commentCount\":0,\"publisher\":{\"@id\":\"https:\/\/tuzlainfo.ba\/#organization\"},\"image\":{\"@id\":\"https:\/\/tuzlainfo.ba\/index.php\/bosna-i-hercegovina\/item\/142260-zvizdic-o-izetbegovicevom-izazovu-hoce-li-biti-kandidat-za-predsjednistvo-bih\/#primaryimage\"},\"thumbnailUrl\":\"https:\/\/tuzlainfo.ba\/wp-content\/uploads\/2018\/07\/sadrzaj_2018_20180701_3107_denis-zvizdic.jpg\",\"keywords\":[\"bakir izetbegovi\u0107\",\"denis zvidi\u0107\"],\"articleSection\":[\"Bosna i Hercegovina\"],\"inLanguage\":\"bs-BA\"},{\"@type\":\"WebPage\",\"@id\":\"https:\/\/tuzlainfo.ba\/index.php\/bosna-i-hercegovina\/item\/142260-zvizdic-o-izetbegovicevom-izazovu-hoce-li-biti-kandidat-za-predsjednistvo-bih\/\",\"url\":\"https:\/\/tuzlainfo.ba\/index.php\/bosna-i-hercegovina\/item\/142260-zvizdic-o-izetbegovicevom-izazovu-hoce-li-biti-kandidat-za-predsjednistvo-bih\/\",\"name\":\"Zvizdi\u0107 o Izetbegovi\u0107evom \\\"izazovu\\\": Ho\u0107e li biti kandidat za Predsjedni\u0161tvo BiH? - TuzlaInfo.ba\",\"isPartOf\":{\"@id\":\"https:\/\/tuzlainfo.ba\/#website\"},\"primaryImageOfPage\":{\"@id\":\"https:\/\/tuzlainfo.ba\/index.php\/bosna-i-hercegovina\/item\/142260-zvizdic-o-izetbegovicevom-izazovu-hoce-li-biti-kandidat-za-predsjednistvo-bih\/#primaryimage\"},\"image\":{\"@id\":\"https:\/\/tuzlainfo.ba\/index.php\/bosna-i-hercegovina\/item\/142260-zvizdic-o-izetbegovicevom-izazovu-hoce-li-biti-kandidat-za-predsjednistvo-bih\/#primaryimage\"},\"thumbnailUrl\":\"https:\/\/tuzlainfo.ba\/wp-content\/uploads\/2018\/07\/sadrzaj_2018_20180701_3107_denis-zvizdic.jpg\",\"datePublished\":\"2021-07-18T10:47:28+00:00\",\"dateModified\":\"2021-07-18T10:48:30+00:00\",\"breadcrumb\":{\"@id\":\"https:\/\/tuzlainfo.ba\/index.php\/bosna-i-hercegovina\/item\/142260-zvizdic-o-izetbegovicevom-izazovu-hoce-li-biti-kandidat-za-predsjednistvo-bih\/#breadcrumb\"},\"inLanguage\":\"bs-BA\",\"potentialAction\":[{\"@type\":\"ReadAction\",\"target\":[\"https:\/\/tuzlainfo.ba\/index.php\/bosna-i-hercegovina\/item\/142260-zvizdic-o-izetbegovicevom-izazovu-hoce-li-biti-kandidat-za-predsjednistvo-bih\/\"]}]},{\"@type\":\"ImageObject\",\"inLanguage\":\"bs-BA\",\"@id\":\"https:\/\/tuzlainfo.ba\/index.php\/bosna-i-hercegovina\/item\/142260-zvizdic-o-izetbegovicevom-izazovu-hoce-li-biti-kandidat-za-predsjednistvo-bih\/#primaryimage\",\"url\":\"https:\/\/tuzlainfo.ba\/wp-content\/uploads\/2018\/07\/sadrzaj_2018_20180701_3107_denis-zvizdic.jpg\",\"contentUrl\":\"https:\/\/tuzlainfo.ba\/wp-content\/uploads\/2018\/07\/sadrzaj_2018_20180701_3107_denis-zvizdic.jpg\",\"width\":770,\"height\":513,\"caption\":\"3107 denis zvizdic\"},{\"@type\":\"BreadcrumbList\",\"@id\":\"https:\/\/tuzlainfo.ba\/index.php\/bosna-i-hercegovina\/item\/142260-zvizdic-o-izetbegovicevom-izazovu-hoce-li-biti-kandidat-za-predsjednistvo-bih\/#breadcrumb\",\"itemListElement\":[{\"@type\":\"ListItem\",\"position\":1,\"name\":\"Home\",\"item\":\"https:\/\/tuzlainfo.ba\/\"},{\"@type\":\"ListItem\",\"position\":2,\"name\":\"Zvizdi\u0107 o Izetbegovi\u0107evom &#8220;izazovu&#8221;: Ho\u0107e li biti kandidat za Predsjedni\u0161tvo BiH?\"}]},{\"@type\":\"WebSite\",\"@id\":\"https:\/\/tuzlainfo.ba\/#website\",\"url\":\"https:\/\/tuzlainfo.ba\/\",\"name\":\"TuzlaInfo.ba\",\"description\":\"Tuzla info, gradski informator - Tuzla na dlanu\",\"publisher\":{\"@id\":\"https:\/\/tuzlainfo.ba\/#organization\"},\"potentialAction\":[{\"@type\":\"SearchAction\",\"target\":{\"@type\":\"EntryPoint\",\"urlTemplate\":\"https:\/\/tuzlainfo.ba\/?s={search_term_string}\"},\"query-input\":{\"@type\":\"PropertyValueSpecification\",\"valueRequired\":true,\"valueName\":\"search_term_string\"}}],\"inLanguage\":\"bs-BA\"},{\"@type\":\"Organization\",\"@id\":\"https:\/\/tuzlainfo.ba\/#organization\",\"name\":\"TuzlaInfo.ba\",\"url\":\"https:\/\/tuzlainfo.ba\/\",\"logo\":{\"@type\":\"ImageObject\",\"inLanguage\":\"bs-BA\",\"@id\":\"https:\/\/tuzlainfo.ba\/#\/schema\/logo\/image\/\",\"url\":\"https:\/\/tuzlainfo.ba\/wp-content\/uploads\/2021\/03\/logo-ver-3-1.png\",\"contentUrl\":\"https:\/\/tuzlainfo.ba\/wp-content\/uploads\/2021\/03\/logo-ver-3-1.png\",\"width\":350,\"height\":95,\"caption\":\"TuzlaInfo.ba\"},\"image\":{\"@id\":\"https:\/\/tuzlainfo.ba\/#\/schema\/logo\/image\/\"},\"sameAs\":[\"https:\/\/www.facebook.com\/tuzlainfo.ba\/\"]},{\"@type\":\"Person\",\"@id\":\"https:\/\/tuzlainfo.ba\/#\/schema\/person\/f434e20dc27ea133923aab08451b7f7f\",\"name\":\"nedim\",\"image\":{\"@type\":\"ImageObject\",\"inLanguage\":\"bs-BA\",\"@id\":\"https:\/\/tuzlainfo.ba\/#\/schema\/person\/image\/\",\"url\":\"https:\/\/tuzlainfo.ba\/wp-content\/litespeed\/avatar\/aabad687af24844af817603ac1cbdc4f.jpg?ver=1777306975\",\"contentUrl\":\"https:\/\/tuzlainfo.ba\/wp-content\/litespeed\/avatar\/aabad687af24844af817603ac1cbdc4f.jpg?ver=1777306975\",\"caption\":\"nedim\"},\"description\":\"Tuzlainfo.ba pratite na dru\u0161tvenim mre\u017eama: Facebook, Instagram i Youtube. Svoje pri\u010de, upite i fotografije \u0161aljite na na\u0161u e-mail adresu.\"}]}<\/script>\n<!-- \/ Yoast SEO plugin. -->","yoast_head_json":{"title":"Zvizdi\u0107 o Izetbegovi\u0107evom \"izazovu\": Ho\u0107e li biti kandidat za Predsjedni\u0161tvo BiH? - TuzlaInfo.ba","robots":{"index":"index","follow":"follow","max-snippet":"max-snippet:-1","max-image-preview":"max-image-preview:large","max-video-preview":"max-video-preview:-1"},"canonical":"https:\/\/tuzlainfo.ba\/index.php\/bosna-i-hercegovina\/item\/142260-zvizdic-o-izetbegovicevom-izazovu-hoce-li-biti-kandidat-za-predsjednistvo-bih\/","og_locale":"bs_BA","og_type":"article","og_title":"Zvizdi\u0107 o Izetbegovi\u0107evom \"izazovu\": Ho\u0107e li biti kandidat za Predsjedni\u0161tvo BiH? - TuzlaInfo.ba","og_description":"Denis Zvizdi\u0107, zamjenik predsjedavaju\u0107eg Predstavni\u010dkog doma Parlamenta Bosne i Hercegovine, u emisiji Sedmica BHRT-a nagovijestio&hellip;","og_url":"https:\/\/tuzlainfo.ba\/index.php\/bosna-i-hercegovina\/item\/142260-zvizdic-o-izetbegovicevom-izazovu-hoce-li-biti-kandidat-za-predsjednistvo-bih\/","og_site_name":"TuzlaInfo.ba","article_publisher":"https:\/\/www.facebook.com\/tuzlainfo.ba\/","article_published_time":"2021-07-18T10:47:28+00:00","article_modified_time":"2021-07-18T10:48:30+00:00","og_image":[{"width":770,"height":513,"url":"https:\/\/tuzlainfo.ba\/wp-content\/uploads\/2018\/07\/sadrzaj_2018_20180701_3107_denis-zvizdic.jpg","type":"image\/jpeg"}],"author":"nedim","twitter_card":"summary_large_image","twitter_misc":{"Written by":"nedim","Est. reading time":"1 minuta"},"schema":{"@context":"https:\/\/schema.org","@graph":[{"@type":"Article","@id":"https:\/\/tuzlainfo.ba\/index.php\/bosna-i-hercegovina\/item\/142260-zvizdic-o-izetbegovicevom-izazovu-hoce-li-biti-kandidat-za-predsjednistvo-bih\/#article","isPartOf":{"@id":"https:\/\/tuzlainfo.ba\/index.php\/bosna-i-hercegovina\/item\/142260-zvizdic-o-izetbegovicevom-izazovu-hoce-li-biti-kandidat-za-predsjednistvo-bih\/"},"author":{"name":"nedim","@id":"https:\/\/tuzlainfo.ba\/#\/schema\/person\/f434e20dc27ea133923aab08451b7f7f"},"headline":"Zvizdi\u0107 o Izetbegovi\u0107evom &#8220;izazovu&#8221;: Ho\u0107e li biti kandidat za Predsjedni\u0161tvo BiH?","datePublished":"2021-07-18T10:47:28+00:00","dateModified":"2021-07-18T10:48:30+00:00","mainEntityOfPage":{"@id":"https:\/\/tuzlainfo.ba\/index.php\/bosna-i-hercegovina\/item\/142260-zvizdic-o-izetbegovicevom-izazovu-hoce-li-biti-kandidat-za-predsjednistvo-bih\/"},"wordCount":282,"commentCount":0,"publisher":{"@id":"https:\/\/tuzlainfo.ba\/#organization"},"image":{"@id":"https:\/\/tuzlainfo.ba\/index.php\/bosna-i-hercegovina\/item\/142260-zvizdic-o-izetbegovicevom-izazovu-hoce-li-biti-kandidat-za-predsjednistvo-bih\/#primaryimage"},"thumbnailUrl":"https:\/\/tuzlainfo.ba\/wp-content\/uploads\/2018\/07\/sadrzaj_2018_20180701_3107_denis-zvizdic.jpg","keywords":["bakir izetbegovi\u0107","denis zvidi\u0107"],"articleSection":["Bosna i Hercegovina"],"inLanguage":"bs-BA"},{"@type":"WebPage","@id":"https:\/\/tuzlainfo.ba\/index.php\/bosna-i-hercegovina\/item\/142260-zvizdic-o-izetbegovicevom-izazovu-hoce-li-biti-kandidat-za-predsjednistvo-bih\/","url":"https:\/\/tuzlainfo.ba\/index.php\/bosna-i-hercegovina\/item\/142260-zvizdic-o-izetbegovicevom-izazovu-hoce-li-biti-kandidat-za-predsjednistvo-bih\/","name":"Zvizdi\u0107 o Izetbegovi\u0107evom \"izazovu\": Ho\u0107e li biti kandidat za Predsjedni\u0161tvo BiH? - TuzlaInfo.ba","isPartOf":{"@id":"https:\/\/tuzlainfo.ba\/#website"},"primaryImageOfPage":{"@id":"https:\/\/tuzlainfo.ba\/index.php\/bosna-i-hercegovina\/item\/142260-zvizdic-o-izetbegovicevom-izazovu-hoce-li-biti-kandidat-za-predsjednistvo-bih\/#primaryimage"},"image":{"@id":"https:\/\/tuzlainfo.ba\/index.php\/bosna-i-hercegovina\/item\/142260-zvizdic-o-izetbegovicevom-izazovu-hoce-li-biti-kandidat-za-predsjednistvo-bih\/#primaryimage"},"thumbnailUrl":"https:\/\/tuzlainfo.ba\/wp-content\/uploads\/2018\/07\/sadrzaj_2018_20180701_3107_denis-zvizdic.jpg","datePublished":"2021-07-18T10:47:28+00:00","dateModified":"2021-07-18T10:48:30+00:00","breadcrumb":{"@id":"https:\/\/tuzlainfo.ba\/index.php\/bosna-i-hercegovina\/item\/142260-zvizdic-o-izetbegovicevom-izazovu-hoce-li-biti-kandidat-za-predsjednistvo-bih\/#breadcrumb"},"inLanguage":"bs-BA","potentialAction":[{"@type":"ReadAction","target":["https:\/\/tuzlainfo.ba\/index.php\/bosna-i-hercegovina\/item\/142260-zvizdic-o-izetbegovicevom-izazovu-hoce-li-biti-kandidat-za-predsjednistvo-bih\/"]}]},{"@type":"ImageObject","inLanguage":"bs-BA","@id":"https:\/\/tuzlainfo.ba\/index.php\/bosna-i-hercegovina\/item\/142260-zvizdic-o-izetbegovicevom-izazovu-hoce-li-biti-kandidat-za-predsjednistvo-bih\/#primaryimage","url":"https:\/\/tuzlainfo.ba\/wp-content\/uploads\/2018\/07\/sadrzaj_2018_20180701_3107_denis-zvizdic.jpg","contentUrl":"https:\/\/tuzlainfo.ba\/wp-content\/uploads\/2018\/07\/sadrzaj_2018_20180701_3107_denis-zvizdic.jpg","width":770,"height":513,"caption":"3107 denis zvizdic"},{"@type":"BreadcrumbList","@id":"https:\/\/tuzlainfo.ba\/index.php\/bosna-i-hercegovina\/item\/142260-zvizdic-o-izetbegovicevom-izazovu-hoce-li-biti-kandidat-za-predsjednistvo-bih\/#breadcrumb","itemListElement":[{"@type":"ListItem","position":1,"name":"Home","item":"https:\/\/tuzlainfo.ba\/"},{"@type":"ListItem","position":2,"name":"Zvizdi\u0107 o Izetbegovi\u0107evom &#8220;izazovu&#8221;: Ho\u0107e li biti kandidat za Predsjedni\u0161tvo BiH?"}]},{"@type":"WebSite","@id":"https:\/\/tuzlainfo.ba\/#website","url":"https:\/\/tuzlainfo.ba\/","name":"TuzlaInfo.ba","description":"Tuzla info, gradski informator - Tuzla na dlanu","publisher":{"@id":"https:\/\/tuzlainfo.ba\/#organization"},"potentialAction":[{"@type":"SearchAction","target":{"@type":"EntryPoint","urlTemplate":"https:\/\/tuzlainfo.ba\/?s={search_term_string}"},"query-input":{"@type":"PropertyValueSpecification","valueRequired":true,"valueName":"search_term_string"}}],"inLanguage":"bs-BA"},{"@type":"Organization","@id":"https:\/\/tuzlainfo.ba\/#organization","name":"TuzlaInfo.ba","url":"https:\/\/tuzlainfo.ba\/","logo":{"@type":"ImageObject","inLanguage":"bs-BA","@id":"https:\/\/tuzlainfo.ba\/#\/schema\/logo\/image\/","url":"https:\/\/tuzlainfo.ba\/wp-content\/uploads\/2021\/03\/logo-ver-3-1.png","contentUrl":"https:\/\/tuzlainfo.ba\/wp-content\/uploads\/2021\/03\/logo-ver-3-1.png","width":350,"height":95,"caption":"TuzlaInfo.ba"},"image":{"@id":"https:\/\/tuzlainfo.ba\/#\/schema\/logo\/image\/"},"sameAs":["https:\/\/www.facebook.com\/tuzlainfo.ba\/"]},{"@type":"Person","@id":"https:\/\/tuzlainfo.ba\/#\/schema\/person\/f434e20dc27ea133923aab08451b7f7f","name":"nedim","image":{"@type":"ImageObject","inLanguage":"bs-BA","@id":"https:\/\/tuzlainfo.ba\/#\/schema\/person\/image\/","url":"https:\/\/tuzlainfo.ba\/wp-content\/litespeed\/avatar\/aabad687af24844af817603ac1cbdc4f.jpg?ver=1777306975","contentUrl":"https:\/\/tuzlainfo.ba\/wp-content\/litespeed\/avatar\/aabad687af24844af817603ac1cbdc4f.jpg?ver=1777306975","caption":"nedim"},"description":"Tuzlainfo.ba pratite na dru\u0161tvenim mre\u017eama: Facebook, Instagram i Youtube. Svoje pri\u010de, upite i fotografije \u0161aljite na na\u0161u e-mail adresu."}]}},"_links":{"self":[{"href":"https:\/\/tuzlainfo.ba\/index.php\/wp-json\/wp\/v2\/posts\/142260"}],"collection":[{"href":"https:\/\/tuzlainfo.ba\/index.php\/wp-json\/wp\/v2\/posts"}],"about":[{"href":"https:\/\/tuzlainfo.ba\/index.php\/wp-json\/wp\/v2\/types\/post"}],"author":[{"embeddable":true,"href":"https:\/\/tuzlainfo.ba\/index.php\/wp-json\/wp\/v2\/users\/2"}],"replies":[{"embeddable":true,"href":"https:\/\/tuzlainfo.ba\/index.php\/wp-json\/wp\/v2\/comments?post=142260"}],"version-history":[{"count":0,"href":"https:\/\/tuzlainfo.ba\/index.php\/wp-json\/wp\/v2\/posts\/142260\/revisions"}],"wp:featuredmedia":[{"embeddable":true,"href":"https:\/\/tuzlainfo.ba\/index.php\/wp-json\/wp\/v2\/media\/63100"}],"wp:attachment":[{"href":"https:\/\/tuzlainfo.ba\/index.php\/wp-json\/wp\/v2\/media?parent=142260"}],"wp:term":[{"taxonomy":"category","embeddable":true,"href":"https:\/\/tuzlainfo.ba\/index.php\/wp-json\/wp\/v2\/categories?post=142260"},{"taxonomy":"post_tag","embeddable":true,"href":"https:\/\/tuzlainfo.ba\/index.php\/wp-json\/wp\/v2\/tags?post=142260"}],"curies":[{"name":"wp","href":"https:\/\/api.w.org\/{rel}","templated":true}]}}