{"id":142108,"date":"2021-07-16T12:40:58","date_gmt":"2021-07-16T10:40:58","guid":{"rendered":"https:\/\/tuzlainfo.ba\/?p=142108"},"modified":"2021-07-16T11:41:09","modified_gmt":"2021-07-16T09:41:09","slug":"izvoznici-sljiva-i-kornisona-iz-bih-moraju-najaviti-dolazak-na-prelaz-gradiska-sa-hrvatskom","status":"publish","type":"post","link":"https:\/\/tuzlainfo.ba\/index.php\/bosna-i-hercegovina\/item\/142108-izvoznici-sljiva-i-kornisona-iz-bih-moraju-najaviti-dolazak-na-prelaz-gradiska-sa-hrvatskom\/","title":{"rendered":"Izvoznici \u0161ljiva i korni\u0161ona iz BiH moraju najaviti dolazak na prelaz Gradi\u0161ka sa Hrvatskom"},"content":{"rendered":"<p>Izvoznici \u0161ljiva i korni\u0161ona iz BiH moraju 24 \u010dasa prije izvoza preko grani\u010dnog prelaza Gradi\u0161ka sa Hrvatskom da najave dolazak na ovaj grani\u010dni prelaz, istakao je danas Sta\u0161a Ko\u0161arac, ministar spoljne trgovine i ekonomskih odnosa BiH, pi\u0161u Nezavisne novine.<\/p>\n<p>On je ponovio da svi zastoji koji su prijavljeni proteklih dana na grani\u010dnom prelazu Gradi\u0161ka, koji su usporili izvoz robe iz BiH, \u0161to je izazvalo veliko nezadovoljstvo bh. proizvo\u0111a\u010da, trebali biti prekinuti i trebalo bi da se omogu\u0107i neometan promet robe preko grani\u010dnih prelaza sa Hrvatskom.<\/p>\n<p>\u201c<strong>S tim u vezi uputio bih apel bh. izvoznicima da na vrijeme najave izvoz. Kako smo dogovorili, svaki izvoz koji je najavljen za taj dan \u0107e biti i ispo\u0161tovan i realizovan<\/strong>\u201c, istakao je Ko\u0161arac.<\/p>\n<p>Osvrnuo se i na radno vrijeme fitosanitarnih inspektora na grani\u010dnom prelazu kazav\u0161i kako \u0107e inspektori pregledati sve po\u0161iljke najavljene za taj dan, pa i nakon predvi\u0111enog radnog vremena.<\/p>\n<p>\u201c<strong>Vjerujem da u narednom periodu ne\u0107e dolaziti do zastoja, da \u0107e se spoljnotrgovinski promet odvijati nesmetano, bez zastoja, a ukoliko se poka\u017ee potreba, dobili smo uvjeravanja da bi rad inspektora, koji sada rade od sedam do 15 sati, mogao biti produ\u017een<\/strong>\u201c, kazao je Ko\u0161arac najavljuju\u0107i da \u0107e naredne sedmice obi\u0107i grani\u010dne prelaze kako bi se uvjerio u sprovo\u0111enje dogovora dvije dr\u017eave.<\/p>\n<p>Podsjetio je da je problema sa prelaskom korni\u0161ona i \u0161ljiva namijenjenih tr\u017ei\u0161tu EU bilo i pro\u0161le godine, zbog \u010dega je ove godine ranije uputio dopis nadle\u017enim hrvatskim institucijama kako bi se ovaj problem preduprijedio.<\/p>\n<p>Isti\u010du\u0107i opredijeljenost za za\u0161titu primarne doma\u0107e proizvodnje i olak\u0161avanje izvoza poljoprivrednicima iz Republike Srpske i FBiH, Ko\u0161arac je rekao da je razmi\u0161ljao i o nekim drugim mjerama koje bi bilo mogu\u0107e donijeti.<\/p>\n<p>\u201c<strong>Treba ista\u0107i da fitosanitarni grani\u010dni nalazi nisu nadle\u017enosti nivoa BiH, postoje neke druge nadle\u017enosti koje bismo mogli da donosimo. Ne na bazi reciprociteta, ali i mi moramo da \u0161titimo na\u0161e ljude i na\u0161e interese<\/strong>\u201c, zaklju\u010dio je Ko\u0161arac<\/p>\n<p>Iz Dr\u017eavnog inspektorata Republike Hrvatske za \u201cNezavisne\u201d su rekli da je, u skladu sa propisima EU, subjekat odgovoran za po\u0161iljku obvezan unaprijed najaviti prispije\u0107e po\u0161iljke na mjesto prvog ulaska u Evropsku uniju.<\/p>\n<p><strong>\u201cSubjekat je obvezan fitosanitarnog inspektora jedan radni dan prije, putem sistema TRACES, obavijestiti o o\u010dekivanom prispije\u0107u po\u0161iljke ili ako se zbog logisti\u010dkih ograni\u010denja taj rok ne mo\u017ee po\u0161tovati, najmanje \u010detiri sata prije o\u010dekivanog prispije\u0107a po\u0161iljke<\/strong>\u201c, kazali su iz pomenutog inspektorata.<\/p>\n<p>Dodaju da u elektronskom obliku TRACES Evropske komisije evidentiraju sve po\u0161iljke bilja, biljnih proizvoda i drugih predmeta koje se pregledavaju na grani\u010dnim prelazima te na ovaj na\u010din i Evropska komisija ima uvid u broj pregledanih i najavljenih po\u0161iljaka.<\/p>\n<p>\u201c<strong>Na grani\u010dnoj kontrolnoj postaji Gradi\u0161ka u razdoblju od 1. jula do 12. jula broj pristiglih i pregledanih po\u0161iljaka je bio izme\u0111u dvije do 11 po\u0161iljaka, 13. jula 18 po\u0161iljaka, a 14. jula devet po\u0161iljaka<\/strong>\u201c, kazali su iz Dr\u017eavnog inspektorata Hrvatske.<\/p>\n<p>Tvrde da je fitosanitarna inspekcije sve najavljene i pristigle po\u0161iljke na grani\u010dnom prelazu Gradi\u0161ka pregledala za vrijeme redovnog radnog vremena od sedam do 15 sati.<\/p>\n<p>\u201c<strong>Broj grani\u010dnih prelaza preko kojih se mo\u017ee obavljati unos po\u0161iljaka bilja i biljnih proizvoda u Evropsku uniju ne mo\u017ee se mijenjati bez udovoljavanja striktnim uslovima koji su propisani zakonodavstvom EU. Fitosanitarna inspekcija Dr\u017eavnog inspektorata kontinuirano prati najave po\u0161iljaka te \u0107e, ovisno o pove\u0107anju broja istih, pravovremeno reagirati<\/strong>\u201c, dodali su iz Dr\u017eavnog inspektorata.<\/p>\n<p>Suad Selimovi\u0107, predsjednik Udru\u017eenja za poljoprivredu i prehrambenu industriju, koje djeluje pri Privrednoj komori Tuzlanskog kantona, kazao je da su svi izvoznici bili upoznati sa tim da je potrebno da prijave svoj dolazak na granicu.<\/p>\n<p>\u201c<strong>Veliki broj izvoznika je prijavljivao svoje utovare, ali ima i onih koji mo\u017eda nisu znali pa su njihovi kamioni dolazili u Gradi\u0161ku bez najave<\/strong>\u201c, kazao je Selimovi\u0107.<\/p>\n<p>Isti\u010de da je jedan od najve\u0107ih problema \u0161to fitosanitarni inspektori u 13 \u010dasova pregledaju posljednji kamion i to odrade do 15 \u010dasova i to je to za taj dan.<\/p>\n<p>\u201c<strong>Kamioni koji ne stignu do tog perioda na grani\u010dni prelaz ostaju do sutra<\/strong>\u201c, kazao je Selimovi\u0107.<\/p>\n<p>Bh. poljoprivrednici su se ranije \u017ealili na zastoje tvrde\u0107i da im svje\u017ea roba koju izvoze propada.<\/p>\n","protected":false},"excerpt":{"rendered":"<p>Izvoznici \u0161ljiva i korni\u0161ona iz BiH moraju 24 \u010dasa prije izvoza preko grani\u010dnog prelaza Gradi\u0161ka&hellip;<\/p>\n","protected":false},"author":4,"featured_media":63537,"comment_status":"open","ping_status":"closed","sticky":false,"template":"","format":"standard","meta":{"_acf_changed":false,"footnotes":""},"categories":[291],"tags":[1818],"acf":[],"yoast_head":"<!-- This site is optimized with the Yoast SEO plugin v23.5 - https:\/\/yoast.com\/wordpress\/plugins\/seo\/ -->\n<title>Izvoznici \u0161ljiva i korni\u0161ona iz BiH moraju najaviti dolazak na prelaz Gradi\u0161ka sa Hrvatskom - TuzlaInfo.ba<\/title>\n<meta name=\"robots\" content=\"index, follow, max-snippet:-1, max-image-preview:large, max-video-preview:-1\" \/>\n<link rel=\"canonical\" href=\"https:\/\/tuzlainfo.ba\/index.php\/bosna-i-hercegovina\/item\/142108-izvoznici-sljiva-i-kornisona-iz-bih-moraju-najaviti-dolazak-na-prelaz-gradiska-sa-hrvatskom\/\" \/>\n<meta property=\"og:locale\" content=\"bs_BA\" \/>\n<meta property=\"og:type\" content=\"article\" \/>\n<meta property=\"og:title\" content=\"Izvoznici \u0161ljiva i korni\u0161ona iz BiH moraju najaviti dolazak na prelaz Gradi\u0161ka sa Hrvatskom - TuzlaInfo.ba\" \/>\n<meta property=\"og:description\" content=\"Izvoznici \u0161ljiva i korni\u0161ona iz BiH moraju 24 \u010dasa prije izvoza preko grani\u010dnog prelaza Gradi\u0161ka&hellip;\" \/>\n<meta property=\"og:url\" content=\"https:\/\/tuzlainfo.ba\/index.php\/bosna-i-hercegovina\/item\/142108-izvoznici-sljiva-i-kornisona-iz-bih-moraju-najaviti-dolazak-na-prelaz-gradiska-sa-hrvatskom\/\" \/>\n<meta property=\"og:site_name\" content=\"TuzlaInfo.ba\" \/>\n<meta property=\"article:publisher\" content=\"https:\/\/www.facebook.com\/tuzlainfo.ba\/\" \/>\n<meta property=\"article:published_time\" content=\"2021-07-16T10:40:58+00:00\" \/>\n<meta property=\"article:modified_time\" content=\"2021-07-16T09:41:09+00:00\" \/>\n<meta property=\"og:image\" content=\"https:\/\/tuzlainfo.ba\/wp-content\/uploads\/2018\/08\/sadrzaj_2018_20180801_2008_izvoz.jpg\" \/>\n\t<meta property=\"og:image:width\" content=\"770\" \/>\n\t<meta property=\"og:image:height\" content=\"385\" \/>\n\t<meta property=\"og:image:type\" content=\"image\/jpeg\" \/>\n<meta name=\"author\" content=\"Tuzla Info\" \/>\n<meta name=\"twitter:card\" content=\"summary_large_image\" \/>\n<meta name=\"twitter:label1\" content=\"Written by\" \/>\n\t<meta name=\"twitter:data1\" content=\"Tuzla Info\" \/>\n\t<meta name=\"twitter:label2\" content=\"Est. reading time\" \/>\n\t<meta name=\"twitter:data2\" content=\"4 minute\" \/>\n<script type=\"application\/ld+json\" class=\"yoast-schema-graph\">{\"@context\":\"https:\/\/schema.org\",\"@graph\":[{\"@type\":\"Article\",\"@id\":\"https:\/\/tuzlainfo.ba\/index.php\/bosna-i-hercegovina\/item\/142108-izvoznici-sljiva-i-kornisona-iz-bih-moraju-najaviti-dolazak-na-prelaz-gradiska-sa-hrvatskom\/#article\",\"isPartOf\":{\"@id\":\"https:\/\/tuzlainfo.ba\/index.php\/bosna-i-hercegovina\/item\/142108-izvoznici-sljiva-i-kornisona-iz-bih-moraju-najaviti-dolazak-na-prelaz-gradiska-sa-hrvatskom\/\"},\"author\":{\"name\":\"Tuzla Info\",\"@id\":\"https:\/\/tuzlainfo.ba\/#\/schema\/person\/46cad4c57790cbc50781edd14870825a\"},\"headline\":\"Izvoznici \u0161ljiva i korni\u0161ona iz BiH moraju najaviti dolazak na prelaz Gradi\u0161ka sa Hrvatskom\",\"datePublished\":\"2021-07-16T10:40:58+00:00\",\"dateModified\":\"2021-07-16T09:41:09+00:00\",\"mainEntityOfPage\":{\"@id\":\"https:\/\/tuzlainfo.ba\/index.php\/bosna-i-hercegovina\/item\/142108-izvoznici-sljiva-i-kornisona-iz-bih-moraju-najaviti-dolazak-na-prelaz-gradiska-sa-hrvatskom\/\"},\"wordCount\":760,\"commentCount\":0,\"publisher\":{\"@id\":\"https:\/\/tuzlainfo.ba\/#organization\"},\"image\":{\"@id\":\"https:\/\/tuzlainfo.ba\/index.php\/bosna-i-hercegovina\/item\/142108-izvoznici-sljiva-i-kornisona-iz-bih-moraju-najaviti-dolazak-na-prelaz-gradiska-sa-hrvatskom\/#primaryimage\"},\"thumbnailUrl\":\"https:\/\/tuzlainfo.ba\/wp-content\/uploads\/2018\/08\/sadrzaj_2018_20180801_2008_izvoz.jpg\",\"keywords\":[\"izvoz\"],\"articleSection\":[\"Bosna i Hercegovina\"],\"inLanguage\":\"bs-BA\"},{\"@type\":\"WebPage\",\"@id\":\"https:\/\/tuzlainfo.ba\/index.php\/bosna-i-hercegovina\/item\/142108-izvoznici-sljiva-i-kornisona-iz-bih-moraju-najaviti-dolazak-na-prelaz-gradiska-sa-hrvatskom\/\",\"url\":\"https:\/\/tuzlainfo.ba\/index.php\/bosna-i-hercegovina\/item\/142108-izvoznici-sljiva-i-kornisona-iz-bih-moraju-najaviti-dolazak-na-prelaz-gradiska-sa-hrvatskom\/\",\"name\":\"Izvoznici \u0161ljiva i korni\u0161ona iz BiH moraju najaviti dolazak na prelaz Gradi\u0161ka sa Hrvatskom - TuzlaInfo.ba\",\"isPartOf\":{\"@id\":\"https:\/\/tuzlainfo.ba\/#website\"},\"primaryImageOfPage\":{\"@id\":\"https:\/\/tuzlainfo.ba\/index.php\/bosna-i-hercegovina\/item\/142108-izvoznici-sljiva-i-kornisona-iz-bih-moraju-najaviti-dolazak-na-prelaz-gradiska-sa-hrvatskom\/#primaryimage\"},\"image\":{\"@id\":\"https:\/\/tuzlainfo.ba\/index.php\/bosna-i-hercegovina\/item\/142108-izvoznici-sljiva-i-kornisona-iz-bih-moraju-najaviti-dolazak-na-prelaz-gradiska-sa-hrvatskom\/#primaryimage\"},\"thumbnailUrl\":\"https:\/\/tuzlainfo.ba\/wp-content\/uploads\/2018\/08\/sadrzaj_2018_20180801_2008_izvoz.jpg\",\"datePublished\":\"2021-07-16T10:40:58+00:00\",\"dateModified\":\"2021-07-16T09:41:09+00:00\",\"breadcrumb\":{\"@id\":\"https:\/\/tuzlainfo.ba\/index.php\/bosna-i-hercegovina\/item\/142108-izvoznici-sljiva-i-kornisona-iz-bih-moraju-najaviti-dolazak-na-prelaz-gradiska-sa-hrvatskom\/#breadcrumb\"},\"inLanguage\":\"bs-BA\",\"potentialAction\":[{\"@type\":\"ReadAction\",\"target\":[\"https:\/\/tuzlainfo.ba\/index.php\/bosna-i-hercegovina\/item\/142108-izvoznici-sljiva-i-kornisona-iz-bih-moraju-najaviti-dolazak-na-prelaz-gradiska-sa-hrvatskom\/\"]}]},{\"@type\":\"ImageObject\",\"inLanguage\":\"bs-BA\",\"@id\":\"https:\/\/tuzlainfo.ba\/index.php\/bosna-i-hercegovina\/item\/142108-izvoznici-sljiva-i-kornisona-iz-bih-moraju-najaviti-dolazak-na-prelaz-gradiska-sa-hrvatskom\/#primaryimage\",\"url\":\"https:\/\/tuzlainfo.ba\/wp-content\/uploads\/2018\/08\/sadrzaj_2018_20180801_2008_izvoz.jpg\",\"contentUrl\":\"https:\/\/tuzlainfo.ba\/wp-content\/uploads\/2018\/08\/sadrzaj_2018_20180801_2008_izvoz.jpg\",\"width\":770,\"height\":385,\"caption\":\"2008 izvoz\"},{\"@type\":\"BreadcrumbList\",\"@id\":\"https:\/\/tuzlainfo.ba\/index.php\/bosna-i-hercegovina\/item\/142108-izvoznici-sljiva-i-kornisona-iz-bih-moraju-najaviti-dolazak-na-prelaz-gradiska-sa-hrvatskom\/#breadcrumb\",\"itemListElement\":[{\"@type\":\"ListItem\",\"position\":1,\"name\":\"Home\",\"item\":\"https:\/\/tuzlainfo.ba\/\"},{\"@type\":\"ListItem\",\"position\":2,\"name\":\"Izvoznici \u0161ljiva i korni\u0161ona iz BiH moraju najaviti dolazak na prelaz Gradi\u0161ka sa Hrvatskom\"}]},{\"@type\":\"WebSite\",\"@id\":\"https:\/\/tuzlainfo.ba\/#website\",\"url\":\"https:\/\/tuzlainfo.ba\/\",\"name\":\"TuzlaInfo.ba\",\"description\":\"Tuzla info, gradski informator - Tuzla na dlanu\",\"publisher\":{\"@id\":\"https:\/\/tuzlainfo.ba\/#organization\"},\"potentialAction\":[{\"@type\":\"SearchAction\",\"target\":{\"@type\":\"EntryPoint\",\"urlTemplate\":\"https:\/\/tuzlainfo.ba\/?s={search_term_string}\"},\"query-input\":{\"@type\":\"PropertyValueSpecification\",\"valueRequired\":true,\"valueName\":\"search_term_string\"}}],\"inLanguage\":\"bs-BA\"},{\"@type\":\"Organization\",\"@id\":\"https:\/\/tuzlainfo.ba\/#organization\",\"name\":\"TuzlaInfo.ba\",\"url\":\"https:\/\/tuzlainfo.ba\/\",\"logo\":{\"@type\":\"ImageObject\",\"inLanguage\":\"bs-BA\",\"@id\":\"https:\/\/tuzlainfo.ba\/#\/schema\/logo\/image\/\",\"url\":\"https:\/\/tuzlainfo.ba\/wp-content\/uploads\/2021\/03\/logo-ver-3-1.png\",\"contentUrl\":\"https:\/\/tuzlainfo.ba\/wp-content\/uploads\/2021\/03\/logo-ver-3-1.png\",\"width\":350,\"height\":95,\"caption\":\"TuzlaInfo.ba\"},\"image\":{\"@id\":\"https:\/\/tuzlainfo.ba\/#\/schema\/logo\/image\/\"},\"sameAs\":[\"https:\/\/www.facebook.com\/tuzlainfo.ba\/\"]},{\"@type\":\"Person\",\"@id\":\"https:\/\/tuzlainfo.ba\/#\/schema\/person\/46cad4c57790cbc50781edd14870825a\",\"name\":\"Tuzla Info\",\"image\":{\"@type\":\"ImageObject\",\"inLanguage\":\"bs-BA\",\"@id\":\"https:\/\/tuzlainfo.ba\/#\/schema\/person\/image\/\",\"url\":\"https:\/\/tuzlainfo.ba\/wp-content\/litespeed\/avatar\/b6c453a6c38e3654f2e4416c643fc25c.jpg?ver=1777051911\",\"contentUrl\":\"https:\/\/tuzlainfo.ba\/wp-content\/litespeed\/avatar\/b6c453a6c38e3654f2e4416c643fc25c.jpg?ver=1777051911\",\"caption\":\"Tuzla Info\"}}]}<\/script>\n<!-- \/ Yoast SEO plugin. -->","yoast_head_json":{"title":"Izvoznici \u0161ljiva i korni\u0161ona iz BiH moraju najaviti dolazak na prelaz Gradi\u0161ka sa Hrvatskom - TuzlaInfo.ba","robots":{"index":"index","follow":"follow","max-snippet":"max-snippet:-1","max-image-preview":"max-image-preview:large","max-video-preview":"max-video-preview:-1"},"canonical":"https:\/\/tuzlainfo.ba\/index.php\/bosna-i-hercegovina\/item\/142108-izvoznici-sljiva-i-kornisona-iz-bih-moraju-najaviti-dolazak-na-prelaz-gradiska-sa-hrvatskom\/","og_locale":"bs_BA","og_type":"article","og_title":"Izvoznici \u0161ljiva i korni\u0161ona iz BiH moraju najaviti dolazak na prelaz Gradi\u0161ka sa Hrvatskom - TuzlaInfo.ba","og_description":"Izvoznici \u0161ljiva i korni\u0161ona iz BiH moraju 24 \u010dasa prije izvoza preko grani\u010dnog prelaza Gradi\u0161ka&hellip;","og_url":"https:\/\/tuzlainfo.ba\/index.php\/bosna-i-hercegovina\/item\/142108-izvoznici-sljiva-i-kornisona-iz-bih-moraju-najaviti-dolazak-na-prelaz-gradiska-sa-hrvatskom\/","og_site_name":"TuzlaInfo.ba","article_publisher":"https:\/\/www.facebook.com\/tuzlainfo.ba\/","article_published_time":"2021-07-16T10:40:58+00:00","article_modified_time":"2021-07-16T09:41:09+00:00","og_image":[{"width":770,"height":385,"url":"https:\/\/tuzlainfo.ba\/wp-content\/uploads\/2018\/08\/sadrzaj_2018_20180801_2008_izvoz.jpg","type":"image\/jpeg"}],"author":"Tuzla Info","twitter_card":"summary_large_image","twitter_misc":{"Written by":"Tuzla Info","Est. reading time":"4 minute"},"schema":{"@context":"https:\/\/schema.org","@graph":[{"@type":"Article","@id":"https:\/\/tuzlainfo.ba\/index.php\/bosna-i-hercegovina\/item\/142108-izvoznici-sljiva-i-kornisona-iz-bih-moraju-najaviti-dolazak-na-prelaz-gradiska-sa-hrvatskom\/#article","isPartOf":{"@id":"https:\/\/tuzlainfo.ba\/index.php\/bosna-i-hercegovina\/item\/142108-izvoznici-sljiva-i-kornisona-iz-bih-moraju-najaviti-dolazak-na-prelaz-gradiska-sa-hrvatskom\/"},"author":{"name":"Tuzla Info","@id":"https:\/\/tuzlainfo.ba\/#\/schema\/person\/46cad4c57790cbc50781edd14870825a"},"headline":"Izvoznici \u0161ljiva i korni\u0161ona iz BiH moraju najaviti dolazak na prelaz Gradi\u0161ka sa Hrvatskom","datePublished":"2021-07-16T10:40:58+00:00","dateModified":"2021-07-16T09:41:09+00:00","mainEntityOfPage":{"@id":"https:\/\/tuzlainfo.ba\/index.php\/bosna-i-hercegovina\/item\/142108-izvoznici-sljiva-i-kornisona-iz-bih-moraju-najaviti-dolazak-na-prelaz-gradiska-sa-hrvatskom\/"},"wordCount":760,"commentCount":0,"publisher":{"@id":"https:\/\/tuzlainfo.ba\/#organization"},"image":{"@id":"https:\/\/tuzlainfo.ba\/index.php\/bosna-i-hercegovina\/item\/142108-izvoznici-sljiva-i-kornisona-iz-bih-moraju-najaviti-dolazak-na-prelaz-gradiska-sa-hrvatskom\/#primaryimage"},"thumbnailUrl":"https:\/\/tuzlainfo.ba\/wp-content\/uploads\/2018\/08\/sadrzaj_2018_20180801_2008_izvoz.jpg","keywords":["izvoz"],"articleSection":["Bosna i Hercegovina"],"inLanguage":"bs-BA"},{"@type":"WebPage","@id":"https:\/\/tuzlainfo.ba\/index.php\/bosna-i-hercegovina\/item\/142108-izvoznici-sljiva-i-kornisona-iz-bih-moraju-najaviti-dolazak-na-prelaz-gradiska-sa-hrvatskom\/","url":"https:\/\/tuzlainfo.ba\/index.php\/bosna-i-hercegovina\/item\/142108-izvoznici-sljiva-i-kornisona-iz-bih-moraju-najaviti-dolazak-na-prelaz-gradiska-sa-hrvatskom\/","name":"Izvoznici \u0161ljiva i korni\u0161ona iz BiH moraju najaviti dolazak na prelaz Gradi\u0161ka sa Hrvatskom - TuzlaInfo.ba","isPartOf":{"@id":"https:\/\/tuzlainfo.ba\/#website"},"primaryImageOfPage":{"@id":"https:\/\/tuzlainfo.ba\/index.php\/bosna-i-hercegovina\/item\/142108-izvoznici-sljiva-i-kornisona-iz-bih-moraju-najaviti-dolazak-na-prelaz-gradiska-sa-hrvatskom\/#primaryimage"},"image":{"@id":"https:\/\/tuzlainfo.ba\/index.php\/bosna-i-hercegovina\/item\/142108-izvoznici-sljiva-i-kornisona-iz-bih-moraju-najaviti-dolazak-na-prelaz-gradiska-sa-hrvatskom\/#primaryimage"},"thumbnailUrl":"https:\/\/tuzlainfo.ba\/wp-content\/uploads\/2018\/08\/sadrzaj_2018_20180801_2008_izvoz.jpg","datePublished":"2021-07-16T10:40:58+00:00","dateModified":"2021-07-16T09:41:09+00:00","breadcrumb":{"@id":"https:\/\/tuzlainfo.ba\/index.php\/bosna-i-hercegovina\/item\/142108-izvoznici-sljiva-i-kornisona-iz-bih-moraju-najaviti-dolazak-na-prelaz-gradiska-sa-hrvatskom\/#breadcrumb"},"inLanguage":"bs-BA","potentialAction":[{"@type":"ReadAction","target":["https:\/\/tuzlainfo.ba\/index.php\/bosna-i-hercegovina\/item\/142108-izvoznici-sljiva-i-kornisona-iz-bih-moraju-najaviti-dolazak-na-prelaz-gradiska-sa-hrvatskom\/"]}]},{"@type":"ImageObject","inLanguage":"bs-BA","@id":"https:\/\/tuzlainfo.ba\/index.php\/bosna-i-hercegovina\/item\/142108-izvoznici-sljiva-i-kornisona-iz-bih-moraju-najaviti-dolazak-na-prelaz-gradiska-sa-hrvatskom\/#primaryimage","url":"https:\/\/tuzlainfo.ba\/wp-content\/uploads\/2018\/08\/sadrzaj_2018_20180801_2008_izvoz.jpg","contentUrl":"https:\/\/tuzlainfo.ba\/wp-content\/uploads\/2018\/08\/sadrzaj_2018_20180801_2008_izvoz.jpg","width":770,"height":385,"caption":"2008 izvoz"},{"@type":"BreadcrumbList","@id":"https:\/\/tuzlainfo.ba\/index.php\/bosna-i-hercegovina\/item\/142108-izvoznici-sljiva-i-kornisona-iz-bih-moraju-najaviti-dolazak-na-prelaz-gradiska-sa-hrvatskom\/#breadcrumb","itemListElement":[{"@type":"ListItem","position":1,"name":"Home","item":"https:\/\/tuzlainfo.ba\/"},{"@type":"ListItem","position":2,"name":"Izvoznici \u0161ljiva i korni\u0161ona iz BiH moraju najaviti dolazak na prelaz Gradi\u0161ka sa Hrvatskom"}]},{"@type":"WebSite","@id":"https:\/\/tuzlainfo.ba\/#website","url":"https:\/\/tuzlainfo.ba\/","name":"TuzlaInfo.ba","description":"Tuzla info, gradski informator - Tuzla na dlanu","publisher":{"@id":"https:\/\/tuzlainfo.ba\/#organization"},"potentialAction":[{"@type":"SearchAction","target":{"@type":"EntryPoint","urlTemplate":"https:\/\/tuzlainfo.ba\/?s={search_term_string}"},"query-input":{"@type":"PropertyValueSpecification","valueRequired":true,"valueName":"search_term_string"}}],"inLanguage":"bs-BA"},{"@type":"Organization","@id":"https:\/\/tuzlainfo.ba\/#organization","name":"TuzlaInfo.ba","url":"https:\/\/tuzlainfo.ba\/","logo":{"@type":"ImageObject","inLanguage":"bs-BA","@id":"https:\/\/tuzlainfo.ba\/#\/schema\/logo\/image\/","url":"https:\/\/tuzlainfo.ba\/wp-content\/uploads\/2021\/03\/logo-ver-3-1.png","contentUrl":"https:\/\/tuzlainfo.ba\/wp-content\/uploads\/2021\/03\/logo-ver-3-1.png","width":350,"height":95,"caption":"TuzlaInfo.ba"},"image":{"@id":"https:\/\/tuzlainfo.ba\/#\/schema\/logo\/image\/"},"sameAs":["https:\/\/www.facebook.com\/tuzlainfo.ba\/"]},{"@type":"Person","@id":"https:\/\/tuzlainfo.ba\/#\/schema\/person\/46cad4c57790cbc50781edd14870825a","name":"Tuzla Info","image":{"@type":"ImageObject","inLanguage":"bs-BA","@id":"https:\/\/tuzlainfo.ba\/#\/schema\/person\/image\/","url":"https:\/\/tuzlainfo.ba\/wp-content\/litespeed\/avatar\/b6c453a6c38e3654f2e4416c643fc25c.jpg?ver=1777051911","contentUrl":"https:\/\/tuzlainfo.ba\/wp-content\/litespeed\/avatar\/b6c453a6c38e3654f2e4416c643fc25c.jpg?ver=1777051911","caption":"Tuzla Info"}}]}},"_links":{"self":[{"href":"https:\/\/tuzlainfo.ba\/index.php\/wp-json\/wp\/v2\/posts\/142108"}],"collection":[{"href":"https:\/\/tuzlainfo.ba\/index.php\/wp-json\/wp\/v2\/posts"}],"about":[{"href":"https:\/\/tuzlainfo.ba\/index.php\/wp-json\/wp\/v2\/types\/post"}],"author":[{"embeddable":true,"href":"https:\/\/tuzlainfo.ba\/index.php\/wp-json\/wp\/v2\/users\/4"}],"replies":[{"embeddable":true,"href":"https:\/\/tuzlainfo.ba\/index.php\/wp-json\/wp\/v2\/comments?post=142108"}],"version-history":[{"count":0,"href":"https:\/\/tuzlainfo.ba\/index.php\/wp-json\/wp\/v2\/posts\/142108\/revisions"}],"wp:featuredmedia":[{"embeddable":true,"href":"https:\/\/tuzlainfo.ba\/index.php\/wp-json\/wp\/v2\/media\/63537"}],"wp:attachment":[{"href":"https:\/\/tuzlainfo.ba\/index.php\/wp-json\/wp\/v2\/media?parent=142108"}],"wp:term":[{"taxonomy":"category","embeddable":true,"href":"https:\/\/tuzlainfo.ba\/index.php\/wp-json\/wp\/v2\/categories?post=142108"},{"taxonomy":"post_tag","embeddable":true,"href":"https:\/\/tuzlainfo.ba\/index.php\/wp-json\/wp\/v2\/tags?post=142108"}],"curies":[{"name":"wp","href":"https:\/\/api.w.org\/{rel}","templated":true}]}}