{"id":142006,"date":"2021-07-15T17:00:56","date_gmt":"2021-07-15T15:00:56","guid":{"rendered":"https:\/\/tuzlainfo.ba\/?p=142006"},"modified":"2021-07-15T15:26:03","modified_gmt":"2021-07-15T13:26:03","slug":"mladi-tuzle-objavljen-poziv-za-upis-u-filmski-studio","status":"publish","type":"post","link":"https:\/\/tuzlainfo.ba\/index.php\/novosti\/item\/142006-mladi-tuzle-objavljen-poziv-za-upis-u-filmski-studio\/","title":{"rendered":"&#8220;Mladi Tuzle&#8221;: Objavljen poziv za upis u Filmski studio"},"content":{"rendered":"<p>Suo\u010deni iskustvom obustavljanja rada u 2020. godini zbog COVID 19, mladi Tuzle su realizovali analizu potreba mladih Tuzle, te donijeli odluku o pro\u0161irenju palete svojih usluga. S tim u vezi, a nakon pozitivnih ishoda snimanja i produkcije tri igrana filma, pokre\u0107e se Filmski studio Mladih Tuzle za uzrast od 14 do 24 godine, a sve sa ciljem afirmacije filmske, multimedijalne i audiovizuelne umjetnosti. Namjera je da se u okviru Filmskog studija Mladih Tuzle realizuju programi i aktivnosti:<\/p>\n<p>\uf02d\u00a0\u00a0\u00a0\u00a0\u00a0\u00a0\u00a0\u00a0\u00a0\u00a0\u00a0\u00a0 redovnih sedmi\u010dnih teorijsko-prakti\u010dnih filmskih radionica na kojima \u0107e se polaznici podu\u010diti svim elementima filma, filmskog jezika i filma kao umjetnosti,<\/p>\n<p>\uf02d\u00a0\u00a0\u00a0\u00a0\u00a0\u00a0\u00a0\u00a0\u00a0\u00a0\u00a0\u00a0 produkcije (pretprodukcije, produkcije, postprodukcije) i koprodukcije igranih, dokumentarnih, dugometra\u017enih, kratkometra\u017enih i animiranih filmova, emisija i serija za sve uzraste u odnosu na uo\u010dene tematike od strane polaznika studija,<\/p>\n<p>\uf02d\u00a0\u00a0\u00a0\u00a0\u00a0\u00a0\u00a0\u00a0\u00a0\u00a0\u00a0\u00a0 pokretanje, organizacija i u\u010de\u0161\u0107e na filmskim festivalima u zemlji i inostranstvu,<\/p>\n<p>\uf02d\u00a0\u00a0\u00a0\u00a0\u00a0\u00a0\u00a0\u00a0\u00a0\u00a0\u00a0\u00a0 kreiranje i realizacija razli\u010ditih aktivnosti i projekata u podru\u010dju audio, video, tekstualnih, fotografskih, animacijskih i interaktivnih medija,<\/p>\n<p>\uf02d\u00a0\u00a0\u00a0\u00a0\u00a0\u00a0\u00a0\u00a0\u00a0\u00a0\u00a0\u00a0 kreiranje razli\u010ditih radio i TV emisija informativnog, edukativnog i kulturno-zabavnog programa,<\/p>\n<p>\uf02d\u00a0\u00a0\u00a0\u00a0\u00a0\u00a0\u00a0\u00a0\u00a0\u00a0\u00a0\u00a0 realizacija inovativnih programa u podru\u010dju filmske, multimedijalne i audiovizuelne umjetnosti,<\/p>\n<p>\uf02d\u00a0\u00a0\u00a0\u00a0\u00a0\u00a0\u00a0\u00a0\u00a0\u00a0\u00a0\u00a0 kreiranje razli\u010ditih modela marketin\u0161kih usluga (osmi\u0161ljavanje, pokretanje i realizacija kampanja, lobiranja i javnih zagovaranja; produkcija radio, TV, internet klipova i d\u017einglova; pokretanje internet portala i kanala; snimanje promotivnih i muzi\u010dkih spotova; dizajniranje razli\u010ditih promotivnih materijala, plakata, letaka, banera).<\/p>\n<p>Voditelji filmskih radionicu su mladi diplomirani glumci, producenti i reditelji.<\/p>\n<p>Upis traje od 15.7 \u2013 31.7.2021. godine pozivom na broj 061 365 600.<\/p>\n<p>Radionice po\u010detne faze realizuju se od avgusta do decembra 2021. godine u okviru koje \u0107e polaznici producirati dva kratka igrana filma dru\u0161tveno-anga\u017eovane tematike. Produkcijom filmova polaznici \u0107e zavr\u0161iti po\u010detnu fazu i dobiti Certifikat o zavr\u0161enoj po\u010detnoj fazi \u010dime stje\u010du preduslove za poha\u0111anje napredne faze u 2022. godini.<\/p>\n<p>Udru\u017eenje \u201eMladi Tuzle\u201c Tuzla osnovano 2004. godine i Pozori\u0161te mladih Tuzle osnovano 2008. godine, ve\u0107 17 godina u gradu Tuzli i Tuzlanskom kantonu predstavljaju mjesto sigurnog odrastanja za hiljade djece, mladih, ali i odraslih. Partnerskim radom ove dvije organizacije, redovno prate krajnje potrebe djece i mladih, te u skladu s uo\u010denim potrebama, pokre\u0107u razli\u010dite aktivnosti od zna\u010daja za sretno i zdravo odrastanje, odgoj i obrazovanje djece i mladih.<\/p>\n","protected":false},"excerpt":{"rendered":"<p>Suo\u010deni iskustvom obustavljanja rada u 2020. godini zbog COVID 19, mladi Tuzle su realizovali analizu&hellip;<\/p>\n","protected":false},"author":4,"featured_media":142007,"comment_status":"open","ping_status":"closed","sticky":false,"template":"","format":"standard","meta":{"_acf_changed":false,"footnotes":""},"categories":[12],"tags":[514],"acf":[],"yoast_head":"<!-- This site is optimized with the Yoast SEO plugin v23.5 - https:\/\/yoast.com\/wordpress\/plugins\/seo\/ -->\n<title>&quot;Mladi Tuzle&quot;: Objavljen poziv za upis u Filmski studio - TuzlaInfo.ba<\/title>\n<meta name=\"robots\" content=\"index, follow, max-snippet:-1, max-image-preview:large, max-video-preview:-1\" \/>\n<link rel=\"canonical\" href=\"https:\/\/tuzlainfo.ba\/index.php\/novosti\/item\/142006-mladi-tuzle-objavljen-poziv-za-upis-u-filmski-studio\/\" \/>\n<meta property=\"og:locale\" content=\"bs_BA\" \/>\n<meta property=\"og:type\" content=\"article\" \/>\n<meta property=\"og:title\" content=\"&quot;Mladi Tuzle&quot;: Objavljen poziv za upis u Filmski studio - TuzlaInfo.ba\" \/>\n<meta property=\"og:description\" content=\"Suo\u010deni iskustvom obustavljanja rada u 2020. godini zbog COVID 19, mladi Tuzle su realizovali analizu&hellip;\" \/>\n<meta property=\"og:url\" content=\"https:\/\/tuzlainfo.ba\/index.php\/novosti\/item\/142006-mladi-tuzle-objavljen-poziv-za-upis-u-filmski-studio\/\" \/>\n<meta property=\"og:site_name\" content=\"TuzlaInfo.ba\" \/>\n<meta property=\"article:publisher\" content=\"https:\/\/www.facebook.com\/tuzlainfo.ba\/\" \/>\n<meta property=\"article:published_time\" content=\"2021-07-15T15:00:56+00:00\" \/>\n<meta property=\"article:modified_time\" content=\"2021-07-15T13:26:03+00:00\" \/>\n<meta property=\"og:image\" content=\"https:\/\/tuzlainfo.ba\/wp-content\/uploads\/2021\/07\/1507_mladi-tuzle1.jpg\" \/>\n\t<meta property=\"og:image:width\" content=\"1078\" \/>\n\t<meta property=\"og:image:height\" content=\"715\" \/>\n\t<meta property=\"og:image:type\" content=\"image\/jpeg\" \/>\n<meta name=\"author\" content=\"Tuzla Info\" \/>\n<meta name=\"twitter:card\" content=\"summary_large_image\" \/>\n<meta name=\"twitter:label1\" content=\"Written by\" \/>\n\t<meta name=\"twitter:data1\" content=\"Tuzla Info\" \/>\n\t<meta name=\"twitter:label2\" content=\"Est. reading time\" \/>\n\t<meta name=\"twitter:data2\" content=\"2 minute\" \/>\n<script type=\"application\/ld+json\" class=\"yoast-schema-graph\">{\"@context\":\"https:\/\/schema.org\",\"@graph\":[{\"@type\":\"Article\",\"@id\":\"https:\/\/tuzlainfo.ba\/index.php\/novosti\/item\/142006-mladi-tuzle-objavljen-poziv-za-upis-u-filmski-studio\/#article\",\"isPartOf\":{\"@id\":\"https:\/\/tuzlainfo.ba\/index.php\/novosti\/item\/142006-mladi-tuzle-objavljen-poziv-za-upis-u-filmski-studio\/\"},\"author\":{\"name\":\"Tuzla Info\",\"@id\":\"https:\/\/tuzlainfo.ba\/#\/schema\/person\/46cad4c57790cbc50781edd14870825a\"},\"headline\":\"&#8220;Mladi Tuzle&#8221;: Objavljen poziv za upis u Filmski studio\",\"datePublished\":\"2021-07-15T15:00:56+00:00\",\"dateModified\":\"2021-07-15T13:26:03+00:00\",\"mainEntityOfPage\":{\"@id\":\"https:\/\/tuzlainfo.ba\/index.php\/novosti\/item\/142006-mladi-tuzle-objavljen-poziv-za-upis-u-filmski-studio\/\"},\"wordCount\":380,\"commentCount\":0,\"publisher\":{\"@id\":\"https:\/\/tuzlainfo.ba\/#organization\"},\"image\":{\"@id\":\"https:\/\/tuzlainfo.ba\/index.php\/novosti\/item\/142006-mladi-tuzle-objavljen-poziv-za-upis-u-filmski-studio\/#primaryimage\"},\"thumbnailUrl\":\"https:\/\/tuzlainfo.ba\/wp-content\/uploads\/2021\/07\/1507_mladi-tuzle1.jpg\",\"keywords\":[\"mladi tuzle\"],\"articleSection\":[\"Novosti\"],\"inLanguage\":\"bs-BA\"},{\"@type\":\"WebPage\",\"@id\":\"https:\/\/tuzlainfo.ba\/index.php\/novosti\/item\/142006-mladi-tuzle-objavljen-poziv-za-upis-u-filmski-studio\/\",\"url\":\"https:\/\/tuzlainfo.ba\/index.php\/novosti\/item\/142006-mladi-tuzle-objavljen-poziv-za-upis-u-filmski-studio\/\",\"name\":\"\\\"Mladi Tuzle\\\": Objavljen poziv za upis u Filmski studio - TuzlaInfo.ba\",\"isPartOf\":{\"@id\":\"https:\/\/tuzlainfo.ba\/#website\"},\"primaryImageOfPage\":{\"@id\":\"https:\/\/tuzlainfo.ba\/index.php\/novosti\/item\/142006-mladi-tuzle-objavljen-poziv-za-upis-u-filmski-studio\/#primaryimage\"},\"image\":{\"@id\":\"https:\/\/tuzlainfo.ba\/index.php\/novosti\/item\/142006-mladi-tuzle-objavljen-poziv-za-upis-u-filmski-studio\/#primaryimage\"},\"thumbnailUrl\":\"https:\/\/tuzlainfo.ba\/wp-content\/uploads\/2021\/07\/1507_mladi-tuzle1.jpg\",\"datePublished\":\"2021-07-15T15:00:56+00:00\",\"dateModified\":\"2021-07-15T13:26:03+00:00\",\"breadcrumb\":{\"@id\":\"https:\/\/tuzlainfo.ba\/index.php\/novosti\/item\/142006-mladi-tuzle-objavljen-poziv-za-upis-u-filmski-studio\/#breadcrumb\"},\"inLanguage\":\"bs-BA\",\"potentialAction\":[{\"@type\":\"ReadAction\",\"target\":[\"https:\/\/tuzlainfo.ba\/index.php\/novosti\/item\/142006-mladi-tuzle-objavljen-poziv-za-upis-u-filmski-studio\/\"]}]},{\"@type\":\"ImageObject\",\"inLanguage\":\"bs-BA\",\"@id\":\"https:\/\/tuzlainfo.ba\/index.php\/novosti\/item\/142006-mladi-tuzle-objavljen-poziv-za-upis-u-filmski-studio\/#primaryimage\",\"url\":\"https:\/\/tuzlainfo.ba\/wp-content\/uploads\/2021\/07\/1507_mladi-tuzle1.jpg\",\"contentUrl\":\"https:\/\/tuzlainfo.ba\/wp-content\/uploads\/2021\/07\/1507_mladi-tuzle1.jpg\",\"width\":1078,\"height\":715},{\"@type\":\"BreadcrumbList\",\"@id\":\"https:\/\/tuzlainfo.ba\/index.php\/novosti\/item\/142006-mladi-tuzle-objavljen-poziv-za-upis-u-filmski-studio\/#breadcrumb\",\"itemListElement\":[{\"@type\":\"ListItem\",\"position\":1,\"name\":\"Home\",\"item\":\"https:\/\/tuzlainfo.ba\/\"},{\"@type\":\"ListItem\",\"position\":2,\"name\":\"&#8220;Mladi Tuzle&#8221;: Objavljen poziv za upis u Filmski studio\"}]},{\"@type\":\"WebSite\",\"@id\":\"https:\/\/tuzlainfo.ba\/#website\",\"url\":\"https:\/\/tuzlainfo.ba\/\",\"name\":\"TuzlaInfo.ba\",\"description\":\"Tuzla info, gradski informator - Tuzla na dlanu\",\"publisher\":{\"@id\":\"https:\/\/tuzlainfo.ba\/#organization\"},\"potentialAction\":[{\"@type\":\"SearchAction\",\"target\":{\"@type\":\"EntryPoint\",\"urlTemplate\":\"https:\/\/tuzlainfo.ba\/?s={search_term_string}\"},\"query-input\":{\"@type\":\"PropertyValueSpecification\",\"valueRequired\":true,\"valueName\":\"search_term_string\"}}],\"inLanguage\":\"bs-BA\"},{\"@type\":\"Organization\",\"@id\":\"https:\/\/tuzlainfo.ba\/#organization\",\"name\":\"TuzlaInfo.ba\",\"url\":\"https:\/\/tuzlainfo.ba\/\",\"logo\":{\"@type\":\"ImageObject\",\"inLanguage\":\"bs-BA\",\"@id\":\"https:\/\/tuzlainfo.ba\/#\/schema\/logo\/image\/\",\"url\":\"https:\/\/tuzlainfo.ba\/wp-content\/uploads\/2021\/03\/logo-ver-3-1.png\",\"contentUrl\":\"https:\/\/tuzlainfo.ba\/wp-content\/uploads\/2021\/03\/logo-ver-3-1.png\",\"width\":350,\"height\":95,\"caption\":\"TuzlaInfo.ba\"},\"image\":{\"@id\":\"https:\/\/tuzlainfo.ba\/#\/schema\/logo\/image\/\"},\"sameAs\":[\"https:\/\/www.facebook.com\/tuzlainfo.ba\/\"]},{\"@type\":\"Person\",\"@id\":\"https:\/\/tuzlainfo.ba\/#\/schema\/person\/46cad4c57790cbc50781edd14870825a\",\"name\":\"Tuzla Info\",\"image\":{\"@type\":\"ImageObject\",\"inLanguage\":\"bs-BA\",\"@id\":\"https:\/\/tuzlainfo.ba\/#\/schema\/person\/image\/\",\"url\":\"https:\/\/tuzlainfo.ba\/wp-content\/litespeed\/avatar\/b6c453a6c38e3654f2e4416c643fc25c.jpg?ver=1777656712\",\"contentUrl\":\"https:\/\/tuzlainfo.ba\/wp-content\/litespeed\/avatar\/b6c453a6c38e3654f2e4416c643fc25c.jpg?ver=1777656712\",\"caption\":\"Tuzla Info\"}}]}<\/script>\n<!-- \/ Yoast SEO plugin. -->","yoast_head_json":{"title":"\"Mladi Tuzle\": Objavljen poziv za upis u Filmski studio - TuzlaInfo.ba","robots":{"index":"index","follow":"follow","max-snippet":"max-snippet:-1","max-image-preview":"max-image-preview:large","max-video-preview":"max-video-preview:-1"},"canonical":"https:\/\/tuzlainfo.ba\/index.php\/novosti\/item\/142006-mladi-tuzle-objavljen-poziv-za-upis-u-filmski-studio\/","og_locale":"bs_BA","og_type":"article","og_title":"\"Mladi Tuzle\": Objavljen poziv za upis u Filmski studio - TuzlaInfo.ba","og_description":"Suo\u010deni iskustvom obustavljanja rada u 2020. godini zbog COVID 19, mladi Tuzle su realizovali analizu&hellip;","og_url":"https:\/\/tuzlainfo.ba\/index.php\/novosti\/item\/142006-mladi-tuzle-objavljen-poziv-za-upis-u-filmski-studio\/","og_site_name":"TuzlaInfo.ba","article_publisher":"https:\/\/www.facebook.com\/tuzlainfo.ba\/","article_published_time":"2021-07-15T15:00:56+00:00","article_modified_time":"2021-07-15T13:26:03+00:00","og_image":[{"width":1078,"height":715,"url":"https:\/\/tuzlainfo.ba\/wp-content\/uploads\/2021\/07\/1507_mladi-tuzle1.jpg","type":"image\/jpeg"}],"author":"Tuzla Info","twitter_card":"summary_large_image","twitter_misc":{"Written by":"Tuzla Info","Est. reading time":"2 minute"},"schema":{"@context":"https:\/\/schema.org","@graph":[{"@type":"Article","@id":"https:\/\/tuzlainfo.ba\/index.php\/novosti\/item\/142006-mladi-tuzle-objavljen-poziv-za-upis-u-filmski-studio\/#article","isPartOf":{"@id":"https:\/\/tuzlainfo.ba\/index.php\/novosti\/item\/142006-mladi-tuzle-objavljen-poziv-za-upis-u-filmski-studio\/"},"author":{"name":"Tuzla Info","@id":"https:\/\/tuzlainfo.ba\/#\/schema\/person\/46cad4c57790cbc50781edd14870825a"},"headline":"&#8220;Mladi Tuzle&#8221;: Objavljen poziv za upis u Filmski studio","datePublished":"2021-07-15T15:00:56+00:00","dateModified":"2021-07-15T13:26:03+00:00","mainEntityOfPage":{"@id":"https:\/\/tuzlainfo.ba\/index.php\/novosti\/item\/142006-mladi-tuzle-objavljen-poziv-za-upis-u-filmski-studio\/"},"wordCount":380,"commentCount":0,"publisher":{"@id":"https:\/\/tuzlainfo.ba\/#organization"},"image":{"@id":"https:\/\/tuzlainfo.ba\/index.php\/novosti\/item\/142006-mladi-tuzle-objavljen-poziv-za-upis-u-filmski-studio\/#primaryimage"},"thumbnailUrl":"https:\/\/tuzlainfo.ba\/wp-content\/uploads\/2021\/07\/1507_mladi-tuzle1.jpg","keywords":["mladi tuzle"],"articleSection":["Novosti"],"inLanguage":"bs-BA"},{"@type":"WebPage","@id":"https:\/\/tuzlainfo.ba\/index.php\/novosti\/item\/142006-mladi-tuzle-objavljen-poziv-za-upis-u-filmski-studio\/","url":"https:\/\/tuzlainfo.ba\/index.php\/novosti\/item\/142006-mladi-tuzle-objavljen-poziv-za-upis-u-filmski-studio\/","name":"\"Mladi Tuzle\": Objavljen poziv za upis u Filmski studio - TuzlaInfo.ba","isPartOf":{"@id":"https:\/\/tuzlainfo.ba\/#website"},"primaryImageOfPage":{"@id":"https:\/\/tuzlainfo.ba\/index.php\/novosti\/item\/142006-mladi-tuzle-objavljen-poziv-za-upis-u-filmski-studio\/#primaryimage"},"image":{"@id":"https:\/\/tuzlainfo.ba\/index.php\/novosti\/item\/142006-mladi-tuzle-objavljen-poziv-za-upis-u-filmski-studio\/#primaryimage"},"thumbnailUrl":"https:\/\/tuzlainfo.ba\/wp-content\/uploads\/2021\/07\/1507_mladi-tuzle1.jpg","datePublished":"2021-07-15T15:00:56+00:00","dateModified":"2021-07-15T13:26:03+00:00","breadcrumb":{"@id":"https:\/\/tuzlainfo.ba\/index.php\/novosti\/item\/142006-mladi-tuzle-objavljen-poziv-za-upis-u-filmski-studio\/#breadcrumb"},"inLanguage":"bs-BA","potentialAction":[{"@type":"ReadAction","target":["https:\/\/tuzlainfo.ba\/index.php\/novosti\/item\/142006-mladi-tuzle-objavljen-poziv-za-upis-u-filmski-studio\/"]}]},{"@type":"ImageObject","inLanguage":"bs-BA","@id":"https:\/\/tuzlainfo.ba\/index.php\/novosti\/item\/142006-mladi-tuzle-objavljen-poziv-za-upis-u-filmski-studio\/#primaryimage","url":"https:\/\/tuzlainfo.ba\/wp-content\/uploads\/2021\/07\/1507_mladi-tuzle1.jpg","contentUrl":"https:\/\/tuzlainfo.ba\/wp-content\/uploads\/2021\/07\/1507_mladi-tuzle1.jpg","width":1078,"height":715},{"@type":"BreadcrumbList","@id":"https:\/\/tuzlainfo.ba\/index.php\/novosti\/item\/142006-mladi-tuzle-objavljen-poziv-za-upis-u-filmski-studio\/#breadcrumb","itemListElement":[{"@type":"ListItem","position":1,"name":"Home","item":"https:\/\/tuzlainfo.ba\/"},{"@type":"ListItem","position":2,"name":"&#8220;Mladi Tuzle&#8221;: Objavljen poziv za upis u Filmski studio"}]},{"@type":"WebSite","@id":"https:\/\/tuzlainfo.ba\/#website","url":"https:\/\/tuzlainfo.ba\/","name":"TuzlaInfo.ba","description":"Tuzla info, gradski informator - Tuzla na dlanu","publisher":{"@id":"https:\/\/tuzlainfo.ba\/#organization"},"potentialAction":[{"@type":"SearchAction","target":{"@type":"EntryPoint","urlTemplate":"https:\/\/tuzlainfo.ba\/?s={search_term_string}"},"query-input":{"@type":"PropertyValueSpecification","valueRequired":true,"valueName":"search_term_string"}}],"inLanguage":"bs-BA"},{"@type":"Organization","@id":"https:\/\/tuzlainfo.ba\/#organization","name":"TuzlaInfo.ba","url":"https:\/\/tuzlainfo.ba\/","logo":{"@type":"ImageObject","inLanguage":"bs-BA","@id":"https:\/\/tuzlainfo.ba\/#\/schema\/logo\/image\/","url":"https:\/\/tuzlainfo.ba\/wp-content\/uploads\/2021\/03\/logo-ver-3-1.png","contentUrl":"https:\/\/tuzlainfo.ba\/wp-content\/uploads\/2021\/03\/logo-ver-3-1.png","width":350,"height":95,"caption":"TuzlaInfo.ba"},"image":{"@id":"https:\/\/tuzlainfo.ba\/#\/schema\/logo\/image\/"},"sameAs":["https:\/\/www.facebook.com\/tuzlainfo.ba\/"]},{"@type":"Person","@id":"https:\/\/tuzlainfo.ba\/#\/schema\/person\/46cad4c57790cbc50781edd14870825a","name":"Tuzla Info","image":{"@type":"ImageObject","inLanguage":"bs-BA","@id":"https:\/\/tuzlainfo.ba\/#\/schema\/person\/image\/","url":"https:\/\/tuzlainfo.ba\/wp-content\/litespeed\/avatar\/b6c453a6c38e3654f2e4416c643fc25c.jpg?ver=1777656712","contentUrl":"https:\/\/tuzlainfo.ba\/wp-content\/litespeed\/avatar\/b6c453a6c38e3654f2e4416c643fc25c.jpg?ver=1777656712","caption":"Tuzla Info"}}]}},"_links":{"self":[{"href":"https:\/\/tuzlainfo.ba\/index.php\/wp-json\/wp\/v2\/posts\/142006"}],"collection":[{"href":"https:\/\/tuzlainfo.ba\/index.php\/wp-json\/wp\/v2\/posts"}],"about":[{"href":"https:\/\/tuzlainfo.ba\/index.php\/wp-json\/wp\/v2\/types\/post"}],"author":[{"embeddable":true,"href":"https:\/\/tuzlainfo.ba\/index.php\/wp-json\/wp\/v2\/users\/4"}],"replies":[{"embeddable":true,"href":"https:\/\/tuzlainfo.ba\/index.php\/wp-json\/wp\/v2\/comments?post=142006"}],"version-history":[{"count":0,"href":"https:\/\/tuzlainfo.ba\/index.php\/wp-json\/wp\/v2\/posts\/142006\/revisions"}],"wp:featuredmedia":[{"embeddable":true,"href":"https:\/\/tuzlainfo.ba\/index.php\/wp-json\/wp\/v2\/media\/142007"}],"wp:attachment":[{"href":"https:\/\/tuzlainfo.ba\/index.php\/wp-json\/wp\/v2\/media?parent=142006"}],"wp:term":[{"taxonomy":"category","embeddable":true,"href":"https:\/\/tuzlainfo.ba\/index.php\/wp-json\/wp\/v2\/categories?post=142006"},{"taxonomy":"post_tag","embeddable":true,"href":"https:\/\/tuzlainfo.ba\/index.php\/wp-json\/wp\/v2\/tags?post=142006"}],"curies":[{"name":"wp","href":"https:\/\/api.w.org\/{rel}","templated":true}]}}