{"id":141568,"date":"2021-07-11T10:02:03","date_gmt":"2021-07-11T08:02:03","guid":{"rendered":"https:\/\/tuzlainfo.ba\/?p=141568"},"modified":"2021-07-11T08:40:53","modified_gmt":"2021-07-11T06:40:53","slug":"sinoc-u-tuzli-odrzan-centralni-program-manifestacije-sjecanja-na-genocid-nad-bosnjacima","status":"publish","type":"post","link":"https:\/\/tuzlainfo.ba\/index.php\/novosti\/item\/141568-sinoc-u-tuzli-odrzan-centralni-program-manifestacije-sjecanja-na-genocid-nad-bosnjacima\/","title":{"rendered":"Sino\u0107 u Tuzli odr\u017ean Centralni program manifestacije sje\u0107anja na genocid nad Bo\u0161njacima"},"content":{"rendered":"<p>Povodom 11. jula &#8211; Dana sje\u0107anja na genocid nad Bo\u0161njacima na tuzlanskom Trgu slobode u subotu 10. jula 2021. godine uprili\u010den je centralni program ovogodi\u0161nje manifestacije \u201e11. juli u Tuzli\u201c.<\/p>\n<p>Program koji je protkan sna\u017enim porukama sje\u0107anja i autenti\u010dnim kazivanjima o golgotama i strahotama de\u0161avanja u Bosanskom Podrinju u ljeto 1995. godine izveli su glumci tuzlanskog Narodnog pozori\u0161ta.<\/p>\n<p>Tematski pa\u017eljivo birane ilahije i kaside izveli su \u010dlanovi horova \u201eGazi Turali-beg\u201c i Mre\u017ee mladih i Asocijacije \u017eena Med\u017elisa Tuzla, kao i polaznici tuzlanskih mekteba.<\/p>\n<p>Jasnu opredjeljenost i podr\u0161ku njegovanju istine i kulture sje\u0107anja na genocid koja se ovim programom \u0161alje iz Tuzle svojim prisustvom jo\u0161 jednom su potvrdili glavni imam hafiz Ahmed-ef. Huskanovi\u0107, direktor Instituta za dru\u0161tvena i religijska istra\u017eivanja dr. \u0160efko Sulejmanovi\u0107, direktor biblioteke \u201cBehram-beg\u201d mr. Admir Muratovi\u0107, predstavnici Udru\u017eenja dobitnika najvi\u0161ih ratnih priznanja &#8220;Zlatni ljiljan&#8221;, predstavnici institucija, udru\u017eenja i veliki broj gra\u0111ana Tuzle.<\/p>\n<div id=\"penci-post-gallery__97499\" class=\"penci-post-gallery-container masonry grid column-3\" data-height=\"150\" data-margin=\"3\"><div class=\"inner-gallery-masonry-container\"><div class=\"item-gallery-masonry grid\"><a class=\"\" href=\"https:\/\/tuzlainfo.ba\/wp-content\/uploads\/2021\/07\/1107_11juli_4.jpg\"><div class=\"inner-item-masonry-gallery\"><img decoding=\"async\" src=\"https:\/\/tuzlainfo.ba\/wp-content\/uploads\/2021\/07\/1107_11juli_4-585x390.jpg\" alt=\"\" title=\"1107_11juli_4\"><\/div><\/a><\/div><div class=\"item-gallery-masonry grid\"><a class=\"\" href=\"https:\/\/tuzlainfo.ba\/wp-content\/uploads\/2021\/07\/1107_11juli_3.jpg\"><div class=\"inner-item-masonry-gallery\"><img decoding=\"async\" src=\"https:\/\/tuzlainfo.ba\/wp-content\/uploads\/2021\/07\/1107_11juli_3-585x390.jpg\" alt=\"\" title=\"1107_11juli_3\"><\/div><\/a><\/div><div class=\"item-gallery-masonry grid\"><a class=\"\" href=\"https:\/\/tuzlainfo.ba\/wp-content\/uploads\/2021\/07\/1107_11juli_2.jpg\"><div class=\"inner-item-masonry-gallery\"><img decoding=\"async\" src=\"https:\/\/tuzlainfo.ba\/wp-content\/uploads\/2021\/07\/1107_11juli_2-585x390.jpg\" alt=\"\" title=\"1107_11juli_2\"><\/div><\/a><\/div><\/div><\/div>\n<p>Med\u017elis Islamske zajednice Tuzla, ve\u0107 tre\u0107i put, organizuje manifestaciju \u201e11. juli u Tuzli\u201c u saradnji sa Narodnim pozori\u0161tem Tuzla, Institutom za dru\u0161tvena i religijska istra\u017eivanja, Koordinacijom bora\u010dkih organizacija Grada Tuzla, BZK \u201ePreporod\u201c Tuzla i JU Specijalnom bibliotekom \u201eBehram-beg\u201c.<\/p>\n<p>Podr\u0161ku u organizaciji manifestacije koja za cilj ima trajno i zajedni\u010dko njegovanje kulture sje\u0107anja i pam\u0107enja genocida koji je po\u010dinjen nad Bo\u0161njacima u na\u0161oj domovini dali su Muftijstvo tuzlansko i Grad Tuzla.<\/p>\n<p>U narednim danima mjeseca jula u tuzlanskim d\u017eematima i mektebima realizovati \u0107e tematske aktivnosti koje za cilj imaju sje\u0107anje na po\u010dinjeni genocid. Bit \u0107e uprili\u010dene posjete Podrinju, te \u0107e se uzeti u\u010de\u0161\u0107e u razli\u010ditim sadr\u017eajima koji se realizuju na tom podru\u010dju &#8211; navedeno je u informaciji Med\u017elisa IZ Tuzla.<\/p>\n","protected":false},"excerpt":{"rendered":"<p>Povodom 11. jula &#8211; Dana sje\u0107anja na genocid nad Bo\u0161njacima na tuzlanskom Trgu slobode u&hellip;<\/p>\n","protected":false},"author":2,"featured_media":141569,"comment_status":"open","ping_status":"closed","sticky":false,"template":"","format":"standard","meta":{"_acf_changed":false,"footnotes":""},"categories":[304,12],"tags":[1823,369,352],"acf":[],"yoast_head":"<!-- This site is optimized with the Yoast SEO plugin v23.5 - https:\/\/yoast.com\/wordpress\/plugins\/seo\/ -->\n<title>Sino\u0107 u Tuzli odr\u017ean Centralni program manifestacije sje\u0107anja na genocid nad Bo\u0161njacima - TuzlaInfo.ba<\/title>\n<meta name=\"robots\" content=\"index, follow, max-snippet:-1, max-image-preview:large, max-video-preview:-1\" \/>\n<link rel=\"canonical\" href=\"https:\/\/tuzlainfo.ba\/index.php\/novosti\/item\/141568-sinoc-u-tuzli-odrzan-centralni-program-manifestacije-sjecanja-na-genocid-nad-bosnjacima\/\" \/>\n<meta property=\"og:locale\" content=\"bs_BA\" \/>\n<meta property=\"og:type\" content=\"article\" \/>\n<meta property=\"og:title\" content=\"Sino\u0107 u Tuzli odr\u017ean Centralni program manifestacije sje\u0107anja na genocid nad Bo\u0161njacima - TuzlaInfo.ba\" \/>\n<meta property=\"og:description\" content=\"Povodom 11. jula &#8211; Dana sje\u0107anja na genocid nad Bo\u0161njacima na tuzlanskom Trgu slobode u&hellip;\" \/>\n<meta property=\"og:url\" content=\"https:\/\/tuzlainfo.ba\/index.php\/novosti\/item\/141568-sinoc-u-tuzli-odrzan-centralni-program-manifestacije-sjecanja-na-genocid-nad-bosnjacima\/\" \/>\n<meta property=\"og:site_name\" content=\"TuzlaInfo.ba\" \/>\n<meta property=\"article:publisher\" content=\"https:\/\/www.facebook.com\/tuzlainfo.ba\/\" \/>\n<meta property=\"article:published_time\" content=\"2021-07-11T08:02:03+00:00\" \/>\n<meta property=\"article:modified_time\" content=\"2021-07-11T06:40:53+00:00\" \/>\n<meta property=\"og:image\" content=\"https:\/\/tuzlainfo.ba\/wp-content\/uploads\/2021\/07\/1107_11juli_1.jpg\" \/>\n\t<meta property=\"og:image:width\" content=\"1024\" \/>\n\t<meta property=\"og:image:height\" content=\"683\" \/>\n\t<meta property=\"og:image:type\" content=\"image\/jpeg\" \/>\n<meta name=\"author\" content=\"nedim\" \/>\n<meta name=\"twitter:card\" content=\"summary_large_image\" \/>\n<meta name=\"twitter:label1\" content=\"Written by\" \/>\n\t<meta name=\"twitter:data1\" content=\"nedim\" \/>\n\t<meta name=\"twitter:label2\" content=\"Est. reading time\" \/>\n\t<meta name=\"twitter:data2\" content=\"2 minute\" \/>\n<script type=\"application\/ld+json\" class=\"yoast-schema-graph\">{\"@context\":\"https:\/\/schema.org\",\"@graph\":[{\"@type\":\"Article\",\"@id\":\"https:\/\/tuzlainfo.ba\/index.php\/novosti\/item\/141568-sinoc-u-tuzli-odrzan-centralni-program-manifestacije-sjecanja-na-genocid-nad-bosnjacima\/#article\",\"isPartOf\":{\"@id\":\"https:\/\/tuzlainfo.ba\/index.php\/novosti\/item\/141568-sinoc-u-tuzli-odrzan-centralni-program-manifestacije-sjecanja-na-genocid-nad-bosnjacima\/\"},\"author\":{\"name\":\"nedim\",\"@id\":\"https:\/\/tuzlainfo.ba\/#\/schema\/person\/f434e20dc27ea133923aab08451b7f7f\"},\"headline\":\"Sino\u0107 u Tuzli odr\u017ean Centralni program manifestacije sje\u0107anja na genocid nad Bo\u0161njacima\",\"datePublished\":\"2021-07-11T08:02:03+00:00\",\"dateModified\":\"2021-07-11T06:40:53+00:00\",\"mainEntityOfPage\":{\"@id\":\"https:\/\/tuzlainfo.ba\/index.php\/novosti\/item\/141568-sinoc-u-tuzli-odrzan-centralni-program-manifestacije-sjecanja-na-genocid-nad-bosnjacima\/\"},\"wordCount\":319,\"commentCount\":0,\"publisher\":{\"@id\":\"https:\/\/tuzlainfo.ba\/#organization\"},\"image\":{\"@id\":\"https:\/\/tuzlainfo.ba\/index.php\/novosti\/item\/141568-sinoc-u-tuzli-odrzan-centralni-program-manifestacije-sjecanja-na-genocid-nad-bosnjacima\/#primaryimage\"},\"thumbnailUrl\":\"https:\/\/tuzlainfo.ba\/wp-content\/uploads\/2021\/07\/1107_11juli_1.jpg\",\"keywords\":[\"11. juli\",\"genocid\",\"srebrenica\"],\"articleSection\":[\"Istaknuto\",\"Novosti\"],\"inLanguage\":\"bs-BA\"},{\"@type\":\"WebPage\",\"@id\":\"https:\/\/tuzlainfo.ba\/index.php\/novosti\/item\/141568-sinoc-u-tuzli-odrzan-centralni-program-manifestacije-sjecanja-na-genocid-nad-bosnjacima\/\",\"url\":\"https:\/\/tuzlainfo.ba\/index.php\/novosti\/item\/141568-sinoc-u-tuzli-odrzan-centralni-program-manifestacije-sjecanja-na-genocid-nad-bosnjacima\/\",\"name\":\"Sino\u0107 u Tuzli odr\u017ean Centralni program manifestacije sje\u0107anja na genocid nad Bo\u0161njacima - TuzlaInfo.ba\",\"isPartOf\":{\"@id\":\"https:\/\/tuzlainfo.ba\/#website\"},\"primaryImageOfPage\":{\"@id\":\"https:\/\/tuzlainfo.ba\/index.php\/novosti\/item\/141568-sinoc-u-tuzli-odrzan-centralni-program-manifestacije-sjecanja-na-genocid-nad-bosnjacima\/#primaryimage\"},\"image\":{\"@id\":\"https:\/\/tuzlainfo.ba\/index.php\/novosti\/item\/141568-sinoc-u-tuzli-odrzan-centralni-program-manifestacije-sjecanja-na-genocid-nad-bosnjacima\/#primaryimage\"},\"thumbnailUrl\":\"https:\/\/tuzlainfo.ba\/wp-content\/uploads\/2021\/07\/1107_11juli_1.jpg\",\"datePublished\":\"2021-07-11T08:02:03+00:00\",\"dateModified\":\"2021-07-11T06:40:53+00:00\",\"breadcrumb\":{\"@id\":\"https:\/\/tuzlainfo.ba\/index.php\/novosti\/item\/141568-sinoc-u-tuzli-odrzan-centralni-program-manifestacije-sjecanja-na-genocid-nad-bosnjacima\/#breadcrumb\"},\"inLanguage\":\"bs-BA\",\"potentialAction\":[{\"@type\":\"ReadAction\",\"target\":[\"https:\/\/tuzlainfo.ba\/index.php\/novosti\/item\/141568-sinoc-u-tuzli-odrzan-centralni-program-manifestacije-sjecanja-na-genocid-nad-bosnjacima\/\"]}]},{\"@type\":\"ImageObject\",\"inLanguage\":\"bs-BA\",\"@id\":\"https:\/\/tuzlainfo.ba\/index.php\/novosti\/item\/141568-sinoc-u-tuzli-odrzan-centralni-program-manifestacije-sjecanja-na-genocid-nad-bosnjacima\/#primaryimage\",\"url\":\"https:\/\/tuzlainfo.ba\/wp-content\/uploads\/2021\/07\/1107_11juli_1.jpg\",\"contentUrl\":\"https:\/\/tuzlainfo.ba\/wp-content\/uploads\/2021\/07\/1107_11juli_1.jpg\",\"width\":1024,\"height\":683},{\"@type\":\"BreadcrumbList\",\"@id\":\"https:\/\/tuzlainfo.ba\/index.php\/novosti\/item\/141568-sinoc-u-tuzli-odrzan-centralni-program-manifestacije-sjecanja-na-genocid-nad-bosnjacima\/#breadcrumb\",\"itemListElement\":[{\"@type\":\"ListItem\",\"position\":1,\"name\":\"Home\",\"item\":\"https:\/\/tuzlainfo.ba\/\"},{\"@type\":\"ListItem\",\"position\":2,\"name\":\"Sino\u0107 u Tuzli odr\u017ean Centralni program manifestacije sje\u0107anja na genocid nad Bo\u0161njacima\"}]},{\"@type\":\"WebSite\",\"@id\":\"https:\/\/tuzlainfo.ba\/#website\",\"url\":\"https:\/\/tuzlainfo.ba\/\",\"name\":\"TuzlaInfo.ba\",\"description\":\"Tuzla info, gradski informator - Tuzla na dlanu\",\"publisher\":{\"@id\":\"https:\/\/tuzlainfo.ba\/#organization\"},\"potentialAction\":[{\"@type\":\"SearchAction\",\"target\":{\"@type\":\"EntryPoint\",\"urlTemplate\":\"https:\/\/tuzlainfo.ba\/?s={search_term_string}\"},\"query-input\":{\"@type\":\"PropertyValueSpecification\",\"valueRequired\":true,\"valueName\":\"search_term_string\"}}],\"inLanguage\":\"bs-BA\"},{\"@type\":\"Organization\",\"@id\":\"https:\/\/tuzlainfo.ba\/#organization\",\"name\":\"TuzlaInfo.ba\",\"url\":\"https:\/\/tuzlainfo.ba\/\",\"logo\":{\"@type\":\"ImageObject\",\"inLanguage\":\"bs-BA\",\"@id\":\"https:\/\/tuzlainfo.ba\/#\/schema\/logo\/image\/\",\"url\":\"https:\/\/tuzlainfo.ba\/wp-content\/uploads\/2021\/03\/logo-ver-3-1.png\",\"contentUrl\":\"https:\/\/tuzlainfo.ba\/wp-content\/uploads\/2021\/03\/logo-ver-3-1.png\",\"width\":350,\"height\":95,\"caption\":\"TuzlaInfo.ba\"},\"image\":{\"@id\":\"https:\/\/tuzlainfo.ba\/#\/schema\/logo\/image\/\"},\"sameAs\":[\"https:\/\/www.facebook.com\/tuzlainfo.ba\/\"]},{\"@type\":\"Person\",\"@id\":\"https:\/\/tuzlainfo.ba\/#\/schema\/person\/f434e20dc27ea133923aab08451b7f7f\",\"name\":\"nedim\",\"image\":{\"@type\":\"ImageObject\",\"inLanguage\":\"bs-BA\",\"@id\":\"https:\/\/tuzlainfo.ba\/#\/schema\/person\/image\/\",\"url\":\"https:\/\/tuzlainfo.ba\/wp-content\/litespeed\/avatar\/aabad687af24844af817603ac1cbdc4f.jpg?ver=1776702173\",\"contentUrl\":\"https:\/\/tuzlainfo.ba\/wp-content\/litespeed\/avatar\/aabad687af24844af817603ac1cbdc4f.jpg?ver=1776702173\",\"caption\":\"nedim\"},\"description\":\"Tuzlainfo.ba pratite na dru\u0161tvenim mre\u017eama: Facebook, Instagram i Youtube. Svoje pri\u010de, upite i fotografije \u0161aljite na na\u0161u e-mail adresu.\"}]}<\/script>\n<!-- \/ Yoast SEO plugin. -->","yoast_head_json":{"title":"Sino\u0107 u Tuzli odr\u017ean Centralni program manifestacije sje\u0107anja na genocid nad Bo\u0161njacima - TuzlaInfo.ba","robots":{"index":"index","follow":"follow","max-snippet":"max-snippet:-1","max-image-preview":"max-image-preview:large","max-video-preview":"max-video-preview:-1"},"canonical":"https:\/\/tuzlainfo.ba\/index.php\/novosti\/item\/141568-sinoc-u-tuzli-odrzan-centralni-program-manifestacije-sjecanja-na-genocid-nad-bosnjacima\/","og_locale":"bs_BA","og_type":"article","og_title":"Sino\u0107 u Tuzli odr\u017ean Centralni program manifestacije sje\u0107anja na genocid nad Bo\u0161njacima - TuzlaInfo.ba","og_description":"Povodom 11. jula &#8211; Dana sje\u0107anja na genocid nad Bo\u0161njacima na tuzlanskom Trgu slobode u&hellip;","og_url":"https:\/\/tuzlainfo.ba\/index.php\/novosti\/item\/141568-sinoc-u-tuzli-odrzan-centralni-program-manifestacije-sjecanja-na-genocid-nad-bosnjacima\/","og_site_name":"TuzlaInfo.ba","article_publisher":"https:\/\/www.facebook.com\/tuzlainfo.ba\/","article_published_time":"2021-07-11T08:02:03+00:00","article_modified_time":"2021-07-11T06:40:53+00:00","og_image":[{"width":1024,"height":683,"url":"https:\/\/tuzlainfo.ba\/wp-content\/uploads\/2021\/07\/1107_11juli_1.jpg","type":"image\/jpeg"}],"author":"nedim","twitter_card":"summary_large_image","twitter_misc":{"Written by":"nedim","Est. reading time":"2 minute"},"schema":{"@context":"https:\/\/schema.org","@graph":[{"@type":"Article","@id":"https:\/\/tuzlainfo.ba\/index.php\/novosti\/item\/141568-sinoc-u-tuzli-odrzan-centralni-program-manifestacije-sjecanja-na-genocid-nad-bosnjacima\/#article","isPartOf":{"@id":"https:\/\/tuzlainfo.ba\/index.php\/novosti\/item\/141568-sinoc-u-tuzli-odrzan-centralni-program-manifestacije-sjecanja-na-genocid-nad-bosnjacima\/"},"author":{"name":"nedim","@id":"https:\/\/tuzlainfo.ba\/#\/schema\/person\/f434e20dc27ea133923aab08451b7f7f"},"headline":"Sino\u0107 u Tuzli odr\u017ean Centralni program manifestacije sje\u0107anja na genocid nad Bo\u0161njacima","datePublished":"2021-07-11T08:02:03+00:00","dateModified":"2021-07-11T06:40:53+00:00","mainEntityOfPage":{"@id":"https:\/\/tuzlainfo.ba\/index.php\/novosti\/item\/141568-sinoc-u-tuzli-odrzan-centralni-program-manifestacije-sjecanja-na-genocid-nad-bosnjacima\/"},"wordCount":319,"commentCount":0,"publisher":{"@id":"https:\/\/tuzlainfo.ba\/#organization"},"image":{"@id":"https:\/\/tuzlainfo.ba\/index.php\/novosti\/item\/141568-sinoc-u-tuzli-odrzan-centralni-program-manifestacije-sjecanja-na-genocid-nad-bosnjacima\/#primaryimage"},"thumbnailUrl":"https:\/\/tuzlainfo.ba\/wp-content\/uploads\/2021\/07\/1107_11juli_1.jpg","keywords":["11. juli","genocid","srebrenica"],"articleSection":["Istaknuto","Novosti"],"inLanguage":"bs-BA"},{"@type":"WebPage","@id":"https:\/\/tuzlainfo.ba\/index.php\/novosti\/item\/141568-sinoc-u-tuzli-odrzan-centralni-program-manifestacije-sjecanja-na-genocid-nad-bosnjacima\/","url":"https:\/\/tuzlainfo.ba\/index.php\/novosti\/item\/141568-sinoc-u-tuzli-odrzan-centralni-program-manifestacije-sjecanja-na-genocid-nad-bosnjacima\/","name":"Sino\u0107 u Tuzli odr\u017ean Centralni program manifestacije sje\u0107anja na genocid nad Bo\u0161njacima - TuzlaInfo.ba","isPartOf":{"@id":"https:\/\/tuzlainfo.ba\/#website"},"primaryImageOfPage":{"@id":"https:\/\/tuzlainfo.ba\/index.php\/novosti\/item\/141568-sinoc-u-tuzli-odrzan-centralni-program-manifestacije-sjecanja-na-genocid-nad-bosnjacima\/#primaryimage"},"image":{"@id":"https:\/\/tuzlainfo.ba\/index.php\/novosti\/item\/141568-sinoc-u-tuzli-odrzan-centralni-program-manifestacije-sjecanja-na-genocid-nad-bosnjacima\/#primaryimage"},"thumbnailUrl":"https:\/\/tuzlainfo.ba\/wp-content\/uploads\/2021\/07\/1107_11juli_1.jpg","datePublished":"2021-07-11T08:02:03+00:00","dateModified":"2021-07-11T06:40:53+00:00","breadcrumb":{"@id":"https:\/\/tuzlainfo.ba\/index.php\/novosti\/item\/141568-sinoc-u-tuzli-odrzan-centralni-program-manifestacije-sjecanja-na-genocid-nad-bosnjacima\/#breadcrumb"},"inLanguage":"bs-BA","potentialAction":[{"@type":"ReadAction","target":["https:\/\/tuzlainfo.ba\/index.php\/novosti\/item\/141568-sinoc-u-tuzli-odrzan-centralni-program-manifestacije-sjecanja-na-genocid-nad-bosnjacima\/"]}]},{"@type":"ImageObject","inLanguage":"bs-BA","@id":"https:\/\/tuzlainfo.ba\/index.php\/novosti\/item\/141568-sinoc-u-tuzli-odrzan-centralni-program-manifestacije-sjecanja-na-genocid-nad-bosnjacima\/#primaryimage","url":"https:\/\/tuzlainfo.ba\/wp-content\/uploads\/2021\/07\/1107_11juli_1.jpg","contentUrl":"https:\/\/tuzlainfo.ba\/wp-content\/uploads\/2021\/07\/1107_11juli_1.jpg","width":1024,"height":683},{"@type":"BreadcrumbList","@id":"https:\/\/tuzlainfo.ba\/index.php\/novosti\/item\/141568-sinoc-u-tuzli-odrzan-centralni-program-manifestacije-sjecanja-na-genocid-nad-bosnjacima\/#breadcrumb","itemListElement":[{"@type":"ListItem","position":1,"name":"Home","item":"https:\/\/tuzlainfo.ba\/"},{"@type":"ListItem","position":2,"name":"Sino\u0107 u Tuzli odr\u017ean Centralni program manifestacije sje\u0107anja na genocid nad Bo\u0161njacima"}]},{"@type":"WebSite","@id":"https:\/\/tuzlainfo.ba\/#website","url":"https:\/\/tuzlainfo.ba\/","name":"TuzlaInfo.ba","description":"Tuzla info, gradski informator - Tuzla na dlanu","publisher":{"@id":"https:\/\/tuzlainfo.ba\/#organization"},"potentialAction":[{"@type":"SearchAction","target":{"@type":"EntryPoint","urlTemplate":"https:\/\/tuzlainfo.ba\/?s={search_term_string}"},"query-input":{"@type":"PropertyValueSpecification","valueRequired":true,"valueName":"search_term_string"}}],"inLanguage":"bs-BA"},{"@type":"Organization","@id":"https:\/\/tuzlainfo.ba\/#organization","name":"TuzlaInfo.ba","url":"https:\/\/tuzlainfo.ba\/","logo":{"@type":"ImageObject","inLanguage":"bs-BA","@id":"https:\/\/tuzlainfo.ba\/#\/schema\/logo\/image\/","url":"https:\/\/tuzlainfo.ba\/wp-content\/uploads\/2021\/03\/logo-ver-3-1.png","contentUrl":"https:\/\/tuzlainfo.ba\/wp-content\/uploads\/2021\/03\/logo-ver-3-1.png","width":350,"height":95,"caption":"TuzlaInfo.ba"},"image":{"@id":"https:\/\/tuzlainfo.ba\/#\/schema\/logo\/image\/"},"sameAs":["https:\/\/www.facebook.com\/tuzlainfo.ba\/"]},{"@type":"Person","@id":"https:\/\/tuzlainfo.ba\/#\/schema\/person\/f434e20dc27ea133923aab08451b7f7f","name":"nedim","image":{"@type":"ImageObject","inLanguage":"bs-BA","@id":"https:\/\/tuzlainfo.ba\/#\/schema\/person\/image\/","url":"https:\/\/tuzlainfo.ba\/wp-content\/litespeed\/avatar\/aabad687af24844af817603ac1cbdc4f.jpg?ver=1776702173","contentUrl":"https:\/\/tuzlainfo.ba\/wp-content\/litespeed\/avatar\/aabad687af24844af817603ac1cbdc4f.jpg?ver=1776702173","caption":"nedim"},"description":"Tuzlainfo.ba pratite na dru\u0161tvenim mre\u017eama: Facebook, Instagram i Youtube. Svoje pri\u010de, upite i fotografije \u0161aljite na na\u0161u e-mail adresu."}]}},"_links":{"self":[{"href":"https:\/\/tuzlainfo.ba\/index.php\/wp-json\/wp\/v2\/posts\/141568"}],"collection":[{"href":"https:\/\/tuzlainfo.ba\/index.php\/wp-json\/wp\/v2\/posts"}],"about":[{"href":"https:\/\/tuzlainfo.ba\/index.php\/wp-json\/wp\/v2\/types\/post"}],"author":[{"embeddable":true,"href":"https:\/\/tuzlainfo.ba\/index.php\/wp-json\/wp\/v2\/users\/2"}],"replies":[{"embeddable":true,"href":"https:\/\/tuzlainfo.ba\/index.php\/wp-json\/wp\/v2\/comments?post=141568"}],"version-history":[{"count":0,"href":"https:\/\/tuzlainfo.ba\/index.php\/wp-json\/wp\/v2\/posts\/141568\/revisions"}],"wp:featuredmedia":[{"embeddable":true,"href":"https:\/\/tuzlainfo.ba\/index.php\/wp-json\/wp\/v2\/media\/141569"}],"wp:attachment":[{"href":"https:\/\/tuzlainfo.ba\/index.php\/wp-json\/wp\/v2\/media?parent=141568"}],"wp:term":[{"taxonomy":"category","embeddable":true,"href":"https:\/\/tuzlainfo.ba\/index.php\/wp-json\/wp\/v2\/categories?post=141568"},{"taxonomy":"post_tag","embeddable":true,"href":"https:\/\/tuzlainfo.ba\/index.php\/wp-json\/wp\/v2\/tags?post=141568"}],"curies":[{"name":"wp","href":"https:\/\/api.w.org\/{rel}","templated":true}]}}