{"id":141529,"date":"2021-07-10T12:04:57","date_gmt":"2021-07-10T10:04:57","guid":{"rendered":"https:\/\/tuzlainfo.ba\/?p=141529"},"modified":"2021-07-10T18:11:04","modified_gmt":"2021-07-10T16:11:04","slug":"11-juli-u-tuzli-promovisana-knjiga-svjedok-srebrenickog-genocida","status":"publish","type":"post","link":"https:\/\/tuzlainfo.ba\/index.php\/novosti\/item\/141529-11-juli-u-tuzli-promovisana-knjiga-svjedok-srebrenickog-genocida\/","title":{"rendered":"&#8220;11. juli u Tuzli&#8221;: Promovisana knjiga &#8220;Svjedok srebreni\u010dkog genocida\u201d"},"content":{"rendered":"<p>U okviru manifestacije \u201c11. juli u Tuzli\u201d koju organizuje Med\u017elis Islamske zajednice Tuzla, uz podr\u0161ku Muftijstva tuzlanskog i Grada Tuzla,sino\u0107 je u atriju Centra Muhamed Hevai Uskufi u Dobrnji uprili\u010dena promocija knjige \u201cSvjedok srebreni\u010dkog genocida\u201d autora Mevludina Hrnji\u0107a.<\/p>\n<p>O knjizi koja govori o hronologiji najte\u017eih i najbolnijih sje\u0107anja autora Hrnji\u0107a govorili su Fajko Kadri\u0107 i Memsudin-ef. Gobelji\u0107.<\/p>\n<p>Promociji su prisustvovali glavni imam hafiz Ahmed-ef. Huskanovi\u0107, predsjednik Izvr\u0161nog odbora dr. Amir Kari\u0107, direktor Instituta za dru\u0161tvena i religijska istra\u017eivanja dr. \u0160efko Sulejmanovi\u0107, direktor Bibiloteke \u201cBehram-beg\u201d mr. Admir Muratovi\u0107, profesori Behram-begove medrese, tuzlanski imami, gosti, d\u017eematlije i omladina.<\/p>\n<p>Promotor Memsudin-ef. Gobelji\u0107 govore\u0107i o knjizi posebno je podcrtao zna\u010daj kulture sje\u0107anja i pam\u0107enja, primje\u0107uju\u0107i da je nakon agresije Islamska zajednica u Bosni i Hercegovini ulo\u017eila i ula\u017ee sve svoje raspolo\u017eive resurse na ovom polju.<\/p>\n<p>Programima i aktivnostima poput ove promocije ja\u010da se i osna\u017euje kultura pam\u0107enja na genocid i na sve \u0161to se dogodilo na\u0161em narodu, da se ne bi dogodilo ni nama ni drugima. Poticanje na ovakve poduhvate je ono \u0161to trebamo \u010diniti i ubudu\u0107e \u2013 kazao je efendija Gobelji\u0107. U svom izlaganju emotivno se dotakao momenata koje je i sam pro\u017eivio tokom agresije na na\u0161u domovinu zajedno sa autorom.<\/p>\n<p>O svom do\u017eivljaju knjige govorio je knji\u017eevnik Fajko Kadri\u0107. -Narativ je pun detalja, autor bilje\u017ei detalje o obu\u0107i, odje\u0107i, hrani i svemu \u0161to je dio ovog bolnog puta ka slobodi. Knjiga je prepuna opisa stanja du\u0161a. Ova knjiga pripada porodici memoarske proze, koja svojim narativom njeguje kolektivnu kulturu pam\u0107enja i ona je jo\u0161 jedan kamen u na\u0161oj tvr\u0111avi sje\u0107anja, istakao je knji\u017eevnik Kadri\u0107.<\/p>\n<p>Autor Hrnji\u0107 prezentira autenti\u010dno kazivanje o strahovitim doga\u0111ajima koji su vezani za Agresiju na Bosnu i Hercegovinu i Bosansko Podrinje jer je i sam neposredni svjedok genocida nad Bo\u0161njacima Srebrenice. Tada, dvadesetpetogodi\u0161nji mladi\u0107, imam \u010car\u0161ijske d\u017eamije u Srebrenici, Mevludin-efendija tri dana nakon \u0161to je u svojoj d\u017eamiji predvodio posljednju d\u017eumu, u koloni kroz \u0161ume krenuo iz Srebrenice prema slobodnoj tuzlanskoj teritoriji. On je nakon osamdeset dana lutanja podrinjskim bespu\u0107ima, \u0161to sam, \u0161to u grupama i nebrojenim suo\u010davanjima sa smr\u0107u uspio sti\u0107i do Tuzle. O tom putu i svemu \u010dega se sje\u0107a pisao je izme\u0111u korica knjige koja je te\u0161ko i bolno svjedo\u010danstvo o po\u010dinjenom genocidu.<\/p>\n<p>O knjizi i razlozima zbog kojih se odlu\u010dio da sva sje\u0107anja i bol preto\u010di u ovo \u0161tivo govorio je i sam autor Mevludin-ef. Hrnji\u0107.<\/p>\n<p>-Ova knjiga je moja \u017eivotna pri\u010da koju sam pomno prenio na papir. Mi pre\u017eivjeli moramo govoriti, prenositi ono \u0161to se desilo zbog generacija koje \u0107e do\u0107i poslije nas. Moramo pisati zato \u0161to \u010ditaju\u0107i ono \u0161to se nama desilo oni \u0107e saznati istinu. Nadam se da \u0107e ne\u0161to od toga i primjeniti, da im se, ne daj Bo\u017ee, ne desi ono \u0161to se nama desilo. Ova knjiga je moj skromni doprinos kulturi sje\u0107anja, kazao je autor Hrnji\u0107.<\/p>\n<p>Jedna od posebnosti ove knjige je i to \u0161to je ispisana perom jednog bosanskog imama. Agresija ga je zadesila na imamskoj slu\u017ebi u Srebrenici, a danas je imam u d\u017eematu Snije\u017enica u Med\u017elisu Teo\u010dak. Na 172 stranice smje\u0161tena je te\u0161ka pri\u010da koja je napisana srcem i du\u0161om \u010dovjeka koji je pre\u017eivio genocid.<\/p>\n<p>U ime izdava\u010da obratio se direktor Instituta za dru\u0161tvena i religijska istra\u017eivanja dr. \u0160efko Sulejmanovi\u0107.<\/p>\n<p>Promocija je zapo\u010dela izvedbom kaside \u201eImami-\u0161ehidi\u201c koju je prou\u010dio Nihad-ef. Ibri\u0161evi\u0107, imam u tuzlanskom d\u017eematu \u0160i\u0107i. Kasidu je napisao D\u017eevad Ibrahimovi\u0107, a vid je sje\u0107anja na 23 imama koja su stradala u genocidu u Srebrenicu, te na njih 13 koji su ga pre\u017eivjeli. Moderator promocije u Dobrnji bio je Ibrahim-ef. Softi\u0107.<\/p>\n<p>Manifestacija &#8220;11. juli u Tuzli&#8221; , u okviru koje je uprili\u010dena promocija u Dobrnji, organizuje se u saradnji sa Narodnim pozori\u0161tem Tuzla, Institutom za dru\u0161tvena i religijska istra\u017eivanja, Koordinacijom bora\u010dkih organizacija Grada Tuzla, BZK \u201ePreporod\u201c Tuzla i JU Specijalnom bibliotekom \u201eBehram-beg\u201c, navedeno je u informaciji MIZ Tuzla.<\/p>\n","protected":false},"excerpt":{"rendered":"<p>U okviru manifestacije \u201c11. juli u Tuzli\u201d koju organizuje Med\u017elis Islamske zajednice Tuzla, uz podr\u0161ku&hellip;<\/p>\n","protected":false},"author":2,"featured_media":141530,"comment_status":"open","ping_status":"closed","sticky":false,"template":"","format":"standard","meta":{"_acf_changed":false,"footnotes":""},"categories":[304,12],"tags":[1823,352],"acf":[],"yoast_head":"<!-- This site is optimized with the Yoast SEO plugin v23.5 - https:\/\/yoast.com\/wordpress\/plugins\/seo\/ -->\n<title>&quot;11. juli u Tuzli&quot;: Promovisana knjiga &quot;Svjedok srebreni\u010dkog genocida\u201d - TuzlaInfo.ba<\/title>\n<meta name=\"robots\" content=\"index, follow, max-snippet:-1, max-image-preview:large, max-video-preview:-1\" \/>\n<link rel=\"canonical\" href=\"https:\/\/tuzlainfo.ba\/index.php\/novosti\/item\/141529-11-juli-u-tuzli-promovisana-knjiga-svjedok-srebrenickog-genocida\/\" \/>\n<meta property=\"og:locale\" content=\"bs_BA\" \/>\n<meta property=\"og:type\" content=\"article\" \/>\n<meta property=\"og:title\" content=\"&quot;11. juli u Tuzli&quot;: Promovisana knjiga &quot;Svjedok srebreni\u010dkog genocida\u201d - TuzlaInfo.ba\" \/>\n<meta property=\"og:description\" content=\"U okviru manifestacije \u201c11. juli u Tuzli\u201d koju organizuje Med\u017elis Islamske zajednice Tuzla, uz podr\u0161ku&hellip;\" \/>\n<meta property=\"og:url\" content=\"https:\/\/tuzlainfo.ba\/index.php\/novosti\/item\/141529-11-juli-u-tuzli-promovisana-knjiga-svjedok-srebrenickog-genocida\/\" \/>\n<meta property=\"og:site_name\" content=\"TuzlaInfo.ba\" \/>\n<meta property=\"article:publisher\" content=\"https:\/\/www.facebook.com\/tuzlainfo.ba\/\" \/>\n<meta property=\"article:published_time\" content=\"2021-07-10T10:04:57+00:00\" \/>\n<meta property=\"article:modified_time\" content=\"2021-07-10T16:11:04+00:00\" \/>\n<meta property=\"og:image\" content=\"https:\/\/tuzlainfo.ba\/wp-content\/uploads\/2021\/07\/1007_promocija_11juli_genocid.jpg\" \/>\n\t<meta property=\"og:image:width\" content=\"1200\" \/>\n\t<meta property=\"og:image:height\" content=\"883\" \/>\n\t<meta property=\"og:image:type\" content=\"image\/jpeg\" \/>\n<meta name=\"author\" content=\"nedim\" \/>\n<meta name=\"twitter:card\" content=\"summary_large_image\" \/>\n<meta name=\"twitter:label1\" content=\"Written by\" \/>\n\t<meta name=\"twitter:data1\" content=\"nedim\" \/>\n\t<meta name=\"twitter:label2\" content=\"Est. reading time\" \/>\n\t<meta name=\"twitter:data2\" content=\"4 minute\" \/>\n<script type=\"application\/ld+json\" class=\"yoast-schema-graph\">{\"@context\":\"https:\/\/schema.org\",\"@graph\":[{\"@type\":\"Article\",\"@id\":\"https:\/\/tuzlainfo.ba\/index.php\/novosti\/item\/141529-11-juli-u-tuzli-promovisana-knjiga-svjedok-srebrenickog-genocida\/#article\",\"isPartOf\":{\"@id\":\"https:\/\/tuzlainfo.ba\/index.php\/novosti\/item\/141529-11-juli-u-tuzli-promovisana-knjiga-svjedok-srebrenickog-genocida\/\"},\"author\":{\"name\":\"nedim\",\"@id\":\"https:\/\/tuzlainfo.ba\/#\/schema\/person\/f434e20dc27ea133923aab08451b7f7f\"},\"headline\":\"&#8220;11. juli u Tuzli&#8221;: Promovisana knjiga &#8220;Svjedok srebreni\u010dkog genocida\u201d\",\"datePublished\":\"2021-07-10T10:04:57+00:00\",\"dateModified\":\"2021-07-10T16:11:04+00:00\",\"mainEntityOfPage\":{\"@id\":\"https:\/\/tuzlainfo.ba\/index.php\/novosti\/item\/141529-11-juli-u-tuzli-promovisana-knjiga-svjedok-srebrenickog-genocida\/\"},\"wordCount\":727,\"commentCount\":0,\"publisher\":{\"@id\":\"https:\/\/tuzlainfo.ba\/#organization\"},\"image\":{\"@id\":\"https:\/\/tuzlainfo.ba\/index.php\/novosti\/item\/141529-11-juli-u-tuzli-promovisana-knjiga-svjedok-srebrenickog-genocida\/#primaryimage\"},\"thumbnailUrl\":\"https:\/\/tuzlainfo.ba\/wp-content\/uploads\/2021\/07\/1007_promocija_11juli_genocid.jpg\",\"keywords\":[\"11. juli\",\"srebrenica\"],\"articleSection\":[\"Istaknuto\",\"Novosti\"],\"inLanguage\":\"bs-BA\"},{\"@type\":\"WebPage\",\"@id\":\"https:\/\/tuzlainfo.ba\/index.php\/novosti\/item\/141529-11-juli-u-tuzli-promovisana-knjiga-svjedok-srebrenickog-genocida\/\",\"url\":\"https:\/\/tuzlainfo.ba\/index.php\/novosti\/item\/141529-11-juli-u-tuzli-promovisana-knjiga-svjedok-srebrenickog-genocida\/\",\"name\":\"\\\"11. juli u Tuzli\\\": Promovisana knjiga \\\"Svjedok srebreni\u010dkog genocida\u201d - TuzlaInfo.ba\",\"isPartOf\":{\"@id\":\"https:\/\/tuzlainfo.ba\/#website\"},\"primaryImageOfPage\":{\"@id\":\"https:\/\/tuzlainfo.ba\/index.php\/novosti\/item\/141529-11-juli-u-tuzli-promovisana-knjiga-svjedok-srebrenickog-genocida\/#primaryimage\"},\"image\":{\"@id\":\"https:\/\/tuzlainfo.ba\/index.php\/novosti\/item\/141529-11-juli-u-tuzli-promovisana-knjiga-svjedok-srebrenickog-genocida\/#primaryimage\"},\"thumbnailUrl\":\"https:\/\/tuzlainfo.ba\/wp-content\/uploads\/2021\/07\/1007_promocija_11juli_genocid.jpg\",\"datePublished\":\"2021-07-10T10:04:57+00:00\",\"dateModified\":\"2021-07-10T16:11:04+00:00\",\"breadcrumb\":{\"@id\":\"https:\/\/tuzlainfo.ba\/index.php\/novosti\/item\/141529-11-juli-u-tuzli-promovisana-knjiga-svjedok-srebrenickog-genocida\/#breadcrumb\"},\"inLanguage\":\"bs-BA\",\"potentialAction\":[{\"@type\":\"ReadAction\",\"target\":[\"https:\/\/tuzlainfo.ba\/index.php\/novosti\/item\/141529-11-juli-u-tuzli-promovisana-knjiga-svjedok-srebrenickog-genocida\/\"]}]},{\"@type\":\"ImageObject\",\"inLanguage\":\"bs-BA\",\"@id\":\"https:\/\/tuzlainfo.ba\/index.php\/novosti\/item\/141529-11-juli-u-tuzli-promovisana-knjiga-svjedok-srebrenickog-genocida\/#primaryimage\",\"url\":\"https:\/\/tuzlainfo.ba\/wp-content\/uploads\/2021\/07\/1007_promocija_11juli_genocid.jpg\",\"contentUrl\":\"https:\/\/tuzlainfo.ba\/wp-content\/uploads\/2021\/07\/1007_promocija_11juli_genocid.jpg\",\"width\":1200,\"height\":883},{\"@type\":\"BreadcrumbList\",\"@id\":\"https:\/\/tuzlainfo.ba\/index.php\/novosti\/item\/141529-11-juli-u-tuzli-promovisana-knjiga-svjedok-srebrenickog-genocida\/#breadcrumb\",\"itemListElement\":[{\"@type\":\"ListItem\",\"position\":1,\"name\":\"Home\",\"item\":\"https:\/\/tuzlainfo.ba\/\"},{\"@type\":\"ListItem\",\"position\":2,\"name\":\"&#8220;11. juli u Tuzli&#8221;: Promovisana knjiga &#8220;Svjedok srebreni\u010dkog genocida\u201d\"}]},{\"@type\":\"WebSite\",\"@id\":\"https:\/\/tuzlainfo.ba\/#website\",\"url\":\"https:\/\/tuzlainfo.ba\/\",\"name\":\"TuzlaInfo.ba\",\"description\":\"Tuzla info, gradski informator - Tuzla na dlanu\",\"publisher\":{\"@id\":\"https:\/\/tuzlainfo.ba\/#organization\"},\"potentialAction\":[{\"@type\":\"SearchAction\",\"target\":{\"@type\":\"EntryPoint\",\"urlTemplate\":\"https:\/\/tuzlainfo.ba\/?s={search_term_string}\"},\"query-input\":{\"@type\":\"PropertyValueSpecification\",\"valueRequired\":true,\"valueName\":\"search_term_string\"}}],\"inLanguage\":\"bs-BA\"},{\"@type\":\"Organization\",\"@id\":\"https:\/\/tuzlainfo.ba\/#organization\",\"name\":\"TuzlaInfo.ba\",\"url\":\"https:\/\/tuzlainfo.ba\/\",\"logo\":{\"@type\":\"ImageObject\",\"inLanguage\":\"bs-BA\",\"@id\":\"https:\/\/tuzlainfo.ba\/#\/schema\/logo\/image\/\",\"url\":\"https:\/\/tuzlainfo.ba\/wp-content\/uploads\/2021\/03\/logo-ver-3-1.png\",\"contentUrl\":\"https:\/\/tuzlainfo.ba\/wp-content\/uploads\/2021\/03\/logo-ver-3-1.png\",\"width\":350,\"height\":95,\"caption\":\"TuzlaInfo.ba\"},\"image\":{\"@id\":\"https:\/\/tuzlainfo.ba\/#\/schema\/logo\/image\/\"},\"sameAs\":[\"https:\/\/www.facebook.com\/tuzlainfo.ba\/\"]},{\"@type\":\"Person\",\"@id\":\"https:\/\/tuzlainfo.ba\/#\/schema\/person\/f434e20dc27ea133923aab08451b7f7f\",\"name\":\"nedim\",\"image\":{\"@type\":\"ImageObject\",\"inLanguage\":\"bs-BA\",\"@id\":\"https:\/\/tuzlainfo.ba\/#\/schema\/person\/image\/\",\"url\":\"https:\/\/tuzlainfo.ba\/wp-content\/litespeed\/avatar\/aabad687af24844af817603ac1cbdc4f.jpg?ver=1776702173\",\"contentUrl\":\"https:\/\/tuzlainfo.ba\/wp-content\/litespeed\/avatar\/aabad687af24844af817603ac1cbdc4f.jpg?ver=1776702173\",\"caption\":\"nedim\"},\"description\":\"Tuzlainfo.ba pratite na dru\u0161tvenim mre\u017eama: Facebook, Instagram i Youtube. Svoje pri\u010de, upite i fotografije \u0161aljite na na\u0161u e-mail adresu.\"}]}<\/script>\n<!-- \/ Yoast SEO plugin. -->","yoast_head_json":{"title":"\"11. juli u Tuzli\": Promovisana knjiga \"Svjedok srebreni\u010dkog genocida\u201d - TuzlaInfo.ba","robots":{"index":"index","follow":"follow","max-snippet":"max-snippet:-1","max-image-preview":"max-image-preview:large","max-video-preview":"max-video-preview:-1"},"canonical":"https:\/\/tuzlainfo.ba\/index.php\/novosti\/item\/141529-11-juli-u-tuzli-promovisana-knjiga-svjedok-srebrenickog-genocida\/","og_locale":"bs_BA","og_type":"article","og_title":"\"11. juli u Tuzli\": Promovisana knjiga \"Svjedok srebreni\u010dkog genocida\u201d - TuzlaInfo.ba","og_description":"U okviru manifestacije \u201c11. juli u Tuzli\u201d koju organizuje Med\u017elis Islamske zajednice Tuzla, uz podr\u0161ku&hellip;","og_url":"https:\/\/tuzlainfo.ba\/index.php\/novosti\/item\/141529-11-juli-u-tuzli-promovisana-knjiga-svjedok-srebrenickog-genocida\/","og_site_name":"TuzlaInfo.ba","article_publisher":"https:\/\/www.facebook.com\/tuzlainfo.ba\/","article_published_time":"2021-07-10T10:04:57+00:00","article_modified_time":"2021-07-10T16:11:04+00:00","og_image":[{"width":1200,"height":883,"url":"https:\/\/tuzlainfo.ba\/wp-content\/uploads\/2021\/07\/1007_promocija_11juli_genocid.jpg","type":"image\/jpeg"}],"author":"nedim","twitter_card":"summary_large_image","twitter_misc":{"Written by":"nedim","Est. reading time":"4 minute"},"schema":{"@context":"https:\/\/schema.org","@graph":[{"@type":"Article","@id":"https:\/\/tuzlainfo.ba\/index.php\/novosti\/item\/141529-11-juli-u-tuzli-promovisana-knjiga-svjedok-srebrenickog-genocida\/#article","isPartOf":{"@id":"https:\/\/tuzlainfo.ba\/index.php\/novosti\/item\/141529-11-juli-u-tuzli-promovisana-knjiga-svjedok-srebrenickog-genocida\/"},"author":{"name":"nedim","@id":"https:\/\/tuzlainfo.ba\/#\/schema\/person\/f434e20dc27ea133923aab08451b7f7f"},"headline":"&#8220;11. juli u Tuzli&#8221;: Promovisana knjiga &#8220;Svjedok srebreni\u010dkog genocida\u201d","datePublished":"2021-07-10T10:04:57+00:00","dateModified":"2021-07-10T16:11:04+00:00","mainEntityOfPage":{"@id":"https:\/\/tuzlainfo.ba\/index.php\/novosti\/item\/141529-11-juli-u-tuzli-promovisana-knjiga-svjedok-srebrenickog-genocida\/"},"wordCount":727,"commentCount":0,"publisher":{"@id":"https:\/\/tuzlainfo.ba\/#organization"},"image":{"@id":"https:\/\/tuzlainfo.ba\/index.php\/novosti\/item\/141529-11-juli-u-tuzli-promovisana-knjiga-svjedok-srebrenickog-genocida\/#primaryimage"},"thumbnailUrl":"https:\/\/tuzlainfo.ba\/wp-content\/uploads\/2021\/07\/1007_promocija_11juli_genocid.jpg","keywords":["11. juli","srebrenica"],"articleSection":["Istaknuto","Novosti"],"inLanguage":"bs-BA"},{"@type":"WebPage","@id":"https:\/\/tuzlainfo.ba\/index.php\/novosti\/item\/141529-11-juli-u-tuzli-promovisana-knjiga-svjedok-srebrenickog-genocida\/","url":"https:\/\/tuzlainfo.ba\/index.php\/novosti\/item\/141529-11-juli-u-tuzli-promovisana-knjiga-svjedok-srebrenickog-genocida\/","name":"\"11. juli u Tuzli\": Promovisana knjiga \"Svjedok srebreni\u010dkog genocida\u201d - TuzlaInfo.ba","isPartOf":{"@id":"https:\/\/tuzlainfo.ba\/#website"},"primaryImageOfPage":{"@id":"https:\/\/tuzlainfo.ba\/index.php\/novosti\/item\/141529-11-juli-u-tuzli-promovisana-knjiga-svjedok-srebrenickog-genocida\/#primaryimage"},"image":{"@id":"https:\/\/tuzlainfo.ba\/index.php\/novosti\/item\/141529-11-juli-u-tuzli-promovisana-knjiga-svjedok-srebrenickog-genocida\/#primaryimage"},"thumbnailUrl":"https:\/\/tuzlainfo.ba\/wp-content\/uploads\/2021\/07\/1007_promocija_11juli_genocid.jpg","datePublished":"2021-07-10T10:04:57+00:00","dateModified":"2021-07-10T16:11:04+00:00","breadcrumb":{"@id":"https:\/\/tuzlainfo.ba\/index.php\/novosti\/item\/141529-11-juli-u-tuzli-promovisana-knjiga-svjedok-srebrenickog-genocida\/#breadcrumb"},"inLanguage":"bs-BA","potentialAction":[{"@type":"ReadAction","target":["https:\/\/tuzlainfo.ba\/index.php\/novosti\/item\/141529-11-juli-u-tuzli-promovisana-knjiga-svjedok-srebrenickog-genocida\/"]}]},{"@type":"ImageObject","inLanguage":"bs-BA","@id":"https:\/\/tuzlainfo.ba\/index.php\/novosti\/item\/141529-11-juli-u-tuzli-promovisana-knjiga-svjedok-srebrenickog-genocida\/#primaryimage","url":"https:\/\/tuzlainfo.ba\/wp-content\/uploads\/2021\/07\/1007_promocija_11juli_genocid.jpg","contentUrl":"https:\/\/tuzlainfo.ba\/wp-content\/uploads\/2021\/07\/1007_promocija_11juli_genocid.jpg","width":1200,"height":883},{"@type":"BreadcrumbList","@id":"https:\/\/tuzlainfo.ba\/index.php\/novosti\/item\/141529-11-juli-u-tuzli-promovisana-knjiga-svjedok-srebrenickog-genocida\/#breadcrumb","itemListElement":[{"@type":"ListItem","position":1,"name":"Home","item":"https:\/\/tuzlainfo.ba\/"},{"@type":"ListItem","position":2,"name":"&#8220;11. juli u Tuzli&#8221;: Promovisana knjiga &#8220;Svjedok srebreni\u010dkog genocida\u201d"}]},{"@type":"WebSite","@id":"https:\/\/tuzlainfo.ba\/#website","url":"https:\/\/tuzlainfo.ba\/","name":"TuzlaInfo.ba","description":"Tuzla info, gradski informator - Tuzla na dlanu","publisher":{"@id":"https:\/\/tuzlainfo.ba\/#organization"},"potentialAction":[{"@type":"SearchAction","target":{"@type":"EntryPoint","urlTemplate":"https:\/\/tuzlainfo.ba\/?s={search_term_string}"},"query-input":{"@type":"PropertyValueSpecification","valueRequired":true,"valueName":"search_term_string"}}],"inLanguage":"bs-BA"},{"@type":"Organization","@id":"https:\/\/tuzlainfo.ba\/#organization","name":"TuzlaInfo.ba","url":"https:\/\/tuzlainfo.ba\/","logo":{"@type":"ImageObject","inLanguage":"bs-BA","@id":"https:\/\/tuzlainfo.ba\/#\/schema\/logo\/image\/","url":"https:\/\/tuzlainfo.ba\/wp-content\/uploads\/2021\/03\/logo-ver-3-1.png","contentUrl":"https:\/\/tuzlainfo.ba\/wp-content\/uploads\/2021\/03\/logo-ver-3-1.png","width":350,"height":95,"caption":"TuzlaInfo.ba"},"image":{"@id":"https:\/\/tuzlainfo.ba\/#\/schema\/logo\/image\/"},"sameAs":["https:\/\/www.facebook.com\/tuzlainfo.ba\/"]},{"@type":"Person","@id":"https:\/\/tuzlainfo.ba\/#\/schema\/person\/f434e20dc27ea133923aab08451b7f7f","name":"nedim","image":{"@type":"ImageObject","inLanguage":"bs-BA","@id":"https:\/\/tuzlainfo.ba\/#\/schema\/person\/image\/","url":"https:\/\/tuzlainfo.ba\/wp-content\/litespeed\/avatar\/aabad687af24844af817603ac1cbdc4f.jpg?ver=1776702173","contentUrl":"https:\/\/tuzlainfo.ba\/wp-content\/litespeed\/avatar\/aabad687af24844af817603ac1cbdc4f.jpg?ver=1776702173","caption":"nedim"},"description":"Tuzlainfo.ba pratite na dru\u0161tvenim mre\u017eama: Facebook, Instagram i Youtube. Svoje pri\u010de, upite i fotografije \u0161aljite na na\u0161u e-mail adresu."}]}},"_links":{"self":[{"href":"https:\/\/tuzlainfo.ba\/index.php\/wp-json\/wp\/v2\/posts\/141529"}],"collection":[{"href":"https:\/\/tuzlainfo.ba\/index.php\/wp-json\/wp\/v2\/posts"}],"about":[{"href":"https:\/\/tuzlainfo.ba\/index.php\/wp-json\/wp\/v2\/types\/post"}],"author":[{"embeddable":true,"href":"https:\/\/tuzlainfo.ba\/index.php\/wp-json\/wp\/v2\/users\/2"}],"replies":[{"embeddable":true,"href":"https:\/\/tuzlainfo.ba\/index.php\/wp-json\/wp\/v2\/comments?post=141529"}],"version-history":[{"count":0,"href":"https:\/\/tuzlainfo.ba\/index.php\/wp-json\/wp\/v2\/posts\/141529\/revisions"}],"wp:featuredmedia":[{"embeddable":true,"href":"https:\/\/tuzlainfo.ba\/index.php\/wp-json\/wp\/v2\/media\/141530"}],"wp:attachment":[{"href":"https:\/\/tuzlainfo.ba\/index.php\/wp-json\/wp\/v2\/media?parent=141529"}],"wp:term":[{"taxonomy":"category","embeddable":true,"href":"https:\/\/tuzlainfo.ba\/index.php\/wp-json\/wp\/v2\/categories?post=141529"},{"taxonomy":"post_tag","embeddable":true,"href":"https:\/\/tuzlainfo.ba\/index.php\/wp-json\/wp\/v2\/tags?post=141529"}],"curies":[{"name":"wp","href":"https:\/\/api.w.org\/{rel}","templated":true}]}}