{"id":141436,"date":"2021-07-09T13:25:03","date_gmt":"2021-07-09T11:25:03","guid":{"rendered":"https:\/\/tuzlainfo.ba\/?p=141436"},"modified":"2021-07-11T23:13:14","modified_gmt":"2021-07-11T21:13:14","slug":"ministar-zdravstva-tk-znacajan-broj-gradjana-odbija-primiti-astrazeneca-vakcinu","status":"publish","type":"post","link":"https:\/\/tuzlainfo.ba\/index.php\/clanci\/tk-info-clanci\/item\/141436-ministar-zdravstva-tk-znacajan-broj-gradjana-odbija-primiti-astrazeneca-vakcinu\/","title":{"rendered":"Ministar zdravstva TK: &#8220;Zna\u010dajan broj gra\u0111ana odbija primiti AstraZeneca vakcinu&#8221;"},"content":{"rendered":"<p>Sve vakcine koje se koriste za vakcinaciju protiv COVID 19 pokazale su se kao djelotovorne i sigurne, a na podru\u010dju TK vakcinom Astra Zeneca do sada se vakcinisalo 2045 zdravstvenih radnika, istaknuto je na dana\u0161njoj press konferenciji u organizaciji Ministarstva zdravstva Tuzlanskog kantona. Zbog\u00a0 problema odustajanja zna\u010dajnog broja gra\u0111ana, jer se radi o vakcini Astra Zeneca, od ukupno 3607 osoba koliko se do sada prijavilo na spiskove prioritetnih grupa za vakcinaciju, ovom je prilikom nagla\u0161eno da su sve dostupne vakcine sigurne i djetlotvorne kada je u pitanju sprje\u010davanje te\u0161kih slu\u010dajeva i komplikacija koje su posljedica covida 19.<\/p>\n<p>\u201eDo sada je\u201c, prema rije\u010dima ministra zdravstva Bo\u017ee Juri\u0107a, \u201ena podru\u010dje TK stiglo 19560 doza cjepiva Astra Zeneca i 43% svih zdravstvenih radnika vakcinisalo se upravo ovim cjepivom.\u201c<\/p>\n<p>Epidemiologinja Jasmina Brki\u0107 D\u017eambi\u0107 iz Zavoda za javno zdravstvo pokazuju\u0107i svoj karton vakcinacije i na kojem je vidno da se i sama vakcinisala Astra Zenec-om istaknula je da: \u201eU Grada\u010dcu od 259 prijavljenih 159 je odbilo da se vakcini\u0161e, u Banovi\u0107ima je 120 vakcinisano a 90 odbilo, a \u010desto se de\u0161ava da se ne javljaju na telefonski poziv. U Srebreniku je od 195 prijavljenih na spisak njih 95 odbilo do\u0107i da se vakcini\u0161e jer je u pitanju vakcina Astra Zeneca.\u201c<\/p>\n<p>Iznena\u0111en podacima da veliki broj ljudi odbija da se vakcini\u0161e, ministar obrazovanja i nauke Elvis Barakovi\u0107 naglasio je va\u017enost vakcinacije u\u00a0 ustanovama odgoja i obrazovanja te \u201epozvao i zamolio sve prosvjetne radnike i one koji se nisu jo\u0161 prijavili da se vakcini\u0161u jer je to jako bitno za sve nas\u201c.<\/p>\n<p>\u201eVjerujem u nau\u010dnike i empirijske pokazatelje i da je jedna od najve\u0107ih pobjeda nauke dana\u0161njeg vremena \u0161to smo tako brzo kao dru\u0161tvo razvili vakcinu i da to treba iskoristiti.Veoma je bitno da u\u0111emo svi vakcinisani, za\u0161ti\u0107eni u\u00a0 narednu \u0161kolsku godinu kako zbog djece koja se ne mogu vakcinisati tako i cijelog dru\u0161tva\u201c, kazao je ovom prilikom ministar Barakovi\u0107 i zahvalio se Vladi TK \u0161to je prosvjetne radnike prepoznala kao prirotetnu grupu jer je vakcinacija dobra priprema da naredna \u0161kolska i akademska godina bude bolja nego protekla.<\/p>\n<p>Sagledavaju\u0107i sva pitanja i nedoumice koje gra\u0111ani imaju prema vakcinama epidemiologinja Brki\u0107 D\u017eambi\u0107 je kazala da su sve vakcine protiv COVID 19, bez obzira o kojoj se radi, veoma djelotvorne i najva\u017enije da \u0161tite od te\u0161kih oblika bolesti i hospitalizacije.<\/p>\n<p>\u201eNe postoji nijedna hroni\u010dna bolest koja je kontraindikacija za vakcinaciju. Jedina kontraindikacija je anafilakti\u010dka reakcija na prvu dozu i ako ste alergi\u010dni na neki od pomo\u0107nih sastojaka vakcine\u201c, ponovila je dr Brki\u0107 D\u017eambi\u0107.<\/p>\n<p>Proces vakcinacije\u00a0 prioritenih grupa je zapo\u010deo, spiskovi su dostavljeni ali jo\u0161 postoji mogu\u0107nost dopunjavanja a domovi zdravlja sa podru\u010dja TK telefonom \u0107e\u00a0 pozvati sve koji su na spiskovima kako bi vakcinacijom za\u0161titili sebe i svoje najbli\u017ee, istaknuto je na dana\u0161njoj press konferenciji.<\/p>\n","protected":false},"excerpt":{"rendered":"<p>Sve vakcine koje se koriste za vakcinaciju protiv COVID 19 pokazale su se kao djelotovorne&hellip;<\/p>\n","protected":false},"author":4,"featured_media":141437,"comment_status":"open","ping_status":"closed","sticky":false,"template":"","format":"standard","meta":{"_acf_changed":false,"footnotes":""},"categories":[304,306,14],"tags":[1461,1018],"acf":[],"yoast_head":"<!-- This site is optimized with the Yoast SEO plugin v23.5 - https:\/\/yoast.com\/wordpress\/plugins\/seo\/ -->\n<title>Ministar zdravstva TK: &quot;Zna\u010dajan broj gra\u0111ana odbija primiti AstraZeneca vakcinu&quot; - TuzlaInfo.ba<\/title>\n<meta name=\"robots\" content=\"index, follow, max-snippet:-1, max-image-preview:large, max-video-preview:-1\" \/>\n<link rel=\"canonical\" href=\"https:\/\/tuzlainfo.ba\/index.php\/clanci\/tk-info-clanci\/item\/141436-ministar-zdravstva-tk-znacajan-broj-gradjana-odbija-primiti-astrazeneca-vakcinu\/\" \/>\n<meta property=\"og:locale\" content=\"bs_BA\" \/>\n<meta property=\"og:type\" content=\"article\" \/>\n<meta property=\"og:title\" content=\"Ministar zdravstva TK: &quot;Zna\u010dajan broj gra\u0111ana odbija primiti AstraZeneca vakcinu&quot; - TuzlaInfo.ba\" \/>\n<meta property=\"og:description\" content=\"Sve vakcine koje se koriste za vakcinaciju protiv COVID 19 pokazale su se kao djelotovorne&hellip;\" \/>\n<meta property=\"og:url\" content=\"https:\/\/tuzlainfo.ba\/index.php\/clanci\/tk-info-clanci\/item\/141436-ministar-zdravstva-tk-znacajan-broj-gradjana-odbija-primiti-astrazeneca-vakcinu\/\" \/>\n<meta property=\"og:site_name\" content=\"TuzlaInfo.ba\" \/>\n<meta property=\"article:publisher\" content=\"https:\/\/www.facebook.com\/tuzlainfo.ba\/\" \/>\n<meta property=\"article:published_time\" content=\"2021-07-09T11:25:03+00:00\" \/>\n<meta property=\"article:modified_time\" content=\"2021-07-11T21:13:14+00:00\" \/>\n<meta property=\"og:image\" content=\"https:\/\/tuzlainfo.ba\/wp-content\/uploads\/2021\/07\/0907_juric_press-vakc-1-696x522-1.jpg\" \/>\n\t<meta property=\"og:image:width\" content=\"696\" \/>\n\t<meta property=\"og:image:height\" content=\"522\" \/>\n\t<meta property=\"og:image:type\" content=\"image\/jpeg\" \/>\n<meta name=\"author\" content=\"Tuzla Info\" \/>\n<meta name=\"twitter:card\" content=\"summary_large_image\" \/>\n<meta name=\"twitter:label1\" content=\"Written by\" \/>\n\t<meta name=\"twitter:data1\" content=\"Tuzla Info\" \/>\n\t<meta name=\"twitter:label2\" content=\"Est. reading time\" \/>\n\t<meta name=\"twitter:data2\" content=\"2 minute\" \/>\n<script type=\"application\/ld+json\" class=\"yoast-schema-graph\">{\"@context\":\"https:\/\/schema.org\",\"@graph\":[{\"@type\":\"Article\",\"@id\":\"https:\/\/tuzlainfo.ba\/index.php\/clanci\/tk-info-clanci\/item\/141436-ministar-zdravstva-tk-znacajan-broj-gradjana-odbija-primiti-astrazeneca-vakcinu\/#article\",\"isPartOf\":{\"@id\":\"https:\/\/tuzlainfo.ba\/index.php\/clanci\/tk-info-clanci\/item\/141436-ministar-zdravstva-tk-znacajan-broj-gradjana-odbija-primiti-astrazeneca-vakcinu\/\"},\"author\":{\"name\":\"Tuzla Info\",\"@id\":\"https:\/\/tuzlainfo.ba\/#\/schema\/person\/46cad4c57790cbc50781edd14870825a\"},\"headline\":\"Ministar zdravstva TK: &#8220;Zna\u010dajan broj gra\u0111ana odbija primiti AstraZeneca vakcinu&#8221;\",\"datePublished\":\"2021-07-09T11:25:03+00:00\",\"dateModified\":\"2021-07-11T21:13:14+00:00\",\"mainEntityOfPage\":{\"@id\":\"https:\/\/tuzlainfo.ba\/index.php\/clanci\/tk-info-clanci\/item\/141436-ministar-zdravstva-tk-znacajan-broj-gradjana-odbija-primiti-astrazeneca-vakcinu\/\"},\"wordCount\":504,\"commentCount\":0,\"publisher\":{\"@id\":\"https:\/\/tuzlainfo.ba\/#organization\"},\"image\":{\"@id\":\"https:\/\/tuzlainfo.ba\/index.php\/clanci\/tk-info-clanci\/item\/141436-ministar-zdravstva-tk-znacajan-broj-gradjana-odbija-primiti-astrazeneca-vakcinu\/#primaryimage\"},\"thumbnailUrl\":\"https:\/\/tuzlainfo.ba\/wp-content\/uploads\/2021\/07\/0907_juric_press-vakc-1-696x522-1.jpg\",\"keywords\":[\"covit tk\",\"vakcinacinacija tk\"],\"articleSection\":[\"Istaknuto\",\"Preporu\u010dujemo\",\"TK info\"],\"inLanguage\":\"bs-BA\"},{\"@type\":\"WebPage\",\"@id\":\"https:\/\/tuzlainfo.ba\/index.php\/clanci\/tk-info-clanci\/item\/141436-ministar-zdravstva-tk-znacajan-broj-gradjana-odbija-primiti-astrazeneca-vakcinu\/\",\"url\":\"https:\/\/tuzlainfo.ba\/index.php\/clanci\/tk-info-clanci\/item\/141436-ministar-zdravstva-tk-znacajan-broj-gradjana-odbija-primiti-astrazeneca-vakcinu\/\",\"name\":\"Ministar zdravstva TK: \\\"Zna\u010dajan broj gra\u0111ana odbija primiti AstraZeneca vakcinu\\\" - TuzlaInfo.ba\",\"isPartOf\":{\"@id\":\"https:\/\/tuzlainfo.ba\/#website\"},\"primaryImageOfPage\":{\"@id\":\"https:\/\/tuzlainfo.ba\/index.php\/clanci\/tk-info-clanci\/item\/141436-ministar-zdravstva-tk-znacajan-broj-gradjana-odbija-primiti-astrazeneca-vakcinu\/#primaryimage\"},\"image\":{\"@id\":\"https:\/\/tuzlainfo.ba\/index.php\/clanci\/tk-info-clanci\/item\/141436-ministar-zdravstva-tk-znacajan-broj-gradjana-odbija-primiti-astrazeneca-vakcinu\/#primaryimage\"},\"thumbnailUrl\":\"https:\/\/tuzlainfo.ba\/wp-content\/uploads\/2021\/07\/0907_juric_press-vakc-1-696x522-1.jpg\",\"datePublished\":\"2021-07-09T11:25:03+00:00\",\"dateModified\":\"2021-07-11T21:13:14+00:00\",\"breadcrumb\":{\"@id\":\"https:\/\/tuzlainfo.ba\/index.php\/clanci\/tk-info-clanci\/item\/141436-ministar-zdravstva-tk-znacajan-broj-gradjana-odbija-primiti-astrazeneca-vakcinu\/#breadcrumb\"},\"inLanguage\":\"bs-BA\",\"potentialAction\":[{\"@type\":\"ReadAction\",\"target\":[\"https:\/\/tuzlainfo.ba\/index.php\/clanci\/tk-info-clanci\/item\/141436-ministar-zdravstva-tk-znacajan-broj-gradjana-odbija-primiti-astrazeneca-vakcinu\/\"]}]},{\"@type\":\"ImageObject\",\"inLanguage\":\"bs-BA\",\"@id\":\"https:\/\/tuzlainfo.ba\/index.php\/clanci\/tk-info-clanci\/item\/141436-ministar-zdravstva-tk-znacajan-broj-gradjana-odbija-primiti-astrazeneca-vakcinu\/#primaryimage\",\"url\":\"https:\/\/tuzlainfo.ba\/wp-content\/uploads\/2021\/07\/0907_juric_press-vakc-1-696x522-1.jpg\",\"contentUrl\":\"https:\/\/tuzlainfo.ba\/wp-content\/uploads\/2021\/07\/0907_juric_press-vakc-1-696x522-1.jpg\",\"width\":696,\"height\":522},{\"@type\":\"BreadcrumbList\",\"@id\":\"https:\/\/tuzlainfo.ba\/index.php\/clanci\/tk-info-clanci\/item\/141436-ministar-zdravstva-tk-znacajan-broj-gradjana-odbija-primiti-astrazeneca-vakcinu\/#breadcrumb\",\"itemListElement\":[{\"@type\":\"ListItem\",\"position\":1,\"name\":\"Home\",\"item\":\"https:\/\/tuzlainfo.ba\/\"},{\"@type\":\"ListItem\",\"position\":2,\"name\":\"Ministar zdravstva TK: &#8220;Zna\u010dajan broj gra\u0111ana odbija primiti AstraZeneca vakcinu&#8221;\"}]},{\"@type\":\"WebSite\",\"@id\":\"https:\/\/tuzlainfo.ba\/#website\",\"url\":\"https:\/\/tuzlainfo.ba\/\",\"name\":\"TuzlaInfo.ba\",\"description\":\"Tuzla info, gradski informator - Tuzla na dlanu\",\"publisher\":{\"@id\":\"https:\/\/tuzlainfo.ba\/#organization\"},\"potentialAction\":[{\"@type\":\"SearchAction\",\"target\":{\"@type\":\"EntryPoint\",\"urlTemplate\":\"https:\/\/tuzlainfo.ba\/?s={search_term_string}\"},\"query-input\":{\"@type\":\"PropertyValueSpecification\",\"valueRequired\":true,\"valueName\":\"search_term_string\"}}],\"inLanguage\":\"bs-BA\"},{\"@type\":\"Organization\",\"@id\":\"https:\/\/tuzlainfo.ba\/#organization\",\"name\":\"TuzlaInfo.ba\",\"url\":\"https:\/\/tuzlainfo.ba\/\",\"logo\":{\"@type\":\"ImageObject\",\"inLanguage\":\"bs-BA\",\"@id\":\"https:\/\/tuzlainfo.ba\/#\/schema\/logo\/image\/\",\"url\":\"https:\/\/tuzlainfo.ba\/wp-content\/uploads\/2021\/03\/logo-ver-3-1.png\",\"contentUrl\":\"https:\/\/tuzlainfo.ba\/wp-content\/uploads\/2021\/03\/logo-ver-3-1.png\",\"width\":350,\"height\":95,\"caption\":\"TuzlaInfo.ba\"},\"image\":{\"@id\":\"https:\/\/tuzlainfo.ba\/#\/schema\/logo\/image\/\"},\"sameAs\":[\"https:\/\/www.facebook.com\/tuzlainfo.ba\/\"]},{\"@type\":\"Person\",\"@id\":\"https:\/\/tuzlainfo.ba\/#\/schema\/person\/46cad4c57790cbc50781edd14870825a\",\"name\":\"Tuzla Info\",\"image\":{\"@type\":\"ImageObject\",\"inLanguage\":\"bs-BA\",\"@id\":\"https:\/\/tuzlainfo.ba\/#\/schema\/person\/image\/\",\"url\":\"https:\/\/tuzlainfo.ba\/wp-content\/litespeed\/avatar\/b6c453a6c38e3654f2e4416c643fc25c.jpg?ver=1777051911\",\"contentUrl\":\"https:\/\/tuzlainfo.ba\/wp-content\/litespeed\/avatar\/b6c453a6c38e3654f2e4416c643fc25c.jpg?ver=1777051911\",\"caption\":\"Tuzla Info\"}}]}<\/script>\n<!-- \/ Yoast SEO plugin. -->","yoast_head_json":{"title":"Ministar zdravstva TK: \"Zna\u010dajan broj gra\u0111ana odbija primiti AstraZeneca vakcinu\" - TuzlaInfo.ba","robots":{"index":"index","follow":"follow","max-snippet":"max-snippet:-1","max-image-preview":"max-image-preview:large","max-video-preview":"max-video-preview:-1"},"canonical":"https:\/\/tuzlainfo.ba\/index.php\/clanci\/tk-info-clanci\/item\/141436-ministar-zdravstva-tk-znacajan-broj-gradjana-odbija-primiti-astrazeneca-vakcinu\/","og_locale":"bs_BA","og_type":"article","og_title":"Ministar zdravstva TK: \"Zna\u010dajan broj gra\u0111ana odbija primiti AstraZeneca vakcinu\" - TuzlaInfo.ba","og_description":"Sve vakcine koje se koriste za vakcinaciju protiv COVID 19 pokazale su se kao djelotovorne&hellip;","og_url":"https:\/\/tuzlainfo.ba\/index.php\/clanci\/tk-info-clanci\/item\/141436-ministar-zdravstva-tk-znacajan-broj-gradjana-odbija-primiti-astrazeneca-vakcinu\/","og_site_name":"TuzlaInfo.ba","article_publisher":"https:\/\/www.facebook.com\/tuzlainfo.ba\/","article_published_time":"2021-07-09T11:25:03+00:00","article_modified_time":"2021-07-11T21:13:14+00:00","og_image":[{"width":696,"height":522,"url":"https:\/\/tuzlainfo.ba\/wp-content\/uploads\/2021\/07\/0907_juric_press-vakc-1-696x522-1.jpg","type":"image\/jpeg"}],"author":"Tuzla Info","twitter_card":"summary_large_image","twitter_misc":{"Written by":"Tuzla Info","Est. reading time":"2 minute"},"schema":{"@context":"https:\/\/schema.org","@graph":[{"@type":"Article","@id":"https:\/\/tuzlainfo.ba\/index.php\/clanci\/tk-info-clanci\/item\/141436-ministar-zdravstva-tk-znacajan-broj-gradjana-odbija-primiti-astrazeneca-vakcinu\/#article","isPartOf":{"@id":"https:\/\/tuzlainfo.ba\/index.php\/clanci\/tk-info-clanci\/item\/141436-ministar-zdravstva-tk-znacajan-broj-gradjana-odbija-primiti-astrazeneca-vakcinu\/"},"author":{"name":"Tuzla Info","@id":"https:\/\/tuzlainfo.ba\/#\/schema\/person\/46cad4c57790cbc50781edd14870825a"},"headline":"Ministar zdravstva TK: &#8220;Zna\u010dajan broj gra\u0111ana odbija primiti AstraZeneca vakcinu&#8221;","datePublished":"2021-07-09T11:25:03+00:00","dateModified":"2021-07-11T21:13:14+00:00","mainEntityOfPage":{"@id":"https:\/\/tuzlainfo.ba\/index.php\/clanci\/tk-info-clanci\/item\/141436-ministar-zdravstva-tk-znacajan-broj-gradjana-odbija-primiti-astrazeneca-vakcinu\/"},"wordCount":504,"commentCount":0,"publisher":{"@id":"https:\/\/tuzlainfo.ba\/#organization"},"image":{"@id":"https:\/\/tuzlainfo.ba\/index.php\/clanci\/tk-info-clanci\/item\/141436-ministar-zdravstva-tk-znacajan-broj-gradjana-odbija-primiti-astrazeneca-vakcinu\/#primaryimage"},"thumbnailUrl":"https:\/\/tuzlainfo.ba\/wp-content\/uploads\/2021\/07\/0907_juric_press-vakc-1-696x522-1.jpg","keywords":["covit tk","vakcinacinacija tk"],"articleSection":["Istaknuto","Preporu\u010dujemo","TK info"],"inLanguage":"bs-BA"},{"@type":"WebPage","@id":"https:\/\/tuzlainfo.ba\/index.php\/clanci\/tk-info-clanci\/item\/141436-ministar-zdravstva-tk-znacajan-broj-gradjana-odbija-primiti-astrazeneca-vakcinu\/","url":"https:\/\/tuzlainfo.ba\/index.php\/clanci\/tk-info-clanci\/item\/141436-ministar-zdravstva-tk-znacajan-broj-gradjana-odbija-primiti-astrazeneca-vakcinu\/","name":"Ministar zdravstva TK: \"Zna\u010dajan broj gra\u0111ana odbija primiti AstraZeneca vakcinu\" - TuzlaInfo.ba","isPartOf":{"@id":"https:\/\/tuzlainfo.ba\/#website"},"primaryImageOfPage":{"@id":"https:\/\/tuzlainfo.ba\/index.php\/clanci\/tk-info-clanci\/item\/141436-ministar-zdravstva-tk-znacajan-broj-gradjana-odbija-primiti-astrazeneca-vakcinu\/#primaryimage"},"image":{"@id":"https:\/\/tuzlainfo.ba\/index.php\/clanci\/tk-info-clanci\/item\/141436-ministar-zdravstva-tk-znacajan-broj-gradjana-odbija-primiti-astrazeneca-vakcinu\/#primaryimage"},"thumbnailUrl":"https:\/\/tuzlainfo.ba\/wp-content\/uploads\/2021\/07\/0907_juric_press-vakc-1-696x522-1.jpg","datePublished":"2021-07-09T11:25:03+00:00","dateModified":"2021-07-11T21:13:14+00:00","breadcrumb":{"@id":"https:\/\/tuzlainfo.ba\/index.php\/clanci\/tk-info-clanci\/item\/141436-ministar-zdravstva-tk-znacajan-broj-gradjana-odbija-primiti-astrazeneca-vakcinu\/#breadcrumb"},"inLanguage":"bs-BA","potentialAction":[{"@type":"ReadAction","target":["https:\/\/tuzlainfo.ba\/index.php\/clanci\/tk-info-clanci\/item\/141436-ministar-zdravstva-tk-znacajan-broj-gradjana-odbija-primiti-astrazeneca-vakcinu\/"]}]},{"@type":"ImageObject","inLanguage":"bs-BA","@id":"https:\/\/tuzlainfo.ba\/index.php\/clanci\/tk-info-clanci\/item\/141436-ministar-zdravstva-tk-znacajan-broj-gradjana-odbija-primiti-astrazeneca-vakcinu\/#primaryimage","url":"https:\/\/tuzlainfo.ba\/wp-content\/uploads\/2021\/07\/0907_juric_press-vakc-1-696x522-1.jpg","contentUrl":"https:\/\/tuzlainfo.ba\/wp-content\/uploads\/2021\/07\/0907_juric_press-vakc-1-696x522-1.jpg","width":696,"height":522},{"@type":"BreadcrumbList","@id":"https:\/\/tuzlainfo.ba\/index.php\/clanci\/tk-info-clanci\/item\/141436-ministar-zdravstva-tk-znacajan-broj-gradjana-odbija-primiti-astrazeneca-vakcinu\/#breadcrumb","itemListElement":[{"@type":"ListItem","position":1,"name":"Home","item":"https:\/\/tuzlainfo.ba\/"},{"@type":"ListItem","position":2,"name":"Ministar zdravstva TK: &#8220;Zna\u010dajan broj gra\u0111ana odbija primiti AstraZeneca vakcinu&#8221;"}]},{"@type":"WebSite","@id":"https:\/\/tuzlainfo.ba\/#website","url":"https:\/\/tuzlainfo.ba\/","name":"TuzlaInfo.ba","description":"Tuzla info, gradski informator - Tuzla na dlanu","publisher":{"@id":"https:\/\/tuzlainfo.ba\/#organization"},"potentialAction":[{"@type":"SearchAction","target":{"@type":"EntryPoint","urlTemplate":"https:\/\/tuzlainfo.ba\/?s={search_term_string}"},"query-input":{"@type":"PropertyValueSpecification","valueRequired":true,"valueName":"search_term_string"}}],"inLanguage":"bs-BA"},{"@type":"Organization","@id":"https:\/\/tuzlainfo.ba\/#organization","name":"TuzlaInfo.ba","url":"https:\/\/tuzlainfo.ba\/","logo":{"@type":"ImageObject","inLanguage":"bs-BA","@id":"https:\/\/tuzlainfo.ba\/#\/schema\/logo\/image\/","url":"https:\/\/tuzlainfo.ba\/wp-content\/uploads\/2021\/03\/logo-ver-3-1.png","contentUrl":"https:\/\/tuzlainfo.ba\/wp-content\/uploads\/2021\/03\/logo-ver-3-1.png","width":350,"height":95,"caption":"TuzlaInfo.ba"},"image":{"@id":"https:\/\/tuzlainfo.ba\/#\/schema\/logo\/image\/"},"sameAs":["https:\/\/www.facebook.com\/tuzlainfo.ba\/"]},{"@type":"Person","@id":"https:\/\/tuzlainfo.ba\/#\/schema\/person\/46cad4c57790cbc50781edd14870825a","name":"Tuzla Info","image":{"@type":"ImageObject","inLanguage":"bs-BA","@id":"https:\/\/tuzlainfo.ba\/#\/schema\/person\/image\/","url":"https:\/\/tuzlainfo.ba\/wp-content\/litespeed\/avatar\/b6c453a6c38e3654f2e4416c643fc25c.jpg?ver=1777051911","contentUrl":"https:\/\/tuzlainfo.ba\/wp-content\/litespeed\/avatar\/b6c453a6c38e3654f2e4416c643fc25c.jpg?ver=1777051911","caption":"Tuzla Info"}}]}},"_links":{"self":[{"href":"https:\/\/tuzlainfo.ba\/index.php\/wp-json\/wp\/v2\/posts\/141436"}],"collection":[{"href":"https:\/\/tuzlainfo.ba\/index.php\/wp-json\/wp\/v2\/posts"}],"about":[{"href":"https:\/\/tuzlainfo.ba\/index.php\/wp-json\/wp\/v2\/types\/post"}],"author":[{"embeddable":true,"href":"https:\/\/tuzlainfo.ba\/index.php\/wp-json\/wp\/v2\/users\/4"}],"replies":[{"embeddable":true,"href":"https:\/\/tuzlainfo.ba\/index.php\/wp-json\/wp\/v2\/comments?post=141436"}],"version-history":[{"count":0,"href":"https:\/\/tuzlainfo.ba\/index.php\/wp-json\/wp\/v2\/posts\/141436\/revisions"}],"wp:featuredmedia":[{"embeddable":true,"href":"https:\/\/tuzlainfo.ba\/index.php\/wp-json\/wp\/v2\/media\/141437"}],"wp:attachment":[{"href":"https:\/\/tuzlainfo.ba\/index.php\/wp-json\/wp\/v2\/media?parent=141436"}],"wp:term":[{"taxonomy":"category","embeddable":true,"href":"https:\/\/tuzlainfo.ba\/index.php\/wp-json\/wp\/v2\/categories?post=141436"},{"taxonomy":"post_tag","embeddable":true,"href":"https:\/\/tuzlainfo.ba\/index.php\/wp-json\/wp\/v2\/tags?post=141436"}],"curies":[{"name":"wp","href":"https:\/\/api.w.org\/{rel}","templated":true}]}}