{"id":141158,"date":"2021-07-07T08:25:28","date_gmt":"2021-07-07T06:25:28","guid":{"rendered":"https:\/\/tuzlainfo.ba\/?p=141158"},"modified":"2021-07-07T08:25:28","modified_gmt":"2021-07-07T06:25:28","slug":"rehabilitovan-cetnicki-zapovjednik-dragutin-keserovic-stigle-prve-osude","status":"publish","type":"post","link":"https:\/\/tuzlainfo.ba\/index.php\/clanci\/sa-svih-strana\/item\/141158-rehabilitovan-cetnicki-zapovjednik-dragutin-keserovic-stigle-prve-osude\/","title":{"rendered":"Rehabilitovan \u010detni\u010dki zapovjednik Dragutin Keserovi\u0107, stigle prve osude"},"content":{"rendered":"<p><strong>Demokratski savez Hrvata u Vojvodini (DSHV) u utorak je osudio rehabilitaciju \u010detni\u010dkog zapovjednika Dragutina Keserovi\u0107a, i upozorio na \u201eskandalozne\u201c revizionisti\u010dke procese u Srbiji, prenosi N1.<\/strong><\/p>\n<p>Vi\u0161i sud u Beogradu rehabilitirao je pukovnika Dragutina Keserovi\u0107a, komandanta operativne skupine rasinsko-topli\u010dkog odreda Jugoslavenske vojske u Otad\u017ebini (JVuO)\u201c koji je poslije poraza fa\u0161ista strijeljan 17. kolovoza 1945. godine.<\/p>\n<p><strong>\u201eRehabilitacija jednog od \u010detni\u010dkih zapovjednika za nas je neprihvatljiva, a strahujemo da \u0107e izazvati osje\u0107aj nesigurnosti kod gra\u0111ana Srbije koji pripadaju nacionalnim manjinama\u201c,<\/strong>\u00a0navedeno je u priop\u0107enju DSHV-a koje je potpisao predsjednik Tomislav \u017digmanov.<\/p>\n<p>U stranci hrvatske manjine dodaju kako je rije\u010d o skandaloznoj odluci suda jer se\u00a0<strong>\u201eradi o ratnom vo\u0111i koji je sura\u0111ivao s ostalim fa\u0161isti\u010dkim snagama u tada\u0161njoj okupiranoj Srbiji, koji je nakon rata osu\u0111en i zbog suradnje s Milanom Nedi\u0107em, predsjednikom kvinslin\u0161ke vlade Srbije i jednim od arhitekata Holokausta u okupiranoj Srbiji\u201c.<\/strong><\/p>\n<p>DSHV ukazuje kako je rehabilitacija Dragutina Keserovi\u0107a nastavak revizionisti\u010dkih procesa koji u Srbiji traju, a za Hrvate u Srbiji oni izazivaju osje\u0107aj straha i nelagode.<\/p>\n<p><strong>\u201eMi kao stranka hrvatske zajednice u Republici Srbiji nikada ne\u0107emo pristati na ovakve poglede na povijest, jer to vrije\u0111a \u017ertve kako svih na\u0161ih sunarodnjaka tako i na\u0161e sugra\u0111ane drugih nacionalnosti koji su stradali zbog \u010detni\u010dke ideologije\u201c,<\/strong>\u00a0zaklju\u010duje se u priop\u0107enju DSHV-a.<\/p>\n<p>Rehabilitacija \u010detni\u010dkih vo\u0111a u Srbiji po\u010dela je 2004. kada je Skup\u0161tina Srbije izglasala je zakon u kojem je izjedna\u010dila prava pripadnika \u010detni\u010dkih postrojbi s partizanskim borcima u Drugom svjetskom ratu.<\/p>\n<p>Jedanaest godina kasnije, sredinom svibnja 2015., Vi\u0161i sud u Beogradu rehabilitirao je najpoznatijeg \u010detni\u010dkog vo\u0111u, generala Dra\u017eu Mihailovi\u0107a.<\/p>\n<p>On je osu\u0111en je i strijeljan 1946. zbog ratnih zlo\u010dina i suradnje s okupacijskim vlastima.<\/p>\n","protected":false},"excerpt":{"rendered":"<p>Demokratski savez Hrvata u Vojvodini (DSHV) u utorak je osudio rehabilitaciju \u010detni\u010dkog zapovjednika Dragutina Keserovi\u0107a,&hellip;<\/p>\n","protected":false},"author":4,"featured_media":141159,"comment_status":"open","ping_status":"closed","sticky":false,"template":"","format":"standard","meta":{"_acf_changed":false,"footnotes":""},"categories":[16],"tags":[688,309],"acf":[],"yoast_head":"<!-- This site is optimized with the Yoast SEO plugin v23.5 - https:\/\/yoast.com\/wordpress\/plugins\/seo\/ -->\n<title>Rehabilitovan \u010detni\u010dki zapovjednik Dragutin Keserovi\u0107, stigle prve osude - TuzlaInfo.ba<\/title>\n<meta name=\"robots\" content=\"index, follow, max-snippet:-1, max-image-preview:large, max-video-preview:-1\" \/>\n<link rel=\"canonical\" href=\"https:\/\/tuzlainfo.ba\/index.php\/clanci\/sa-svih-strana\/item\/141158-rehabilitovan-cetnicki-zapovjednik-dragutin-keserovic-stigle-prve-osude\/\" \/>\n<meta property=\"og:locale\" content=\"bs_BA\" \/>\n<meta property=\"og:type\" content=\"article\" \/>\n<meta property=\"og:title\" content=\"Rehabilitovan \u010detni\u010dki zapovjednik Dragutin Keserovi\u0107, stigle prve osude - TuzlaInfo.ba\" \/>\n<meta property=\"og:description\" content=\"Demokratski savez Hrvata u Vojvodini (DSHV) u utorak je osudio rehabilitaciju \u010detni\u010dkog zapovjednika Dragutina Keserovi\u0107a,&hellip;\" \/>\n<meta property=\"og:url\" content=\"https:\/\/tuzlainfo.ba\/index.php\/clanci\/sa-svih-strana\/item\/141158-rehabilitovan-cetnicki-zapovjednik-dragutin-keserovic-stigle-prve-osude\/\" \/>\n<meta property=\"og:site_name\" content=\"TuzlaInfo.ba\" \/>\n<meta property=\"article:publisher\" content=\"https:\/\/www.facebook.com\/tuzlainfo.ba\/\" \/>\n<meta property=\"article:published_time\" content=\"2021-07-07T06:25:28+00:00\" \/>\n<meta property=\"og:image\" content=\"https:\/\/tuzlainfo.ba\/wp-content\/uploads\/2021\/07\/0707_cetnici-59809-750x422-1.jpeg\" \/>\n\t<meta property=\"og:image:width\" content=\"750\" \/>\n\t<meta property=\"og:image:height\" content=\"422\" \/>\n\t<meta property=\"og:image:type\" content=\"image\/jpeg\" \/>\n<meta name=\"author\" content=\"Tuzla Info\" \/>\n<meta name=\"twitter:card\" content=\"summary_large_image\" \/>\n<meta name=\"twitter:label1\" content=\"Written by\" \/>\n\t<meta name=\"twitter:data1\" content=\"Tuzla Info\" \/>\n\t<meta name=\"twitter:label2\" content=\"Est. reading time\" \/>\n\t<meta name=\"twitter:data2\" content=\"2 minute\" \/>\n<script type=\"application\/ld+json\" class=\"yoast-schema-graph\">{\"@context\":\"https:\/\/schema.org\",\"@graph\":[{\"@type\":\"Article\",\"@id\":\"https:\/\/tuzlainfo.ba\/index.php\/clanci\/sa-svih-strana\/item\/141158-rehabilitovan-cetnicki-zapovjednik-dragutin-keserovic-stigle-prve-osude\/#article\",\"isPartOf\":{\"@id\":\"https:\/\/tuzlainfo.ba\/index.php\/clanci\/sa-svih-strana\/item\/141158-rehabilitovan-cetnicki-zapovjednik-dragutin-keserovic-stigle-prve-osude\/\"},\"author\":{\"name\":\"Tuzla Info\",\"@id\":\"https:\/\/tuzlainfo.ba\/#\/schema\/person\/46cad4c57790cbc50781edd14870825a\"},\"headline\":\"Rehabilitovan \u010detni\u010dki zapovjednik Dragutin Keserovi\u0107, stigle prve osude\",\"datePublished\":\"2021-07-07T06:25:28+00:00\",\"dateModified\":\"2021-07-07T06:25:28+00:00\",\"mainEntityOfPage\":{\"@id\":\"https:\/\/tuzlainfo.ba\/index.php\/clanci\/sa-svih-strana\/item\/141158-rehabilitovan-cetnicki-zapovjednik-dragutin-keserovic-stigle-prve-osude\/\"},\"wordCount\":317,\"commentCount\":0,\"publisher\":{\"@id\":\"https:\/\/tuzlainfo.ba\/#organization\"},\"image\":{\"@id\":\"https:\/\/tuzlainfo.ba\/index.php\/clanci\/sa-svih-strana\/item\/141158-rehabilitovan-cetnicki-zapovjednik-dragutin-keserovic-stigle-prve-osude\/#primaryimage\"},\"thumbnailUrl\":\"https:\/\/tuzlainfo.ba\/wp-content\/uploads\/2021\/07\/0707_cetnici-59809-750x422-1.jpeg\",\"keywords\":[\"\u010detnici\",\"srbija\"],\"articleSection\":[\"Sa svih strana\"],\"inLanguage\":\"bs-BA\"},{\"@type\":\"WebPage\",\"@id\":\"https:\/\/tuzlainfo.ba\/index.php\/clanci\/sa-svih-strana\/item\/141158-rehabilitovan-cetnicki-zapovjednik-dragutin-keserovic-stigle-prve-osude\/\",\"url\":\"https:\/\/tuzlainfo.ba\/index.php\/clanci\/sa-svih-strana\/item\/141158-rehabilitovan-cetnicki-zapovjednik-dragutin-keserovic-stigle-prve-osude\/\",\"name\":\"Rehabilitovan \u010detni\u010dki zapovjednik Dragutin Keserovi\u0107, stigle prve osude - TuzlaInfo.ba\",\"isPartOf\":{\"@id\":\"https:\/\/tuzlainfo.ba\/#website\"},\"primaryImageOfPage\":{\"@id\":\"https:\/\/tuzlainfo.ba\/index.php\/clanci\/sa-svih-strana\/item\/141158-rehabilitovan-cetnicki-zapovjednik-dragutin-keserovic-stigle-prve-osude\/#primaryimage\"},\"image\":{\"@id\":\"https:\/\/tuzlainfo.ba\/index.php\/clanci\/sa-svih-strana\/item\/141158-rehabilitovan-cetnicki-zapovjednik-dragutin-keserovic-stigle-prve-osude\/#primaryimage\"},\"thumbnailUrl\":\"https:\/\/tuzlainfo.ba\/wp-content\/uploads\/2021\/07\/0707_cetnici-59809-750x422-1.jpeg\",\"datePublished\":\"2021-07-07T06:25:28+00:00\",\"dateModified\":\"2021-07-07T06:25:28+00:00\",\"breadcrumb\":{\"@id\":\"https:\/\/tuzlainfo.ba\/index.php\/clanci\/sa-svih-strana\/item\/141158-rehabilitovan-cetnicki-zapovjednik-dragutin-keserovic-stigle-prve-osude\/#breadcrumb\"},\"inLanguage\":\"bs-BA\",\"potentialAction\":[{\"@type\":\"ReadAction\",\"target\":[\"https:\/\/tuzlainfo.ba\/index.php\/clanci\/sa-svih-strana\/item\/141158-rehabilitovan-cetnicki-zapovjednik-dragutin-keserovic-stigle-prve-osude\/\"]}]},{\"@type\":\"ImageObject\",\"inLanguage\":\"bs-BA\",\"@id\":\"https:\/\/tuzlainfo.ba\/index.php\/clanci\/sa-svih-strana\/item\/141158-rehabilitovan-cetnicki-zapovjednik-dragutin-keserovic-stigle-prve-osude\/#primaryimage\",\"url\":\"https:\/\/tuzlainfo.ba\/wp-content\/uploads\/2021\/07\/0707_cetnici-59809-750x422-1.jpeg\",\"contentUrl\":\"https:\/\/tuzlainfo.ba\/wp-content\/uploads\/2021\/07\/0707_cetnici-59809-750x422-1.jpeg\",\"width\":750,\"height\":422},{\"@type\":\"BreadcrumbList\",\"@id\":\"https:\/\/tuzlainfo.ba\/index.php\/clanci\/sa-svih-strana\/item\/141158-rehabilitovan-cetnicki-zapovjednik-dragutin-keserovic-stigle-prve-osude\/#breadcrumb\",\"itemListElement\":[{\"@type\":\"ListItem\",\"position\":1,\"name\":\"Home\",\"item\":\"https:\/\/tuzlainfo.ba\/\"},{\"@type\":\"ListItem\",\"position\":2,\"name\":\"Rehabilitovan \u010detni\u010dki zapovjednik Dragutin Keserovi\u0107, stigle prve osude\"}]},{\"@type\":\"WebSite\",\"@id\":\"https:\/\/tuzlainfo.ba\/#website\",\"url\":\"https:\/\/tuzlainfo.ba\/\",\"name\":\"TuzlaInfo.ba\",\"description\":\"Tuzla info, gradski informator - Tuzla na dlanu\",\"publisher\":{\"@id\":\"https:\/\/tuzlainfo.ba\/#organization\"},\"potentialAction\":[{\"@type\":\"SearchAction\",\"target\":{\"@type\":\"EntryPoint\",\"urlTemplate\":\"https:\/\/tuzlainfo.ba\/?s={search_term_string}\"},\"query-input\":{\"@type\":\"PropertyValueSpecification\",\"valueRequired\":true,\"valueName\":\"search_term_string\"}}],\"inLanguage\":\"bs-BA\"},{\"@type\":\"Organization\",\"@id\":\"https:\/\/tuzlainfo.ba\/#organization\",\"name\":\"TuzlaInfo.ba\",\"url\":\"https:\/\/tuzlainfo.ba\/\",\"logo\":{\"@type\":\"ImageObject\",\"inLanguage\":\"bs-BA\",\"@id\":\"https:\/\/tuzlainfo.ba\/#\/schema\/logo\/image\/\",\"url\":\"https:\/\/tuzlainfo.ba\/wp-content\/uploads\/2021\/03\/logo-ver-3-1.png\",\"contentUrl\":\"https:\/\/tuzlainfo.ba\/wp-content\/uploads\/2021\/03\/logo-ver-3-1.png\",\"width\":350,\"height\":95,\"caption\":\"TuzlaInfo.ba\"},\"image\":{\"@id\":\"https:\/\/tuzlainfo.ba\/#\/schema\/logo\/image\/\"},\"sameAs\":[\"https:\/\/www.facebook.com\/tuzlainfo.ba\/\"]},{\"@type\":\"Person\",\"@id\":\"https:\/\/tuzlainfo.ba\/#\/schema\/person\/46cad4c57790cbc50781edd14870825a\",\"name\":\"Tuzla Info\",\"image\":{\"@type\":\"ImageObject\",\"inLanguage\":\"bs-BA\",\"@id\":\"https:\/\/tuzlainfo.ba\/#\/schema\/person\/image\/\",\"url\":\"https:\/\/tuzlainfo.ba\/wp-content\/litespeed\/avatar\/b6c453a6c38e3654f2e4416c643fc25c.jpg?ver=1777051911\",\"contentUrl\":\"https:\/\/tuzlainfo.ba\/wp-content\/litespeed\/avatar\/b6c453a6c38e3654f2e4416c643fc25c.jpg?ver=1777051911\",\"caption\":\"Tuzla Info\"}}]}<\/script>\n<!-- \/ Yoast SEO plugin. -->","yoast_head_json":{"title":"Rehabilitovan \u010detni\u010dki zapovjednik Dragutin Keserovi\u0107, stigle prve osude - TuzlaInfo.ba","robots":{"index":"index","follow":"follow","max-snippet":"max-snippet:-1","max-image-preview":"max-image-preview:large","max-video-preview":"max-video-preview:-1"},"canonical":"https:\/\/tuzlainfo.ba\/index.php\/clanci\/sa-svih-strana\/item\/141158-rehabilitovan-cetnicki-zapovjednik-dragutin-keserovic-stigle-prve-osude\/","og_locale":"bs_BA","og_type":"article","og_title":"Rehabilitovan \u010detni\u010dki zapovjednik Dragutin Keserovi\u0107, stigle prve osude - TuzlaInfo.ba","og_description":"Demokratski savez Hrvata u Vojvodini (DSHV) u utorak je osudio rehabilitaciju \u010detni\u010dkog zapovjednika Dragutina Keserovi\u0107a,&hellip;","og_url":"https:\/\/tuzlainfo.ba\/index.php\/clanci\/sa-svih-strana\/item\/141158-rehabilitovan-cetnicki-zapovjednik-dragutin-keserovic-stigle-prve-osude\/","og_site_name":"TuzlaInfo.ba","article_publisher":"https:\/\/www.facebook.com\/tuzlainfo.ba\/","article_published_time":"2021-07-07T06:25:28+00:00","og_image":[{"width":750,"height":422,"url":"https:\/\/tuzlainfo.ba\/wp-content\/uploads\/2021\/07\/0707_cetnici-59809-750x422-1.jpeg","type":"image\/jpeg"}],"author":"Tuzla Info","twitter_card":"summary_large_image","twitter_misc":{"Written by":"Tuzla Info","Est. reading time":"2 minute"},"schema":{"@context":"https:\/\/schema.org","@graph":[{"@type":"Article","@id":"https:\/\/tuzlainfo.ba\/index.php\/clanci\/sa-svih-strana\/item\/141158-rehabilitovan-cetnicki-zapovjednik-dragutin-keserovic-stigle-prve-osude\/#article","isPartOf":{"@id":"https:\/\/tuzlainfo.ba\/index.php\/clanci\/sa-svih-strana\/item\/141158-rehabilitovan-cetnicki-zapovjednik-dragutin-keserovic-stigle-prve-osude\/"},"author":{"name":"Tuzla Info","@id":"https:\/\/tuzlainfo.ba\/#\/schema\/person\/46cad4c57790cbc50781edd14870825a"},"headline":"Rehabilitovan \u010detni\u010dki zapovjednik Dragutin Keserovi\u0107, stigle prve osude","datePublished":"2021-07-07T06:25:28+00:00","dateModified":"2021-07-07T06:25:28+00:00","mainEntityOfPage":{"@id":"https:\/\/tuzlainfo.ba\/index.php\/clanci\/sa-svih-strana\/item\/141158-rehabilitovan-cetnicki-zapovjednik-dragutin-keserovic-stigle-prve-osude\/"},"wordCount":317,"commentCount":0,"publisher":{"@id":"https:\/\/tuzlainfo.ba\/#organization"},"image":{"@id":"https:\/\/tuzlainfo.ba\/index.php\/clanci\/sa-svih-strana\/item\/141158-rehabilitovan-cetnicki-zapovjednik-dragutin-keserovic-stigle-prve-osude\/#primaryimage"},"thumbnailUrl":"https:\/\/tuzlainfo.ba\/wp-content\/uploads\/2021\/07\/0707_cetnici-59809-750x422-1.jpeg","keywords":["\u010detnici","srbija"],"articleSection":["Sa svih strana"],"inLanguage":"bs-BA"},{"@type":"WebPage","@id":"https:\/\/tuzlainfo.ba\/index.php\/clanci\/sa-svih-strana\/item\/141158-rehabilitovan-cetnicki-zapovjednik-dragutin-keserovic-stigle-prve-osude\/","url":"https:\/\/tuzlainfo.ba\/index.php\/clanci\/sa-svih-strana\/item\/141158-rehabilitovan-cetnicki-zapovjednik-dragutin-keserovic-stigle-prve-osude\/","name":"Rehabilitovan \u010detni\u010dki zapovjednik Dragutin Keserovi\u0107, stigle prve osude - TuzlaInfo.ba","isPartOf":{"@id":"https:\/\/tuzlainfo.ba\/#website"},"primaryImageOfPage":{"@id":"https:\/\/tuzlainfo.ba\/index.php\/clanci\/sa-svih-strana\/item\/141158-rehabilitovan-cetnicki-zapovjednik-dragutin-keserovic-stigle-prve-osude\/#primaryimage"},"image":{"@id":"https:\/\/tuzlainfo.ba\/index.php\/clanci\/sa-svih-strana\/item\/141158-rehabilitovan-cetnicki-zapovjednik-dragutin-keserovic-stigle-prve-osude\/#primaryimage"},"thumbnailUrl":"https:\/\/tuzlainfo.ba\/wp-content\/uploads\/2021\/07\/0707_cetnici-59809-750x422-1.jpeg","datePublished":"2021-07-07T06:25:28+00:00","dateModified":"2021-07-07T06:25:28+00:00","breadcrumb":{"@id":"https:\/\/tuzlainfo.ba\/index.php\/clanci\/sa-svih-strana\/item\/141158-rehabilitovan-cetnicki-zapovjednik-dragutin-keserovic-stigle-prve-osude\/#breadcrumb"},"inLanguage":"bs-BA","potentialAction":[{"@type":"ReadAction","target":["https:\/\/tuzlainfo.ba\/index.php\/clanci\/sa-svih-strana\/item\/141158-rehabilitovan-cetnicki-zapovjednik-dragutin-keserovic-stigle-prve-osude\/"]}]},{"@type":"ImageObject","inLanguage":"bs-BA","@id":"https:\/\/tuzlainfo.ba\/index.php\/clanci\/sa-svih-strana\/item\/141158-rehabilitovan-cetnicki-zapovjednik-dragutin-keserovic-stigle-prve-osude\/#primaryimage","url":"https:\/\/tuzlainfo.ba\/wp-content\/uploads\/2021\/07\/0707_cetnici-59809-750x422-1.jpeg","contentUrl":"https:\/\/tuzlainfo.ba\/wp-content\/uploads\/2021\/07\/0707_cetnici-59809-750x422-1.jpeg","width":750,"height":422},{"@type":"BreadcrumbList","@id":"https:\/\/tuzlainfo.ba\/index.php\/clanci\/sa-svih-strana\/item\/141158-rehabilitovan-cetnicki-zapovjednik-dragutin-keserovic-stigle-prve-osude\/#breadcrumb","itemListElement":[{"@type":"ListItem","position":1,"name":"Home","item":"https:\/\/tuzlainfo.ba\/"},{"@type":"ListItem","position":2,"name":"Rehabilitovan \u010detni\u010dki zapovjednik Dragutin Keserovi\u0107, stigle prve osude"}]},{"@type":"WebSite","@id":"https:\/\/tuzlainfo.ba\/#website","url":"https:\/\/tuzlainfo.ba\/","name":"TuzlaInfo.ba","description":"Tuzla info, gradski informator - Tuzla na dlanu","publisher":{"@id":"https:\/\/tuzlainfo.ba\/#organization"},"potentialAction":[{"@type":"SearchAction","target":{"@type":"EntryPoint","urlTemplate":"https:\/\/tuzlainfo.ba\/?s={search_term_string}"},"query-input":{"@type":"PropertyValueSpecification","valueRequired":true,"valueName":"search_term_string"}}],"inLanguage":"bs-BA"},{"@type":"Organization","@id":"https:\/\/tuzlainfo.ba\/#organization","name":"TuzlaInfo.ba","url":"https:\/\/tuzlainfo.ba\/","logo":{"@type":"ImageObject","inLanguage":"bs-BA","@id":"https:\/\/tuzlainfo.ba\/#\/schema\/logo\/image\/","url":"https:\/\/tuzlainfo.ba\/wp-content\/uploads\/2021\/03\/logo-ver-3-1.png","contentUrl":"https:\/\/tuzlainfo.ba\/wp-content\/uploads\/2021\/03\/logo-ver-3-1.png","width":350,"height":95,"caption":"TuzlaInfo.ba"},"image":{"@id":"https:\/\/tuzlainfo.ba\/#\/schema\/logo\/image\/"},"sameAs":["https:\/\/www.facebook.com\/tuzlainfo.ba\/"]},{"@type":"Person","@id":"https:\/\/tuzlainfo.ba\/#\/schema\/person\/46cad4c57790cbc50781edd14870825a","name":"Tuzla Info","image":{"@type":"ImageObject","inLanguage":"bs-BA","@id":"https:\/\/tuzlainfo.ba\/#\/schema\/person\/image\/","url":"https:\/\/tuzlainfo.ba\/wp-content\/litespeed\/avatar\/b6c453a6c38e3654f2e4416c643fc25c.jpg?ver=1777051911","contentUrl":"https:\/\/tuzlainfo.ba\/wp-content\/litespeed\/avatar\/b6c453a6c38e3654f2e4416c643fc25c.jpg?ver=1777051911","caption":"Tuzla Info"}}]}},"_links":{"self":[{"href":"https:\/\/tuzlainfo.ba\/index.php\/wp-json\/wp\/v2\/posts\/141158"}],"collection":[{"href":"https:\/\/tuzlainfo.ba\/index.php\/wp-json\/wp\/v2\/posts"}],"about":[{"href":"https:\/\/tuzlainfo.ba\/index.php\/wp-json\/wp\/v2\/types\/post"}],"author":[{"embeddable":true,"href":"https:\/\/tuzlainfo.ba\/index.php\/wp-json\/wp\/v2\/users\/4"}],"replies":[{"embeddable":true,"href":"https:\/\/tuzlainfo.ba\/index.php\/wp-json\/wp\/v2\/comments?post=141158"}],"version-history":[{"count":0,"href":"https:\/\/tuzlainfo.ba\/index.php\/wp-json\/wp\/v2\/posts\/141158\/revisions"}],"wp:featuredmedia":[{"embeddable":true,"href":"https:\/\/tuzlainfo.ba\/index.php\/wp-json\/wp\/v2\/media\/141159"}],"wp:attachment":[{"href":"https:\/\/tuzlainfo.ba\/index.php\/wp-json\/wp\/v2\/media?parent=141158"}],"wp:term":[{"taxonomy":"category","embeddable":true,"href":"https:\/\/tuzlainfo.ba\/index.php\/wp-json\/wp\/v2\/categories?post=141158"},{"taxonomy":"post_tag","embeddable":true,"href":"https:\/\/tuzlainfo.ba\/index.php\/wp-json\/wp\/v2\/tags?post=141158"}],"curies":[{"name":"wp","href":"https:\/\/api.w.org\/{rel}","templated":true}]}}