{"id":141134,"date":"2021-07-06T19:24:13","date_gmt":"2021-07-06T17:24:13","guid":{"rendered":"https:\/\/tuzlainfo.ba\/?p=141134"},"modified":"2021-07-07T17:54:51","modified_gmt":"2021-07-07T15:54:51","slug":"raspored-po-gradovima-opcinama-u-tk-danas-pocela-vakcinacija-novih-prioritetnih-grupa-gradjana","status":"publish","type":"post","link":"https:\/\/tuzlainfo.ba\/index.php\/novosti\/item\/141134-raspored-po-gradovima-opcinama-u-tk-danas-pocela-vakcinacija-novih-prioritetnih-grupa-gradjana\/","title":{"rendered":"Raspored po gradovima\/op\u0107inama u TK: Danas po\u010dela vakcinacija novih prioritetnih grupa gra\u0111ana"},"content":{"rendered":"<p>Vakcinacija gra\u0111anama vakcinama koje je Tuzlanskom kantonu donirala Republika Srbija po\u010delo je danas.<\/p>\n<p>U prioritetnoj grupi gra\u0111ana za ove vakcine, izme\u0111u ostalog \u010de biti\u00a0 vakcinisani uposlenici MUP-a, Uprave policije, zaposlenici obrazovnih ustanova, uposlenici u inspekcijskim slu\u017ebama, vatrogasci, medijski radnici, veterinari, studenti medicine, djeca sa pote\u0161ko\u0107ama u razvoju, kao i pripadnici drugih prioritetnih grupa.<\/p>\n<p>Vakcinacija \u0107e biti biti obavljena ovim redom:<\/p>\n<p>\u2013 Tuzla: utorak i srijeda (6. i 7. juli 2021. godine) u 12:00 h<br \/>\n\u2013 Doboj Istok: vakcinacije obavljene u utorak, 6. jula 2021. godine<br \/>\n\u2013 Kladanj: srijeda, 7. juli 2021. godine u 11:30 h<br \/>\n\u2013 Teo\u010dak: srijeda, 7. juli 2021. godine u 13:00 h<br \/>\n\u2013 Sapna: srijeda, 7. juli<br \/>\n\u2013 Gra\u010danica: srijeda, \u010detvrtak i petak od 7:30 h u sportskoj dvorani<br \/>\n\u2013 Lukavac: srijeda, \u010detvrtak i petak od 10:00 do 14:00 h<br \/>\n\u2013 Banovi\u0107i: \u010detvrtak 8. juli 2021. godine od 9:00 do15:00 h<br \/>\n\u2013 Kalesija: utorak 6. juli i \u010detvrtak 8. juli 2021. godine u 8:00 h<br \/>\n\u2013 Grada\u010dac: petak, 9. juli 2021. godine od 8:00 h<br \/>\n\u2013 \u010celi\u0107: petak, 9. juli 2021. godine od 13:00 h<br \/>\n\u2013 \u017divinice: petak 9. juli 2021. godine od 8:00 do11:00 h<br \/>\n\u2013 Srebrenik: subota, 10. juli 2021. godine od 7:00<\/p>\n<p>Do sada se, prema izvje\u0161taju Zavoda za javno zdravstvo TK, putem platforme za vakcinaciju prijavilo 19.500 gra\u0111ana dok je ukupno evidentiran 34.241 gra\u0111anin.<\/p>\n","protected":false},"excerpt":{"rendered":"<p>Vakcinacija gra\u0111anama vakcinama koje je Tuzlanskom kantonu donirala Republika Srbija po\u010delo je danas. U prioritetnoj&hellip;<\/p>\n","protected":false},"author":2,"featured_media":136287,"comment_status":"open","ping_status":"closed","sticky":false,"template":"","format":"standard","meta":{"_acf_changed":false,"footnotes":""},"categories":[304,12,306],"tags":[366],"acf":[],"yoast_head":"<!-- This site is optimized with the Yoast SEO plugin v23.5 - https:\/\/yoast.com\/wordpress\/plugins\/seo\/ -->\n<title>Raspored po gradovima\/op\u0107inama u TK: Danas po\u010dela vakcinacija novih prioritetnih grupa gra\u0111ana - TuzlaInfo.ba<\/title>\n<meta name=\"robots\" content=\"index, follow, max-snippet:-1, max-image-preview:large, max-video-preview:-1\" \/>\n<link rel=\"canonical\" href=\"https:\/\/tuzlainfo.ba\/index.php\/novosti\/item\/141134-raspored-po-gradovima-opcinama-u-tk-danas-pocela-vakcinacija-novih-prioritetnih-grupa-gradjana\/\" \/>\n<meta property=\"og:locale\" content=\"bs_BA\" \/>\n<meta property=\"og:type\" content=\"article\" \/>\n<meta property=\"og:title\" content=\"Raspored po gradovima\/op\u0107inama u TK: Danas po\u010dela vakcinacija novih prioritetnih grupa gra\u0111ana - TuzlaInfo.ba\" \/>\n<meta property=\"og:description\" content=\"Vakcinacija gra\u0111anama vakcinama koje je Tuzlanskom kantonu donirala Republika Srbija po\u010delo je danas. U prioritetnoj&hellip;\" \/>\n<meta property=\"og:url\" content=\"https:\/\/tuzlainfo.ba\/index.php\/novosti\/item\/141134-raspored-po-gradovima-opcinama-u-tk-danas-pocela-vakcinacija-novih-prioritetnih-grupa-gradjana\/\" \/>\n<meta property=\"og:site_name\" content=\"TuzlaInfo.ba\" \/>\n<meta property=\"article:publisher\" content=\"https:\/\/www.facebook.com\/tuzlainfo.ba\/\" \/>\n<meta property=\"article:published_time\" content=\"2021-07-06T17:24:13+00:00\" \/>\n<meta property=\"article:modified_time\" content=\"2021-07-07T15:54:51+00:00\" \/>\n<meta property=\"og:image\" content=\"https:\/\/tuzlainfo.ba\/wp-content\/uploads\/2021\/04\/2604_vakcina2.jpg\" \/>\n\t<meta property=\"og:image:width\" content=\"960\" \/>\n\t<meta property=\"og:image:height\" content=\"720\" \/>\n\t<meta property=\"og:image:type\" content=\"image\/jpeg\" \/>\n<meta name=\"author\" content=\"nedim\" \/>\n<meta name=\"twitter:card\" content=\"summary_large_image\" \/>\n<meta name=\"twitter:label1\" content=\"Written by\" \/>\n\t<meta name=\"twitter:data1\" content=\"nedim\" \/>\n\t<meta name=\"twitter:label2\" content=\"Est. reading time\" \/>\n\t<meta name=\"twitter:data2\" content=\"1 minuta\" \/>\n<script type=\"application\/ld+json\" class=\"yoast-schema-graph\">{\"@context\":\"https:\/\/schema.org\",\"@graph\":[{\"@type\":\"Article\",\"@id\":\"https:\/\/tuzlainfo.ba\/index.php\/novosti\/item\/141134-raspored-po-gradovima-opcinama-u-tk-danas-pocela-vakcinacija-novih-prioritetnih-grupa-gradjana\/#article\",\"isPartOf\":{\"@id\":\"https:\/\/tuzlainfo.ba\/index.php\/novosti\/item\/141134-raspored-po-gradovima-opcinama-u-tk-danas-pocela-vakcinacija-novih-prioritetnih-grupa-gradjana\/\"},\"author\":{\"name\":\"nedim\",\"@id\":\"https:\/\/tuzlainfo.ba\/#\/schema\/person\/f434e20dc27ea133923aab08451b7f7f\"},\"headline\":\"Raspored po gradovima\/op\u0107inama u TK: Danas po\u010dela vakcinacija novih prioritetnih grupa gra\u0111ana\",\"datePublished\":\"2021-07-06T17:24:13+00:00\",\"dateModified\":\"2021-07-07T15:54:51+00:00\",\"mainEntityOfPage\":{\"@id\":\"https:\/\/tuzlainfo.ba\/index.php\/novosti\/item\/141134-raspored-po-gradovima-opcinama-u-tk-danas-pocela-vakcinacija-novih-prioritetnih-grupa-gradjana\/\"},\"wordCount\":201,\"commentCount\":0,\"publisher\":{\"@id\":\"https:\/\/tuzlainfo.ba\/#organization\"},\"image\":{\"@id\":\"https:\/\/tuzlainfo.ba\/index.php\/novosti\/item\/141134-raspored-po-gradovima-opcinama-u-tk-danas-pocela-vakcinacija-novih-prioritetnih-grupa-gradjana\/#primaryimage\"},\"thumbnailUrl\":\"https:\/\/tuzlainfo.ba\/wp-content\/uploads\/2021\/04\/2604_vakcina2.jpg\",\"keywords\":[\"vakcinacija\"],\"articleSection\":[\"Istaknuto\",\"Novosti\",\"Preporu\u010dujemo\"],\"inLanguage\":\"bs-BA\"},{\"@type\":\"WebPage\",\"@id\":\"https:\/\/tuzlainfo.ba\/index.php\/novosti\/item\/141134-raspored-po-gradovima-opcinama-u-tk-danas-pocela-vakcinacija-novih-prioritetnih-grupa-gradjana\/\",\"url\":\"https:\/\/tuzlainfo.ba\/index.php\/novosti\/item\/141134-raspored-po-gradovima-opcinama-u-tk-danas-pocela-vakcinacija-novih-prioritetnih-grupa-gradjana\/\",\"name\":\"Raspored po gradovima\/op\u0107inama u TK: Danas po\u010dela vakcinacija novih prioritetnih grupa gra\u0111ana - TuzlaInfo.ba\",\"isPartOf\":{\"@id\":\"https:\/\/tuzlainfo.ba\/#website\"},\"primaryImageOfPage\":{\"@id\":\"https:\/\/tuzlainfo.ba\/index.php\/novosti\/item\/141134-raspored-po-gradovima-opcinama-u-tk-danas-pocela-vakcinacija-novih-prioritetnih-grupa-gradjana\/#primaryimage\"},\"image\":{\"@id\":\"https:\/\/tuzlainfo.ba\/index.php\/novosti\/item\/141134-raspored-po-gradovima-opcinama-u-tk-danas-pocela-vakcinacija-novih-prioritetnih-grupa-gradjana\/#primaryimage\"},\"thumbnailUrl\":\"https:\/\/tuzlainfo.ba\/wp-content\/uploads\/2021\/04\/2604_vakcina2.jpg\",\"datePublished\":\"2021-07-06T17:24:13+00:00\",\"dateModified\":\"2021-07-07T15:54:51+00:00\",\"breadcrumb\":{\"@id\":\"https:\/\/tuzlainfo.ba\/index.php\/novosti\/item\/141134-raspored-po-gradovima-opcinama-u-tk-danas-pocela-vakcinacija-novih-prioritetnih-grupa-gradjana\/#breadcrumb\"},\"inLanguage\":\"bs-BA\",\"potentialAction\":[{\"@type\":\"ReadAction\",\"target\":[\"https:\/\/tuzlainfo.ba\/index.php\/novosti\/item\/141134-raspored-po-gradovima-opcinama-u-tk-danas-pocela-vakcinacija-novih-prioritetnih-grupa-gradjana\/\"]}]},{\"@type\":\"ImageObject\",\"inLanguage\":\"bs-BA\",\"@id\":\"https:\/\/tuzlainfo.ba\/index.php\/novosti\/item\/141134-raspored-po-gradovima-opcinama-u-tk-danas-pocela-vakcinacija-novih-prioritetnih-grupa-gradjana\/#primaryimage\",\"url\":\"https:\/\/tuzlainfo.ba\/wp-content\/uploads\/2021\/04\/2604_vakcina2.jpg\",\"contentUrl\":\"https:\/\/tuzlainfo.ba\/wp-content\/uploads\/2021\/04\/2604_vakcina2.jpg\",\"width\":960,\"height\":720},{\"@type\":\"BreadcrumbList\",\"@id\":\"https:\/\/tuzlainfo.ba\/index.php\/novosti\/item\/141134-raspored-po-gradovima-opcinama-u-tk-danas-pocela-vakcinacija-novih-prioritetnih-grupa-gradjana\/#breadcrumb\",\"itemListElement\":[{\"@type\":\"ListItem\",\"position\":1,\"name\":\"Home\",\"item\":\"https:\/\/tuzlainfo.ba\/\"},{\"@type\":\"ListItem\",\"position\":2,\"name\":\"Raspored po gradovima\/op\u0107inama u TK: Danas po\u010dela vakcinacija novih prioritetnih grupa gra\u0111ana\"}]},{\"@type\":\"WebSite\",\"@id\":\"https:\/\/tuzlainfo.ba\/#website\",\"url\":\"https:\/\/tuzlainfo.ba\/\",\"name\":\"TuzlaInfo.ba\",\"description\":\"Tuzla info, gradski informator - Tuzla na dlanu\",\"publisher\":{\"@id\":\"https:\/\/tuzlainfo.ba\/#organization\"},\"potentialAction\":[{\"@type\":\"SearchAction\",\"target\":{\"@type\":\"EntryPoint\",\"urlTemplate\":\"https:\/\/tuzlainfo.ba\/?s={search_term_string}\"},\"query-input\":{\"@type\":\"PropertyValueSpecification\",\"valueRequired\":true,\"valueName\":\"search_term_string\"}}],\"inLanguage\":\"bs-BA\"},{\"@type\":\"Organization\",\"@id\":\"https:\/\/tuzlainfo.ba\/#organization\",\"name\":\"TuzlaInfo.ba\",\"url\":\"https:\/\/tuzlainfo.ba\/\",\"logo\":{\"@type\":\"ImageObject\",\"inLanguage\":\"bs-BA\",\"@id\":\"https:\/\/tuzlainfo.ba\/#\/schema\/logo\/image\/\",\"url\":\"https:\/\/tuzlainfo.ba\/wp-content\/uploads\/2021\/03\/logo-ver-3-1.png\",\"contentUrl\":\"https:\/\/tuzlainfo.ba\/wp-content\/uploads\/2021\/03\/logo-ver-3-1.png\",\"width\":350,\"height\":95,\"caption\":\"TuzlaInfo.ba\"},\"image\":{\"@id\":\"https:\/\/tuzlainfo.ba\/#\/schema\/logo\/image\/\"},\"sameAs\":[\"https:\/\/www.facebook.com\/tuzlainfo.ba\/\"]},{\"@type\":\"Person\",\"@id\":\"https:\/\/tuzlainfo.ba\/#\/schema\/person\/f434e20dc27ea133923aab08451b7f7f\",\"name\":\"nedim\",\"image\":{\"@type\":\"ImageObject\",\"inLanguage\":\"bs-BA\",\"@id\":\"https:\/\/tuzlainfo.ba\/#\/schema\/person\/image\/\",\"url\":\"https:\/\/tuzlainfo.ba\/wp-content\/litespeed\/avatar\/aabad687af24844af817603ac1cbdc4f.jpg?ver=1777306975\",\"contentUrl\":\"https:\/\/tuzlainfo.ba\/wp-content\/litespeed\/avatar\/aabad687af24844af817603ac1cbdc4f.jpg?ver=1777306975\",\"caption\":\"nedim\"},\"description\":\"Tuzlainfo.ba pratite na dru\u0161tvenim mre\u017eama: Facebook, Instagram i Youtube. Svoje pri\u010de, upite i fotografije \u0161aljite na na\u0161u e-mail adresu.\"}]}<\/script>\n<!-- \/ Yoast SEO plugin. -->","yoast_head_json":{"title":"Raspored po gradovima\/op\u0107inama u TK: Danas po\u010dela vakcinacija novih prioritetnih grupa gra\u0111ana - TuzlaInfo.ba","robots":{"index":"index","follow":"follow","max-snippet":"max-snippet:-1","max-image-preview":"max-image-preview:large","max-video-preview":"max-video-preview:-1"},"canonical":"https:\/\/tuzlainfo.ba\/index.php\/novosti\/item\/141134-raspored-po-gradovima-opcinama-u-tk-danas-pocela-vakcinacija-novih-prioritetnih-grupa-gradjana\/","og_locale":"bs_BA","og_type":"article","og_title":"Raspored po gradovima\/op\u0107inama u TK: Danas po\u010dela vakcinacija novih prioritetnih grupa gra\u0111ana - TuzlaInfo.ba","og_description":"Vakcinacija gra\u0111anama vakcinama koje je Tuzlanskom kantonu donirala Republika Srbija po\u010delo je danas. U prioritetnoj&hellip;","og_url":"https:\/\/tuzlainfo.ba\/index.php\/novosti\/item\/141134-raspored-po-gradovima-opcinama-u-tk-danas-pocela-vakcinacija-novih-prioritetnih-grupa-gradjana\/","og_site_name":"TuzlaInfo.ba","article_publisher":"https:\/\/www.facebook.com\/tuzlainfo.ba\/","article_published_time":"2021-07-06T17:24:13+00:00","article_modified_time":"2021-07-07T15:54:51+00:00","og_image":[{"width":960,"height":720,"url":"https:\/\/tuzlainfo.ba\/wp-content\/uploads\/2021\/04\/2604_vakcina2.jpg","type":"image\/jpeg"}],"author":"nedim","twitter_card":"summary_large_image","twitter_misc":{"Written by":"nedim","Est. reading time":"1 minuta"},"schema":{"@context":"https:\/\/schema.org","@graph":[{"@type":"Article","@id":"https:\/\/tuzlainfo.ba\/index.php\/novosti\/item\/141134-raspored-po-gradovima-opcinama-u-tk-danas-pocela-vakcinacija-novih-prioritetnih-grupa-gradjana\/#article","isPartOf":{"@id":"https:\/\/tuzlainfo.ba\/index.php\/novosti\/item\/141134-raspored-po-gradovima-opcinama-u-tk-danas-pocela-vakcinacija-novih-prioritetnih-grupa-gradjana\/"},"author":{"name":"nedim","@id":"https:\/\/tuzlainfo.ba\/#\/schema\/person\/f434e20dc27ea133923aab08451b7f7f"},"headline":"Raspored po gradovima\/op\u0107inama u TK: Danas po\u010dela vakcinacija novih prioritetnih grupa gra\u0111ana","datePublished":"2021-07-06T17:24:13+00:00","dateModified":"2021-07-07T15:54:51+00:00","mainEntityOfPage":{"@id":"https:\/\/tuzlainfo.ba\/index.php\/novosti\/item\/141134-raspored-po-gradovima-opcinama-u-tk-danas-pocela-vakcinacija-novih-prioritetnih-grupa-gradjana\/"},"wordCount":201,"commentCount":0,"publisher":{"@id":"https:\/\/tuzlainfo.ba\/#organization"},"image":{"@id":"https:\/\/tuzlainfo.ba\/index.php\/novosti\/item\/141134-raspored-po-gradovima-opcinama-u-tk-danas-pocela-vakcinacija-novih-prioritetnih-grupa-gradjana\/#primaryimage"},"thumbnailUrl":"https:\/\/tuzlainfo.ba\/wp-content\/uploads\/2021\/04\/2604_vakcina2.jpg","keywords":["vakcinacija"],"articleSection":["Istaknuto","Novosti","Preporu\u010dujemo"],"inLanguage":"bs-BA"},{"@type":"WebPage","@id":"https:\/\/tuzlainfo.ba\/index.php\/novosti\/item\/141134-raspored-po-gradovima-opcinama-u-tk-danas-pocela-vakcinacija-novih-prioritetnih-grupa-gradjana\/","url":"https:\/\/tuzlainfo.ba\/index.php\/novosti\/item\/141134-raspored-po-gradovima-opcinama-u-tk-danas-pocela-vakcinacija-novih-prioritetnih-grupa-gradjana\/","name":"Raspored po gradovima\/op\u0107inama u TK: Danas po\u010dela vakcinacija novih prioritetnih grupa gra\u0111ana - TuzlaInfo.ba","isPartOf":{"@id":"https:\/\/tuzlainfo.ba\/#website"},"primaryImageOfPage":{"@id":"https:\/\/tuzlainfo.ba\/index.php\/novosti\/item\/141134-raspored-po-gradovima-opcinama-u-tk-danas-pocela-vakcinacija-novih-prioritetnih-grupa-gradjana\/#primaryimage"},"image":{"@id":"https:\/\/tuzlainfo.ba\/index.php\/novosti\/item\/141134-raspored-po-gradovima-opcinama-u-tk-danas-pocela-vakcinacija-novih-prioritetnih-grupa-gradjana\/#primaryimage"},"thumbnailUrl":"https:\/\/tuzlainfo.ba\/wp-content\/uploads\/2021\/04\/2604_vakcina2.jpg","datePublished":"2021-07-06T17:24:13+00:00","dateModified":"2021-07-07T15:54:51+00:00","breadcrumb":{"@id":"https:\/\/tuzlainfo.ba\/index.php\/novosti\/item\/141134-raspored-po-gradovima-opcinama-u-tk-danas-pocela-vakcinacija-novih-prioritetnih-grupa-gradjana\/#breadcrumb"},"inLanguage":"bs-BA","potentialAction":[{"@type":"ReadAction","target":["https:\/\/tuzlainfo.ba\/index.php\/novosti\/item\/141134-raspored-po-gradovima-opcinama-u-tk-danas-pocela-vakcinacija-novih-prioritetnih-grupa-gradjana\/"]}]},{"@type":"ImageObject","inLanguage":"bs-BA","@id":"https:\/\/tuzlainfo.ba\/index.php\/novosti\/item\/141134-raspored-po-gradovima-opcinama-u-tk-danas-pocela-vakcinacija-novih-prioritetnih-grupa-gradjana\/#primaryimage","url":"https:\/\/tuzlainfo.ba\/wp-content\/uploads\/2021\/04\/2604_vakcina2.jpg","contentUrl":"https:\/\/tuzlainfo.ba\/wp-content\/uploads\/2021\/04\/2604_vakcina2.jpg","width":960,"height":720},{"@type":"BreadcrumbList","@id":"https:\/\/tuzlainfo.ba\/index.php\/novosti\/item\/141134-raspored-po-gradovima-opcinama-u-tk-danas-pocela-vakcinacija-novih-prioritetnih-grupa-gradjana\/#breadcrumb","itemListElement":[{"@type":"ListItem","position":1,"name":"Home","item":"https:\/\/tuzlainfo.ba\/"},{"@type":"ListItem","position":2,"name":"Raspored po gradovima\/op\u0107inama u TK: Danas po\u010dela vakcinacija novih prioritetnih grupa gra\u0111ana"}]},{"@type":"WebSite","@id":"https:\/\/tuzlainfo.ba\/#website","url":"https:\/\/tuzlainfo.ba\/","name":"TuzlaInfo.ba","description":"Tuzla info, gradski informator - Tuzla na dlanu","publisher":{"@id":"https:\/\/tuzlainfo.ba\/#organization"},"potentialAction":[{"@type":"SearchAction","target":{"@type":"EntryPoint","urlTemplate":"https:\/\/tuzlainfo.ba\/?s={search_term_string}"},"query-input":{"@type":"PropertyValueSpecification","valueRequired":true,"valueName":"search_term_string"}}],"inLanguage":"bs-BA"},{"@type":"Organization","@id":"https:\/\/tuzlainfo.ba\/#organization","name":"TuzlaInfo.ba","url":"https:\/\/tuzlainfo.ba\/","logo":{"@type":"ImageObject","inLanguage":"bs-BA","@id":"https:\/\/tuzlainfo.ba\/#\/schema\/logo\/image\/","url":"https:\/\/tuzlainfo.ba\/wp-content\/uploads\/2021\/03\/logo-ver-3-1.png","contentUrl":"https:\/\/tuzlainfo.ba\/wp-content\/uploads\/2021\/03\/logo-ver-3-1.png","width":350,"height":95,"caption":"TuzlaInfo.ba"},"image":{"@id":"https:\/\/tuzlainfo.ba\/#\/schema\/logo\/image\/"},"sameAs":["https:\/\/www.facebook.com\/tuzlainfo.ba\/"]},{"@type":"Person","@id":"https:\/\/tuzlainfo.ba\/#\/schema\/person\/f434e20dc27ea133923aab08451b7f7f","name":"nedim","image":{"@type":"ImageObject","inLanguage":"bs-BA","@id":"https:\/\/tuzlainfo.ba\/#\/schema\/person\/image\/","url":"https:\/\/tuzlainfo.ba\/wp-content\/litespeed\/avatar\/aabad687af24844af817603ac1cbdc4f.jpg?ver=1777306975","contentUrl":"https:\/\/tuzlainfo.ba\/wp-content\/litespeed\/avatar\/aabad687af24844af817603ac1cbdc4f.jpg?ver=1777306975","caption":"nedim"},"description":"Tuzlainfo.ba pratite na dru\u0161tvenim mre\u017eama: Facebook, Instagram i Youtube. Svoje pri\u010de, upite i fotografije \u0161aljite na na\u0161u e-mail adresu."}]}},"_links":{"self":[{"href":"https:\/\/tuzlainfo.ba\/index.php\/wp-json\/wp\/v2\/posts\/141134"}],"collection":[{"href":"https:\/\/tuzlainfo.ba\/index.php\/wp-json\/wp\/v2\/posts"}],"about":[{"href":"https:\/\/tuzlainfo.ba\/index.php\/wp-json\/wp\/v2\/types\/post"}],"author":[{"embeddable":true,"href":"https:\/\/tuzlainfo.ba\/index.php\/wp-json\/wp\/v2\/users\/2"}],"replies":[{"embeddable":true,"href":"https:\/\/tuzlainfo.ba\/index.php\/wp-json\/wp\/v2\/comments?post=141134"}],"version-history":[{"count":0,"href":"https:\/\/tuzlainfo.ba\/index.php\/wp-json\/wp\/v2\/posts\/141134\/revisions"}],"wp:featuredmedia":[{"embeddable":true,"href":"https:\/\/tuzlainfo.ba\/index.php\/wp-json\/wp\/v2\/media\/136287"}],"wp:attachment":[{"href":"https:\/\/tuzlainfo.ba\/index.php\/wp-json\/wp\/v2\/media?parent=141134"}],"wp:term":[{"taxonomy":"category","embeddable":true,"href":"https:\/\/tuzlainfo.ba\/index.php\/wp-json\/wp\/v2\/categories?post=141134"},{"taxonomy":"post_tag","embeddable":true,"href":"https:\/\/tuzlainfo.ba\/index.php\/wp-json\/wp\/v2\/tags?post=141134"}],"curies":[{"name":"wp","href":"https:\/\/api.w.org\/{rel}","templated":true}]}}