{"id":140687,"date":"2021-07-01T20:57:52","date_gmt":"2021-07-01T18:57:52","guid":{"rendered":"https:\/\/tuzlainfo.ba\/?p=140687"},"modified":"2021-07-01T18:29:33","modified_gmt":"2021-07-01T16:29:33","slug":"trgovina-u-tk-kolika-je-prosjecna-plata-a-koliko-uvozimo-i-izvozimo-robe","status":"publish","type":"post","link":"https:\/\/tuzlainfo.ba\/index.php\/novosti\/item\/140687-trgovina-u-tk-kolika-je-prosjecna-plata-a-koliko-uvozimo-i-izvozimo-robe\/","title":{"rendered":"Trgovina u TK: Kolika je prosje\u010dna plata , a koliko uvozimo i izvozimo robe?"},"content":{"rendered":"<p>U Informaciji o stanju trgova\u010dke djelatnosti na podru\u010dju Tuzlanskog kantona u 2020.godini, koju je danas prihvatila Vlada Tuzlanskog kanotna navedeno je da je tokom 2020.godine, na podru\u010dju Tuzlanskog kantona bilo registrirano 5.805 poslovnih subjekata je iz oblasti trgovine na veliko i malo, popravak motornih vozila i motocikala, te trgovine predmetima za li\u010dnu upotrebu u doma\u0107instvu, \u0161to je vi\u0161e od \u010detvrtine od ukupnog broja registriranih firmi u Kantonu.<\/p>\n<p>Za razliku od prethodnih godina, u 2020.godini evidentan je blagi pad novootvorenih pravnih i fizi\u010dkih lica u oblasti trgovine. Uzrok tome mo\u017eemo tra\u017eiti u pojavi pandemije COVID-19, pove\u0107anoj koncentraciji prometa u velikim tr\u017enim centrima te pojavi velikog broja on-line trgovina putem interneta i dru\u0161tvenih mre\u017ea.<\/p>\n<p>Od ukupnog broja zaposlenih, u trgovini je bilo 17.661 \u0161to je za 394 osobe manje odnosno 2,18% manje u odnosu na prosjek 2019. godine. Prosje\u010dna neto pla\u0107a ostvarena u trgovini u 2020. godini u iznosu od 626,00KM, vi\u0161a je za 4,86% u odnosu na prosje\u010dnu neto pla\u0107u u trgovini u 2019. godini.<\/p>\n<p>Ukupna vrijednost izvoza Tuzlanskog kantona u 2020. godini iznosila je 1.671.315.000,00KM, \u0161to je manje za 6,72% u odnosu na 2019. godinu. Najvi\u0161e robe izvezeno je u Austriju, Njema\u010dku, Srbiju, Sloveniju, Hrvatsku, Nizozemsku, Ma\u0111arsku, Sjevernu Makedoniju, Francusku, respektivno. Najve\u0107i procentualni rast izvoza u 2020. godini bilje\u017ei kategorija \u201ehrana i \u017eive \u017eivotinje&#8221; za 9,88%, te kategorija \u201ehemijski proizvodi&#8221; 3,43%, kao i \u201ema\u0161ine\/strojevi i transportna sredstva&#8221; 2,02%. Privredni subjekti u Tuzlanskom kantonu tokom 2020.godine uvezli su robe u vrijednosti 1.871.497.000,00KM, \u0161to je za 12,64% manje nego u 2019.godine, kada smo imali uvoz od 2.142.316.000,00 KM.<\/p>\n<p>Na podru\u010dje Tuzlanskog kantona najvi\u0161e se uvozilo robe iz Njema\u010dke, Austrije, Turske, SAD, Italije, Kine, Srbije , Hrvatske, Ma\u0111arske, Slovenije, respektivno. U 2020. godini najvi\u0161e je porastao uvoz iz Austrije i to za 13,41 % a zatim iz Hrvatske 2,68%. Ukupan izvoz firmi Tuzlanskog kantona u 2020. godini iznosio je 1.671.315.000,00 KM, a uvoz 1.871.497.000,00 KM pa je spoljnotrgovinski deficit u 2020. godini iznosio 200.182.000,00 KM. Pokrivenost uvoza izvozom iznosila je 89%.<\/p>\n","protected":false},"excerpt":{"rendered":"<p>U Informaciji o stanju trgova\u010dke djelatnosti na podru\u010dju Tuzlanskog kantona u 2020.godini, koju je danas&hellip;<\/p>\n","protected":false},"author":2,"featured_media":71298,"comment_status":"open","ping_status":"closed","sticky":false,"template":"","format":"standard","meta":{"_acf_changed":false,"footnotes":""},"categories":[304,12],"tags":[1791,360],"acf":[],"yoast_head":"<!-- This site is optimized with the Yoast SEO plugin v23.5 - https:\/\/yoast.com\/wordpress\/plugins\/seo\/ -->\n<title>Trgovina u TK: Kolika je prosje\u010dna plata , a koliko uvozimo i izvozimo robe? - TuzlaInfo.ba<\/title>\n<meta name=\"robots\" content=\"index, follow, max-snippet:-1, max-image-preview:large, max-video-preview:-1\" \/>\n<link rel=\"canonical\" href=\"https:\/\/tuzlainfo.ba\/index.php\/novosti\/item\/140687-trgovina-u-tk-kolika-je-prosjecna-plata-a-koliko-uvozimo-i-izvozimo-robe\/\" \/>\n<meta property=\"og:locale\" content=\"bs_BA\" \/>\n<meta property=\"og:type\" content=\"article\" \/>\n<meta property=\"og:title\" content=\"Trgovina u TK: Kolika je prosje\u010dna plata , a koliko uvozimo i izvozimo robe? - TuzlaInfo.ba\" \/>\n<meta property=\"og:description\" content=\"U Informaciji o stanju trgova\u010dke djelatnosti na podru\u010dju Tuzlanskog kantona u 2020.godini, koju je danas&hellip;\" \/>\n<meta property=\"og:url\" content=\"https:\/\/tuzlainfo.ba\/index.php\/novosti\/item\/140687-trgovina-u-tk-kolika-je-prosjecna-plata-a-koliko-uvozimo-i-izvozimo-robe\/\" \/>\n<meta property=\"og:site_name\" content=\"TuzlaInfo.ba\" \/>\n<meta property=\"article:publisher\" content=\"https:\/\/www.facebook.com\/tuzlainfo.ba\/\" \/>\n<meta property=\"article:published_time\" content=\"2021-07-01T18:57:52+00:00\" \/>\n<meta property=\"article:modified_time\" content=\"2021-07-01T16:29:33+00:00\" \/>\n<meta property=\"og:image\" content=\"https:\/\/tuzlainfo.ba\/wp-content\/uploads\/2019\/06\/sadrzaj_2019_20190601_2806_trgovci.jpg\" \/>\n\t<meta property=\"og:image:width\" content=\"770\" \/>\n\t<meta property=\"og:image:height\" content=\"433\" \/>\n\t<meta property=\"og:image:type\" content=\"image\/jpeg\" \/>\n<meta name=\"author\" content=\"nedim\" \/>\n<meta name=\"twitter:card\" content=\"summary_large_image\" \/>\n<meta name=\"twitter:label1\" content=\"Written by\" \/>\n\t<meta name=\"twitter:data1\" content=\"nedim\" \/>\n\t<meta name=\"twitter:label2\" content=\"Est. reading time\" \/>\n\t<meta name=\"twitter:data2\" content=\"2 minute\" \/>\n<script type=\"application\/ld+json\" class=\"yoast-schema-graph\">{\"@context\":\"https:\/\/schema.org\",\"@graph\":[{\"@type\":\"Article\",\"@id\":\"https:\/\/tuzlainfo.ba\/index.php\/novosti\/item\/140687-trgovina-u-tk-kolika-je-prosjecna-plata-a-koliko-uvozimo-i-izvozimo-robe\/#article\",\"isPartOf\":{\"@id\":\"https:\/\/tuzlainfo.ba\/index.php\/novosti\/item\/140687-trgovina-u-tk-kolika-je-prosjecna-plata-a-koliko-uvozimo-i-izvozimo-robe\/\"},\"author\":{\"name\":\"nedim\",\"@id\":\"https:\/\/tuzlainfo.ba\/#\/schema\/person\/f434e20dc27ea133923aab08451b7f7f\"},\"headline\":\"Trgovina u TK: Kolika je prosje\u010dna plata , a koliko uvozimo i izvozimo robe?\",\"datePublished\":\"2021-07-01T18:57:52+00:00\",\"dateModified\":\"2021-07-01T16:29:33+00:00\",\"mainEntityOfPage\":{\"@id\":\"https:\/\/tuzlainfo.ba\/index.php\/novosti\/item\/140687-trgovina-u-tk-kolika-je-prosjecna-plata-a-koliko-uvozimo-i-izvozimo-robe\/\"},\"wordCount\":344,\"commentCount\":0,\"publisher\":{\"@id\":\"https:\/\/tuzlainfo.ba\/#organization\"},\"image\":{\"@id\":\"https:\/\/tuzlainfo.ba\/index.php\/novosti\/item\/140687-trgovina-u-tk-kolika-je-prosjecna-plata-a-koliko-uvozimo-i-izvozimo-robe\/#primaryimage\"},\"thumbnailUrl\":\"https:\/\/tuzlainfo.ba\/wp-content\/uploads\/2019\/06\/sadrzaj_2019_20190601_2806_trgovci.jpg\",\"keywords\":[\"trgovina\",\"tuzlanski kanton\"],\"articleSection\":[\"Istaknuto\",\"Novosti\"],\"inLanguage\":\"bs-BA\"},{\"@type\":\"WebPage\",\"@id\":\"https:\/\/tuzlainfo.ba\/index.php\/novosti\/item\/140687-trgovina-u-tk-kolika-je-prosjecna-plata-a-koliko-uvozimo-i-izvozimo-robe\/\",\"url\":\"https:\/\/tuzlainfo.ba\/index.php\/novosti\/item\/140687-trgovina-u-tk-kolika-je-prosjecna-plata-a-koliko-uvozimo-i-izvozimo-robe\/\",\"name\":\"Trgovina u TK: Kolika je prosje\u010dna plata , a koliko uvozimo i izvozimo robe? - TuzlaInfo.ba\",\"isPartOf\":{\"@id\":\"https:\/\/tuzlainfo.ba\/#website\"},\"primaryImageOfPage\":{\"@id\":\"https:\/\/tuzlainfo.ba\/index.php\/novosti\/item\/140687-trgovina-u-tk-kolika-je-prosjecna-plata-a-koliko-uvozimo-i-izvozimo-robe\/#primaryimage\"},\"image\":{\"@id\":\"https:\/\/tuzlainfo.ba\/index.php\/novosti\/item\/140687-trgovina-u-tk-kolika-je-prosjecna-plata-a-koliko-uvozimo-i-izvozimo-robe\/#primaryimage\"},\"thumbnailUrl\":\"https:\/\/tuzlainfo.ba\/wp-content\/uploads\/2019\/06\/sadrzaj_2019_20190601_2806_trgovci.jpg\",\"datePublished\":\"2021-07-01T18:57:52+00:00\",\"dateModified\":\"2021-07-01T16:29:33+00:00\",\"breadcrumb\":{\"@id\":\"https:\/\/tuzlainfo.ba\/index.php\/novosti\/item\/140687-trgovina-u-tk-kolika-je-prosjecna-plata-a-koliko-uvozimo-i-izvozimo-robe\/#breadcrumb\"},\"inLanguage\":\"bs-BA\",\"potentialAction\":[{\"@type\":\"ReadAction\",\"target\":[\"https:\/\/tuzlainfo.ba\/index.php\/novosti\/item\/140687-trgovina-u-tk-kolika-je-prosjecna-plata-a-koliko-uvozimo-i-izvozimo-robe\/\"]}]},{\"@type\":\"ImageObject\",\"inLanguage\":\"bs-BA\",\"@id\":\"https:\/\/tuzlainfo.ba\/index.php\/novosti\/item\/140687-trgovina-u-tk-kolika-je-prosjecna-plata-a-koliko-uvozimo-i-izvozimo-robe\/#primaryimage\",\"url\":\"https:\/\/tuzlainfo.ba\/wp-content\/uploads\/2019\/06\/sadrzaj_2019_20190601_2806_trgovci.jpg\",\"contentUrl\":\"https:\/\/tuzlainfo.ba\/wp-content\/uploads\/2019\/06\/sadrzaj_2019_20190601_2806_trgovci.jpg\",\"width\":770,\"height\":433,\"caption\":\"2806 trgovci\"},{\"@type\":\"BreadcrumbList\",\"@id\":\"https:\/\/tuzlainfo.ba\/index.php\/novosti\/item\/140687-trgovina-u-tk-kolika-je-prosjecna-plata-a-koliko-uvozimo-i-izvozimo-robe\/#breadcrumb\",\"itemListElement\":[{\"@type\":\"ListItem\",\"position\":1,\"name\":\"Home\",\"item\":\"https:\/\/tuzlainfo.ba\/\"},{\"@type\":\"ListItem\",\"position\":2,\"name\":\"Trgovina u TK: Kolika je prosje\u010dna plata , a koliko uvozimo i izvozimo robe?\"}]},{\"@type\":\"WebSite\",\"@id\":\"https:\/\/tuzlainfo.ba\/#website\",\"url\":\"https:\/\/tuzlainfo.ba\/\",\"name\":\"TuzlaInfo.ba\",\"description\":\"Tuzla info, gradski informator - Tuzla na dlanu\",\"publisher\":{\"@id\":\"https:\/\/tuzlainfo.ba\/#organization\"},\"potentialAction\":[{\"@type\":\"SearchAction\",\"target\":{\"@type\":\"EntryPoint\",\"urlTemplate\":\"https:\/\/tuzlainfo.ba\/?s={search_term_string}\"},\"query-input\":{\"@type\":\"PropertyValueSpecification\",\"valueRequired\":true,\"valueName\":\"search_term_string\"}}],\"inLanguage\":\"bs-BA\"},{\"@type\":\"Organization\",\"@id\":\"https:\/\/tuzlainfo.ba\/#organization\",\"name\":\"TuzlaInfo.ba\",\"url\":\"https:\/\/tuzlainfo.ba\/\",\"logo\":{\"@type\":\"ImageObject\",\"inLanguage\":\"bs-BA\",\"@id\":\"https:\/\/tuzlainfo.ba\/#\/schema\/logo\/image\/\",\"url\":\"https:\/\/tuzlainfo.ba\/wp-content\/uploads\/2021\/03\/logo-ver-3-1.png\",\"contentUrl\":\"https:\/\/tuzlainfo.ba\/wp-content\/uploads\/2021\/03\/logo-ver-3-1.png\",\"width\":350,\"height\":95,\"caption\":\"TuzlaInfo.ba\"},\"image\":{\"@id\":\"https:\/\/tuzlainfo.ba\/#\/schema\/logo\/image\/\"},\"sameAs\":[\"https:\/\/www.facebook.com\/tuzlainfo.ba\/\"]},{\"@type\":\"Person\",\"@id\":\"https:\/\/tuzlainfo.ba\/#\/schema\/person\/f434e20dc27ea133923aab08451b7f7f\",\"name\":\"nedim\",\"image\":{\"@type\":\"ImageObject\",\"inLanguage\":\"bs-BA\",\"@id\":\"https:\/\/tuzlainfo.ba\/#\/schema\/person\/image\/\",\"url\":\"https:\/\/tuzlainfo.ba\/wp-content\/litespeed\/avatar\/aabad687af24844af817603ac1cbdc4f.jpg?ver=1776702173\",\"contentUrl\":\"https:\/\/tuzlainfo.ba\/wp-content\/litespeed\/avatar\/aabad687af24844af817603ac1cbdc4f.jpg?ver=1776702173\",\"caption\":\"nedim\"},\"description\":\"Tuzlainfo.ba pratite na dru\u0161tvenim mre\u017eama: Facebook, Instagram i Youtube. Svoje pri\u010de, upite i fotografije \u0161aljite na na\u0161u e-mail adresu.\"}]}<\/script>\n<!-- \/ Yoast SEO plugin. -->","yoast_head_json":{"title":"Trgovina u TK: Kolika je prosje\u010dna plata , a koliko uvozimo i izvozimo robe? - TuzlaInfo.ba","robots":{"index":"index","follow":"follow","max-snippet":"max-snippet:-1","max-image-preview":"max-image-preview:large","max-video-preview":"max-video-preview:-1"},"canonical":"https:\/\/tuzlainfo.ba\/index.php\/novosti\/item\/140687-trgovina-u-tk-kolika-je-prosjecna-plata-a-koliko-uvozimo-i-izvozimo-robe\/","og_locale":"bs_BA","og_type":"article","og_title":"Trgovina u TK: Kolika je prosje\u010dna plata , a koliko uvozimo i izvozimo robe? - TuzlaInfo.ba","og_description":"U Informaciji o stanju trgova\u010dke djelatnosti na podru\u010dju Tuzlanskog kantona u 2020.godini, koju je danas&hellip;","og_url":"https:\/\/tuzlainfo.ba\/index.php\/novosti\/item\/140687-trgovina-u-tk-kolika-je-prosjecna-plata-a-koliko-uvozimo-i-izvozimo-robe\/","og_site_name":"TuzlaInfo.ba","article_publisher":"https:\/\/www.facebook.com\/tuzlainfo.ba\/","article_published_time":"2021-07-01T18:57:52+00:00","article_modified_time":"2021-07-01T16:29:33+00:00","og_image":[{"width":770,"height":433,"url":"https:\/\/tuzlainfo.ba\/wp-content\/uploads\/2019\/06\/sadrzaj_2019_20190601_2806_trgovci.jpg","type":"image\/jpeg"}],"author":"nedim","twitter_card":"summary_large_image","twitter_misc":{"Written by":"nedim","Est. reading time":"2 minute"},"schema":{"@context":"https:\/\/schema.org","@graph":[{"@type":"Article","@id":"https:\/\/tuzlainfo.ba\/index.php\/novosti\/item\/140687-trgovina-u-tk-kolika-je-prosjecna-plata-a-koliko-uvozimo-i-izvozimo-robe\/#article","isPartOf":{"@id":"https:\/\/tuzlainfo.ba\/index.php\/novosti\/item\/140687-trgovina-u-tk-kolika-je-prosjecna-plata-a-koliko-uvozimo-i-izvozimo-robe\/"},"author":{"name":"nedim","@id":"https:\/\/tuzlainfo.ba\/#\/schema\/person\/f434e20dc27ea133923aab08451b7f7f"},"headline":"Trgovina u TK: Kolika je prosje\u010dna plata , a koliko uvozimo i izvozimo robe?","datePublished":"2021-07-01T18:57:52+00:00","dateModified":"2021-07-01T16:29:33+00:00","mainEntityOfPage":{"@id":"https:\/\/tuzlainfo.ba\/index.php\/novosti\/item\/140687-trgovina-u-tk-kolika-je-prosjecna-plata-a-koliko-uvozimo-i-izvozimo-robe\/"},"wordCount":344,"commentCount":0,"publisher":{"@id":"https:\/\/tuzlainfo.ba\/#organization"},"image":{"@id":"https:\/\/tuzlainfo.ba\/index.php\/novosti\/item\/140687-trgovina-u-tk-kolika-je-prosjecna-plata-a-koliko-uvozimo-i-izvozimo-robe\/#primaryimage"},"thumbnailUrl":"https:\/\/tuzlainfo.ba\/wp-content\/uploads\/2019\/06\/sadrzaj_2019_20190601_2806_trgovci.jpg","keywords":["trgovina","tuzlanski kanton"],"articleSection":["Istaknuto","Novosti"],"inLanguage":"bs-BA"},{"@type":"WebPage","@id":"https:\/\/tuzlainfo.ba\/index.php\/novosti\/item\/140687-trgovina-u-tk-kolika-je-prosjecna-plata-a-koliko-uvozimo-i-izvozimo-robe\/","url":"https:\/\/tuzlainfo.ba\/index.php\/novosti\/item\/140687-trgovina-u-tk-kolika-je-prosjecna-plata-a-koliko-uvozimo-i-izvozimo-robe\/","name":"Trgovina u TK: Kolika je prosje\u010dna plata , a koliko uvozimo i izvozimo robe? - TuzlaInfo.ba","isPartOf":{"@id":"https:\/\/tuzlainfo.ba\/#website"},"primaryImageOfPage":{"@id":"https:\/\/tuzlainfo.ba\/index.php\/novosti\/item\/140687-trgovina-u-tk-kolika-je-prosjecna-plata-a-koliko-uvozimo-i-izvozimo-robe\/#primaryimage"},"image":{"@id":"https:\/\/tuzlainfo.ba\/index.php\/novosti\/item\/140687-trgovina-u-tk-kolika-je-prosjecna-plata-a-koliko-uvozimo-i-izvozimo-robe\/#primaryimage"},"thumbnailUrl":"https:\/\/tuzlainfo.ba\/wp-content\/uploads\/2019\/06\/sadrzaj_2019_20190601_2806_trgovci.jpg","datePublished":"2021-07-01T18:57:52+00:00","dateModified":"2021-07-01T16:29:33+00:00","breadcrumb":{"@id":"https:\/\/tuzlainfo.ba\/index.php\/novosti\/item\/140687-trgovina-u-tk-kolika-je-prosjecna-plata-a-koliko-uvozimo-i-izvozimo-robe\/#breadcrumb"},"inLanguage":"bs-BA","potentialAction":[{"@type":"ReadAction","target":["https:\/\/tuzlainfo.ba\/index.php\/novosti\/item\/140687-trgovina-u-tk-kolika-je-prosjecna-plata-a-koliko-uvozimo-i-izvozimo-robe\/"]}]},{"@type":"ImageObject","inLanguage":"bs-BA","@id":"https:\/\/tuzlainfo.ba\/index.php\/novosti\/item\/140687-trgovina-u-tk-kolika-je-prosjecna-plata-a-koliko-uvozimo-i-izvozimo-robe\/#primaryimage","url":"https:\/\/tuzlainfo.ba\/wp-content\/uploads\/2019\/06\/sadrzaj_2019_20190601_2806_trgovci.jpg","contentUrl":"https:\/\/tuzlainfo.ba\/wp-content\/uploads\/2019\/06\/sadrzaj_2019_20190601_2806_trgovci.jpg","width":770,"height":433,"caption":"2806 trgovci"},{"@type":"BreadcrumbList","@id":"https:\/\/tuzlainfo.ba\/index.php\/novosti\/item\/140687-trgovina-u-tk-kolika-je-prosjecna-plata-a-koliko-uvozimo-i-izvozimo-robe\/#breadcrumb","itemListElement":[{"@type":"ListItem","position":1,"name":"Home","item":"https:\/\/tuzlainfo.ba\/"},{"@type":"ListItem","position":2,"name":"Trgovina u TK: Kolika je prosje\u010dna plata , a koliko uvozimo i izvozimo robe?"}]},{"@type":"WebSite","@id":"https:\/\/tuzlainfo.ba\/#website","url":"https:\/\/tuzlainfo.ba\/","name":"TuzlaInfo.ba","description":"Tuzla info, gradski informator - Tuzla na dlanu","publisher":{"@id":"https:\/\/tuzlainfo.ba\/#organization"},"potentialAction":[{"@type":"SearchAction","target":{"@type":"EntryPoint","urlTemplate":"https:\/\/tuzlainfo.ba\/?s={search_term_string}"},"query-input":{"@type":"PropertyValueSpecification","valueRequired":true,"valueName":"search_term_string"}}],"inLanguage":"bs-BA"},{"@type":"Organization","@id":"https:\/\/tuzlainfo.ba\/#organization","name":"TuzlaInfo.ba","url":"https:\/\/tuzlainfo.ba\/","logo":{"@type":"ImageObject","inLanguage":"bs-BA","@id":"https:\/\/tuzlainfo.ba\/#\/schema\/logo\/image\/","url":"https:\/\/tuzlainfo.ba\/wp-content\/uploads\/2021\/03\/logo-ver-3-1.png","contentUrl":"https:\/\/tuzlainfo.ba\/wp-content\/uploads\/2021\/03\/logo-ver-3-1.png","width":350,"height":95,"caption":"TuzlaInfo.ba"},"image":{"@id":"https:\/\/tuzlainfo.ba\/#\/schema\/logo\/image\/"},"sameAs":["https:\/\/www.facebook.com\/tuzlainfo.ba\/"]},{"@type":"Person","@id":"https:\/\/tuzlainfo.ba\/#\/schema\/person\/f434e20dc27ea133923aab08451b7f7f","name":"nedim","image":{"@type":"ImageObject","inLanguage":"bs-BA","@id":"https:\/\/tuzlainfo.ba\/#\/schema\/person\/image\/","url":"https:\/\/tuzlainfo.ba\/wp-content\/litespeed\/avatar\/aabad687af24844af817603ac1cbdc4f.jpg?ver=1776702173","contentUrl":"https:\/\/tuzlainfo.ba\/wp-content\/litespeed\/avatar\/aabad687af24844af817603ac1cbdc4f.jpg?ver=1776702173","caption":"nedim"},"description":"Tuzlainfo.ba pratite na dru\u0161tvenim mre\u017eama: Facebook, Instagram i Youtube. Svoje pri\u010de, upite i fotografije \u0161aljite na na\u0161u e-mail adresu."}]}},"_links":{"self":[{"href":"https:\/\/tuzlainfo.ba\/index.php\/wp-json\/wp\/v2\/posts\/140687"}],"collection":[{"href":"https:\/\/tuzlainfo.ba\/index.php\/wp-json\/wp\/v2\/posts"}],"about":[{"href":"https:\/\/tuzlainfo.ba\/index.php\/wp-json\/wp\/v2\/types\/post"}],"author":[{"embeddable":true,"href":"https:\/\/tuzlainfo.ba\/index.php\/wp-json\/wp\/v2\/users\/2"}],"replies":[{"embeddable":true,"href":"https:\/\/tuzlainfo.ba\/index.php\/wp-json\/wp\/v2\/comments?post=140687"}],"version-history":[{"count":0,"href":"https:\/\/tuzlainfo.ba\/index.php\/wp-json\/wp\/v2\/posts\/140687\/revisions"}],"wp:featuredmedia":[{"embeddable":true,"href":"https:\/\/tuzlainfo.ba\/index.php\/wp-json\/wp\/v2\/media\/71298"}],"wp:attachment":[{"href":"https:\/\/tuzlainfo.ba\/index.php\/wp-json\/wp\/v2\/media?parent=140687"}],"wp:term":[{"taxonomy":"category","embeddable":true,"href":"https:\/\/tuzlainfo.ba\/index.php\/wp-json\/wp\/v2\/categories?post=140687"},{"taxonomy":"post_tag","embeddable":true,"href":"https:\/\/tuzlainfo.ba\/index.php\/wp-json\/wp\/v2\/tags?post=140687"}],"curies":[{"name":"wp","href":"https:\/\/api.w.org\/{rel}","templated":true}]}}