{"id":140679,"date":"2021-07-01T18:30:57","date_gmt":"2021-07-01T16:30:57","guid":{"rendered":"https:\/\/tuzlainfo.ba\/?p=140679"},"modified":"2021-07-01T18:54:12","modified_gmt":"2021-07-01T16:54:12","slug":"kameric-zelimo-vratiti-ukc-na-mjesto-gdje-je-ranije-bio","status":"publish","type":"post","link":"https:\/\/tuzlainfo.ba\/index.php\/novosti\/item\/140679-kameric-zelimo-vratiti-ukc-na-mjesto-gdje-je-ranije-bio\/","title":{"rendered":"Kameri\u0107: \u017delimo vratiti UKC na mjesto gdje je ranije bio"},"content":{"rendered":"<p>Delegacija Vlade Tuzlanskog kantona, predvo\u0111ena premijerom Kadrijom Hod\u017ei\u0107em, posjetila je danas Univerzitetski klini\u010dki centar u Tuzli. Izraziv\u0161i zadovoljstvo zbog iskazanog zanimanja za UKC Tuzla, direktor UKC-a Alen Kameri\u0107 je premijera i resorne ministre, upoznao sa organizacionom strukturom, mogu\u0107nostima i najzna\u010dajnijim projektima koji se provode u Univerzitetskom klini\u010dkom centru Tuzla. Direktor je gostima predo\u010dio i planove za daljnji razvoj Univerzitetskog klini\u010dkog centra Tuzla, te je u svom izlaganju spomenuo i izgradnju Urgentnog centra.<\/p>\n<p>Premijer Hod\u017ei\u0107 je istakao da je UKC Tuzla prepoznatljiv brend i lider me\u0111u zdravstvenim institucijama u BiH i da menad\u017ement ove ustanove za planirane razvojne projekte ima punu podr\u0161ku Vlade TK.<\/p>\n<p>\u201eNama je izuzetna \u010dast i zadovoljstvo \u0161to smo u ime Vlade TK danas posjetili UKC Tuzla. Ono \u0161to je evidentno i sigurno da \u0107e u narednom periodu, kao i ranije, UKC Tuzla, kao vode\u0107a zdravstvena ustanova na teritoriji TK, imati apsolutnu podr\u0161ku u Vladi TK i Ministarstvu zdravstva. I u narednom periodu \u0107emo nastaviti biti partneri u najva\u017enijim aktivnostima, kada je u pitanju UKC Tuzla\u201c, kazao je ministar zdravstva TK Bo\u017eo Juri\u0107 isti\u010du\u0107i da su danas posebno akcentirane aktivnosti kada edukacije zdravstvenih radnika, upo\u0161ljavanja novih zdravstvenih radnika, obnavljanje medicinske opreme koja se koristi u svakodnevnom radu, pa i strate\u0161ki projekti, kao \u0161to je izgradnja Urgentnog centra.<\/p>\n<p>Direktor Kameri\u0107 je izrazio zahvalnost Vladi TK na podr\u0161ci koju pru\u017ea UKC-u.<\/p>\n<p>\u201e\u201d\u017delimo da vratimo UKC na mjesto gdje je ranije bio. Mi smo brend, prepoznatljivi u BiH, vode\u0107a smo ku\u0107a \u0161to se ti\u010de pru\u017eanja zdravstvene za\u0161tite. Smatram i \u017eelja nam je da napravimo korak u procesu transplantacije organa, zastali smo, korona virus nas je zaustavio. Kardiohirurgija i neurohirurgija imaju veliki potencijal, to su grane gdje trebamo daljom edukacijom da obezbijemo razvoj novih programa, otvaramo nove dijagnosti\u010dke procedure, kao i operativne procedure\u201d, ka\u017ee Alen Kameri\u0107, direktor UKC-a Tuzla.<\/p>\n<p>Sastanku su pored direktora UKC Tuzla i predsjednika Upravnog odbora ove ustanove Elvira Mahmuzi\u0107a, prisustvovali i pomo\u0107nik direktora za nau\u010dnoistra\u017eiva\u010dki rad i nastavu \u0160efik Hasuki\u0107, na\u010delnik Klinike za kardiovaskularnu hirurgiju Mustafa Tabakovi\u0107, na\u010delnik Klinike za radiologiju i nuklearnu medicinu\u00a0 Samir Cipurkovi\u0107 i na\u010delnik Sektora za pravne poslove Ervin Mujki\u0107.<\/p>\n<p>Uz premijera Hod\u017ei\u0107a i ministra zdravstva Bo\u017eu Juri\u0107a, dana\u0161njem sastanku su prisustvovali i ministar unutra\u0161njih poslova TK Midhat Dobrnji\u0107 i savjetnik premijera TK Miralem Nuhanovi\u0107.<\/p>\n","protected":false},"excerpt":{"rendered":"<p>Delegacija Vlade Tuzlanskog kantona, predvo\u0111ena premijerom Kadrijom Hod\u017ei\u0107em, posjetila je danas Univerzitetski klini\u010dki centar u Tuzli. Izraziv\u0161i zadovoljstvo zbog iskazanog zanimanja za UKC Tuzla, direktor UKC-a Alen Kameri\u0107 je premijera i resorne ministre, upoznao sa organizacionom strukturom, mogu\u0107nostima i najzna\u010dajnijim projektima koji se provode u Univerzitetskom klini\u010dkom centru Tuzla. Direktor je gostima predo\u010dio i planove [&hellip;]<\/p>\n","protected":false},"author":4,"featured_media":140680,"comment_status":"open","ping_status":"closed","sticky":false,"template":"","format":"standard","meta":{"footnotes":""},"categories":[304,12,14],"tags":[1450,458],"class_list":["post-140679","post","type-post","status-publish","format-standard","has-post-thumbnail","hentry","category-istaknuto","category-novosti","category-tk-info-clanci","tag-alen-kameric","tag-ukc-tuzla"],"yoast_head":"<!-- This site is optimized with the Yoast SEO plugin v28.4 - https:\/\/yoast.com\/product\/yoast-seo-wordpress\/ -->\n<title>Kameri\u0107: \u017delimo vratiti UKC na mjesto gdje je ranije bio<\/title>\n<meta name=\"robots\" content=\"index, follow, max-snippet:-1, max-image-preview:large, max-video-preview:-1\" \/>\n<link rel=\"canonical\" href=\"https:\/\/tuzlainfo.ba\/index.php\/novosti\/item\/140679-kameric-zelimo-vratiti-ukc-na-mjesto-gdje-je-ranije-bio\/\" \/>\n<meta property=\"og:locale\" content=\"bs_BA\" \/>\n<meta property=\"og:type\" content=\"article\" \/>\n<meta property=\"og:title\" content=\"Kameri\u0107: \u017delimo vratiti UKC na mjesto gdje je ranije bio\" \/>\n<meta property=\"og:description\" content=\"Delegacija Vlade Tuzlanskog kantona, predvo\u0111ena premijerom Kadrijom Hod\u017ei\u0107em, posjetila je danas Univerzitetski klini\u010dki centar u Tuzli. Izraziv\u0161i zadovoljstvo zbog iskazanog zanimanja za UKC Tuzla, direktor UKC-a Alen Kameri\u0107 je premijera i resorne ministre, upoznao sa organizacionom strukturom, mogu\u0107nostima i najzna\u010dajnijim projektima koji se provode u Univerzitetskom klini\u010dkom centru Tuzla. Direktor je gostima predo\u010dio i planove [&hellip;]\" \/>\n<meta property=\"og:url\" content=\"https:\/\/tuzlainfo.ba\/index.php\/novosti\/item\/140679-kameric-zelimo-vratiti-ukc-na-mjesto-gdje-je-ranije-bio\/\" \/>\n<meta property=\"og:site_name\" content=\"TuzlaInfo.ba\" \/>\n<meta property=\"article:publisher\" content=\"https:\/\/www.facebook.com\/tuzlainfo.ba\/\" \/>\n<meta property=\"article:published_time\" content=\"2021-07-01T16:30:57+00:00\" \/>\n<meta property=\"article:modified_time\" content=\"2021-07-01T16:54:12+00:00\" \/>\n<meta property=\"og:image\" content=\"https:\/\/tuzlainfo.ba\/wp-content\/uploads\/2021\/07\/0107_alen-kameric.jpg\" \/>\n\t<meta property=\"og:image:width\" content=\"1462\" \/>\n\t<meta property=\"og:image:height\" content=\"817\" \/>\n\t<meta property=\"og:image:type\" content=\"image\/jpeg\" \/>\n<meta name=\"author\" content=\"Tuzla Info\" \/>\n<meta name=\"twitter:card\" content=\"summary_large_image\" \/>\n<meta name=\"twitter:label1\" content=\"Written by\" \/>\n\t<meta name=\"twitter:data1\" content=\"Tuzla Info\" \/>\n\t<meta name=\"twitter:label2\" content=\"Est. reading time\" \/>\n\t<meta name=\"twitter:data2\" content=\"2 minute\" \/>\n<script type=\"application\/ld+json\" class=\"yoast-schema-graph\">{\"@context\":\"https:\\\/\\\/schema.org\",\"@graph\":[{\"@type\":\"Article\",\"@id\":\"https:\\\/\\\/tuzlainfo.ba\\\/index.php\\\/novosti\\\/item\\\/140679-kameric-zelimo-vratiti-ukc-na-mjesto-gdje-je-ranije-bio\\\/#article\",\"isPartOf\":{\"@id\":\"https:\\\/\\\/tuzlainfo.ba\\\/index.php\\\/novosti\\\/item\\\/140679-kameric-zelimo-vratiti-ukc-na-mjesto-gdje-je-ranije-bio\\\/\"},\"author\":{\"name\":\"Tuzla Info\",\"@id\":\"https:\\\/\\\/tuzlainfo.ba\\\/#\\\/schema\\\/person\\\/46cad4c57790cbc50781edd14870825a\"},\"headline\":\"Kameri\u0107: \u017delimo vratiti UKC na mjesto gdje je ranije bio\",\"datePublished\":\"2021-07-01T16:30:57+00:00\",\"dateModified\":\"2021-07-01T16:54:12+00:00\",\"mainEntityOfPage\":{\"@id\":\"https:\\\/\\\/tuzlainfo.ba\\\/index.php\\\/novosti\\\/item\\\/140679-kameric-zelimo-vratiti-ukc-na-mjesto-gdje-je-ranije-bio\\\/\"},\"wordCount\":426,\"commentCount\":0,\"publisher\":{\"@id\":\"https:\\\/\\\/tuzlainfo.ba\\\/#organization\"},\"image\":{\"@id\":\"https:\\\/\\\/tuzlainfo.ba\\\/index.php\\\/novosti\\\/item\\\/140679-kameric-zelimo-vratiti-ukc-na-mjesto-gdje-je-ranije-bio\\\/#primaryimage\"},\"thumbnailUrl\":\"https:\\\/\\\/tuzlainfo.ba\\\/wp-content\\\/uploads\\\/2021\\\/07\\\/0107_alen-kameric.jpg\",\"keywords\":[\"alen kameri\u0107\",\"ukc tuzla\"],\"articleSection\":[\"Istaknuto\",\"Novosti\",\"TK info\"],\"inLanguage\":\"bs-BA\",\"copyrightYear\":\"2021\",\"copyrightHolder\":{\"@id\":\"https:\\\/\\\/tuzlainfo.ba\\\/#organization\"}},{\"@type\":\"WebPage\",\"@id\":\"https:\\\/\\\/tuzlainfo.ba\\\/index.php\\\/novosti\\\/item\\\/140679-kameric-zelimo-vratiti-ukc-na-mjesto-gdje-je-ranije-bio\\\/\",\"url\":\"https:\\\/\\\/tuzlainfo.ba\\\/index.php\\\/novosti\\\/item\\\/140679-kameric-zelimo-vratiti-ukc-na-mjesto-gdje-je-ranije-bio\\\/\",\"name\":\"Kameri\u0107: \u017delimo vratiti UKC na mjesto gdje je ranije bio\",\"isPartOf\":{\"@id\":\"https:\\\/\\\/tuzlainfo.ba\\\/#website\"},\"primaryImageOfPage\":{\"@id\":\"https:\\\/\\\/tuzlainfo.ba\\\/index.php\\\/novosti\\\/item\\\/140679-kameric-zelimo-vratiti-ukc-na-mjesto-gdje-je-ranije-bio\\\/#primaryimage\"},\"image\":{\"@id\":\"https:\\\/\\\/tuzlainfo.ba\\\/index.php\\\/novosti\\\/item\\\/140679-kameric-zelimo-vratiti-ukc-na-mjesto-gdje-je-ranije-bio\\\/#primaryimage\"},\"thumbnailUrl\":\"https:\\\/\\\/tuzlainfo.ba\\\/wp-content\\\/uploads\\\/2021\\\/07\\\/0107_alen-kameric.jpg\",\"datePublished\":\"2021-07-01T16:30:57+00:00\",\"dateModified\":\"2021-07-01T16:54:12+00:00\",\"breadcrumb\":{\"@id\":\"https:\\\/\\\/tuzlainfo.ba\\\/index.php\\\/novosti\\\/item\\\/140679-kameric-zelimo-vratiti-ukc-na-mjesto-gdje-je-ranije-bio\\\/#breadcrumb\"},\"inLanguage\":\"bs-BA\",\"potentialAction\":[{\"@type\":\"ReadAction\",\"target\":[\"https:\\\/\\\/tuzlainfo.ba\\\/index.php\\\/novosti\\\/item\\\/140679-kameric-zelimo-vratiti-ukc-na-mjesto-gdje-je-ranije-bio\\\/\"]}]},{\"@type\":\"ImageObject\",\"inLanguage\":\"bs-BA\",\"@id\":\"https:\\\/\\\/tuzlainfo.ba\\\/index.php\\\/novosti\\\/item\\\/140679-kameric-zelimo-vratiti-ukc-na-mjesto-gdje-je-ranije-bio\\\/#primaryimage\",\"url\":\"https:\\\/\\\/tuzlainfo.ba\\\/wp-content\\\/uploads\\\/2021\\\/07\\\/0107_alen-kameric.jpg\",\"contentUrl\":\"https:\\\/\\\/tuzlainfo.ba\\\/wp-content\\\/uploads\\\/2021\\\/07\\\/0107_alen-kameric.jpg\",\"width\":1462,\"height\":817},{\"@type\":\"BreadcrumbList\",\"@id\":\"https:\\\/\\\/tuzlainfo.ba\\\/index.php\\\/novosti\\\/item\\\/140679-kameric-zelimo-vratiti-ukc-na-mjesto-gdje-je-ranije-bio\\\/#breadcrumb\",\"itemListElement\":[{\"@type\":\"ListItem\",\"position\":1,\"name\":\"Home\",\"item\":\"https:\\\/\\\/tuzlainfo.ba\\\/\"},{\"@type\":\"ListItem\",\"position\":2,\"name\":\"Kameri\u0107: \u017delimo vratiti UKC na mjesto gdje je ranije bio\"}]},{\"@type\":\"WebSite\",\"@id\":\"https:\\\/\\\/tuzlainfo.ba\\\/#website\",\"url\":\"https:\\\/\\\/tuzlainfo.ba\\\/\",\"name\":\"TuzlaInfo.ba\",\"description\":\"Tuzla info, gradski informator - Tuzla na dlanu\",\"publisher\":{\"@id\":\"https:\\\/\\\/tuzlainfo.ba\\\/#organization\"},\"potentialAction\":[{\"@type\":\"SearchAction\",\"target\":{\"@type\":\"EntryPoint\",\"urlTemplate\":\"https:\\\/\\\/tuzlainfo.ba\\\/?s={search_term_string}\"},\"query-input\":{\"@type\":\"PropertyValueSpecification\",\"valueRequired\":true,\"valueName\":\"search_term_string\"}}],\"inLanguage\":\"bs-BA\"},{\"@type\":\"Organization\",\"@id\":\"https:\\\/\\\/tuzlainfo.ba\\\/#organization\",\"name\":\"TuzlaInfo.ba\",\"url\":\"https:\\\/\\\/tuzlainfo.ba\\\/\",\"logo\":{\"@type\":\"ImageObject\",\"inLanguage\":\"bs-BA\",\"@id\":\"https:\\\/\\\/tuzlainfo.ba\\\/#\\\/schema\\\/logo\\\/image\\\/\",\"url\":\"https:\\\/\\\/tuzlainfo.ba\\\/wp-content\\\/uploads\\\/2021\\\/03\\\/logo-ver-3-1.png\",\"contentUrl\":\"https:\\\/\\\/tuzlainfo.ba\\\/wp-content\\\/uploads\\\/2021\\\/03\\\/logo-ver-3-1.png\",\"width\":350,\"height\":95,\"caption\":\"TuzlaInfo.ba\"},\"image\":{\"@id\":\"https:\\\/\\\/tuzlainfo.ba\\\/#\\\/schema\\\/logo\\\/image\\\/\"},\"sameAs\":[\"https:\\\/\\\/www.facebook.com\\\/tuzlainfo.ba\\\/\"]},{\"@type\":\"Person\",\"@id\":\"https:\\\/\\\/tuzlainfo.ba\\\/#\\\/schema\\\/person\\\/46cad4c57790cbc50781edd14870825a\",\"name\":\"Tuzla Info\",\"image\":{\"@type\":\"ImageObject\",\"inLanguage\":\"bs-BA\",\"@id\":\"https:\\\/\\\/secure.gravatar.com\\\/avatar\\\/e980921b00fa2e552723a2386544734ce6885d2b2304ccca3f45186f9ca4031d?s=96&d=mm&r=g\",\"url\":\"https:\\\/\\\/secure.gravatar.com\\\/avatar\\\/e980921b00fa2e552723a2386544734ce6885d2b2304ccca3f45186f9ca4031d?s=96&d=mm&r=g\",\"contentUrl\":\"https:\\\/\\\/secure.gravatar.com\\\/avatar\\\/e980921b00fa2e552723a2386544734ce6885d2b2304ccca3f45186f9ca4031d?s=96&d=mm&r=g\",\"caption\":\"Tuzla Info\"}}]}<\/script>\n<!-- \/ Yoast SEO plugin. -->","yoast_head_json":{"title":"Kameri\u0107: \u017delimo vratiti UKC na mjesto gdje je ranije bio","robots":{"index":"index","follow":"follow","max-snippet":"max-snippet:-1","max-image-preview":"max-image-preview:large","max-video-preview":"max-video-preview:-1"},"canonical":"https:\/\/tuzlainfo.ba\/index.php\/novosti\/item\/140679-kameric-zelimo-vratiti-ukc-na-mjesto-gdje-je-ranije-bio\/","og_locale":"bs_BA","og_type":"article","og_title":"Kameri\u0107: \u017delimo vratiti UKC na mjesto gdje je ranije bio","og_description":"Delegacija Vlade Tuzlanskog kantona, predvo\u0111ena premijerom Kadrijom Hod\u017ei\u0107em, posjetila je danas Univerzitetski klini\u010dki centar u Tuzli. Izraziv\u0161i zadovoljstvo zbog iskazanog zanimanja za UKC Tuzla, direktor UKC-a Alen Kameri\u0107 je premijera i resorne ministre, upoznao sa organizacionom strukturom, mogu\u0107nostima i najzna\u010dajnijim projektima koji se provode u Univerzitetskom klini\u010dkom centru Tuzla. Direktor je gostima predo\u010dio i planove [&hellip;]","og_url":"https:\/\/tuzlainfo.ba\/index.php\/novosti\/item\/140679-kameric-zelimo-vratiti-ukc-na-mjesto-gdje-je-ranije-bio\/","og_site_name":"TuzlaInfo.ba","article_publisher":"https:\/\/www.facebook.com\/tuzlainfo.ba\/","article_published_time":"2021-07-01T16:30:57+00:00","article_modified_time":"2021-07-01T16:54:12+00:00","og_image":[{"width":1462,"height":817,"url":"https:\/\/tuzlainfo.ba\/wp-content\/uploads\/2021\/07\/0107_alen-kameric.jpg","type":"image\/jpeg"}],"author":"Tuzla Info","twitter_card":"summary_large_image","twitter_misc":{"Written by":"Tuzla Info","Est. reading time":"2 minute"},"schema":{"@context":"https:\/\/schema.org","@graph":[{"@type":"Article","@id":"https:\/\/tuzlainfo.ba\/index.php\/novosti\/item\/140679-kameric-zelimo-vratiti-ukc-na-mjesto-gdje-je-ranije-bio\/#article","isPartOf":{"@id":"https:\/\/tuzlainfo.ba\/index.php\/novosti\/item\/140679-kameric-zelimo-vratiti-ukc-na-mjesto-gdje-je-ranije-bio\/"},"author":{"name":"Tuzla Info","@id":"https:\/\/tuzlainfo.ba\/#\/schema\/person\/46cad4c57790cbc50781edd14870825a"},"headline":"Kameri\u0107: \u017delimo vratiti UKC na mjesto gdje je ranije bio","datePublished":"2021-07-01T16:30:57+00:00","dateModified":"2021-07-01T16:54:12+00:00","mainEntityOfPage":{"@id":"https:\/\/tuzlainfo.ba\/index.php\/novosti\/item\/140679-kameric-zelimo-vratiti-ukc-na-mjesto-gdje-je-ranije-bio\/"},"wordCount":426,"commentCount":0,"publisher":{"@id":"https:\/\/tuzlainfo.ba\/#organization"},"image":{"@id":"https:\/\/tuzlainfo.ba\/index.php\/novosti\/item\/140679-kameric-zelimo-vratiti-ukc-na-mjesto-gdje-je-ranije-bio\/#primaryimage"},"thumbnailUrl":"https:\/\/tuzlainfo.ba\/wp-content\/uploads\/2021\/07\/0107_alen-kameric.jpg","keywords":["alen kameri\u0107","ukc tuzla"],"articleSection":["Istaknuto","Novosti","TK info"],"inLanguage":"bs-BA","copyrightYear":"2021","copyrightHolder":{"@id":"https:\/\/tuzlainfo.ba\/#organization"}},{"@type":"WebPage","@id":"https:\/\/tuzlainfo.ba\/index.php\/novosti\/item\/140679-kameric-zelimo-vratiti-ukc-na-mjesto-gdje-je-ranije-bio\/","url":"https:\/\/tuzlainfo.ba\/index.php\/novosti\/item\/140679-kameric-zelimo-vratiti-ukc-na-mjesto-gdje-je-ranije-bio\/","name":"Kameri\u0107: \u017delimo vratiti UKC na mjesto gdje je ranije bio","isPartOf":{"@id":"https:\/\/tuzlainfo.ba\/#website"},"primaryImageOfPage":{"@id":"https:\/\/tuzlainfo.ba\/index.php\/novosti\/item\/140679-kameric-zelimo-vratiti-ukc-na-mjesto-gdje-je-ranije-bio\/#primaryimage"},"image":{"@id":"https:\/\/tuzlainfo.ba\/index.php\/novosti\/item\/140679-kameric-zelimo-vratiti-ukc-na-mjesto-gdje-je-ranije-bio\/#primaryimage"},"thumbnailUrl":"https:\/\/tuzlainfo.ba\/wp-content\/uploads\/2021\/07\/0107_alen-kameric.jpg","datePublished":"2021-07-01T16:30:57+00:00","dateModified":"2021-07-01T16:54:12+00:00","breadcrumb":{"@id":"https:\/\/tuzlainfo.ba\/index.php\/novosti\/item\/140679-kameric-zelimo-vratiti-ukc-na-mjesto-gdje-je-ranije-bio\/#breadcrumb"},"inLanguage":"bs-BA","potentialAction":[{"@type":"ReadAction","target":["https:\/\/tuzlainfo.ba\/index.php\/novosti\/item\/140679-kameric-zelimo-vratiti-ukc-na-mjesto-gdje-je-ranije-bio\/"]}]},{"@type":"ImageObject","inLanguage":"bs-BA","@id":"https:\/\/tuzlainfo.ba\/index.php\/novosti\/item\/140679-kameric-zelimo-vratiti-ukc-na-mjesto-gdje-je-ranije-bio\/#primaryimage","url":"https:\/\/tuzlainfo.ba\/wp-content\/uploads\/2021\/07\/0107_alen-kameric.jpg","contentUrl":"https:\/\/tuzlainfo.ba\/wp-content\/uploads\/2021\/07\/0107_alen-kameric.jpg","width":1462,"height":817},{"@type":"BreadcrumbList","@id":"https:\/\/tuzlainfo.ba\/index.php\/novosti\/item\/140679-kameric-zelimo-vratiti-ukc-na-mjesto-gdje-je-ranije-bio\/#breadcrumb","itemListElement":[{"@type":"ListItem","position":1,"name":"Home","item":"https:\/\/tuzlainfo.ba\/"},{"@type":"ListItem","position":2,"name":"Kameri\u0107: \u017delimo vratiti UKC na mjesto gdje je ranije bio"}]},{"@type":"WebSite","@id":"https:\/\/tuzlainfo.ba\/#website","url":"https:\/\/tuzlainfo.ba\/","name":"TuzlaInfo.ba","description":"Tuzla info, gradski informator - Tuzla na dlanu","publisher":{"@id":"https:\/\/tuzlainfo.ba\/#organization"},"potentialAction":[{"@type":"SearchAction","target":{"@type":"EntryPoint","urlTemplate":"https:\/\/tuzlainfo.ba\/?s={search_term_string}"},"query-input":{"@type":"PropertyValueSpecification","valueRequired":true,"valueName":"search_term_string"}}],"inLanguage":"bs-BA"},{"@type":"Organization","@id":"https:\/\/tuzlainfo.ba\/#organization","name":"TuzlaInfo.ba","url":"https:\/\/tuzlainfo.ba\/","logo":{"@type":"ImageObject","inLanguage":"bs-BA","@id":"https:\/\/tuzlainfo.ba\/#\/schema\/logo\/image\/","url":"https:\/\/tuzlainfo.ba\/wp-content\/uploads\/2021\/03\/logo-ver-3-1.png","contentUrl":"https:\/\/tuzlainfo.ba\/wp-content\/uploads\/2021\/03\/logo-ver-3-1.png","width":350,"height":95,"caption":"TuzlaInfo.ba"},"image":{"@id":"https:\/\/tuzlainfo.ba\/#\/schema\/logo\/image\/"},"sameAs":["https:\/\/www.facebook.com\/tuzlainfo.ba\/"]},{"@type":"Person","@id":"https:\/\/tuzlainfo.ba\/#\/schema\/person\/46cad4c57790cbc50781edd14870825a","name":"Tuzla Info","image":{"@type":"ImageObject","inLanguage":"bs-BA","@id":"https:\/\/secure.gravatar.com\/avatar\/e980921b00fa2e552723a2386544734ce6885d2b2304ccca3f45186f9ca4031d?s=96&d=mm&r=g","url":"https:\/\/secure.gravatar.com\/avatar\/e980921b00fa2e552723a2386544734ce6885d2b2304ccca3f45186f9ca4031d?s=96&d=mm&r=g","contentUrl":"https:\/\/secure.gravatar.com\/avatar\/e980921b00fa2e552723a2386544734ce6885d2b2304ccca3f45186f9ca4031d?s=96&d=mm&r=g","caption":"Tuzla Info"}}]}},"_links":{"self":[{"href":"https:\/\/tuzlainfo.ba\/index.php\/wp-json\/wp\/v2\/posts\/140679","targetHints":{"allow":["GET"]}}],"collection":[{"href":"https:\/\/tuzlainfo.ba\/index.php\/wp-json\/wp\/v2\/posts"}],"about":[{"href":"https:\/\/tuzlainfo.ba\/index.php\/wp-json\/wp\/v2\/types\/post"}],"author":[{"embeddable":true,"href":"https:\/\/tuzlainfo.ba\/index.php\/wp-json\/wp\/v2\/users\/4"}],"replies":[{"embeddable":true,"href":"https:\/\/tuzlainfo.ba\/index.php\/wp-json\/wp\/v2\/comments?post=140679"}],"version-history":[{"count":0,"href":"https:\/\/tuzlainfo.ba\/index.php\/wp-json\/wp\/v2\/posts\/140679\/revisions"}],"wp:featuredmedia":[{"embeddable":true,"href":"https:\/\/tuzlainfo.ba\/index.php\/wp-json\/wp\/v2\/media\/140680"}],"wp:attachment":[{"href":"https:\/\/tuzlainfo.ba\/index.php\/wp-json\/wp\/v2\/media?parent=140679"}],"wp:term":[{"taxonomy":"category","embeddable":true,"href":"https:\/\/tuzlainfo.ba\/index.php\/wp-json\/wp\/v2\/categories?post=140679"},{"taxonomy":"post_tag","embeddable":true,"href":"https:\/\/tuzlainfo.ba\/index.php\/wp-json\/wp\/v2\/tags?post=140679"}],"curies":[{"name":"wp","href":"https:\/\/api.w.org\/{rel}","templated":true}]}}