{"id":140474,"date":"2021-06-30T07:00:20","date_gmt":"2021-06-30T05:00:20","guid":{"rendered":"https:\/\/tuzlainfo.ba\/?p=140474"},"modified":"2021-06-29T21:57:28","modified_gmt":"2021-06-29T19:57:28","slug":"kpk-tuzla-poziv-za-osposobljavanje-i-zaposljavanje-35-zidara-i-armiraca","status":"publish","type":"post","link":"https:\/\/tuzlainfo.ba\/index.php\/novosti\/item\/140474-kpk-tuzla-poziv-za-osposobljavanje-i-zaposljavanje-35-zidara-i-armiraca\/","title":{"rendered":"KPK Tuzla: Poziv za osposobljavanje i zapo\u0161ljavanje 35 zidara i armira\u010da"},"content":{"rendered":"<p>Kantonalna privredna komora Tuzla raspisuje:<\/p>\n<p>POZIV PREDUZE\u0106IMA IZ GRA\u0110EVINSKOG SEKTORA ZA U\u010cE\u0160\u0106E U REALIZACIJI AKTIVNIH MJERA ZAPO\u0160LJAVANJA.<\/p>\n<p>Rije\u010d je o projektu koji ima podr\u0161ku Fondacije Helvetas \u2013 Moja budu\u0107nost, a u realizaciji zajedni\u010dki u\u010destvuju Kantonalna privredna komora Tuzla, Privredna komora Kantona Sarajevo i Privredna komora Zeni\u010dko dobojskog kantona.<\/p>\n<p>Projektom je predvi\u0111eno osposobljavanje i zapo\u0161ljavanje 35 nezaposlenih osoba sa evidencije Slu\u017ebe za zapo\u0161ljavanje Tuzlanskog kantona za obavljanje poslova zidara i armira\u010da.<\/p>\n<p>Program osposobljavanja u trajanju od 240 sati sastoji se od teorijskog dijela (45 sati) koji \u0107e realizirati nastavnici srednjih stru\u010dnih \u0161kola, te prakti\u010dne obuke sa zavr\u0161nim ispitom (195 sati) koja \u0107e se realizirati pod mentorstvom u radionici preduze\u0107a iz koje je radnik u\u010desnik Programa osposobljavanja.<br \/>\nPokrivenost projektnim sredstvima podrazumijeva uplatu firmi, u iznosu od 1.100KM po radniku prijavljenom u Program osposobljavanja, za vrijeme trajanja obuke\/ospobljavanja (4 mjeseca).<\/p>\n<p>Tro\u0161kovi obuke pokrivaju:<\/p>\n<p>&#8211; Tro\u0161kove rada instruktora prakti\u010dne obuke<br \/>\n&#8211; Tro\u0161kove materijala za obavljanje prakti\u010dne obuke<br \/>\n&#8211; Tro\u0161kove toplog obroka za kandidata<br \/>\n&#8211; Tro\u0161kove prijevoza kandidata<br \/>\n&#8211; Tro\u0161kove osiguranja kandidata od povrede na radu<br \/>\n&#8211; Tro\u0161kove prostora za obavljanje teorijskog dijela nastave<\/p>\n<p>Komora \u0107e direktno pokrivati tro\u0161kove predava\u010da teorijskog dijela nastave.<br \/>\nObaveza preduze\u0107a je da polaznika osposobljavanja zaposli minimalno 6 (\u0161est) mjeseci, uklju\u010duju\u0107i i vrijeme provedeno na osposobljavanju, o \u010demu Komori prila\u017ee Ugovor o radu na odre\u0111eno vrijeme u trajanju od najmanje 6 (\u0161est) mjeseci, sa odabranim polaznicima obuke koji su ispunili uslove poslodavca. Me\u0111usobni odnosi izme\u0111u preduze\u0107a i Komore, kao i Komore i polaznika osposobljavanja, bi\u0107e regulisani ugovorima. Molimo sva zainteresovana preduze\u0107a da nam se u \u0161to kra\u0107em roku jave, radi iskazivanja interesa i planiranja po\u010detka realizacije kao i definisanja tro\u0161kova za osposobljavanje.<\/p>\n<p>Za sve dodatne informacije vezane za uklju\u010denje u realizaciju aktivnih mjera zapo\u0161ljavanja, molim da nas kontaktirate putem telefona: Almir Me\u0161i\u0107, 035 369-565 ili putem e-mail: almir@kpktz.ba<\/p>\n","protected":false},"excerpt":{"rendered":"<p>Kantonalna privredna komora Tuzla raspisuje: POZIV PREDUZE\u0106IMA IZ GRA\u0110EVINSKOG SEKTORA ZA U\u010cE\u0160\u0106E U REALIZACIJI AKTIVNIH&hellip;<\/p>\n","protected":false},"author":3,"featured_media":140475,"comment_status":"open","ping_status":"closed","sticky":false,"template":"","format":"standard","meta":{"_acf_changed":false,"footnotes":""},"categories":[12],"tags":[1763],"acf":[],"yoast_head":"<!-- This site is optimized with the Yoast SEO plugin v23.5 - https:\/\/yoast.com\/wordpress\/plugins\/seo\/ -->\n<title>KPK Tuzla: Poziv za osposobljavanje i zapo\u0161ljavanje 35 zidara i armira\u010da - TuzlaInfo.ba<\/title>\n<meta name=\"robots\" content=\"index, follow, max-snippet:-1, max-image-preview:large, max-video-preview:-1\" \/>\n<link rel=\"canonical\" href=\"https:\/\/tuzlainfo.ba\/index.php\/novosti\/item\/140474-kpk-tuzla-poziv-za-osposobljavanje-i-zaposljavanje-35-zidara-i-armiraca\/\" \/>\n<meta property=\"og:locale\" content=\"bs_BA\" \/>\n<meta property=\"og:type\" content=\"article\" \/>\n<meta property=\"og:title\" content=\"KPK Tuzla: Poziv za osposobljavanje i zapo\u0161ljavanje 35 zidara i armira\u010da - TuzlaInfo.ba\" \/>\n<meta property=\"og:description\" content=\"Kantonalna privredna komora Tuzla raspisuje: POZIV PREDUZE\u0106IMA IZ GRA\u0110EVINSKOG SEKTORA ZA U\u010cE\u0160\u0106E U REALIZACIJI AKTIVNIH&hellip;\" \/>\n<meta property=\"og:url\" content=\"https:\/\/tuzlainfo.ba\/index.php\/novosti\/item\/140474-kpk-tuzla-poziv-za-osposobljavanje-i-zaposljavanje-35-zidara-i-armiraca\/\" \/>\n<meta property=\"og:site_name\" content=\"TuzlaInfo.ba\" \/>\n<meta property=\"article:publisher\" content=\"https:\/\/www.facebook.com\/tuzlainfo.ba\/\" \/>\n<meta property=\"article:published_time\" content=\"2021-06-30T05:00:20+00:00\" \/>\n<meta property=\"article:modified_time\" content=\"2021-06-29T19:57:28+00:00\" \/>\n<meta property=\"og:image\" content=\"https:\/\/tuzlainfo.ba\/wp-content\/uploads\/2021\/06\/2906_helvetas.jpg\" \/>\n\t<meta property=\"og:image:width\" content=\"800\" \/>\n\t<meta property=\"og:image:height\" content=\"354\" \/>\n\t<meta property=\"og:image:type\" content=\"image\/jpeg\" \/>\n<meta name=\"author\" content=\"admin2\" \/>\n<meta name=\"twitter:card\" content=\"summary_large_image\" \/>\n<meta name=\"twitter:label1\" content=\"Written by\" \/>\n\t<meta name=\"twitter:data1\" content=\"admin2\" \/>\n\t<meta name=\"twitter:label2\" content=\"Est. reading time\" \/>\n\t<meta name=\"twitter:data2\" content=\"2 minute\" \/>\n<script type=\"application\/ld+json\" class=\"yoast-schema-graph\">{\"@context\":\"https:\/\/schema.org\",\"@graph\":[{\"@type\":\"Article\",\"@id\":\"https:\/\/tuzlainfo.ba\/index.php\/novosti\/item\/140474-kpk-tuzla-poziv-za-osposobljavanje-i-zaposljavanje-35-zidara-i-armiraca\/#article\",\"isPartOf\":{\"@id\":\"https:\/\/tuzlainfo.ba\/index.php\/novosti\/item\/140474-kpk-tuzla-poziv-za-osposobljavanje-i-zaposljavanje-35-zidara-i-armiraca\/\"},\"author\":{\"name\":\"admin2\",\"@id\":\"https:\/\/tuzlainfo.ba\/#\/schema\/person\/f4ebe4fff27e68efb65fa7e18f8af372\"},\"headline\":\"KPK Tuzla: Poziv za osposobljavanje i zapo\u0161ljavanje 35 zidara i armira\u010da\",\"datePublished\":\"2021-06-30T05:00:20+00:00\",\"dateModified\":\"2021-06-29T19:57:28+00:00\",\"mainEntityOfPage\":{\"@id\":\"https:\/\/tuzlainfo.ba\/index.php\/novosti\/item\/140474-kpk-tuzla-poziv-za-osposobljavanje-i-zaposljavanje-35-zidara-i-armiraca\/\"},\"wordCount\":350,\"commentCount\":0,\"publisher\":{\"@id\":\"https:\/\/tuzlainfo.ba\/#organization\"},\"image\":{\"@id\":\"https:\/\/tuzlainfo.ba\/index.php\/novosti\/item\/140474-kpk-tuzla-poziv-za-osposobljavanje-i-zaposljavanje-35-zidara-i-armiraca\/#primaryimage\"},\"thumbnailUrl\":\"https:\/\/tuzlainfo.ba\/wp-content\/uploads\/2021\/06\/2906_helvetas.jpg\",\"keywords\":[\"kanronalna privredna komora tuzla\"],\"articleSection\":[\"Novosti\"],\"inLanguage\":\"bs-BA\"},{\"@type\":\"WebPage\",\"@id\":\"https:\/\/tuzlainfo.ba\/index.php\/novosti\/item\/140474-kpk-tuzla-poziv-za-osposobljavanje-i-zaposljavanje-35-zidara-i-armiraca\/\",\"url\":\"https:\/\/tuzlainfo.ba\/index.php\/novosti\/item\/140474-kpk-tuzla-poziv-za-osposobljavanje-i-zaposljavanje-35-zidara-i-armiraca\/\",\"name\":\"KPK Tuzla: Poziv za osposobljavanje i zapo\u0161ljavanje 35 zidara i armira\u010da - TuzlaInfo.ba\",\"isPartOf\":{\"@id\":\"https:\/\/tuzlainfo.ba\/#website\"},\"primaryImageOfPage\":{\"@id\":\"https:\/\/tuzlainfo.ba\/index.php\/novosti\/item\/140474-kpk-tuzla-poziv-za-osposobljavanje-i-zaposljavanje-35-zidara-i-armiraca\/#primaryimage\"},\"image\":{\"@id\":\"https:\/\/tuzlainfo.ba\/index.php\/novosti\/item\/140474-kpk-tuzla-poziv-za-osposobljavanje-i-zaposljavanje-35-zidara-i-armiraca\/#primaryimage\"},\"thumbnailUrl\":\"https:\/\/tuzlainfo.ba\/wp-content\/uploads\/2021\/06\/2906_helvetas.jpg\",\"datePublished\":\"2021-06-30T05:00:20+00:00\",\"dateModified\":\"2021-06-29T19:57:28+00:00\",\"breadcrumb\":{\"@id\":\"https:\/\/tuzlainfo.ba\/index.php\/novosti\/item\/140474-kpk-tuzla-poziv-za-osposobljavanje-i-zaposljavanje-35-zidara-i-armiraca\/#breadcrumb\"},\"inLanguage\":\"bs-BA\",\"potentialAction\":[{\"@type\":\"ReadAction\",\"target\":[\"https:\/\/tuzlainfo.ba\/index.php\/novosti\/item\/140474-kpk-tuzla-poziv-za-osposobljavanje-i-zaposljavanje-35-zidara-i-armiraca\/\"]}]},{\"@type\":\"ImageObject\",\"inLanguage\":\"bs-BA\",\"@id\":\"https:\/\/tuzlainfo.ba\/index.php\/novosti\/item\/140474-kpk-tuzla-poziv-za-osposobljavanje-i-zaposljavanje-35-zidara-i-armiraca\/#primaryimage\",\"url\":\"https:\/\/tuzlainfo.ba\/wp-content\/uploads\/2021\/06\/2906_helvetas.jpg\",\"contentUrl\":\"https:\/\/tuzlainfo.ba\/wp-content\/uploads\/2021\/06\/2906_helvetas.jpg\",\"width\":800,\"height\":354},{\"@type\":\"BreadcrumbList\",\"@id\":\"https:\/\/tuzlainfo.ba\/index.php\/novosti\/item\/140474-kpk-tuzla-poziv-za-osposobljavanje-i-zaposljavanje-35-zidara-i-armiraca\/#breadcrumb\",\"itemListElement\":[{\"@type\":\"ListItem\",\"position\":1,\"name\":\"Home\",\"item\":\"https:\/\/tuzlainfo.ba\/\"},{\"@type\":\"ListItem\",\"position\":2,\"name\":\"KPK Tuzla: Poziv za osposobljavanje i zapo\u0161ljavanje 35 zidara i armira\u010da\"}]},{\"@type\":\"WebSite\",\"@id\":\"https:\/\/tuzlainfo.ba\/#website\",\"url\":\"https:\/\/tuzlainfo.ba\/\",\"name\":\"TuzlaInfo.ba\",\"description\":\"Tuzla info, gradski informator - Tuzla na dlanu\",\"publisher\":{\"@id\":\"https:\/\/tuzlainfo.ba\/#organization\"},\"potentialAction\":[{\"@type\":\"SearchAction\",\"target\":{\"@type\":\"EntryPoint\",\"urlTemplate\":\"https:\/\/tuzlainfo.ba\/?s={search_term_string}\"},\"query-input\":{\"@type\":\"PropertyValueSpecification\",\"valueRequired\":true,\"valueName\":\"search_term_string\"}}],\"inLanguage\":\"bs-BA\"},{\"@type\":\"Organization\",\"@id\":\"https:\/\/tuzlainfo.ba\/#organization\",\"name\":\"TuzlaInfo.ba\",\"url\":\"https:\/\/tuzlainfo.ba\/\",\"logo\":{\"@type\":\"ImageObject\",\"inLanguage\":\"bs-BA\",\"@id\":\"https:\/\/tuzlainfo.ba\/#\/schema\/logo\/image\/\",\"url\":\"https:\/\/tuzlainfo.ba\/wp-content\/uploads\/2021\/03\/logo-ver-3-1.png\",\"contentUrl\":\"https:\/\/tuzlainfo.ba\/wp-content\/uploads\/2021\/03\/logo-ver-3-1.png\",\"width\":350,\"height\":95,\"caption\":\"TuzlaInfo.ba\"},\"image\":{\"@id\":\"https:\/\/tuzlainfo.ba\/#\/schema\/logo\/image\/\"},\"sameAs\":[\"https:\/\/www.facebook.com\/tuzlainfo.ba\/\"]},{\"@type\":\"Person\",\"@id\":\"https:\/\/tuzlainfo.ba\/#\/schema\/person\/f4ebe4fff27e68efb65fa7e18f8af372\",\"name\":\"admin2\",\"image\":{\"@type\":\"ImageObject\",\"inLanguage\":\"bs-BA\",\"@id\":\"https:\/\/tuzlainfo.ba\/#\/schema\/person\/image\/\",\"url\":\"https:\/\/tuzlainfo.ba\/wp-content\/litespeed\/avatar\/8219eeb9a43cff2d096e773737736f62.jpg?ver=1776704580\",\"contentUrl\":\"https:\/\/tuzlainfo.ba\/wp-content\/litespeed\/avatar\/8219eeb9a43cff2d096e773737736f62.jpg?ver=1776704580\",\"caption\":\"admin2\"},\"description\":\"Tuzlainfo.ba pratite na dru\u0161tvenim mre\u017eama: Facebook, Instagram i Youtube. Svoje pri\u010de, upite i fotografije \u0161aljite na na\u0161u e-mail adresu.\",\"sameAs\":[\"admin\"]}]}<\/script>\n<!-- \/ Yoast SEO plugin. -->","yoast_head_json":{"title":"KPK Tuzla: Poziv za osposobljavanje i zapo\u0161ljavanje 35 zidara i armira\u010da - TuzlaInfo.ba","robots":{"index":"index","follow":"follow","max-snippet":"max-snippet:-1","max-image-preview":"max-image-preview:large","max-video-preview":"max-video-preview:-1"},"canonical":"https:\/\/tuzlainfo.ba\/index.php\/novosti\/item\/140474-kpk-tuzla-poziv-za-osposobljavanje-i-zaposljavanje-35-zidara-i-armiraca\/","og_locale":"bs_BA","og_type":"article","og_title":"KPK Tuzla: Poziv za osposobljavanje i zapo\u0161ljavanje 35 zidara i armira\u010da - TuzlaInfo.ba","og_description":"Kantonalna privredna komora Tuzla raspisuje: POZIV PREDUZE\u0106IMA IZ GRA\u0110EVINSKOG SEKTORA ZA U\u010cE\u0160\u0106E U REALIZACIJI AKTIVNIH&hellip;","og_url":"https:\/\/tuzlainfo.ba\/index.php\/novosti\/item\/140474-kpk-tuzla-poziv-za-osposobljavanje-i-zaposljavanje-35-zidara-i-armiraca\/","og_site_name":"TuzlaInfo.ba","article_publisher":"https:\/\/www.facebook.com\/tuzlainfo.ba\/","article_published_time":"2021-06-30T05:00:20+00:00","article_modified_time":"2021-06-29T19:57:28+00:00","og_image":[{"width":800,"height":354,"url":"https:\/\/tuzlainfo.ba\/wp-content\/uploads\/2021\/06\/2906_helvetas.jpg","type":"image\/jpeg"}],"author":"admin2","twitter_card":"summary_large_image","twitter_misc":{"Written by":"admin2","Est. reading time":"2 minute"},"schema":{"@context":"https:\/\/schema.org","@graph":[{"@type":"Article","@id":"https:\/\/tuzlainfo.ba\/index.php\/novosti\/item\/140474-kpk-tuzla-poziv-za-osposobljavanje-i-zaposljavanje-35-zidara-i-armiraca\/#article","isPartOf":{"@id":"https:\/\/tuzlainfo.ba\/index.php\/novosti\/item\/140474-kpk-tuzla-poziv-za-osposobljavanje-i-zaposljavanje-35-zidara-i-armiraca\/"},"author":{"name":"admin2","@id":"https:\/\/tuzlainfo.ba\/#\/schema\/person\/f4ebe4fff27e68efb65fa7e18f8af372"},"headline":"KPK Tuzla: Poziv za osposobljavanje i zapo\u0161ljavanje 35 zidara i armira\u010da","datePublished":"2021-06-30T05:00:20+00:00","dateModified":"2021-06-29T19:57:28+00:00","mainEntityOfPage":{"@id":"https:\/\/tuzlainfo.ba\/index.php\/novosti\/item\/140474-kpk-tuzla-poziv-za-osposobljavanje-i-zaposljavanje-35-zidara-i-armiraca\/"},"wordCount":350,"commentCount":0,"publisher":{"@id":"https:\/\/tuzlainfo.ba\/#organization"},"image":{"@id":"https:\/\/tuzlainfo.ba\/index.php\/novosti\/item\/140474-kpk-tuzla-poziv-za-osposobljavanje-i-zaposljavanje-35-zidara-i-armiraca\/#primaryimage"},"thumbnailUrl":"https:\/\/tuzlainfo.ba\/wp-content\/uploads\/2021\/06\/2906_helvetas.jpg","keywords":["kanronalna privredna komora tuzla"],"articleSection":["Novosti"],"inLanguage":"bs-BA"},{"@type":"WebPage","@id":"https:\/\/tuzlainfo.ba\/index.php\/novosti\/item\/140474-kpk-tuzla-poziv-za-osposobljavanje-i-zaposljavanje-35-zidara-i-armiraca\/","url":"https:\/\/tuzlainfo.ba\/index.php\/novosti\/item\/140474-kpk-tuzla-poziv-za-osposobljavanje-i-zaposljavanje-35-zidara-i-armiraca\/","name":"KPK Tuzla: Poziv za osposobljavanje i zapo\u0161ljavanje 35 zidara i armira\u010da - TuzlaInfo.ba","isPartOf":{"@id":"https:\/\/tuzlainfo.ba\/#website"},"primaryImageOfPage":{"@id":"https:\/\/tuzlainfo.ba\/index.php\/novosti\/item\/140474-kpk-tuzla-poziv-za-osposobljavanje-i-zaposljavanje-35-zidara-i-armiraca\/#primaryimage"},"image":{"@id":"https:\/\/tuzlainfo.ba\/index.php\/novosti\/item\/140474-kpk-tuzla-poziv-za-osposobljavanje-i-zaposljavanje-35-zidara-i-armiraca\/#primaryimage"},"thumbnailUrl":"https:\/\/tuzlainfo.ba\/wp-content\/uploads\/2021\/06\/2906_helvetas.jpg","datePublished":"2021-06-30T05:00:20+00:00","dateModified":"2021-06-29T19:57:28+00:00","breadcrumb":{"@id":"https:\/\/tuzlainfo.ba\/index.php\/novosti\/item\/140474-kpk-tuzla-poziv-za-osposobljavanje-i-zaposljavanje-35-zidara-i-armiraca\/#breadcrumb"},"inLanguage":"bs-BA","potentialAction":[{"@type":"ReadAction","target":["https:\/\/tuzlainfo.ba\/index.php\/novosti\/item\/140474-kpk-tuzla-poziv-za-osposobljavanje-i-zaposljavanje-35-zidara-i-armiraca\/"]}]},{"@type":"ImageObject","inLanguage":"bs-BA","@id":"https:\/\/tuzlainfo.ba\/index.php\/novosti\/item\/140474-kpk-tuzla-poziv-za-osposobljavanje-i-zaposljavanje-35-zidara-i-armiraca\/#primaryimage","url":"https:\/\/tuzlainfo.ba\/wp-content\/uploads\/2021\/06\/2906_helvetas.jpg","contentUrl":"https:\/\/tuzlainfo.ba\/wp-content\/uploads\/2021\/06\/2906_helvetas.jpg","width":800,"height":354},{"@type":"BreadcrumbList","@id":"https:\/\/tuzlainfo.ba\/index.php\/novosti\/item\/140474-kpk-tuzla-poziv-za-osposobljavanje-i-zaposljavanje-35-zidara-i-armiraca\/#breadcrumb","itemListElement":[{"@type":"ListItem","position":1,"name":"Home","item":"https:\/\/tuzlainfo.ba\/"},{"@type":"ListItem","position":2,"name":"KPK Tuzla: Poziv za osposobljavanje i zapo\u0161ljavanje 35 zidara i armira\u010da"}]},{"@type":"WebSite","@id":"https:\/\/tuzlainfo.ba\/#website","url":"https:\/\/tuzlainfo.ba\/","name":"TuzlaInfo.ba","description":"Tuzla info, gradski informator - Tuzla na dlanu","publisher":{"@id":"https:\/\/tuzlainfo.ba\/#organization"},"potentialAction":[{"@type":"SearchAction","target":{"@type":"EntryPoint","urlTemplate":"https:\/\/tuzlainfo.ba\/?s={search_term_string}"},"query-input":{"@type":"PropertyValueSpecification","valueRequired":true,"valueName":"search_term_string"}}],"inLanguage":"bs-BA"},{"@type":"Organization","@id":"https:\/\/tuzlainfo.ba\/#organization","name":"TuzlaInfo.ba","url":"https:\/\/tuzlainfo.ba\/","logo":{"@type":"ImageObject","inLanguage":"bs-BA","@id":"https:\/\/tuzlainfo.ba\/#\/schema\/logo\/image\/","url":"https:\/\/tuzlainfo.ba\/wp-content\/uploads\/2021\/03\/logo-ver-3-1.png","contentUrl":"https:\/\/tuzlainfo.ba\/wp-content\/uploads\/2021\/03\/logo-ver-3-1.png","width":350,"height":95,"caption":"TuzlaInfo.ba"},"image":{"@id":"https:\/\/tuzlainfo.ba\/#\/schema\/logo\/image\/"},"sameAs":["https:\/\/www.facebook.com\/tuzlainfo.ba\/"]},{"@type":"Person","@id":"https:\/\/tuzlainfo.ba\/#\/schema\/person\/f4ebe4fff27e68efb65fa7e18f8af372","name":"admin2","image":{"@type":"ImageObject","inLanguage":"bs-BA","@id":"https:\/\/tuzlainfo.ba\/#\/schema\/person\/image\/","url":"https:\/\/tuzlainfo.ba\/wp-content\/litespeed\/avatar\/8219eeb9a43cff2d096e773737736f62.jpg?ver=1776704580","contentUrl":"https:\/\/tuzlainfo.ba\/wp-content\/litespeed\/avatar\/8219eeb9a43cff2d096e773737736f62.jpg?ver=1776704580","caption":"admin2"},"description":"Tuzlainfo.ba pratite na dru\u0161tvenim mre\u017eama: Facebook, Instagram i Youtube. Svoje pri\u010de, upite i fotografije \u0161aljite na na\u0161u e-mail adresu.","sameAs":["admin"]}]}},"_links":{"self":[{"href":"https:\/\/tuzlainfo.ba\/index.php\/wp-json\/wp\/v2\/posts\/140474"}],"collection":[{"href":"https:\/\/tuzlainfo.ba\/index.php\/wp-json\/wp\/v2\/posts"}],"about":[{"href":"https:\/\/tuzlainfo.ba\/index.php\/wp-json\/wp\/v2\/types\/post"}],"author":[{"embeddable":true,"href":"https:\/\/tuzlainfo.ba\/index.php\/wp-json\/wp\/v2\/users\/3"}],"replies":[{"embeddable":true,"href":"https:\/\/tuzlainfo.ba\/index.php\/wp-json\/wp\/v2\/comments?post=140474"}],"version-history":[{"count":0,"href":"https:\/\/tuzlainfo.ba\/index.php\/wp-json\/wp\/v2\/posts\/140474\/revisions"}],"wp:featuredmedia":[{"embeddable":true,"href":"https:\/\/tuzlainfo.ba\/index.php\/wp-json\/wp\/v2\/media\/140475"}],"wp:attachment":[{"href":"https:\/\/tuzlainfo.ba\/index.php\/wp-json\/wp\/v2\/media?parent=140474"}],"wp:term":[{"taxonomy":"category","embeddable":true,"href":"https:\/\/tuzlainfo.ba\/index.php\/wp-json\/wp\/v2\/categories?post=140474"},{"taxonomy":"post_tag","embeddable":true,"href":"https:\/\/tuzlainfo.ba\/index.php\/wp-json\/wp\/v2\/tags?post=140474"}],"curies":[{"name":"wp","href":"https:\/\/api.w.org\/{rel}","templated":true}]}}