{"id":140371,"date":"2021-06-28T13:00:04","date_gmt":"2021-06-28T11:00:04","guid":{"rendered":"https:\/\/tuzlainfo.ba\/?p=140371"},"modified":"2021-06-28T13:58:11","modified_gmt":"2021-06-28T11:58:11","slug":"grad-tuzla-organizuje-komemoraciju-generalu-hazimu-sadicu","status":"publish","type":"post","link":"https:\/\/tuzlainfo.ba\/index.php\/novosti\/item\/140371-grad-tuzla-organizuje-komemoraciju-generalu-hazimu-sadicu\/","title":{"rendered":"Grad Tuzla organizuje komemoraciju generalu Hazimu \u0160adi\u0107u"},"content":{"rendered":"<p style=\"font-weight: 400;\">U Tuzli je, u nedelju 27. juna 2021. godine, u\u00a0 78. godini \u017eivota, preminuo general Hazim \u0160adi\u0107, biv\u0161i komandant 2. Korpusa Armije Bosne i Hercegovine i dobitnik najve\u0107eg ratnog priznanja Zlatni ljiljan.n.<br \/>\nHazim \u0160adi\u0107 je ro\u0111en 6.11.1943. godine u \u010celi\u0107u. Po zavr\u0161etku osmogodi\u0161njeg \u0161kolovanja u \u010celi\u0107u, nastavlja \u0161kolovanje u Srednjoj vojnoj \u0161koli u Sarajevu, a 1968. godine zavr\u0161ava Vojnu akademiju kopnene vojske u Beogradu.<\/p>\n<p style=\"font-weight: 400;\">Naredbom ministra odbrane Republike Bosne i Hercegovine, u aprilu 1992. godine postavljen je za na\u010delnika Okru\u017enog \u0161taba TO Tuzla, a Naredbom Predsjedni\u0161tva Republike Bosne i Hercegovine, u oktobru1992. godine postavljen je za na\u010delnika \u0160taba 2. Korpusa ARBiH.<\/p>\n<p style=\"font-weight: 400;\">Odlukom Predsjedni\u0161tva Republike Bosne i Hercegovine, u februaru 1993. godine postavljen je na du\u017enost komandanta 2. Korpusa ARBiH.<br \/>\nU \u010din brigadnog generala proizveden je 14.12.1993. godine, a Ukazom Predsjedni\u0161tva BiH, od 29.2.2000. godine proizveden je u \u010din generalmajora.<\/p>\n<p style=\"font-weight: 400;\">Najve\u0107im ratnim priznanjem Zlatni ljiljan odlikovan je 1993. godine.<\/p>\n<p style=\"font-weight: 400;\">U znak po\u0161tovanja i sje\u0107anja na generala Hazima \u0160adi\u0107a, Grad Tuzla organizuje\u00a0 komemoraciju, u utorak\u00a0 29.6. 2021. godine, u 11:00 sati u Narodnom pozori\u0161tu Tuzla.<\/p>\n<p style=\"font-weight: 400;\">Posljednji ispra\u0107aj generalu \u0160adi\u0107u, \u0107e biti organizovan ispred Komemorativnog centra u Tuzli, od 13.00 -14.00 sati.\u00a0 D\u017eenaza \u0107e se obaviti poslije ikindije-namaza (17.00 sati) ispred \u010car\u0161ijske d\u017eamije u \u010celi\u0107u, a ukop na mezarju u \u010celi\u0107u.<\/p>\n","protected":false},"excerpt":{"rendered":"<p>U Tuzli je, u nedelju 27. juna 2021. godine, u\u00a0 78. godini \u017eivota, preminuo general&hellip;<\/p>\n","protected":false},"author":2,"featured_media":140352,"comment_status":"open","ping_status":"closed","sticky":false,"template":"","format":"standard","meta":{"_acf_changed":false,"footnotes":""},"categories":[304,12],"tags":[1752,1336],"acf":[],"yoast_head":"<!-- This site is optimized with the Yoast SEO plugin v23.5 - https:\/\/yoast.com\/wordpress\/plugins\/seo\/ -->\n<title>Grad Tuzla organizuje komemoraciju generalu Hazimu \u0160adi\u0107u - TuzlaInfo.ba<\/title>\n<meta name=\"robots\" content=\"index, follow, max-snippet:-1, max-image-preview:large, max-video-preview:-1\" \/>\n<link rel=\"canonical\" href=\"https:\/\/tuzlainfo.ba\/index.php\/novosti\/item\/140371-grad-tuzla-organizuje-komemoraciju-generalu-hazimu-sadicu\/\" \/>\n<meta property=\"og:locale\" content=\"bs_BA\" \/>\n<meta property=\"og:type\" content=\"article\" \/>\n<meta property=\"og:title\" content=\"Grad Tuzla organizuje komemoraciju generalu Hazimu \u0160adi\u0107u - TuzlaInfo.ba\" \/>\n<meta property=\"og:description\" content=\"U Tuzli je, u nedelju 27. juna 2021. godine, u\u00a0 78. godini \u017eivota, preminuo general&hellip;\" \/>\n<meta property=\"og:url\" content=\"https:\/\/tuzlainfo.ba\/index.php\/novosti\/item\/140371-grad-tuzla-organizuje-komemoraciju-generalu-hazimu-sadicu\/\" \/>\n<meta property=\"og:site_name\" content=\"TuzlaInfo.ba\" \/>\n<meta property=\"article:publisher\" content=\"https:\/\/www.facebook.com\/tuzlainfo.ba\/\" \/>\n<meta property=\"article:published_time\" content=\"2021-06-28T11:00:04+00:00\" \/>\n<meta property=\"article:modified_time\" content=\"2021-06-28T11:58:11+00:00\" \/>\n<meta property=\"og:image\" content=\"https:\/\/tuzlainfo.ba\/wp-content\/uploads\/2021\/06\/2706_hazim_sadic.jpg\" \/>\n\t<meta property=\"og:image:width\" content=\"1200\" \/>\n\t<meta property=\"og:image:height\" content=\"702\" \/>\n\t<meta property=\"og:image:type\" content=\"image\/jpeg\" \/>\n<meta name=\"author\" content=\"nedim\" \/>\n<meta name=\"twitter:card\" content=\"summary_large_image\" \/>\n<meta name=\"twitter:label1\" content=\"Written by\" \/>\n\t<meta name=\"twitter:data1\" content=\"nedim\" \/>\n\t<meta name=\"twitter:label2\" content=\"Est. reading time\" \/>\n\t<meta name=\"twitter:data2\" content=\"1 minuta\" \/>\n<script type=\"application\/ld+json\" class=\"yoast-schema-graph\">{\"@context\":\"https:\/\/schema.org\",\"@graph\":[{\"@type\":\"Article\",\"@id\":\"https:\/\/tuzlainfo.ba\/index.php\/novosti\/item\/140371-grad-tuzla-organizuje-komemoraciju-generalu-hazimu-sadicu\/#article\",\"isPartOf\":{\"@id\":\"https:\/\/tuzlainfo.ba\/index.php\/novosti\/item\/140371-grad-tuzla-organizuje-komemoraciju-generalu-hazimu-sadicu\/\"},\"author\":{\"name\":\"nedim\",\"@id\":\"https:\/\/tuzlainfo.ba\/#\/schema\/person\/f434e20dc27ea133923aab08451b7f7f\"},\"headline\":\"Grad Tuzla organizuje komemoraciju generalu Hazimu \u0160adi\u0107u\",\"datePublished\":\"2021-06-28T11:00:04+00:00\",\"dateModified\":\"2021-06-28T11:58:11+00:00\",\"mainEntityOfPage\":{\"@id\":\"https:\/\/tuzlainfo.ba\/index.php\/novosti\/item\/140371-grad-tuzla-organizuje-komemoraciju-generalu-hazimu-sadicu\/\"},\"wordCount\":226,\"commentCount\":0,\"publisher\":{\"@id\":\"https:\/\/tuzlainfo.ba\/#organization\"},\"image\":{\"@id\":\"https:\/\/tuzlainfo.ba\/index.php\/novosti\/item\/140371-grad-tuzla-organizuje-komemoraciju-generalu-hazimu-sadicu\/#primaryimage\"},\"thumbnailUrl\":\"https:\/\/tuzlainfo.ba\/wp-content\/uploads\/2021\/06\/2706_hazim_sadic.jpg\",\"keywords\":[\"hazim \u0161adi\u0107\",\"komemoracija\"],\"articleSection\":[\"Istaknuto\",\"Novosti\"],\"inLanguage\":\"bs-BA\"},{\"@type\":\"WebPage\",\"@id\":\"https:\/\/tuzlainfo.ba\/index.php\/novosti\/item\/140371-grad-tuzla-organizuje-komemoraciju-generalu-hazimu-sadicu\/\",\"url\":\"https:\/\/tuzlainfo.ba\/index.php\/novosti\/item\/140371-grad-tuzla-organizuje-komemoraciju-generalu-hazimu-sadicu\/\",\"name\":\"Grad Tuzla organizuje komemoraciju generalu Hazimu \u0160adi\u0107u - TuzlaInfo.ba\",\"isPartOf\":{\"@id\":\"https:\/\/tuzlainfo.ba\/#website\"},\"primaryImageOfPage\":{\"@id\":\"https:\/\/tuzlainfo.ba\/index.php\/novosti\/item\/140371-grad-tuzla-organizuje-komemoraciju-generalu-hazimu-sadicu\/#primaryimage\"},\"image\":{\"@id\":\"https:\/\/tuzlainfo.ba\/index.php\/novosti\/item\/140371-grad-tuzla-organizuje-komemoraciju-generalu-hazimu-sadicu\/#primaryimage\"},\"thumbnailUrl\":\"https:\/\/tuzlainfo.ba\/wp-content\/uploads\/2021\/06\/2706_hazim_sadic.jpg\",\"datePublished\":\"2021-06-28T11:00:04+00:00\",\"dateModified\":\"2021-06-28T11:58:11+00:00\",\"breadcrumb\":{\"@id\":\"https:\/\/tuzlainfo.ba\/index.php\/novosti\/item\/140371-grad-tuzla-organizuje-komemoraciju-generalu-hazimu-sadicu\/#breadcrumb\"},\"inLanguage\":\"bs-BA\",\"potentialAction\":[{\"@type\":\"ReadAction\",\"target\":[\"https:\/\/tuzlainfo.ba\/index.php\/novosti\/item\/140371-grad-tuzla-organizuje-komemoraciju-generalu-hazimu-sadicu\/\"]}]},{\"@type\":\"ImageObject\",\"inLanguage\":\"bs-BA\",\"@id\":\"https:\/\/tuzlainfo.ba\/index.php\/novosti\/item\/140371-grad-tuzla-organizuje-komemoraciju-generalu-hazimu-sadicu\/#primaryimage\",\"url\":\"https:\/\/tuzlainfo.ba\/wp-content\/uploads\/2021\/06\/2706_hazim_sadic.jpg\",\"contentUrl\":\"https:\/\/tuzlainfo.ba\/wp-content\/uploads\/2021\/06\/2706_hazim_sadic.jpg\",\"width\":1200,\"height\":702},{\"@type\":\"BreadcrumbList\",\"@id\":\"https:\/\/tuzlainfo.ba\/index.php\/novosti\/item\/140371-grad-tuzla-organizuje-komemoraciju-generalu-hazimu-sadicu\/#breadcrumb\",\"itemListElement\":[{\"@type\":\"ListItem\",\"position\":1,\"name\":\"Home\",\"item\":\"https:\/\/tuzlainfo.ba\/\"},{\"@type\":\"ListItem\",\"position\":2,\"name\":\"Grad Tuzla organizuje komemoraciju generalu Hazimu \u0160adi\u0107u\"}]},{\"@type\":\"WebSite\",\"@id\":\"https:\/\/tuzlainfo.ba\/#website\",\"url\":\"https:\/\/tuzlainfo.ba\/\",\"name\":\"TuzlaInfo.ba\",\"description\":\"Tuzla info, gradski informator - Tuzla na dlanu\",\"publisher\":{\"@id\":\"https:\/\/tuzlainfo.ba\/#organization\"},\"potentialAction\":[{\"@type\":\"SearchAction\",\"target\":{\"@type\":\"EntryPoint\",\"urlTemplate\":\"https:\/\/tuzlainfo.ba\/?s={search_term_string}\"},\"query-input\":{\"@type\":\"PropertyValueSpecification\",\"valueRequired\":true,\"valueName\":\"search_term_string\"}}],\"inLanguage\":\"bs-BA\"},{\"@type\":\"Organization\",\"@id\":\"https:\/\/tuzlainfo.ba\/#organization\",\"name\":\"TuzlaInfo.ba\",\"url\":\"https:\/\/tuzlainfo.ba\/\",\"logo\":{\"@type\":\"ImageObject\",\"inLanguage\":\"bs-BA\",\"@id\":\"https:\/\/tuzlainfo.ba\/#\/schema\/logo\/image\/\",\"url\":\"https:\/\/tuzlainfo.ba\/wp-content\/uploads\/2021\/03\/logo-ver-3-1.png\",\"contentUrl\":\"https:\/\/tuzlainfo.ba\/wp-content\/uploads\/2021\/03\/logo-ver-3-1.png\",\"width\":350,\"height\":95,\"caption\":\"TuzlaInfo.ba\"},\"image\":{\"@id\":\"https:\/\/tuzlainfo.ba\/#\/schema\/logo\/image\/\"},\"sameAs\":[\"https:\/\/www.facebook.com\/tuzlainfo.ba\/\"]},{\"@type\":\"Person\",\"@id\":\"https:\/\/tuzlainfo.ba\/#\/schema\/person\/f434e20dc27ea133923aab08451b7f7f\",\"name\":\"nedim\",\"image\":{\"@type\":\"ImageObject\",\"inLanguage\":\"bs-BA\",\"@id\":\"https:\/\/tuzlainfo.ba\/#\/schema\/person\/image\/\",\"url\":\"https:\/\/tuzlainfo.ba\/wp-content\/litespeed\/avatar\/aabad687af24844af817603ac1cbdc4f.jpg?ver=1777306975\",\"contentUrl\":\"https:\/\/tuzlainfo.ba\/wp-content\/litespeed\/avatar\/aabad687af24844af817603ac1cbdc4f.jpg?ver=1777306975\",\"caption\":\"nedim\"},\"description\":\"Tuzlainfo.ba pratite na dru\u0161tvenim mre\u017eama: Facebook, Instagram i Youtube. Svoje pri\u010de, upite i fotografije \u0161aljite na na\u0161u e-mail adresu.\"}]}<\/script>\n<!-- \/ Yoast SEO plugin. -->","yoast_head_json":{"title":"Grad Tuzla organizuje komemoraciju generalu Hazimu \u0160adi\u0107u - TuzlaInfo.ba","robots":{"index":"index","follow":"follow","max-snippet":"max-snippet:-1","max-image-preview":"max-image-preview:large","max-video-preview":"max-video-preview:-1"},"canonical":"https:\/\/tuzlainfo.ba\/index.php\/novosti\/item\/140371-grad-tuzla-organizuje-komemoraciju-generalu-hazimu-sadicu\/","og_locale":"bs_BA","og_type":"article","og_title":"Grad Tuzla organizuje komemoraciju generalu Hazimu \u0160adi\u0107u - TuzlaInfo.ba","og_description":"U Tuzli je, u nedelju 27. juna 2021. godine, u\u00a0 78. godini \u017eivota, preminuo general&hellip;","og_url":"https:\/\/tuzlainfo.ba\/index.php\/novosti\/item\/140371-grad-tuzla-organizuje-komemoraciju-generalu-hazimu-sadicu\/","og_site_name":"TuzlaInfo.ba","article_publisher":"https:\/\/www.facebook.com\/tuzlainfo.ba\/","article_published_time":"2021-06-28T11:00:04+00:00","article_modified_time":"2021-06-28T11:58:11+00:00","og_image":[{"width":1200,"height":702,"url":"https:\/\/tuzlainfo.ba\/wp-content\/uploads\/2021\/06\/2706_hazim_sadic.jpg","type":"image\/jpeg"}],"author":"nedim","twitter_card":"summary_large_image","twitter_misc":{"Written by":"nedim","Est. reading time":"1 minuta"},"schema":{"@context":"https:\/\/schema.org","@graph":[{"@type":"Article","@id":"https:\/\/tuzlainfo.ba\/index.php\/novosti\/item\/140371-grad-tuzla-organizuje-komemoraciju-generalu-hazimu-sadicu\/#article","isPartOf":{"@id":"https:\/\/tuzlainfo.ba\/index.php\/novosti\/item\/140371-grad-tuzla-organizuje-komemoraciju-generalu-hazimu-sadicu\/"},"author":{"name":"nedim","@id":"https:\/\/tuzlainfo.ba\/#\/schema\/person\/f434e20dc27ea133923aab08451b7f7f"},"headline":"Grad Tuzla organizuje komemoraciju generalu Hazimu \u0160adi\u0107u","datePublished":"2021-06-28T11:00:04+00:00","dateModified":"2021-06-28T11:58:11+00:00","mainEntityOfPage":{"@id":"https:\/\/tuzlainfo.ba\/index.php\/novosti\/item\/140371-grad-tuzla-organizuje-komemoraciju-generalu-hazimu-sadicu\/"},"wordCount":226,"commentCount":0,"publisher":{"@id":"https:\/\/tuzlainfo.ba\/#organization"},"image":{"@id":"https:\/\/tuzlainfo.ba\/index.php\/novosti\/item\/140371-grad-tuzla-organizuje-komemoraciju-generalu-hazimu-sadicu\/#primaryimage"},"thumbnailUrl":"https:\/\/tuzlainfo.ba\/wp-content\/uploads\/2021\/06\/2706_hazim_sadic.jpg","keywords":["hazim \u0161adi\u0107","komemoracija"],"articleSection":["Istaknuto","Novosti"],"inLanguage":"bs-BA"},{"@type":"WebPage","@id":"https:\/\/tuzlainfo.ba\/index.php\/novosti\/item\/140371-grad-tuzla-organizuje-komemoraciju-generalu-hazimu-sadicu\/","url":"https:\/\/tuzlainfo.ba\/index.php\/novosti\/item\/140371-grad-tuzla-organizuje-komemoraciju-generalu-hazimu-sadicu\/","name":"Grad Tuzla organizuje komemoraciju generalu Hazimu \u0160adi\u0107u - TuzlaInfo.ba","isPartOf":{"@id":"https:\/\/tuzlainfo.ba\/#website"},"primaryImageOfPage":{"@id":"https:\/\/tuzlainfo.ba\/index.php\/novosti\/item\/140371-grad-tuzla-organizuje-komemoraciju-generalu-hazimu-sadicu\/#primaryimage"},"image":{"@id":"https:\/\/tuzlainfo.ba\/index.php\/novosti\/item\/140371-grad-tuzla-organizuje-komemoraciju-generalu-hazimu-sadicu\/#primaryimage"},"thumbnailUrl":"https:\/\/tuzlainfo.ba\/wp-content\/uploads\/2021\/06\/2706_hazim_sadic.jpg","datePublished":"2021-06-28T11:00:04+00:00","dateModified":"2021-06-28T11:58:11+00:00","breadcrumb":{"@id":"https:\/\/tuzlainfo.ba\/index.php\/novosti\/item\/140371-grad-tuzla-organizuje-komemoraciju-generalu-hazimu-sadicu\/#breadcrumb"},"inLanguage":"bs-BA","potentialAction":[{"@type":"ReadAction","target":["https:\/\/tuzlainfo.ba\/index.php\/novosti\/item\/140371-grad-tuzla-organizuje-komemoraciju-generalu-hazimu-sadicu\/"]}]},{"@type":"ImageObject","inLanguage":"bs-BA","@id":"https:\/\/tuzlainfo.ba\/index.php\/novosti\/item\/140371-grad-tuzla-organizuje-komemoraciju-generalu-hazimu-sadicu\/#primaryimage","url":"https:\/\/tuzlainfo.ba\/wp-content\/uploads\/2021\/06\/2706_hazim_sadic.jpg","contentUrl":"https:\/\/tuzlainfo.ba\/wp-content\/uploads\/2021\/06\/2706_hazim_sadic.jpg","width":1200,"height":702},{"@type":"BreadcrumbList","@id":"https:\/\/tuzlainfo.ba\/index.php\/novosti\/item\/140371-grad-tuzla-organizuje-komemoraciju-generalu-hazimu-sadicu\/#breadcrumb","itemListElement":[{"@type":"ListItem","position":1,"name":"Home","item":"https:\/\/tuzlainfo.ba\/"},{"@type":"ListItem","position":2,"name":"Grad Tuzla organizuje komemoraciju generalu Hazimu \u0160adi\u0107u"}]},{"@type":"WebSite","@id":"https:\/\/tuzlainfo.ba\/#website","url":"https:\/\/tuzlainfo.ba\/","name":"TuzlaInfo.ba","description":"Tuzla info, gradski informator - Tuzla na dlanu","publisher":{"@id":"https:\/\/tuzlainfo.ba\/#organization"},"potentialAction":[{"@type":"SearchAction","target":{"@type":"EntryPoint","urlTemplate":"https:\/\/tuzlainfo.ba\/?s={search_term_string}"},"query-input":{"@type":"PropertyValueSpecification","valueRequired":true,"valueName":"search_term_string"}}],"inLanguage":"bs-BA"},{"@type":"Organization","@id":"https:\/\/tuzlainfo.ba\/#organization","name":"TuzlaInfo.ba","url":"https:\/\/tuzlainfo.ba\/","logo":{"@type":"ImageObject","inLanguage":"bs-BA","@id":"https:\/\/tuzlainfo.ba\/#\/schema\/logo\/image\/","url":"https:\/\/tuzlainfo.ba\/wp-content\/uploads\/2021\/03\/logo-ver-3-1.png","contentUrl":"https:\/\/tuzlainfo.ba\/wp-content\/uploads\/2021\/03\/logo-ver-3-1.png","width":350,"height":95,"caption":"TuzlaInfo.ba"},"image":{"@id":"https:\/\/tuzlainfo.ba\/#\/schema\/logo\/image\/"},"sameAs":["https:\/\/www.facebook.com\/tuzlainfo.ba\/"]},{"@type":"Person","@id":"https:\/\/tuzlainfo.ba\/#\/schema\/person\/f434e20dc27ea133923aab08451b7f7f","name":"nedim","image":{"@type":"ImageObject","inLanguage":"bs-BA","@id":"https:\/\/tuzlainfo.ba\/#\/schema\/person\/image\/","url":"https:\/\/tuzlainfo.ba\/wp-content\/litespeed\/avatar\/aabad687af24844af817603ac1cbdc4f.jpg?ver=1777306975","contentUrl":"https:\/\/tuzlainfo.ba\/wp-content\/litespeed\/avatar\/aabad687af24844af817603ac1cbdc4f.jpg?ver=1777306975","caption":"nedim"},"description":"Tuzlainfo.ba pratite na dru\u0161tvenim mre\u017eama: Facebook, Instagram i Youtube. Svoje pri\u010de, upite i fotografije \u0161aljite na na\u0161u e-mail adresu."}]}},"_links":{"self":[{"href":"https:\/\/tuzlainfo.ba\/index.php\/wp-json\/wp\/v2\/posts\/140371"}],"collection":[{"href":"https:\/\/tuzlainfo.ba\/index.php\/wp-json\/wp\/v2\/posts"}],"about":[{"href":"https:\/\/tuzlainfo.ba\/index.php\/wp-json\/wp\/v2\/types\/post"}],"author":[{"embeddable":true,"href":"https:\/\/tuzlainfo.ba\/index.php\/wp-json\/wp\/v2\/users\/2"}],"replies":[{"embeddable":true,"href":"https:\/\/tuzlainfo.ba\/index.php\/wp-json\/wp\/v2\/comments?post=140371"}],"version-history":[{"count":0,"href":"https:\/\/tuzlainfo.ba\/index.php\/wp-json\/wp\/v2\/posts\/140371\/revisions"}],"wp:featuredmedia":[{"embeddable":true,"href":"https:\/\/tuzlainfo.ba\/index.php\/wp-json\/wp\/v2\/media\/140352"}],"wp:attachment":[{"href":"https:\/\/tuzlainfo.ba\/index.php\/wp-json\/wp\/v2\/media?parent=140371"}],"wp:term":[{"taxonomy":"category","embeddable":true,"href":"https:\/\/tuzlainfo.ba\/index.php\/wp-json\/wp\/v2\/categories?post=140371"},{"taxonomy":"post_tag","embeddable":true,"href":"https:\/\/tuzlainfo.ba\/index.php\/wp-json\/wp\/v2\/tags?post=140371"}],"curies":[{"name":"wp","href":"https:\/\/api.w.org\/{rel}","templated":true}]}}