{"id":140362,"date":"2021-06-28T10:32:30","date_gmt":"2021-06-28T08:32:30","guid":{"rendered":"https:\/\/tuzlainfo.ba\/?p=140362"},"modified":"2021-06-28T10:32:30","modified_gmt":"2021-06-28T08:32:30","slug":"vijecnik-rifatbegovic-podnio-inicijativu-o-zabrani-negiranja-minimiziranja-opravdavanja-ili-odobravanja-ratnog-zlocina-na-tuzlanskoj-kapiji","status":"publish","type":"post","link":"https:\/\/tuzlainfo.ba\/index.php\/novosti\/item\/140362-vijecnik-rifatbegovic-podnio-inicijativu-o-zabrani-negiranja-minimiziranja-opravdavanja-ili-odobravanja-ratnog-zlocina-na-tuzlanskoj-kapiji\/","title":{"rendered":"Vije\u0107nik Rifatbegovi\u0107 podnio Inicijativu o zabrani negiranja, minimiziranja, opravdavanja ili odobravanja ratnog zlo\u010dina na tuzlanskoj Kapiji"},"content":{"rendered":"<p>Vije\u0107nik SDA prof.dr. Zijah Rifatbegovi\u0107 podnio je za predstoje\u0107u sjednicu Gradskog vije\u0107a Tuzla inicijativu o<strong> zabrani negiranja, minimiziranja, opravdavanja ili odobravanja ratnog zlo\u010dina na tuzlanskoj Kapiji.<\/strong><\/p>\n<p>U obrazlo\u017eenju je naveo da su ga nedavna posjeta banjalu\u010dkog gradona\u010delnika Dra\u0161ka Stanivukovi\u0107a i narativ koji je tom prilikom\u00a0 promoviran u javnosti potakli na prijedlog ove inicijative.<\/p>\n<p>\u201e Smatram da nam je dijalog o sada\u0161njosti i zajedni\u010dkoj budu\u0107nosti neophodan, kao i da su inicijative koje vode ka obnavljanju veza i uspostavljanju saradnje potrebne i po\u017eeljne. Ipak \u2013 dijalog o budu\u0107nosti je neiskren i neplodan bez otvorenog razgovora o pro\u0161losti.<\/p>\n<p>Ove godine 25. maja smo obilje\u017eili bolnih 26 godina od Zlo\u010dina nad tuzlanskom mlado\u0161\u0107u \u2013 masakra na Kapiji, kad je tragi\u010dno \u017eivot izgubila 71 Tuzlanka i Tuzlak, a njih 150 ranjeno. Prosjek starosti ubijenih je bio 24 godine. Tragediju koja se tad nadvila nad Tuzlom i danas \u017eive porodice poginulih, pre\u017eivjeli, kao i svi mi koji smo njihovoj boli svjedo\u010dili i svjedo\u010dimo joj i danas. Pred Sudom BiH je za ovaj zlo\u010din pravomo\u0107no osu\u0111en general Vojske RS Novak \u0110uki\u0107, koji je potom prebjegao u Beograd i tamo \u017eivi slobodno, dok se pred Odjeljenjem za ratne zlo\u010dine Vi\u0161eg suda u Beogradu od februara 2016. godine vodi postupak za priznanje i izvr\u0161enje pravnosna\u017ene krivi\u010dne presude Suda BiH protiv njega.<\/p>\n<p>Stoga ne mogu prihvatiti da se ceremonijalne, sve\u010dane i protokolarne posjete politi\u010dkog karaktera Tuzli odvijaju bez obaveznog i javnog iskazivanja pijeteta prema \u017ertvama ovog zlo\u010dina, kao \u0161to ne mogu prihvatiti ni relativiziranje, negiranje, minimiziranje, opravdavanje ili odobravanje genocida,\u00a0 zlo\u010dina protiv \u010dovje\u010dnosti, ratnih zlo\u010dina i holokausta.<\/p>\n<p><strong>Po\u0161tovane vije\u0107nice i vije\u0107nici, pozivam vas da zajedni\u010dki izglasamo da u obavezni dio svih zvani\u010dnih, sve\u010danih i politi\u010dkih posjeta, javnih doga\u0111aja koji uklju\u010duju posjete i istupe u javnosti politi\u010dara, dr\u017eavnika, dr\u017eavnica, gradona\u010delnica i gradona\u010delnika, bude uvr\u0161teno i obavezno poklanjanje \u017ertvama, poginulima na Tuzlanskoj kapiji. <\/strong>Ne zato \u0161to ne \u017eelimo naprijed. Ne zato \u0161to smo ostali zarobljeni u ratu. Tra\u017eimo da se \u017ertvama pokloni jer je to na\u0161a obaveza, jer je to \u010din po\u0161tovanja prema ovom gradu i jedini znak iskrene namjere za uspostavljanjem boljih odnosa i otvorenog razgovora o budu\u0107nosti \u2013 navodi vije\u0107nk SDA prof.dr. Zijah Rifatbegovi\u0107.<\/p>\n<p><strong>\u00a0<\/strong><\/p>\n","protected":false},"excerpt":{"rendered":"<p>Vije\u0107nik SDA prof.dr. Zijah Rifatbegovi\u0107 podnio je za predstoje\u0107u sjednicu Gradskog vije\u0107a Tuzla inicijativu o&hellip;<\/p>\n","protected":false},"author":3,"featured_media":83399,"comment_status":"open","ping_status":"closed","sticky":false,"template":"","format":"standard","meta":{"_acf_changed":false,"footnotes":""},"categories":[12],"tags":[1237,901],"acf":[],"yoast_head":"<!-- This site is optimized with the Yoast SEO plugin v23.5 - https:\/\/yoast.com\/wordpress\/plugins\/seo\/ -->\n<title>Vije\u0107nik Rifatbegovi\u0107 podnio Inicijativu o zabrani negiranja, minimiziranja, opravdavanja ili odobravanja ratnog zlo\u010dina na tuzlanskoj Kapiji - TuzlaInfo.ba<\/title>\n<meta name=\"robots\" content=\"index, follow, max-snippet:-1, max-image-preview:large, max-video-preview:-1\" \/>\n<link rel=\"canonical\" href=\"https:\/\/tuzlainfo.ba\/index.php\/novosti\/item\/140362-vijecnik-rifatbegovic-podnio-inicijativu-o-zabrani-negiranja-minimiziranja-opravdavanja-ili-odobravanja-ratnog-zlocina-na-tuzlanskoj-kapiji\/\" \/>\n<meta property=\"og:locale\" content=\"bs_BA\" \/>\n<meta property=\"og:type\" content=\"article\" \/>\n<meta property=\"og:title\" content=\"Vije\u0107nik Rifatbegovi\u0107 podnio Inicijativu o zabrani negiranja, minimiziranja, opravdavanja ili odobravanja ratnog zlo\u010dina na tuzlanskoj Kapiji - TuzlaInfo.ba\" \/>\n<meta property=\"og:description\" content=\"Vije\u0107nik SDA prof.dr. Zijah Rifatbegovi\u0107 podnio je za predstoje\u0107u sjednicu Gradskog vije\u0107a Tuzla inicijativu o&hellip;\" \/>\n<meta property=\"og:url\" content=\"https:\/\/tuzlainfo.ba\/index.php\/novosti\/item\/140362-vijecnik-rifatbegovic-podnio-inicijativu-o-zabrani-negiranja-minimiziranja-opravdavanja-ili-odobravanja-ratnog-zlocina-na-tuzlanskoj-kapiji\/\" \/>\n<meta property=\"og:site_name\" content=\"TuzlaInfo.ba\" \/>\n<meta property=\"article:publisher\" content=\"https:\/\/www.facebook.com\/tuzlainfo.ba\/\" \/>\n<meta property=\"article:published_time\" content=\"2021-06-28T08:32:30+00:00\" \/>\n<meta property=\"og:image\" content=\"https:\/\/tuzlainfo.ba\/wp-content\/uploads\/2020\/10\/sadrzaj_2020_20201001_1610_zijah_rifatbegovic.jpg\" \/>\n\t<meta property=\"og:image:width\" content=\"770\" \/>\n\t<meta property=\"og:image:height\" content=\"498\" \/>\n\t<meta property=\"og:image:type\" content=\"image\/jpeg\" \/>\n<meta name=\"author\" content=\"admin2\" \/>\n<meta name=\"twitter:card\" content=\"summary_large_image\" \/>\n<meta name=\"twitter:label1\" content=\"Written by\" \/>\n\t<meta name=\"twitter:data1\" content=\"admin2\" \/>\n\t<meta name=\"twitter:label2\" content=\"Est. reading time\" \/>\n\t<meta name=\"twitter:data2\" content=\"2 minute\" \/>\n<script type=\"application\/ld+json\" class=\"yoast-schema-graph\">{\"@context\":\"https:\/\/schema.org\",\"@graph\":[{\"@type\":\"Article\",\"@id\":\"https:\/\/tuzlainfo.ba\/index.php\/novosti\/item\/140362-vijecnik-rifatbegovic-podnio-inicijativu-o-zabrani-negiranja-minimiziranja-opravdavanja-ili-odobravanja-ratnog-zlocina-na-tuzlanskoj-kapiji\/#article\",\"isPartOf\":{\"@id\":\"https:\/\/tuzlainfo.ba\/index.php\/novosti\/item\/140362-vijecnik-rifatbegovic-podnio-inicijativu-o-zabrani-negiranja-minimiziranja-opravdavanja-ili-odobravanja-ratnog-zlocina-na-tuzlanskoj-kapiji\/\"},\"author\":{\"name\":\"admin2\",\"@id\":\"https:\/\/tuzlainfo.ba\/#\/schema\/person\/f4ebe4fff27e68efb65fa7e18f8af372\"},\"headline\":\"Vije\u0107nik Rifatbegovi\u0107 podnio Inicijativu o zabrani negiranja, minimiziranja, opravdavanja ili odobravanja ratnog zlo\u010dina na tuzlanskoj Kapiji\",\"datePublished\":\"2021-06-28T08:32:30+00:00\",\"dateModified\":\"2021-06-28T08:32:30+00:00\",\"mainEntityOfPage\":{\"@id\":\"https:\/\/tuzlainfo.ba\/index.php\/novosti\/item\/140362-vijecnik-rifatbegovic-podnio-inicijativu-o-zabrani-negiranja-minimiziranja-opravdavanja-ili-odobravanja-ratnog-zlocina-na-tuzlanskoj-kapiji\/\"},\"wordCount\":420,\"commentCount\":0,\"publisher\":{\"@id\":\"https:\/\/tuzlainfo.ba\/#organization\"},\"image\":{\"@id\":\"https:\/\/tuzlainfo.ba\/index.php\/novosti\/item\/140362-vijecnik-rifatbegovic-podnio-inicijativu-o-zabrani-negiranja-minimiziranja-opravdavanja-ili-odobravanja-ratnog-zlocina-na-tuzlanskoj-kapiji\/#primaryimage\"},\"thumbnailUrl\":\"https:\/\/tuzlainfo.ba\/wp-content\/uploads\/2020\/10\/sadrzaj_2020_20201001_1610_zijah_rifatbegovic.jpg\",\"keywords\":[\"inicijativa\",\"Zijah Rifatbegovi\u0107\"],\"articleSection\":[\"Novosti\"],\"inLanguage\":\"bs-BA\"},{\"@type\":\"WebPage\",\"@id\":\"https:\/\/tuzlainfo.ba\/index.php\/novosti\/item\/140362-vijecnik-rifatbegovic-podnio-inicijativu-o-zabrani-negiranja-minimiziranja-opravdavanja-ili-odobravanja-ratnog-zlocina-na-tuzlanskoj-kapiji\/\",\"url\":\"https:\/\/tuzlainfo.ba\/index.php\/novosti\/item\/140362-vijecnik-rifatbegovic-podnio-inicijativu-o-zabrani-negiranja-minimiziranja-opravdavanja-ili-odobravanja-ratnog-zlocina-na-tuzlanskoj-kapiji\/\",\"name\":\"Vije\u0107nik Rifatbegovi\u0107 podnio Inicijativu o zabrani negiranja, minimiziranja, opravdavanja ili odobravanja ratnog zlo\u010dina na tuzlanskoj Kapiji - TuzlaInfo.ba\",\"isPartOf\":{\"@id\":\"https:\/\/tuzlainfo.ba\/#website\"},\"primaryImageOfPage\":{\"@id\":\"https:\/\/tuzlainfo.ba\/index.php\/novosti\/item\/140362-vijecnik-rifatbegovic-podnio-inicijativu-o-zabrani-negiranja-minimiziranja-opravdavanja-ili-odobravanja-ratnog-zlocina-na-tuzlanskoj-kapiji\/#primaryimage\"},\"image\":{\"@id\":\"https:\/\/tuzlainfo.ba\/index.php\/novosti\/item\/140362-vijecnik-rifatbegovic-podnio-inicijativu-o-zabrani-negiranja-minimiziranja-opravdavanja-ili-odobravanja-ratnog-zlocina-na-tuzlanskoj-kapiji\/#primaryimage\"},\"thumbnailUrl\":\"https:\/\/tuzlainfo.ba\/wp-content\/uploads\/2020\/10\/sadrzaj_2020_20201001_1610_zijah_rifatbegovic.jpg\",\"datePublished\":\"2021-06-28T08:32:30+00:00\",\"dateModified\":\"2021-06-28T08:32:30+00:00\",\"breadcrumb\":{\"@id\":\"https:\/\/tuzlainfo.ba\/index.php\/novosti\/item\/140362-vijecnik-rifatbegovic-podnio-inicijativu-o-zabrani-negiranja-minimiziranja-opravdavanja-ili-odobravanja-ratnog-zlocina-na-tuzlanskoj-kapiji\/#breadcrumb\"},\"inLanguage\":\"bs-BA\",\"potentialAction\":[{\"@type\":\"ReadAction\",\"target\":[\"https:\/\/tuzlainfo.ba\/index.php\/novosti\/item\/140362-vijecnik-rifatbegovic-podnio-inicijativu-o-zabrani-negiranja-minimiziranja-opravdavanja-ili-odobravanja-ratnog-zlocina-na-tuzlanskoj-kapiji\/\"]}]},{\"@type\":\"ImageObject\",\"inLanguage\":\"bs-BA\",\"@id\":\"https:\/\/tuzlainfo.ba\/index.php\/novosti\/item\/140362-vijecnik-rifatbegovic-podnio-inicijativu-o-zabrani-negiranja-minimiziranja-opravdavanja-ili-odobravanja-ratnog-zlocina-na-tuzlanskoj-kapiji\/#primaryimage\",\"url\":\"https:\/\/tuzlainfo.ba\/wp-content\/uploads\/2020\/10\/sadrzaj_2020_20201001_1610_zijah_rifatbegovic.jpg\",\"contentUrl\":\"https:\/\/tuzlainfo.ba\/wp-content\/uploads\/2020\/10\/sadrzaj_2020_20201001_1610_zijah_rifatbegovic.jpg\",\"width\":770,\"height\":498,\"caption\":\"1610 zijah rifatbegovic\"},{\"@type\":\"BreadcrumbList\",\"@id\":\"https:\/\/tuzlainfo.ba\/index.php\/novosti\/item\/140362-vijecnik-rifatbegovic-podnio-inicijativu-o-zabrani-negiranja-minimiziranja-opravdavanja-ili-odobravanja-ratnog-zlocina-na-tuzlanskoj-kapiji\/#breadcrumb\",\"itemListElement\":[{\"@type\":\"ListItem\",\"position\":1,\"name\":\"Home\",\"item\":\"https:\/\/tuzlainfo.ba\/\"},{\"@type\":\"ListItem\",\"position\":2,\"name\":\"Vije\u0107nik Rifatbegovi\u0107 podnio Inicijativu o zabrani negiranja, minimiziranja, opravdavanja ili odobravanja ratnog zlo\u010dina na tuzlanskoj Kapiji\"}]},{\"@type\":\"WebSite\",\"@id\":\"https:\/\/tuzlainfo.ba\/#website\",\"url\":\"https:\/\/tuzlainfo.ba\/\",\"name\":\"TuzlaInfo.ba\",\"description\":\"Tuzla info, gradski informator - Tuzla na dlanu\",\"publisher\":{\"@id\":\"https:\/\/tuzlainfo.ba\/#organization\"},\"potentialAction\":[{\"@type\":\"SearchAction\",\"target\":{\"@type\":\"EntryPoint\",\"urlTemplate\":\"https:\/\/tuzlainfo.ba\/?s={search_term_string}\"},\"query-input\":{\"@type\":\"PropertyValueSpecification\",\"valueRequired\":true,\"valueName\":\"search_term_string\"}}],\"inLanguage\":\"bs-BA\"},{\"@type\":\"Organization\",\"@id\":\"https:\/\/tuzlainfo.ba\/#organization\",\"name\":\"TuzlaInfo.ba\",\"url\":\"https:\/\/tuzlainfo.ba\/\",\"logo\":{\"@type\":\"ImageObject\",\"inLanguage\":\"bs-BA\",\"@id\":\"https:\/\/tuzlainfo.ba\/#\/schema\/logo\/image\/\",\"url\":\"https:\/\/tuzlainfo.ba\/wp-content\/uploads\/2021\/03\/logo-ver-3-1.png\",\"contentUrl\":\"https:\/\/tuzlainfo.ba\/wp-content\/uploads\/2021\/03\/logo-ver-3-1.png\",\"width\":350,\"height\":95,\"caption\":\"TuzlaInfo.ba\"},\"image\":{\"@id\":\"https:\/\/tuzlainfo.ba\/#\/schema\/logo\/image\/\"},\"sameAs\":[\"https:\/\/www.facebook.com\/tuzlainfo.ba\/\"]},{\"@type\":\"Person\",\"@id\":\"https:\/\/tuzlainfo.ba\/#\/schema\/person\/f4ebe4fff27e68efb65fa7e18f8af372\",\"name\":\"admin2\",\"image\":{\"@type\":\"ImageObject\",\"inLanguage\":\"bs-BA\",\"@id\":\"https:\/\/tuzlainfo.ba\/#\/schema\/person\/image\/\",\"url\":\"https:\/\/tuzlainfo.ba\/wp-content\/litespeed\/avatar\/8219eeb9a43cff2d096e773737736f62.jpg?ver=1777309398\",\"contentUrl\":\"https:\/\/tuzlainfo.ba\/wp-content\/litespeed\/avatar\/8219eeb9a43cff2d096e773737736f62.jpg?ver=1777309398\",\"caption\":\"admin2\"},\"description\":\"Tuzlainfo.ba pratite na dru\u0161tvenim mre\u017eama: Facebook, Instagram i Youtube. Svoje pri\u010de, upite i fotografije \u0161aljite na na\u0161u e-mail adresu.\",\"sameAs\":[\"admin\"]}]}<\/script>\n<!-- \/ Yoast SEO plugin. -->","yoast_head_json":{"title":"Vije\u0107nik Rifatbegovi\u0107 podnio Inicijativu o zabrani negiranja, minimiziranja, opravdavanja ili odobravanja ratnog zlo\u010dina na tuzlanskoj Kapiji - TuzlaInfo.ba","robots":{"index":"index","follow":"follow","max-snippet":"max-snippet:-1","max-image-preview":"max-image-preview:large","max-video-preview":"max-video-preview:-1"},"canonical":"https:\/\/tuzlainfo.ba\/index.php\/novosti\/item\/140362-vijecnik-rifatbegovic-podnio-inicijativu-o-zabrani-negiranja-minimiziranja-opravdavanja-ili-odobravanja-ratnog-zlocina-na-tuzlanskoj-kapiji\/","og_locale":"bs_BA","og_type":"article","og_title":"Vije\u0107nik Rifatbegovi\u0107 podnio Inicijativu o zabrani negiranja, minimiziranja, opravdavanja ili odobravanja ratnog zlo\u010dina na tuzlanskoj Kapiji - TuzlaInfo.ba","og_description":"Vije\u0107nik SDA prof.dr. Zijah Rifatbegovi\u0107 podnio je za predstoje\u0107u sjednicu Gradskog vije\u0107a Tuzla inicijativu o&hellip;","og_url":"https:\/\/tuzlainfo.ba\/index.php\/novosti\/item\/140362-vijecnik-rifatbegovic-podnio-inicijativu-o-zabrani-negiranja-minimiziranja-opravdavanja-ili-odobravanja-ratnog-zlocina-na-tuzlanskoj-kapiji\/","og_site_name":"TuzlaInfo.ba","article_publisher":"https:\/\/www.facebook.com\/tuzlainfo.ba\/","article_published_time":"2021-06-28T08:32:30+00:00","og_image":[{"width":770,"height":498,"url":"https:\/\/tuzlainfo.ba\/wp-content\/uploads\/2020\/10\/sadrzaj_2020_20201001_1610_zijah_rifatbegovic.jpg","type":"image\/jpeg"}],"author":"admin2","twitter_card":"summary_large_image","twitter_misc":{"Written by":"admin2","Est. reading time":"2 minute"},"schema":{"@context":"https:\/\/schema.org","@graph":[{"@type":"Article","@id":"https:\/\/tuzlainfo.ba\/index.php\/novosti\/item\/140362-vijecnik-rifatbegovic-podnio-inicijativu-o-zabrani-negiranja-minimiziranja-opravdavanja-ili-odobravanja-ratnog-zlocina-na-tuzlanskoj-kapiji\/#article","isPartOf":{"@id":"https:\/\/tuzlainfo.ba\/index.php\/novosti\/item\/140362-vijecnik-rifatbegovic-podnio-inicijativu-o-zabrani-negiranja-minimiziranja-opravdavanja-ili-odobravanja-ratnog-zlocina-na-tuzlanskoj-kapiji\/"},"author":{"name":"admin2","@id":"https:\/\/tuzlainfo.ba\/#\/schema\/person\/f4ebe4fff27e68efb65fa7e18f8af372"},"headline":"Vije\u0107nik Rifatbegovi\u0107 podnio Inicijativu o zabrani negiranja, minimiziranja, opravdavanja ili odobravanja ratnog zlo\u010dina na tuzlanskoj Kapiji","datePublished":"2021-06-28T08:32:30+00:00","dateModified":"2021-06-28T08:32:30+00:00","mainEntityOfPage":{"@id":"https:\/\/tuzlainfo.ba\/index.php\/novosti\/item\/140362-vijecnik-rifatbegovic-podnio-inicijativu-o-zabrani-negiranja-minimiziranja-opravdavanja-ili-odobravanja-ratnog-zlocina-na-tuzlanskoj-kapiji\/"},"wordCount":420,"commentCount":0,"publisher":{"@id":"https:\/\/tuzlainfo.ba\/#organization"},"image":{"@id":"https:\/\/tuzlainfo.ba\/index.php\/novosti\/item\/140362-vijecnik-rifatbegovic-podnio-inicijativu-o-zabrani-negiranja-minimiziranja-opravdavanja-ili-odobravanja-ratnog-zlocina-na-tuzlanskoj-kapiji\/#primaryimage"},"thumbnailUrl":"https:\/\/tuzlainfo.ba\/wp-content\/uploads\/2020\/10\/sadrzaj_2020_20201001_1610_zijah_rifatbegovic.jpg","keywords":["inicijativa","Zijah Rifatbegovi\u0107"],"articleSection":["Novosti"],"inLanguage":"bs-BA"},{"@type":"WebPage","@id":"https:\/\/tuzlainfo.ba\/index.php\/novosti\/item\/140362-vijecnik-rifatbegovic-podnio-inicijativu-o-zabrani-negiranja-minimiziranja-opravdavanja-ili-odobravanja-ratnog-zlocina-na-tuzlanskoj-kapiji\/","url":"https:\/\/tuzlainfo.ba\/index.php\/novosti\/item\/140362-vijecnik-rifatbegovic-podnio-inicijativu-o-zabrani-negiranja-minimiziranja-opravdavanja-ili-odobravanja-ratnog-zlocina-na-tuzlanskoj-kapiji\/","name":"Vije\u0107nik Rifatbegovi\u0107 podnio Inicijativu o zabrani negiranja, minimiziranja, opravdavanja ili odobravanja ratnog zlo\u010dina na tuzlanskoj Kapiji - TuzlaInfo.ba","isPartOf":{"@id":"https:\/\/tuzlainfo.ba\/#website"},"primaryImageOfPage":{"@id":"https:\/\/tuzlainfo.ba\/index.php\/novosti\/item\/140362-vijecnik-rifatbegovic-podnio-inicijativu-o-zabrani-negiranja-minimiziranja-opravdavanja-ili-odobravanja-ratnog-zlocina-na-tuzlanskoj-kapiji\/#primaryimage"},"image":{"@id":"https:\/\/tuzlainfo.ba\/index.php\/novosti\/item\/140362-vijecnik-rifatbegovic-podnio-inicijativu-o-zabrani-negiranja-minimiziranja-opravdavanja-ili-odobravanja-ratnog-zlocina-na-tuzlanskoj-kapiji\/#primaryimage"},"thumbnailUrl":"https:\/\/tuzlainfo.ba\/wp-content\/uploads\/2020\/10\/sadrzaj_2020_20201001_1610_zijah_rifatbegovic.jpg","datePublished":"2021-06-28T08:32:30+00:00","dateModified":"2021-06-28T08:32:30+00:00","breadcrumb":{"@id":"https:\/\/tuzlainfo.ba\/index.php\/novosti\/item\/140362-vijecnik-rifatbegovic-podnio-inicijativu-o-zabrani-negiranja-minimiziranja-opravdavanja-ili-odobravanja-ratnog-zlocina-na-tuzlanskoj-kapiji\/#breadcrumb"},"inLanguage":"bs-BA","potentialAction":[{"@type":"ReadAction","target":["https:\/\/tuzlainfo.ba\/index.php\/novosti\/item\/140362-vijecnik-rifatbegovic-podnio-inicijativu-o-zabrani-negiranja-minimiziranja-opravdavanja-ili-odobravanja-ratnog-zlocina-na-tuzlanskoj-kapiji\/"]}]},{"@type":"ImageObject","inLanguage":"bs-BA","@id":"https:\/\/tuzlainfo.ba\/index.php\/novosti\/item\/140362-vijecnik-rifatbegovic-podnio-inicijativu-o-zabrani-negiranja-minimiziranja-opravdavanja-ili-odobravanja-ratnog-zlocina-na-tuzlanskoj-kapiji\/#primaryimage","url":"https:\/\/tuzlainfo.ba\/wp-content\/uploads\/2020\/10\/sadrzaj_2020_20201001_1610_zijah_rifatbegovic.jpg","contentUrl":"https:\/\/tuzlainfo.ba\/wp-content\/uploads\/2020\/10\/sadrzaj_2020_20201001_1610_zijah_rifatbegovic.jpg","width":770,"height":498,"caption":"1610 zijah rifatbegovic"},{"@type":"BreadcrumbList","@id":"https:\/\/tuzlainfo.ba\/index.php\/novosti\/item\/140362-vijecnik-rifatbegovic-podnio-inicijativu-o-zabrani-negiranja-minimiziranja-opravdavanja-ili-odobravanja-ratnog-zlocina-na-tuzlanskoj-kapiji\/#breadcrumb","itemListElement":[{"@type":"ListItem","position":1,"name":"Home","item":"https:\/\/tuzlainfo.ba\/"},{"@type":"ListItem","position":2,"name":"Vije\u0107nik Rifatbegovi\u0107 podnio Inicijativu o zabrani negiranja, minimiziranja, opravdavanja ili odobravanja ratnog zlo\u010dina na tuzlanskoj Kapiji"}]},{"@type":"WebSite","@id":"https:\/\/tuzlainfo.ba\/#website","url":"https:\/\/tuzlainfo.ba\/","name":"TuzlaInfo.ba","description":"Tuzla info, gradski informator - Tuzla na dlanu","publisher":{"@id":"https:\/\/tuzlainfo.ba\/#organization"},"potentialAction":[{"@type":"SearchAction","target":{"@type":"EntryPoint","urlTemplate":"https:\/\/tuzlainfo.ba\/?s={search_term_string}"},"query-input":{"@type":"PropertyValueSpecification","valueRequired":true,"valueName":"search_term_string"}}],"inLanguage":"bs-BA"},{"@type":"Organization","@id":"https:\/\/tuzlainfo.ba\/#organization","name":"TuzlaInfo.ba","url":"https:\/\/tuzlainfo.ba\/","logo":{"@type":"ImageObject","inLanguage":"bs-BA","@id":"https:\/\/tuzlainfo.ba\/#\/schema\/logo\/image\/","url":"https:\/\/tuzlainfo.ba\/wp-content\/uploads\/2021\/03\/logo-ver-3-1.png","contentUrl":"https:\/\/tuzlainfo.ba\/wp-content\/uploads\/2021\/03\/logo-ver-3-1.png","width":350,"height":95,"caption":"TuzlaInfo.ba"},"image":{"@id":"https:\/\/tuzlainfo.ba\/#\/schema\/logo\/image\/"},"sameAs":["https:\/\/www.facebook.com\/tuzlainfo.ba\/"]},{"@type":"Person","@id":"https:\/\/tuzlainfo.ba\/#\/schema\/person\/f4ebe4fff27e68efb65fa7e18f8af372","name":"admin2","image":{"@type":"ImageObject","inLanguage":"bs-BA","@id":"https:\/\/tuzlainfo.ba\/#\/schema\/person\/image\/","url":"https:\/\/tuzlainfo.ba\/wp-content\/litespeed\/avatar\/8219eeb9a43cff2d096e773737736f62.jpg?ver=1777309398","contentUrl":"https:\/\/tuzlainfo.ba\/wp-content\/litespeed\/avatar\/8219eeb9a43cff2d096e773737736f62.jpg?ver=1777309398","caption":"admin2"},"description":"Tuzlainfo.ba pratite na dru\u0161tvenim mre\u017eama: Facebook, Instagram i Youtube. Svoje pri\u010de, upite i fotografije \u0161aljite na na\u0161u e-mail adresu.","sameAs":["admin"]}]}},"_links":{"self":[{"href":"https:\/\/tuzlainfo.ba\/index.php\/wp-json\/wp\/v2\/posts\/140362"}],"collection":[{"href":"https:\/\/tuzlainfo.ba\/index.php\/wp-json\/wp\/v2\/posts"}],"about":[{"href":"https:\/\/tuzlainfo.ba\/index.php\/wp-json\/wp\/v2\/types\/post"}],"author":[{"embeddable":true,"href":"https:\/\/tuzlainfo.ba\/index.php\/wp-json\/wp\/v2\/users\/3"}],"replies":[{"embeddable":true,"href":"https:\/\/tuzlainfo.ba\/index.php\/wp-json\/wp\/v2\/comments?post=140362"}],"version-history":[{"count":0,"href":"https:\/\/tuzlainfo.ba\/index.php\/wp-json\/wp\/v2\/posts\/140362\/revisions"}],"wp:featuredmedia":[{"embeddable":true,"href":"https:\/\/tuzlainfo.ba\/index.php\/wp-json\/wp\/v2\/media\/83399"}],"wp:attachment":[{"href":"https:\/\/tuzlainfo.ba\/index.php\/wp-json\/wp\/v2\/media?parent=140362"}],"wp:term":[{"taxonomy":"category","embeddable":true,"href":"https:\/\/tuzlainfo.ba\/index.php\/wp-json\/wp\/v2\/categories?post=140362"},{"taxonomy":"post_tag","embeddable":true,"href":"https:\/\/tuzlainfo.ba\/index.php\/wp-json\/wp\/v2\/tags?post=140362"}],"curies":[{"name":"wp","href":"https:\/\/api.w.org\/{rel}","templated":true}]}}