{"id":140308,"date":"2021-06-27T13:16:07","date_gmt":"2021-06-27T11:16:07","guid":{"rendered":"https:\/\/tuzlainfo.ba\/?p=140308"},"modified":"2021-06-27T13:16:07","modified_gmt":"2021-06-27T11:16:07","slug":"edward-p-joseph-stabilan-balkan-je-moguc-kad-zapad-promijeni-blagi-stav-prema-srbiji","status":"publish","type":"post","link":"https:\/\/tuzlainfo.ba\/index.php\/clanci\/sa-svih-strana\/item\/140308-edward-p-joseph-stabilan-balkan-je-moguc-kad-zapad-promijeni-blagi-stav-prema-srbiji\/","title":{"rendered":"Edward P. Joseph: Stabilan Balkan je mogu\u0107 kad Zapad promijeni blagi stav prema Srbiji"},"content":{"rendered":"<div class=\"single-intro\" style=\"text-align: left;\">Profesor na ameri\u010dkom Univerzitetu Johns Hopkins sa dugogodi\u0161njim radnim iskustvom na Balkanu u intervju za Al Jazeeru govori o novoj Bidenovoj uredbi, odnosu Zapada prema Srbiji, situaciji u BiH.<\/div>\n<div class=\"inarticle-banner\" style=\"text-align: left;\"><\/div>\n<div style=\"text-align: left;\">zvr\u0161na uredba ameri\u010dkog predsjednika Joea Bidena o sankcijama osobama na Zapadnom Balkanu koja se uglavnom odnosi na korupciju pozitivan je signal za regiju, ali je najve\u0107e pitanje kakav \u0107e pristup SAD u tom smislu imati prema Srbiji, isti\u010de u intervjuu za Al Jazeeru<strong>\u00a0Edward P. Joseph<\/strong>, profesor na ameri\u010dkom Univerzitetu Johns Hopkins sa dugogodi\u0161njim radnim iskustvom na Balkanu u sklopu me\u0111unarodnih institucija i organizacija, izme\u0111u ostalog i tokom ratnih godina.<\/p>\n<p>Joseph koji je bio svjedok mnogih klju\u010dnih sastanaka balkanskih zvani\u010dnika od 90-tih godina pa nadalje, mi\u0161ljenja je da Zapad ne samo okre\u0107e glavu od korupcije u Srbiji nego je, dodaje, pogre\u0161no hvali kao \u201cekonomskog i politi\u010dkog lidera u regiji\u201d.<\/p>\n<p>Stoga ocjenjuje da je problem cijelog Zapadnog Balkana blag zapadni stav prema Beogradu, \u0161to bi se su\u0161tinski promijenilo kada bi barem \u010detiri od pet zemalja \u010dlanica Evropske unije koje nisu priznale Kosovo to uradile. Beograd bi u tom smislu ostao bez prednosti i njegova strategija bi tada postala beskorisna \u0161to bi dovelo do transformacije i stabilnosti cijele regije \u2013 promijenila bi se se situacija na Kosovu, u BiH a i u Crnoj Gori, isti\u010de Joseph.<\/p>\n<p>Dodaje da bi tada Srbija bila dovedena u poziciju da mora odgovoriti na klju\u010dno pitanje \u2013 da li je uz Zapad ili uz Rusiju i Kinu.<\/p>\n<p>Joseph je bio zamjenik \u0161efa Misije OSCE-a na Kosovu a \u0161est godina radio je i u Bosni i Hercegovini, od toga tri u ratu, kada je izme\u0111u ostalog u sklopu NATO-a bio u za\u0161ti\u0107enoj enklavi \u017depa u ljeto 1995. sa zadatkom da evakui\u0161e \u017eene, djecu i ranjene, pri \u010demu je direktno morao pregovarati sa Ratkom Mladi\u0107em i Zdravkom Tolimirom. Bio je svjedok na dva su\u0111enja pred me\u0111unarodnim tribunalom za biv\u0161u Jugoslaviju.<\/p>\n<p>Bogatu karijeru nakon Balkana nastavio je u Iraku, Afganistanu, Haitiju i Pakistanu. Autor je brojnih nau\u010dnih radova, ali i \u010dlanaka za svjetske medije kao \u0161to su New York Times i Foreign Policy.<\/p>\n<p>Sa profesorom Josephom razgovarali smo i crnogorskoj rezoluciji o Srebrenici, interesima Rusije na Balkanu te izboru novog visokog predstavnika u BiH.<\/p>\n<p><strong>Ameri\u010dki predsjednik Joe Biden nedavno je izdao izvr\u0161nu uredbu o sankcijama osobama koje destabiliziraju Zapadni Balkan. Kakav efekat ova odluka mo\u017ee imati u regiji?<\/strong><\/p>\n<p>Ovo je potencijalno veoma zna\u010dajno, jer ova uredba predstavlja nastavak ranije izvr\u0161ne uredbe, ne samo njeno obnavljanje nego \u0161irenje, i vjerujem da je ona do\u0161la u zna\u010dajno vrijeme \u2013 uo\u010di svih samita u Evropi, NATO i EU samita, sastanka predstavnika Kosova i Srbije u Briselu te sastanka sa ruskim predsjednikom Vladimirom Putinom. Ona se odnosi uglavnom na korupciju, ali i na po\u0161tovanje mirovnih ugovora i sveukupnog demokratskog procesa. Do\u0161la je nakon \u0161to su sankcije uvedene biv\u0161em albanskom predsjedniku Saliju Berishi. Ameri\u010dki ambasador u Albaniji odmah je objavio Bidenovu odluku na Twitteru. To sam protuma\u010dio na na\u010din da je ovo neka vrsta signala, mo\u017eda premijeru Ediju Rami. Predsjednik Biden i dr\u017eavni sekretar Antony Blinken izrazili su svoju odlu\u010dnost. Korupcija je pitanje na koje su se oni fokusirali. Predsjednik Biden je ovo pitanje ozbiljno postavio kao predsjedni\u010dki kandidat, a to je povezano sa \u0161irim strate\u0161kim ciljevima koji se ti\u010du Kine i Rusije, dakle ne radi se samo o Balkanu. Najbitnije je pitanje kako \u0107e ovo biti primijenjeno u slu\u010daju Srbije, jer do sada je politika koja je po\u010dela sa Trumpovom administracijom bila ne samo da se ignori\u0161e problem korupcije u Srbiji, nego i da se vlada Srbije hvali. Kakav \u0107e pristup SAD-a biti prema Srbiji, za mene je najve\u0107e pitanje.<\/p>\n<p><strong>U svojoj kolumni za Foreign Policy primijetili ste da Zapad zanemaruje i okre\u0107e glavu od korupcije u Srbiji, hvale\u0107i je kao \u201cpoliti\u010dkog i ekonomskog lidera u regiji\u201d, a razlog za to je \u0161to pet zemalja \u010dlanica EU ne priznaje Kosovo. \u0160ta bi se desilo da ove zemlje, ili barem neke od njih, priznaju Kosovo i kako bi se to reflektiralo na cijelu regiju?<\/strong><\/p>\n<p>To je svakako povezano i to ste dobro primijetili. SAD i EU su imali veoma blag stav prema Srbiji zbog Kosova. Ljudi u Bosni i Hercegovini bi trebali biti svjesni da se ovdje ne radi samo o Kosovu, nego to komplikuje i situaciju i u BiH i u Crnoj Gori. Ako je Zapad blag prema Beogradu kada je u pitanju Kosovo, to zna\u010di da je blag prema Beogradu i u vezi BiH. Milorad Dodik je pod sankcijama cijelo ovo vrijeme, ali ne vidimo da je to donijelo neke promjene. Za\u0161to? Moj odgovor je zbog Kosova, odnosno zapadne slabosti kada je Srbija u pitanju, budu\u0107i da se politika Beograda prema BiH koordinira sa Banjom Lukom.<\/p>\n<p>Ne samo da ne postoji kritika zbog korupcije, nego se Srbija hvali, \u010dak i ameri\u010dki zvani\u010dnici koriste problemati\u010dnu frazu i zovu Srbiju \u201cekonomskim i politi\u010dkim liderom u regiji\u201d. To je veoma problemati\u010dno a sve zbog zapadne slabosti. Za\u0161to se to de\u0161ava? Ljudi misli da je Srbija ve\u0107a dr\u017eava, Kosovo je manja dr\u017eava, Kosovo je nekad bila provincija Srbije, Rusija i Kina imaju mo\u0107 veta u Vije\u0107u sigurnosti UN-a i koriste ga u korist Srbije \u2013 ali ni\u0161ta od toga nije razlog. Razlog je taj \u0161to pet zemalja EU, odnosno \u010detiri zemlje koje su \u010dlanice NATO-a jer Kipar to nije, ne priznaju Kosovo. To je razlog blagog stava i ako se pitate za\u0161to Balkan jo\u0161 uvijek ima sve ove probleme sa Kosovom, Republikom Srpskom i sada sa Crnom Gorom, to je razlog, jer \u010dak ako \u010detiri od ovih pet zemalja, ako se isklju\u010di Kipar, prizna Kosovo, a to su \u0160panija, Slova\u010dka, Gr\u010dka i Rumunija, ako samo te zemlje to urade, regija bi bila transformisana.<\/p>\n<p>Za\u0161to? Jer bi Kosovo tada moglo u\u0107i u NATO i Srbija ne bi to mogla blokirati. Odjednom bi ovaj ruski i kineski veto u UN-u bio bezna\u010dajan, jer \u010dak i ako Kosovo ne bi bio \u010dlanica EU, bio bio \u010dlanica NATO-a. Strategija Srbije bi bila u potpunosti beskorisna. Vu\u010di\u0107ev re\u017eim ne bi vi\u0161e mogao dr\u017eati Kosovo u izolaciji, a onda bi se Srbija kona\u010dno morala suo\u010diti sa pitanjem: \u2018\u0160ta \u0107emo uraditi? Ne mo\u017eemo vi\u0161e blokirati Kosovo, \u0161to zna\u010di da ne mo\u017eemo vi\u0161e koristiti RS u svoju korist, u nekoj vrsti trgovine, i govoriti ako priznaju Kosovo onda nama ide RS.\u2019 Toga vi\u0161e nema. Onda Srbija mo\u017ee re\u0107i: \u2018Rusija i Kina nam mogu davati oru\u017eja koliko \u017eele, ali jednom kada je Kosovo u NATO-u to je beskorisno, jer ne\u0107emo napasti Kosovo, to se ne mo\u017ee desiti.\u2019 Tako da bi se Srbija napokon morala suo\u010diti sa pitanjem koje je klju\u010dno za Balkan i sve zemlje \u2013 da li je Srbija sa Zapadom ili je Srbija sa Rusijom i Kinom? Oni bi tada morali izabrati, a prema mom mi\u0161ljenju jedino bi mogli izabrati Zapad, jer Rusija i Kina ne mogu zamijeniti ekonomski ili vojno ono \u0161to Zapad nudi. Kina se ekonomski ne mo\u017ee porediti sa EU, a Rusija se vojno ne mo\u017ee porediti sa NATO-om.<\/p>\n<p>Me\u0111utim, sve dok ove zemlje EU dr\u017ee pitanje Kosova otvorenim, Srbija ga mo\u017ee dr\u017eati otvorenim i praviti \u0161aradu, govoriti da su zainteresovani za EU, ali ni\u0161ta ne raditi po tom pitanju, jer su u osam godina zatvorili samo dva poglavlja. Klju\u010d za cijelu regiju je pozicija ovih pet, odnosno ove \u010detiri zemlje. BiH bi bila transformisana, jer bi Srbija bila u potpuno druga\u010dijoj poziciji i njena pozicija podr\u017eavanja Dodika bi bila transformisana.<\/p>\n<p><strong>Naravno, EU ostaje podijeljen po pitanju Kosova. Generalno, kako SAD i EU mogu uskladiti svoje politike prema Zapadnom Balkanu da one bude zaista efikasne, da se reflektuju u demokratskom progresu i smanjenom utjecaju drugih sila o kojima govorite, Kine i Rusije?<\/strong><\/p>\n<p>Ja sam iznio svoj prijedlog o tome u jednom \u010dlanku pod nazivom \u2018Izlaz iz balkanske mo\u010dvare\u2019 koji je objavljen na stranici Wilson centra, gdje predla\u017eam drugi izlaz iz ovoga koji \u010dak ne zahtijeva od ovih \u010detiri, pet zemalja da priznaju Kosovo. Ju\u010der smo imali jedan doga\u0111aj na kojem su bili stru\u010dnjaci iz tri od ovih pet zemalja, iz Gr\u010dke, Rumunije i \u0160panije, i raspravljali smo o tome. Razumijem da ove zemlje ne\u0107e odmah priznati Kosovo, ali one imaju razli\u010dite pozicije po ovom pitanju.<\/p>\n<p>Gr\u010dka ima veoma konstruktivan, pozitivan pristup prema Kosovu. Jedan od stru\u010dnjaka je rekao da se taj pristup ogleda u unapre\u0111ivanju odnosa, ali bez priznanja. Ovaj primjer mogu slijediti i drugi, \u0161to bi stvorilo novu dinamiku prema Beogradu. Bez priznanja, ove zemlje mogu se slo\u017eiti da Srbija mora zaustaviti kampanju protiv priznavanja Kosova a Kosovo mora prestati promovisati ujedinjenje Kosova i Albanije, \u0161to je fer, jer se ne fokusiramo samo na Srbiju. Kosovo bi moglo u\u0107i u ni\u017ee rangirane me\u0111unarodne organizacije kao \u0161to su Interpol, UNESCO, Vije\u0107e Evrope i pro\u0161iriti svoje bilateralne odnose te tako postati vi\u0161e prihva\u0107ena zemlja u me\u0111unarodnoj areni, iako jo\u0161 ne bi mogla u\u0107i u NATO, UN ili EU. To bi stvorilo novu dinamiku u Beogradu koji bi rekao: \u2018Da, jo\u0161 uvijek Kosovo nije priznato i jo\u0161 nije u ovim ogranizacijama, ali sada je sve te\u017ee za nas da izolujemo Kosovo, i to vi\u0161e nije vrijedno, jer gubimo\u2019. Onda bi Srbija po\u010dela pregovarati ozbiljno i postigla bi, uz pomo\u0107 SAD-a i EU, dostojanstven, stabiliziraju\u0107i dogovor sa Kosovom, bez ikakvog o\u010dekivanja ili pozivanja na RS. Gra\u0111ani BiH bi trebali razumijeti da bi \u010dak problem izme\u0111u Bo\u0161njaka i Hrvata bio u potpunosti druga\u010diji, on bi bio rije\u0161en.<\/p>\n<p><strong>Mo\u017eete li objasniti na koji na\u010din bi se to desilo?<\/strong><\/p>\n<p>Ja imam dosta iskustva u BiH, radio sam tu \u0161est godina, od toga tri godine tokom rata i bio sam svugdje, bio sam u Mostaru u septembru 1993, prije nego \u0161to je Stari most sru\u0161en, nakon rata sam bio \u0161ef OSCE-a u Mostaru zatim u Br\u010dkom. Tako da mi je jako poznata situacija u zemlji, i odnosi Bo\u0161njaka i Hrvata kao i Bo\u0161njaka i Srba. Znam Liska ulicu u Mostaru gdje je groblje bo\u0161nja\u010dkih i hrvatskih \u017ertava sa po\u010detka rata, koje su ubili Srbi. Dakle, odnosi Bo\u0161njaka i Hrvata su zasebni, to nije isti odnos kao \u0161to imaju Bo\u0161njaci i Srbi. Hrvatska mo\u017ee posti\u0107i sve svoje strate\u0161ke ciljeve bez fizi\u010dkog uklju\u010divanja Hercegovine, \u0161ta god ljudi u Hercegovini \u017eeljeli. Pod ameri\u010dkim vodstvom, Hrvati i Bo\u0161njaci su bili saveznici, i njihov vojni savez je imao klju\u010dnu ulogu u zavr\u0161avanju rata \u0161to je dovelo do Dejtonskog sporazuma. Takav savez nikada nije bio mogu\u0107 izme\u0111u Srba i Bo\u0161njaka i poslije rata nikada nismo vidjeli da su se Srbi i Bo\u0161njaci u nekoj stvari ujedinili protiv Hrvata. Stvarni problem u BiH je Republika Srpska, ne Srbi, to nikada ne bih rekao, nego stvaranje RS-a, legitimizacija ovog entiteta Dejtonskim sporazumom, jer to ne funkcioni\u0161e i stvara sve uvjete za Banja Luku da odbija saradnju, a to se ne odnosi samo na Dodika, koliko god je on problemati\u010dan. Taj problem RS-a \u0107e biti rije\u0161en kada Srbija prihvati zapadni poredak. Kada Srbija ka\u017ee igra je gotova, ne mo\u017eemo imati Kosovo, to je kraj igre i za RS.<\/p>\n<p><strong>Ne bi bilo potrebe za Dejtonom 2 ili nekim drugim promjenama ure\u0111enja zemlje?<\/strong><\/p>\n<p>Ne, to je pristup koji ne zahtijeva Dejton 2, neki Marshallov plan ili \u010dak da SAD preuzme vodstvo, ni\u0161ta se od ovoga ne mora desiti. \u010cak ne treba postojati pritisak na Srbiju, ne trebaju sankcije, ne morate priznati Kosovo, ali Kosovo sada ide u me\u0111unarodne organizacije i gradi odnose. To sve mijenja u BiH. To je gotova igra za Beograd, to je kraj Milo\u0161evi\u0107eve strategije, Vulinovog \u2018srpskog sveta\u2019, Velike Srbije, Velike Albanije\u2026 Rije\u0161eno je i pitanje Hrvatske prema Bosni. Nema vi\u0161e Herceg-Bosne jednom kada RS prihvati da je u BiH. To je kraj igre i za Bo\u0161njake, jer ne\u0107e biti dominacije i demografske zloupotrebe, jer \u0107e to biti vizija svih naroda, i to \u0107e biti BiH, \u010dlanica EU i NATO-a, i vremenom \u0107e se razvijati gra\u0111anski identitet. Sve \u0107e se to desiti prirodno, ali moramo probiti ove etnonacionalne podjele a problem primarno le\u017ei u Srbiji. To je bolji pristup nego re\u0107i Beogradu da je \u201cekonomski i politi\u010dki lider u regiji\u201d.<\/p><\/div>\n<div><\/div>\n<div style=\"text-align: left;\"><strong>Kako s druge strane komentirate kritike, prvenstveno Bo\u0161njaka, o mije\u0161anju Hrvatske u unutra\u0161nje poslove BiH?<\/strong><\/p>\n<p>Mislim da je gre\u0161ka praviti analogiju izme\u0111u Hrvatske i Srbije, to su razli\u010ditie pozicije, iako ne zna\u010di da ono \u0161to radi Hrvatska nije problemati\u010dno. Postoje problemi izme\u0111u Hrvata i Bo\u0161njaka, prije svega oko izbora predstavnika hrvatskog naroda i to je legitimno pitanje i briga. To nije u duhu Dejtonskog sporazuma ili bilo kojeg mirovnog sporazuma koji imaju princip reciprociteta. Bo\u0161njaci mogu utjecati na izbor hrvatskog \u010dlana Predsjedni\u0161tva BiH, ali Hrvati to ne mogu \u0161to se ti\u010de izbora bo\u0161nja\u010dkog \u010dlana. To je problem. U isto vrijeme to nije razlog da Zagreb do\u010deka Dodika i \u010covi\u0107a na visokom nivou, da pravi zasebne infrastrukturne dogovore sa Dodikom koje zaobilaze Sarajevo. To je pogre\u0161no. Ali pogre\u0161no je i demografsko nadja\u010davanje Bo\u0161njaka.<\/p>\n<p>Bio sam prisutan u BiH u sklopu NATO-a u momentu kada je predsjednik Alija Izetbegovi\u0107 napravio kardinalnu gre\u0161ku. Dejtonskim sporazumom, op\u0107ine u sarajevskoj regiji u kojima su bili Srbi za vrijeme rata, kao \u0161to su Vogo\u0161\u0107a, Grbavica, Ilid\u017ea, pripale su Federaciji BiH, ali to nije trebalo da zna\u010di da svi ti Srbi moraju napustiti ta mjesta. Radovan Karad\u017ei\u0107 je jo\u0161 bio na vlasti na Palama i oni su tra\u017eili da svi Srbi napuste ta podru\u010dja. Alija Izetbegovi\u0107 nikada nije razgovarao sa Amerikancima ili Evropljanima i rekao: \u2018Da, njihova vlada je vodila ovaj krvavi rat, \u010dak i genocid protiv nas, dnevne borbe na Grbavici su bile neke od najgorih, oni su nas granatirali i pucali na nas, i napravili pakao od \u017eivota u Sarajevu, to znamo, ali oni su Bosanci i Sarajlije i \u017eelim da oni ostanu, zato tra\u017eim od SAD-a, NATO-a i EU-a da nam pomognu, hajde da porazimo politiku sa Pala i zadr\u017eimo ih u glavnom gradu\u2019. To je stra\u0161na gre\u0161ka bila, njegov stav je bio \u2018napolje\u2019. Sarajevo nije samo neki obi\u010dan grad, to je najve\u0107i grad, prijestolnica, srce BiH, Hrvati, Srbi i Bo\u0161njaci su trebali \u017eivjeti tu zajedno i to je bila u\u017easna strate\u0161ka pogre\u0161ka Izetbegovi\u0107a. To stvara osje\u0107aj otu\u0111enja kod Srba i Hrvata. U Sarajevu vas niko ne\u0107e povrijediti ali da li vam se \u010dini kao prijestolnica Srba, Hrvata i Bo\u0161njaka? Bio sam u NATO-u tada na Ilid\u017ei, i mogu re\u0107i sa sigurno\u0161\u0107u to je pomoglo Milo\u0161evi\u0107u, Mladi\u0107u i Karad\u017ei\u0107u da ostvare svoju viziju.<\/p><\/div>\n<div><\/div>\n<div style=\"text-align: left;\"><strong>Parlament Crne Gore je usvojio rezoluciju o genocidu u Srebrenici i smijenio ministra koji je negirao genocid. Ovo je ponovo otkrilo rascjepe u vladaju\u0107oj koaliciji u Crnoj Gori a tako\u0111er izazvalo i ljutite reakcije iz Srbije. Kako komentirate ovaj potez, budu\u0107i da ste rekli da pozicija Srbija utje\u010de i na de\u0161avanja u Crnoj Gori?<\/strong><\/p>\n<p>Sada \u0107e 26 godina od doga\u0111aja u Srebrenici. Sramotno je da se ovo pitanje politizira i negira kao \u0161to je to uradio ministar pravde Leposovi\u0107, sada biv\u0161i ministar, iako je kasnije rekao da nije to mislio, ali za\u0161to bi uop\u0161te imao takve komentare. Sve te stvari su trebale biti davno zavr\u0161ene, ali je zapravo ironija u tome \u0161to su bile na putu da se zavr\u0161e i ljudi to zaboravljaju. Bilo je to 2004. godine, kada je Dragan \u010cavi\u0107, tada predsjednik RS-a, govorio o zlo\u010dinima. Istina je da je postojao me\u0111unarodni pritisak, ali tada\u0161nji visoki predstavnik Paddy Ashdown nije napisao rije\u010di koje je \u010cavi\u0107 izgovorio i nije govorio umjesto njega. \u010cavi\u0107 je govorio na veoma emotivan na\u010din i Bo\u0161njaci su to do\u017eivjeli kao iskrenu gestu, iako rije\u010d genocid nije izre\u010dena, ali je to bio veliki korak i bilo je dobro prihva\u0107eno. Ljudi su mislili da \u0107e od tada sve i\u0107i naprijed. Parlament Srbije je 2010. imao sna\u017enu deklaraciju, nije priznao da je bio genocid, ali je priznao zlo\u010dine i me\u0111unarodno mi\u0161ljenje koje je postojalo. Me\u0111utim, onda se sve to preokrenulo, Dodik je to radio na razne na\u010dine. Pitanje priznavanja Srebrenice je uvijek bilo povezano sa progresom u BiH.<\/p>\n<p>Moram re\u0107i da je ovo za mene veoma li\u010dno pitanje, jer sam bio u BiH tokom gotovo cijelog rata, bio sam u \u017depi u julu 1995, i morao sam direktno da razgovaram sa Ratkom Mladi\u0107em, Zdravkom Tolimirom i drugim komandantima i zajedno sa kolegama da organizujem evakuaciju \u017eena, djece i ranjenih iz \u017depe. Bio sam svjedok kada je pukovnik Avdo Pali\u0107 zarobljen i odveden, bio sam svjedok u Hagu na dva su\u0111enja. Grozan je signal za cijeli Balkan da ovo pitanje nije zavr\u0161eno, trebalo se priznati to \u0161to se de\u0161avalo a ne da se koristi u politi\u010dkom diskursu. Ovo je pozitivan korak u Crnoj Gori, ali naravno pravi korak se treba desiti u Beogradu, jer kada to Beograd prihvati to \u0107e se desiti u Banjoj Luci.<\/p>\n<p>Ovo ne zna\u010di da su samo Srbi odgovorni, da Bo\u0161njaci, Hrvati, Crnogorci ili Albanci nisu imali odgovornost, ali zna\u010di da ako \u017eelimo imati napredak da se rije\u0161e ova pitanja \u2013 moramo imati napredak u Srbiji. Vidimo da se ti problemi rije\u0161avaju, Albanci i Makedonci ih rije\u0161avaju, kao i Grci i Makedonci, ali ne\u0107e biti rije\u0161ivi sve dok u Srbiji postoji revizionisti\u010dka vlada koja odbija zapadne vrijednosti a promovi\u0161e ruske i kineske vrijednosti. Ne\u0107e biti progresa.<\/p>\n<p><strong>\u0160ta onda mislite o kritikama da je mije\u0161anje Srbije u druge zemlje u regiji dio \u0161irenja utjecaja Rusije na Zapadnom Balkanu?<\/strong><\/p>\n<p>Rekao bih da se to de\u0161ava paralelno sa ruskim utjecajem i bio bih veoma oprezan u kori\u0161tenju rije\u010di \u0161irenje ruskog utjecaja. Mislim da je to pogre\u0161no jer se time odaje dojam da je Srbija u ne\u010dijem zato\u010deni\u0161tvu a to nije istina. Srbija je suverena dr\u017eava, Aleksandar Vu\u010di\u0107 ljubi kinesku zastavu, a niko mu nije to rekao, niko ga nije natjerao, a to govori o njegovim vrijednostima. Nedavno je jedan evropski ministar rekao da se Srbijom manipuli\u0161e. To nije istina, ne sla\u017eem se s tim i to je uvreda za Srbiju, jer pretpostavlja da nije suverena dr\u017eava, da je neko vara, da su Vu\u010di\u0107 i njegova vlada nesvjesni da ih neko manipuli\u0161e. To se ne de\u0161ava, je Srbija je sposobna i suverena dr\u017eava i sama bira da potkopava suverenitet Crne Gore, uporedo sa Rusijom. To je veoma va\u017eno re\u0107i, to je izbor, oni su izabrali tu igru, u BiH su izabrali tu igru sa Dodikom. Dodik ka\u017ee \u2018mi \u0107emo se otcijepiti\u2019, a onda Vu\u010di\u0107 ka\u017ee \u2018mi po\u0161tujemo BiH\u2019, ali ni\u0161ta ne uradi da poka\u017ee Dodiku da po\u0161tuje BiH. To je \u0161arada.<\/p>\n<p><strong>Kada govorimo u Rusiji, uskoro \u0107e Valentina Inzka na mjestu visokog predstavnika u BiH zamijeniti Christian Schmidt, uprkos njenom protivljenju kao \u010dlanice Vije\u0107a za provedbu mira (PIC). Mo\u017ee li se o\u010dekivati da \u0107e se Moskva \u2018osvetiti\u2019 za ovo te da \u0107e koristiti pravo veta u Vije\u0107u sigurnosti UN-a kada se bude glasalo o produ\u017eenju mandata EUFOR-a u BiH?<\/strong><\/p>\n<p>Ne\u0107u pretpostavljati \u0161ta \u0107e Rusija uraditi, imam svoje predvi\u0111anje, ali analiti\u010dari ponekad ne bi trebali predvi\u0111ati \u0161ta \u0107e se desiti, jer to mogu drugi \u2018pokupiti\u2019 i mo\u017eete stvoriti odre\u0111enu dinamiku. Samo \u0107u re\u0107i da je interes Rusije u regiji da bude prepreka i da bude problem. Putin razumije da postoje posljedice za odre\u0111ena djela i pitanje je da li Kremlj \u017eeli da plati takvu cijenu. Ne\u0107u predvi\u0111ati, ali se nadam da Rusi ne\u0107e to uraditi, jer bi postojale sigurnosne posljedice koje bi mogle krenuti od toga i mogu re\u0107i da \u0107e Rusija sigurno biti odgovorna za to.<\/p>\n<p>Izvor: <a href=\"https:\/\/balkans.aljazeera.net\/teme\/2021\/6\/27\/joseph-balkan-ce-postati-stabilan-kada-srbija-prihvati-zapadni-poredak?fbclid=IwAR0pC3mZ1PZpXFSJn5hUSIOTmhAJ4uEDGyl0CqPpyAmL_EA3T3EPOQqEAKw\" target=\"_blank\" rel=\"noopener\">Al Jazeera<\/a><\/div>\n","protected":false},"excerpt":{"rendered":"<p>Profesor na ameri\u010dkom Univerzitetu Johns Hopkins sa dugogodi\u0161njim radnim iskustvom na Balkanu u intervju za&hellip;<\/p>\n","protected":false},"author":2,"featured_media":140309,"comment_status":"open","ping_status":"closed","sticky":false,"template":"","format":"standard","meta":{"_acf_changed":false,"footnotes":""},"categories":[16],"tags":[1746,1533],"acf":[],"yoast_head":"<!-- This site is optimized with the Yoast SEO plugin v23.5 - https:\/\/yoast.com\/wordpress\/plugins\/seo\/ -->\n<title>Edward P. Joseph: Stabilan Balkan je mogu\u0107 kad Zapad promijeni blagi stav prema Srbiji - TuzlaInfo.ba<\/title>\n<meta name=\"robots\" content=\"index, follow, max-snippet:-1, max-image-preview:large, max-video-preview:-1\" \/>\n<link rel=\"canonical\" href=\"https:\/\/tuzlainfo.ba\/index.php\/clanci\/sa-svih-strana\/item\/140308-edward-p-joseph-stabilan-balkan-je-moguc-kad-zapad-promijeni-blagi-stav-prema-srbiji\/\" \/>\n<meta property=\"og:locale\" content=\"bs_BA\" \/>\n<meta property=\"og:type\" content=\"article\" \/>\n<meta property=\"og:title\" content=\"Edward P. Joseph: Stabilan Balkan je mogu\u0107 kad Zapad promijeni blagi stav prema Srbiji - TuzlaInfo.ba\" \/>\n<meta property=\"og:description\" content=\"Profesor na ameri\u010dkom Univerzitetu Johns Hopkins sa dugogodi\u0161njim radnim iskustvom na Balkanu u intervju za&hellip;\" \/>\n<meta property=\"og:url\" content=\"https:\/\/tuzlainfo.ba\/index.php\/clanci\/sa-svih-strana\/item\/140308-edward-p-joseph-stabilan-balkan-je-moguc-kad-zapad-promijeni-blagi-stav-prema-srbiji\/\" \/>\n<meta property=\"og:site_name\" content=\"TuzlaInfo.ba\" \/>\n<meta property=\"article:publisher\" content=\"https:\/\/www.facebook.com\/tuzlainfo.ba\/\" \/>\n<meta property=\"article:published_time\" content=\"2021-06-27T11:16:07+00:00\" \/>\n<meta property=\"og:image\" content=\"https:\/\/tuzlainfo.ba\/wp-content\/uploads\/2021\/06\/2706_joseph.jpg\" \/>\n\t<meta property=\"og:image:width\" content=\"800\" \/>\n\t<meta property=\"og:image:height\" content=\"588\" \/>\n\t<meta property=\"og:image:type\" content=\"image\/jpeg\" \/>\n<meta name=\"author\" content=\"nedim\" \/>\n<meta name=\"twitter:card\" content=\"summary_large_image\" \/>\n<meta name=\"twitter:label1\" content=\"Written by\" \/>\n\t<meta name=\"twitter:data1\" content=\"nedim\" \/>\n\t<meta name=\"twitter:label2\" content=\"Est. reading time\" \/>\n\t<meta name=\"twitter:data2\" content=\"17 minuta\" \/>\n<script type=\"application\/ld+json\" class=\"yoast-schema-graph\">{\"@context\":\"https:\/\/schema.org\",\"@graph\":[{\"@type\":\"Article\",\"@id\":\"https:\/\/tuzlainfo.ba\/index.php\/clanci\/sa-svih-strana\/item\/140308-edward-p-joseph-stabilan-balkan-je-moguc-kad-zapad-promijeni-blagi-stav-prema-srbiji\/#article\",\"isPartOf\":{\"@id\":\"https:\/\/tuzlainfo.ba\/index.php\/clanci\/sa-svih-strana\/item\/140308-edward-p-joseph-stabilan-balkan-je-moguc-kad-zapad-promijeni-blagi-stav-prema-srbiji\/\"},\"author\":{\"name\":\"nedim\",\"@id\":\"https:\/\/tuzlainfo.ba\/#\/schema\/person\/f434e20dc27ea133923aab08451b7f7f\"},\"headline\":\"Edward P. Joseph: Stabilan Balkan je mogu\u0107 kad Zapad promijeni blagi stav prema Srbiji\",\"datePublished\":\"2021-06-27T11:16:07+00:00\",\"dateModified\":\"2021-06-27T11:16:07+00:00\",\"mainEntityOfPage\":{\"@id\":\"https:\/\/tuzlainfo.ba\/index.php\/clanci\/sa-svih-strana\/item\/140308-edward-p-joseph-stabilan-balkan-je-moguc-kad-zapad-promijeni-blagi-stav-prema-srbiji\/\"},\"wordCount\":3482,\"commentCount\":0,\"publisher\":{\"@id\":\"https:\/\/tuzlainfo.ba\/#organization\"},\"image\":{\"@id\":\"https:\/\/tuzlainfo.ba\/index.php\/clanci\/sa-svih-strana\/item\/140308-edward-p-joseph-stabilan-balkan-je-moguc-kad-zapad-promijeni-blagi-stav-prema-srbiji\/#primaryimage\"},\"thumbnailUrl\":\"https:\/\/tuzlainfo.ba\/wp-content\/uploads\/2021\/06\/2706_joseph.jpg\",\"keywords\":[\"Edward P. Joseph\",\"joe biden\"],\"articleSection\":[\"Sa svih strana\"],\"inLanguage\":\"bs-BA\"},{\"@type\":\"WebPage\",\"@id\":\"https:\/\/tuzlainfo.ba\/index.php\/clanci\/sa-svih-strana\/item\/140308-edward-p-joseph-stabilan-balkan-je-moguc-kad-zapad-promijeni-blagi-stav-prema-srbiji\/\",\"url\":\"https:\/\/tuzlainfo.ba\/index.php\/clanci\/sa-svih-strana\/item\/140308-edward-p-joseph-stabilan-balkan-je-moguc-kad-zapad-promijeni-blagi-stav-prema-srbiji\/\",\"name\":\"Edward P. Joseph: Stabilan Balkan je mogu\u0107 kad Zapad promijeni blagi stav prema Srbiji - TuzlaInfo.ba\",\"isPartOf\":{\"@id\":\"https:\/\/tuzlainfo.ba\/#website\"},\"primaryImageOfPage\":{\"@id\":\"https:\/\/tuzlainfo.ba\/index.php\/clanci\/sa-svih-strana\/item\/140308-edward-p-joseph-stabilan-balkan-je-moguc-kad-zapad-promijeni-blagi-stav-prema-srbiji\/#primaryimage\"},\"image\":{\"@id\":\"https:\/\/tuzlainfo.ba\/index.php\/clanci\/sa-svih-strana\/item\/140308-edward-p-joseph-stabilan-balkan-je-moguc-kad-zapad-promijeni-blagi-stav-prema-srbiji\/#primaryimage\"},\"thumbnailUrl\":\"https:\/\/tuzlainfo.ba\/wp-content\/uploads\/2021\/06\/2706_joseph.jpg\",\"datePublished\":\"2021-06-27T11:16:07+00:00\",\"dateModified\":\"2021-06-27T11:16:07+00:00\",\"breadcrumb\":{\"@id\":\"https:\/\/tuzlainfo.ba\/index.php\/clanci\/sa-svih-strana\/item\/140308-edward-p-joseph-stabilan-balkan-je-moguc-kad-zapad-promijeni-blagi-stav-prema-srbiji\/#breadcrumb\"},\"inLanguage\":\"bs-BA\",\"potentialAction\":[{\"@type\":\"ReadAction\",\"target\":[\"https:\/\/tuzlainfo.ba\/index.php\/clanci\/sa-svih-strana\/item\/140308-edward-p-joseph-stabilan-balkan-je-moguc-kad-zapad-promijeni-blagi-stav-prema-srbiji\/\"]}]},{\"@type\":\"ImageObject\",\"inLanguage\":\"bs-BA\",\"@id\":\"https:\/\/tuzlainfo.ba\/index.php\/clanci\/sa-svih-strana\/item\/140308-edward-p-joseph-stabilan-balkan-je-moguc-kad-zapad-promijeni-blagi-stav-prema-srbiji\/#primaryimage\",\"url\":\"https:\/\/tuzlainfo.ba\/wp-content\/uploads\/2021\/06\/2706_joseph.jpg\",\"contentUrl\":\"https:\/\/tuzlainfo.ba\/wp-content\/uploads\/2021\/06\/2706_joseph.jpg\",\"width\":800,\"height\":588},{\"@type\":\"BreadcrumbList\",\"@id\":\"https:\/\/tuzlainfo.ba\/index.php\/clanci\/sa-svih-strana\/item\/140308-edward-p-joseph-stabilan-balkan-je-moguc-kad-zapad-promijeni-blagi-stav-prema-srbiji\/#breadcrumb\",\"itemListElement\":[{\"@type\":\"ListItem\",\"position\":1,\"name\":\"Home\",\"item\":\"https:\/\/tuzlainfo.ba\/\"},{\"@type\":\"ListItem\",\"position\":2,\"name\":\"Edward P. Joseph: Stabilan Balkan je mogu\u0107 kad Zapad promijeni blagi stav prema Srbiji\"}]},{\"@type\":\"WebSite\",\"@id\":\"https:\/\/tuzlainfo.ba\/#website\",\"url\":\"https:\/\/tuzlainfo.ba\/\",\"name\":\"TuzlaInfo.ba\",\"description\":\"Tuzla info, gradski informator - Tuzla na dlanu\",\"publisher\":{\"@id\":\"https:\/\/tuzlainfo.ba\/#organization\"},\"potentialAction\":[{\"@type\":\"SearchAction\",\"target\":{\"@type\":\"EntryPoint\",\"urlTemplate\":\"https:\/\/tuzlainfo.ba\/?s={search_term_string}\"},\"query-input\":{\"@type\":\"PropertyValueSpecification\",\"valueRequired\":true,\"valueName\":\"search_term_string\"}}],\"inLanguage\":\"bs-BA\"},{\"@type\":\"Organization\",\"@id\":\"https:\/\/tuzlainfo.ba\/#organization\",\"name\":\"TuzlaInfo.ba\",\"url\":\"https:\/\/tuzlainfo.ba\/\",\"logo\":{\"@type\":\"ImageObject\",\"inLanguage\":\"bs-BA\",\"@id\":\"https:\/\/tuzlainfo.ba\/#\/schema\/logo\/image\/\",\"url\":\"https:\/\/tuzlainfo.ba\/wp-content\/uploads\/2021\/03\/logo-ver-3-1.png\",\"contentUrl\":\"https:\/\/tuzlainfo.ba\/wp-content\/uploads\/2021\/03\/logo-ver-3-1.png\",\"width\":350,\"height\":95,\"caption\":\"TuzlaInfo.ba\"},\"image\":{\"@id\":\"https:\/\/tuzlainfo.ba\/#\/schema\/logo\/image\/\"},\"sameAs\":[\"https:\/\/www.facebook.com\/tuzlainfo.ba\/\"]},{\"@type\":\"Person\",\"@id\":\"https:\/\/tuzlainfo.ba\/#\/schema\/person\/f434e20dc27ea133923aab08451b7f7f\",\"name\":\"nedim\",\"image\":{\"@type\":\"ImageObject\",\"inLanguage\":\"bs-BA\",\"@id\":\"https:\/\/tuzlainfo.ba\/#\/schema\/person\/image\/\",\"url\":\"https:\/\/tuzlainfo.ba\/wp-content\/litespeed\/avatar\/aabad687af24844af817603ac1cbdc4f.jpg?ver=1777306975\",\"contentUrl\":\"https:\/\/tuzlainfo.ba\/wp-content\/litespeed\/avatar\/aabad687af24844af817603ac1cbdc4f.jpg?ver=1777306975\",\"caption\":\"nedim\"},\"description\":\"Tuzlainfo.ba pratite na dru\u0161tvenim mre\u017eama: Facebook, Instagram i Youtube. Svoje pri\u010de, upite i fotografije \u0161aljite na na\u0161u e-mail adresu.\"}]}<\/script>\n<!-- \/ Yoast SEO plugin. -->","yoast_head_json":{"title":"Edward P. Joseph: Stabilan Balkan je mogu\u0107 kad Zapad promijeni blagi stav prema Srbiji - TuzlaInfo.ba","robots":{"index":"index","follow":"follow","max-snippet":"max-snippet:-1","max-image-preview":"max-image-preview:large","max-video-preview":"max-video-preview:-1"},"canonical":"https:\/\/tuzlainfo.ba\/index.php\/clanci\/sa-svih-strana\/item\/140308-edward-p-joseph-stabilan-balkan-je-moguc-kad-zapad-promijeni-blagi-stav-prema-srbiji\/","og_locale":"bs_BA","og_type":"article","og_title":"Edward P. Joseph: Stabilan Balkan je mogu\u0107 kad Zapad promijeni blagi stav prema Srbiji - TuzlaInfo.ba","og_description":"Profesor na ameri\u010dkom Univerzitetu Johns Hopkins sa dugogodi\u0161njim radnim iskustvom na Balkanu u intervju za&hellip;","og_url":"https:\/\/tuzlainfo.ba\/index.php\/clanci\/sa-svih-strana\/item\/140308-edward-p-joseph-stabilan-balkan-je-moguc-kad-zapad-promijeni-blagi-stav-prema-srbiji\/","og_site_name":"TuzlaInfo.ba","article_publisher":"https:\/\/www.facebook.com\/tuzlainfo.ba\/","article_published_time":"2021-06-27T11:16:07+00:00","og_image":[{"width":800,"height":588,"url":"https:\/\/tuzlainfo.ba\/wp-content\/uploads\/2021\/06\/2706_joseph.jpg","type":"image\/jpeg"}],"author":"nedim","twitter_card":"summary_large_image","twitter_misc":{"Written by":"nedim","Est. reading time":"17 minuta"},"schema":{"@context":"https:\/\/schema.org","@graph":[{"@type":"Article","@id":"https:\/\/tuzlainfo.ba\/index.php\/clanci\/sa-svih-strana\/item\/140308-edward-p-joseph-stabilan-balkan-je-moguc-kad-zapad-promijeni-blagi-stav-prema-srbiji\/#article","isPartOf":{"@id":"https:\/\/tuzlainfo.ba\/index.php\/clanci\/sa-svih-strana\/item\/140308-edward-p-joseph-stabilan-balkan-je-moguc-kad-zapad-promijeni-blagi-stav-prema-srbiji\/"},"author":{"name":"nedim","@id":"https:\/\/tuzlainfo.ba\/#\/schema\/person\/f434e20dc27ea133923aab08451b7f7f"},"headline":"Edward P. Joseph: Stabilan Balkan je mogu\u0107 kad Zapad promijeni blagi stav prema Srbiji","datePublished":"2021-06-27T11:16:07+00:00","dateModified":"2021-06-27T11:16:07+00:00","mainEntityOfPage":{"@id":"https:\/\/tuzlainfo.ba\/index.php\/clanci\/sa-svih-strana\/item\/140308-edward-p-joseph-stabilan-balkan-je-moguc-kad-zapad-promijeni-blagi-stav-prema-srbiji\/"},"wordCount":3482,"commentCount":0,"publisher":{"@id":"https:\/\/tuzlainfo.ba\/#organization"},"image":{"@id":"https:\/\/tuzlainfo.ba\/index.php\/clanci\/sa-svih-strana\/item\/140308-edward-p-joseph-stabilan-balkan-je-moguc-kad-zapad-promijeni-blagi-stav-prema-srbiji\/#primaryimage"},"thumbnailUrl":"https:\/\/tuzlainfo.ba\/wp-content\/uploads\/2021\/06\/2706_joseph.jpg","keywords":["Edward P. Joseph","joe biden"],"articleSection":["Sa svih strana"],"inLanguage":"bs-BA"},{"@type":"WebPage","@id":"https:\/\/tuzlainfo.ba\/index.php\/clanci\/sa-svih-strana\/item\/140308-edward-p-joseph-stabilan-balkan-je-moguc-kad-zapad-promijeni-blagi-stav-prema-srbiji\/","url":"https:\/\/tuzlainfo.ba\/index.php\/clanci\/sa-svih-strana\/item\/140308-edward-p-joseph-stabilan-balkan-je-moguc-kad-zapad-promijeni-blagi-stav-prema-srbiji\/","name":"Edward P. Joseph: Stabilan Balkan je mogu\u0107 kad Zapad promijeni blagi stav prema Srbiji - TuzlaInfo.ba","isPartOf":{"@id":"https:\/\/tuzlainfo.ba\/#website"},"primaryImageOfPage":{"@id":"https:\/\/tuzlainfo.ba\/index.php\/clanci\/sa-svih-strana\/item\/140308-edward-p-joseph-stabilan-balkan-je-moguc-kad-zapad-promijeni-blagi-stav-prema-srbiji\/#primaryimage"},"image":{"@id":"https:\/\/tuzlainfo.ba\/index.php\/clanci\/sa-svih-strana\/item\/140308-edward-p-joseph-stabilan-balkan-je-moguc-kad-zapad-promijeni-blagi-stav-prema-srbiji\/#primaryimage"},"thumbnailUrl":"https:\/\/tuzlainfo.ba\/wp-content\/uploads\/2021\/06\/2706_joseph.jpg","datePublished":"2021-06-27T11:16:07+00:00","dateModified":"2021-06-27T11:16:07+00:00","breadcrumb":{"@id":"https:\/\/tuzlainfo.ba\/index.php\/clanci\/sa-svih-strana\/item\/140308-edward-p-joseph-stabilan-balkan-je-moguc-kad-zapad-promijeni-blagi-stav-prema-srbiji\/#breadcrumb"},"inLanguage":"bs-BA","potentialAction":[{"@type":"ReadAction","target":["https:\/\/tuzlainfo.ba\/index.php\/clanci\/sa-svih-strana\/item\/140308-edward-p-joseph-stabilan-balkan-je-moguc-kad-zapad-promijeni-blagi-stav-prema-srbiji\/"]}]},{"@type":"ImageObject","inLanguage":"bs-BA","@id":"https:\/\/tuzlainfo.ba\/index.php\/clanci\/sa-svih-strana\/item\/140308-edward-p-joseph-stabilan-balkan-je-moguc-kad-zapad-promijeni-blagi-stav-prema-srbiji\/#primaryimage","url":"https:\/\/tuzlainfo.ba\/wp-content\/uploads\/2021\/06\/2706_joseph.jpg","contentUrl":"https:\/\/tuzlainfo.ba\/wp-content\/uploads\/2021\/06\/2706_joseph.jpg","width":800,"height":588},{"@type":"BreadcrumbList","@id":"https:\/\/tuzlainfo.ba\/index.php\/clanci\/sa-svih-strana\/item\/140308-edward-p-joseph-stabilan-balkan-je-moguc-kad-zapad-promijeni-blagi-stav-prema-srbiji\/#breadcrumb","itemListElement":[{"@type":"ListItem","position":1,"name":"Home","item":"https:\/\/tuzlainfo.ba\/"},{"@type":"ListItem","position":2,"name":"Edward P. Joseph: Stabilan Balkan je mogu\u0107 kad Zapad promijeni blagi stav prema Srbiji"}]},{"@type":"WebSite","@id":"https:\/\/tuzlainfo.ba\/#website","url":"https:\/\/tuzlainfo.ba\/","name":"TuzlaInfo.ba","description":"Tuzla info, gradski informator - Tuzla na dlanu","publisher":{"@id":"https:\/\/tuzlainfo.ba\/#organization"},"potentialAction":[{"@type":"SearchAction","target":{"@type":"EntryPoint","urlTemplate":"https:\/\/tuzlainfo.ba\/?s={search_term_string}"},"query-input":{"@type":"PropertyValueSpecification","valueRequired":true,"valueName":"search_term_string"}}],"inLanguage":"bs-BA"},{"@type":"Organization","@id":"https:\/\/tuzlainfo.ba\/#organization","name":"TuzlaInfo.ba","url":"https:\/\/tuzlainfo.ba\/","logo":{"@type":"ImageObject","inLanguage":"bs-BA","@id":"https:\/\/tuzlainfo.ba\/#\/schema\/logo\/image\/","url":"https:\/\/tuzlainfo.ba\/wp-content\/uploads\/2021\/03\/logo-ver-3-1.png","contentUrl":"https:\/\/tuzlainfo.ba\/wp-content\/uploads\/2021\/03\/logo-ver-3-1.png","width":350,"height":95,"caption":"TuzlaInfo.ba"},"image":{"@id":"https:\/\/tuzlainfo.ba\/#\/schema\/logo\/image\/"},"sameAs":["https:\/\/www.facebook.com\/tuzlainfo.ba\/"]},{"@type":"Person","@id":"https:\/\/tuzlainfo.ba\/#\/schema\/person\/f434e20dc27ea133923aab08451b7f7f","name":"nedim","image":{"@type":"ImageObject","inLanguage":"bs-BA","@id":"https:\/\/tuzlainfo.ba\/#\/schema\/person\/image\/","url":"https:\/\/tuzlainfo.ba\/wp-content\/litespeed\/avatar\/aabad687af24844af817603ac1cbdc4f.jpg?ver=1777306975","contentUrl":"https:\/\/tuzlainfo.ba\/wp-content\/litespeed\/avatar\/aabad687af24844af817603ac1cbdc4f.jpg?ver=1777306975","caption":"nedim"},"description":"Tuzlainfo.ba pratite na dru\u0161tvenim mre\u017eama: Facebook, Instagram i Youtube. Svoje pri\u010de, upite i fotografije \u0161aljite na na\u0161u e-mail adresu."}]}},"_links":{"self":[{"href":"https:\/\/tuzlainfo.ba\/index.php\/wp-json\/wp\/v2\/posts\/140308"}],"collection":[{"href":"https:\/\/tuzlainfo.ba\/index.php\/wp-json\/wp\/v2\/posts"}],"about":[{"href":"https:\/\/tuzlainfo.ba\/index.php\/wp-json\/wp\/v2\/types\/post"}],"author":[{"embeddable":true,"href":"https:\/\/tuzlainfo.ba\/index.php\/wp-json\/wp\/v2\/users\/2"}],"replies":[{"embeddable":true,"href":"https:\/\/tuzlainfo.ba\/index.php\/wp-json\/wp\/v2\/comments?post=140308"}],"version-history":[{"count":0,"href":"https:\/\/tuzlainfo.ba\/index.php\/wp-json\/wp\/v2\/posts\/140308\/revisions"}],"wp:featuredmedia":[{"embeddable":true,"href":"https:\/\/tuzlainfo.ba\/index.php\/wp-json\/wp\/v2\/media\/140309"}],"wp:attachment":[{"href":"https:\/\/tuzlainfo.ba\/index.php\/wp-json\/wp\/v2\/media?parent=140308"}],"wp:term":[{"taxonomy":"category","embeddable":true,"href":"https:\/\/tuzlainfo.ba\/index.php\/wp-json\/wp\/v2\/categories?post=140308"},{"taxonomy":"post_tag","embeddable":true,"href":"https:\/\/tuzlainfo.ba\/index.php\/wp-json\/wp\/v2\/tags?post=140308"}],"curies":[{"name":"wp","href":"https:\/\/api.w.org\/{rel}","templated":true}]}}