{"id":140102,"date":"2021-06-23T16:00:26","date_gmt":"2021-06-23T14:00:26","guid":{"rendered":"https:\/\/tuzlainfo.ba\/?p=140102"},"modified":"2021-06-23T10:50:06","modified_gmt":"2021-06-23T08:50:06","slug":"nub-dervis-susic-tuzla-odrzana-promocija-knjige-ne-osvrci-se-lajla","status":"publish","type":"post","link":"https:\/\/tuzlainfo.ba\/index.php\/novosti\/item\/140102-nub-dervis-susic-tuzla-odrzana-promocija-knjige-ne-osvrci-se-lajla\/","title":{"rendered":"NUB \u201eDervi\u0161 Su\u0161i\u0107\u201c Tuzla: Odr\u017eana promocija knjige \u201eNe osvr\u0107i se Lajla\u201c"},"content":{"rendered":"<p>Sino\u0107 je u Biblioteci &#8220;Dervi\u0161 Su\u0161i\u0107&#8221; Tuzla odr\u017eana promocija knjige &#8220;Ne osvr\u0107i se Lajla&#8221;, autora Mirsada Mustafi\u0107a.<\/p>\n<p>O knjizi su govorili: prof.dr. Izet \u0160aboti\u0107, doc.dr. Nuruddina Agovi\u0107, mr.Alija Mrkonji\u0107 i moderatorica prof.Larisa \u0106ustendil.<\/p>\n<p>Knjiga &#8220;Ne osvr\u0107i se Lajla&#8221;, sedamnaesto je po redu prozno djelo koje nam je darovao knji\u017eevnik Mirsad Mustafi\u0107. Kao i sva ranije Mustafi\u0107eva djela, i ovaj roman je pro\u017eet \u017eivotnom pri\u010dom nekoliko likova koji svoje porijeklo ve\u017eu za njegov rodni grad na istoku Bosne, kao i vrijeme zbivanja radnje koje obuhvata razdoblje uo\u010di agresije, otpor doma\u0107eg stanovni\u0161tva, trogodi\u0161nju opsadu Srebrenice, koja uklju\u010duje vrijeme predaje oru\u017eja snagama UN-a, i na kraju kako to na vi\u0161e mjesta pisac poentira, tragi\u010dno &#8220;finale&#8221;.<\/p>\n<p>Profesor dr.Izet \u0160aboti\u0107 u svom obra\u0107anju prisutnima isti\u010de da se romani i knjige knji\u017eevnika Mirsada Mustafi\u0107a \u010ditaju u jednom dahu, ali je o njima te\u0161ko govoriti, te\u0161ko ih je recenzirati i predstavljati. Jer sve \u0161to se o istim ka\u017ee to je malo u odnosu na ono \u0161to one u sebi nose, kao knji\u017eevno djelo.<\/p>\n<p><em>&#8211; Ovdje se misli ne samo na prezentovane sadr\u017eaje u knjigama, ve\u0107 na dubinu autorovog promi\u0161ljanja, te posebno na pouku koju nose njegove knjige. Sve ovo je va\u017eno i zbog \u010dinjenice da su Mirsadove knjige sadr\u017eajno vezane za Srebrenicu. Srebrenica je Mirsadova \u010de\u017enja i radost, patnja i neizbje\u017ena bol. Otuda u njemu i toliko snage i knji\u017eevne mo\u0107i, da nam na jedan posve prihvatljiv na\u010din predstavi te\u0161ke teme vezane za Srebrenicu<\/em>, kazao je \u0160aboti\u0107.<\/p>\n","protected":false},"excerpt":{"rendered":"<p>Sino\u0107 je u Biblioteci &#8220;Dervi\u0161 Su\u0161i\u0107&#8221; Tuzla odr\u017eana promocija knjige &#8220;Ne osvr\u0107i se Lajla&#8221;, autora&hellip;<\/p>\n","protected":false},"author":3,"featured_media":140103,"comment_status":"open","ping_status":"closed","sticky":false,"template":"","format":"standard","meta":{"_acf_changed":false,"footnotes":""},"categories":[12],"tags":[1705],"acf":[],"yoast_head":"<!-- This site is optimized with the Yoast SEO plugin v23.5 - https:\/\/yoast.com\/wordpress\/plugins\/seo\/ -->\n<title>NUB \u201eDervi\u0161 Su\u0161i\u0107\u201c Tuzla: Odr\u017eana promocija knjige \u201eNe osvr\u0107i se Lajla\u201c - TuzlaInfo.ba<\/title>\n<meta name=\"robots\" content=\"index, follow, max-snippet:-1, max-image-preview:large, max-video-preview:-1\" \/>\n<link rel=\"canonical\" href=\"https:\/\/tuzlainfo.ba\/index.php\/novosti\/item\/140102-nub-dervis-susic-tuzla-odrzana-promocija-knjige-ne-osvrci-se-lajla\/\" \/>\n<meta property=\"og:locale\" content=\"bs_BA\" \/>\n<meta property=\"og:type\" content=\"article\" \/>\n<meta property=\"og:title\" content=\"NUB \u201eDervi\u0161 Su\u0161i\u0107\u201c Tuzla: Odr\u017eana promocija knjige \u201eNe osvr\u0107i se Lajla\u201c - TuzlaInfo.ba\" \/>\n<meta property=\"og:description\" content=\"Sino\u0107 je u Biblioteci &#8220;Dervi\u0161 Su\u0161i\u0107&#8221; Tuzla odr\u017eana promocija knjige &#8220;Ne osvr\u0107i se Lajla&#8221;, autora&hellip;\" \/>\n<meta property=\"og:url\" content=\"https:\/\/tuzlainfo.ba\/index.php\/novosti\/item\/140102-nub-dervis-susic-tuzla-odrzana-promocija-knjige-ne-osvrci-se-lajla\/\" \/>\n<meta property=\"og:site_name\" content=\"TuzlaInfo.ba\" \/>\n<meta property=\"article:publisher\" content=\"https:\/\/www.facebook.com\/tuzlainfo.ba\/\" \/>\n<meta property=\"article:published_time\" content=\"2021-06-23T14:00:26+00:00\" \/>\n<meta property=\"article:modified_time\" content=\"2021-06-23T08:50:06+00:00\" \/>\n<meta property=\"og:image\" content=\"https:\/\/tuzlainfo.ba\/wp-content\/uploads\/2021\/06\/2306_lajla.jpg\" \/>\n\t<meta property=\"og:image:width\" content=\"800\" \/>\n\t<meta property=\"og:image:height\" content=\"600\" \/>\n\t<meta property=\"og:image:type\" content=\"image\/jpeg\" \/>\n<meta name=\"author\" content=\"admin2\" \/>\n<meta name=\"twitter:card\" content=\"summary_large_image\" \/>\n<meta name=\"twitter:label1\" content=\"Written by\" \/>\n\t<meta name=\"twitter:data1\" content=\"admin2\" \/>\n\t<meta name=\"twitter:label2\" content=\"Est. reading time\" \/>\n\t<meta name=\"twitter:data2\" content=\"1 minuta\" \/>\n<script type=\"application\/ld+json\" class=\"yoast-schema-graph\">{\"@context\":\"https:\/\/schema.org\",\"@graph\":[{\"@type\":\"Article\",\"@id\":\"https:\/\/tuzlainfo.ba\/index.php\/novosti\/item\/140102-nub-dervis-susic-tuzla-odrzana-promocija-knjige-ne-osvrci-se-lajla\/#article\",\"isPartOf\":{\"@id\":\"https:\/\/tuzlainfo.ba\/index.php\/novosti\/item\/140102-nub-dervis-susic-tuzla-odrzana-promocija-knjige-ne-osvrci-se-lajla\/\"},\"author\":{\"name\":\"admin2\",\"@id\":\"https:\/\/tuzlainfo.ba\/#\/schema\/person\/f4ebe4fff27e68efb65fa7e18f8af372\"},\"headline\":\"NUB \u201eDervi\u0161 Su\u0161i\u0107\u201c Tuzla: Odr\u017eana promocija knjige \u201eNe osvr\u0107i se Lajla\u201c\",\"datePublished\":\"2021-06-23T14:00:26+00:00\",\"dateModified\":\"2021-06-23T08:50:06+00:00\",\"mainEntityOfPage\":{\"@id\":\"https:\/\/tuzlainfo.ba\/index.php\/novosti\/item\/140102-nub-dervis-susic-tuzla-odrzana-promocija-knjige-ne-osvrci-se-lajla\/\"},\"wordCount\":295,\"commentCount\":0,\"publisher\":{\"@id\":\"https:\/\/tuzlainfo.ba\/#organization\"},\"image\":{\"@id\":\"https:\/\/tuzlainfo.ba\/index.php\/novosti\/item\/140102-nub-dervis-susic-tuzla-odrzana-promocija-knjige-ne-osvrci-se-lajla\/#primaryimage\"},\"thumbnailUrl\":\"https:\/\/tuzlainfo.ba\/wp-content\/uploads\/2021\/06\/2306_lajla.jpg\",\"keywords\":[\"nub dervi\u0161 su\u0161i\u0107\"],\"articleSection\":[\"Novosti\"],\"inLanguage\":\"bs-BA\"},{\"@type\":\"WebPage\",\"@id\":\"https:\/\/tuzlainfo.ba\/index.php\/novosti\/item\/140102-nub-dervis-susic-tuzla-odrzana-promocija-knjige-ne-osvrci-se-lajla\/\",\"url\":\"https:\/\/tuzlainfo.ba\/index.php\/novosti\/item\/140102-nub-dervis-susic-tuzla-odrzana-promocija-knjige-ne-osvrci-se-lajla\/\",\"name\":\"NUB \u201eDervi\u0161 Su\u0161i\u0107\u201c Tuzla: Odr\u017eana promocija knjige \u201eNe osvr\u0107i se Lajla\u201c - TuzlaInfo.ba\",\"isPartOf\":{\"@id\":\"https:\/\/tuzlainfo.ba\/#website\"},\"primaryImageOfPage\":{\"@id\":\"https:\/\/tuzlainfo.ba\/index.php\/novosti\/item\/140102-nub-dervis-susic-tuzla-odrzana-promocija-knjige-ne-osvrci-se-lajla\/#primaryimage\"},\"image\":{\"@id\":\"https:\/\/tuzlainfo.ba\/index.php\/novosti\/item\/140102-nub-dervis-susic-tuzla-odrzana-promocija-knjige-ne-osvrci-se-lajla\/#primaryimage\"},\"thumbnailUrl\":\"https:\/\/tuzlainfo.ba\/wp-content\/uploads\/2021\/06\/2306_lajla.jpg\",\"datePublished\":\"2021-06-23T14:00:26+00:00\",\"dateModified\":\"2021-06-23T08:50:06+00:00\",\"breadcrumb\":{\"@id\":\"https:\/\/tuzlainfo.ba\/index.php\/novosti\/item\/140102-nub-dervis-susic-tuzla-odrzana-promocija-knjige-ne-osvrci-se-lajla\/#breadcrumb\"},\"inLanguage\":\"bs-BA\",\"potentialAction\":[{\"@type\":\"ReadAction\",\"target\":[\"https:\/\/tuzlainfo.ba\/index.php\/novosti\/item\/140102-nub-dervis-susic-tuzla-odrzana-promocija-knjige-ne-osvrci-se-lajla\/\"]}]},{\"@type\":\"ImageObject\",\"inLanguage\":\"bs-BA\",\"@id\":\"https:\/\/tuzlainfo.ba\/index.php\/novosti\/item\/140102-nub-dervis-susic-tuzla-odrzana-promocija-knjige-ne-osvrci-se-lajla\/#primaryimage\",\"url\":\"https:\/\/tuzlainfo.ba\/wp-content\/uploads\/2021\/06\/2306_lajla.jpg\",\"contentUrl\":\"https:\/\/tuzlainfo.ba\/wp-content\/uploads\/2021\/06\/2306_lajla.jpg\",\"width\":800,\"height\":600},{\"@type\":\"BreadcrumbList\",\"@id\":\"https:\/\/tuzlainfo.ba\/index.php\/novosti\/item\/140102-nub-dervis-susic-tuzla-odrzana-promocija-knjige-ne-osvrci-se-lajla\/#breadcrumb\",\"itemListElement\":[{\"@type\":\"ListItem\",\"position\":1,\"name\":\"Home\",\"item\":\"https:\/\/tuzlainfo.ba\/\"},{\"@type\":\"ListItem\",\"position\":2,\"name\":\"NUB \u201eDervi\u0161 Su\u0161i\u0107\u201c Tuzla: Odr\u017eana promocija knjige \u201eNe osvr\u0107i se Lajla\u201c\"}]},{\"@type\":\"WebSite\",\"@id\":\"https:\/\/tuzlainfo.ba\/#website\",\"url\":\"https:\/\/tuzlainfo.ba\/\",\"name\":\"TuzlaInfo.ba\",\"description\":\"Tuzla info, gradski informator - Tuzla na dlanu\",\"publisher\":{\"@id\":\"https:\/\/tuzlainfo.ba\/#organization\"},\"potentialAction\":[{\"@type\":\"SearchAction\",\"target\":{\"@type\":\"EntryPoint\",\"urlTemplate\":\"https:\/\/tuzlainfo.ba\/?s={search_term_string}\"},\"query-input\":{\"@type\":\"PropertyValueSpecification\",\"valueRequired\":true,\"valueName\":\"search_term_string\"}}],\"inLanguage\":\"bs-BA\"},{\"@type\":\"Organization\",\"@id\":\"https:\/\/tuzlainfo.ba\/#organization\",\"name\":\"TuzlaInfo.ba\",\"url\":\"https:\/\/tuzlainfo.ba\/\",\"logo\":{\"@type\":\"ImageObject\",\"inLanguage\":\"bs-BA\",\"@id\":\"https:\/\/tuzlainfo.ba\/#\/schema\/logo\/image\/\",\"url\":\"https:\/\/tuzlainfo.ba\/wp-content\/uploads\/2021\/03\/logo-ver-3-1.png\",\"contentUrl\":\"https:\/\/tuzlainfo.ba\/wp-content\/uploads\/2021\/03\/logo-ver-3-1.png\",\"width\":350,\"height\":95,\"caption\":\"TuzlaInfo.ba\"},\"image\":{\"@id\":\"https:\/\/tuzlainfo.ba\/#\/schema\/logo\/image\/\"},\"sameAs\":[\"https:\/\/www.facebook.com\/tuzlainfo.ba\/\"]},{\"@type\":\"Person\",\"@id\":\"https:\/\/tuzlainfo.ba\/#\/schema\/person\/f4ebe4fff27e68efb65fa7e18f8af372\",\"name\":\"admin2\",\"image\":{\"@type\":\"ImageObject\",\"inLanguage\":\"bs-BA\",\"@id\":\"https:\/\/tuzlainfo.ba\/#\/schema\/person\/image\/\",\"url\":\"https:\/\/tuzlainfo.ba\/wp-content\/litespeed\/avatar\/8219eeb9a43cff2d096e773737736f62.jpg?ver=1777309398\",\"contentUrl\":\"https:\/\/tuzlainfo.ba\/wp-content\/litespeed\/avatar\/8219eeb9a43cff2d096e773737736f62.jpg?ver=1777309398\",\"caption\":\"admin2\"},\"description\":\"Tuzlainfo.ba pratite na dru\u0161tvenim mre\u017eama: Facebook, Instagram i Youtube. Svoje pri\u010de, upite i fotografije \u0161aljite na na\u0161u e-mail adresu.\",\"sameAs\":[\"admin\"]}]}<\/script>\n<!-- \/ Yoast SEO plugin. -->","yoast_head_json":{"title":"NUB \u201eDervi\u0161 Su\u0161i\u0107\u201c Tuzla: Odr\u017eana promocija knjige \u201eNe osvr\u0107i se Lajla\u201c - TuzlaInfo.ba","robots":{"index":"index","follow":"follow","max-snippet":"max-snippet:-1","max-image-preview":"max-image-preview:large","max-video-preview":"max-video-preview:-1"},"canonical":"https:\/\/tuzlainfo.ba\/index.php\/novosti\/item\/140102-nub-dervis-susic-tuzla-odrzana-promocija-knjige-ne-osvrci-se-lajla\/","og_locale":"bs_BA","og_type":"article","og_title":"NUB \u201eDervi\u0161 Su\u0161i\u0107\u201c Tuzla: Odr\u017eana promocija knjige \u201eNe osvr\u0107i se Lajla\u201c - TuzlaInfo.ba","og_description":"Sino\u0107 je u Biblioteci &#8220;Dervi\u0161 Su\u0161i\u0107&#8221; Tuzla odr\u017eana promocija knjige &#8220;Ne osvr\u0107i se Lajla&#8221;, autora&hellip;","og_url":"https:\/\/tuzlainfo.ba\/index.php\/novosti\/item\/140102-nub-dervis-susic-tuzla-odrzana-promocija-knjige-ne-osvrci-se-lajla\/","og_site_name":"TuzlaInfo.ba","article_publisher":"https:\/\/www.facebook.com\/tuzlainfo.ba\/","article_published_time":"2021-06-23T14:00:26+00:00","article_modified_time":"2021-06-23T08:50:06+00:00","og_image":[{"width":800,"height":600,"url":"https:\/\/tuzlainfo.ba\/wp-content\/uploads\/2021\/06\/2306_lajla.jpg","type":"image\/jpeg"}],"author":"admin2","twitter_card":"summary_large_image","twitter_misc":{"Written by":"admin2","Est. reading time":"1 minuta"},"schema":{"@context":"https:\/\/schema.org","@graph":[{"@type":"Article","@id":"https:\/\/tuzlainfo.ba\/index.php\/novosti\/item\/140102-nub-dervis-susic-tuzla-odrzana-promocija-knjige-ne-osvrci-se-lajla\/#article","isPartOf":{"@id":"https:\/\/tuzlainfo.ba\/index.php\/novosti\/item\/140102-nub-dervis-susic-tuzla-odrzana-promocija-knjige-ne-osvrci-se-lajla\/"},"author":{"name":"admin2","@id":"https:\/\/tuzlainfo.ba\/#\/schema\/person\/f4ebe4fff27e68efb65fa7e18f8af372"},"headline":"NUB \u201eDervi\u0161 Su\u0161i\u0107\u201c Tuzla: Odr\u017eana promocija knjige \u201eNe osvr\u0107i se Lajla\u201c","datePublished":"2021-06-23T14:00:26+00:00","dateModified":"2021-06-23T08:50:06+00:00","mainEntityOfPage":{"@id":"https:\/\/tuzlainfo.ba\/index.php\/novosti\/item\/140102-nub-dervis-susic-tuzla-odrzana-promocija-knjige-ne-osvrci-se-lajla\/"},"wordCount":295,"commentCount":0,"publisher":{"@id":"https:\/\/tuzlainfo.ba\/#organization"},"image":{"@id":"https:\/\/tuzlainfo.ba\/index.php\/novosti\/item\/140102-nub-dervis-susic-tuzla-odrzana-promocija-knjige-ne-osvrci-se-lajla\/#primaryimage"},"thumbnailUrl":"https:\/\/tuzlainfo.ba\/wp-content\/uploads\/2021\/06\/2306_lajla.jpg","keywords":["nub dervi\u0161 su\u0161i\u0107"],"articleSection":["Novosti"],"inLanguage":"bs-BA"},{"@type":"WebPage","@id":"https:\/\/tuzlainfo.ba\/index.php\/novosti\/item\/140102-nub-dervis-susic-tuzla-odrzana-promocija-knjige-ne-osvrci-se-lajla\/","url":"https:\/\/tuzlainfo.ba\/index.php\/novosti\/item\/140102-nub-dervis-susic-tuzla-odrzana-promocija-knjige-ne-osvrci-se-lajla\/","name":"NUB \u201eDervi\u0161 Su\u0161i\u0107\u201c Tuzla: Odr\u017eana promocija knjige \u201eNe osvr\u0107i se Lajla\u201c - TuzlaInfo.ba","isPartOf":{"@id":"https:\/\/tuzlainfo.ba\/#website"},"primaryImageOfPage":{"@id":"https:\/\/tuzlainfo.ba\/index.php\/novosti\/item\/140102-nub-dervis-susic-tuzla-odrzana-promocija-knjige-ne-osvrci-se-lajla\/#primaryimage"},"image":{"@id":"https:\/\/tuzlainfo.ba\/index.php\/novosti\/item\/140102-nub-dervis-susic-tuzla-odrzana-promocija-knjige-ne-osvrci-se-lajla\/#primaryimage"},"thumbnailUrl":"https:\/\/tuzlainfo.ba\/wp-content\/uploads\/2021\/06\/2306_lajla.jpg","datePublished":"2021-06-23T14:00:26+00:00","dateModified":"2021-06-23T08:50:06+00:00","breadcrumb":{"@id":"https:\/\/tuzlainfo.ba\/index.php\/novosti\/item\/140102-nub-dervis-susic-tuzla-odrzana-promocija-knjige-ne-osvrci-se-lajla\/#breadcrumb"},"inLanguage":"bs-BA","potentialAction":[{"@type":"ReadAction","target":["https:\/\/tuzlainfo.ba\/index.php\/novosti\/item\/140102-nub-dervis-susic-tuzla-odrzana-promocija-knjige-ne-osvrci-se-lajla\/"]}]},{"@type":"ImageObject","inLanguage":"bs-BA","@id":"https:\/\/tuzlainfo.ba\/index.php\/novosti\/item\/140102-nub-dervis-susic-tuzla-odrzana-promocija-knjige-ne-osvrci-se-lajla\/#primaryimage","url":"https:\/\/tuzlainfo.ba\/wp-content\/uploads\/2021\/06\/2306_lajla.jpg","contentUrl":"https:\/\/tuzlainfo.ba\/wp-content\/uploads\/2021\/06\/2306_lajla.jpg","width":800,"height":600},{"@type":"BreadcrumbList","@id":"https:\/\/tuzlainfo.ba\/index.php\/novosti\/item\/140102-nub-dervis-susic-tuzla-odrzana-promocija-knjige-ne-osvrci-se-lajla\/#breadcrumb","itemListElement":[{"@type":"ListItem","position":1,"name":"Home","item":"https:\/\/tuzlainfo.ba\/"},{"@type":"ListItem","position":2,"name":"NUB \u201eDervi\u0161 Su\u0161i\u0107\u201c Tuzla: Odr\u017eana promocija knjige \u201eNe osvr\u0107i se Lajla\u201c"}]},{"@type":"WebSite","@id":"https:\/\/tuzlainfo.ba\/#website","url":"https:\/\/tuzlainfo.ba\/","name":"TuzlaInfo.ba","description":"Tuzla info, gradski informator - Tuzla na dlanu","publisher":{"@id":"https:\/\/tuzlainfo.ba\/#organization"},"potentialAction":[{"@type":"SearchAction","target":{"@type":"EntryPoint","urlTemplate":"https:\/\/tuzlainfo.ba\/?s={search_term_string}"},"query-input":{"@type":"PropertyValueSpecification","valueRequired":true,"valueName":"search_term_string"}}],"inLanguage":"bs-BA"},{"@type":"Organization","@id":"https:\/\/tuzlainfo.ba\/#organization","name":"TuzlaInfo.ba","url":"https:\/\/tuzlainfo.ba\/","logo":{"@type":"ImageObject","inLanguage":"bs-BA","@id":"https:\/\/tuzlainfo.ba\/#\/schema\/logo\/image\/","url":"https:\/\/tuzlainfo.ba\/wp-content\/uploads\/2021\/03\/logo-ver-3-1.png","contentUrl":"https:\/\/tuzlainfo.ba\/wp-content\/uploads\/2021\/03\/logo-ver-3-1.png","width":350,"height":95,"caption":"TuzlaInfo.ba"},"image":{"@id":"https:\/\/tuzlainfo.ba\/#\/schema\/logo\/image\/"},"sameAs":["https:\/\/www.facebook.com\/tuzlainfo.ba\/"]},{"@type":"Person","@id":"https:\/\/tuzlainfo.ba\/#\/schema\/person\/f4ebe4fff27e68efb65fa7e18f8af372","name":"admin2","image":{"@type":"ImageObject","inLanguage":"bs-BA","@id":"https:\/\/tuzlainfo.ba\/#\/schema\/person\/image\/","url":"https:\/\/tuzlainfo.ba\/wp-content\/litespeed\/avatar\/8219eeb9a43cff2d096e773737736f62.jpg?ver=1777309398","contentUrl":"https:\/\/tuzlainfo.ba\/wp-content\/litespeed\/avatar\/8219eeb9a43cff2d096e773737736f62.jpg?ver=1777309398","caption":"admin2"},"description":"Tuzlainfo.ba pratite na dru\u0161tvenim mre\u017eama: Facebook, Instagram i Youtube. Svoje pri\u010de, upite i fotografije \u0161aljite na na\u0161u e-mail adresu.","sameAs":["admin"]}]}},"_links":{"self":[{"href":"https:\/\/tuzlainfo.ba\/index.php\/wp-json\/wp\/v2\/posts\/140102"}],"collection":[{"href":"https:\/\/tuzlainfo.ba\/index.php\/wp-json\/wp\/v2\/posts"}],"about":[{"href":"https:\/\/tuzlainfo.ba\/index.php\/wp-json\/wp\/v2\/types\/post"}],"author":[{"embeddable":true,"href":"https:\/\/tuzlainfo.ba\/index.php\/wp-json\/wp\/v2\/users\/3"}],"replies":[{"embeddable":true,"href":"https:\/\/tuzlainfo.ba\/index.php\/wp-json\/wp\/v2\/comments?post=140102"}],"version-history":[{"count":0,"href":"https:\/\/tuzlainfo.ba\/index.php\/wp-json\/wp\/v2\/posts\/140102\/revisions"}],"wp:featuredmedia":[{"embeddable":true,"href":"https:\/\/tuzlainfo.ba\/index.php\/wp-json\/wp\/v2\/media\/140103"}],"wp:attachment":[{"href":"https:\/\/tuzlainfo.ba\/index.php\/wp-json\/wp\/v2\/media?parent=140102"}],"wp:term":[{"taxonomy":"category","embeddable":true,"href":"https:\/\/tuzlainfo.ba\/index.php\/wp-json\/wp\/v2\/categories?post=140102"},{"taxonomy":"post_tag","embeddable":true,"href":"https:\/\/tuzlainfo.ba\/index.php\/wp-json\/wp\/v2\/tags?post=140102"}],"curies":[{"name":"wp","href":"https:\/\/api.w.org\/{rel}","templated":true}]}}