{"id":139955,"date":"2021-06-20T19:30:25","date_gmt":"2021-06-20T17:30:25","guid":{"rendered":"https:\/\/tuzlainfo.ba\/?p=139955"},"modified":"2021-06-20T19:30:25","modified_gmt":"2021-06-20T17:30:25","slug":"foto-kriket-izlozba-i-druzenje-u-tuzli-obiljezen-svjetski-dan-izbjeglica","status":"publish","type":"post","link":"https:\/\/tuzlainfo.ba\/index.php\/novosti\/item\/139955-foto-kriket-izlozba-i-druzenje-u-tuzli-obiljezen-svjetski-dan-izbjeglica\/","title":{"rendered":"Foto \/ Kriket, izlo\u017eba i dru\u017eenje: U Tuzli obilje\u017een Svjetski dan izbjeglica"},"content":{"rendered":"<p style=\"font-weight: 400;\">Povodom Svjetskog dana izbjeglica danas je na gradskom stadionu u Tuzli odigrana prva kriket utakmica izme\u0111u migranata i lokalnog stanovni\u0161tva, te je odr\u017eana izlo\u017eba kreativnih radova nastala na radionicama psihosocijalne pomo\u0107i za migrante u sigurnim ku\u0107ama.<\/p>\n<p style=\"font-weight: 400;\">Cilj ovog simboli\u010dnog doga\u0111aja bio je da se ljudima koji su morali napustiti svoj dom i koji trebaju pomo\u0107 poka\u017ee da nisu sami, saop\u0107ili su organizatori &#8211; Centar za pru\u017eanje usluga u zajednici PU\u017d, Caritas BiH, Caritas Vrhbosanske nadbiskupije, Humanitarna organizacija Merhamet i Udru\u017eenje Snaga \u017eene.<\/p>\n<p style=\"font-weight: 400;\">Ove organizacije u okviru projekta Catholic Relief Servicea (CRS) \u201eInterventna podr\u0161ka izbjeglicama i migrantima u Bosni i Hercegovini\u201c protekle dvije godine poma\u017eu migrantima u Tuzli pru\u017eaju\u0107i im smje\u0161taj, topli obrok, odje\u0107u, usluge ve\u0161eraja, te psihosocijalnu pomo\u0107.<\/p>\n<p style=\"font-weight: 400;\">\u201eMisija CRS-a je pru\u017eanje pomo\u0107i ljudima u nevolji, ali istodobno je va\u017eno da ranjivim grupama vratimo osje\u0107aj dostojanstva. Nadamo se da \u0107emo im danas pru\u017eiti makar mali osje\u0107aj doma\u201c, kazala je Joanna Heil, predstavnica CRS-a za BiH.<\/p>\n<p style=\"font-weight: 400;\">Kroz rad sa migrantima ove organizacije poku\u0161avaju odgovoriti na sve njihove potrebe, pa su im tako nabavili i opremu za kriket, koji je jedan od omiljenih sportova izbjeglica iz Pakistana, poja\u0161njava Danijel Vasilj, menad\u017eer PU\u017d-a.<\/p>\n<p style=\"font-weight: 400;\">\u201eUdovoljili smo njihovoj \u017eelji da i u izbjegli\u0161tvu igraju sport koji vole\u201c, dodao je.<\/p>\n<p style=\"font-weight: 400;\">Jedan od inicijatora ideje za prvu kriket utakmicu je Pakistanac Shaban Ali Asghar, nekada\u0161nji profesionalni igra\u010d ovog sporta koji je nakon vi\u0161egodi\u0161njeg puta svoj novi \u017eivot prona\u0161ao u na\u0161oj zemlji. \u017delja mu je da djecu u Tuzli u\u010di kako da igraju kriket, te da oformi svoj tim.<\/p>\n<p style=\"font-weight: 400;\">\u201eOvo je za nas prilika da se podsjetimo na stvari koje smo ostavili iza sebe. Mene podsje\u0107a na prve utakmice kriketa koje sam gledao sa ocem, na prvo bacanje koje me brat u\u010dio, na moje prijatelje i moj Pakistan. Danas se osje\u0107am sigurnim, okru\u017een svima vama koji nas \u010duvate &#8211; osje\u0107am kao da sam dio porodice&#8221;, kazao je Asghar.<\/p>\n<p style=\"font-weight: 400;\">Kroz CRS-ov projekat tuzlanski Merhamet osigurava tople obroke za migrante u sigurnim ku\u0107ama, a Caritas Bosne i Hercegovine preko Caritasa Vrhbosanske nadbiskupije i Caritasa biskupije Banja Luka usluge ve\u0161eraja u Tuzli i Biha\u0107u. Osim toga, iznimno je va\u017ena i psihosocijalna pomo\u0107 za ljude koji na svom putu prolaze brojne te\u0161ko\u0107e, nasilje i gubitke. Podr\u0161ka kroz edukativne i okupacione aktivnosti koju im pru\u017ea Udru\u017eenje Snaga \u017eene, poma\u017ee izbjeglicama da se lak\u0161e nose sa pote\u0161ko\u0107ama.<\/p>\n<div id='gallery-1' class='gallery galleryid-139955 gallery-columns-6 gallery-size-thumbnail'><figure class='gallery-item'>\n\t\t\t<div class='gallery-icon landscape'>\n\t\t\t\t<a href='https:\/\/tuzlainfo.ba\/index.php\/novosti\/item\/139955-foto-kriket-izlozba-i-druzenje-u-tuzli-obiljezen-svjetski-dan-izbjeglica\/attachment\/dan-izbjeglica_kriket-1\/'><img decoding=\"async\" width=\"150\" height=\"150\" src=\"https:\/\/tuzlainfo.ba\/wp-content\/uploads\/2021\/06\/Dan-izbjeglica_kriket-1-150x150.jpg\" class=\"attachment-thumbnail size-thumbnail\" alt=\"\" srcset=\"https:\/\/tuzlainfo.ba\/wp-content\/uploads\/2021\/06\/Dan-izbjeglica_kriket-1-150x150.jpg 150w, https:\/\/tuzlainfo.ba\/wp-content\/uploads\/2021\/06\/Dan-izbjeglica_kriket-1-585x585.jpg 585w, https:\/\/tuzlainfo.ba\/wp-content\/uploads\/2021\/06\/Dan-izbjeglica_kriket-1-45x45.jpg 45w\" sizes=\"(max-width: 150px) 100vw, 150px\" \/><\/a>\n\t\t\t<\/div><\/figure><figure class='gallery-item'>\n\t\t\t<div class='gallery-icon landscape'>\n\t\t\t\t<a href='https:\/\/tuzlainfo.ba\/index.php\/novosti\/item\/139955-foto-kriket-izlozba-i-druzenje-u-tuzli-obiljezen-svjetski-dan-izbjeglica\/attachment\/dan-izbjeglica_kriket-6\/'><img decoding=\"async\" width=\"150\" height=\"150\" src=\"https:\/\/tuzlainfo.ba\/wp-content\/uploads\/2021\/06\/Dan-izbjeglica_kriket-6-150x150.jpg\" class=\"attachment-thumbnail size-thumbnail\" alt=\"\" srcset=\"https:\/\/tuzlainfo.ba\/wp-content\/uploads\/2021\/06\/Dan-izbjeglica_kriket-6-150x150.jpg 150w, https:\/\/tuzlainfo.ba\/wp-content\/uploads\/2021\/06\/Dan-izbjeglica_kriket-6-585x585.jpg 585w, https:\/\/tuzlainfo.ba\/wp-content\/uploads\/2021\/06\/Dan-izbjeglica_kriket-6-45x45.jpg 45w\" sizes=\"(max-width: 150px) 100vw, 150px\" \/><\/a>\n\t\t\t<\/div><\/figure><figure class='gallery-item'>\n\t\t\t<div class='gallery-icon landscape'>\n\t\t\t\t<a href='https:\/\/tuzlainfo.ba\/index.php\/novosti\/item\/139955-foto-kriket-izlozba-i-druzenje-u-tuzli-obiljezen-svjetski-dan-izbjeglica\/attachment\/dan-izbjeglica_kriket-5\/'><img decoding=\"async\" width=\"150\" height=\"150\" src=\"https:\/\/tuzlainfo.ba\/wp-content\/uploads\/2021\/06\/Dan-izbjeglica_kriket-5-150x150.jpg\" class=\"attachment-thumbnail size-thumbnail\" alt=\"\" srcset=\"https:\/\/tuzlainfo.ba\/wp-content\/uploads\/2021\/06\/Dan-izbjeglica_kriket-5-150x150.jpg 150w, https:\/\/tuzlainfo.ba\/wp-content\/uploads\/2021\/06\/Dan-izbjeglica_kriket-5-585x585.jpg 585w, https:\/\/tuzlainfo.ba\/wp-content\/uploads\/2021\/06\/Dan-izbjeglica_kriket-5-45x45.jpg 45w\" sizes=\"(max-width: 150px) 100vw, 150px\" \/><\/a>\n\t\t\t<\/div><\/figure><figure class='gallery-item'>\n\t\t\t<div class='gallery-icon landscape'>\n\t\t\t\t<a href='https:\/\/tuzlainfo.ba\/index.php\/novosti\/item\/139955-foto-kriket-izlozba-i-druzenje-u-tuzli-obiljezen-svjetski-dan-izbjeglica\/attachment\/dan-izbjeglica_kriket-4\/'><img loading=\"lazy\" decoding=\"async\" width=\"150\" height=\"150\" src=\"https:\/\/tuzlainfo.ba\/wp-content\/uploads\/2021\/06\/Dan-izbjeglica_kriket-4-150x150.jpg\" class=\"attachment-thumbnail size-thumbnail\" alt=\"\" srcset=\"https:\/\/tuzlainfo.ba\/wp-content\/uploads\/2021\/06\/Dan-izbjeglica_kriket-4-150x150.jpg 150w, https:\/\/tuzlainfo.ba\/wp-content\/uploads\/2021\/06\/Dan-izbjeglica_kriket-4-585x585.jpg 585w, https:\/\/tuzlainfo.ba\/wp-content\/uploads\/2021\/06\/Dan-izbjeglica_kriket-4-45x45.jpg 45w\" sizes=\"(max-width: 150px) 100vw, 150px\" \/><\/a>\n\t\t\t<\/div><\/figure><figure class='gallery-item'>\n\t\t\t<div class='gallery-icon landscape'>\n\t\t\t\t<a href='https:\/\/tuzlainfo.ba\/index.php\/novosti\/item\/139955-foto-kriket-izlozba-i-druzenje-u-tuzli-obiljezen-svjetski-dan-izbjeglica\/attachment\/dan-izbjeglica_kriket-3\/'><img loading=\"lazy\" decoding=\"async\" width=\"150\" height=\"150\" src=\"https:\/\/tuzlainfo.ba\/wp-content\/uploads\/2021\/06\/Dan-izbjeglica_kriket-3-150x150.jpg\" class=\"attachment-thumbnail size-thumbnail\" alt=\"\" srcset=\"https:\/\/tuzlainfo.ba\/wp-content\/uploads\/2021\/06\/Dan-izbjeglica_kriket-3-150x150.jpg 150w, https:\/\/tuzlainfo.ba\/wp-content\/uploads\/2021\/06\/Dan-izbjeglica_kriket-3-585x585.jpg 585w, https:\/\/tuzlainfo.ba\/wp-content\/uploads\/2021\/06\/Dan-izbjeglica_kriket-3-45x45.jpg 45w\" sizes=\"(max-width: 150px) 100vw, 150px\" \/><\/a>\n\t\t\t<\/div><\/figure><figure class='gallery-item'>\n\t\t\t<div class='gallery-icon landscape'>\n\t\t\t\t<a href='https:\/\/tuzlainfo.ba\/index.php\/novosti\/item\/139955-foto-kriket-izlozba-i-druzenje-u-tuzli-obiljezen-svjetski-dan-izbjeglica\/attachment\/dan-izbjeglica_kriket-2\/'><img loading=\"lazy\" decoding=\"async\" width=\"150\" height=\"150\" src=\"https:\/\/tuzlainfo.ba\/wp-content\/uploads\/2021\/06\/Dan-izbjeglica_kriket-2-150x150.jpg\" class=\"attachment-thumbnail size-thumbnail\" alt=\"\" srcset=\"https:\/\/tuzlainfo.ba\/wp-content\/uploads\/2021\/06\/Dan-izbjeglica_kriket-2-150x150.jpg 150w, https:\/\/tuzlainfo.ba\/wp-content\/uploads\/2021\/06\/Dan-izbjeglica_kriket-2-585x585.jpg 585w, https:\/\/tuzlainfo.ba\/wp-content\/uploads\/2021\/06\/Dan-izbjeglica_kriket-2-45x45.jpg 45w\" sizes=\"(max-width: 150px) 100vw, 150px\" \/><\/a>\n\t\t\t<\/div><\/figure>\n\t\t<\/div>\n\n<p style=\"font-weight: 400;\">\u201ePotraga za novim, boljim i bezbjednijim \u017eivotom, daleko od porodice i zemlje porijekla jedan je od najte\u017eih \u017eivotnih puteva na kojem se \u010dovjek mo\u017ee na\u0107i. Veoma je va\u017eno da se oni koji su se na\u0161li na tom putu ne osje\u0107aju sami i odba\u010deni\u201c, kazala je dr. Branka Anti\u0107 Stauber, direktorica Snaga \u017eene.<strong>\u00a0\u00a0\u00a0\u00a0\u00a0\u00a0\u00a0\u00a0\u00a0\u00a0\u00a0\u00a0\u00a0\u00a0\u00a0<\/strong><\/p>\n<p style=\"font-weight: 400;\">U sklopu obilje\u017eavanja Svjetskog dana izbjeglica postavljena je i izlo\u017eba radova koje su naslikali i izradili korisnici dvije sigurne ku\u0107e u okviru terapeutskih radionica.<\/p>\n<p>Projekat\u00a0\u201eInterventna podr\u0161ka izbjeglicama i migrantima u Bosni i Hercegovini\u201c finansiraju Latter Days Saint Charities (LDS), Austrijski Caritas i Catholic Relief Services.<\/p>\n","protected":false},"excerpt":{"rendered":"<p>Povodom Svjetskog dana izbjeglica danas je na gradskom stadionu u Tuzli odigrana prva kriket utakmica izme\u0111u migranata i lokalnog stanovni\u0161tva, te je odr\u017eana izlo\u017eba kreativnih radova nastala na radionicama psihosocijalne pomo\u0107i za migrante u sigurnim ku\u0107ama. Cilj ovog simboli\u010dnog doga\u0111aja bio je da se ljudima koji su morali napustiti svoj dom i koji trebaju pomo\u0107 [&hellip;]<\/p>\n","protected":false},"author":2,"featured_media":139959,"comment_status":"open","ping_status":"closed","sticky":false,"template":"","format":"standard","meta":{"footnotes":""},"categories":[304,12],"tags":[1666,1673],"class_list":["post-139955","post","type-post","status-publish","format-standard","has-post-thumbnail","hentry","category-istaknuto","category-novosti","tag-puz","tag-svjetski-dan-izbjeglica"],"yoast_head":"<!-- This site is optimized with the Yoast SEO plugin v28.4 - https:\/\/yoast.com\/product\/yoast-seo-wordpress\/ -->\n<title>Foto \/ Kriket, izlo\u017eba i dru\u017eenje: U Tuzli obilje\u017een Svjetski dan izbjeglica<\/title>\n<meta name=\"robots\" content=\"index, follow, max-snippet:-1, max-image-preview:large, max-video-preview:-1\" \/>\n<link rel=\"canonical\" href=\"https:\/\/tuzlainfo.ba\/index.php\/novosti\/item\/139955-foto-kriket-izlozba-i-druzenje-u-tuzli-obiljezen-svjetski-dan-izbjeglica\/\" \/>\n<meta property=\"og:locale\" content=\"bs_BA\" \/>\n<meta property=\"og:type\" content=\"article\" \/>\n<meta property=\"og:title\" content=\"Foto \/ Kriket, izlo\u017eba i dru\u017eenje: U Tuzli obilje\u017een Svjetski dan izbjeglica\" \/>\n<meta property=\"og:description\" content=\"Povodom Svjetskog dana izbjeglica danas je na gradskom stadionu u Tuzli odigrana prva kriket utakmica izme\u0111u migranata i lokalnog stanovni\u0161tva, te je odr\u017eana izlo\u017eba kreativnih radova nastala na radionicama psihosocijalne pomo\u0107i za migrante u sigurnim ku\u0107ama. Cilj ovog simboli\u010dnog doga\u0111aja bio je da se ljudima koji su morali napustiti svoj dom i koji trebaju pomo\u0107 [&hellip;]\" \/>\n<meta property=\"og:url\" content=\"https:\/\/tuzlainfo.ba\/index.php\/novosti\/item\/139955-foto-kriket-izlozba-i-druzenje-u-tuzli-obiljezen-svjetski-dan-izbjeglica\/\" \/>\n<meta property=\"og:site_name\" content=\"TuzlaInfo.ba\" \/>\n<meta property=\"article:publisher\" content=\"https:\/\/www.facebook.com\/tuzlainfo.ba\/\" \/>\n<meta property=\"article:published_time\" content=\"2021-06-20T17:30:25+00:00\" \/>\n<meta property=\"og:image\" content=\"https:\/\/tuzlainfo.ba\/wp-content\/uploads\/2021\/06\/Dan-izbjeglica_kriket-5.jpg\" \/>\n\t<meta property=\"og:image:width\" content=\"1576\" \/>\n\t<meta property=\"og:image:height\" content=\"1080\" \/>\n\t<meta property=\"og:image:type\" content=\"image\/jpeg\" \/>\n<meta name=\"author\" content=\"nedim\" \/>\n<meta name=\"twitter:card\" content=\"summary_large_image\" \/>\n<meta name=\"twitter:label1\" content=\"Written by\" \/>\n\t<meta name=\"twitter:data1\" content=\"nedim\" \/>\n\t<meta name=\"twitter:label2\" content=\"Est. reading time\" \/>\n\t<meta name=\"twitter:data2\" content=\"3 minute\" \/>\n<script type=\"application\/ld+json\" class=\"yoast-schema-graph\">{\"@context\":\"https:\\\/\\\/schema.org\",\"@graph\":[{\"@type\":\"Article\",\"@id\":\"https:\\\/\\\/tuzlainfo.ba\\\/index.php\\\/novosti\\\/item\\\/139955-foto-kriket-izlozba-i-druzenje-u-tuzli-obiljezen-svjetski-dan-izbjeglica\\\/#article\",\"isPartOf\":{\"@id\":\"https:\\\/\\\/tuzlainfo.ba\\\/index.php\\\/novosti\\\/item\\\/139955-foto-kriket-izlozba-i-druzenje-u-tuzli-obiljezen-svjetski-dan-izbjeglica\\\/\"},\"author\":{\"name\":\"nedim\",\"@id\":\"https:\\\/\\\/tuzlainfo.ba\\\/#\\\/schema\\\/person\\\/f434e20dc27ea133923aab08451b7f7f\"},\"headline\":\"Foto \\\/ Kriket, izlo\u017eba i dru\u017eenje: U Tuzli obilje\u017een Svjetski dan izbjeglica\",\"datePublished\":\"2021-06-20T17:30:25+00:00\",\"mainEntityOfPage\":{\"@id\":\"https:\\\/\\\/tuzlainfo.ba\\\/index.php\\\/novosti\\\/item\\\/139955-foto-kriket-izlozba-i-druzenje-u-tuzli-obiljezen-svjetski-dan-izbjeglica\\\/\"},\"wordCount\":565,\"commentCount\":0,\"publisher\":{\"@id\":\"https:\\\/\\\/tuzlainfo.ba\\\/#organization\"},\"image\":{\"@id\":\"https:\\\/\\\/tuzlainfo.ba\\\/index.php\\\/novosti\\\/item\\\/139955-foto-kriket-izlozba-i-druzenje-u-tuzli-obiljezen-svjetski-dan-izbjeglica\\\/#primaryimage\"},\"thumbnailUrl\":\"https:\\\/\\\/tuzlainfo.ba\\\/wp-content\\\/uploads\\\/2021\\\/06\\\/Dan-izbjeglica_kriket-5.jpg\",\"keywords\":[\"PU\u017d\",\"svjetski dan izbjeglica\"],\"articleSection\":[\"Istaknuto\",\"Novosti\"],\"inLanguage\":\"bs-BA\",\"copyrightYear\":\"2021\",\"copyrightHolder\":{\"@id\":\"https:\\\/\\\/tuzlainfo.ba\\\/#organization\"}},{\"@type\":\"WebPage\",\"@id\":\"https:\\\/\\\/tuzlainfo.ba\\\/index.php\\\/novosti\\\/item\\\/139955-foto-kriket-izlozba-i-druzenje-u-tuzli-obiljezen-svjetski-dan-izbjeglica\\\/\",\"url\":\"https:\\\/\\\/tuzlainfo.ba\\\/index.php\\\/novosti\\\/item\\\/139955-foto-kriket-izlozba-i-druzenje-u-tuzli-obiljezen-svjetski-dan-izbjeglica\\\/\",\"name\":\"Foto \\\/ Kriket, izlo\u017eba i dru\u017eenje: U Tuzli obilje\u017een Svjetski dan izbjeglica\",\"isPartOf\":{\"@id\":\"https:\\\/\\\/tuzlainfo.ba\\\/#website\"},\"primaryImageOfPage\":{\"@id\":\"https:\\\/\\\/tuzlainfo.ba\\\/index.php\\\/novosti\\\/item\\\/139955-foto-kriket-izlozba-i-druzenje-u-tuzli-obiljezen-svjetski-dan-izbjeglica\\\/#primaryimage\"},\"image\":{\"@id\":\"https:\\\/\\\/tuzlainfo.ba\\\/index.php\\\/novosti\\\/item\\\/139955-foto-kriket-izlozba-i-druzenje-u-tuzli-obiljezen-svjetski-dan-izbjeglica\\\/#primaryimage\"},\"thumbnailUrl\":\"https:\\\/\\\/tuzlainfo.ba\\\/wp-content\\\/uploads\\\/2021\\\/06\\\/Dan-izbjeglica_kriket-5.jpg\",\"datePublished\":\"2021-06-20T17:30:25+00:00\",\"breadcrumb\":{\"@id\":\"https:\\\/\\\/tuzlainfo.ba\\\/index.php\\\/novosti\\\/item\\\/139955-foto-kriket-izlozba-i-druzenje-u-tuzli-obiljezen-svjetski-dan-izbjeglica\\\/#breadcrumb\"},\"inLanguage\":\"bs-BA\",\"potentialAction\":[{\"@type\":\"ReadAction\",\"target\":[\"https:\\\/\\\/tuzlainfo.ba\\\/index.php\\\/novosti\\\/item\\\/139955-foto-kriket-izlozba-i-druzenje-u-tuzli-obiljezen-svjetski-dan-izbjeglica\\\/\"]}]},{\"@type\":\"ImageObject\",\"inLanguage\":\"bs-BA\",\"@id\":\"https:\\\/\\\/tuzlainfo.ba\\\/index.php\\\/novosti\\\/item\\\/139955-foto-kriket-izlozba-i-druzenje-u-tuzli-obiljezen-svjetski-dan-izbjeglica\\\/#primaryimage\",\"url\":\"https:\\\/\\\/tuzlainfo.ba\\\/wp-content\\\/uploads\\\/2021\\\/06\\\/Dan-izbjeglica_kriket-5.jpg\",\"contentUrl\":\"https:\\\/\\\/tuzlainfo.ba\\\/wp-content\\\/uploads\\\/2021\\\/06\\\/Dan-izbjeglica_kriket-5.jpg\",\"width\":1576,\"height\":1080},{\"@type\":\"BreadcrumbList\",\"@id\":\"https:\\\/\\\/tuzlainfo.ba\\\/index.php\\\/novosti\\\/item\\\/139955-foto-kriket-izlozba-i-druzenje-u-tuzli-obiljezen-svjetski-dan-izbjeglica\\\/#breadcrumb\",\"itemListElement\":[{\"@type\":\"ListItem\",\"position\":1,\"name\":\"Home\",\"item\":\"https:\\\/\\\/tuzlainfo.ba\\\/\"},{\"@type\":\"ListItem\",\"position\":2,\"name\":\"Foto \\\/ Kriket, izlo\u017eba i dru\u017eenje: U Tuzli obilje\u017een Svjetski dan izbjeglica\"}]},{\"@type\":\"WebSite\",\"@id\":\"https:\\\/\\\/tuzlainfo.ba\\\/#website\",\"url\":\"https:\\\/\\\/tuzlainfo.ba\\\/\",\"name\":\"TuzlaInfo.ba\",\"description\":\"Tuzla info, gradski informator - Tuzla na dlanu\",\"publisher\":{\"@id\":\"https:\\\/\\\/tuzlainfo.ba\\\/#organization\"},\"potentialAction\":[{\"@type\":\"SearchAction\",\"target\":{\"@type\":\"EntryPoint\",\"urlTemplate\":\"https:\\\/\\\/tuzlainfo.ba\\\/?s={search_term_string}\"},\"query-input\":{\"@type\":\"PropertyValueSpecification\",\"valueRequired\":true,\"valueName\":\"search_term_string\"}}],\"inLanguage\":\"bs-BA\"},{\"@type\":\"Organization\",\"@id\":\"https:\\\/\\\/tuzlainfo.ba\\\/#organization\",\"name\":\"TuzlaInfo.ba\",\"url\":\"https:\\\/\\\/tuzlainfo.ba\\\/\",\"logo\":{\"@type\":\"ImageObject\",\"inLanguage\":\"bs-BA\",\"@id\":\"https:\\\/\\\/tuzlainfo.ba\\\/#\\\/schema\\\/logo\\\/image\\\/\",\"url\":\"https:\\\/\\\/tuzlainfo.ba\\\/wp-content\\\/uploads\\\/2021\\\/03\\\/logo-ver-3-1.png\",\"contentUrl\":\"https:\\\/\\\/tuzlainfo.ba\\\/wp-content\\\/uploads\\\/2021\\\/03\\\/logo-ver-3-1.png\",\"width\":350,\"height\":95,\"caption\":\"TuzlaInfo.ba\"},\"image\":{\"@id\":\"https:\\\/\\\/tuzlainfo.ba\\\/#\\\/schema\\\/logo\\\/image\\\/\"},\"sameAs\":[\"https:\\\/\\\/www.facebook.com\\\/tuzlainfo.ba\\\/\"]},{\"@type\":\"Person\",\"@id\":\"https:\\\/\\\/tuzlainfo.ba\\\/#\\\/schema\\\/person\\\/f434e20dc27ea133923aab08451b7f7f\",\"name\":\"nedim\",\"image\":{\"@type\":\"ImageObject\",\"inLanguage\":\"bs-BA\",\"@id\":\"https:\\\/\\\/secure.gravatar.com\\\/avatar\\\/5b928a2e7e70a54208d2eb6c1edcb75a5350d6ae97d5f0a701203d456823f6f3?s=96&d=mm&r=g\",\"url\":\"https:\\\/\\\/secure.gravatar.com\\\/avatar\\\/5b928a2e7e70a54208d2eb6c1edcb75a5350d6ae97d5f0a701203d456823f6f3?s=96&d=mm&r=g\",\"contentUrl\":\"https:\\\/\\\/secure.gravatar.com\\\/avatar\\\/5b928a2e7e70a54208d2eb6c1edcb75a5350d6ae97d5f0a701203d456823f6f3?s=96&d=mm&r=g\",\"caption\":\"nedim\"},\"description\":\"Tuzlainfo.ba pratite na dru\u0161tvenim mre\u017eama: Facebook, Instagram i Youtube. Svoje pri\u010de, upite i fotografije \u0161aljite na na\u0161u e-mail adresu.\"}]}<\/script>\n<!-- \/ Yoast SEO plugin. -->","yoast_head_json":{"title":"Foto \/ Kriket, izlo\u017eba i dru\u017eenje: U Tuzli obilje\u017een Svjetski dan izbjeglica","robots":{"index":"index","follow":"follow","max-snippet":"max-snippet:-1","max-image-preview":"max-image-preview:large","max-video-preview":"max-video-preview:-1"},"canonical":"https:\/\/tuzlainfo.ba\/index.php\/novosti\/item\/139955-foto-kriket-izlozba-i-druzenje-u-tuzli-obiljezen-svjetski-dan-izbjeglica\/","og_locale":"bs_BA","og_type":"article","og_title":"Foto \/ Kriket, izlo\u017eba i dru\u017eenje: U Tuzli obilje\u017een Svjetski dan izbjeglica","og_description":"Povodom Svjetskog dana izbjeglica danas je na gradskom stadionu u Tuzli odigrana prva kriket utakmica izme\u0111u migranata i lokalnog stanovni\u0161tva, te je odr\u017eana izlo\u017eba kreativnih radova nastala na radionicama psihosocijalne pomo\u0107i za migrante u sigurnim ku\u0107ama. Cilj ovog simboli\u010dnog doga\u0111aja bio je da se ljudima koji su morali napustiti svoj dom i koji trebaju pomo\u0107 [&hellip;]","og_url":"https:\/\/tuzlainfo.ba\/index.php\/novosti\/item\/139955-foto-kriket-izlozba-i-druzenje-u-tuzli-obiljezen-svjetski-dan-izbjeglica\/","og_site_name":"TuzlaInfo.ba","article_publisher":"https:\/\/www.facebook.com\/tuzlainfo.ba\/","article_published_time":"2021-06-20T17:30:25+00:00","og_image":[{"width":1576,"height":1080,"url":"https:\/\/tuzlainfo.ba\/wp-content\/uploads\/2021\/06\/Dan-izbjeglica_kriket-5.jpg","type":"image\/jpeg"}],"author":"nedim","twitter_card":"summary_large_image","twitter_misc":{"Written by":"nedim","Est. reading time":"3 minute"},"schema":{"@context":"https:\/\/schema.org","@graph":[{"@type":"Article","@id":"https:\/\/tuzlainfo.ba\/index.php\/novosti\/item\/139955-foto-kriket-izlozba-i-druzenje-u-tuzli-obiljezen-svjetski-dan-izbjeglica\/#article","isPartOf":{"@id":"https:\/\/tuzlainfo.ba\/index.php\/novosti\/item\/139955-foto-kriket-izlozba-i-druzenje-u-tuzli-obiljezen-svjetski-dan-izbjeglica\/"},"author":{"name":"nedim","@id":"https:\/\/tuzlainfo.ba\/#\/schema\/person\/f434e20dc27ea133923aab08451b7f7f"},"headline":"Foto \/ Kriket, izlo\u017eba i dru\u017eenje: U Tuzli obilje\u017een Svjetski dan izbjeglica","datePublished":"2021-06-20T17:30:25+00:00","mainEntityOfPage":{"@id":"https:\/\/tuzlainfo.ba\/index.php\/novosti\/item\/139955-foto-kriket-izlozba-i-druzenje-u-tuzli-obiljezen-svjetski-dan-izbjeglica\/"},"wordCount":565,"commentCount":0,"publisher":{"@id":"https:\/\/tuzlainfo.ba\/#organization"},"image":{"@id":"https:\/\/tuzlainfo.ba\/index.php\/novosti\/item\/139955-foto-kriket-izlozba-i-druzenje-u-tuzli-obiljezen-svjetski-dan-izbjeglica\/#primaryimage"},"thumbnailUrl":"https:\/\/tuzlainfo.ba\/wp-content\/uploads\/2021\/06\/Dan-izbjeglica_kriket-5.jpg","keywords":["PU\u017d","svjetski dan izbjeglica"],"articleSection":["Istaknuto","Novosti"],"inLanguage":"bs-BA","copyrightYear":"2021","copyrightHolder":{"@id":"https:\/\/tuzlainfo.ba\/#organization"}},{"@type":"WebPage","@id":"https:\/\/tuzlainfo.ba\/index.php\/novosti\/item\/139955-foto-kriket-izlozba-i-druzenje-u-tuzli-obiljezen-svjetski-dan-izbjeglica\/","url":"https:\/\/tuzlainfo.ba\/index.php\/novosti\/item\/139955-foto-kriket-izlozba-i-druzenje-u-tuzli-obiljezen-svjetski-dan-izbjeglica\/","name":"Foto \/ Kriket, izlo\u017eba i dru\u017eenje: U Tuzli obilje\u017een Svjetski dan izbjeglica","isPartOf":{"@id":"https:\/\/tuzlainfo.ba\/#website"},"primaryImageOfPage":{"@id":"https:\/\/tuzlainfo.ba\/index.php\/novosti\/item\/139955-foto-kriket-izlozba-i-druzenje-u-tuzli-obiljezen-svjetski-dan-izbjeglica\/#primaryimage"},"image":{"@id":"https:\/\/tuzlainfo.ba\/index.php\/novosti\/item\/139955-foto-kriket-izlozba-i-druzenje-u-tuzli-obiljezen-svjetski-dan-izbjeglica\/#primaryimage"},"thumbnailUrl":"https:\/\/tuzlainfo.ba\/wp-content\/uploads\/2021\/06\/Dan-izbjeglica_kriket-5.jpg","datePublished":"2021-06-20T17:30:25+00:00","breadcrumb":{"@id":"https:\/\/tuzlainfo.ba\/index.php\/novosti\/item\/139955-foto-kriket-izlozba-i-druzenje-u-tuzli-obiljezen-svjetski-dan-izbjeglica\/#breadcrumb"},"inLanguage":"bs-BA","potentialAction":[{"@type":"ReadAction","target":["https:\/\/tuzlainfo.ba\/index.php\/novosti\/item\/139955-foto-kriket-izlozba-i-druzenje-u-tuzli-obiljezen-svjetski-dan-izbjeglica\/"]}]},{"@type":"ImageObject","inLanguage":"bs-BA","@id":"https:\/\/tuzlainfo.ba\/index.php\/novosti\/item\/139955-foto-kriket-izlozba-i-druzenje-u-tuzli-obiljezen-svjetski-dan-izbjeglica\/#primaryimage","url":"https:\/\/tuzlainfo.ba\/wp-content\/uploads\/2021\/06\/Dan-izbjeglica_kriket-5.jpg","contentUrl":"https:\/\/tuzlainfo.ba\/wp-content\/uploads\/2021\/06\/Dan-izbjeglica_kriket-5.jpg","width":1576,"height":1080},{"@type":"BreadcrumbList","@id":"https:\/\/tuzlainfo.ba\/index.php\/novosti\/item\/139955-foto-kriket-izlozba-i-druzenje-u-tuzli-obiljezen-svjetski-dan-izbjeglica\/#breadcrumb","itemListElement":[{"@type":"ListItem","position":1,"name":"Home","item":"https:\/\/tuzlainfo.ba\/"},{"@type":"ListItem","position":2,"name":"Foto \/ Kriket, izlo\u017eba i dru\u017eenje: U Tuzli obilje\u017een Svjetski dan izbjeglica"}]},{"@type":"WebSite","@id":"https:\/\/tuzlainfo.ba\/#website","url":"https:\/\/tuzlainfo.ba\/","name":"TuzlaInfo.ba","description":"Tuzla info, gradski informator - Tuzla na dlanu","publisher":{"@id":"https:\/\/tuzlainfo.ba\/#organization"},"potentialAction":[{"@type":"SearchAction","target":{"@type":"EntryPoint","urlTemplate":"https:\/\/tuzlainfo.ba\/?s={search_term_string}"},"query-input":{"@type":"PropertyValueSpecification","valueRequired":true,"valueName":"search_term_string"}}],"inLanguage":"bs-BA"},{"@type":"Organization","@id":"https:\/\/tuzlainfo.ba\/#organization","name":"TuzlaInfo.ba","url":"https:\/\/tuzlainfo.ba\/","logo":{"@type":"ImageObject","inLanguage":"bs-BA","@id":"https:\/\/tuzlainfo.ba\/#\/schema\/logo\/image\/","url":"https:\/\/tuzlainfo.ba\/wp-content\/uploads\/2021\/03\/logo-ver-3-1.png","contentUrl":"https:\/\/tuzlainfo.ba\/wp-content\/uploads\/2021\/03\/logo-ver-3-1.png","width":350,"height":95,"caption":"TuzlaInfo.ba"},"image":{"@id":"https:\/\/tuzlainfo.ba\/#\/schema\/logo\/image\/"},"sameAs":["https:\/\/www.facebook.com\/tuzlainfo.ba\/"]},{"@type":"Person","@id":"https:\/\/tuzlainfo.ba\/#\/schema\/person\/f434e20dc27ea133923aab08451b7f7f","name":"nedim","image":{"@type":"ImageObject","inLanguage":"bs-BA","@id":"https:\/\/secure.gravatar.com\/avatar\/5b928a2e7e70a54208d2eb6c1edcb75a5350d6ae97d5f0a701203d456823f6f3?s=96&d=mm&r=g","url":"https:\/\/secure.gravatar.com\/avatar\/5b928a2e7e70a54208d2eb6c1edcb75a5350d6ae97d5f0a701203d456823f6f3?s=96&d=mm&r=g","contentUrl":"https:\/\/secure.gravatar.com\/avatar\/5b928a2e7e70a54208d2eb6c1edcb75a5350d6ae97d5f0a701203d456823f6f3?s=96&d=mm&r=g","caption":"nedim"},"description":"Tuzlainfo.ba pratite na dru\u0161tvenim mre\u017eama: Facebook, Instagram i Youtube. Svoje pri\u010de, upite i fotografije \u0161aljite na na\u0161u e-mail adresu."}]}},"_links":{"self":[{"href":"https:\/\/tuzlainfo.ba\/index.php\/wp-json\/wp\/v2\/posts\/139955","targetHints":{"allow":["GET"]}}],"collection":[{"href":"https:\/\/tuzlainfo.ba\/index.php\/wp-json\/wp\/v2\/posts"}],"about":[{"href":"https:\/\/tuzlainfo.ba\/index.php\/wp-json\/wp\/v2\/types\/post"}],"author":[{"embeddable":true,"href":"https:\/\/tuzlainfo.ba\/index.php\/wp-json\/wp\/v2\/users\/2"}],"replies":[{"embeddable":true,"href":"https:\/\/tuzlainfo.ba\/index.php\/wp-json\/wp\/v2\/comments?post=139955"}],"version-history":[{"count":0,"href":"https:\/\/tuzlainfo.ba\/index.php\/wp-json\/wp\/v2\/posts\/139955\/revisions"}],"wp:featuredmedia":[{"embeddable":true,"href":"https:\/\/tuzlainfo.ba\/index.php\/wp-json\/wp\/v2\/media\/139959"}],"wp:attachment":[{"href":"https:\/\/tuzlainfo.ba\/index.php\/wp-json\/wp\/v2\/media?parent=139955"}],"wp:term":[{"taxonomy":"category","embeddable":true,"href":"https:\/\/tuzlainfo.ba\/index.php\/wp-json\/wp\/v2\/categories?post=139955"},{"taxonomy":"post_tag","embeddable":true,"href":"https:\/\/tuzlainfo.ba\/index.php\/wp-json\/wp\/v2\/tags?post=139955"}],"curies":[{"name":"wp","href":"https:\/\/api.w.org\/{rel}","templated":true}]}}