{"id":139765,"date":"2021-06-17T22:05:07","date_gmt":"2021-06-17T20:05:07","guid":{"rendered":"https:\/\/tuzlainfo.ba\/?p=139765"},"modified":"2021-06-17T22:05:07","modified_gmt":"2021-06-17T20:05:07","slug":"skupstina-crne-gore-usvojila-rezoluciju-o-genocidu-u-srebrenici","status":"publish","type":"post","link":"https:\/\/tuzlainfo.ba\/index.php\/clanci\/sa-svih-strana\/item\/139765-skupstina-crne-gore-usvojila-rezoluciju-o-genocidu-u-srebrenici\/","title":{"rendered":"Skup\u0161tina Crne Gore usvojila Rezoluciju o genocidu u Srebrenici"},"content":{"rendered":"<p>Skup\u0161tina Crne Gore usvojila je ve\u010deras Rezoluciju o genocidu u Srebrenici. Od 81 prisutnog poslanika, 55 je bilo za, 19 protiv, a sedam suzdr\u017eano.<\/p>\n<p>Inicijativa da crnogorski parlament usvoji Rezoluciju o priznavanju genocida u Srebrenici motivisana je u\u010destalim negiranjem postojanja genocida, kako u dijelu javnosti, tako i u samoj Skup\u0161tini Crne Gore.<\/p>\n<p>Prijedlog Rezolucije podnijeli su poslanici Ervin Ibrahimovi\u0107, Dragutin Papovi\u0107, Damir \u0160ehovi\u0107, Ra\u0161ko Konjevi\u0107, Genci Nimanbegu, Fatmir \u0110eka i Andrija Popovi\u0107.<\/p>\n<p>Rezolucija podrazumijeva, izme\u0111u ostalog, da parlament osudi i priznaje da se u Srebrenici jula 1995. godine desio genocid i da je ubijeno vi\u0161e od 8.000 Bo\u0161njaka. Tako\u0111er, tekst rezolucije predvidio je i da se 11. juli proglasi Danom sje\u0107anja na \u017ertve Srebrenice.<\/p>\n<p>Predstavljaju\u0107i Rezoluciju u parlamentu, jedan od predlaga\u010da, poslanik Bo\u0161nja\u010dke stranke Ervin Ibrahimovi\u0107 saop\u0161tio je da je cilj dokumenta demokratizacija crnogorskog dru\u0161tva i pomirenje u regionu, da se zabrani javno negiranje genocida u Srebrenici, te da se prenese poruka da Rezolucija nije uperena ni protiv jednog naroda.<\/p>\n<p>Podsje\u0107a i da su Ha\u0161ki tribunal i Sud pravde u Hagu presudili da je u Srebrenici po\u010dinjen genocid, a da \u0107e usvajanjem Rezolucije i Skup\u0161tina Crne Gore to potvrditi.<\/p>\n<p>&#8211; Zabrinjava da se i nakon 25 godina od genocida i potpisivanja Dejtonskog sporazuma ovaj tragi\u010dni doga\u0111aj poku\u0161ava zloupotrebljavati u dnevnopoliti\u010dke svrhe, slu\u017ee\u0107i kao upori\u0161te nacionalisti\u010dkim strukturama za negiranje genocida, veli\u010danje pravosna\u017eno osu\u0111enih zlo\u010dinaca, zastra\u0161ivanje i netolerantnost prema manjininskim narodima &#8211; naveo je Ibrahimovi\u0107.<\/p>\n<p>Rezoluciji su se o\u0161tro usprotivili poslanici Demokratskog fronta koji su tokom pro\u0161lonedjeljne parlamentarne rasprave eksplicitno saop\u0161tili da ne\u0107e glasati za ovaj dokument.<\/p>\n<p>Poslanik DF-a Jovan Vu\u010durovi\u0107 kazao je da je rezolucija usmjerena protiv srpskog naroda.<\/p>\n<p>&#8211; Sadr\u017eaj ovog teksta je poku\u0161aj satanizacije srpskog naroda. Ovo je samo nastavak politike biv\u0161eg re\u017eima, koja po\u010diva i po\u010divala je na \u010distoj mr\u017enji prema srpskom narodu. Krajnja namjera ovakvih projekata je da se ba\u0161 Srbi natjeraju da govore da ovaj te\u0161ki zlo\u010din u Srebrenici nazovu genocidom. Onda je otvoren i put da se srpski narod proglasi za genocidni narod &#8211; rekao je on.<\/p>\n<p>Poslanici DF-a, SNP-a, UCG-a i RP-a podnijeli su amandmane na Prijedlog Rezolucije o Srebrenici.<\/p>\n<p>U jednom od amandmana predvi\u0111eno je brisanje rije\u010di &#8220;genocid u Srebrenici&#8221; i dodavanje rije\u010di &#8220;zlo\u010dinima na prostoru Bosne i Hercegovine i cijele biv\u0161e Jugoslavije&#8221;, pa bi tako naziv Prijedloga Rezolucije glasio &#8220;Rezolucija o zlo\u010dinima na prostoru Bosne i Hercegovine i cijele biv\u0161e Jugoslavije&#8221;. Me\u0111utim, taj amandman nije pro\u0161ao Odbor za ljudska prava i slobode.<\/p>\n<p>Prema posljednjem istra\u017eivanju Akcije za ljudska prava iz 2019. godine o odnosu gra\u0111ana Crne Gore prema ratnim zlo\u010dinima na prostoru biv\u0161e Jugoslavije, 67,9 posto gra\u0111ana smatra da se dogodio genocid. Od tog broja, 32,1 posto ispitanika, koji su se samostalno izjasnili da se u Srebrenici dogodio genocid, smatraju da su \u017ertve bili Bo\u0161njaci, odnosno Muslimani, a po\u010dinioci Srbi.<\/p>\n","protected":false},"excerpt":{"rendered":"<p>Skup\u0161tina Crne Gore usvojila je ve\u010deras Rezoluciju o genocidu u Srebrenici. Od 81 prisutnog poslanika,&hellip;<\/p>\n","protected":false},"author":2,"featured_media":139766,"comment_status":"open","ping_status":"closed","sticky":false,"template":"","format":"standard","meta":{"_acf_changed":false,"footnotes":""},"categories":[16],"tags":[456,1644,1645,352],"acf":[],"yoast_head":"<!-- This site is optimized with the Yoast SEO plugin v23.5 - https:\/\/yoast.com\/wordpress\/plugins\/seo\/ -->\n<title>Skup\u0161tina Crne Gore usvojila Rezoluciju o genocidu u Srebrenici - TuzlaInfo.ba<\/title>\n<meta name=\"robots\" content=\"index, follow, max-snippet:-1, max-image-preview:large, max-video-preview:-1\" \/>\n<link rel=\"canonical\" href=\"https:\/\/tuzlainfo.ba\/index.php\/clanci\/sa-svih-strana\/item\/139765-skupstina-crne-gore-usvojila-rezoluciju-o-genocidu-u-srebrenici\/\" \/>\n<meta property=\"og:locale\" content=\"bs_BA\" \/>\n<meta property=\"og:type\" content=\"article\" \/>\n<meta property=\"og:title\" content=\"Skup\u0161tina Crne Gore usvojila Rezoluciju o genocidu u Srebrenici - TuzlaInfo.ba\" \/>\n<meta property=\"og:description\" content=\"Skup\u0161tina Crne Gore usvojila je ve\u010deras Rezoluciju o genocidu u Srebrenici. Od 81 prisutnog poslanika,&hellip;\" \/>\n<meta property=\"og:url\" content=\"https:\/\/tuzlainfo.ba\/index.php\/clanci\/sa-svih-strana\/item\/139765-skupstina-crne-gore-usvojila-rezoluciju-o-genocidu-u-srebrenici\/\" \/>\n<meta property=\"og:site_name\" content=\"TuzlaInfo.ba\" \/>\n<meta property=\"article:publisher\" content=\"https:\/\/www.facebook.com\/tuzlainfo.ba\/\" \/>\n<meta property=\"article:published_time\" content=\"2021-06-17T20:05:07+00:00\" \/>\n<meta property=\"og:image\" content=\"https:\/\/tuzlainfo.ba\/wp-content\/uploads\/2021\/06\/1706_skupstina_cg.jpg\" \/>\n\t<meta property=\"og:image:width\" content=\"960\" \/>\n\t<meta property=\"og:image:height\" content=\"600\" \/>\n\t<meta property=\"og:image:type\" content=\"image\/jpeg\" \/>\n<meta name=\"author\" content=\"nedim\" \/>\n<meta name=\"twitter:card\" content=\"summary_large_image\" \/>\n<meta name=\"twitter:label1\" content=\"Written by\" \/>\n\t<meta name=\"twitter:data1\" content=\"nedim\" \/>\n\t<meta name=\"twitter:label2\" content=\"Est. reading time\" \/>\n\t<meta name=\"twitter:data2\" content=\"3 minute\" \/>\n<script type=\"application\/ld+json\" class=\"yoast-schema-graph\">{\"@context\":\"https:\/\/schema.org\",\"@graph\":[{\"@type\":\"Article\",\"@id\":\"https:\/\/tuzlainfo.ba\/index.php\/clanci\/sa-svih-strana\/item\/139765-skupstina-crne-gore-usvojila-rezoluciju-o-genocidu-u-srebrenici\/#article\",\"isPartOf\":{\"@id\":\"https:\/\/tuzlainfo.ba\/index.php\/clanci\/sa-svih-strana\/item\/139765-skupstina-crne-gore-usvojila-rezoluciju-o-genocidu-u-srebrenici\/\"},\"author\":{\"name\":\"nedim\",\"@id\":\"https:\/\/tuzlainfo.ba\/#\/schema\/person\/f434e20dc27ea133923aab08451b7f7f\"},\"headline\":\"Skup\u0161tina Crne Gore usvojila Rezoluciju o genocidu u Srebrenici\",\"datePublished\":\"2021-06-17T20:05:07+00:00\",\"dateModified\":\"2021-06-17T20:05:07+00:00\",\"mainEntityOfPage\":{\"@id\":\"https:\/\/tuzlainfo.ba\/index.php\/clanci\/sa-svih-strana\/item\/139765-skupstina-crne-gore-usvojila-rezoluciju-o-genocidu-u-srebrenici\/\"},\"wordCount\":522,\"commentCount\":0,\"publisher\":{\"@id\":\"https:\/\/tuzlainfo.ba\/#organization\"},\"image\":{\"@id\":\"https:\/\/tuzlainfo.ba\/index.php\/clanci\/sa-svih-strana\/item\/139765-skupstina-crne-gore-usvojila-rezoluciju-o-genocidu-u-srebrenici\/#primaryimage\"},\"thumbnailUrl\":\"https:\/\/tuzlainfo.ba\/wp-content\/uploads\/2021\/06\/1706_skupstina_cg.jpg\",\"keywords\":[\"crna gora\",\"rezolucija\",\"skup\u0161tina crne gore\",\"srebrenica\"],\"articleSection\":[\"Sa svih strana\"],\"inLanguage\":\"bs-BA\"},{\"@type\":\"WebPage\",\"@id\":\"https:\/\/tuzlainfo.ba\/index.php\/clanci\/sa-svih-strana\/item\/139765-skupstina-crne-gore-usvojila-rezoluciju-o-genocidu-u-srebrenici\/\",\"url\":\"https:\/\/tuzlainfo.ba\/index.php\/clanci\/sa-svih-strana\/item\/139765-skupstina-crne-gore-usvojila-rezoluciju-o-genocidu-u-srebrenici\/\",\"name\":\"Skup\u0161tina Crne Gore usvojila Rezoluciju o genocidu u Srebrenici - TuzlaInfo.ba\",\"isPartOf\":{\"@id\":\"https:\/\/tuzlainfo.ba\/#website\"},\"primaryImageOfPage\":{\"@id\":\"https:\/\/tuzlainfo.ba\/index.php\/clanci\/sa-svih-strana\/item\/139765-skupstina-crne-gore-usvojila-rezoluciju-o-genocidu-u-srebrenici\/#primaryimage\"},\"image\":{\"@id\":\"https:\/\/tuzlainfo.ba\/index.php\/clanci\/sa-svih-strana\/item\/139765-skupstina-crne-gore-usvojila-rezoluciju-o-genocidu-u-srebrenici\/#primaryimage\"},\"thumbnailUrl\":\"https:\/\/tuzlainfo.ba\/wp-content\/uploads\/2021\/06\/1706_skupstina_cg.jpg\",\"datePublished\":\"2021-06-17T20:05:07+00:00\",\"dateModified\":\"2021-06-17T20:05:07+00:00\",\"breadcrumb\":{\"@id\":\"https:\/\/tuzlainfo.ba\/index.php\/clanci\/sa-svih-strana\/item\/139765-skupstina-crne-gore-usvojila-rezoluciju-o-genocidu-u-srebrenici\/#breadcrumb\"},\"inLanguage\":\"bs-BA\",\"potentialAction\":[{\"@type\":\"ReadAction\",\"target\":[\"https:\/\/tuzlainfo.ba\/index.php\/clanci\/sa-svih-strana\/item\/139765-skupstina-crne-gore-usvojila-rezoluciju-o-genocidu-u-srebrenici\/\"]}]},{\"@type\":\"ImageObject\",\"inLanguage\":\"bs-BA\",\"@id\":\"https:\/\/tuzlainfo.ba\/index.php\/clanci\/sa-svih-strana\/item\/139765-skupstina-crne-gore-usvojila-rezoluciju-o-genocidu-u-srebrenici\/#primaryimage\",\"url\":\"https:\/\/tuzlainfo.ba\/wp-content\/uploads\/2021\/06\/1706_skupstina_cg.jpg\",\"contentUrl\":\"https:\/\/tuzlainfo.ba\/wp-content\/uploads\/2021\/06\/1706_skupstina_cg.jpg\",\"width\":960,\"height\":600},{\"@type\":\"BreadcrumbList\",\"@id\":\"https:\/\/tuzlainfo.ba\/index.php\/clanci\/sa-svih-strana\/item\/139765-skupstina-crne-gore-usvojila-rezoluciju-o-genocidu-u-srebrenici\/#breadcrumb\",\"itemListElement\":[{\"@type\":\"ListItem\",\"position\":1,\"name\":\"Home\",\"item\":\"https:\/\/tuzlainfo.ba\/\"},{\"@type\":\"ListItem\",\"position\":2,\"name\":\"Skup\u0161tina Crne Gore usvojila Rezoluciju o genocidu u Srebrenici\"}]},{\"@type\":\"WebSite\",\"@id\":\"https:\/\/tuzlainfo.ba\/#website\",\"url\":\"https:\/\/tuzlainfo.ba\/\",\"name\":\"TuzlaInfo.ba\",\"description\":\"Tuzla info, gradski informator - Tuzla na dlanu\",\"publisher\":{\"@id\":\"https:\/\/tuzlainfo.ba\/#organization\"},\"potentialAction\":[{\"@type\":\"SearchAction\",\"target\":{\"@type\":\"EntryPoint\",\"urlTemplate\":\"https:\/\/tuzlainfo.ba\/?s={search_term_string}\"},\"query-input\":{\"@type\":\"PropertyValueSpecification\",\"valueRequired\":true,\"valueName\":\"search_term_string\"}}],\"inLanguage\":\"bs-BA\"},{\"@type\":\"Organization\",\"@id\":\"https:\/\/tuzlainfo.ba\/#organization\",\"name\":\"TuzlaInfo.ba\",\"url\":\"https:\/\/tuzlainfo.ba\/\",\"logo\":{\"@type\":\"ImageObject\",\"inLanguage\":\"bs-BA\",\"@id\":\"https:\/\/tuzlainfo.ba\/#\/schema\/logo\/image\/\",\"url\":\"https:\/\/tuzlainfo.ba\/wp-content\/uploads\/2021\/03\/logo-ver-3-1.png\",\"contentUrl\":\"https:\/\/tuzlainfo.ba\/wp-content\/uploads\/2021\/03\/logo-ver-3-1.png\",\"width\":350,\"height\":95,\"caption\":\"TuzlaInfo.ba\"},\"image\":{\"@id\":\"https:\/\/tuzlainfo.ba\/#\/schema\/logo\/image\/\"},\"sameAs\":[\"https:\/\/www.facebook.com\/tuzlainfo.ba\/\"]},{\"@type\":\"Person\",\"@id\":\"https:\/\/tuzlainfo.ba\/#\/schema\/person\/f434e20dc27ea133923aab08451b7f7f\",\"name\":\"nedim\",\"image\":{\"@type\":\"ImageObject\",\"inLanguage\":\"bs-BA\",\"@id\":\"https:\/\/tuzlainfo.ba\/#\/schema\/person\/image\/\",\"url\":\"https:\/\/tuzlainfo.ba\/wp-content\/litespeed\/avatar\/aabad687af24844af817603ac1cbdc4f.jpg?ver=1777306975\",\"contentUrl\":\"https:\/\/tuzlainfo.ba\/wp-content\/litespeed\/avatar\/aabad687af24844af817603ac1cbdc4f.jpg?ver=1777306975\",\"caption\":\"nedim\"},\"description\":\"Tuzlainfo.ba pratite na dru\u0161tvenim mre\u017eama: Facebook, Instagram i Youtube. Svoje pri\u010de, upite i fotografije \u0161aljite na na\u0161u e-mail adresu.\"}]}<\/script>\n<!-- \/ Yoast SEO plugin. -->","yoast_head_json":{"title":"Skup\u0161tina Crne Gore usvojila Rezoluciju o genocidu u Srebrenici - TuzlaInfo.ba","robots":{"index":"index","follow":"follow","max-snippet":"max-snippet:-1","max-image-preview":"max-image-preview:large","max-video-preview":"max-video-preview:-1"},"canonical":"https:\/\/tuzlainfo.ba\/index.php\/clanci\/sa-svih-strana\/item\/139765-skupstina-crne-gore-usvojila-rezoluciju-o-genocidu-u-srebrenici\/","og_locale":"bs_BA","og_type":"article","og_title":"Skup\u0161tina Crne Gore usvojila Rezoluciju o genocidu u Srebrenici - TuzlaInfo.ba","og_description":"Skup\u0161tina Crne Gore usvojila je ve\u010deras Rezoluciju o genocidu u Srebrenici. Od 81 prisutnog poslanika,&hellip;","og_url":"https:\/\/tuzlainfo.ba\/index.php\/clanci\/sa-svih-strana\/item\/139765-skupstina-crne-gore-usvojila-rezoluciju-o-genocidu-u-srebrenici\/","og_site_name":"TuzlaInfo.ba","article_publisher":"https:\/\/www.facebook.com\/tuzlainfo.ba\/","article_published_time":"2021-06-17T20:05:07+00:00","og_image":[{"width":960,"height":600,"url":"https:\/\/tuzlainfo.ba\/wp-content\/uploads\/2021\/06\/1706_skupstina_cg.jpg","type":"image\/jpeg"}],"author":"nedim","twitter_card":"summary_large_image","twitter_misc":{"Written by":"nedim","Est. reading time":"3 minute"},"schema":{"@context":"https:\/\/schema.org","@graph":[{"@type":"Article","@id":"https:\/\/tuzlainfo.ba\/index.php\/clanci\/sa-svih-strana\/item\/139765-skupstina-crne-gore-usvojila-rezoluciju-o-genocidu-u-srebrenici\/#article","isPartOf":{"@id":"https:\/\/tuzlainfo.ba\/index.php\/clanci\/sa-svih-strana\/item\/139765-skupstina-crne-gore-usvojila-rezoluciju-o-genocidu-u-srebrenici\/"},"author":{"name":"nedim","@id":"https:\/\/tuzlainfo.ba\/#\/schema\/person\/f434e20dc27ea133923aab08451b7f7f"},"headline":"Skup\u0161tina Crne Gore usvojila Rezoluciju o genocidu u Srebrenici","datePublished":"2021-06-17T20:05:07+00:00","dateModified":"2021-06-17T20:05:07+00:00","mainEntityOfPage":{"@id":"https:\/\/tuzlainfo.ba\/index.php\/clanci\/sa-svih-strana\/item\/139765-skupstina-crne-gore-usvojila-rezoluciju-o-genocidu-u-srebrenici\/"},"wordCount":522,"commentCount":0,"publisher":{"@id":"https:\/\/tuzlainfo.ba\/#organization"},"image":{"@id":"https:\/\/tuzlainfo.ba\/index.php\/clanci\/sa-svih-strana\/item\/139765-skupstina-crne-gore-usvojila-rezoluciju-o-genocidu-u-srebrenici\/#primaryimage"},"thumbnailUrl":"https:\/\/tuzlainfo.ba\/wp-content\/uploads\/2021\/06\/1706_skupstina_cg.jpg","keywords":["crna gora","rezolucija","skup\u0161tina crne gore","srebrenica"],"articleSection":["Sa svih strana"],"inLanguage":"bs-BA"},{"@type":"WebPage","@id":"https:\/\/tuzlainfo.ba\/index.php\/clanci\/sa-svih-strana\/item\/139765-skupstina-crne-gore-usvojila-rezoluciju-o-genocidu-u-srebrenici\/","url":"https:\/\/tuzlainfo.ba\/index.php\/clanci\/sa-svih-strana\/item\/139765-skupstina-crne-gore-usvojila-rezoluciju-o-genocidu-u-srebrenici\/","name":"Skup\u0161tina Crne Gore usvojila Rezoluciju o genocidu u Srebrenici - TuzlaInfo.ba","isPartOf":{"@id":"https:\/\/tuzlainfo.ba\/#website"},"primaryImageOfPage":{"@id":"https:\/\/tuzlainfo.ba\/index.php\/clanci\/sa-svih-strana\/item\/139765-skupstina-crne-gore-usvojila-rezoluciju-o-genocidu-u-srebrenici\/#primaryimage"},"image":{"@id":"https:\/\/tuzlainfo.ba\/index.php\/clanci\/sa-svih-strana\/item\/139765-skupstina-crne-gore-usvojila-rezoluciju-o-genocidu-u-srebrenici\/#primaryimage"},"thumbnailUrl":"https:\/\/tuzlainfo.ba\/wp-content\/uploads\/2021\/06\/1706_skupstina_cg.jpg","datePublished":"2021-06-17T20:05:07+00:00","dateModified":"2021-06-17T20:05:07+00:00","breadcrumb":{"@id":"https:\/\/tuzlainfo.ba\/index.php\/clanci\/sa-svih-strana\/item\/139765-skupstina-crne-gore-usvojila-rezoluciju-o-genocidu-u-srebrenici\/#breadcrumb"},"inLanguage":"bs-BA","potentialAction":[{"@type":"ReadAction","target":["https:\/\/tuzlainfo.ba\/index.php\/clanci\/sa-svih-strana\/item\/139765-skupstina-crne-gore-usvojila-rezoluciju-o-genocidu-u-srebrenici\/"]}]},{"@type":"ImageObject","inLanguage":"bs-BA","@id":"https:\/\/tuzlainfo.ba\/index.php\/clanci\/sa-svih-strana\/item\/139765-skupstina-crne-gore-usvojila-rezoluciju-o-genocidu-u-srebrenici\/#primaryimage","url":"https:\/\/tuzlainfo.ba\/wp-content\/uploads\/2021\/06\/1706_skupstina_cg.jpg","contentUrl":"https:\/\/tuzlainfo.ba\/wp-content\/uploads\/2021\/06\/1706_skupstina_cg.jpg","width":960,"height":600},{"@type":"BreadcrumbList","@id":"https:\/\/tuzlainfo.ba\/index.php\/clanci\/sa-svih-strana\/item\/139765-skupstina-crne-gore-usvojila-rezoluciju-o-genocidu-u-srebrenici\/#breadcrumb","itemListElement":[{"@type":"ListItem","position":1,"name":"Home","item":"https:\/\/tuzlainfo.ba\/"},{"@type":"ListItem","position":2,"name":"Skup\u0161tina Crne Gore usvojila Rezoluciju o genocidu u Srebrenici"}]},{"@type":"WebSite","@id":"https:\/\/tuzlainfo.ba\/#website","url":"https:\/\/tuzlainfo.ba\/","name":"TuzlaInfo.ba","description":"Tuzla info, gradski informator - Tuzla na dlanu","publisher":{"@id":"https:\/\/tuzlainfo.ba\/#organization"},"potentialAction":[{"@type":"SearchAction","target":{"@type":"EntryPoint","urlTemplate":"https:\/\/tuzlainfo.ba\/?s={search_term_string}"},"query-input":{"@type":"PropertyValueSpecification","valueRequired":true,"valueName":"search_term_string"}}],"inLanguage":"bs-BA"},{"@type":"Organization","@id":"https:\/\/tuzlainfo.ba\/#organization","name":"TuzlaInfo.ba","url":"https:\/\/tuzlainfo.ba\/","logo":{"@type":"ImageObject","inLanguage":"bs-BA","@id":"https:\/\/tuzlainfo.ba\/#\/schema\/logo\/image\/","url":"https:\/\/tuzlainfo.ba\/wp-content\/uploads\/2021\/03\/logo-ver-3-1.png","contentUrl":"https:\/\/tuzlainfo.ba\/wp-content\/uploads\/2021\/03\/logo-ver-3-1.png","width":350,"height":95,"caption":"TuzlaInfo.ba"},"image":{"@id":"https:\/\/tuzlainfo.ba\/#\/schema\/logo\/image\/"},"sameAs":["https:\/\/www.facebook.com\/tuzlainfo.ba\/"]},{"@type":"Person","@id":"https:\/\/tuzlainfo.ba\/#\/schema\/person\/f434e20dc27ea133923aab08451b7f7f","name":"nedim","image":{"@type":"ImageObject","inLanguage":"bs-BA","@id":"https:\/\/tuzlainfo.ba\/#\/schema\/person\/image\/","url":"https:\/\/tuzlainfo.ba\/wp-content\/litespeed\/avatar\/aabad687af24844af817603ac1cbdc4f.jpg?ver=1777306975","contentUrl":"https:\/\/tuzlainfo.ba\/wp-content\/litespeed\/avatar\/aabad687af24844af817603ac1cbdc4f.jpg?ver=1777306975","caption":"nedim"},"description":"Tuzlainfo.ba pratite na dru\u0161tvenim mre\u017eama: Facebook, Instagram i Youtube. Svoje pri\u010de, upite i fotografije \u0161aljite na na\u0161u e-mail adresu."}]}},"_links":{"self":[{"href":"https:\/\/tuzlainfo.ba\/index.php\/wp-json\/wp\/v2\/posts\/139765"}],"collection":[{"href":"https:\/\/tuzlainfo.ba\/index.php\/wp-json\/wp\/v2\/posts"}],"about":[{"href":"https:\/\/tuzlainfo.ba\/index.php\/wp-json\/wp\/v2\/types\/post"}],"author":[{"embeddable":true,"href":"https:\/\/tuzlainfo.ba\/index.php\/wp-json\/wp\/v2\/users\/2"}],"replies":[{"embeddable":true,"href":"https:\/\/tuzlainfo.ba\/index.php\/wp-json\/wp\/v2\/comments?post=139765"}],"version-history":[{"count":0,"href":"https:\/\/tuzlainfo.ba\/index.php\/wp-json\/wp\/v2\/posts\/139765\/revisions"}],"wp:featuredmedia":[{"embeddable":true,"href":"https:\/\/tuzlainfo.ba\/index.php\/wp-json\/wp\/v2\/media\/139766"}],"wp:attachment":[{"href":"https:\/\/tuzlainfo.ba\/index.php\/wp-json\/wp\/v2\/media?parent=139765"}],"wp:term":[{"taxonomy":"category","embeddable":true,"href":"https:\/\/tuzlainfo.ba\/index.php\/wp-json\/wp\/v2\/categories?post=139765"},{"taxonomy":"post_tag","embeddable":true,"href":"https:\/\/tuzlainfo.ba\/index.php\/wp-json\/wp\/v2\/tags?post=139765"}],"curies":[{"name":"wp","href":"https:\/\/api.w.org\/{rel}","templated":true}]}}