{"id":139754,"date":"2021-06-17T19:49:01","date_gmt":"2021-06-17T17:49:01","guid":{"rendered":"https:\/\/tuzlainfo.ba\/?p=139754"},"modified":"2021-06-17T19:49:49","modified_gmt":"2021-06-17T17:49:49","slug":"ko-sdp-bih-tk-odogovorio-na-saopstenje-sda-cudi-da-niste-jos-brutalniji","status":"publish","type":"post","link":"https:\/\/tuzlainfo.ba\/index.php\/novosti\/item\/139754-ko-sdp-bih-tk-odogovorio-na-saopstenje-sda-cudi-da-niste-jos-brutalniji\/","title":{"rendered":"KO SDP BiH TK odogovorio na saop\u0161tenje SDA: \u010cudi da niste jo\u0161 brutalniji"},"content":{"rendered":"<p>Kantonalni odbor SDP BiH Tuzlanskog kantona se oglasio se na svojoj Facebook stranici, a njihovo reagovanje na ju\u010dera\u0161nje Ko SDA TK\u00a0 prenosimo u cjelosti:<\/p>\n<p>Od decenijskih nosioca vlasti u TK (KO SDA) ako ni zbog \u010dega drugog, onda zbog dugogodi\u0161njeg iskustva o\u010dekivali smo vi\u0161e.<br \/>\nMalo vi\u0161e od jeftinog populisti\u010dkog saop\u0107enja utemeljenog na \u0161pekulacijama i pretpostavkama koje za cilj ima stvoriti imaginarne neprijatelje za dru\u0161tvo, i jos va\u017enije nametnuti sebe kao spasioce i dobro\u010dinitelje.<\/p>\n<p>Naravno, neprijatelji u ovom slu\u010daju smo mi i partneri, a spasioci bi bili dugogodi\u0161nji i privilegovani kadar SDA.<\/p>\n<p>Saop\u0107enje sa pregr\u0161t \u017ealopoljki oko legalnih smjena nelegalno imenovanih.<\/p>\n<p>&#8211; Za par mjeseci rada utvrdili smo brojne apsurde u radu i poslovanju javnih preduze\u0107a koji se tu\u0161e u dugovima dok su milionske tu\u017ebe pred vratima.<br \/>\n&#8211; Paralelno s tim, dugovanja nisu bila prepreka da va\u0161i visokopozicionirani kadrovi imaju enormno visoke plate.<br \/>\n&#8211; \u0160vicarski standard predsjednika Kluba SDA sa mjese\u010dnim primanjima ve\u0107im od 7.000, 00 KM je posebno \u0161okantan.<br \/>\n&#8211; \u0160kole ste pretvorili u strana\u010dke poligone. Analiziraju\u0107i stanje utvrdili smo da oko 75% direktora \u0161kola je &#8220;nestrana\u010dki&#8221; sa pozicije direktora bilo na listama za Lokalne izbore 2020.godine.<br \/>\n&#8211; Godinama ste uru\u0161avali ulogu i polo\u017eaj prosvjetnog radnika u kome ste vidjeli priliku za strana\u010dku glasa\u010dku ma\u0161ineriju.<br \/>\n&#8211; U institucijama kulture, u vrijeme pandemije i moratorija, dok su ustanove vodile bitku za opstanak zbrinjavali ste strana\u010dke poslu\u0161nike.<br \/>\nPrimjera je mnogo &#8230;<br \/>\n&#8211; Dobri rezultati na\u0161eg odgovornog rada su neminovni, ali ono na \u0161to ne\u0107emo za\u017emiriti jeste bahato i \u010desto nezakonito djelovanje grupa ili pojedinaca koji su sa svoje funkcije ili polo\u017eaja nanijeli ogromnu \u0161tetu dru\u0161tvu u cjelini.<br \/>\nI, iz tog razloga \u010dudi da niste jo\u0161 brutalniji &#8230;, navedeno je u reagovanju.<\/p>\n<blockquote class=\"wp-embedded-content\" data-secret=\"X6MYy2yz9t\"><p><a href=\"https:\/\/tuzlainfo.ba\/index.php\/novosti\/item\/139658-ko-sda-tk-kadrijini-eksperti-dnevno-smjenjuju-65-ljudi-a-mjesecno-se-bave-samo-jednim-zakonom\/\">KO SDA TK: Kadrijini \u201eeksperti\u201c dnevno smjenjuju 6,5 ljudi, a mjese\u010dno se bave samo jednim zakonom<\/a><\/p><\/blockquote>\n<p><iframe class=\"wp-embedded-content\" sandbox=\"allow-scripts\" security=\"restricted\" style=\"position: absolute; visibility: hidden;\" title=\"\u201cKO SDA TK: Kadrijini \u201eeksperti\u201c dnevno smjenjuju 6,5 ljudi, a mjese\u010dno se bave samo jednim zakonom\u201d \u2014 TuzlaInfo.ba\" src=\"https:\/\/tuzlainfo.ba\/index.php\/novosti\/item\/139658-ko-sda-tk-kadrijini-eksperti-dnevno-smjenjuju-65-ljudi-a-mjesecno-se-bave-samo-jednim-zakonom\/embed\/#?secret=t3zwrJydH2#?secret=X6MYy2yz9t\" data-secret=\"X6MYy2yz9t\" width=\"600\" height=\"338\" frameborder=\"0\" marginwidth=\"0\" marginheight=\"0\" scrolling=\"no\"><\/iframe><\/p>\n","protected":false},"excerpt":{"rendered":"<p>Kantonalni odbor SDP BiH Tuzlanskog kantona se oglasio se na svojoj Facebook stranici, a njihovo reagovanje na ju\u010dera\u0161nje Ko SDA TK\u00a0 prenosimo u cjelosti: Od decenijskih nosioca vlasti u TK (KO SDA) ako ni zbog \u010dega drugog, onda zbog dugogodi\u0161njeg iskustva o\u010dekivali smo vi\u0161e. Malo vi\u0161e od jeftinog populisti\u010dkog saop\u0107enja utemeljenog na \u0161pekulacijama i pretpostavkama [&hellip;]<\/p>\n","protected":false},"author":2,"featured_media":83951,"comment_status":"open","ping_status":"closed","sticky":false,"template":"","format":"standard","meta":{"footnotes":""},"categories":[304,12],"tags":[1643],"class_list":["post-139754","post","type-post","status-publish","format-standard","has-post-thumbnail","hentry","category-istaknuto","category-novosti","tag-ko-sdp-bih"],"yoast_head":"<!-- This site is optimized with the Yoast SEO plugin v28.4 - https:\/\/yoast.com\/product\/yoast-seo-wordpress\/ -->\n<title>KO SDP BiH TK odogovorio na saop\u0161tenje SDA: \u010cudi da niste jo\u0161 brutalniji<\/title>\n<meta name=\"robots\" content=\"index, follow, max-snippet:-1, max-image-preview:large, max-video-preview:-1\" \/>\n<link rel=\"canonical\" href=\"https:\/\/tuzlainfo.ba\/index.php\/novosti\/item\/139754-ko-sdp-bih-tk-odogovorio-na-saopstenje-sda-cudi-da-niste-jos-brutalniji\/\" \/>\n<meta property=\"og:locale\" content=\"bs_BA\" \/>\n<meta property=\"og:type\" content=\"article\" \/>\n<meta property=\"og:title\" content=\"KO SDP BiH TK odogovorio na saop\u0161tenje SDA: \u010cudi da niste jo\u0161 brutalniji\" \/>\n<meta property=\"og:description\" content=\"Kantonalni odbor SDP BiH Tuzlanskog kantona se oglasio se na svojoj Facebook stranici, a njihovo reagovanje na ju\u010dera\u0161nje Ko SDA TK\u00a0 prenosimo u cjelosti: Od decenijskih nosioca vlasti u TK (KO SDA) ako ni zbog \u010dega drugog, onda zbog dugogodi\u0161njeg iskustva o\u010dekivali smo vi\u0161e. Malo vi\u0161e od jeftinog populisti\u010dkog saop\u0107enja utemeljenog na \u0161pekulacijama i pretpostavkama [&hellip;]\" \/>\n<meta property=\"og:url\" content=\"https:\/\/tuzlainfo.ba\/index.php\/novosti\/item\/139754-ko-sdp-bih-tk-odogovorio-na-saopstenje-sda-cudi-da-niste-jos-brutalniji\/\" \/>\n<meta property=\"og:site_name\" content=\"TuzlaInfo.ba\" \/>\n<meta property=\"article:publisher\" content=\"https:\/\/www.facebook.com\/tuzlainfo.ba\/\" \/>\n<meta property=\"article:published_time\" content=\"2021-06-17T17:49:01+00:00\" \/>\n<meta property=\"article:modified_time\" content=\"2021-06-17T17:49:49+00:00\" \/>\n<meta property=\"og:image\" content=\"https:\/\/tuzlainfo.ba\/wp-content\/uploads\/2020\/11\/sadrzaj_2020_20201101_0711_sdp-SAOPSTENJE.jpg\" \/>\n\t<meta property=\"og:image:width\" content=\"770\" \/>\n\t<meta property=\"og:image:height\" content=\"501\" \/>\n\t<meta property=\"og:image:type\" content=\"image\/jpeg\" \/>\n<meta name=\"author\" content=\"nedim\" \/>\n<meta name=\"twitter:card\" content=\"summary_large_image\" \/>\n<meta name=\"twitter:label1\" content=\"Written by\" \/>\n\t<meta name=\"twitter:data1\" content=\"nedim\" \/>\n\t<meta name=\"twitter:label2\" content=\"Est. reading time\" \/>\n\t<meta name=\"twitter:data2\" content=\"2 minute\" \/>\n<script type=\"application\/ld+json\" class=\"yoast-schema-graph\">{\"@context\":\"https:\\\/\\\/schema.org\",\"@graph\":[{\"@type\":\"Article\",\"@id\":\"https:\\\/\\\/tuzlainfo.ba\\\/index.php\\\/novosti\\\/item\\\/139754-ko-sdp-bih-tk-odogovorio-na-saopstenje-sda-cudi-da-niste-jos-brutalniji\\\/#article\",\"isPartOf\":{\"@id\":\"https:\\\/\\\/tuzlainfo.ba\\\/index.php\\\/novosti\\\/item\\\/139754-ko-sdp-bih-tk-odogovorio-na-saopstenje-sda-cudi-da-niste-jos-brutalniji\\\/\"},\"author\":{\"name\":\"nedim\",\"@id\":\"https:\\\/\\\/tuzlainfo.ba\\\/#\\\/schema\\\/person\\\/f434e20dc27ea133923aab08451b7f7f\"},\"headline\":\"KO SDP BiH TK odogovorio na saop\u0161tenje SDA: \u010cudi da niste jo\u0161 brutalniji\",\"datePublished\":\"2021-06-17T17:49:01+00:00\",\"dateModified\":\"2021-06-17T17:49:49+00:00\",\"mainEntityOfPage\":{\"@id\":\"https:\\\/\\\/tuzlainfo.ba\\\/index.php\\\/novosti\\\/item\\\/139754-ko-sdp-bih-tk-odogovorio-na-saopstenje-sda-cudi-da-niste-jos-brutalniji\\\/\"},\"wordCount\":333,\"commentCount\":0,\"publisher\":{\"@id\":\"https:\\\/\\\/tuzlainfo.ba\\\/#organization\"},\"image\":{\"@id\":\"https:\\\/\\\/tuzlainfo.ba\\\/index.php\\\/novosti\\\/item\\\/139754-ko-sdp-bih-tk-odogovorio-na-saopstenje-sda-cudi-da-niste-jos-brutalniji\\\/#primaryimage\"},\"thumbnailUrl\":\"https:\\\/\\\/tuzlainfo.ba\\\/wp-content\\\/uploads\\\/2020\\\/11\\\/sadrzaj_2020_20201101_0711_sdp-SAOPSTENJE.jpg\",\"keywords\":[\"KO SDP BiH\"],\"articleSection\":[\"Istaknuto\",\"Novosti\"],\"inLanguage\":\"bs-BA\",\"copyrightYear\":\"2021\",\"copyrightHolder\":{\"@id\":\"https:\\\/\\\/tuzlainfo.ba\\\/#organization\"}},{\"@type\":\"WebPage\",\"@id\":\"https:\\\/\\\/tuzlainfo.ba\\\/index.php\\\/novosti\\\/item\\\/139754-ko-sdp-bih-tk-odogovorio-na-saopstenje-sda-cudi-da-niste-jos-brutalniji\\\/\",\"url\":\"https:\\\/\\\/tuzlainfo.ba\\\/index.php\\\/novosti\\\/item\\\/139754-ko-sdp-bih-tk-odogovorio-na-saopstenje-sda-cudi-da-niste-jos-brutalniji\\\/\",\"name\":\"KO SDP BiH TK odogovorio na saop\u0161tenje SDA: \u010cudi da niste jo\u0161 brutalniji\",\"isPartOf\":{\"@id\":\"https:\\\/\\\/tuzlainfo.ba\\\/#website\"},\"primaryImageOfPage\":{\"@id\":\"https:\\\/\\\/tuzlainfo.ba\\\/index.php\\\/novosti\\\/item\\\/139754-ko-sdp-bih-tk-odogovorio-na-saopstenje-sda-cudi-da-niste-jos-brutalniji\\\/#primaryimage\"},\"image\":{\"@id\":\"https:\\\/\\\/tuzlainfo.ba\\\/index.php\\\/novosti\\\/item\\\/139754-ko-sdp-bih-tk-odogovorio-na-saopstenje-sda-cudi-da-niste-jos-brutalniji\\\/#primaryimage\"},\"thumbnailUrl\":\"https:\\\/\\\/tuzlainfo.ba\\\/wp-content\\\/uploads\\\/2020\\\/11\\\/sadrzaj_2020_20201101_0711_sdp-SAOPSTENJE.jpg\",\"datePublished\":\"2021-06-17T17:49:01+00:00\",\"dateModified\":\"2021-06-17T17:49:49+00:00\",\"breadcrumb\":{\"@id\":\"https:\\\/\\\/tuzlainfo.ba\\\/index.php\\\/novosti\\\/item\\\/139754-ko-sdp-bih-tk-odogovorio-na-saopstenje-sda-cudi-da-niste-jos-brutalniji\\\/#breadcrumb\"},\"inLanguage\":\"bs-BA\",\"potentialAction\":[{\"@type\":\"ReadAction\",\"target\":[\"https:\\\/\\\/tuzlainfo.ba\\\/index.php\\\/novosti\\\/item\\\/139754-ko-sdp-bih-tk-odogovorio-na-saopstenje-sda-cudi-da-niste-jos-brutalniji\\\/\"]}]},{\"@type\":\"ImageObject\",\"inLanguage\":\"bs-BA\",\"@id\":\"https:\\\/\\\/tuzlainfo.ba\\\/index.php\\\/novosti\\\/item\\\/139754-ko-sdp-bih-tk-odogovorio-na-saopstenje-sda-cudi-da-niste-jos-brutalniji\\\/#primaryimage\",\"url\":\"https:\\\/\\\/tuzlainfo.ba\\\/wp-content\\\/uploads\\\/2020\\\/11\\\/sadrzaj_2020_20201101_0711_sdp-SAOPSTENJE.jpg\",\"contentUrl\":\"https:\\\/\\\/tuzlainfo.ba\\\/wp-content\\\/uploads\\\/2020\\\/11\\\/sadrzaj_2020_20201101_0711_sdp-SAOPSTENJE.jpg\",\"width\":770,\"height\":501,\"caption\":\"0711 sdp SAOPSTENJE\"},{\"@type\":\"BreadcrumbList\",\"@id\":\"https:\\\/\\\/tuzlainfo.ba\\\/index.php\\\/novosti\\\/item\\\/139754-ko-sdp-bih-tk-odogovorio-na-saopstenje-sda-cudi-da-niste-jos-brutalniji\\\/#breadcrumb\",\"itemListElement\":[{\"@type\":\"ListItem\",\"position\":1,\"name\":\"Home\",\"item\":\"https:\\\/\\\/tuzlainfo.ba\\\/\"},{\"@type\":\"ListItem\",\"position\":2,\"name\":\"KO SDP BiH TK odogovorio na saop\u0161tenje SDA: \u010cudi da niste jo\u0161 brutalniji\"}]},{\"@type\":\"WebSite\",\"@id\":\"https:\\\/\\\/tuzlainfo.ba\\\/#website\",\"url\":\"https:\\\/\\\/tuzlainfo.ba\\\/\",\"name\":\"TuzlaInfo.ba\",\"description\":\"Tuzla info, gradski informator - Tuzla na dlanu\",\"publisher\":{\"@id\":\"https:\\\/\\\/tuzlainfo.ba\\\/#organization\"},\"potentialAction\":[{\"@type\":\"SearchAction\",\"target\":{\"@type\":\"EntryPoint\",\"urlTemplate\":\"https:\\\/\\\/tuzlainfo.ba\\\/?s={search_term_string}\"},\"query-input\":{\"@type\":\"PropertyValueSpecification\",\"valueRequired\":true,\"valueName\":\"search_term_string\"}}],\"inLanguage\":\"bs-BA\"},{\"@type\":\"Organization\",\"@id\":\"https:\\\/\\\/tuzlainfo.ba\\\/#organization\",\"name\":\"TuzlaInfo.ba\",\"url\":\"https:\\\/\\\/tuzlainfo.ba\\\/\",\"logo\":{\"@type\":\"ImageObject\",\"inLanguage\":\"bs-BA\",\"@id\":\"https:\\\/\\\/tuzlainfo.ba\\\/#\\\/schema\\\/logo\\\/image\\\/\",\"url\":\"https:\\\/\\\/tuzlainfo.ba\\\/wp-content\\\/uploads\\\/2021\\\/03\\\/logo-ver-3-1.png\",\"contentUrl\":\"https:\\\/\\\/tuzlainfo.ba\\\/wp-content\\\/uploads\\\/2021\\\/03\\\/logo-ver-3-1.png\",\"width\":350,\"height\":95,\"caption\":\"TuzlaInfo.ba\"},\"image\":{\"@id\":\"https:\\\/\\\/tuzlainfo.ba\\\/#\\\/schema\\\/logo\\\/image\\\/\"},\"sameAs\":[\"https:\\\/\\\/www.facebook.com\\\/tuzlainfo.ba\\\/\"]},{\"@type\":\"Person\",\"@id\":\"https:\\\/\\\/tuzlainfo.ba\\\/#\\\/schema\\\/person\\\/f434e20dc27ea133923aab08451b7f7f\",\"name\":\"nedim\",\"image\":{\"@type\":\"ImageObject\",\"inLanguage\":\"bs-BA\",\"@id\":\"https:\\\/\\\/secure.gravatar.com\\\/avatar\\\/5b928a2e7e70a54208d2eb6c1edcb75a5350d6ae97d5f0a701203d456823f6f3?s=96&d=mm&r=g\",\"url\":\"https:\\\/\\\/secure.gravatar.com\\\/avatar\\\/5b928a2e7e70a54208d2eb6c1edcb75a5350d6ae97d5f0a701203d456823f6f3?s=96&d=mm&r=g\",\"contentUrl\":\"https:\\\/\\\/secure.gravatar.com\\\/avatar\\\/5b928a2e7e70a54208d2eb6c1edcb75a5350d6ae97d5f0a701203d456823f6f3?s=96&d=mm&r=g\",\"caption\":\"nedim\"},\"description\":\"Tuzlainfo.ba pratite na dru\u0161tvenim mre\u017eama: Facebook, Instagram i Youtube. Svoje pri\u010de, upite i fotografije \u0161aljite na na\u0161u e-mail adresu.\"}]}<\/script>\n<!-- \/ Yoast SEO plugin. -->","yoast_head_json":{"title":"KO SDP BiH TK odogovorio na saop\u0161tenje SDA: \u010cudi da niste jo\u0161 brutalniji","robots":{"index":"index","follow":"follow","max-snippet":"max-snippet:-1","max-image-preview":"max-image-preview:large","max-video-preview":"max-video-preview:-1"},"canonical":"https:\/\/tuzlainfo.ba\/index.php\/novosti\/item\/139754-ko-sdp-bih-tk-odogovorio-na-saopstenje-sda-cudi-da-niste-jos-brutalniji\/","og_locale":"bs_BA","og_type":"article","og_title":"KO SDP BiH TK odogovorio na saop\u0161tenje SDA: \u010cudi da niste jo\u0161 brutalniji","og_description":"Kantonalni odbor SDP BiH Tuzlanskog kantona se oglasio se na svojoj Facebook stranici, a njihovo reagovanje na ju\u010dera\u0161nje Ko SDA TK\u00a0 prenosimo u cjelosti: Od decenijskih nosioca vlasti u TK (KO SDA) ako ni zbog \u010dega drugog, onda zbog dugogodi\u0161njeg iskustva o\u010dekivali smo vi\u0161e. Malo vi\u0161e od jeftinog populisti\u010dkog saop\u0107enja utemeljenog na \u0161pekulacijama i pretpostavkama [&hellip;]","og_url":"https:\/\/tuzlainfo.ba\/index.php\/novosti\/item\/139754-ko-sdp-bih-tk-odogovorio-na-saopstenje-sda-cudi-da-niste-jos-brutalniji\/","og_site_name":"TuzlaInfo.ba","article_publisher":"https:\/\/www.facebook.com\/tuzlainfo.ba\/","article_published_time":"2021-06-17T17:49:01+00:00","article_modified_time":"2021-06-17T17:49:49+00:00","og_image":[{"width":770,"height":501,"url":"https:\/\/tuzlainfo.ba\/wp-content\/uploads\/2020\/11\/sadrzaj_2020_20201101_0711_sdp-SAOPSTENJE.jpg","type":"image\/jpeg"}],"author":"nedim","twitter_card":"summary_large_image","twitter_misc":{"Written by":"nedim","Est. reading time":"2 minute"},"schema":{"@context":"https:\/\/schema.org","@graph":[{"@type":"Article","@id":"https:\/\/tuzlainfo.ba\/index.php\/novosti\/item\/139754-ko-sdp-bih-tk-odogovorio-na-saopstenje-sda-cudi-da-niste-jos-brutalniji\/#article","isPartOf":{"@id":"https:\/\/tuzlainfo.ba\/index.php\/novosti\/item\/139754-ko-sdp-bih-tk-odogovorio-na-saopstenje-sda-cudi-da-niste-jos-brutalniji\/"},"author":{"name":"nedim","@id":"https:\/\/tuzlainfo.ba\/#\/schema\/person\/f434e20dc27ea133923aab08451b7f7f"},"headline":"KO SDP BiH TK odogovorio na saop\u0161tenje SDA: \u010cudi da niste jo\u0161 brutalniji","datePublished":"2021-06-17T17:49:01+00:00","dateModified":"2021-06-17T17:49:49+00:00","mainEntityOfPage":{"@id":"https:\/\/tuzlainfo.ba\/index.php\/novosti\/item\/139754-ko-sdp-bih-tk-odogovorio-na-saopstenje-sda-cudi-da-niste-jos-brutalniji\/"},"wordCount":333,"commentCount":0,"publisher":{"@id":"https:\/\/tuzlainfo.ba\/#organization"},"image":{"@id":"https:\/\/tuzlainfo.ba\/index.php\/novosti\/item\/139754-ko-sdp-bih-tk-odogovorio-na-saopstenje-sda-cudi-da-niste-jos-brutalniji\/#primaryimage"},"thumbnailUrl":"https:\/\/tuzlainfo.ba\/wp-content\/uploads\/2020\/11\/sadrzaj_2020_20201101_0711_sdp-SAOPSTENJE.jpg","keywords":["KO SDP BiH"],"articleSection":["Istaknuto","Novosti"],"inLanguage":"bs-BA","copyrightYear":"2021","copyrightHolder":{"@id":"https:\/\/tuzlainfo.ba\/#organization"}},{"@type":"WebPage","@id":"https:\/\/tuzlainfo.ba\/index.php\/novosti\/item\/139754-ko-sdp-bih-tk-odogovorio-na-saopstenje-sda-cudi-da-niste-jos-brutalniji\/","url":"https:\/\/tuzlainfo.ba\/index.php\/novosti\/item\/139754-ko-sdp-bih-tk-odogovorio-na-saopstenje-sda-cudi-da-niste-jos-brutalniji\/","name":"KO SDP BiH TK odogovorio na saop\u0161tenje SDA: \u010cudi da niste jo\u0161 brutalniji","isPartOf":{"@id":"https:\/\/tuzlainfo.ba\/#website"},"primaryImageOfPage":{"@id":"https:\/\/tuzlainfo.ba\/index.php\/novosti\/item\/139754-ko-sdp-bih-tk-odogovorio-na-saopstenje-sda-cudi-da-niste-jos-brutalniji\/#primaryimage"},"image":{"@id":"https:\/\/tuzlainfo.ba\/index.php\/novosti\/item\/139754-ko-sdp-bih-tk-odogovorio-na-saopstenje-sda-cudi-da-niste-jos-brutalniji\/#primaryimage"},"thumbnailUrl":"https:\/\/tuzlainfo.ba\/wp-content\/uploads\/2020\/11\/sadrzaj_2020_20201101_0711_sdp-SAOPSTENJE.jpg","datePublished":"2021-06-17T17:49:01+00:00","dateModified":"2021-06-17T17:49:49+00:00","breadcrumb":{"@id":"https:\/\/tuzlainfo.ba\/index.php\/novosti\/item\/139754-ko-sdp-bih-tk-odogovorio-na-saopstenje-sda-cudi-da-niste-jos-brutalniji\/#breadcrumb"},"inLanguage":"bs-BA","potentialAction":[{"@type":"ReadAction","target":["https:\/\/tuzlainfo.ba\/index.php\/novosti\/item\/139754-ko-sdp-bih-tk-odogovorio-na-saopstenje-sda-cudi-da-niste-jos-brutalniji\/"]}]},{"@type":"ImageObject","inLanguage":"bs-BA","@id":"https:\/\/tuzlainfo.ba\/index.php\/novosti\/item\/139754-ko-sdp-bih-tk-odogovorio-na-saopstenje-sda-cudi-da-niste-jos-brutalniji\/#primaryimage","url":"https:\/\/tuzlainfo.ba\/wp-content\/uploads\/2020\/11\/sadrzaj_2020_20201101_0711_sdp-SAOPSTENJE.jpg","contentUrl":"https:\/\/tuzlainfo.ba\/wp-content\/uploads\/2020\/11\/sadrzaj_2020_20201101_0711_sdp-SAOPSTENJE.jpg","width":770,"height":501,"caption":"0711 sdp SAOPSTENJE"},{"@type":"BreadcrumbList","@id":"https:\/\/tuzlainfo.ba\/index.php\/novosti\/item\/139754-ko-sdp-bih-tk-odogovorio-na-saopstenje-sda-cudi-da-niste-jos-brutalniji\/#breadcrumb","itemListElement":[{"@type":"ListItem","position":1,"name":"Home","item":"https:\/\/tuzlainfo.ba\/"},{"@type":"ListItem","position":2,"name":"KO SDP BiH TK odogovorio na saop\u0161tenje SDA: \u010cudi da niste jo\u0161 brutalniji"}]},{"@type":"WebSite","@id":"https:\/\/tuzlainfo.ba\/#website","url":"https:\/\/tuzlainfo.ba\/","name":"TuzlaInfo.ba","description":"Tuzla info, gradski informator - Tuzla na dlanu","publisher":{"@id":"https:\/\/tuzlainfo.ba\/#organization"},"potentialAction":[{"@type":"SearchAction","target":{"@type":"EntryPoint","urlTemplate":"https:\/\/tuzlainfo.ba\/?s={search_term_string}"},"query-input":{"@type":"PropertyValueSpecification","valueRequired":true,"valueName":"search_term_string"}}],"inLanguage":"bs-BA"},{"@type":"Organization","@id":"https:\/\/tuzlainfo.ba\/#organization","name":"TuzlaInfo.ba","url":"https:\/\/tuzlainfo.ba\/","logo":{"@type":"ImageObject","inLanguage":"bs-BA","@id":"https:\/\/tuzlainfo.ba\/#\/schema\/logo\/image\/","url":"https:\/\/tuzlainfo.ba\/wp-content\/uploads\/2021\/03\/logo-ver-3-1.png","contentUrl":"https:\/\/tuzlainfo.ba\/wp-content\/uploads\/2021\/03\/logo-ver-3-1.png","width":350,"height":95,"caption":"TuzlaInfo.ba"},"image":{"@id":"https:\/\/tuzlainfo.ba\/#\/schema\/logo\/image\/"},"sameAs":["https:\/\/www.facebook.com\/tuzlainfo.ba\/"]},{"@type":"Person","@id":"https:\/\/tuzlainfo.ba\/#\/schema\/person\/f434e20dc27ea133923aab08451b7f7f","name":"nedim","image":{"@type":"ImageObject","inLanguage":"bs-BA","@id":"https:\/\/secure.gravatar.com\/avatar\/5b928a2e7e70a54208d2eb6c1edcb75a5350d6ae97d5f0a701203d456823f6f3?s=96&d=mm&r=g","url":"https:\/\/secure.gravatar.com\/avatar\/5b928a2e7e70a54208d2eb6c1edcb75a5350d6ae97d5f0a701203d456823f6f3?s=96&d=mm&r=g","contentUrl":"https:\/\/secure.gravatar.com\/avatar\/5b928a2e7e70a54208d2eb6c1edcb75a5350d6ae97d5f0a701203d456823f6f3?s=96&d=mm&r=g","caption":"nedim"},"description":"Tuzlainfo.ba pratite na dru\u0161tvenim mre\u017eama: Facebook, Instagram i Youtube. Svoje pri\u010de, upite i fotografije \u0161aljite na na\u0161u e-mail adresu."}]}},"_links":{"self":[{"href":"https:\/\/tuzlainfo.ba\/index.php\/wp-json\/wp\/v2\/posts\/139754","targetHints":{"allow":["GET"]}}],"collection":[{"href":"https:\/\/tuzlainfo.ba\/index.php\/wp-json\/wp\/v2\/posts"}],"about":[{"href":"https:\/\/tuzlainfo.ba\/index.php\/wp-json\/wp\/v2\/types\/post"}],"author":[{"embeddable":true,"href":"https:\/\/tuzlainfo.ba\/index.php\/wp-json\/wp\/v2\/users\/2"}],"replies":[{"embeddable":true,"href":"https:\/\/tuzlainfo.ba\/index.php\/wp-json\/wp\/v2\/comments?post=139754"}],"version-history":[{"count":0,"href":"https:\/\/tuzlainfo.ba\/index.php\/wp-json\/wp\/v2\/posts\/139754\/revisions"}],"wp:featuredmedia":[{"embeddable":true,"href":"https:\/\/tuzlainfo.ba\/index.php\/wp-json\/wp\/v2\/media\/83951"}],"wp:attachment":[{"href":"https:\/\/tuzlainfo.ba\/index.php\/wp-json\/wp\/v2\/media?parent=139754"}],"wp:term":[{"taxonomy":"category","embeddable":true,"href":"https:\/\/tuzlainfo.ba\/index.php\/wp-json\/wp\/v2\/categories?post=139754"},{"taxonomy":"post_tag","embeddable":true,"href":"https:\/\/tuzlainfo.ba\/index.php\/wp-json\/wp\/v2\/tags?post=139754"}],"curies":[{"name":"wp","href":"https:\/\/api.w.org\/{rel}","templated":true}]}}