{"id":139748,"date":"2021-06-17T18:32:26","date_gmt":"2021-06-17T16:32:26","guid":{"rendered":"https:\/\/tuzlainfo.ba\/?p=139748"},"modified":"2021-06-17T17:33:15","modified_gmt":"2021-06-17T15:33:15","slug":"i-vlada-tuzlanskog-kantona-produzila-vazenje-epidemioloskih-mjera","status":"publish","type":"post","link":"https:\/\/tuzlainfo.ba\/index.php\/novosti\/item\/139748-i-vlada-tuzlanskog-kantona-produzila-vazenje-epidemioloskih-mjera\/","title":{"rendered":"I Vlada Tuzlanskog kantona produ\u017eila va\u017eenje epidemiolo\u0161kih mjera"},"content":{"rendered":"<p>Vlada Tuzlanskog kantona na danas odr\u017eanoj sjednici donijela je Zaklju\u010dak kojim usvaja Naredbu Kriznog \u0161taba Ministarstva zdravstva Tuzlanskog kantona. Ona obuhvata naredbe i preporuke Kriznog \u0161taba Federalnog ministarstva zdravstva koje su donesene na sjednici Vlade Federacije Bosne i Hercegovine 16.06.2021. godine.<\/p>\n<p>Naredba se primjenjuje od 17.06.2021. godine, a va\u017ei do 02.07. 2021. godine i prema njoj je mogu\u0107e organiziranje ve\u0107ih skupova uz posebno definirane uvjete: posjedovanje negativnog antigenskog ili PCR testa ne starijeg od 48 sati, potvrda o prebolovanom Covid-19 ne starija od 6 mjeseci ili potvrda o zavr\u0161enoj vakcinaciji.<\/p>\n<p>Tako\u0111er je dozvoljeno odr\u017eavanje kongresa, konferencija i drugih edukativnih skupova, na kojima mo\u017ee prisustvovati do 100 osoba, a ukoliko skup ima vi\u0161e od 100 osoba, potrebno je da sudionici imaju: negativan antigenski ili PCR test ne stariji od 48 sati, potvrdu o prebolovanom COVID-19 ne stariju od 6 mjeseci ili potvrdu o zavr\u0161enoj vakcinaciji.<\/p>\n<p>U skladu sa Naredbom Kriznog \u0161taba Ministarstva zdravstva F BiH dozvoljava se prisustvo gledalaca na profesionalnim sportskim takmi\u010denjima na otvorenom, uz uvjet kori\u0161tenja maksimalno do 30 procenata kapaciteta stadiona, ali ne vi\u0161e od 500 osoba po tribini.<\/p>\n<p>Osobe na tribinama moraju nositi maske. I dalje je obvezno no\u0161enje za\u0161titnih maski preko usta i nosa za za\u0161titu respiratornog sistema u zatvorenom prostoru i uz po\u0161tivanje distance od minimalno 2 metra. A ukoliko se ne mo\u017ee ostvariti distanca od 2 metra nala\u017ee se obvezno no\u0161enje maske i na otvorenom prostoru<\/p>\n<p>Prema Naredbi, u veletrgovinama i supermarketima se ograni\u010dava broj kupaca (definira se prostor od 10m2 prodajnog objekta po potro\u0161a\u010du a bez obzira na veli\u010dinu prostora prodajnog objekta, nije dozvoljen boravak vi\u0161e od 400 potro\u0161a\u010da).<\/p>\n<p>Dozvoljavaju se posjete domovima za stara i iznemogla lica na podru\u010dju Tuzlanskog kantona.<\/p>\n<p>Od Kantonalne uprave za inspekcijske poslove Tuzlanskog kantona, nadle\u017enih gradskih\/op\u0107inskih inspekcija i Uprave policije Tuzlanskog kantona tra\u017ei se nastavak aktivnosti u smislu kontrole provedbe donesenih naredbi.<\/p>\n<p>Ugostiteljskim objektima se preporu\u010duje dominantno kori\u0161tenje kapaciteta na otvorenom (ba\u0161te) uz po\u0161tivanje va\u017ee\u0107ih epidemiolo\u0161kih mjera, saop\u0161teno je.<\/p>\n","protected":false},"excerpt":{"rendered":"<p>Vlada Tuzlanskog kantona na danas odr\u017eanoj sjednici donijela je Zaklju\u010dak kojim usvaja Naredbu Kriznog \u0161taba&hellip;<\/p>\n","protected":false},"author":2,"featured_media":81189,"comment_status":"open","ping_status":"closed","sticky":false,"template":"","format":"standard","meta":{"_acf_changed":false,"footnotes":""},"categories":[304,12],"tags":[797,667,336],"acf":[],"yoast_head":"<!-- This site is optimized with the Yoast SEO plugin v23.5 - https:\/\/yoast.com\/wordpress\/plugins\/seo\/ -->\n<title>I Vlada Tuzlanskog kantona produ\u017eila va\u017eenje epidemiolo\u0161kih mjera - TuzlaInfo.ba<\/title>\n<meta name=\"robots\" content=\"index, follow, max-snippet:-1, max-image-preview:large, max-video-preview:-1\" \/>\n<link rel=\"canonical\" href=\"https:\/\/tuzlainfo.ba\/index.php\/novosti\/item\/139748-i-vlada-tuzlanskog-kantona-produzila-vazenje-epidemioloskih-mjera\/\" \/>\n<meta property=\"og:locale\" content=\"bs_BA\" \/>\n<meta property=\"og:type\" content=\"article\" \/>\n<meta property=\"og:title\" content=\"I Vlada Tuzlanskog kantona produ\u017eila va\u017eenje epidemiolo\u0161kih mjera - TuzlaInfo.ba\" \/>\n<meta property=\"og:description\" content=\"Vlada Tuzlanskog kantona na danas odr\u017eanoj sjednici donijela je Zaklju\u010dak kojim usvaja Naredbu Kriznog \u0161taba&hellip;\" \/>\n<meta property=\"og:url\" content=\"https:\/\/tuzlainfo.ba\/index.php\/novosti\/item\/139748-i-vlada-tuzlanskog-kantona-produzila-vazenje-epidemioloskih-mjera\/\" \/>\n<meta property=\"og:site_name\" content=\"TuzlaInfo.ba\" \/>\n<meta property=\"article:publisher\" content=\"https:\/\/www.facebook.com\/tuzlainfo.ba\/\" \/>\n<meta property=\"article:published_time\" content=\"2021-06-17T16:32:26+00:00\" \/>\n<meta property=\"article:modified_time\" content=\"2021-06-17T15:33:15+00:00\" \/>\n<meta property=\"og:image\" content=\"https:\/\/tuzlainfo.ba\/wp-content\/uploads\/2020\/07\/sadrzaj_2020_20200701_2307_ugosgtiteljski_objekat.jpg\" \/>\n\t<meta property=\"og:image:width\" content=\"770\" \/>\n\t<meta property=\"og:image:height\" content=\"577\" \/>\n\t<meta property=\"og:image:type\" content=\"image\/jpeg\" \/>\n<meta name=\"author\" content=\"nedim\" \/>\n<meta name=\"twitter:card\" content=\"summary_large_image\" \/>\n<meta name=\"twitter:label1\" content=\"Written by\" \/>\n\t<meta name=\"twitter:data1\" content=\"nedim\" \/>\n\t<meta name=\"twitter:label2\" content=\"Est. reading time\" \/>\n\t<meta name=\"twitter:data2\" content=\"2 minute\" \/>\n<script type=\"application\/ld+json\" class=\"yoast-schema-graph\">{\"@context\":\"https:\/\/schema.org\",\"@graph\":[{\"@type\":\"Article\",\"@id\":\"https:\/\/tuzlainfo.ba\/index.php\/novosti\/item\/139748-i-vlada-tuzlanskog-kantona-produzila-vazenje-epidemioloskih-mjera\/#article\",\"isPartOf\":{\"@id\":\"https:\/\/tuzlainfo.ba\/index.php\/novosti\/item\/139748-i-vlada-tuzlanskog-kantona-produzila-vazenje-epidemioloskih-mjera\/\"},\"author\":{\"name\":\"nedim\",\"@id\":\"https:\/\/tuzlainfo.ba\/#\/schema\/person\/f434e20dc27ea133923aab08451b7f7f\"},\"headline\":\"I Vlada Tuzlanskog kantona produ\u017eila va\u017eenje epidemiolo\u0161kih mjera\",\"datePublished\":\"2021-06-17T16:32:26+00:00\",\"dateModified\":\"2021-06-17T15:33:15+00:00\",\"mainEntityOfPage\":{\"@id\":\"https:\/\/tuzlainfo.ba\/index.php\/novosti\/item\/139748-i-vlada-tuzlanskog-kantona-produzila-vazenje-epidemioloskih-mjera\/\"},\"wordCount\":359,\"commentCount\":0,\"publisher\":{\"@id\":\"https:\/\/tuzlainfo.ba\/#organization\"},\"image\":{\"@id\":\"https:\/\/tuzlainfo.ba\/index.php\/novosti\/item\/139748-i-vlada-tuzlanskog-kantona-produzila-vazenje-epidemioloskih-mjera\/#primaryimage\"},\"thumbnailUrl\":\"https:\/\/tuzlainfo.ba\/wp-content\/uploads\/2020\/07\/sadrzaj_2020_20200701_2307_ugosgtiteljski_objekat.jpg\",\"keywords\":[\"epidemioloske mjere\",\"krizni \u0161tab tk\",\"vlada tk\"],\"articleSection\":[\"Istaknuto\",\"Novosti\"],\"inLanguage\":\"bs-BA\"},{\"@type\":\"WebPage\",\"@id\":\"https:\/\/tuzlainfo.ba\/index.php\/novosti\/item\/139748-i-vlada-tuzlanskog-kantona-produzila-vazenje-epidemioloskih-mjera\/\",\"url\":\"https:\/\/tuzlainfo.ba\/index.php\/novosti\/item\/139748-i-vlada-tuzlanskog-kantona-produzila-vazenje-epidemioloskih-mjera\/\",\"name\":\"I Vlada Tuzlanskog kantona produ\u017eila va\u017eenje epidemiolo\u0161kih mjera - TuzlaInfo.ba\",\"isPartOf\":{\"@id\":\"https:\/\/tuzlainfo.ba\/#website\"},\"primaryImageOfPage\":{\"@id\":\"https:\/\/tuzlainfo.ba\/index.php\/novosti\/item\/139748-i-vlada-tuzlanskog-kantona-produzila-vazenje-epidemioloskih-mjera\/#primaryimage\"},\"image\":{\"@id\":\"https:\/\/tuzlainfo.ba\/index.php\/novosti\/item\/139748-i-vlada-tuzlanskog-kantona-produzila-vazenje-epidemioloskih-mjera\/#primaryimage\"},\"thumbnailUrl\":\"https:\/\/tuzlainfo.ba\/wp-content\/uploads\/2020\/07\/sadrzaj_2020_20200701_2307_ugosgtiteljski_objekat.jpg\",\"datePublished\":\"2021-06-17T16:32:26+00:00\",\"dateModified\":\"2021-06-17T15:33:15+00:00\",\"breadcrumb\":{\"@id\":\"https:\/\/tuzlainfo.ba\/index.php\/novosti\/item\/139748-i-vlada-tuzlanskog-kantona-produzila-vazenje-epidemioloskih-mjera\/#breadcrumb\"},\"inLanguage\":\"bs-BA\",\"potentialAction\":[{\"@type\":\"ReadAction\",\"target\":[\"https:\/\/tuzlainfo.ba\/index.php\/novosti\/item\/139748-i-vlada-tuzlanskog-kantona-produzila-vazenje-epidemioloskih-mjera\/\"]}]},{\"@type\":\"ImageObject\",\"inLanguage\":\"bs-BA\",\"@id\":\"https:\/\/tuzlainfo.ba\/index.php\/novosti\/item\/139748-i-vlada-tuzlanskog-kantona-produzila-vazenje-epidemioloskih-mjera\/#primaryimage\",\"url\":\"https:\/\/tuzlainfo.ba\/wp-content\/uploads\/2020\/07\/sadrzaj_2020_20200701_2307_ugosgtiteljski_objekat.jpg\",\"contentUrl\":\"https:\/\/tuzlainfo.ba\/wp-content\/uploads\/2020\/07\/sadrzaj_2020_20200701_2307_ugosgtiteljski_objekat.jpg\",\"width\":770,\"height\":577,\"caption\":\"Foto: Ilustracija\"},{\"@type\":\"BreadcrumbList\",\"@id\":\"https:\/\/tuzlainfo.ba\/index.php\/novosti\/item\/139748-i-vlada-tuzlanskog-kantona-produzila-vazenje-epidemioloskih-mjera\/#breadcrumb\",\"itemListElement\":[{\"@type\":\"ListItem\",\"position\":1,\"name\":\"Home\",\"item\":\"https:\/\/tuzlainfo.ba\/\"},{\"@type\":\"ListItem\",\"position\":2,\"name\":\"I Vlada Tuzlanskog kantona produ\u017eila va\u017eenje epidemiolo\u0161kih mjera\"}]},{\"@type\":\"WebSite\",\"@id\":\"https:\/\/tuzlainfo.ba\/#website\",\"url\":\"https:\/\/tuzlainfo.ba\/\",\"name\":\"TuzlaInfo.ba\",\"description\":\"Tuzla info, gradski informator - Tuzla na dlanu\",\"publisher\":{\"@id\":\"https:\/\/tuzlainfo.ba\/#organization\"},\"potentialAction\":[{\"@type\":\"SearchAction\",\"target\":{\"@type\":\"EntryPoint\",\"urlTemplate\":\"https:\/\/tuzlainfo.ba\/?s={search_term_string}\"},\"query-input\":{\"@type\":\"PropertyValueSpecification\",\"valueRequired\":true,\"valueName\":\"search_term_string\"}}],\"inLanguage\":\"bs-BA\"},{\"@type\":\"Organization\",\"@id\":\"https:\/\/tuzlainfo.ba\/#organization\",\"name\":\"TuzlaInfo.ba\",\"url\":\"https:\/\/tuzlainfo.ba\/\",\"logo\":{\"@type\":\"ImageObject\",\"inLanguage\":\"bs-BA\",\"@id\":\"https:\/\/tuzlainfo.ba\/#\/schema\/logo\/image\/\",\"url\":\"https:\/\/tuzlainfo.ba\/wp-content\/uploads\/2021\/03\/logo-ver-3-1.png\",\"contentUrl\":\"https:\/\/tuzlainfo.ba\/wp-content\/uploads\/2021\/03\/logo-ver-3-1.png\",\"width\":350,\"height\":95,\"caption\":\"TuzlaInfo.ba\"},\"image\":{\"@id\":\"https:\/\/tuzlainfo.ba\/#\/schema\/logo\/image\/\"},\"sameAs\":[\"https:\/\/www.facebook.com\/tuzlainfo.ba\/\"]},{\"@type\":\"Person\",\"@id\":\"https:\/\/tuzlainfo.ba\/#\/schema\/person\/f434e20dc27ea133923aab08451b7f7f\",\"name\":\"nedim\",\"image\":{\"@type\":\"ImageObject\",\"inLanguage\":\"bs-BA\",\"@id\":\"https:\/\/tuzlainfo.ba\/#\/schema\/person\/image\/\",\"url\":\"https:\/\/tuzlainfo.ba\/wp-content\/litespeed\/avatar\/aabad687af24844af817603ac1cbdc4f.jpg?ver=1776702173\",\"contentUrl\":\"https:\/\/tuzlainfo.ba\/wp-content\/litespeed\/avatar\/aabad687af24844af817603ac1cbdc4f.jpg?ver=1776702173\",\"caption\":\"nedim\"},\"description\":\"Tuzlainfo.ba pratite na dru\u0161tvenim mre\u017eama: Facebook, Instagram i Youtube. Svoje pri\u010de, upite i fotografije \u0161aljite na na\u0161u e-mail adresu.\"}]}<\/script>\n<!-- \/ Yoast SEO plugin. -->","yoast_head_json":{"title":"I Vlada Tuzlanskog kantona produ\u017eila va\u017eenje epidemiolo\u0161kih mjera - TuzlaInfo.ba","robots":{"index":"index","follow":"follow","max-snippet":"max-snippet:-1","max-image-preview":"max-image-preview:large","max-video-preview":"max-video-preview:-1"},"canonical":"https:\/\/tuzlainfo.ba\/index.php\/novosti\/item\/139748-i-vlada-tuzlanskog-kantona-produzila-vazenje-epidemioloskih-mjera\/","og_locale":"bs_BA","og_type":"article","og_title":"I Vlada Tuzlanskog kantona produ\u017eila va\u017eenje epidemiolo\u0161kih mjera - TuzlaInfo.ba","og_description":"Vlada Tuzlanskog kantona na danas odr\u017eanoj sjednici donijela je Zaklju\u010dak kojim usvaja Naredbu Kriznog \u0161taba&hellip;","og_url":"https:\/\/tuzlainfo.ba\/index.php\/novosti\/item\/139748-i-vlada-tuzlanskog-kantona-produzila-vazenje-epidemioloskih-mjera\/","og_site_name":"TuzlaInfo.ba","article_publisher":"https:\/\/www.facebook.com\/tuzlainfo.ba\/","article_published_time":"2021-06-17T16:32:26+00:00","article_modified_time":"2021-06-17T15:33:15+00:00","og_image":[{"width":770,"height":577,"url":"https:\/\/tuzlainfo.ba\/wp-content\/uploads\/2020\/07\/sadrzaj_2020_20200701_2307_ugosgtiteljski_objekat.jpg","type":"image\/jpeg"}],"author":"nedim","twitter_card":"summary_large_image","twitter_misc":{"Written by":"nedim","Est. reading time":"2 minute"},"schema":{"@context":"https:\/\/schema.org","@graph":[{"@type":"Article","@id":"https:\/\/tuzlainfo.ba\/index.php\/novosti\/item\/139748-i-vlada-tuzlanskog-kantona-produzila-vazenje-epidemioloskih-mjera\/#article","isPartOf":{"@id":"https:\/\/tuzlainfo.ba\/index.php\/novosti\/item\/139748-i-vlada-tuzlanskog-kantona-produzila-vazenje-epidemioloskih-mjera\/"},"author":{"name":"nedim","@id":"https:\/\/tuzlainfo.ba\/#\/schema\/person\/f434e20dc27ea133923aab08451b7f7f"},"headline":"I Vlada Tuzlanskog kantona produ\u017eila va\u017eenje epidemiolo\u0161kih mjera","datePublished":"2021-06-17T16:32:26+00:00","dateModified":"2021-06-17T15:33:15+00:00","mainEntityOfPage":{"@id":"https:\/\/tuzlainfo.ba\/index.php\/novosti\/item\/139748-i-vlada-tuzlanskog-kantona-produzila-vazenje-epidemioloskih-mjera\/"},"wordCount":359,"commentCount":0,"publisher":{"@id":"https:\/\/tuzlainfo.ba\/#organization"},"image":{"@id":"https:\/\/tuzlainfo.ba\/index.php\/novosti\/item\/139748-i-vlada-tuzlanskog-kantona-produzila-vazenje-epidemioloskih-mjera\/#primaryimage"},"thumbnailUrl":"https:\/\/tuzlainfo.ba\/wp-content\/uploads\/2020\/07\/sadrzaj_2020_20200701_2307_ugosgtiteljski_objekat.jpg","keywords":["epidemioloske mjere","krizni \u0161tab tk","vlada tk"],"articleSection":["Istaknuto","Novosti"],"inLanguage":"bs-BA"},{"@type":"WebPage","@id":"https:\/\/tuzlainfo.ba\/index.php\/novosti\/item\/139748-i-vlada-tuzlanskog-kantona-produzila-vazenje-epidemioloskih-mjera\/","url":"https:\/\/tuzlainfo.ba\/index.php\/novosti\/item\/139748-i-vlada-tuzlanskog-kantona-produzila-vazenje-epidemioloskih-mjera\/","name":"I Vlada Tuzlanskog kantona produ\u017eila va\u017eenje epidemiolo\u0161kih mjera - TuzlaInfo.ba","isPartOf":{"@id":"https:\/\/tuzlainfo.ba\/#website"},"primaryImageOfPage":{"@id":"https:\/\/tuzlainfo.ba\/index.php\/novosti\/item\/139748-i-vlada-tuzlanskog-kantona-produzila-vazenje-epidemioloskih-mjera\/#primaryimage"},"image":{"@id":"https:\/\/tuzlainfo.ba\/index.php\/novosti\/item\/139748-i-vlada-tuzlanskog-kantona-produzila-vazenje-epidemioloskih-mjera\/#primaryimage"},"thumbnailUrl":"https:\/\/tuzlainfo.ba\/wp-content\/uploads\/2020\/07\/sadrzaj_2020_20200701_2307_ugosgtiteljski_objekat.jpg","datePublished":"2021-06-17T16:32:26+00:00","dateModified":"2021-06-17T15:33:15+00:00","breadcrumb":{"@id":"https:\/\/tuzlainfo.ba\/index.php\/novosti\/item\/139748-i-vlada-tuzlanskog-kantona-produzila-vazenje-epidemioloskih-mjera\/#breadcrumb"},"inLanguage":"bs-BA","potentialAction":[{"@type":"ReadAction","target":["https:\/\/tuzlainfo.ba\/index.php\/novosti\/item\/139748-i-vlada-tuzlanskog-kantona-produzila-vazenje-epidemioloskih-mjera\/"]}]},{"@type":"ImageObject","inLanguage":"bs-BA","@id":"https:\/\/tuzlainfo.ba\/index.php\/novosti\/item\/139748-i-vlada-tuzlanskog-kantona-produzila-vazenje-epidemioloskih-mjera\/#primaryimage","url":"https:\/\/tuzlainfo.ba\/wp-content\/uploads\/2020\/07\/sadrzaj_2020_20200701_2307_ugosgtiteljski_objekat.jpg","contentUrl":"https:\/\/tuzlainfo.ba\/wp-content\/uploads\/2020\/07\/sadrzaj_2020_20200701_2307_ugosgtiteljski_objekat.jpg","width":770,"height":577,"caption":"Foto: Ilustracija"},{"@type":"BreadcrumbList","@id":"https:\/\/tuzlainfo.ba\/index.php\/novosti\/item\/139748-i-vlada-tuzlanskog-kantona-produzila-vazenje-epidemioloskih-mjera\/#breadcrumb","itemListElement":[{"@type":"ListItem","position":1,"name":"Home","item":"https:\/\/tuzlainfo.ba\/"},{"@type":"ListItem","position":2,"name":"I Vlada Tuzlanskog kantona produ\u017eila va\u017eenje epidemiolo\u0161kih mjera"}]},{"@type":"WebSite","@id":"https:\/\/tuzlainfo.ba\/#website","url":"https:\/\/tuzlainfo.ba\/","name":"TuzlaInfo.ba","description":"Tuzla info, gradski informator - Tuzla na dlanu","publisher":{"@id":"https:\/\/tuzlainfo.ba\/#organization"},"potentialAction":[{"@type":"SearchAction","target":{"@type":"EntryPoint","urlTemplate":"https:\/\/tuzlainfo.ba\/?s={search_term_string}"},"query-input":{"@type":"PropertyValueSpecification","valueRequired":true,"valueName":"search_term_string"}}],"inLanguage":"bs-BA"},{"@type":"Organization","@id":"https:\/\/tuzlainfo.ba\/#organization","name":"TuzlaInfo.ba","url":"https:\/\/tuzlainfo.ba\/","logo":{"@type":"ImageObject","inLanguage":"bs-BA","@id":"https:\/\/tuzlainfo.ba\/#\/schema\/logo\/image\/","url":"https:\/\/tuzlainfo.ba\/wp-content\/uploads\/2021\/03\/logo-ver-3-1.png","contentUrl":"https:\/\/tuzlainfo.ba\/wp-content\/uploads\/2021\/03\/logo-ver-3-1.png","width":350,"height":95,"caption":"TuzlaInfo.ba"},"image":{"@id":"https:\/\/tuzlainfo.ba\/#\/schema\/logo\/image\/"},"sameAs":["https:\/\/www.facebook.com\/tuzlainfo.ba\/"]},{"@type":"Person","@id":"https:\/\/tuzlainfo.ba\/#\/schema\/person\/f434e20dc27ea133923aab08451b7f7f","name":"nedim","image":{"@type":"ImageObject","inLanguage":"bs-BA","@id":"https:\/\/tuzlainfo.ba\/#\/schema\/person\/image\/","url":"https:\/\/tuzlainfo.ba\/wp-content\/litespeed\/avatar\/aabad687af24844af817603ac1cbdc4f.jpg?ver=1776702173","contentUrl":"https:\/\/tuzlainfo.ba\/wp-content\/litespeed\/avatar\/aabad687af24844af817603ac1cbdc4f.jpg?ver=1776702173","caption":"nedim"},"description":"Tuzlainfo.ba pratite na dru\u0161tvenim mre\u017eama: Facebook, Instagram i Youtube. Svoje pri\u010de, upite i fotografije \u0161aljite na na\u0161u e-mail adresu."}]}},"_links":{"self":[{"href":"https:\/\/tuzlainfo.ba\/index.php\/wp-json\/wp\/v2\/posts\/139748"}],"collection":[{"href":"https:\/\/tuzlainfo.ba\/index.php\/wp-json\/wp\/v2\/posts"}],"about":[{"href":"https:\/\/tuzlainfo.ba\/index.php\/wp-json\/wp\/v2\/types\/post"}],"author":[{"embeddable":true,"href":"https:\/\/tuzlainfo.ba\/index.php\/wp-json\/wp\/v2\/users\/2"}],"replies":[{"embeddable":true,"href":"https:\/\/tuzlainfo.ba\/index.php\/wp-json\/wp\/v2\/comments?post=139748"}],"version-history":[{"count":0,"href":"https:\/\/tuzlainfo.ba\/index.php\/wp-json\/wp\/v2\/posts\/139748\/revisions"}],"wp:featuredmedia":[{"embeddable":true,"href":"https:\/\/tuzlainfo.ba\/index.php\/wp-json\/wp\/v2\/media\/81189"}],"wp:attachment":[{"href":"https:\/\/tuzlainfo.ba\/index.php\/wp-json\/wp\/v2\/media?parent=139748"}],"wp:term":[{"taxonomy":"category","embeddable":true,"href":"https:\/\/tuzlainfo.ba\/index.php\/wp-json\/wp\/v2\/categories?post=139748"},{"taxonomy":"post_tag","embeddable":true,"href":"https:\/\/tuzlainfo.ba\/index.php\/wp-json\/wp\/v2\/tags?post=139748"}],"curies":[{"name":"wp","href":"https:\/\/api.w.org\/{rel}","templated":true}]}}